{"id":8583,"date":"2012-10-19T02:09:48","date_gmt":"2012-10-19T02:09:48","guid":{"rendered":"http:\/\/www.tvcnoticias.com.ar\/?p=8583"},"modified":"2012-10-19T02:09:48","modified_gmt":"2012-10-19T02:09:48","slug":"casal-y-trankels-inauguraron-la-ayudantia-fiscal-videos-y-videoentrevistas","status":"publish","type":"post","link":"https:\/\/www.celttv.com.ar\/index.php\/2012\/10\/19\/casal-y-trankels-inauguraron-la-ayudantia-fiscal-videos-y-videoentrevistas\/","title":{"rendered":"CASAL Y TRANKELS INAUGURARON LA AYUDANTIA FISCAL (videos y videoentrevistas)"},"content":{"rendered":"<div><span style=\"font-size: xx-small;\">httpv:\/\/www.youtube.com\/watch?v=JWvDKMSaamk<\/span><\/div>\n<div><span style=\"font-size: xx-small;\"><a href=\"http:\/\/www.youtube.com\/watch?v=cszUvtV-ko8\">httpv:\/\/www.youtube.com\/watch?v=cszUvtV-ko8<\/a><\/span><\/div>\n<div><span style=\"font-size: xx-small;\"><a href=\"http:\/\/www.youtube.com\/watch?v=36SIa8fQbRE\">httpv:\/\/www.youtube.com\/watch?v=36SIa8fQbRE<\/a><\/span><\/div>\n<div><span style=\"font-size: xx-small;\"><a href=\"http:\/\/www.youtube.com\/watch?v=rf73iXJseo8\">httpv:\/\/www.youtube.com\/watch?v=rf73iXJseo8<\/a><\/span><\/div>\n<div><span style=\"font-size: xx-small;\"><a href=\"http:\/\/www.youtube.com\/watch?v=fNs2v3NXzYI\">httpv:\/\/www.youtube.com\/watch?v=fNs2v3NXzYI<\/a><\/span><\/div>\n<div><span style=\"font-size: xx-small;\"><a>httpv:\/\/www.youtube.com\/watch?v=KwCT9T48NtI<\/a><\/span><\/div>\n<div><span style=\"font-size: xx-small;\">Un anhelo de la comunidad del partido de Tornquist fue cristalizado en la ma\u00f1ana del pasado viernes. Con las presencias del ministro de Justicia y Seguridad de la Provincia de Buenos Aires, doctor Ricardo Casal, y el intendente municipal, licenciado Gustavo Trankels, fue inaugurada la Ayudant\u00eda Fiscal del Distrito de Tornquist.<\/span><\/div>\n<p><span style=\"font-size: xx-small;\">El acto, realizado frente a la oficina donde funcionar\u00e1 la nueva dependencia judicial, cont\u00f3 adem\u00e1s con la participaci\u00f3n del Fiscal General del Departamento Judicial de Bah\u00eda Blanca, doctor Juan Pablo Fern\u00e1ndez; el doctor Iv\u00e1n Budassi, presidente de la Comisi\u00f3n de Seguridad y Asuntos Penitenciarios de la C\u00e1mara de Diputados bonaerense; la subsecretaria de Planificaci\u00f3n del ministerio provincial, licenciada Silvia La Ruffa; el Jefe de Gabinete del mismo ministerio, Marcelo Leguizam\u00f3n; el Juez de Paz, doctor Francisco Frizza; miembros del Ejecutivo comunal; concejales, consejeros escolares y autoridades del Poder Judicial.<br \/>\nDespu\u00e9s de la bendici\u00f3n efectuada por el cura p\u00e1rroco Norberto L\u00f3pez y de la lectura de la salutaci\u00f3n enviada por Mar\u00eda del Carmen Falbo, procuradora general de la Suprema Corte de Justicia bonaerense, el intendente Trankels rescat\u00f3 la importancia de la inauguraci\u00f3n de la flamante oficina.<br \/>\n&#8220;Hoy es un d\u00eda muy especial porque hac\u00eda much\u00edsimo tiempo ve\u00edamos la necesidad de poder contar con una Ayudant\u00eda Fiscal en nuestro distrito y parec\u00eda un sue\u00f1o bastante lejano. Sin embargo, una vez m\u00e1s qued\u00f3 demostrado que cuando se a\u00fanan los esfuerzos y se encuentra la gente que acompa\u00f1a un proyecto pol\u00edtico, pero tambi\u00e9n social, la fuerza se hace cada vez m\u00e1s grande y las cosas se pueden lograr. Cuando en su momento le planteamos la necesidad al gobernador Daniel Scioli, inmediatamente Ricardo Casal puso manos a la obra para que hoy tengamos la posibilidad de inaugurarla&#8221;, confi\u00f3.<br \/>\n&#8220;Es bueno poder contar por primera vez en la historia con esta ayudant\u00eda, que sin dudas acelerar\u00e1 los procesos para impartir justicia y que ser\u00e1 un brazo importante para que act\u00fae nuestra Polic\u00eda Comunal, que viene realizando una tarea tambi\u00e9n muy importante. Este es un objetivo no menor, porque quienes tenemos la suerte de vivir ac\u00e1 sabemos que siempre hay dos cualidades que todos destacan: la suerte de tener un entorno natural maravilloso y la tranquilidad de nuestros pueblos. Nosotros queremos hacer el m\u00e1ximo esfuerzo para que eso contin\u00fae siendo algo que todos valoren&#8221;, recalc\u00f3.<br \/>\nDespu\u00e9s de desearles suerte a los nuevos funcionarios, Trankels destac\u00f3 la apertura de las oficinas de violencia de g\u00e9nero, que desde hoy atienden las comisar\u00edas de Sierra de la Ventana y Tornquist.<br \/>\n&#8220;Tambi\u00e9n estamos poniendo estas dependencias, especialmente dedicadas a la atenci\u00f3n de los delitos u hechos relacionados con la violencia de g\u00e9nero. Esta es una cuesti\u00f3n muy relevante&#8221;, admiti\u00f3, antes de agradecerle adem\u00e1s a los Bomberos Voluntarios y a los integrantes del Foro de Seguridad.<br \/>\nPara cerrar su alocuci\u00f3n, el jefe comunal anunci\u00f3 que en los pr\u00f3ximos d\u00edas se recibir\u00e1n tres nuevos m\u00f3viles para equipar a la Polic\u00eda Comunal.<br \/>\n&#8220;Cuando fui a defender la ley de creaci\u00f3n de ayudant\u00edas, entre las cuales en primer termino se encontraba la que hab\u00edamos hablado con Gustavo, fuimos con el objetivo de romper una miop\u00eda de algunas personas que creen que los pueblos chicos no tienen que tener m\u00e1s instituciones. Yo les contest\u00e9 que los pueblos son chicos cuando se los ve de lejos. Fue una discusi\u00f3n muy interesante, porque parec\u00eda que el criterio rector de la descentralizaci\u00f3n judicial depend\u00eda de la cantidad de gente o la cantidad de delitos&#8221;, coment\u00f3 Casal al momento de referirse a la apertura de la oficina.<br \/>\n&#8220;Me considero agraciado de haber conocido a Gustavo, porque es una extraordinaria persona, que tiene un dedo r\u00e1pido para el tel\u00e9fono y un pu\u00f1o s\u00f3lido para golpear las puertas, lo cual es una virtud enorme de quien representa democr\u00e1ticamente a un pueblo: pedir y exigir que se le d\u00e9 a su pueblo lo que se merece. Dimos un paso fundamental, porque cuando la Justicia est\u00e1 lejos no es Justicia y queremos la Justicia cerca de la gente. Y esto es la muestra de ello&#8221;, a\u00f1adi\u00f3.<br \/>\nEntre las alocuciones tambi\u00e9n se escuch\u00f3 la palabra del fiscal general Juan Pablo Fern\u00e1ndez.<br \/>\n&#8220;Gustavo Trankels fue un luchador para que podamos concretar esta sede descentralizada del partido de Tornquist. La presencia del ministro Ricardo Casal demuestra la importancia que tiene la descentralizaci\u00f3n, en este caso de una rama del Poder Judicial. Descentralizaci\u00f3n que no es otra cosa que la concreci\u00f3n del federalismo, tanta veces declamado y pocas veces practicado&#8221;, dijo Fern\u00e1ndez.<br \/>\n&#8220;Los que vivimos en el interior sabemos lo dif\u00edcil que muchas veces resulta conseguir determinadas decisiones, y que las mismas se tomen en tiempo y lleguen a la gente. A partir de esto, muchas decisiones que antes se tomaban en Bah\u00eda Blanca, se podr\u00e1n tomar en esta sede. El ayudante fiscal tiene muchas facultades para promover la investigaci\u00f3n penal preparatoria, para investigar los delitos, para tomar declaraciones testimoniales y para pedir determinadas medidas de naturaleza cautelar. Seguramente, como ocurri\u00f3 en otros partidos, esta apertura redundar\u00e1 en una mayor eficacia en la prestaci\u00f3n del servicio de justicia&#8221;, indic\u00f3.<br \/>\nFinalmente, Casal, Trankels , Budassi y parte de la comitiva se dirigi\u00f3 a la Comisar\u00eda local, donde dejaron inaugurada la oficina de Violencia de G\u00e9nero.<br \/>\n<\/span><\/p>\n","protected":false},"excerpt":{"rendered":"<p>httpv:\/\/www.youtube.com\/watch?v=JWvDKMSaamk httpv:\/\/www.youtube.com\/watch?v=cszUvtV-ko8 httpv:\/\/www.youtube.com\/watch?v=36SIa8fQbRE httpv:\/\/www.youtube.com\/watch?v=rf73iXJseo8 httpv:\/\/www.youtube.com\/watch?v=fNs2v3NXzYI httpv:\/\/www.youtube.com\/watch?v=KwCT9T48NtI Un anhelo de la comunidad del partido de Tornquist fue cristalizado en la ma\u00f1ana del pasado viernes. Con las presencias del ministro de Justicia y Seguridad de la Provincia de Buenos Aires, doctor Ricardo Casal, y el intendente municipal, licenciado Gustavo Trankels, fue inaugurada la Ayudant\u00eda Fiscal del Distrito [&hellip;]<\/p>\n","protected":false},"author":1,"featured_media":0,"comment_status":"closed","ping_status":"open","sticky":false,"template":"","format":"standard","meta":{"footnotes":""},"categories":[51,52,53,64],"tags":[],"class_list":["post-8583","post","type-post","status-publish","format-standard","hentry","category-comunidad","category-destacadas","category-politica","category-videos-destacados"],"yoast_head":"<!-- This site is optimized with the Yoast SEO plugin v19.7.1 - https:\/\/yoast.com\/wordpress\/plugins\/seo\/ -->\n<title>CASAL Y TRANKELS INAUGURARON LA AYUDANTIA FISCAL (videos y videoentrevistas) - CELTTV<\/title>\n<meta name=\"description\" content=\"Sitio web de noticias de la localidad de Tornquist, provincia de Buenos Aires, Rep\u00fablica Argentina. Contenido propio originado por periodistas de CELTTV, el canal de TV local de la Cooperativa El\u00e9ctrica de Tornquist. Turismo, Pol\u00edtica, Sociedad, Deporte, Cultura y todo el contenido de inter\u00e9s general que la gente del pueblo y la regi\u00f3n debe conocer.\" \/>\n<meta name=\"robots\" content=\"index, follow, max-snippet:-1, max-image-preview:large, max-video-preview:-1\" \/>\n<link rel=\"canonical\" href=\"https:\/\/www.celttv.com.ar\/index.php\/2012\/10\/19\/casal-y-trankels-inauguraron-la-ayudantia-fiscal-videos-y-videoentrevistas\/\" \/>\n<meta property=\"og:locale\" content=\"es_ES\" \/>\n<meta property=\"og:type\" content=\"article\" \/>\n<meta property=\"og:title\" content=\"CASAL Y TRANKELS INAUGURARON LA AYUDANTIA FISCAL (videos y videoentrevistas) - CELTTV\" \/>\n<meta property=\"og:description\" content=\"Sitio web de noticias de la localidad de Tornquist, provincia de Buenos Aires, Rep\u00fablica Argentina. Contenido propio originado por periodistas de CELTTV, el canal de TV local de la Cooperativa El\u00e9ctrica de Tornquist. Turismo, Pol\u00edtica, Sociedad, Deporte, Cultura y todo el contenido de inter\u00e9s general que la gente del pueblo y la regi\u00f3n debe conocer.\" \/>\n<meta property=\"og:url\" content=\"https:\/\/www.celttv.com.ar\/index.php\/2012\/10\/19\/casal-y-trankels-inauguraron-la-ayudantia-fiscal-videos-y-videoentrevistas\/\" \/>\n<meta property=\"og:site_name\" content=\"CELTTV\" \/>\n<meta property=\"article:publisher\" content=\"https:\/\/www.facebook.com\/celtTV\/\" \/>\n<meta property=\"article:published_time\" content=\"2012-10-19T02:09:48+00:00\" \/>\n<meta name=\"author\" content=\"ulises\" \/>\n<meta name=\"twitter:card\" content=\"summary_large_image\" \/>\n<meta name=\"twitter:label1\" content=\"Escrito por\" \/>\n\t<meta name=\"twitter:data1\" content=\"ulises\" \/>\n\t<meta name=\"twitter:label2\" content=\"Tiempo de lectura\" \/>\n\t<meta name=\"twitter:data2\" content=\"5 minutos\" \/>\n<script type=\"application\/ld+json\" class=\"yoast-schema-graph\">{\"@context\":\"https:\/\/schema.org\",\"@graph\":[{\"@type\":\"NewsArticle\",\"@id\":\"https:\/\/www.celttv.com.ar\/index.php\/2012\/10\/19\/casal-y-trankels-inauguraron-la-ayudantia-fiscal-videos-y-videoentrevistas\/#article\",\"isPartOf\":{\"@id\":\"https:\/\/www.celttv.com.ar\/index.php\/2012\/10\/19\/casal-y-trankels-inauguraron-la-ayudantia-fiscal-videos-y-videoentrevistas\/\"},\"author\":{\"name\":\"ulises\",\"@id\":\"https:\/\/www.celttv.com.ar\/#\/schema\/person\/6d99c072dba59953809c81446e9d0ace\"},\"headline\":\"CASAL Y TRANKELS INAUGURARON LA AYUDANTIA FISCAL (videos y videoentrevistas)\",\"datePublished\":\"2012-10-19T02:09:48+00:00\",\"dateModified\":\"2012-10-19T02:09:48+00:00\",\"mainEntityOfPage\":{\"@id\":\"https:\/\/www.celttv.com.ar\/index.php\/2012\/10\/19\/casal-y-trankels-inauguraron-la-ayudantia-fiscal-videos-y-videoentrevistas\/\"},\"wordCount\":993,\"publisher\":{\"@id\":\"https:\/\/www.celttv.com.ar\/#organization\"},\"articleSection\":[\"Comunidad\",\"Destacadas\",\"Pol\u00edtica\",\"Videos Destacados\"],\"inLanguage\":\"es\"},{\"@type\":\"WebPage\",\"@id\":\"https:\/\/www.celttv.com.ar\/index.php\/2012\/10\/19\/casal-y-trankels-inauguraron-la-ayudantia-fiscal-videos-y-videoentrevistas\/\",\"url\":\"https:\/\/www.celttv.com.ar\/index.php\/2012\/10\/19\/casal-y-trankels-inauguraron-la-ayudantia-fiscal-videos-y-videoentrevistas\/\",\"name\":\"CASAL Y TRANKELS INAUGURARON LA AYUDANTIA FISCAL (videos y videoentrevistas) - CELTTV\",\"isPartOf\":{\"@id\":\"https:\/\/www.celttv.com.ar\/#website\"},\"datePublished\":\"2012-10-19T02:09:48+00:00\",\"dateModified\":\"2012-10-19T02:09:48+00:00\",\"description\":\"Sitio web de noticias de la localidad de Tornquist, provincia de Buenos Aires, Rep\u00fablica Argentina. Contenido propio originado por periodistas de CELTTV, el canal de TV local de la Cooperativa El\u00e9ctrica de Tornquist. Turismo, Pol\u00edtica, Sociedad, Deporte, Cultura y todo el contenido de inter\u00e9s general que la gente del pueblo y la regi\u00f3n debe conocer.\",\"breadcrumb\":{\"@id\":\"https:\/\/www.celttv.com.ar\/index.php\/2012\/10\/19\/casal-y-trankels-inauguraron-la-ayudantia-fiscal-videos-y-videoentrevistas\/#breadcrumb\"},\"inLanguage\":\"es\",\"potentialAction\":[{\"@type\":\"ReadAction\",\"target\":[\"https:\/\/www.celttv.com.ar\/index.php\/2012\/10\/19\/casal-y-trankels-inauguraron-la-ayudantia-fiscal-videos-y-videoentrevistas\/\"]}]},{\"@type\":\"BreadcrumbList\",\"@id\":\"https:\/\/www.celttv.com.ar\/index.php\/2012\/10\/19\/casal-y-trankels-inauguraron-la-ayudantia-fiscal-videos-y-videoentrevistas\/#breadcrumb\",\"itemListElement\":[{\"@type\":\"ListItem\",\"position\":1,\"name\":\"Inicio\",\"item\":\"https:\/\/www.celttv.com.ar\/\"},{\"@type\":\"ListItem\",\"position\":2,\"name\":\"CASAL Y TRANKELS INAUGURARON LA AYUDANTIA FISCAL (videos y videoentrevistas)\"}]},{\"@type\":\"WebSite\",\"@id\":\"https:\/\/www.celttv.com.ar\/#website\",\"url\":\"https:\/\/www.celttv.com.ar\/\",\"name\":\"CELTTV\",\"description\":\"Cooperativa El\u00e9ctrica de Tornquist\",\"publisher\":{\"@id\":\"https:\/\/www.celttv.com.ar\/#organization\"},\"potentialAction\":[{\"@type\":\"SearchAction\",\"target\":{\"@type\":\"EntryPoint\",\"urlTemplate\":\"https:\/\/www.celttv.com.ar\/?s={search_term_string}\"},\"query-input\":\"required name=search_term_string\"}],\"inLanguage\":\"es\"},{\"@type\":\"Organization\",\"@id\":\"https:\/\/www.celttv.com.ar\/#organization\",\"name\":\"CELTTV\",\"url\":\"https:\/\/www.celttv.com.ar\/\",\"sameAs\":[\"https:\/\/www.youtube.com\/channel\/UCz_oIt8Hig64Ub-EmcNPIhg\",\"https:\/\/www.facebook.com\/celtTV\/\"],\"logo\":{\"@type\":\"ImageObject\",\"inLanguage\":\"es\",\"@id\":\"https:\/\/www.celttv.com.ar\/#\/schema\/logo\/image\/\",\"url\":\"http:\/\/www.celttv.com.ar\/wp-content\/uploads\/2022\/08\/logo-1.png\",\"contentUrl\":\"http:\/\/www.celttv.com.ar\/wp-content\/uploads\/2022\/08\/logo-1.png\",\"width\":461,\"height\":159,\"caption\":\"CELTTV\"},\"image\":{\"@id\":\"https:\/\/www.celttv.com.ar\/#\/schema\/logo\/image\/\"}},{\"@type\":\"Person\",\"@id\":\"https:\/\/www.celttv.com.ar\/#\/schema\/person\/6d99c072dba59953809c81446e9d0ace\",\"name\":\"ulises\",\"image\":{\"@type\":\"ImageObject\",\"inLanguage\":\"es\",\"@id\":\"https:\/\/www.celttv.com.ar\/#\/schema\/person\/image\/\",\"url\":\"https:\/\/secure.gravatar.com\/avatar\/7f2c48bdc33b30088f941fb6082e555f2874c98e20cb159d7b92b50eadfce793?s=96&d=mm&r=g\",\"contentUrl\":\"https:\/\/secure.gravatar.com\/avatar\/7f2c48bdc33b30088f941fb6082e555f2874c98e20cb159d7b92b50eadfce793?s=96&d=mm&r=g\",\"caption\":\"ulises\"},\"sameAs\":[\"http:\/\/www.celttv.com.ar\"]}]}<\/script>\n<!-- \/ Yoast SEO plugin. -->","yoast_head_json":{"title":"CASAL Y TRANKELS INAUGURARON LA AYUDANTIA FISCAL (videos y videoentrevistas) - CELTTV","description":"Sitio web de noticias de la localidad de Tornquist, provincia de Buenos Aires, Rep\u00fablica Argentina. Contenido propio originado por periodistas de CELTTV, el canal de TV local de la Cooperativa El\u00e9ctrica de Tornquist. Turismo, Pol\u00edtica, Sociedad, Deporte, Cultura y todo el contenido de inter\u00e9s general que la gente del pueblo y la regi\u00f3n debe conocer.","robots":{"index":"index","follow":"follow","max-snippet":"max-snippet:-1","max-image-preview":"max-image-preview:large","max-video-preview":"max-video-preview:-1"},"canonical":"https:\/\/www.celttv.com.ar\/index.php\/2012\/10\/19\/casal-y-trankels-inauguraron-la-ayudantia-fiscal-videos-y-videoentrevistas\/","og_locale":"es_ES","og_type":"article","og_title":"CASAL Y TRANKELS INAUGURARON LA AYUDANTIA FISCAL (videos y videoentrevistas) - CELTTV","og_description":"Sitio web de noticias de la localidad de Tornquist, provincia de Buenos Aires, Rep\u00fablica Argentina. Contenido propio originado por periodistas de CELTTV, el canal de TV local de la Cooperativa El\u00e9ctrica de Tornquist. Turismo, Pol\u00edtica, Sociedad, Deporte, Cultura y todo el contenido de inter\u00e9s general que la gente del pueblo y la regi\u00f3n debe conocer.","og_url":"https:\/\/www.celttv.com.ar\/index.php\/2012\/10\/19\/casal-y-trankels-inauguraron-la-ayudantia-fiscal-videos-y-videoentrevistas\/","og_site_name":"CELTTV","article_publisher":"https:\/\/www.facebook.com\/celtTV\/","article_published_time":"2012-10-19T02:09:48+00:00","author":"ulises","twitter_card":"summary_large_image","twitter_misc":{"Escrito por":"ulises","Tiempo de lectura":"5 minutos"},"schema":{"@context":"https:\/\/schema.org","@graph":[{"@type":"NewsArticle","@id":"https:\/\/www.celttv.com.ar\/index.php\/2012\/10\/19\/casal-y-trankels-inauguraron-la-ayudantia-fiscal-videos-y-videoentrevistas\/#article","isPartOf":{"@id":"https:\/\/www.celttv.com.ar\/index.php\/2012\/10\/19\/casal-y-trankels-inauguraron-la-ayudantia-fiscal-videos-y-videoentrevistas\/"},"author":{"name":"ulises","@id":"https:\/\/www.celttv.com.ar\/#\/schema\/person\/6d99c072dba59953809c81446e9d0ace"},"headline":"CASAL Y TRANKELS INAUGURARON LA AYUDANTIA FISCAL (videos y videoentrevistas)","datePublished":"2012-10-19T02:09:48+00:00","dateModified":"2012-10-19T02:09:48+00:00","mainEntityOfPage":{"@id":"https:\/\/www.celttv.com.ar\/index.php\/2012\/10\/19\/casal-y-trankels-inauguraron-la-ayudantia-fiscal-videos-y-videoentrevistas\/"},"wordCount":993,"publisher":{"@id":"https:\/\/www.celttv.com.ar\/#organization"},"articleSection":["Comunidad","Destacadas","Pol\u00edtica","Videos Destacados"],"inLanguage":"es"},{"@type":"WebPage","@id":"https:\/\/www.celttv.com.ar\/index.php\/2012\/10\/19\/casal-y-trankels-inauguraron-la-ayudantia-fiscal-videos-y-videoentrevistas\/","url":"https:\/\/www.celttv.com.ar\/index.php\/2012\/10\/19\/casal-y-trankels-inauguraron-la-ayudantia-fiscal-videos-y-videoentrevistas\/","name":"CASAL Y TRANKELS INAUGURARON LA AYUDANTIA FISCAL (videos y videoentrevistas) - CELTTV","isPartOf":{"@id":"https:\/\/www.celttv.com.ar\/#website"},"datePublished":"2012-10-19T02:09:48+00:00","dateModified":"2012-10-19T02:09:48+00:00","description":"Sitio web de noticias de la localidad de Tornquist, provincia de Buenos Aires, Rep\u00fablica Argentina. Contenido propio originado por periodistas de CELTTV, el canal de TV local de la Cooperativa El\u00e9ctrica de Tornquist. Turismo, Pol\u00edtica, Sociedad, Deporte, Cultura y todo el contenido de inter\u00e9s general que la gente del pueblo y la regi\u00f3n debe conocer.","breadcrumb":{"@id":"https:\/\/www.celttv.com.ar\/index.php\/2012\/10\/19\/casal-y-trankels-inauguraron-la-ayudantia-fiscal-videos-y-videoentrevistas\/#breadcrumb"},"inLanguage":"es","potentialAction":[{"@type":"ReadAction","target":["https:\/\/www.celttv.com.ar\/index.php\/2012\/10\/19\/casal-y-trankels-inauguraron-la-ayudantia-fiscal-videos-y-videoentrevistas\/"]}]},{"@type":"BreadcrumbList","@id":"https:\/\/www.celttv.com.ar\/index.php\/2012\/10\/19\/casal-y-trankels-inauguraron-la-ayudantia-fiscal-videos-y-videoentrevistas\/#breadcrumb","itemListElement":[{"@type":"ListItem","position":1,"name":"Inicio","item":"https:\/\/www.celttv.com.ar\/"},{"@type":"ListItem","position":2,"name":"CASAL Y TRANKELS INAUGURARON LA AYUDANTIA FISCAL (videos y videoentrevistas)"}]},{"@type":"WebSite","@id":"https:\/\/www.celttv.com.ar\/#website","url":"https:\/\/www.celttv.com.ar\/","name":"CELTTV","description":"Cooperativa El\u00e9ctrica de Tornquist","publisher":{"@id":"https:\/\/www.celttv.com.ar\/#organization"},"potentialAction":[{"@type":"SearchAction","target":{"@type":"EntryPoint","urlTemplate":"https:\/\/www.celttv.com.ar\/?s={search_term_string}"},"query-input":"required name=search_term_string"}],"inLanguage":"es"},{"@type":"Organization","@id":"https:\/\/www.celttv.com.ar\/#organization","name":"CELTTV","url":"https:\/\/www.celttv.com.ar\/","sameAs":["https:\/\/www.youtube.com\/channel\/UCz_oIt8Hig64Ub-EmcNPIhg","https:\/\/www.facebook.com\/celtTV\/"],"logo":{"@type":"ImageObject","inLanguage":"es","@id":"https:\/\/www.celttv.com.ar\/#\/schema\/logo\/image\/","url":"http:\/\/www.celttv.com.ar\/wp-content\/uploads\/2022\/08\/logo-1.png","contentUrl":"http:\/\/www.celttv.com.ar\/wp-content\/uploads\/2022\/08\/logo-1.png","width":461,"height":159,"caption":"CELTTV"},"image":{"@id":"https:\/\/www.celttv.com.ar\/#\/schema\/logo\/image\/"}},{"@type":"Person","@id":"https:\/\/www.celttv.com.ar\/#\/schema\/person\/6d99c072dba59953809c81446e9d0ace","name":"ulises","image":{"@type":"ImageObject","inLanguage":"es","@id":"https:\/\/www.celttv.com.ar\/#\/schema\/person\/image\/","url":"https:\/\/secure.gravatar.com\/avatar\/7f2c48bdc33b30088f941fb6082e555f2874c98e20cb159d7b92b50eadfce793?s=96&d=mm&r=g","contentUrl":"https:\/\/secure.gravatar.com\/avatar\/7f2c48bdc33b30088f941fb6082e555f2874c98e20cb159d7b92b50eadfce793?s=96&d=mm&r=g","caption":"ulises"},"sameAs":["http:\/\/www.celttv.com.ar"]}]}},"_links":{"self":[{"href":"https:\/\/www.celttv.com.ar\/index.php\/wp-json\/wp\/v2\/posts\/8583","targetHints":{"allow":["GET"]}}],"collection":[{"href":"https:\/\/www.celttv.com.ar\/index.php\/wp-json\/wp\/v2\/posts"}],"about":[{"href":"https:\/\/www.celttv.com.ar\/index.php\/wp-json\/wp\/v2\/types\/post"}],"author":[{"embeddable":true,"href":"https:\/\/www.celttv.com.ar\/index.php\/wp-json\/wp\/v2\/users\/1"}],"replies":[{"embeddable":true,"href":"https:\/\/www.celttv.com.ar\/index.php\/wp-json\/wp\/v2\/comments?post=8583"}],"version-history":[{"count":0,"href":"https:\/\/www.celttv.com.ar\/index.php\/wp-json\/wp\/v2\/posts\/8583\/revisions"}],"wp:attachment":[{"href":"https:\/\/www.celttv.com.ar\/index.php\/wp-json\/wp\/v2\/media?parent=8583"}],"wp:term":[{"taxonomy":"category","embeddable":true,"href":"https:\/\/www.celttv.com.ar\/index.php\/wp-json\/wp\/v2\/categories?post=8583"},{"taxonomy":"post_tag","embeddable":true,"href":"https:\/\/www.celttv.com.ar\/index.php\/wp-json\/wp\/v2\/tags?post=8583"}],"curies":[{"name":"wp","href":"https:\/\/api.w.org\/{rel}","templated":true}]}}