{"id":85901,"date":"2024-09-03T16:21:50","date_gmt":"2024-09-03T19:21:50","guid":{"rendered":"https:\/\/www.celttv.com.ar\/?p=85901"},"modified":"2024-09-03T16:21:50","modified_gmt":"2024-09-03T19:21:50","slug":"juntos-y-juntos-por-el-cambio-pedido-de-informe-por-gastos-en-viaticos-de-la-delegacion-chasico","status":"publish","type":"post","link":"https:\/\/www.celttv.com.ar\/index.php\/2024\/09\/03\/juntos-y-juntos-por-el-cambio-pedido-de-informe-por-gastos-en-viaticos-de-la-delegacion-chasico\/","title":{"rendered":"Juntos y Juntos por el Cambio: Pedido de informe por gastos en vi\u00e1ticos de la delegaci\u00f3n Chasic\u00f3"},"content":{"rendered":"<p>GASTOS EN VI\u00c1TICOS DELEGACI\u00d3N CHASIC\u00d3<\/p>\n<div dir=\"auto\"><\/div>\n<div dir=\"auto\">Presentamos Pedido de Informe solicitando al Departamento Ejecutivos Municipal que, a trav\u00e9s del \u00e1rea que corresponda env\u00ede informaci\u00f3n detallada de las Ordenes de Pago (vi\u00e1ticos) n\u00famero: 5119, 5120, 6633, 8644, 8646, 10301 y 10481. Las mismas corresponden a gastos realizados por el Delegado Municipal de la localidad de Chasic\u00f3, que hasta la fecha acumulan $540.000,00.<\/div>\n<p><strong><u>VISTO:<\/u><\/strong><\/p>\n<p>La Resoluci\u00f3n Municipal N\u00b0 23\/24;<\/p>\n<p>Los gastos de vi\u00e1ticos en la Delegaci\u00f3n Municipal de la Localidad de Chasic\u00f3, y;<\/p>\n<p><strong><u>CONSIDERANDO:<\/u><\/strong><\/p>\n<p>Que la Resoluci\u00f3n menciona en el exordio propone al Departamento Ejecutivo regular el otorgamiento de los vi\u00e1ticos y estipulaba en el modelo de Proyecto de Ordenanza los siguientes puntos:<\/p>\n<ul>\n<li>Informe de viaje: el informe del viaje deber\u00e1 contemplar los siguientes aspectos: destino, motivo, resultado.<\/li>\n<\/ul>\n<ul>\n<li>Planilla de rendici\u00f3n de combustible\/movilidad y vi\u00e1ticos.<\/li>\n<\/ul>\n<ul>\n<li>Documentaci\u00f3n original de: comprobantes de alojamiento, comidas, pasajes y\/o combustible (comprendidos dentro de la fecha de realizada la comisi\u00f3n).<\/li>\n<\/ul>\n<p>Que el Delegado Municipal de la localidad de Chasic\u00f3 lleva gastado hasta la fecha $540.000,00 en vi\u00e1ticos municipales;<\/p>\n<p>Que los mismos corresponden a viajes a las localidades de Bah\u00eda Blanca, Puan y Pig\u00fce;<\/p>\n<p>Por ello:<\/p>\n<p><strong><u>LOS BLOQUES DE JUNTOS Y JUNTOS POR EL CAMBIO<\/u><\/strong><\/p>\n<p><strong><u>PROPONEN EL SIGUIENTE PEDIDO DE INFORME<\/u><\/strong><\/p>\n<p>&nbsp;<\/p>\n<p><strong><u>\u00a0<\/u><\/strong><\/p>\n<p><strong><u>ARTICULO 1\u00b0:<\/u><\/strong> Solicitar al Departamento Ejecutivos Municipal que, a trav\u00e9s del \u00e1rea que corresponda env\u00ede informaci\u00f3n detallada de las Ordenes de Pago (vi\u00e1ticos) n\u00famero: <strong>5119, 5120, 6633, 8644, 8646, 10301 y 10481.<\/strong><\/p>\n<p><strong><u>\u00a0<\/u><\/strong><\/p>\n<p><strong><u>ARTICULO 2\u00b0:<\/u><\/strong> De forma.<\/p>\n<p><img loading=\"lazy\" decoding=\"async\" class=\"alignnone wp-image-85903 size-full\" src=\"https:\/\/www.celttv.com.ar\/wp-content\/uploads\/2024\/09\/PEDIDO-DE-INFORME-VIATICOS-CHASICO.png\" alt=\"\" width=\"940\" height=\"788\" srcset=\"https:\/\/www.celttv.com.ar\/wp-content\/uploads\/2024\/09\/PEDIDO-DE-INFORME-VIATICOS-CHASICO.png 940w, https:\/\/www.celttv.com.ar\/wp-content\/uploads\/2024\/09\/PEDIDO-DE-INFORME-VIATICOS-CHASICO-300x251.png 300w, https:\/\/www.celttv.com.ar\/wp-content\/uploads\/2024\/09\/PEDIDO-DE-INFORME-VIATICOS-CHASICO-768x644.png 768w, https:\/\/www.celttv.com.ar\/wp-content\/uploads\/2024\/09\/PEDIDO-DE-INFORME-VIATICOS-CHASICO-750x629.png 750w\" sizes=\"auto, (max-width: 940px) 100vw, 940px\" \/><\/p>\n","protected":false},"excerpt":{"rendered":"<p>GASTOS EN VI\u00c1TICOS DELEGACI\u00d3N CHASIC\u00d3 Presentamos Pedido de Informe solicitando al Departamento Ejecutivos Municipal que, a trav\u00e9s del \u00e1rea que corresponda env\u00ede informaci\u00f3n detallada de las Ordenes de Pago (vi\u00e1ticos) n\u00famero: 5119, 5120, 6633, 8644, 8646, 10301 y 10481. Las mismas corresponden a gastos realizados por el Delegado Municipal de la localidad de Chasic\u00f3, que [&hellip;]<\/p>\n","protected":false},"author":5,"featured_media":85903,"comment_status":"closed","ping_status":"closed","sticky":false,"template":"","format":"standard","meta":{"footnotes":""},"categories":[53],"tags":[],"class_list":["post-85901","post","type-post","status-publish","format-standard","has-post-thumbnail","hentry","category-politica"],"yoast_head":"<!-- This site is optimized with the Yoast SEO plugin v19.7.1 - https:\/\/yoast.com\/wordpress\/plugins\/seo\/ -->\n<title>Juntos y Juntos por el Cambio: Pedido de informe por gastos en vi\u00e1ticos de la delegaci\u00f3n Chasic\u00f3 - CELTTV<\/title>\n<meta name=\"description\" content=\"Sitio web de noticias de la localidad de Tornquist, provincia de Buenos Aires, Rep\u00fablica Argentina. Contenido propio originado por periodistas de CELTTV, el canal de TV local de la Cooperativa El\u00e9ctrica de Tornquist. Turismo, Pol\u00edtica, Sociedad, Deporte, Cultura y todo el contenido de inter\u00e9s general que la gente del pueblo y la regi\u00f3n debe conocer.\" \/>\n<meta name=\"robots\" content=\"index, follow, max-snippet:-1, max-image-preview:large, max-video-preview:-1\" \/>\n<link rel=\"canonical\" href=\"https:\/\/www.celttv.com.ar\/index.php\/2024\/09\/03\/juntos-y-juntos-por-el-cambio-pedido-de-informe-por-gastos-en-viaticos-de-la-delegacion-chasico\/\" \/>\n<meta property=\"og:locale\" content=\"es_ES\" \/>\n<meta property=\"og:type\" content=\"article\" \/>\n<meta property=\"og:title\" content=\"Juntos y Juntos por el Cambio: Pedido de informe por gastos en vi\u00e1ticos de la delegaci\u00f3n Chasic\u00f3 - CELTTV\" \/>\n<meta property=\"og:description\" content=\"Sitio web de noticias de la localidad de Tornquist, provincia de Buenos Aires, Rep\u00fablica Argentina. Contenido propio originado por periodistas de CELTTV, el canal de TV local de la Cooperativa El\u00e9ctrica de Tornquist. Turismo, Pol\u00edtica, Sociedad, Deporte, Cultura y todo el contenido de inter\u00e9s general que la gente del pueblo y la regi\u00f3n debe conocer.\" \/>\n<meta property=\"og:url\" content=\"https:\/\/www.celttv.com.ar\/index.php\/2024\/09\/03\/juntos-y-juntos-por-el-cambio-pedido-de-informe-por-gastos-en-viaticos-de-la-delegacion-chasico\/\" \/>\n<meta property=\"og:site_name\" content=\"CELTTV\" \/>\n<meta property=\"article:publisher\" content=\"https:\/\/www.facebook.com\/celtTV\/\" \/>\n<meta property=\"article:published_time\" content=\"2024-09-03T19:21:50+00:00\" \/>\n<meta property=\"og:image\" content=\"https:\/\/www.celttv.com.ar\/wp-content\/uploads\/2024\/09\/PEDIDO-DE-INFORME-VIATICOS-CHASICO.png\" \/>\n\t<meta property=\"og:image:width\" content=\"940\" \/>\n\t<meta property=\"og:image:height\" content=\"788\" \/>\n\t<meta property=\"og:image:type\" content=\"image\/png\" \/>\n<meta name=\"author\" content=\"Miguel Herrada\" \/>\n<meta name=\"twitter:card\" content=\"summary_large_image\" \/>\n<meta name=\"twitter:label1\" content=\"Escrito por\" \/>\n\t<meta name=\"twitter:data1\" content=\"Miguel Herrada\" \/>\n\t<meta name=\"twitter:label2\" content=\"Tiempo de lectura\" \/>\n\t<meta name=\"twitter:data2\" content=\"1 minuto\" \/>\n<script type=\"application\/ld+json\" class=\"yoast-schema-graph\">{\"@context\":\"https:\/\/schema.org\",\"@graph\":[{\"@type\":\"NewsArticle\",\"@id\":\"https:\/\/www.celttv.com.ar\/index.php\/2024\/09\/03\/juntos-y-juntos-por-el-cambio-pedido-de-informe-por-gastos-en-viaticos-de-la-delegacion-chasico\/#article\",\"isPartOf\":{\"@id\":\"https:\/\/www.celttv.com.ar\/index.php\/2024\/09\/03\/juntos-y-juntos-por-el-cambio-pedido-de-informe-por-gastos-en-viaticos-de-la-delegacion-chasico\/\"},\"author\":{\"name\":\"Miguel Herrada\",\"@id\":\"https:\/\/www.celttv.com.ar\/#\/schema\/person\/9059dc91dc7204ef4182cdb65225f07d\"},\"headline\":\"Juntos y Juntos por el Cambio: Pedido de informe por gastos en vi\u00e1ticos de la delegaci\u00f3n Chasic\u00f3\",\"datePublished\":\"2024-09-03T19:21:50+00:00\",\"dateModified\":\"2024-09-03T19:21:50+00:00\",\"mainEntityOfPage\":{\"@id\":\"https:\/\/www.celttv.com.ar\/index.php\/2024\/09\/03\/juntos-y-juntos-por-el-cambio-pedido-de-informe-por-gastos-en-viaticos-de-la-delegacion-chasico\/\"},\"wordCount\":264,\"publisher\":{\"@id\":\"https:\/\/www.celttv.com.ar\/#organization\"},\"articleSection\":[\"Pol\u00edtica\"],\"inLanguage\":\"es\"},{\"@type\":\"WebPage\",\"@id\":\"https:\/\/www.celttv.com.ar\/index.php\/2024\/09\/03\/juntos-y-juntos-por-el-cambio-pedido-de-informe-por-gastos-en-viaticos-de-la-delegacion-chasico\/\",\"url\":\"https:\/\/www.celttv.com.ar\/index.php\/2024\/09\/03\/juntos-y-juntos-por-el-cambio-pedido-de-informe-por-gastos-en-viaticos-de-la-delegacion-chasico\/\",\"name\":\"Juntos y Juntos por el Cambio: Pedido de informe por gastos en vi\u00e1ticos de la delegaci\u00f3n Chasic\u00f3 - CELTTV\",\"isPartOf\":{\"@id\":\"https:\/\/www.celttv.com.ar\/#website\"},\"datePublished\":\"2024-09-03T19:21:50+00:00\",\"dateModified\":\"2024-09-03T19:21:50+00:00\",\"description\":\"Sitio web de noticias de la localidad de Tornquist, provincia de Buenos Aires, Rep\u00fablica Argentina. Contenido propio originado por periodistas de CELTTV, el canal de TV local de la Cooperativa El\u00e9ctrica de Tornquist. Turismo, Pol\u00edtica, Sociedad, Deporte, Cultura y todo el contenido de inter\u00e9s general que la gente del pueblo y la regi\u00f3n debe conocer.\",\"breadcrumb\":{\"@id\":\"https:\/\/www.celttv.com.ar\/index.php\/2024\/09\/03\/juntos-y-juntos-por-el-cambio-pedido-de-informe-por-gastos-en-viaticos-de-la-delegacion-chasico\/#breadcrumb\"},\"inLanguage\":\"es\",\"potentialAction\":[{\"@type\":\"ReadAction\",\"target\":[\"https:\/\/www.celttv.com.ar\/index.php\/2024\/09\/03\/juntos-y-juntos-por-el-cambio-pedido-de-informe-por-gastos-en-viaticos-de-la-delegacion-chasico\/\"]}]},{\"@type\":\"BreadcrumbList\",\"@id\":\"https:\/\/www.celttv.com.ar\/index.php\/2024\/09\/03\/juntos-y-juntos-por-el-cambio-pedido-de-informe-por-gastos-en-viaticos-de-la-delegacion-chasico\/#breadcrumb\",\"itemListElement\":[{\"@type\":\"ListItem\",\"position\":1,\"name\":\"Inicio\",\"item\":\"https:\/\/www.celttv.com.ar\/\"},{\"@type\":\"ListItem\",\"position\":2,\"name\":\"Juntos y Juntos por el Cambio: Pedido de informe por gastos en vi\u00e1ticos de la delegaci\u00f3n Chasic\u00f3\"}]},{\"@type\":\"WebSite\",\"@id\":\"https:\/\/www.celttv.com.ar\/#website\",\"url\":\"https:\/\/www.celttv.com.ar\/\",\"name\":\"CELTTV\",\"description\":\"Cooperativa El\u00e9ctrica de Tornquist\",\"publisher\":{\"@id\":\"https:\/\/www.celttv.com.ar\/#organization\"},\"potentialAction\":[{\"@type\":\"SearchAction\",\"target\":{\"@type\":\"EntryPoint\",\"urlTemplate\":\"https:\/\/www.celttv.com.ar\/?s={search_term_string}\"},\"query-input\":\"required name=search_term_string\"}],\"inLanguage\":\"es\"},{\"@type\":\"Organization\",\"@id\":\"https:\/\/www.celttv.com.ar\/#organization\",\"name\":\"CELTTV\",\"url\":\"https:\/\/www.celttv.com.ar\/\",\"sameAs\":[\"https:\/\/www.youtube.com\/channel\/UCz_oIt8Hig64Ub-EmcNPIhg\",\"https:\/\/www.facebook.com\/celtTV\/\"],\"logo\":{\"@type\":\"ImageObject\",\"inLanguage\":\"es\",\"@id\":\"https:\/\/www.celttv.com.ar\/#\/schema\/logo\/image\/\",\"url\":\"http:\/\/www.celttv.com.ar\/wp-content\/uploads\/2022\/08\/logo-1.png\",\"contentUrl\":\"http:\/\/www.celttv.com.ar\/wp-content\/uploads\/2022\/08\/logo-1.png\",\"width\":461,\"height\":159,\"caption\":\"CELTTV\"},\"image\":{\"@id\":\"https:\/\/www.celttv.com.ar\/#\/schema\/logo\/image\/\"}},{\"@type\":\"Person\",\"@id\":\"https:\/\/www.celttv.com.ar\/#\/schema\/person\/9059dc91dc7204ef4182cdb65225f07d\",\"name\":\"Miguel Herrada\",\"image\":{\"@type\":\"ImageObject\",\"inLanguage\":\"es\",\"@id\":\"https:\/\/www.celttv.com.ar\/#\/schema\/person\/image\/\",\"url\":\"https:\/\/secure.gravatar.com\/avatar\/67724d5b3c716623ffd76bec7e45841a442ac3b456e914dbba90b0fad2b8e0b1?s=96&d=mm&r=g\",\"contentUrl\":\"https:\/\/secure.gravatar.com\/avatar\/67724d5b3c716623ffd76bec7e45841a442ac3b456e914dbba90b0fad2b8e0b1?s=96&d=mm&r=g\",\"caption\":\"Miguel Herrada\"}}]}<\/script>\n<!-- \/ Yoast SEO plugin. -->","yoast_head_json":{"title":"Juntos y Juntos por el Cambio: Pedido de informe por gastos en vi\u00e1ticos de la delegaci\u00f3n Chasic\u00f3 - CELTTV","description":"Sitio web de noticias de la localidad de Tornquist, provincia de Buenos Aires, Rep\u00fablica Argentina. Contenido propio originado por periodistas de CELTTV, el canal de TV local de la Cooperativa El\u00e9ctrica de Tornquist. Turismo, Pol\u00edtica, Sociedad, Deporte, Cultura y todo el contenido de inter\u00e9s general que la gente del pueblo y la regi\u00f3n debe conocer.","robots":{"index":"index","follow":"follow","max-snippet":"max-snippet:-1","max-image-preview":"max-image-preview:large","max-video-preview":"max-video-preview:-1"},"canonical":"https:\/\/www.celttv.com.ar\/index.php\/2024\/09\/03\/juntos-y-juntos-por-el-cambio-pedido-de-informe-por-gastos-en-viaticos-de-la-delegacion-chasico\/","og_locale":"es_ES","og_type":"article","og_title":"Juntos y Juntos por el Cambio: Pedido de informe por gastos en vi\u00e1ticos de la delegaci\u00f3n Chasic\u00f3 - CELTTV","og_description":"Sitio web de noticias de la localidad de Tornquist, provincia de Buenos Aires, Rep\u00fablica Argentina. Contenido propio originado por periodistas de CELTTV, el canal de TV local de la Cooperativa El\u00e9ctrica de Tornquist. Turismo, Pol\u00edtica, Sociedad, Deporte, Cultura y todo el contenido de inter\u00e9s general que la gente del pueblo y la regi\u00f3n debe conocer.","og_url":"https:\/\/www.celttv.com.ar\/index.php\/2024\/09\/03\/juntos-y-juntos-por-el-cambio-pedido-de-informe-por-gastos-en-viaticos-de-la-delegacion-chasico\/","og_site_name":"CELTTV","article_publisher":"https:\/\/www.facebook.com\/celtTV\/","article_published_time":"2024-09-03T19:21:50+00:00","og_image":[{"width":940,"height":788,"url":"https:\/\/www.celttv.com.ar\/wp-content\/uploads\/2024\/09\/PEDIDO-DE-INFORME-VIATICOS-CHASICO.png","type":"image\/png"}],"author":"Miguel Herrada","twitter_card":"summary_large_image","twitter_misc":{"Escrito por":"Miguel Herrada","Tiempo de lectura":"1 minuto"},"schema":{"@context":"https:\/\/schema.org","@graph":[{"@type":"NewsArticle","@id":"https:\/\/www.celttv.com.ar\/index.php\/2024\/09\/03\/juntos-y-juntos-por-el-cambio-pedido-de-informe-por-gastos-en-viaticos-de-la-delegacion-chasico\/#article","isPartOf":{"@id":"https:\/\/www.celttv.com.ar\/index.php\/2024\/09\/03\/juntos-y-juntos-por-el-cambio-pedido-de-informe-por-gastos-en-viaticos-de-la-delegacion-chasico\/"},"author":{"name":"Miguel Herrada","@id":"https:\/\/www.celttv.com.ar\/#\/schema\/person\/9059dc91dc7204ef4182cdb65225f07d"},"headline":"Juntos y Juntos por el Cambio: Pedido de informe por gastos en vi\u00e1ticos de la delegaci\u00f3n Chasic\u00f3","datePublished":"2024-09-03T19:21:50+00:00","dateModified":"2024-09-03T19:21:50+00:00","mainEntityOfPage":{"@id":"https:\/\/www.celttv.com.ar\/index.php\/2024\/09\/03\/juntos-y-juntos-por-el-cambio-pedido-de-informe-por-gastos-en-viaticos-de-la-delegacion-chasico\/"},"wordCount":264,"publisher":{"@id":"https:\/\/www.celttv.com.ar\/#organization"},"articleSection":["Pol\u00edtica"],"inLanguage":"es"},{"@type":"WebPage","@id":"https:\/\/www.celttv.com.ar\/index.php\/2024\/09\/03\/juntos-y-juntos-por-el-cambio-pedido-de-informe-por-gastos-en-viaticos-de-la-delegacion-chasico\/","url":"https:\/\/www.celttv.com.ar\/index.php\/2024\/09\/03\/juntos-y-juntos-por-el-cambio-pedido-de-informe-por-gastos-en-viaticos-de-la-delegacion-chasico\/","name":"Juntos y Juntos por el Cambio: Pedido de informe por gastos en vi\u00e1ticos de la delegaci\u00f3n Chasic\u00f3 - CELTTV","isPartOf":{"@id":"https:\/\/www.celttv.com.ar\/#website"},"datePublished":"2024-09-03T19:21:50+00:00","dateModified":"2024-09-03T19:21:50+00:00","description":"Sitio web de noticias de la localidad de Tornquist, provincia de Buenos Aires, Rep\u00fablica Argentina. Contenido propio originado por periodistas de CELTTV, el canal de TV local de la Cooperativa El\u00e9ctrica de Tornquist. Turismo, Pol\u00edtica, Sociedad, Deporte, Cultura y todo el contenido de inter\u00e9s general que la gente del pueblo y la regi\u00f3n debe conocer.","breadcrumb":{"@id":"https:\/\/www.celttv.com.ar\/index.php\/2024\/09\/03\/juntos-y-juntos-por-el-cambio-pedido-de-informe-por-gastos-en-viaticos-de-la-delegacion-chasico\/#breadcrumb"},"inLanguage":"es","potentialAction":[{"@type":"ReadAction","target":["https:\/\/www.celttv.com.ar\/index.php\/2024\/09\/03\/juntos-y-juntos-por-el-cambio-pedido-de-informe-por-gastos-en-viaticos-de-la-delegacion-chasico\/"]}]},{"@type":"BreadcrumbList","@id":"https:\/\/www.celttv.com.ar\/index.php\/2024\/09\/03\/juntos-y-juntos-por-el-cambio-pedido-de-informe-por-gastos-en-viaticos-de-la-delegacion-chasico\/#breadcrumb","itemListElement":[{"@type":"ListItem","position":1,"name":"Inicio","item":"https:\/\/www.celttv.com.ar\/"},{"@type":"ListItem","position":2,"name":"Juntos y Juntos por el Cambio: Pedido de informe por gastos en vi\u00e1ticos de la delegaci\u00f3n Chasic\u00f3"}]},{"@type":"WebSite","@id":"https:\/\/www.celttv.com.ar\/#website","url":"https:\/\/www.celttv.com.ar\/","name":"CELTTV","description":"Cooperativa El\u00e9ctrica de Tornquist","publisher":{"@id":"https:\/\/www.celttv.com.ar\/#organization"},"potentialAction":[{"@type":"SearchAction","target":{"@type":"EntryPoint","urlTemplate":"https:\/\/www.celttv.com.ar\/?s={search_term_string}"},"query-input":"required name=search_term_string"}],"inLanguage":"es"},{"@type":"Organization","@id":"https:\/\/www.celttv.com.ar\/#organization","name":"CELTTV","url":"https:\/\/www.celttv.com.ar\/","sameAs":["https:\/\/www.youtube.com\/channel\/UCz_oIt8Hig64Ub-EmcNPIhg","https:\/\/www.facebook.com\/celtTV\/"],"logo":{"@type":"ImageObject","inLanguage":"es","@id":"https:\/\/www.celttv.com.ar\/#\/schema\/logo\/image\/","url":"http:\/\/www.celttv.com.ar\/wp-content\/uploads\/2022\/08\/logo-1.png","contentUrl":"http:\/\/www.celttv.com.ar\/wp-content\/uploads\/2022\/08\/logo-1.png","width":461,"height":159,"caption":"CELTTV"},"image":{"@id":"https:\/\/www.celttv.com.ar\/#\/schema\/logo\/image\/"}},{"@type":"Person","@id":"https:\/\/www.celttv.com.ar\/#\/schema\/person\/9059dc91dc7204ef4182cdb65225f07d","name":"Miguel Herrada","image":{"@type":"ImageObject","inLanguage":"es","@id":"https:\/\/www.celttv.com.ar\/#\/schema\/person\/image\/","url":"https:\/\/secure.gravatar.com\/avatar\/67724d5b3c716623ffd76bec7e45841a442ac3b456e914dbba90b0fad2b8e0b1?s=96&d=mm&r=g","contentUrl":"https:\/\/secure.gravatar.com\/avatar\/67724d5b3c716623ffd76bec7e45841a442ac3b456e914dbba90b0fad2b8e0b1?s=96&d=mm&r=g","caption":"Miguel Herrada"}}]}},"_links":{"self":[{"href":"https:\/\/www.celttv.com.ar\/index.php\/wp-json\/wp\/v2\/posts\/85901","targetHints":{"allow":["GET"]}}],"collection":[{"href":"https:\/\/www.celttv.com.ar\/index.php\/wp-json\/wp\/v2\/posts"}],"about":[{"href":"https:\/\/www.celttv.com.ar\/index.php\/wp-json\/wp\/v2\/types\/post"}],"author":[{"embeddable":true,"href":"https:\/\/www.celttv.com.ar\/index.php\/wp-json\/wp\/v2\/users\/5"}],"replies":[{"embeddable":true,"href":"https:\/\/www.celttv.com.ar\/index.php\/wp-json\/wp\/v2\/comments?post=85901"}],"version-history":[{"count":1,"href":"https:\/\/www.celttv.com.ar\/index.php\/wp-json\/wp\/v2\/posts\/85901\/revisions"}],"predecessor-version":[{"id":85904,"href":"https:\/\/www.celttv.com.ar\/index.php\/wp-json\/wp\/v2\/posts\/85901\/revisions\/85904"}],"wp:featuredmedia":[{"embeddable":true,"href":"https:\/\/www.celttv.com.ar\/index.php\/wp-json\/wp\/v2\/media\/85903"}],"wp:attachment":[{"href":"https:\/\/www.celttv.com.ar\/index.php\/wp-json\/wp\/v2\/media?parent=85901"}],"wp:term":[{"taxonomy":"category","embeddable":true,"href":"https:\/\/www.celttv.com.ar\/index.php\/wp-json\/wp\/v2\/categories?post=85901"},{"taxonomy":"post_tag","embeddable":true,"href":"https:\/\/www.celttv.com.ar\/index.php\/wp-json\/wp\/v2\/tags?post=85901"}],"curies":[{"name":"wp","href":"https:\/\/api.w.org\/{rel}","templated":true}]}}