{"id":85915,"date":"2024-09-03T19:59:52","date_gmt":"2024-09-03T22:59:52","guid":{"rendered":"https:\/\/www.celttv.com.ar\/?p=85915"},"modified":"2024-09-03T19:59:52","modified_gmt":"2024-09-03T22:59:52","slug":"sierra-de-la-ventana-se-viene-una-charla-abierta-sobre-tratamiento-de-residuos-y-compostaje","status":"publish","type":"post","link":"https:\/\/www.celttv.com.ar\/index.php\/2024\/09\/03\/sierra-de-la-ventana-se-viene-una-charla-abierta-sobre-tratamiento-de-residuos-y-compostaje\/","title":{"rendered":"Sierra de la Ventana: Se viene una charla abierta sobre tratamiento de residuos y compostaje"},"content":{"rendered":"<p>El venidero viernes 6 en el Centro Cultural de Sierra de la Ventana, la Subsecretar\u00eda de Ambiente dictar\u00e1 una charla sobre tratamiento de residuos y compostaje.<\/p>\n<p>La jornada ser\u00e1 gratuita, abierta a toda la comunidad y tendr\u00e1 lugar a partir de las 18 hs.<\/p>\n<p>Se abordar\u00e1n temas fundamentales de la gesti\u00f3n de residuos, incluyendo la reducci\u00f3n, reutilizaci\u00f3n y reciclaje; y la importancia d ellos los procesos de compostaje, un m\u00e9todo natural y eficaz para convertir los desechos org\u00e1nicos en compost, un recurso valioso para la fertilizaci\u00f3n del suelo.<\/p>\n<p><img loading=\"lazy\" decoding=\"async\" class=\"alignnone wp-image-85916 size-full\" src=\"https:\/\/www.celttv.com.ar\/wp-content\/uploads\/2024\/09\/Charla-residuos-y-compost-sierra-1-Medium.png\" alt=\"\" width=\"768\" height=\"956\" srcset=\"https:\/\/www.celttv.com.ar\/wp-content\/uploads\/2024\/09\/Charla-residuos-y-compost-sierra-1-Medium.png 768w, https:\/\/www.celttv.com.ar\/wp-content\/uploads\/2024\/09\/Charla-residuos-y-compost-sierra-1-Medium-241x300.png 241w, https:\/\/www.celttv.com.ar\/wp-content\/uploads\/2024\/09\/Charla-residuos-y-compost-sierra-1-Medium-750x934.png 750w\" sizes=\"auto, (max-width: 768px) 100vw, 768px\" \/><\/p>\n","protected":false},"excerpt":{"rendered":"<p>El venidero viernes 6 en el Centro Cultural de Sierra de la Ventana, la Subsecretar\u00eda de Ambiente dictar\u00e1 una charla sobre tratamiento de residuos y compostaje. La jornada ser\u00e1 gratuita, abierta a toda la comunidad y tendr\u00e1 lugar a partir de las 18 hs. Se abordar\u00e1n temas fundamentales de la gesti\u00f3n de residuos, incluyendo la [&hellip;]<\/p>\n","protected":false},"author":5,"featured_media":85916,"comment_status":"closed","ping_status":"closed","sticky":false,"template":"","format":"standard","meta":{"footnotes":""},"categories":[65],"tags":[],"class_list":["post-85915","post","type-post","status-publish","format-standard","has-post-thumbnail","hentry","category-produccion"],"yoast_head":"<!-- This site is optimized with the Yoast SEO plugin v19.7.1 - https:\/\/yoast.com\/wordpress\/plugins\/seo\/ -->\n<title>Sierra de la Ventana: Se viene una charla abierta sobre tratamiento de residuos y compostaje - CELTTV<\/title>\n<meta name=\"description\" content=\"Sitio web de noticias de la localidad de Tornquist, provincia de Buenos Aires, Rep\u00fablica Argentina. Contenido propio originado por periodistas de CELTTV, el canal de TV local de la Cooperativa El\u00e9ctrica de Tornquist. Turismo, Pol\u00edtica, Sociedad, Deporte, Cultura y todo el contenido de inter\u00e9s general que la gente del pueblo y la regi\u00f3n debe conocer.\" \/>\n<meta name=\"robots\" content=\"index, follow, max-snippet:-1, max-image-preview:large, max-video-preview:-1\" \/>\n<link rel=\"canonical\" href=\"https:\/\/www.celttv.com.ar\/index.php\/2024\/09\/03\/sierra-de-la-ventana-se-viene-una-charla-abierta-sobre-tratamiento-de-residuos-y-compostaje\/\" \/>\n<meta property=\"og:locale\" content=\"es_ES\" \/>\n<meta property=\"og:type\" content=\"article\" \/>\n<meta property=\"og:title\" content=\"Sierra de la Ventana: Se viene una charla abierta sobre tratamiento de residuos y compostaje - CELTTV\" \/>\n<meta property=\"og:description\" content=\"Sitio web de noticias de la localidad de Tornquist, provincia de Buenos Aires, Rep\u00fablica Argentina. Contenido propio originado por periodistas de CELTTV, el canal de TV local de la Cooperativa El\u00e9ctrica de Tornquist. Turismo, Pol\u00edtica, Sociedad, Deporte, Cultura y todo el contenido de inter\u00e9s general que la gente del pueblo y la regi\u00f3n debe conocer.\" \/>\n<meta property=\"og:url\" content=\"https:\/\/www.celttv.com.ar\/index.php\/2024\/09\/03\/sierra-de-la-ventana-se-viene-una-charla-abierta-sobre-tratamiento-de-residuos-y-compostaje\/\" \/>\n<meta property=\"og:site_name\" content=\"CELTTV\" \/>\n<meta property=\"article:publisher\" content=\"https:\/\/www.facebook.com\/celtTV\/\" \/>\n<meta property=\"article:published_time\" content=\"2024-09-03T22:59:52+00:00\" \/>\n<meta property=\"og:image\" content=\"https:\/\/www.celttv.com.ar\/wp-content\/uploads\/2024\/09\/Charla-residuos-y-compost-sierra-1-Medium.png\" \/>\n\t<meta property=\"og:image:width\" content=\"768\" \/>\n\t<meta property=\"og:image:height\" content=\"956\" \/>\n\t<meta property=\"og:image:type\" content=\"image\/png\" \/>\n<meta name=\"author\" content=\"Miguel Herrada\" \/>\n<meta name=\"twitter:card\" content=\"summary_large_image\" \/>\n<meta name=\"twitter:label1\" content=\"Escrito por\" \/>\n\t<meta name=\"twitter:data1\" content=\"Miguel Herrada\" \/>\n<script type=\"application\/ld+json\" class=\"yoast-schema-graph\">{\"@context\":\"https:\/\/schema.org\",\"@graph\":[{\"@type\":\"NewsArticle\",\"@id\":\"https:\/\/www.celttv.com.ar\/index.php\/2024\/09\/03\/sierra-de-la-ventana-se-viene-una-charla-abierta-sobre-tratamiento-de-residuos-y-compostaje\/#article\",\"isPartOf\":{\"@id\":\"https:\/\/www.celttv.com.ar\/index.php\/2024\/09\/03\/sierra-de-la-ventana-se-viene-una-charla-abierta-sobre-tratamiento-de-residuos-y-compostaje\/\"},\"author\":{\"name\":\"Miguel Herrada\",\"@id\":\"https:\/\/www.celttv.com.ar\/#\/schema\/person\/9059dc91dc7204ef4182cdb65225f07d\"},\"headline\":\"Sierra de la Ventana: Se viene una charla abierta sobre tratamiento de residuos y compostaje\",\"datePublished\":\"2024-09-03T22:59:52+00:00\",\"dateModified\":\"2024-09-03T22:59:52+00:00\",\"mainEntityOfPage\":{\"@id\":\"https:\/\/www.celttv.com.ar\/index.php\/2024\/09\/03\/sierra-de-la-ventana-se-viene-una-charla-abierta-sobre-tratamiento-de-residuos-y-compostaje\/\"},\"wordCount\":109,\"publisher\":{\"@id\":\"https:\/\/www.celttv.com.ar\/#organization\"},\"articleSection\":[\"Producci\u00f3n y Medio Ambiente\"],\"inLanguage\":\"es\"},{\"@type\":\"WebPage\",\"@id\":\"https:\/\/www.celttv.com.ar\/index.php\/2024\/09\/03\/sierra-de-la-ventana-se-viene-una-charla-abierta-sobre-tratamiento-de-residuos-y-compostaje\/\",\"url\":\"https:\/\/www.celttv.com.ar\/index.php\/2024\/09\/03\/sierra-de-la-ventana-se-viene-una-charla-abierta-sobre-tratamiento-de-residuos-y-compostaje\/\",\"name\":\"Sierra de la Ventana: Se viene una charla abierta sobre tratamiento de residuos y compostaje - CELTTV\",\"isPartOf\":{\"@id\":\"https:\/\/www.celttv.com.ar\/#website\"},\"datePublished\":\"2024-09-03T22:59:52+00:00\",\"dateModified\":\"2024-09-03T22:59:52+00:00\",\"description\":\"Sitio web de noticias de la localidad de Tornquist, provincia de Buenos Aires, Rep\u00fablica Argentina. Contenido propio originado por periodistas de CELTTV, el canal de TV local de la Cooperativa El\u00e9ctrica de Tornquist. Turismo, Pol\u00edtica, Sociedad, Deporte, Cultura y todo el contenido de inter\u00e9s general que la gente del pueblo y la regi\u00f3n debe conocer.\",\"breadcrumb\":{\"@id\":\"https:\/\/www.celttv.com.ar\/index.php\/2024\/09\/03\/sierra-de-la-ventana-se-viene-una-charla-abierta-sobre-tratamiento-de-residuos-y-compostaje\/#breadcrumb\"},\"inLanguage\":\"es\",\"potentialAction\":[{\"@type\":\"ReadAction\",\"target\":[\"https:\/\/www.celttv.com.ar\/index.php\/2024\/09\/03\/sierra-de-la-ventana-se-viene-una-charla-abierta-sobre-tratamiento-de-residuos-y-compostaje\/\"]}]},{\"@type\":\"BreadcrumbList\",\"@id\":\"https:\/\/www.celttv.com.ar\/index.php\/2024\/09\/03\/sierra-de-la-ventana-se-viene-una-charla-abierta-sobre-tratamiento-de-residuos-y-compostaje\/#breadcrumb\",\"itemListElement\":[{\"@type\":\"ListItem\",\"position\":1,\"name\":\"Inicio\",\"item\":\"https:\/\/www.celttv.com.ar\/\"},{\"@type\":\"ListItem\",\"position\":2,\"name\":\"Sierra de la Ventana: Se viene una charla abierta sobre tratamiento de residuos y compostaje\"}]},{\"@type\":\"WebSite\",\"@id\":\"https:\/\/www.celttv.com.ar\/#website\",\"url\":\"https:\/\/www.celttv.com.ar\/\",\"name\":\"CELTTV\",\"description\":\"Cooperativa El\u00e9ctrica de Tornquist\",\"publisher\":{\"@id\":\"https:\/\/www.celttv.com.ar\/#organization\"},\"potentialAction\":[{\"@type\":\"SearchAction\",\"target\":{\"@type\":\"EntryPoint\",\"urlTemplate\":\"https:\/\/www.celttv.com.ar\/?s={search_term_string}\"},\"query-input\":\"required name=search_term_string\"}],\"inLanguage\":\"es\"},{\"@type\":\"Organization\",\"@id\":\"https:\/\/www.celttv.com.ar\/#organization\",\"name\":\"CELTTV\",\"url\":\"https:\/\/www.celttv.com.ar\/\",\"sameAs\":[\"https:\/\/www.youtube.com\/channel\/UCz_oIt8Hig64Ub-EmcNPIhg\",\"https:\/\/www.facebook.com\/celtTV\/\"],\"logo\":{\"@type\":\"ImageObject\",\"inLanguage\":\"es\",\"@id\":\"https:\/\/www.celttv.com.ar\/#\/schema\/logo\/image\/\",\"url\":\"http:\/\/www.celttv.com.ar\/wp-content\/uploads\/2022\/08\/logo-1.png\",\"contentUrl\":\"http:\/\/www.celttv.com.ar\/wp-content\/uploads\/2022\/08\/logo-1.png\",\"width\":461,\"height\":159,\"caption\":\"CELTTV\"},\"image\":{\"@id\":\"https:\/\/www.celttv.com.ar\/#\/schema\/logo\/image\/\"}},{\"@type\":\"Person\",\"@id\":\"https:\/\/www.celttv.com.ar\/#\/schema\/person\/9059dc91dc7204ef4182cdb65225f07d\",\"name\":\"Miguel Herrada\",\"image\":{\"@type\":\"ImageObject\",\"inLanguage\":\"es\",\"@id\":\"https:\/\/www.celttv.com.ar\/#\/schema\/person\/image\/\",\"url\":\"https:\/\/secure.gravatar.com\/avatar\/67724d5b3c716623ffd76bec7e45841a442ac3b456e914dbba90b0fad2b8e0b1?s=96&d=mm&r=g\",\"contentUrl\":\"https:\/\/secure.gravatar.com\/avatar\/67724d5b3c716623ffd76bec7e45841a442ac3b456e914dbba90b0fad2b8e0b1?s=96&d=mm&r=g\",\"caption\":\"Miguel Herrada\"}}]}<\/script>\n<!-- \/ Yoast SEO plugin. -->","yoast_head_json":{"title":"Sierra de la Ventana: Se viene una charla abierta sobre tratamiento de residuos y compostaje - CELTTV","description":"Sitio web de noticias de la localidad de Tornquist, provincia de Buenos Aires, Rep\u00fablica Argentina. Contenido propio originado por periodistas de CELTTV, el canal de TV local de la Cooperativa El\u00e9ctrica de Tornquist. Turismo, Pol\u00edtica, Sociedad, Deporte, Cultura y todo el contenido de inter\u00e9s general que la gente del pueblo y la regi\u00f3n debe conocer.","robots":{"index":"index","follow":"follow","max-snippet":"max-snippet:-1","max-image-preview":"max-image-preview:large","max-video-preview":"max-video-preview:-1"},"canonical":"https:\/\/www.celttv.com.ar\/index.php\/2024\/09\/03\/sierra-de-la-ventana-se-viene-una-charla-abierta-sobre-tratamiento-de-residuos-y-compostaje\/","og_locale":"es_ES","og_type":"article","og_title":"Sierra de la Ventana: Se viene una charla abierta sobre tratamiento de residuos y compostaje - CELTTV","og_description":"Sitio web de noticias de la localidad de Tornquist, provincia de Buenos Aires, Rep\u00fablica Argentina. Contenido propio originado por periodistas de CELTTV, el canal de TV local de la Cooperativa El\u00e9ctrica de Tornquist. Turismo, Pol\u00edtica, Sociedad, Deporte, Cultura y todo el contenido de inter\u00e9s general que la gente del pueblo y la regi\u00f3n debe conocer.","og_url":"https:\/\/www.celttv.com.ar\/index.php\/2024\/09\/03\/sierra-de-la-ventana-se-viene-una-charla-abierta-sobre-tratamiento-de-residuos-y-compostaje\/","og_site_name":"CELTTV","article_publisher":"https:\/\/www.facebook.com\/celtTV\/","article_published_time":"2024-09-03T22:59:52+00:00","og_image":[{"width":768,"height":956,"url":"https:\/\/www.celttv.com.ar\/wp-content\/uploads\/2024\/09\/Charla-residuos-y-compost-sierra-1-Medium.png","type":"image\/png"}],"author":"Miguel Herrada","twitter_card":"summary_large_image","twitter_misc":{"Escrito por":"Miguel Herrada"},"schema":{"@context":"https:\/\/schema.org","@graph":[{"@type":"NewsArticle","@id":"https:\/\/www.celttv.com.ar\/index.php\/2024\/09\/03\/sierra-de-la-ventana-se-viene-una-charla-abierta-sobre-tratamiento-de-residuos-y-compostaje\/#article","isPartOf":{"@id":"https:\/\/www.celttv.com.ar\/index.php\/2024\/09\/03\/sierra-de-la-ventana-se-viene-una-charla-abierta-sobre-tratamiento-de-residuos-y-compostaje\/"},"author":{"name":"Miguel Herrada","@id":"https:\/\/www.celttv.com.ar\/#\/schema\/person\/9059dc91dc7204ef4182cdb65225f07d"},"headline":"Sierra de la Ventana: Se viene una charla abierta sobre tratamiento de residuos y compostaje","datePublished":"2024-09-03T22:59:52+00:00","dateModified":"2024-09-03T22:59:52+00:00","mainEntityOfPage":{"@id":"https:\/\/www.celttv.com.ar\/index.php\/2024\/09\/03\/sierra-de-la-ventana-se-viene-una-charla-abierta-sobre-tratamiento-de-residuos-y-compostaje\/"},"wordCount":109,"publisher":{"@id":"https:\/\/www.celttv.com.ar\/#organization"},"articleSection":["Producci\u00f3n y Medio Ambiente"],"inLanguage":"es"},{"@type":"WebPage","@id":"https:\/\/www.celttv.com.ar\/index.php\/2024\/09\/03\/sierra-de-la-ventana-se-viene-una-charla-abierta-sobre-tratamiento-de-residuos-y-compostaje\/","url":"https:\/\/www.celttv.com.ar\/index.php\/2024\/09\/03\/sierra-de-la-ventana-se-viene-una-charla-abierta-sobre-tratamiento-de-residuos-y-compostaje\/","name":"Sierra de la Ventana: Se viene una charla abierta sobre tratamiento de residuos y compostaje - CELTTV","isPartOf":{"@id":"https:\/\/www.celttv.com.ar\/#website"},"datePublished":"2024-09-03T22:59:52+00:00","dateModified":"2024-09-03T22:59:52+00:00","description":"Sitio web de noticias de la localidad de Tornquist, provincia de Buenos Aires, Rep\u00fablica Argentina. Contenido propio originado por periodistas de CELTTV, el canal de TV local de la Cooperativa El\u00e9ctrica de Tornquist. Turismo, Pol\u00edtica, Sociedad, Deporte, Cultura y todo el contenido de inter\u00e9s general que la gente del pueblo y la regi\u00f3n debe conocer.","breadcrumb":{"@id":"https:\/\/www.celttv.com.ar\/index.php\/2024\/09\/03\/sierra-de-la-ventana-se-viene-una-charla-abierta-sobre-tratamiento-de-residuos-y-compostaje\/#breadcrumb"},"inLanguage":"es","potentialAction":[{"@type":"ReadAction","target":["https:\/\/www.celttv.com.ar\/index.php\/2024\/09\/03\/sierra-de-la-ventana-se-viene-una-charla-abierta-sobre-tratamiento-de-residuos-y-compostaje\/"]}]},{"@type":"BreadcrumbList","@id":"https:\/\/www.celttv.com.ar\/index.php\/2024\/09\/03\/sierra-de-la-ventana-se-viene-una-charla-abierta-sobre-tratamiento-de-residuos-y-compostaje\/#breadcrumb","itemListElement":[{"@type":"ListItem","position":1,"name":"Inicio","item":"https:\/\/www.celttv.com.ar\/"},{"@type":"ListItem","position":2,"name":"Sierra de la Ventana: Se viene una charla abierta sobre tratamiento de residuos y compostaje"}]},{"@type":"WebSite","@id":"https:\/\/www.celttv.com.ar\/#website","url":"https:\/\/www.celttv.com.ar\/","name":"CELTTV","description":"Cooperativa El\u00e9ctrica de Tornquist","publisher":{"@id":"https:\/\/www.celttv.com.ar\/#organization"},"potentialAction":[{"@type":"SearchAction","target":{"@type":"EntryPoint","urlTemplate":"https:\/\/www.celttv.com.ar\/?s={search_term_string}"},"query-input":"required name=search_term_string"}],"inLanguage":"es"},{"@type":"Organization","@id":"https:\/\/www.celttv.com.ar\/#organization","name":"CELTTV","url":"https:\/\/www.celttv.com.ar\/","sameAs":["https:\/\/www.youtube.com\/channel\/UCz_oIt8Hig64Ub-EmcNPIhg","https:\/\/www.facebook.com\/celtTV\/"],"logo":{"@type":"ImageObject","inLanguage":"es","@id":"https:\/\/www.celttv.com.ar\/#\/schema\/logo\/image\/","url":"http:\/\/www.celttv.com.ar\/wp-content\/uploads\/2022\/08\/logo-1.png","contentUrl":"http:\/\/www.celttv.com.ar\/wp-content\/uploads\/2022\/08\/logo-1.png","width":461,"height":159,"caption":"CELTTV"},"image":{"@id":"https:\/\/www.celttv.com.ar\/#\/schema\/logo\/image\/"}},{"@type":"Person","@id":"https:\/\/www.celttv.com.ar\/#\/schema\/person\/9059dc91dc7204ef4182cdb65225f07d","name":"Miguel Herrada","image":{"@type":"ImageObject","inLanguage":"es","@id":"https:\/\/www.celttv.com.ar\/#\/schema\/person\/image\/","url":"https:\/\/secure.gravatar.com\/avatar\/67724d5b3c716623ffd76bec7e45841a442ac3b456e914dbba90b0fad2b8e0b1?s=96&d=mm&r=g","contentUrl":"https:\/\/secure.gravatar.com\/avatar\/67724d5b3c716623ffd76bec7e45841a442ac3b456e914dbba90b0fad2b8e0b1?s=96&d=mm&r=g","caption":"Miguel Herrada"}}]}},"_links":{"self":[{"href":"https:\/\/www.celttv.com.ar\/index.php\/wp-json\/wp\/v2\/posts\/85915","targetHints":{"allow":["GET"]}}],"collection":[{"href":"https:\/\/www.celttv.com.ar\/index.php\/wp-json\/wp\/v2\/posts"}],"about":[{"href":"https:\/\/www.celttv.com.ar\/index.php\/wp-json\/wp\/v2\/types\/post"}],"author":[{"embeddable":true,"href":"https:\/\/www.celttv.com.ar\/index.php\/wp-json\/wp\/v2\/users\/5"}],"replies":[{"embeddable":true,"href":"https:\/\/www.celttv.com.ar\/index.php\/wp-json\/wp\/v2\/comments?post=85915"}],"version-history":[{"count":1,"href":"https:\/\/www.celttv.com.ar\/index.php\/wp-json\/wp\/v2\/posts\/85915\/revisions"}],"predecessor-version":[{"id":85917,"href":"https:\/\/www.celttv.com.ar\/index.php\/wp-json\/wp\/v2\/posts\/85915\/revisions\/85917"}],"wp:featuredmedia":[{"embeddable":true,"href":"https:\/\/www.celttv.com.ar\/index.php\/wp-json\/wp\/v2\/media\/85916"}],"wp:attachment":[{"href":"https:\/\/www.celttv.com.ar\/index.php\/wp-json\/wp\/v2\/media?parent=85915"}],"wp:term":[{"taxonomy":"category","embeddable":true,"href":"https:\/\/www.celttv.com.ar\/index.php\/wp-json\/wp\/v2\/categories?post=85915"},{"taxonomy":"post_tag","embeddable":true,"href":"https:\/\/www.celttv.com.ar\/index.php\/wp-json\/wp\/v2\/tags?post=85915"}],"curies":[{"name":"wp","href":"https:\/\/api.w.org\/{rel}","templated":true}]}}