{"id":8609,"date":"2012-10-22T19:34:34","date_gmt":"2012-10-22T19:34:34","guid":{"rendered":"http:\/\/www.tvcnoticias.com.ar\/?p=8609"},"modified":"2012-10-22T19:34:34","modified_gmt":"2012-10-22T19:34:34","slug":"ambiente-comarca-jornada-debate-sobre-el-uso-de-agroquimicos-ventanas-abiertas-al-aire-puro","status":"publish","type":"post","link":"https:\/\/www.celttv.com.ar\/index.php\/2012\/10\/22\/ambiente-comarca-jornada-debate-sobre-el-uso-de-agroquimicos-ventanas-abiertas-al-aire-puro\/","title":{"rendered":"AMBIENTE COMARCA: JORNADA DEBATE SOBRE EL USO DE AGROQUIMICOS &#8220;VENTANAS ABIERTAS AL AIRE PURO&#8221;"},"content":{"rendered":"<p><span style=\"color: #000000;\"><span style=\"font-family: Arial, serif;\"><span style=\"font-size: small;\"><a rel=\"attachment wp-att-8610\" href=\"http:\/\/www.tvcnoticias.com.ar\/?attachment_id=8610\"><img loading=\"lazy\" decoding=\"async\" class=\"aligncenter size-full wp-image-8610\" title=\"1385 - AVISO AMBIENTE COMARCA (Small)\" src=\"http:\/\/www.tvcnoticias.com.ar\/wp-content\/uploads\/2012\/10\/1385-AVISO-AMBIENTE-COMARCA-Small.jpg\" alt=\"\" width=\"640\" height=\"419\" \/><\/a><\/span><\/span><\/span><br \/>\n<span style=\"color: #000000;\"><span style=\"font-family: Arial, serif;\"><span style=\"font-size: small;\">ONG Ambiente Comarca invita a la Jornada debate sobre el uso de agroqu\u00edmicos <\/span><\/span><\/span><span style=\"color: #000000;\"><span style=\"font-family: Arial, serif;\"><span style=\"font-size: small;\"><strong>\u201cVentanas abiertas al aire puro\u201d<\/strong><\/span><\/span><\/span><span style=\"color: #000000;\"><span style=\"font-family: Arial, serif;\"><span style=\"font-size: small;\">, a realizarse el d\u00eda viernes 2 de noviembre de 2012 a las 19:00 horas en el SUM de la Escuela Primaria N\u00b0 6, sita en calle Alberdi entre Roca y Malvinas de la localidad de Sierra de la Ventana.<\/span><\/span><\/span><br \/>\n<span style=\"color: #000000;\"><span style=\"font-family: Arial, serif;\"><span style=\"font-size: small;\">La misma estar\u00e1 a cargo de la Dra. Graciela Cristina G\u00f3mez, Abogada, Escribana, miembro de la Comisi\u00f3n de Medio Ambiente CPACF y periodista ambiental.<\/span><\/span><\/span><br \/>\n<span style=\"color: #000000;\"><span style=\"font-family: Arial, serif;\"><span style=\"font-size: small;\">Se abordar\u00e1 la problem\u00e1tica de los agroqu\u00edmicos debatiendo sus diferentes contextos: efectos nocivos sobre la salud de las personas y la calidad del medio ambiente \u2013 legislaciones municipales, provinciales y nacionales \u2013 alimentos transg\u00e9nicos \u2013 el sistema productivo del agronegocio \u2013 etc., posibilitando as\u00ed la concientizaci\u00f3n de la poblaci\u00f3n y la participaci\u00f3n en un espacio de debate sobre el tema, el cual actualmente se est\u00e1 discutiendo en nuestro Concejo Deliberante de Tornquist para lograr una ordenanza regulatoria.<\/span><\/span><\/span><\/p>\n","protected":false},"excerpt":{"rendered":"<p>ONG Ambiente Comarca invita a la Jornada debate sobre el uso de agroqu\u00edmicos \u201cVentanas abiertas al aire puro\u201d, a realizarse el d\u00eda viernes 2 de noviembre de 2012 a las 19:00 horas en el SUM de la Escuela Primaria N\u00b0 6, sita en calle Alberdi entre Roca y Malvinas de la localidad de Sierra de [&hellip;]<\/p>\n","protected":false},"author":1,"featured_media":0,"comment_status":"closed","ping_status":"open","sticky":false,"template":"","format":"standard","meta":{"footnotes":""},"categories":[51,52],"tags":[],"class_list":["post-8609","post","type-post","status-publish","format-standard","hentry","category-comunidad","category-destacadas"],"yoast_head":"<!-- This site is optimized with the Yoast SEO plugin v19.7.1 - https:\/\/yoast.com\/wordpress\/plugins\/seo\/ -->\n<title>AMBIENTE COMARCA: JORNADA DEBATE SOBRE EL USO DE AGROQUIMICOS &quot;VENTANAS ABIERTAS AL AIRE PURO&quot; - CELTTV<\/title>\n<meta name=\"description\" content=\"Sitio web de noticias de la localidad de Tornquist, provincia de Buenos Aires, Rep\u00fablica Argentina. Contenido propio originado por periodistas de CELTTV, el canal de TV local de la Cooperativa El\u00e9ctrica de Tornquist. Turismo, Pol\u00edtica, Sociedad, Deporte, Cultura y todo el contenido de inter\u00e9s general que la gente del pueblo y la regi\u00f3n debe conocer.\" \/>\n<meta name=\"robots\" content=\"index, follow, max-snippet:-1, max-image-preview:large, max-video-preview:-1\" \/>\n<link rel=\"canonical\" href=\"https:\/\/www.celttv.com.ar\/index.php\/2012\/10\/22\/ambiente-comarca-jornada-debate-sobre-el-uso-de-agroquimicos-ventanas-abiertas-al-aire-puro\/\" \/>\n<meta property=\"og:locale\" content=\"es_ES\" \/>\n<meta property=\"og:type\" content=\"article\" \/>\n<meta property=\"og:title\" content=\"AMBIENTE COMARCA: JORNADA DEBATE SOBRE EL USO DE AGROQUIMICOS &quot;VENTANAS ABIERTAS AL AIRE PURO&quot; - CELTTV\" \/>\n<meta property=\"og:description\" content=\"Sitio web de noticias de la localidad de Tornquist, provincia de Buenos Aires, Rep\u00fablica Argentina. Contenido propio originado por periodistas de CELTTV, el canal de TV local de la Cooperativa El\u00e9ctrica de Tornquist. Turismo, Pol\u00edtica, Sociedad, Deporte, Cultura y todo el contenido de inter\u00e9s general que la gente del pueblo y la regi\u00f3n debe conocer.\" \/>\n<meta property=\"og:url\" content=\"https:\/\/www.celttv.com.ar\/index.php\/2012\/10\/22\/ambiente-comarca-jornada-debate-sobre-el-uso-de-agroquimicos-ventanas-abiertas-al-aire-puro\/\" \/>\n<meta property=\"og:site_name\" content=\"CELTTV\" \/>\n<meta property=\"article:publisher\" content=\"https:\/\/www.facebook.com\/celtTV\/\" \/>\n<meta property=\"article:published_time\" content=\"2012-10-22T19:34:34+00:00\" \/>\n<meta property=\"og:image\" content=\"http:\/\/www.tvcnoticias.com.ar\/wp-content\/uploads\/2012\/10\/1385-AVISO-AMBIENTE-COMARCA-Small.jpg\" \/>\n<meta name=\"author\" content=\"ulises\" \/>\n<meta name=\"twitter:card\" content=\"summary_large_image\" \/>\n<meta name=\"twitter:label1\" content=\"Escrito por\" \/>\n\t<meta name=\"twitter:data1\" content=\"ulises\" \/>\n\t<meta name=\"twitter:label2\" content=\"Tiempo de lectura\" \/>\n\t<meta name=\"twitter:data2\" content=\"1 minuto\" \/>\n<script type=\"application\/ld+json\" class=\"yoast-schema-graph\">{\"@context\":\"https:\/\/schema.org\",\"@graph\":[{\"@type\":\"NewsArticle\",\"@id\":\"https:\/\/www.celttv.com.ar\/index.php\/2012\/10\/22\/ambiente-comarca-jornada-debate-sobre-el-uso-de-agroquimicos-ventanas-abiertas-al-aire-puro\/#article\",\"isPartOf\":{\"@id\":\"https:\/\/www.celttv.com.ar\/index.php\/2012\/10\/22\/ambiente-comarca-jornada-debate-sobre-el-uso-de-agroquimicos-ventanas-abiertas-al-aire-puro\/\"},\"author\":{\"name\":\"ulises\",\"@id\":\"https:\/\/www.celttv.com.ar\/#\/schema\/person\/6d99c072dba59953809c81446e9d0ace\"},\"headline\":\"AMBIENTE COMARCA: JORNADA DEBATE SOBRE EL USO DE AGROQUIMICOS &#8220;VENTANAS ABIERTAS AL AIRE PURO&#8221;\",\"datePublished\":\"2012-10-22T19:34:34+00:00\",\"dateModified\":\"2012-10-22T19:34:34+00:00\",\"mainEntityOfPage\":{\"@id\":\"https:\/\/www.celttv.com.ar\/index.php\/2012\/10\/22\/ambiente-comarca-jornada-debate-sobre-el-uso-de-agroquimicos-ventanas-abiertas-al-aire-puro\/\"},\"wordCount\":174,\"publisher\":{\"@id\":\"https:\/\/www.celttv.com.ar\/#organization\"},\"articleSection\":[\"Comunidad\",\"Destacadas\"],\"inLanguage\":\"es\"},{\"@type\":\"WebPage\",\"@id\":\"https:\/\/www.celttv.com.ar\/index.php\/2012\/10\/22\/ambiente-comarca-jornada-debate-sobre-el-uso-de-agroquimicos-ventanas-abiertas-al-aire-puro\/\",\"url\":\"https:\/\/www.celttv.com.ar\/index.php\/2012\/10\/22\/ambiente-comarca-jornada-debate-sobre-el-uso-de-agroquimicos-ventanas-abiertas-al-aire-puro\/\",\"name\":\"AMBIENTE COMARCA: JORNADA DEBATE SOBRE EL USO DE AGROQUIMICOS \\\"VENTANAS ABIERTAS AL AIRE PURO\\\" - CELTTV\",\"isPartOf\":{\"@id\":\"https:\/\/www.celttv.com.ar\/#website\"},\"datePublished\":\"2012-10-22T19:34:34+00:00\",\"dateModified\":\"2012-10-22T19:34:34+00:00\",\"description\":\"Sitio web de noticias de la localidad de Tornquist, provincia de Buenos Aires, Rep\u00fablica Argentina. Contenido propio originado por periodistas de CELTTV, el canal de TV local de la Cooperativa El\u00e9ctrica de Tornquist. Turismo, Pol\u00edtica, Sociedad, Deporte, Cultura y todo el contenido de inter\u00e9s general que la gente del pueblo y la regi\u00f3n debe conocer.\",\"breadcrumb\":{\"@id\":\"https:\/\/www.celttv.com.ar\/index.php\/2012\/10\/22\/ambiente-comarca-jornada-debate-sobre-el-uso-de-agroquimicos-ventanas-abiertas-al-aire-puro\/#breadcrumb\"},\"inLanguage\":\"es\",\"potentialAction\":[{\"@type\":\"ReadAction\",\"target\":[\"https:\/\/www.celttv.com.ar\/index.php\/2012\/10\/22\/ambiente-comarca-jornada-debate-sobre-el-uso-de-agroquimicos-ventanas-abiertas-al-aire-puro\/\"]}]},{\"@type\":\"BreadcrumbList\",\"@id\":\"https:\/\/www.celttv.com.ar\/index.php\/2012\/10\/22\/ambiente-comarca-jornada-debate-sobre-el-uso-de-agroquimicos-ventanas-abiertas-al-aire-puro\/#breadcrumb\",\"itemListElement\":[{\"@type\":\"ListItem\",\"position\":1,\"name\":\"Inicio\",\"item\":\"https:\/\/www.celttv.com.ar\/\"},{\"@type\":\"ListItem\",\"position\":2,\"name\":\"AMBIENTE COMARCA: JORNADA DEBATE SOBRE EL USO DE AGROQUIMICOS &#8220;VENTANAS ABIERTAS AL AIRE PURO&#8221;\"}]},{\"@type\":\"WebSite\",\"@id\":\"https:\/\/www.celttv.com.ar\/#website\",\"url\":\"https:\/\/www.celttv.com.ar\/\",\"name\":\"CELTTV\",\"description\":\"Cooperativa El\u00e9ctrica de Tornquist\",\"publisher\":{\"@id\":\"https:\/\/www.celttv.com.ar\/#organization\"},\"potentialAction\":[{\"@type\":\"SearchAction\",\"target\":{\"@type\":\"EntryPoint\",\"urlTemplate\":\"https:\/\/www.celttv.com.ar\/?s={search_term_string}\"},\"query-input\":\"required name=search_term_string\"}],\"inLanguage\":\"es\"},{\"@type\":\"Organization\",\"@id\":\"https:\/\/www.celttv.com.ar\/#organization\",\"name\":\"CELTTV\",\"url\":\"https:\/\/www.celttv.com.ar\/\",\"sameAs\":[\"https:\/\/www.youtube.com\/channel\/UCz_oIt8Hig64Ub-EmcNPIhg\",\"https:\/\/www.facebook.com\/celtTV\/\"],\"logo\":{\"@type\":\"ImageObject\",\"inLanguage\":\"es\",\"@id\":\"https:\/\/www.celttv.com.ar\/#\/schema\/logo\/image\/\",\"url\":\"http:\/\/www.celttv.com.ar\/wp-content\/uploads\/2022\/08\/logo-1.png\",\"contentUrl\":\"http:\/\/www.celttv.com.ar\/wp-content\/uploads\/2022\/08\/logo-1.png\",\"width\":461,\"height\":159,\"caption\":\"CELTTV\"},\"image\":{\"@id\":\"https:\/\/www.celttv.com.ar\/#\/schema\/logo\/image\/\"}},{\"@type\":\"Person\",\"@id\":\"https:\/\/www.celttv.com.ar\/#\/schema\/person\/6d99c072dba59953809c81446e9d0ace\",\"name\":\"ulises\",\"image\":{\"@type\":\"ImageObject\",\"inLanguage\":\"es\",\"@id\":\"https:\/\/www.celttv.com.ar\/#\/schema\/person\/image\/\",\"url\":\"https:\/\/secure.gravatar.com\/avatar\/7f2c48bdc33b30088f941fb6082e555f2874c98e20cb159d7b92b50eadfce793?s=96&d=mm&r=g\",\"contentUrl\":\"https:\/\/secure.gravatar.com\/avatar\/7f2c48bdc33b30088f941fb6082e555f2874c98e20cb159d7b92b50eadfce793?s=96&d=mm&r=g\",\"caption\":\"ulises\"},\"sameAs\":[\"http:\/\/www.celttv.com.ar\"]}]}<\/script>\n<!-- \/ Yoast SEO plugin. -->","yoast_head_json":{"title":"AMBIENTE COMARCA: JORNADA DEBATE SOBRE EL USO DE AGROQUIMICOS \"VENTANAS ABIERTAS AL AIRE PURO\" - CELTTV","description":"Sitio web de noticias de la localidad de Tornquist, provincia de Buenos Aires, Rep\u00fablica Argentina. Contenido propio originado por periodistas de CELTTV, el canal de TV local de la Cooperativa El\u00e9ctrica de Tornquist. Turismo, Pol\u00edtica, Sociedad, Deporte, Cultura y todo el contenido de inter\u00e9s general que la gente del pueblo y la regi\u00f3n debe conocer.","robots":{"index":"index","follow":"follow","max-snippet":"max-snippet:-1","max-image-preview":"max-image-preview:large","max-video-preview":"max-video-preview:-1"},"canonical":"https:\/\/www.celttv.com.ar\/index.php\/2012\/10\/22\/ambiente-comarca-jornada-debate-sobre-el-uso-de-agroquimicos-ventanas-abiertas-al-aire-puro\/","og_locale":"es_ES","og_type":"article","og_title":"AMBIENTE COMARCA: JORNADA DEBATE SOBRE EL USO DE AGROQUIMICOS \"VENTANAS ABIERTAS AL AIRE PURO\" - CELTTV","og_description":"Sitio web de noticias de la localidad de Tornquist, provincia de Buenos Aires, Rep\u00fablica Argentina. Contenido propio originado por periodistas de CELTTV, el canal de TV local de la Cooperativa El\u00e9ctrica de Tornquist. Turismo, Pol\u00edtica, Sociedad, Deporte, Cultura y todo el contenido de inter\u00e9s general que la gente del pueblo y la regi\u00f3n debe conocer.","og_url":"https:\/\/www.celttv.com.ar\/index.php\/2012\/10\/22\/ambiente-comarca-jornada-debate-sobre-el-uso-de-agroquimicos-ventanas-abiertas-al-aire-puro\/","og_site_name":"CELTTV","article_publisher":"https:\/\/www.facebook.com\/celtTV\/","article_published_time":"2012-10-22T19:34:34+00:00","og_image":[{"url":"http:\/\/www.tvcnoticias.com.ar\/wp-content\/uploads\/2012\/10\/1385-AVISO-AMBIENTE-COMARCA-Small.jpg"}],"author":"ulises","twitter_card":"summary_large_image","twitter_misc":{"Escrito por":"ulises","Tiempo de lectura":"1 minuto"},"schema":{"@context":"https:\/\/schema.org","@graph":[{"@type":"NewsArticle","@id":"https:\/\/www.celttv.com.ar\/index.php\/2012\/10\/22\/ambiente-comarca-jornada-debate-sobre-el-uso-de-agroquimicos-ventanas-abiertas-al-aire-puro\/#article","isPartOf":{"@id":"https:\/\/www.celttv.com.ar\/index.php\/2012\/10\/22\/ambiente-comarca-jornada-debate-sobre-el-uso-de-agroquimicos-ventanas-abiertas-al-aire-puro\/"},"author":{"name":"ulises","@id":"https:\/\/www.celttv.com.ar\/#\/schema\/person\/6d99c072dba59953809c81446e9d0ace"},"headline":"AMBIENTE COMARCA: JORNADA DEBATE SOBRE EL USO DE AGROQUIMICOS &#8220;VENTANAS ABIERTAS AL AIRE PURO&#8221;","datePublished":"2012-10-22T19:34:34+00:00","dateModified":"2012-10-22T19:34:34+00:00","mainEntityOfPage":{"@id":"https:\/\/www.celttv.com.ar\/index.php\/2012\/10\/22\/ambiente-comarca-jornada-debate-sobre-el-uso-de-agroquimicos-ventanas-abiertas-al-aire-puro\/"},"wordCount":174,"publisher":{"@id":"https:\/\/www.celttv.com.ar\/#organization"},"articleSection":["Comunidad","Destacadas"],"inLanguage":"es"},{"@type":"WebPage","@id":"https:\/\/www.celttv.com.ar\/index.php\/2012\/10\/22\/ambiente-comarca-jornada-debate-sobre-el-uso-de-agroquimicos-ventanas-abiertas-al-aire-puro\/","url":"https:\/\/www.celttv.com.ar\/index.php\/2012\/10\/22\/ambiente-comarca-jornada-debate-sobre-el-uso-de-agroquimicos-ventanas-abiertas-al-aire-puro\/","name":"AMBIENTE COMARCA: JORNADA DEBATE SOBRE EL USO DE AGROQUIMICOS \"VENTANAS ABIERTAS AL AIRE PURO\" - CELTTV","isPartOf":{"@id":"https:\/\/www.celttv.com.ar\/#website"},"datePublished":"2012-10-22T19:34:34+00:00","dateModified":"2012-10-22T19:34:34+00:00","description":"Sitio web de noticias de la localidad de Tornquist, provincia de Buenos Aires, Rep\u00fablica Argentina. Contenido propio originado por periodistas de CELTTV, el canal de TV local de la Cooperativa El\u00e9ctrica de Tornquist. Turismo, Pol\u00edtica, Sociedad, Deporte, Cultura y todo el contenido de inter\u00e9s general que la gente del pueblo y la regi\u00f3n debe conocer.","breadcrumb":{"@id":"https:\/\/www.celttv.com.ar\/index.php\/2012\/10\/22\/ambiente-comarca-jornada-debate-sobre-el-uso-de-agroquimicos-ventanas-abiertas-al-aire-puro\/#breadcrumb"},"inLanguage":"es","potentialAction":[{"@type":"ReadAction","target":["https:\/\/www.celttv.com.ar\/index.php\/2012\/10\/22\/ambiente-comarca-jornada-debate-sobre-el-uso-de-agroquimicos-ventanas-abiertas-al-aire-puro\/"]}]},{"@type":"BreadcrumbList","@id":"https:\/\/www.celttv.com.ar\/index.php\/2012\/10\/22\/ambiente-comarca-jornada-debate-sobre-el-uso-de-agroquimicos-ventanas-abiertas-al-aire-puro\/#breadcrumb","itemListElement":[{"@type":"ListItem","position":1,"name":"Inicio","item":"https:\/\/www.celttv.com.ar\/"},{"@type":"ListItem","position":2,"name":"AMBIENTE COMARCA: JORNADA DEBATE SOBRE EL USO DE AGROQUIMICOS &#8220;VENTANAS ABIERTAS AL AIRE PURO&#8221;"}]},{"@type":"WebSite","@id":"https:\/\/www.celttv.com.ar\/#website","url":"https:\/\/www.celttv.com.ar\/","name":"CELTTV","description":"Cooperativa El\u00e9ctrica de Tornquist","publisher":{"@id":"https:\/\/www.celttv.com.ar\/#organization"},"potentialAction":[{"@type":"SearchAction","target":{"@type":"EntryPoint","urlTemplate":"https:\/\/www.celttv.com.ar\/?s={search_term_string}"},"query-input":"required name=search_term_string"}],"inLanguage":"es"},{"@type":"Organization","@id":"https:\/\/www.celttv.com.ar\/#organization","name":"CELTTV","url":"https:\/\/www.celttv.com.ar\/","sameAs":["https:\/\/www.youtube.com\/channel\/UCz_oIt8Hig64Ub-EmcNPIhg","https:\/\/www.facebook.com\/celtTV\/"],"logo":{"@type":"ImageObject","inLanguage":"es","@id":"https:\/\/www.celttv.com.ar\/#\/schema\/logo\/image\/","url":"http:\/\/www.celttv.com.ar\/wp-content\/uploads\/2022\/08\/logo-1.png","contentUrl":"http:\/\/www.celttv.com.ar\/wp-content\/uploads\/2022\/08\/logo-1.png","width":461,"height":159,"caption":"CELTTV"},"image":{"@id":"https:\/\/www.celttv.com.ar\/#\/schema\/logo\/image\/"}},{"@type":"Person","@id":"https:\/\/www.celttv.com.ar\/#\/schema\/person\/6d99c072dba59953809c81446e9d0ace","name":"ulises","image":{"@type":"ImageObject","inLanguage":"es","@id":"https:\/\/www.celttv.com.ar\/#\/schema\/person\/image\/","url":"https:\/\/secure.gravatar.com\/avatar\/7f2c48bdc33b30088f941fb6082e555f2874c98e20cb159d7b92b50eadfce793?s=96&d=mm&r=g","contentUrl":"https:\/\/secure.gravatar.com\/avatar\/7f2c48bdc33b30088f941fb6082e555f2874c98e20cb159d7b92b50eadfce793?s=96&d=mm&r=g","caption":"ulises"},"sameAs":["http:\/\/www.celttv.com.ar"]}]}},"_links":{"self":[{"href":"https:\/\/www.celttv.com.ar\/index.php\/wp-json\/wp\/v2\/posts\/8609","targetHints":{"allow":["GET"]}}],"collection":[{"href":"https:\/\/www.celttv.com.ar\/index.php\/wp-json\/wp\/v2\/posts"}],"about":[{"href":"https:\/\/www.celttv.com.ar\/index.php\/wp-json\/wp\/v2\/types\/post"}],"author":[{"embeddable":true,"href":"https:\/\/www.celttv.com.ar\/index.php\/wp-json\/wp\/v2\/users\/1"}],"replies":[{"embeddable":true,"href":"https:\/\/www.celttv.com.ar\/index.php\/wp-json\/wp\/v2\/comments?post=8609"}],"version-history":[{"count":0,"href":"https:\/\/www.celttv.com.ar\/index.php\/wp-json\/wp\/v2\/posts\/8609\/revisions"}],"wp:attachment":[{"href":"https:\/\/www.celttv.com.ar\/index.php\/wp-json\/wp\/v2\/media?parent=8609"}],"wp:term":[{"taxonomy":"category","embeddable":true,"href":"https:\/\/www.celttv.com.ar\/index.php\/wp-json\/wp\/v2\/categories?post=8609"},{"taxonomy":"post_tag","embeddable":true,"href":"https:\/\/www.celttv.com.ar\/index.php\/wp-json\/wp\/v2\/tags?post=8609"}],"curies":[{"name":"wp","href":"https:\/\/api.w.org\/{rel}","templated":true}]}}