{"id":86091,"date":"2024-09-17T21:24:50","date_gmt":"2024-09-18T00:24:50","guid":{"rendered":"https:\/\/www.celttv.com.ar\/?p=86091"},"modified":"2024-09-17T21:24:50","modified_gmt":"2024-09-18T00:24:50","slug":"sergio-bordoni-firmo-un-convenio-para-la-finalizacion-de-otras-10-viviendas-en-tornquist","status":"publish","type":"post","link":"https:\/\/www.celttv.com.ar\/index.php\/2024\/09\/17\/sergio-bordoni-firmo-un-convenio-para-la-finalizacion-de-otras-10-viviendas-en-tornquist\/","title":{"rendered":"Sergio Bordoni firm\u00f3 un convenio para la finalizaci\u00f3n de otras 10 viviendas en Tornquist"},"content":{"rendered":"<p>Este martes, el intendente municipal, Sergio Bordoni, firm\u00f3 un convenio para la finalizaci\u00f3n de las diez viviendas inconclusas del exPlan Buenos Aires Hogar, ubicado en el norte de la ciudad de Tornquist.<\/p>\n<p>La r\u00fabrica fue formalizada en la sede de la Caja de Retiros, Jubilaciones y Pensiones de las Polic\u00edas de la Provincia de Buenos Aires, que ser\u00e1 el ente encargado de financiar la obra y cuyos afiliados ser\u00e1n los beneficiarios de las unidades familiares.<\/p>\n<p>En la jornada estuvieron junto al jefe comunal de Tornquist, el Presidente de la Caja de Retiros, Dr. Carlos Enrique Langone, y miembros de su Directorio y Comisi\u00f3n Fiscalizadora; y los concejales Leandro Guerrero y Mart\u00edn Olhaberry.<\/p>\n<p>Las viviendas constan de dos dormitorios, cocina-comedor, ba\u00f1o y lavadero, con una superficie total de 60,46 m2 cubiertos.<\/p>\n<p><img loading=\"lazy\" decoding=\"async\" class=\"alignnone wp-image-86092 size-full\" src=\"https:\/\/www.celttv.com.ar\/wp-content\/uploads\/2024\/09\/Firma-convenio-viviendas-Medium.jpeg\" alt=\"\" width=\"768\" height=\"1024\" srcset=\"https:\/\/www.celttv.com.ar\/wp-content\/uploads\/2024\/09\/Firma-convenio-viviendas-Medium.jpeg 768w, https:\/\/www.celttv.com.ar\/wp-content\/uploads\/2024\/09\/Firma-convenio-viviendas-Medium-225x300.jpeg 225w, https:\/\/www.celttv.com.ar\/wp-content\/uploads\/2024\/09\/Firma-convenio-viviendas-Medium-750x1000.jpeg 750w\" sizes=\"auto, (max-width: 768px) 100vw, 768px\" \/><\/p>\n<p>&nbsp;<\/p>\n","protected":false},"excerpt":{"rendered":"<p>Este martes, el intendente municipal, Sergio Bordoni, firm\u00f3 un convenio para la finalizaci\u00f3n de las diez viviendas inconclusas del exPlan Buenos Aires Hogar, ubicado en el norte de la ciudad de Tornquist. La r\u00fabrica fue formalizada en la sede de la Caja de Retiros, Jubilaciones y Pensiones de las Polic\u00edas de la Provincia de Buenos [&hellip;]<\/p>\n","protected":false},"author":5,"featured_media":86092,"comment_status":"closed","ping_status":"closed","sticky":false,"template":"","format":"standard","meta":{"footnotes":""},"categories":[59],"tags":[],"class_list":["post-86091","post","type-post","status-publish","format-standard","has-post-thumbnail","hentry","category-municipales"],"yoast_head":"<!-- This site is optimized with the Yoast SEO plugin v19.7.1 - https:\/\/yoast.com\/wordpress\/plugins\/seo\/ -->\n<title>Sergio Bordoni firm\u00f3 un convenio para la finalizaci\u00f3n de otras 10 viviendas en Tornquist - CELTTV<\/title>\n<meta name=\"description\" content=\"Sitio web de noticias de la localidad de Tornquist, provincia de Buenos Aires, Rep\u00fablica Argentina. Contenido propio originado por periodistas de CELTTV, el canal de TV local de la Cooperativa El\u00e9ctrica de Tornquist. Turismo, Pol\u00edtica, Sociedad, Deporte, Cultura y todo el contenido de inter\u00e9s general que la gente del pueblo y la regi\u00f3n debe conocer.\" \/>\n<meta name=\"robots\" content=\"index, follow, max-snippet:-1, max-image-preview:large, max-video-preview:-1\" \/>\n<link rel=\"canonical\" href=\"https:\/\/www.celttv.com.ar\/index.php\/2024\/09\/17\/sergio-bordoni-firmo-un-convenio-para-la-finalizacion-de-otras-10-viviendas-en-tornquist\/\" \/>\n<meta property=\"og:locale\" content=\"es_ES\" \/>\n<meta property=\"og:type\" content=\"article\" \/>\n<meta property=\"og:title\" content=\"Sergio Bordoni firm\u00f3 un convenio para la finalizaci\u00f3n de otras 10 viviendas en Tornquist - CELTTV\" \/>\n<meta property=\"og:description\" content=\"Sitio web de noticias de la localidad de Tornquist, provincia de Buenos Aires, Rep\u00fablica Argentina. Contenido propio originado por periodistas de CELTTV, el canal de TV local de la Cooperativa El\u00e9ctrica de Tornquist. Turismo, Pol\u00edtica, Sociedad, Deporte, Cultura y todo el contenido de inter\u00e9s general que la gente del pueblo y la regi\u00f3n debe conocer.\" \/>\n<meta property=\"og:url\" content=\"https:\/\/www.celttv.com.ar\/index.php\/2024\/09\/17\/sergio-bordoni-firmo-un-convenio-para-la-finalizacion-de-otras-10-viviendas-en-tornquist\/\" \/>\n<meta property=\"og:site_name\" content=\"CELTTV\" \/>\n<meta property=\"article:publisher\" content=\"https:\/\/www.facebook.com\/celtTV\/\" \/>\n<meta property=\"article:published_time\" content=\"2024-09-18T00:24:50+00:00\" \/>\n<meta property=\"og:image\" content=\"https:\/\/www.celttv.com.ar\/wp-content\/uploads\/2024\/09\/Firma-convenio-viviendas-Medium.jpeg\" \/>\n\t<meta property=\"og:image:width\" content=\"768\" \/>\n\t<meta property=\"og:image:height\" content=\"1024\" \/>\n\t<meta property=\"og:image:type\" content=\"image\/jpeg\" \/>\n<meta name=\"author\" content=\"Miguel Herrada\" \/>\n<meta name=\"twitter:card\" content=\"summary_large_image\" \/>\n<meta name=\"twitter:label1\" content=\"Escrito por\" \/>\n\t<meta name=\"twitter:data1\" content=\"Miguel Herrada\" \/>\n\t<meta name=\"twitter:label2\" content=\"Tiempo de lectura\" \/>\n\t<meta name=\"twitter:data2\" content=\"1 minuto\" \/>\n<script type=\"application\/ld+json\" class=\"yoast-schema-graph\">{\"@context\":\"https:\/\/schema.org\",\"@graph\":[{\"@type\":\"NewsArticle\",\"@id\":\"https:\/\/www.celttv.com.ar\/index.php\/2024\/09\/17\/sergio-bordoni-firmo-un-convenio-para-la-finalizacion-de-otras-10-viviendas-en-tornquist\/#article\",\"isPartOf\":{\"@id\":\"https:\/\/www.celttv.com.ar\/index.php\/2024\/09\/17\/sergio-bordoni-firmo-un-convenio-para-la-finalizacion-de-otras-10-viviendas-en-tornquist\/\"},\"author\":{\"name\":\"Miguel Herrada\",\"@id\":\"https:\/\/www.celttv.com.ar\/#\/schema\/person\/9059dc91dc7204ef4182cdb65225f07d\"},\"headline\":\"Sergio Bordoni firm\u00f3 un convenio para la finalizaci\u00f3n de otras 10 viviendas en Tornquist\",\"datePublished\":\"2024-09-18T00:24:50+00:00\",\"dateModified\":\"2024-09-18T00:24:50+00:00\",\"mainEntityOfPage\":{\"@id\":\"https:\/\/www.celttv.com.ar\/index.php\/2024\/09\/17\/sergio-bordoni-firmo-un-convenio-para-la-finalizacion-de-otras-10-viviendas-en-tornquist\/\"},\"wordCount\":151,\"publisher\":{\"@id\":\"https:\/\/www.celttv.com.ar\/#organization\"},\"articleSection\":[\"Municipales\"],\"inLanguage\":\"es\"},{\"@type\":\"WebPage\",\"@id\":\"https:\/\/www.celttv.com.ar\/index.php\/2024\/09\/17\/sergio-bordoni-firmo-un-convenio-para-la-finalizacion-de-otras-10-viviendas-en-tornquist\/\",\"url\":\"https:\/\/www.celttv.com.ar\/index.php\/2024\/09\/17\/sergio-bordoni-firmo-un-convenio-para-la-finalizacion-de-otras-10-viviendas-en-tornquist\/\",\"name\":\"Sergio Bordoni firm\u00f3 un convenio para la finalizaci\u00f3n de otras 10 viviendas en Tornquist - CELTTV\",\"isPartOf\":{\"@id\":\"https:\/\/www.celttv.com.ar\/#website\"},\"datePublished\":\"2024-09-18T00:24:50+00:00\",\"dateModified\":\"2024-09-18T00:24:50+00:00\",\"description\":\"Sitio web de noticias de la localidad de Tornquist, provincia de Buenos Aires, Rep\u00fablica Argentina. Contenido propio originado por periodistas de CELTTV, el canal de TV local de la Cooperativa El\u00e9ctrica de Tornquist. Turismo, Pol\u00edtica, Sociedad, Deporte, Cultura y todo el contenido de inter\u00e9s general que la gente del pueblo y la regi\u00f3n debe conocer.\",\"breadcrumb\":{\"@id\":\"https:\/\/www.celttv.com.ar\/index.php\/2024\/09\/17\/sergio-bordoni-firmo-un-convenio-para-la-finalizacion-de-otras-10-viviendas-en-tornquist\/#breadcrumb\"},\"inLanguage\":\"es\",\"potentialAction\":[{\"@type\":\"ReadAction\",\"target\":[\"https:\/\/www.celttv.com.ar\/index.php\/2024\/09\/17\/sergio-bordoni-firmo-un-convenio-para-la-finalizacion-de-otras-10-viviendas-en-tornquist\/\"]}]},{\"@type\":\"BreadcrumbList\",\"@id\":\"https:\/\/www.celttv.com.ar\/index.php\/2024\/09\/17\/sergio-bordoni-firmo-un-convenio-para-la-finalizacion-de-otras-10-viviendas-en-tornquist\/#breadcrumb\",\"itemListElement\":[{\"@type\":\"ListItem\",\"position\":1,\"name\":\"Inicio\",\"item\":\"https:\/\/www.celttv.com.ar\/\"},{\"@type\":\"ListItem\",\"position\":2,\"name\":\"Sergio Bordoni firm\u00f3 un convenio para la finalizaci\u00f3n de otras 10 viviendas en Tornquist\"}]},{\"@type\":\"WebSite\",\"@id\":\"https:\/\/www.celttv.com.ar\/#website\",\"url\":\"https:\/\/www.celttv.com.ar\/\",\"name\":\"CELTTV\",\"description\":\"Cooperativa El\u00e9ctrica de Tornquist\",\"publisher\":{\"@id\":\"https:\/\/www.celttv.com.ar\/#organization\"},\"potentialAction\":[{\"@type\":\"SearchAction\",\"target\":{\"@type\":\"EntryPoint\",\"urlTemplate\":\"https:\/\/www.celttv.com.ar\/?s={search_term_string}\"},\"query-input\":\"required name=search_term_string\"}],\"inLanguage\":\"es\"},{\"@type\":\"Organization\",\"@id\":\"https:\/\/www.celttv.com.ar\/#organization\",\"name\":\"CELTTV\",\"url\":\"https:\/\/www.celttv.com.ar\/\",\"sameAs\":[\"https:\/\/www.youtube.com\/channel\/UCz_oIt8Hig64Ub-EmcNPIhg\",\"https:\/\/www.facebook.com\/celtTV\/\"],\"logo\":{\"@type\":\"ImageObject\",\"inLanguage\":\"es\",\"@id\":\"https:\/\/www.celttv.com.ar\/#\/schema\/logo\/image\/\",\"url\":\"http:\/\/www.celttv.com.ar\/wp-content\/uploads\/2022\/08\/logo-1.png\",\"contentUrl\":\"http:\/\/www.celttv.com.ar\/wp-content\/uploads\/2022\/08\/logo-1.png\",\"width\":461,\"height\":159,\"caption\":\"CELTTV\"},\"image\":{\"@id\":\"https:\/\/www.celttv.com.ar\/#\/schema\/logo\/image\/\"}},{\"@type\":\"Person\",\"@id\":\"https:\/\/www.celttv.com.ar\/#\/schema\/person\/9059dc91dc7204ef4182cdb65225f07d\",\"name\":\"Miguel Herrada\",\"image\":{\"@type\":\"ImageObject\",\"inLanguage\":\"es\",\"@id\":\"https:\/\/www.celttv.com.ar\/#\/schema\/person\/image\/\",\"url\":\"https:\/\/secure.gravatar.com\/avatar\/67724d5b3c716623ffd76bec7e45841a442ac3b456e914dbba90b0fad2b8e0b1?s=96&d=mm&r=g\",\"contentUrl\":\"https:\/\/secure.gravatar.com\/avatar\/67724d5b3c716623ffd76bec7e45841a442ac3b456e914dbba90b0fad2b8e0b1?s=96&d=mm&r=g\",\"caption\":\"Miguel Herrada\"}}]}<\/script>\n<!-- \/ Yoast SEO plugin. -->","yoast_head_json":{"title":"Sergio Bordoni firm\u00f3 un convenio para la finalizaci\u00f3n de otras 10 viviendas en Tornquist - CELTTV","description":"Sitio web de noticias de la localidad de Tornquist, provincia de Buenos Aires, Rep\u00fablica Argentina. Contenido propio originado por periodistas de CELTTV, el canal de TV local de la Cooperativa El\u00e9ctrica de Tornquist. Turismo, Pol\u00edtica, Sociedad, Deporte, Cultura y todo el contenido de inter\u00e9s general que la gente del pueblo y la regi\u00f3n debe conocer.","robots":{"index":"index","follow":"follow","max-snippet":"max-snippet:-1","max-image-preview":"max-image-preview:large","max-video-preview":"max-video-preview:-1"},"canonical":"https:\/\/www.celttv.com.ar\/index.php\/2024\/09\/17\/sergio-bordoni-firmo-un-convenio-para-la-finalizacion-de-otras-10-viviendas-en-tornquist\/","og_locale":"es_ES","og_type":"article","og_title":"Sergio Bordoni firm\u00f3 un convenio para la finalizaci\u00f3n de otras 10 viviendas en Tornquist - CELTTV","og_description":"Sitio web de noticias de la localidad de Tornquist, provincia de Buenos Aires, Rep\u00fablica Argentina. Contenido propio originado por periodistas de CELTTV, el canal de TV local de la Cooperativa El\u00e9ctrica de Tornquist. Turismo, Pol\u00edtica, Sociedad, Deporte, Cultura y todo el contenido de inter\u00e9s general que la gente del pueblo y la regi\u00f3n debe conocer.","og_url":"https:\/\/www.celttv.com.ar\/index.php\/2024\/09\/17\/sergio-bordoni-firmo-un-convenio-para-la-finalizacion-de-otras-10-viviendas-en-tornquist\/","og_site_name":"CELTTV","article_publisher":"https:\/\/www.facebook.com\/celtTV\/","article_published_time":"2024-09-18T00:24:50+00:00","og_image":[{"width":768,"height":1024,"url":"https:\/\/www.celttv.com.ar\/wp-content\/uploads\/2024\/09\/Firma-convenio-viviendas-Medium.jpeg","type":"image\/jpeg"}],"author":"Miguel Herrada","twitter_card":"summary_large_image","twitter_misc":{"Escrito por":"Miguel Herrada","Tiempo de lectura":"1 minuto"},"schema":{"@context":"https:\/\/schema.org","@graph":[{"@type":"NewsArticle","@id":"https:\/\/www.celttv.com.ar\/index.php\/2024\/09\/17\/sergio-bordoni-firmo-un-convenio-para-la-finalizacion-de-otras-10-viviendas-en-tornquist\/#article","isPartOf":{"@id":"https:\/\/www.celttv.com.ar\/index.php\/2024\/09\/17\/sergio-bordoni-firmo-un-convenio-para-la-finalizacion-de-otras-10-viviendas-en-tornquist\/"},"author":{"name":"Miguel Herrada","@id":"https:\/\/www.celttv.com.ar\/#\/schema\/person\/9059dc91dc7204ef4182cdb65225f07d"},"headline":"Sergio Bordoni firm\u00f3 un convenio para la finalizaci\u00f3n de otras 10 viviendas en Tornquist","datePublished":"2024-09-18T00:24:50+00:00","dateModified":"2024-09-18T00:24:50+00:00","mainEntityOfPage":{"@id":"https:\/\/www.celttv.com.ar\/index.php\/2024\/09\/17\/sergio-bordoni-firmo-un-convenio-para-la-finalizacion-de-otras-10-viviendas-en-tornquist\/"},"wordCount":151,"publisher":{"@id":"https:\/\/www.celttv.com.ar\/#organization"},"articleSection":["Municipales"],"inLanguage":"es"},{"@type":"WebPage","@id":"https:\/\/www.celttv.com.ar\/index.php\/2024\/09\/17\/sergio-bordoni-firmo-un-convenio-para-la-finalizacion-de-otras-10-viviendas-en-tornquist\/","url":"https:\/\/www.celttv.com.ar\/index.php\/2024\/09\/17\/sergio-bordoni-firmo-un-convenio-para-la-finalizacion-de-otras-10-viviendas-en-tornquist\/","name":"Sergio Bordoni firm\u00f3 un convenio para la finalizaci\u00f3n de otras 10 viviendas en Tornquist - CELTTV","isPartOf":{"@id":"https:\/\/www.celttv.com.ar\/#website"},"datePublished":"2024-09-18T00:24:50+00:00","dateModified":"2024-09-18T00:24:50+00:00","description":"Sitio web de noticias de la localidad de Tornquist, provincia de Buenos Aires, Rep\u00fablica Argentina. Contenido propio originado por periodistas de CELTTV, el canal de TV local de la Cooperativa El\u00e9ctrica de Tornquist. Turismo, Pol\u00edtica, Sociedad, Deporte, Cultura y todo el contenido de inter\u00e9s general que la gente del pueblo y la regi\u00f3n debe conocer.","breadcrumb":{"@id":"https:\/\/www.celttv.com.ar\/index.php\/2024\/09\/17\/sergio-bordoni-firmo-un-convenio-para-la-finalizacion-de-otras-10-viviendas-en-tornquist\/#breadcrumb"},"inLanguage":"es","potentialAction":[{"@type":"ReadAction","target":["https:\/\/www.celttv.com.ar\/index.php\/2024\/09\/17\/sergio-bordoni-firmo-un-convenio-para-la-finalizacion-de-otras-10-viviendas-en-tornquist\/"]}]},{"@type":"BreadcrumbList","@id":"https:\/\/www.celttv.com.ar\/index.php\/2024\/09\/17\/sergio-bordoni-firmo-un-convenio-para-la-finalizacion-de-otras-10-viviendas-en-tornquist\/#breadcrumb","itemListElement":[{"@type":"ListItem","position":1,"name":"Inicio","item":"https:\/\/www.celttv.com.ar\/"},{"@type":"ListItem","position":2,"name":"Sergio Bordoni firm\u00f3 un convenio para la finalizaci\u00f3n de otras 10 viviendas en Tornquist"}]},{"@type":"WebSite","@id":"https:\/\/www.celttv.com.ar\/#website","url":"https:\/\/www.celttv.com.ar\/","name":"CELTTV","description":"Cooperativa El\u00e9ctrica de Tornquist","publisher":{"@id":"https:\/\/www.celttv.com.ar\/#organization"},"potentialAction":[{"@type":"SearchAction","target":{"@type":"EntryPoint","urlTemplate":"https:\/\/www.celttv.com.ar\/?s={search_term_string}"},"query-input":"required name=search_term_string"}],"inLanguage":"es"},{"@type":"Organization","@id":"https:\/\/www.celttv.com.ar\/#organization","name":"CELTTV","url":"https:\/\/www.celttv.com.ar\/","sameAs":["https:\/\/www.youtube.com\/channel\/UCz_oIt8Hig64Ub-EmcNPIhg","https:\/\/www.facebook.com\/celtTV\/"],"logo":{"@type":"ImageObject","inLanguage":"es","@id":"https:\/\/www.celttv.com.ar\/#\/schema\/logo\/image\/","url":"http:\/\/www.celttv.com.ar\/wp-content\/uploads\/2022\/08\/logo-1.png","contentUrl":"http:\/\/www.celttv.com.ar\/wp-content\/uploads\/2022\/08\/logo-1.png","width":461,"height":159,"caption":"CELTTV"},"image":{"@id":"https:\/\/www.celttv.com.ar\/#\/schema\/logo\/image\/"}},{"@type":"Person","@id":"https:\/\/www.celttv.com.ar\/#\/schema\/person\/9059dc91dc7204ef4182cdb65225f07d","name":"Miguel Herrada","image":{"@type":"ImageObject","inLanguage":"es","@id":"https:\/\/www.celttv.com.ar\/#\/schema\/person\/image\/","url":"https:\/\/secure.gravatar.com\/avatar\/67724d5b3c716623ffd76bec7e45841a442ac3b456e914dbba90b0fad2b8e0b1?s=96&d=mm&r=g","contentUrl":"https:\/\/secure.gravatar.com\/avatar\/67724d5b3c716623ffd76bec7e45841a442ac3b456e914dbba90b0fad2b8e0b1?s=96&d=mm&r=g","caption":"Miguel Herrada"}}]}},"_links":{"self":[{"href":"https:\/\/www.celttv.com.ar\/index.php\/wp-json\/wp\/v2\/posts\/86091","targetHints":{"allow":["GET"]}}],"collection":[{"href":"https:\/\/www.celttv.com.ar\/index.php\/wp-json\/wp\/v2\/posts"}],"about":[{"href":"https:\/\/www.celttv.com.ar\/index.php\/wp-json\/wp\/v2\/types\/post"}],"author":[{"embeddable":true,"href":"https:\/\/www.celttv.com.ar\/index.php\/wp-json\/wp\/v2\/users\/5"}],"replies":[{"embeddable":true,"href":"https:\/\/www.celttv.com.ar\/index.php\/wp-json\/wp\/v2\/comments?post=86091"}],"version-history":[{"count":1,"href":"https:\/\/www.celttv.com.ar\/index.php\/wp-json\/wp\/v2\/posts\/86091\/revisions"}],"predecessor-version":[{"id":86093,"href":"https:\/\/www.celttv.com.ar\/index.php\/wp-json\/wp\/v2\/posts\/86091\/revisions\/86093"}],"wp:featuredmedia":[{"embeddable":true,"href":"https:\/\/www.celttv.com.ar\/index.php\/wp-json\/wp\/v2\/media\/86092"}],"wp:attachment":[{"href":"https:\/\/www.celttv.com.ar\/index.php\/wp-json\/wp\/v2\/media?parent=86091"}],"wp:term":[{"taxonomy":"category","embeddable":true,"href":"https:\/\/www.celttv.com.ar\/index.php\/wp-json\/wp\/v2\/categories?post=86091"},{"taxonomy":"post_tag","embeddable":true,"href":"https:\/\/www.celttv.com.ar\/index.php\/wp-json\/wp\/v2\/tags?post=86091"}],"curies":[{"name":"wp","href":"https:\/\/api.w.org\/{rel}","templated":true}]}}