{"id":8614,"date":"2012-10-22T20:04:32","date_gmt":"2012-10-22T20:04:32","guid":{"rendered":"http:\/\/www.tvcnoticias.com.ar\/?p=8614"},"modified":"2012-10-22T20:04:32","modified_gmt":"2012-10-22T20:04:32","slug":"intensa-actividad-del-intendente-trankels-en-china","status":"publish","type":"post","link":"https:\/\/www.celttv.com.ar\/index.php\/2012\/10\/22\/intensa-actividad-del-intendente-trankels-en-china\/","title":{"rendered":"INTENSA ACTIVIDAD DEL INTENDENTE TRANKELS EN CHINA"},"content":{"rendered":"<p><a rel=\"attachment wp-att-8622\" href=\"http:\/\/www.tvcnoticias.com.ar\/?attachment_id=8622\"><img loading=\"lazy\" decoding=\"async\" class=\"aligncenter size-full wp-image-8622\" title=\"DSC05319 (1280x960) (Small)\" src=\"http:\/\/www.tvcnoticias.com.ar\/wp-content\/uploads\/2012\/10\/DSC05319-1280x960-Small.jpg\" alt=\"\" width=\"640\" height=\"480\" \/><\/a><br \/>\nLa actividad de la delegaci\u00f3n argentina que se encuentra realizando un intercambio dirigencial y diplom\u00e1tico en China, y es encabezada por el intendente municipal, licenciado Gustavo Trankels, contin\u00faa desarrollando un intenso programa de actividades.<br \/>\n\u00a0\u00a0 La comitiva conoci\u00f3 la aldea de Yuhu, una comunidad enclavada al pie del Monte del Drag\u00f3n de Jade (5596 msnm). Este lugar es habitado principalmente por la etnia Nakhi, la cual est\u00e1 estructurada de forma matriarcal, y cuenta con un legado de varios siglos. Dentro de la aldea, el grupo tuvo oportunidad de dialogar con una familia local, que les coment\u00f3 sobre el modo de vida y su cultura. Los Nakhi son guiados pol\u00edtica y espiritualmente por un sacerdote que es miembro de una dinast\u00eda que lleva 18 generaciones.<br \/>\n\u00a0\u00a0 En este proceso de apertura y reforma desarrollado por el gobierno chino, la etnia que viv\u00eda en situaciones de extrema pobreza encontr\u00f3 en el turismo la posibilidad de reconvertir su econom\u00eda y mejorar la calidad de vida aldeana.<br \/>\n\u00a0\u00a0 \u00a0A partir de un proceso de organizaci\u00f3n comunitaria, en un primer momento ofrecieron servicios de cabalgatas en la monta\u00f1a para luego tercerizar la actividad y pasar a ocuparse de emprendimientos hoteleros y gastron\u00f3micos. Si bien las generaciones anteriores ten\u00edan un modo de vida rural, atrasado y sin acceso a la educaci\u00f3n, este proceso permiti\u00f3 que en los \u00faltimos a\u00f1os sus hijos pudieran ingresar en el sistema educativo y hacerse cargo hoy de la administraci\u00f3n de las actividades.<br \/>\n\u00a0\u00a0 El intendente Trankels y los restantes integrante de la delegaci\u00f3n argentina tuvieron la oportunidad de visitar la Ciudad Prohibida, un monumento hist\u00f3rico de m\u00e1s de 600 a\u00f1os de antig\u00fcedad en el que habitaron los <strong>emperadores de las dinast\u00edas Ming y Qing<\/strong> y que, luego de instaurada la Revoluci\u00f3n Cultural, fue abierta al p\u00fablico por el <strong>Presidente Mao Zedong<\/strong>.<br \/>\n\u00a0\u00a0 La ciudad que fue declarada Patrimonio de la Humanidad en 1987 por la Unesco, posee majestuosos palacios y expone la vida lujosa de los monarcas atestiguando el esplendor de una cultura de m\u00e1s de 5000 a\u00f1os.<br \/>\n\u00a0\u00a0 En ese lugar, <strong>Zhu Xhiehan<\/strong>, profesor titular de la Academia Nacional de Administraci\u00f3n de China, dict\u00f3 una conferencia sobre el concepto cient\u00edfico de desarrollo, \u00e9xitos y desaf\u00edos del socialismo con econom\u00eda de mercado y nuevos m\u00e9todos de gobernaci\u00f3n, analizando la transici\u00f3n de un partido revolucionario a un partido de gobierno, lo que en China fue iniciado a partir del a\u00f1o 1997.<br \/>\n\u00a0\u00a0 Finalmente, la delegaci\u00f3n argentina tuvo la oportunidad de compartir un banquete con <strong>Kang Xuetong<\/strong> y <strong>Wang Yuling<\/strong>, director y subdirector General para Am\u00e9rica Latina y el Caribe del Departamento Internacional del Comit\u00e9 Central del Partido Comunista Chino, respectivamente, en el que se pudo discutir las relaciones entre el gigante asi\u00e1tico y Am\u00e9rica Latina, con especial \u00e9nfasis en nuestro pa\u00eds.<\/p>\n","protected":false},"excerpt":{"rendered":"<p>La actividad de la delegaci\u00f3n argentina que se encuentra realizando un intercambio dirigencial y diplom\u00e1tico en China, y es encabezada por el intendente municipal, licenciado Gustavo Trankels, contin\u00faa desarrollando un intenso programa de actividades. \u00a0\u00a0 La comitiva conoci\u00f3 la aldea de Yuhu, una comunidad enclavada al pie del Monte del Drag\u00f3n de Jade (5596 msnm). [&hellip;]<\/p>\n","protected":false},"author":1,"featured_media":0,"comment_status":"closed","ping_status":"open","sticky":false,"template":"","format":"standard","meta":{"footnotes":""},"categories":[52,53],"tags":[],"class_list":["post-8614","post","type-post","status-publish","format-standard","hentry","category-destacadas","category-politica"],"yoast_head":"<!-- This site is optimized with the Yoast SEO plugin v19.7.1 - https:\/\/yoast.com\/wordpress\/plugins\/seo\/ -->\n<title>INTENSA ACTIVIDAD DEL INTENDENTE TRANKELS EN CHINA - CELTTV<\/title>\n<meta name=\"description\" content=\"Sitio web de noticias de la localidad de Tornquist, provincia de Buenos Aires, Rep\u00fablica Argentina. Contenido propio originado por periodistas de CELTTV, el canal de TV local de la Cooperativa El\u00e9ctrica de Tornquist. Turismo, Pol\u00edtica, Sociedad, Deporte, Cultura y todo el contenido de inter\u00e9s general que la gente del pueblo y la regi\u00f3n debe conocer.\" \/>\n<meta name=\"robots\" content=\"index, follow, max-snippet:-1, max-image-preview:large, max-video-preview:-1\" \/>\n<link rel=\"canonical\" href=\"https:\/\/www.celttv.com.ar\/index.php\/2012\/10\/22\/intensa-actividad-del-intendente-trankels-en-china\/\" \/>\n<meta property=\"og:locale\" content=\"es_ES\" \/>\n<meta property=\"og:type\" content=\"article\" \/>\n<meta property=\"og:title\" content=\"INTENSA ACTIVIDAD DEL INTENDENTE TRANKELS EN CHINA - CELTTV\" \/>\n<meta property=\"og:description\" content=\"Sitio web de noticias de la localidad de Tornquist, provincia de Buenos Aires, Rep\u00fablica Argentina. Contenido propio originado por periodistas de CELTTV, el canal de TV local de la Cooperativa El\u00e9ctrica de Tornquist. Turismo, Pol\u00edtica, Sociedad, Deporte, Cultura y todo el contenido de inter\u00e9s general que la gente del pueblo y la regi\u00f3n debe conocer.\" \/>\n<meta property=\"og:url\" content=\"https:\/\/www.celttv.com.ar\/index.php\/2012\/10\/22\/intensa-actividad-del-intendente-trankels-en-china\/\" \/>\n<meta property=\"og:site_name\" content=\"CELTTV\" \/>\n<meta property=\"article:publisher\" content=\"https:\/\/www.facebook.com\/celtTV\/\" \/>\n<meta property=\"article:published_time\" content=\"2012-10-22T20:04:32+00:00\" \/>\n<meta property=\"og:image\" content=\"http:\/\/www.tvcnoticias.com.ar\/wp-content\/uploads\/2012\/10\/DSC05319-1280x960-Small.jpg\" \/>\n<meta name=\"author\" content=\"ulises\" \/>\n<meta name=\"twitter:card\" content=\"summary_large_image\" \/>\n<meta name=\"twitter:label1\" content=\"Escrito por\" \/>\n\t<meta name=\"twitter:data1\" content=\"ulises\" \/>\n\t<meta name=\"twitter:label2\" content=\"Tiempo de lectura\" \/>\n\t<meta name=\"twitter:data2\" content=\"2 minutos\" \/>\n<script type=\"application\/ld+json\" class=\"yoast-schema-graph\">{\"@context\":\"https:\/\/schema.org\",\"@graph\":[{\"@type\":\"NewsArticle\",\"@id\":\"https:\/\/www.celttv.com.ar\/index.php\/2012\/10\/22\/intensa-actividad-del-intendente-trankels-en-china\/#article\",\"isPartOf\":{\"@id\":\"https:\/\/www.celttv.com.ar\/index.php\/2012\/10\/22\/intensa-actividad-del-intendente-trankels-en-china\/\"},\"author\":{\"name\":\"ulises\",\"@id\":\"https:\/\/www.celttv.com.ar\/#\/schema\/person\/6d99c072dba59953809c81446e9d0ace\"},\"headline\":\"INTENSA ACTIVIDAD DEL INTENDENTE TRANKELS EN CHINA\",\"datePublished\":\"2012-10-22T20:04:32+00:00\",\"dateModified\":\"2012-10-22T20:04:32+00:00\",\"mainEntityOfPage\":{\"@id\":\"https:\/\/www.celttv.com.ar\/index.php\/2012\/10\/22\/intensa-actividad-del-intendente-trankels-en-china\/\"},\"wordCount\":491,\"publisher\":{\"@id\":\"https:\/\/www.celttv.com.ar\/#organization\"},\"articleSection\":[\"Destacadas\",\"Pol\u00edtica\"],\"inLanguage\":\"es\"},{\"@type\":\"WebPage\",\"@id\":\"https:\/\/www.celttv.com.ar\/index.php\/2012\/10\/22\/intensa-actividad-del-intendente-trankels-en-china\/\",\"url\":\"https:\/\/www.celttv.com.ar\/index.php\/2012\/10\/22\/intensa-actividad-del-intendente-trankels-en-china\/\",\"name\":\"INTENSA ACTIVIDAD DEL INTENDENTE TRANKELS EN CHINA - CELTTV\",\"isPartOf\":{\"@id\":\"https:\/\/www.celttv.com.ar\/#website\"},\"datePublished\":\"2012-10-22T20:04:32+00:00\",\"dateModified\":\"2012-10-22T20:04:32+00:00\",\"description\":\"Sitio web de noticias de la localidad de Tornquist, provincia de Buenos Aires, Rep\u00fablica Argentina. Contenido propio originado por periodistas de CELTTV, el canal de TV local de la Cooperativa El\u00e9ctrica de Tornquist. Turismo, Pol\u00edtica, Sociedad, Deporte, Cultura y todo el contenido de inter\u00e9s general que la gente del pueblo y la regi\u00f3n debe conocer.\",\"breadcrumb\":{\"@id\":\"https:\/\/www.celttv.com.ar\/index.php\/2012\/10\/22\/intensa-actividad-del-intendente-trankels-en-china\/#breadcrumb\"},\"inLanguage\":\"es\",\"potentialAction\":[{\"@type\":\"ReadAction\",\"target\":[\"https:\/\/www.celttv.com.ar\/index.php\/2012\/10\/22\/intensa-actividad-del-intendente-trankels-en-china\/\"]}]},{\"@type\":\"BreadcrumbList\",\"@id\":\"https:\/\/www.celttv.com.ar\/index.php\/2012\/10\/22\/intensa-actividad-del-intendente-trankels-en-china\/#breadcrumb\",\"itemListElement\":[{\"@type\":\"ListItem\",\"position\":1,\"name\":\"Inicio\",\"item\":\"https:\/\/www.celttv.com.ar\/\"},{\"@type\":\"ListItem\",\"position\":2,\"name\":\"INTENSA ACTIVIDAD DEL INTENDENTE TRANKELS EN CHINA\"}]},{\"@type\":\"WebSite\",\"@id\":\"https:\/\/www.celttv.com.ar\/#website\",\"url\":\"https:\/\/www.celttv.com.ar\/\",\"name\":\"CELTTV\",\"description\":\"Cooperativa El\u00e9ctrica de Tornquist\",\"publisher\":{\"@id\":\"https:\/\/www.celttv.com.ar\/#organization\"},\"potentialAction\":[{\"@type\":\"SearchAction\",\"target\":{\"@type\":\"EntryPoint\",\"urlTemplate\":\"https:\/\/www.celttv.com.ar\/?s={search_term_string}\"},\"query-input\":\"required name=search_term_string\"}],\"inLanguage\":\"es\"},{\"@type\":\"Organization\",\"@id\":\"https:\/\/www.celttv.com.ar\/#organization\",\"name\":\"CELTTV\",\"url\":\"https:\/\/www.celttv.com.ar\/\",\"sameAs\":[\"https:\/\/www.youtube.com\/channel\/UCz_oIt8Hig64Ub-EmcNPIhg\",\"https:\/\/www.facebook.com\/celtTV\/\"],\"logo\":{\"@type\":\"ImageObject\",\"inLanguage\":\"es\",\"@id\":\"https:\/\/www.celttv.com.ar\/#\/schema\/logo\/image\/\",\"url\":\"http:\/\/www.celttv.com.ar\/wp-content\/uploads\/2022\/08\/logo-1.png\",\"contentUrl\":\"http:\/\/www.celttv.com.ar\/wp-content\/uploads\/2022\/08\/logo-1.png\",\"width\":461,\"height\":159,\"caption\":\"CELTTV\"},\"image\":{\"@id\":\"https:\/\/www.celttv.com.ar\/#\/schema\/logo\/image\/\"}},{\"@type\":\"Person\",\"@id\":\"https:\/\/www.celttv.com.ar\/#\/schema\/person\/6d99c072dba59953809c81446e9d0ace\",\"name\":\"ulises\",\"image\":{\"@type\":\"ImageObject\",\"inLanguage\":\"es\",\"@id\":\"https:\/\/www.celttv.com.ar\/#\/schema\/person\/image\/\",\"url\":\"https:\/\/secure.gravatar.com\/avatar\/7f2c48bdc33b30088f941fb6082e555f2874c98e20cb159d7b92b50eadfce793?s=96&d=mm&r=g\",\"contentUrl\":\"https:\/\/secure.gravatar.com\/avatar\/7f2c48bdc33b30088f941fb6082e555f2874c98e20cb159d7b92b50eadfce793?s=96&d=mm&r=g\",\"caption\":\"ulises\"},\"sameAs\":[\"http:\/\/www.celttv.com.ar\"]}]}<\/script>\n<!-- \/ Yoast SEO plugin. -->","yoast_head_json":{"title":"INTENSA ACTIVIDAD DEL INTENDENTE TRANKELS EN CHINA - CELTTV","description":"Sitio web de noticias de la localidad de Tornquist, provincia de Buenos Aires, Rep\u00fablica Argentina. Contenido propio originado por periodistas de CELTTV, el canal de TV local de la Cooperativa El\u00e9ctrica de Tornquist. Turismo, Pol\u00edtica, Sociedad, Deporte, Cultura y todo el contenido de inter\u00e9s general que la gente del pueblo y la regi\u00f3n debe conocer.","robots":{"index":"index","follow":"follow","max-snippet":"max-snippet:-1","max-image-preview":"max-image-preview:large","max-video-preview":"max-video-preview:-1"},"canonical":"https:\/\/www.celttv.com.ar\/index.php\/2012\/10\/22\/intensa-actividad-del-intendente-trankels-en-china\/","og_locale":"es_ES","og_type":"article","og_title":"INTENSA ACTIVIDAD DEL INTENDENTE TRANKELS EN CHINA - CELTTV","og_description":"Sitio web de noticias de la localidad de Tornquist, provincia de Buenos Aires, Rep\u00fablica Argentina. Contenido propio originado por periodistas de CELTTV, el canal de TV local de la Cooperativa El\u00e9ctrica de Tornquist. Turismo, Pol\u00edtica, Sociedad, Deporte, Cultura y todo el contenido de inter\u00e9s general que la gente del pueblo y la regi\u00f3n debe conocer.","og_url":"https:\/\/www.celttv.com.ar\/index.php\/2012\/10\/22\/intensa-actividad-del-intendente-trankels-en-china\/","og_site_name":"CELTTV","article_publisher":"https:\/\/www.facebook.com\/celtTV\/","article_published_time":"2012-10-22T20:04:32+00:00","og_image":[{"url":"http:\/\/www.tvcnoticias.com.ar\/wp-content\/uploads\/2012\/10\/DSC05319-1280x960-Small.jpg"}],"author":"ulises","twitter_card":"summary_large_image","twitter_misc":{"Escrito por":"ulises","Tiempo de lectura":"2 minutos"},"schema":{"@context":"https:\/\/schema.org","@graph":[{"@type":"NewsArticle","@id":"https:\/\/www.celttv.com.ar\/index.php\/2012\/10\/22\/intensa-actividad-del-intendente-trankels-en-china\/#article","isPartOf":{"@id":"https:\/\/www.celttv.com.ar\/index.php\/2012\/10\/22\/intensa-actividad-del-intendente-trankels-en-china\/"},"author":{"name":"ulises","@id":"https:\/\/www.celttv.com.ar\/#\/schema\/person\/6d99c072dba59953809c81446e9d0ace"},"headline":"INTENSA ACTIVIDAD DEL INTENDENTE TRANKELS EN CHINA","datePublished":"2012-10-22T20:04:32+00:00","dateModified":"2012-10-22T20:04:32+00:00","mainEntityOfPage":{"@id":"https:\/\/www.celttv.com.ar\/index.php\/2012\/10\/22\/intensa-actividad-del-intendente-trankels-en-china\/"},"wordCount":491,"publisher":{"@id":"https:\/\/www.celttv.com.ar\/#organization"},"articleSection":["Destacadas","Pol\u00edtica"],"inLanguage":"es"},{"@type":"WebPage","@id":"https:\/\/www.celttv.com.ar\/index.php\/2012\/10\/22\/intensa-actividad-del-intendente-trankels-en-china\/","url":"https:\/\/www.celttv.com.ar\/index.php\/2012\/10\/22\/intensa-actividad-del-intendente-trankels-en-china\/","name":"INTENSA ACTIVIDAD DEL INTENDENTE TRANKELS EN CHINA - CELTTV","isPartOf":{"@id":"https:\/\/www.celttv.com.ar\/#website"},"datePublished":"2012-10-22T20:04:32+00:00","dateModified":"2012-10-22T20:04:32+00:00","description":"Sitio web de noticias de la localidad de Tornquist, provincia de Buenos Aires, Rep\u00fablica Argentina. Contenido propio originado por periodistas de CELTTV, el canal de TV local de la Cooperativa El\u00e9ctrica de Tornquist. Turismo, Pol\u00edtica, Sociedad, Deporte, Cultura y todo el contenido de inter\u00e9s general que la gente del pueblo y la regi\u00f3n debe conocer.","breadcrumb":{"@id":"https:\/\/www.celttv.com.ar\/index.php\/2012\/10\/22\/intensa-actividad-del-intendente-trankels-en-china\/#breadcrumb"},"inLanguage":"es","potentialAction":[{"@type":"ReadAction","target":["https:\/\/www.celttv.com.ar\/index.php\/2012\/10\/22\/intensa-actividad-del-intendente-trankels-en-china\/"]}]},{"@type":"BreadcrumbList","@id":"https:\/\/www.celttv.com.ar\/index.php\/2012\/10\/22\/intensa-actividad-del-intendente-trankels-en-china\/#breadcrumb","itemListElement":[{"@type":"ListItem","position":1,"name":"Inicio","item":"https:\/\/www.celttv.com.ar\/"},{"@type":"ListItem","position":2,"name":"INTENSA ACTIVIDAD DEL INTENDENTE TRANKELS EN CHINA"}]},{"@type":"WebSite","@id":"https:\/\/www.celttv.com.ar\/#website","url":"https:\/\/www.celttv.com.ar\/","name":"CELTTV","description":"Cooperativa El\u00e9ctrica de Tornquist","publisher":{"@id":"https:\/\/www.celttv.com.ar\/#organization"},"potentialAction":[{"@type":"SearchAction","target":{"@type":"EntryPoint","urlTemplate":"https:\/\/www.celttv.com.ar\/?s={search_term_string}"},"query-input":"required name=search_term_string"}],"inLanguage":"es"},{"@type":"Organization","@id":"https:\/\/www.celttv.com.ar\/#organization","name":"CELTTV","url":"https:\/\/www.celttv.com.ar\/","sameAs":["https:\/\/www.youtube.com\/channel\/UCz_oIt8Hig64Ub-EmcNPIhg","https:\/\/www.facebook.com\/celtTV\/"],"logo":{"@type":"ImageObject","inLanguage":"es","@id":"https:\/\/www.celttv.com.ar\/#\/schema\/logo\/image\/","url":"http:\/\/www.celttv.com.ar\/wp-content\/uploads\/2022\/08\/logo-1.png","contentUrl":"http:\/\/www.celttv.com.ar\/wp-content\/uploads\/2022\/08\/logo-1.png","width":461,"height":159,"caption":"CELTTV"},"image":{"@id":"https:\/\/www.celttv.com.ar\/#\/schema\/logo\/image\/"}},{"@type":"Person","@id":"https:\/\/www.celttv.com.ar\/#\/schema\/person\/6d99c072dba59953809c81446e9d0ace","name":"ulises","image":{"@type":"ImageObject","inLanguage":"es","@id":"https:\/\/www.celttv.com.ar\/#\/schema\/person\/image\/","url":"https:\/\/secure.gravatar.com\/avatar\/7f2c48bdc33b30088f941fb6082e555f2874c98e20cb159d7b92b50eadfce793?s=96&d=mm&r=g","contentUrl":"https:\/\/secure.gravatar.com\/avatar\/7f2c48bdc33b30088f941fb6082e555f2874c98e20cb159d7b92b50eadfce793?s=96&d=mm&r=g","caption":"ulises"},"sameAs":["http:\/\/www.celttv.com.ar"]}]}},"_links":{"self":[{"href":"https:\/\/www.celttv.com.ar\/index.php\/wp-json\/wp\/v2\/posts\/8614","targetHints":{"allow":["GET"]}}],"collection":[{"href":"https:\/\/www.celttv.com.ar\/index.php\/wp-json\/wp\/v2\/posts"}],"about":[{"href":"https:\/\/www.celttv.com.ar\/index.php\/wp-json\/wp\/v2\/types\/post"}],"author":[{"embeddable":true,"href":"https:\/\/www.celttv.com.ar\/index.php\/wp-json\/wp\/v2\/users\/1"}],"replies":[{"embeddable":true,"href":"https:\/\/www.celttv.com.ar\/index.php\/wp-json\/wp\/v2\/comments?post=8614"}],"version-history":[{"count":0,"href":"https:\/\/www.celttv.com.ar\/index.php\/wp-json\/wp\/v2\/posts\/8614\/revisions"}],"wp:attachment":[{"href":"https:\/\/www.celttv.com.ar\/index.php\/wp-json\/wp\/v2\/media?parent=8614"}],"wp:term":[{"taxonomy":"category","embeddable":true,"href":"https:\/\/www.celttv.com.ar\/index.php\/wp-json\/wp\/v2\/categories?post=8614"},{"taxonomy":"post_tag","embeddable":true,"href":"https:\/\/www.celttv.com.ar\/index.php\/wp-json\/wp\/v2\/tags?post=8614"}],"curies":[{"name":"wp","href":"https:\/\/api.w.org\/{rel}","templated":true}]}}