{"id":86173,"date":"2024-09-23T23:25:58","date_gmt":"2024-09-24T02:25:58","guid":{"rendered":"https:\/\/www.celttv.com.ar\/?p=86173"},"modified":"2024-09-23T23:26:22","modified_gmt":"2024-09-24T02:26:22","slug":"hccd-los-temas-tratados-en-la-sesion-y-las-alocuciones-de-lols-concejales","status":"publish","type":"post","link":"https:\/\/www.celttv.com.ar\/index.php\/2024\/09\/23\/hccd-los-temas-tratados-en-la-sesion-y-las-alocuciones-de-lols-concejales\/","title":{"rendered":"HCCD.: Los temas tratados en la sesi\u00f3n y las alocuciones de los concejales"},"content":{"rendered":"<p><strong><u>INFORME DE LA SESI\u00d3N ORDINARIA DE FECHA 18-09-24<\/u><\/strong><\/p>\n<p><strong><u>\u00a0<\/u><\/strong><\/p>\n<p>#<strong><u>Expte. N\u00ba 29\/24:<\/u><\/strong> &#8211; D.E. &#8211; Incremento Salarial Ejercicio 2024<\/p>\n<p>&nbsp;<\/p>\n<p>Se solicita tratamiento sobre Tablas.-<\/p>\n<p>Se aprueba por unanimidad la Ordenanza N\u00ba 3838\/24 por la que se otorga un incremento salarial del 5% (CINCO por ciento) a partir\u00a0 del 1 de SEPTIEMBRE de 2024, para todas las categor\u00edas de los sueldos del personal municipal.-<\/p>\n<p>&nbsp;<\/p>\n<p>#<strong><u>Expte. N\u00ba 7802\/24:<\/u><\/strong> &#8211; Bloques Uni\u00f3n por la Patria, Acci\u00f3n por Tornquist y Frente de Todos \u2013 Proyecto de Ordenanza: Adhiere a la Municipalidad de Tornquist a la Ley Provincial N\u00ba 15.491, ref. endometriosis.<\/p>\n<p>&nbsp;<\/p>\n<p>Se solicita tratamiento sobre Tablas.<\/p>\n<p>Se aprueba por unanimidad enviar el mismo al Archivo, al haberse sancionado la Ordenanza N\u00ba 3831\/24 promulgada por Decreto del Departamento Ejecutivo N\u00ba 1191\/24.-<\/p>\n<p>&nbsp;<\/p>\n<p><strong><u>Dict\u00e1menes de las Comisiones<\/u><\/strong><strong><u>: <\/u><\/strong><\/p>\n<p><strong><u>\u00a0<\/u><\/strong><\/p>\n<p>#<strong><u>Expte. N\u00ba 7767\/24:<\/u><\/strong> &#8211; Bloques Juntos y Juntos por el Cambio \u2013 Proyecto de Ordenanza: Crea en el Pdo. de Tornquist el \u201cPrograma Municipal de Prevenci\u00f3n de Ludopat\u00eda Online\u201d.<\/p>\n<p>Seg\u00fan el dictamen de las Comisiones de SALUD P\u00daBLICA; ASUNTOS MUNICIPALES E INTERPRETACI\u00d3N Y REGLAMENTO se aprueba por unanimidad la Ordenanza N\u00ba 3839\/24 por la que se crea en el Partido de Tornquist, el \u201cPROGRAMA MUNICIPAL DE PREVENCI\u00d3N DE LA LUDOPAT\u00cdA ONLINE\u201d, dirigido a los\/as alumnos\/as de los establecimientos educativos sobre los riesgos del juego con apuestas online; en funci\u00f3n de la Ley N\u00b0 26657 de Salud Mental.-<\/p>\n<p>Objetivos del Programa:<\/p>\n<ol>\n<li>Realizar charlas, eventos y talleres en todos los niveles obligatorios de educaci\u00f3n, tanto de gesti\u00f3n p\u00fablica como privada, direccionados a los alumnos\/as, las comunidades educativas, familias y\/o entornos afectivos de los alumnos\/as.<\/li>\n<li>Difundir material audiovisual, pedag\u00f3gico y educativo que destaque los peligros, y consecuencias negativas del juego con apuestas online.<\/li>\n<li>Implementar actividades que promuevan el cuidado de la salud mental a trav\u00e9s de espacios recreativos y saludables para los alumnos\/as, fomentando la participaci\u00f3n en actividades sociales y deportivas que las distintas \u00e1reas Municipales de gobiernos organicen.<\/li>\n<li>Concientizar a los alumnos\/as sobre la ludopat\u00eda y la ludopat\u00eda online.<\/li>\n<li>Brindar herramientas y capacitaciones destinadas a los establecimientos educativos para que puedan detectar y realizar un abordaje integral interdisciplinario e individual en los alumnos\/as.<\/li>\n<li>Obtener muestreo de campo a trav\u00e9s de encuestas en establecimientos educativos, para la obtenci\u00f3n de datos que permitan la aproximaci\u00f3n a la realidad de la problem\u00e1tica.<\/li>\n<li>Resguardar y proteger la salud f\u00edsica y psicol\u00f3gica de los alumnos\/as que realizan pr\u00e1cticas de riesgo de adicci\u00f3n como la ludopat\u00eda y ludopat\u00eda online.<\/li>\n<li>Brindar apoyo y acompa\u00f1amiento a las familias y\/o entorno afectivo de aquellos alumnos\/as que practiquen alg\u00fan juego de apuestas.<\/li>\n<li>Instar a las autoridades educativas y municipales a tomar todas las medidas necesarias tendientes a bloquear o impedir a los\/as j\u00f3venes el acceso a estas p\u00e1ginas y plataformas dentro de las redes internas e internet.<\/li>\n<li>Promover el trabajo articulado y sostenido con otras \u00e1reas del Estado nacional, provincial y con organizaciones de la sociedad civil.<\/li>\n<\/ol>\n<p>El Departamento Ejecutivo deber\u00e1 coordinar acciones para cumplir los objetivos del Programa en conjuntos con la delegaci\u00f3n de la Defensor\u00eda del Pueblo y la Jefatura Distrital.-<\/p>\n<p>Desalentar en todo el Municipio la publicidad directa o indirecta, as\u00ed como la promoci\u00f3n por cualquier medio de actividades o atractivos l\u00fadicos que incentiven a las propuestas virtuales entre los\/as j\u00f3venes y adolescentes.-<\/p>\n<p>EL Programa estar\u00e1 abierto para generar la cooperaci\u00f3n interjuridiccional con otras municipalidades para el cumplimiento de los objetivos establecidos.-<\/p>\n<p>Se faculta al Departamento Ejecutivo a realizar las readecuaciones presupuestarias que la instrumentaci\u00f3n de la presente implique.-<\/p>\n<p>Ser\u00e1 autoridad de aplicaci\u00f3n de la presente Ordenanza la que designe el Poder Ejecutivo en el \u00e1mbito de la Secretar\u00eda de Salud.-<\/p>\n<p>&nbsp;<\/p>\n<p>Concejal Susana Marcolini:<\/p>\n<p>Es para dejar en claro el regocijo que significa haber llegado a esta decisi\u00f3n por unanimidad. \u00a0Este es el resultado de un trabajo que fue en conjunto, es el resultado tambi\u00e9n de una aspiraci\u00f3n que todos tenemos que es vivir en una comunidad que proteja y que sienta a sus hijos, o a los hijos de la comunidad como un valor que es necesario proteger en cada una de las acciones. Este proyecto est\u00e1 destinado exclusivamente a los ni\u00f1os, ni\u00f1as, j\u00f3venes que est\u00e1n (no se escucha el audio) en realidad promueve (no se escucha el audio) mucho m\u00e1s amplia, y\u00a0 ojal\u00e1 realmente promueva una actitud \u00a0mucho m\u00e1s amplia dado que est\u00e1 en directa \u00a0conexi\u00f3n con el \u00e1rea del salud municipal. Y tan importante como eso nos parece que es apropiado decir que m\u00e1s all\u00e1 de que la Ordenanza est\u00e1 destinada o a que sea de aplicaci\u00f3n en el \u00e1mbito municipal y \u00a0educativo, sea un llamado de atenci\u00f3n a los padres de la comunidad que sin ninguna duda somos los adultos los primeros responsables de que estas cosas no sigan pasando, no pasen, \u00a0o pasen de la mejor manera posible. No podemos estar distra\u00eddos, no podemos dejar de analizar que m\u00e1s all\u00e1 de lo que puntualmente ocurra en nuestra comunidad, este es un tema del cual habla todo el pa\u00eds, este es un dolor que nosotros mismos nos estamos provocando al dejar librado a tantos espacios de apuestas y \u00a0de juegos, y a tanta desesperaci\u00f3n que lleva a los adultos y sobre todo a los j\u00f3venes y a los ni\u00f1os a una actitud tan descontrolada como la dependencia, \u00a0en este caso la dependencia del juego. Creo, creemos, que con este documento nos ponemos a la altura de las circunstancias y nos sumamos al resto de los distritos y ojal\u00e1 pudi\u00e9ramos, y de hecho vamos a tratar de que as\u00ed sea, provocar un movimiento en \u00a0cascada de aquellas localidades que todav\u00eda no tienen un documento como este para que lo puedan tener. Se sabe que este tipo de problem\u00e1tica cuando es tan generalizada necesita medidas tambi\u00e9n generalizadas. Aprovechamos esta circunstancia para agradecer la colaboraci\u00f3n inestimable de el encargado de la Defensor\u00eda del Pueblo local, del se\u00f1or Jos\u00e9 Corbatta con el cual hemos aprendido a trabajar de una manera muy productiva, m\u00e1s all\u00e1, sobre todo quiero indicar esto, m\u00e1s all\u00e1 de las diferencias pol\u00edticas que ninguno oculta, m\u00e1s all\u00e1 de las diferencias de criterio que nadie oculta, que tengamos desde el punto de vista ideol\u00f3gico, hemos podido hacer un trabajo constructivo que termina hoy con esta Ordenanza pero que en realidad tiene muchas aristas y abre una posibilidad permanente de trabajo en conjunto. Lo decimos aqu\u00ed ahora porque sabemos que el se\u00f1or del cual estamos hablando ha decidido dejar nuestra oficina de la Defensor\u00eda. Formulamos votos por su ventura personal, pero adem\u00e1s formulamos votos porque cualquiera sea la persona que vaya a ocupar ese espacio, pueda, podamos encontrar en ella una actitud tan amplia, tan abierta, tan intelectualmente l\u00facida como para poder seguir trabajando estos temas. Gracias.<\/p>\n<p>&nbsp;<\/p>\n<p>Concejal Luis Castro:<\/p>\n<p>Gracias. Si, \u00a0en principio bueno creo que la Concejal Marcolini fue, fue clara en cuanto a la Ordenanza y al tratamiento que tuvo. Fue una Ordenanza que se present\u00f3 en el mes de mayo y tuvo trabajo en Comisi\u00f3n y tuvimos reuniones y sufri\u00f3 modificaciones, que creo que eso es lo importante de los proyectos, del poder trabajarlos en Comisi\u00f3n, y que el \u00a0resto de los Bloques y tambi\u00e9n la comunidad pueda aportar para que las ordenanzas salgan lo m\u00e1s, lo mejor posible. Pero principalmente quer\u00eda, como hizo la Concejal Marcolini,\u00a0 agradecer al Defensor del Pueblo Jos\u00e9 Corbatta, agradecer en nombre del Bloque y tambi\u00e9n personalmente, porque \u00a0desde que nos toc\u00f3 asumir a los Concejales y desde que me toc\u00f3 asumir all\u00e1 por 2021 desde el primer momento que nos acercamos a la Defensor\u00eda y trabajamos bien, y creo que lo importante de resaltar ac\u00e1 m\u00e1s all\u00e1 del trabajo que aport\u00f3 Jos\u00e9 y de lo que pudimos hacer en conjunto, es la cuesti\u00f3n esta de que pareciera que en nuestro pa\u00eds y nuestro distrito no escapa de esa situaci\u00f3n, pareciera que los distintos no se pueden juntar a, en este caso, a hacer una ordenanza, una normativa para el distrito y que en definitiva le cambia o le transforma la vida a los ciudadanos, o por lo menos aportamos un granito de arena para que las problem\u00e1ticas que por lo general en este caso golpea a los m\u00e1s vulnerables, bueno, que nos podamos juntar los diferentes, Jos\u00e9 es muy peronista, nosotros somos muy radicales, \u00a0la verdad que m\u00e1s all\u00e1 de eso hemos trabajado muy bien y creo que eso es para resaltarlo, y repito, m\u00e1s que nada por el contexto que vivimos, no s\u00f3lo ahora, sino en las \u00faltimas\u00a0 d\u00e9cadas dir\u00eda, de nuestro pa\u00eds. Muchas gracias.<\/p>\n<p>&nbsp;<\/p>\n<p>Concejal Sandra Kifer:<\/p>\n<p>Bueno quiero sumarme a los dichos del Concejal Luis Castro, de la Concejal Susana Marcolini. Quiero agradecer personalmente \u00a0al Defensor del Pueblo, al doctor Jos\u00e9 Corbatta por abrirnos las puertas de la Defensor\u00eda y haber trabajado con un total desinter\u00e9s, haber puesto parte de su tiempo en viajar a las distintas localidades en acompa\u00f1ar a los vecinos en diferentes problem\u00e1ticas con un compromiso inigualable y bueno, \u00a0muchas gracias Jos\u00e9, y espero que lo que te depare el destino sea muy positivo y muchas gracias nuevamente.<\/p>\n<p>&nbsp;<\/p>\n<p>#<strong><u>Expte. N\u00ba 7773\/24:<\/u><\/strong> &#8211; N.P.- Alumnos de 3\u00ba A\u00f1o del Colegio Ntra. Sra. de Luj\u00e1n: Presentan proyecto en ref. a que los comercios gastron\u00f3micos ofrezcan carta con men\u00fa en Sistema Braille y Pictogramas.<\/p>\n<p>De acuerdo al dictamen de las Comisiones de SALUD PUBLICA; INTERPRETACI\u00d3N Y REGLAMENTO; Y PRODUCCI\u00d3N, COMERCIO E INDUSTRIA; y gracias a la iniciativa planteada por alumnos de 3\u00ba a\u00f1o del secundario del Colegio Nuestra Se\u00f1ora de Luj\u00e1n, con la necesidad de trabajar en pos de la incorporaci\u00f3n de normativas a nivel local cuyo objetivo sea tomar acciones a contribuir, para las personas con discapacidad visual, se aprueba por unanimidad la Ordenanza N\u00ba 3840\/24 por la que los comercios cuyo rubro -principal y\/o accesorio- sea el gastron\u00f3mico, en lo que respecta a venta y expendio de alimentos al p\u00fablico, sean restaurantes, resto-bares, confiter\u00edas, casas de comidas y dem\u00e1s locales que se dediquen a tal fin, deber\u00e1n tener a disposici\u00f3n de los consumidores, adem\u00e1s de sus cartas habituales, un diez por ciento (10 %) de las mismas en el sistema Braille, o al menos una (1) en dicho sistema, para el caso de que el establecimiento cuente con hasta diez (10) mesas.-<\/p>\n<p>En los establecimientos mencionados en el art\u00edculo anterior es obligatorio exhibir al menos un (1) ejemplar por negocio en sistema Braille.-<\/p>\n<p>Las cartas men\u00fas en sistema Braille deben ser iguales a las cartas impresas en escritura convencional, y deber\u00e1n contener el nombre o denominaci\u00f3n de los platos, descripci\u00f3n de los ingredientes de los mismos, como as\u00ed tambi\u00e9n el listado de las bebidas ofrecidas. La carta men\u00fa en sistema Braille debe encontrarse en perfecto estado de conservaci\u00f3n.-<\/p>\n<p>Se except\u00faa de lo dispuesto en el Art\u00edculo N\u00ba1, el denominado \u201cMen\u00fa del D\u00eda\u201d o \u201cMen\u00fa Turista\u201d el cual en caso de ser requerido por la persona con discapacidad visual le deber\u00e1 ser informado verbal y claramente por quien tenga la atenci\u00f3n del lugar con la m\u00e1s completa informaci\u00f3n relativa al mismo.-<\/p>\n<p>Los comercios comprendidos por la presente, deber\u00e1n cumplimentar lo establecido en los art\u00edculos 1\u00ba y 3\u00ba, en un plazo no mayor a ciento ochenta (180) d\u00edas corridos desde la promulgaci\u00f3n de la presente.-<\/p>\n<p>El Poder Ejecutivo\u00a0a trav\u00e9s de la secretaria de Producci\u00f3n, Ambiente y Desarrollo Sostenible, o las que en el futuro las suceda, ser\u00e1 la autoridad de aplicaci\u00f3n de la presente Ordenanza.-<\/p>\n<p>&nbsp;<\/p>\n<p>Concejal Sandra Kifer:<\/p>\n<p>Bueno, en principio quiero felicitar al docente y profesor Alberto Tombesi porque bueno, se puso a trabajar con sus alumnos del Colegio Luj\u00e1n de tercer a\u00f1o de Secundaria, le llevo esta propuesta, y le dedicaron tiempo y compromiso para ver d\u00f3nde hab\u00eda una necesidad ellos decidieron trabajar en buscar una soluci\u00f3n, y ante tanta vor\u00e1gine, \u00a0ante tanta locura que se vive en el mundo en general hoy en d\u00eda, por all\u00e1 en una localidad peque\u00f1a de la provincia de Buenos Aires, del Distrito de Tornquist, \u00a0un grupo de chico junto a su profesor decidieron ponerse a trabajar, decidieron ver que estaba haciendo falta en su comunidad, y estudiaron, trabajaron sobre diferentes proyectos, analizaron, vinieron el Concejo Deliberante, dedicaron parte de su tiempo y lograron armar este modelo de proyecto de ordenanza que hoy se termina haciendo una realidad, as\u00ed que los quiero felicitar nuevamente al docente por el compromiso, a los alumnos por el trabajo, por mirar cu\u00e1les son las necesidades que hay en su localidad y ante, como dije anteriormente, ante tanta locura tambi\u00e9n pasan cosas buenas.<\/p>\n<p>&nbsp;<\/p>\n<p>Concejal Mart\u00edn Olhaberry:<\/p>\n<p>Bueno, tambi\u00e9n sigo por el, por el mismo camino, felicitar a los alumnos, a los educadores, a la instituci\u00f3n por sobre todo y a m\u00ed que me toca esa parte de la gastronom\u00eda, cuando yo arranqu\u00e9 hace muchos a\u00f1os en la gastronom\u00eda era una obligaci\u00f3n tener una carta en este sistema eran cartas de madera, una cosa de locos, y ver hoy un sistema que sea tan simple que lo haya vuelto a la normalidad un grupo de chicos, la verdad que lo celebro much\u00edsimo. Es algo, \u00a0es un punto bien inicial porque es el inicio de todas las actividades que se pueden hacer a partir de ese lugar, porque no es solamente para el que tiene esta dificultad visual, o en otros casos estamos trabajando particularmente en privado sobre una carta de voz que tambi\u00e9n puede sumar a este proyecto que los chicos iniciaron, y que me parece muy bueno que hay que seguir sobre ese camino. Traernos ideas, cosas que funcionan que se han dejado en el tiempo, pero que son muy necesarias en la sociedad de hoy que nos olvidamos muchas cosas que funcionaron en el tiempo y hoy no lo ten\u00edamos en pr\u00e1ctica. As\u00ed que bueno, a seguir por ese camino de trabajo y los felicito nuevamente.<\/p>\n<p>&nbsp;<\/p>\n<p>Concejal Marcela Gimenez:<\/p>\n<p>Lo que voy a destacar es este trabajo de articulaci\u00f3n que se hace a trav\u00e9s de una escuela y el Honorable Concejo Deliberante. La verdad que me parece sumamente importante la participaci\u00f3n ciudadana, celebro la participaci\u00f3n ciudadana, sobre todo cuando es de un grupo de alumnos y alumnas que dedican el tiempo a proyectos que tengan impacto en la comunidad. Este tipo de proyectos sociocomunitarios hablan de una escuela abierta la comunidad, \u00a0hablan de una escuela que est\u00e1 mirando un horizonte sin importar las diferencias, habla de una escuela que trata de eliminar las barreras, cu\u00e1les quieran que ellas sean, y por supuesto de la inclusi\u00f3n. en ese sentido voy a destacar el trabajo por supuesto educativo de toda la instituci\u00f3n, el grupo de alumnos en particular, y obviamente esta posibilidad de poder traer a este Concejo o a este Cuerpo este proyecto o esta idea y haberla transformado en un Proyecto de Ordenanza que va a tener un impacto, como dije, social, comunitario, en todo nuestro Distrito es algo de destacar, y de celebrar. No todos los d\u00edas ocurren estas cosas, pero s\u00ed todos los d\u00edas en las escuelas ocurren este tipo de ideas y de proyectos y trabajan much\u00edsimo, as\u00ed que yo voy a felicitar por supuesto al grupo de alumnos, a los profes, y a la instituci\u00f3n en general. Y me parece importante destacar este gran trabajo que se ha realizado, que va a tener un gran impacto en la comunidad. Gracias.<\/p>\n<p>&nbsp;<\/p>\n<p>#<strong><u>Expte. N\u00ba 7803\/24:<\/u><\/strong> &#8211; N.P. \u2013 Gabriel Wilt: Ref. Nominaci\u00f3n Anfiteatro Sierra de la Ventana con el nombre Ricardo Iorio<\/p>\n<p>Se aprueba por unanimidad el dictamen de las Comisiones de \u00a0ASUNTOS MUNICIPALES; Y OBRAS P\u00daBLICAS, que aconseja enviar respuesta al grupo de vecinos aclarando o informando que el lugar mencionado tiene nombre reservado, realizado por votaci\u00f3n y participaci\u00f3n de la comunidad de Sierra de la Ventana, en el Programa Municipal \u201cPresupuesto Participativo\u201d. Luego enviar el Expediente al Archivo.-<\/p>\n<p>&nbsp;<\/p>\n<p>#<strong><u>Expte. N\u00ba 7806\/24:<\/u><\/strong> &#8211; Bloques Juntos y Juntos por el Cambio &#8211; Proyecto de Resoluci\u00f3n: Solicita al Gobernador de la Pcia. de Bs. As. suspender por 365 d\u00edas La V.T.V.<\/p>\n<p>Seg\u00fan el dictamen de la Comisi\u00f3n de INTERPRETACI\u00d3N Y REGLAMENTO; se aprueba por unanimidad la Resoluci\u00f3n N\u00ba 33\/24 por la que se solicita al Gobernador de la Provincia que genere las acciones necesarias para suspender por 365 d\u00edas la aplicaci\u00f3n del Cap\u00edtulo VI (Art\u00edculos 16\u00b0, 17\u00b0 y 18\u00b0) de la Ley N\u00ba 13.927 referidos a la Verificaci\u00f3n T\u00e9cnica Vehicular para veh\u00edculos de uso particular, con el objeto de mejorar la legislaci\u00f3n vigente actualizando sus par\u00e1metros en base a las nuevas tecnolog\u00edas y posibilidades brindadas por la industria automotriz posibilitando una menor periodicidad, la inclusi\u00f3n de otras alternativas de verificaci\u00f3n y un costo que no se considere un impuesto encubierto.<\/p>\n<p>Se solicita \u00a0a la Honorable Legislatura de la provincia de Buenos Aires el pronto tratamiento y aprobaci\u00f3n de los expedientes E-xxx 2024 2025\u00a0y D-823\/2023 2024.<\/p>\n<p>Se gira copia de la presente a la Honorable Legislatura de la Provincia y a los Concejos Deliberantes de la Provincia.-<\/p>\n<p>&nbsp;<\/p>\n<p>Concejal Juan Cruz Marzialetti:<\/p>\n<p>Quer\u00eda referirme a este Expediente. Creemos que ser\u00eda de suma importancia que se pueda llevar a cabo la suspensi\u00f3n del cobro de la V.T.V. por un a\u00f1o. Siempre estamos hablando de la legitimidad de las tasas,\u00a0 de los impuestos, de lo que se cobra. Ahora celebramos que se est\u00e1 acomodando la Ruta 76, de a poco se va, \u00a0se va repavimentando, lo celebramos por supuesto, pero creemos que en las condiciones en que est\u00e1n las rutas justamente en todo el pa\u00eds, o en la mayor parte, cobrar la V.T.V. o exigirles a los veh\u00edculos para que los veh\u00edculos para que circulen la tengan que tener al d\u00eda, por lo menos nos parece que estar\u00eda bueno que por un a\u00f1o se suspenda, y se d\u00e9 un tiempo para que algunas obras puedan ir avanzando tambi\u00e9n. Nada m\u00e1s y muchas gracias.<\/p>\n<p><strong><u>\u00a0<\/u><\/strong><\/p>\n<p>#<strong><u>Expte. N\u00ba 7808\/24:<\/u><\/strong> &#8211; N.P. &#8211; Padres de la comunidad educativa de la Escuela Primaria N\u00ba 24 de Chasic\u00f3: Solicitan Uso Banca Concejal N\u00ba 13.-<\/p>\n<p>Se aprueba por unanimidad el dictamen de las Comisiones de \u00a0INTERPRETACI\u00d3N Y REGLAMENTO; Y ASUNTOS MUNICIPALES que \u00a0aconseja comunicarle a los firmantes patrocinantes que podr\u00e1n usar la Banca 13 el mi\u00e9rcoles 2 de octubre del corriente a\u00f1o a las 20 hs.-<\/p>\n<p>&nbsp;<\/p>\n<p><strong><u>Proyectos Presentados <\/u><\/strong><\/p>\n<p><strong><u>\u00a0<\/u><\/strong><\/p>\n<p><strong><u>Bloques Juntos y Juntos por el Cambio: Minuta de Comunicaci\u00f3n: <\/u><\/strong><\/p>\n<p><strong><u>VISTO:<\/u><\/strong><\/p>\n<p>La Ley Provincial N\u00b0 14107 &#8211; <strong><em>Registro de Propietarios de Perros Potencialmente Peligrosos de la Provincia de Buenos Aires<\/em><\/strong>;<\/p>\n<p>La Ordenanza Municipal N\u00b0 3259\/20 &#8211; <strong><em>Tenencia Responsable de Mascotas en el Distrito de Tornquist<\/em><\/strong>;<\/p>\n<p>La Resoluci\u00f3n Municipal N\u00b0 80\/22 \u2013 <strong><em>Instrumentaci\u00f3n del Registro mencionado en el Art. 3 de la Ordenanza Municipal N\u00b0 3259\/20<\/em><\/strong>,<\/p>\n<p>Se exhorta al Departamento Ejecutivo Municipal a realizar una campa\u00f1a de difusi\u00f3n masiva en referencia a la normativa vigente sobre tenencia responsable de mascotas. Se solicita al Departamento Ejecutivo Municipal que a trav\u00e9s del \u00e1rea de Zoonosis y Bromatolog\u00eda incremente los controles instando a los propietarios al cumplimiento de la norma.<\/p>\n<p>Se insta al Departamento Ejecutivo a que d\u00e9 cumplimiento al Art. 3 de la Ordenanza Municipal N\u00b0 3259\/20.<\/p>\n<p><strong><u>\u00a0<\/u><\/strong><\/p>\n<p>Este Proyecto consta de 4 Art\u00edculos<\/p>\n<p>Firmado por:<\/p>\n<p>Luis Castro, Presidente Bloque Juntos<\/p>\n<p>Susana Marcolini, Presidente Bloque Juntos por el Cambio<\/p>\n<p><strong><u>\u00a0<\/u><\/strong><\/p>\n<p>Se aprueba por unanimidad la\u00a0 formaci\u00f3n de Expte. y el tratamiento sobre Tablas.<\/p>\n<p>Se forma el Expediente N\u00ba 7810\/24 y se aprueba por unanimidad enviar copia de la Minuta de Comunicaci\u00f3n al Departamento Ejecutivo, y posteriormente girar el mismo al Archivo.-<\/p>\n<p>&nbsp;<\/p>\n<p>Concejal Luis Castro:<\/p>\n<p>S\u00ed, con respecto a la Minuta que se acaba de aprobar tal vez me gustar\u00eda se\u00f1alar que d\u00eda atr\u00e1s tuvimos la oportunidad en el Bloque de conversar con, con la vecina que sufri\u00f3 una mordedura de un perro en la plaza que fue grave pero si era un chico podr\u00eda haber sido mucho m\u00e1s grave, y bueno hablando de este tema, porque ella se enter\u00f3 que nosotros presentamos la Minuta en cuanto a que se cumpla con la normativa que est\u00e1 establecida tanto municipal como provincial, la Ley Provincial la 14.107 si no me equivoco, es la que hace referencia al registro de perro raza potencialmente peligrosa. Bueno, nosotros es un tema que como Bloque lo venimos marcando hace tiempo, y \u00a0todos los concejales en general, porque es una problem\u00e1tica que a \u00a0todos los concejales nos plantean todas las semanas o todos los\u00a0 d\u00edas, esta problem\u00e1tica de la tenencia responsable \u00a0de mascotas, principalmente los perros sueltos, o sin correa, o sin bozal, y ni hablar cuando son perros de raza potencialmente peligrosa. En este sentido quer\u00edamos se\u00f1alar a trav\u00e9s de la Minuta, bueno, como \u00a0est\u00e1 expresado, \u00a0que el Ejecutivo que es quien debe ejecutar las normas, porque as\u00ed lo marca la ley, bueno, tome cartas en el asunto. Yo s\u00e9 que hay funcionarios, y todos los funcionarios estamos preocupados por la problem\u00e1tica, pero hay funcionarios del Ejecutivo que est\u00e1n preocupados por esta cuesti\u00f3n, y principalmente por la mordedura, que, la que comentaba al principio, bueno que tome cartas en el asunto y que empecemos de los lugares que nos corresponde a cada uno, en principio hacer una campa\u00f1a masiva de que los ciudadanos conozcan que existe una Ordenanza, que la tenencia responsable de mascota es importante, no es adoptar y despu\u00e9s los animales andan sueltos, sin vacuna, bueno, creo que lo importante de todos los \u00e1mbitos \u00a0posibles, la escuela ser\u00eda positivo tambi\u00e9n, que empecemos a hacer hincapi\u00e9 en la normativa que tenemos porque pudo haber pasado una tragedia, no pas\u00f3, pas\u00f3 algo grave, entonces creo que tenemos que tomar cartas en el asunto y el Ejecutivo y empezar, obviamente a hacer apercibimientos a aquellos due\u00f1os que, o tenedores que tengan las mascotas y no las tengan en condiciones y salgan a pasear como sabemos qu\u00e9 pasa, sin correa y sin bozal principalmente los perros de razas potencialmente peligrosas. Gracias.<\/p>\n<p>&nbsp;<\/p>\n<p><strong><u>Bloques Juntos y Juntos por el Cambio: Proyecto de Resoluci\u00f3n:<\/u><\/strong><\/p>\n<p>Distinci\u00f3n a qui\u00e9n en vida fuera el artista pl\u00e1stico Rub\u00e9n Bustillo, <strong>\u201cDiploma de Honor pos mortem\u201d,<\/strong> reconoci\u00e9ndolo como personalidad destacada del arte y la cultura del Distrito.<\/p>\n<p>Se faculta a la Presidencia del Cuerpo para que cite a los Concejales a Sesi\u00f3n Especial, comunic\u00e1ndole a los familiares y amigos del artista para realizar el acto de distinci\u00f3n.<\/p>\n<p>Se autoriza a la Presidencia del Honorable Concejo Deliberante a efectuar los gastos correspondientes para dar cumplimiento a la Presente.<\/p>\n<p><strong><u>\u00a0<\/u><\/strong><\/p>\n<p>Este Proyecto consta de 4 Art\u00edculos.<\/p>\n<p>Firmado por:<\/p>\n<p>Luis Castro, Presidente Bloque Juntos<\/p>\n<p>Susana Marcolini, Presidente Bloque Juntos por el Cambio<\/p>\n<p><strong><u>\u00a0<\/u><\/strong><\/p>\n<p>Se aprueba por unanimidad la\u00a0 formaci\u00f3n de Expte. y el tratamiento sobre Tablas.<\/p>\n<p>Se forma el Expediente N\u00ba 7811\/24, y se aprueba por unanimidad la Resoluci\u00f3n N\u00ba 34\/24 por la que se otorga a familiares de qui\u00e9n en vida fuera el artista pl\u00e1stico Rub\u00e9n Bustillo \u201cDiploma de Honor pos mortem\u201d, reconoci\u00e9ndolo como personalidad destacada del arte y la cultura del Distrito.<\/p>\n<p>Se faculta a la Presidencia del Cuerpo para que cite a los Concejales a Sesi\u00f3n Especial, comunic\u00e1ndole a los familiares y amigos del artista para realizar el acto de distinci\u00f3n.<\/p>\n<p>Se autoriza a la Presidencia del Honorable Concejo Deliberante a efectuar los gastos correspondientes para dar cumplimiento a la Presente.-<\/p>\n<p><strong><u>\u00a0<\/u><\/strong><\/p>\n<p><strong><u>Bloques Juntos y Juntos por el Cambio: Minuta de Comunicaci\u00f3n:<\/u><\/strong><\/p>\n<p><strong><u>VISTO:<\/u><\/strong><\/p>\n<p>Las erogaciones en viandas realizadas por la Secretaria de Gobierno y Gesti\u00f3n P\u00fablica en el transcurso del a\u00f1o, a los beneficiarios N\u00b0 1611 y 569: se solicita al Departamento Ejecutivo Municipal que, a trav\u00e9s de la Secretaria de Gobierno y Gesti\u00f3n P\u00fablica, env\u00ede a \u00e9ste Cuerpo, con pronto despacho, la siguiente informaci\u00f3n:<\/p>\n<ul>\n<li>\u00c1reas y actividades que demandaron la provisi\u00f3n de viandas.<\/li>\n<li>Procedimientos de compras.<\/li>\n<li>Si se plantearon Alternativa para optimizar recursos.<\/li>\n<\/ul>\n<p><strong><u>\u00a0<\/u><\/strong><\/p>\n<p>Este Proyecto consta de 2 Art\u00edculos.<\/p>\n<p>Firmado por:<\/p>\n<p>Luis Castro, Presidente Bloque Juntos<\/p>\n<p>Susana Marcolini, Presidente Bloque Juntos por el Cambio<\/p>\n<p><strong><u>\u00a0<\/u><\/strong><\/p>\n<p>Se aprueba por unanimidad la\u00a0 formaci\u00f3n de Expte. y el tratamiento sobre Tablas. Se forma el Expediente N\u00ba 7812\/24 y se aprueba por unanimidad enviar copia de la Minuta de Comunicaci\u00f3n al Departamento Ejecutivo, y posteriormente girar el mismo al Archivo.-<\/p>\n<p><strong><u>\u00a0<\/u><\/strong><\/p>\n<p>Concejal Luis Castro:<\/p>\n<p>s\u00ed en cuanto esta Minuta de Comunicaci\u00f3n que fue aprobada por unanimidad, que tiene que ver con, con una erogaci\u00f3n del Estado Municipal, presupuesto, principalmente en la localidad de Sierra de la Ventana que tiene que ver, bueno, como dice el proyecto, \u00a0\u00a0con viandas para empleados municipales, suponemos. Bueno, en principio esperamos porque hemos tenido declaraciones de funcionarios p\u00fablicos incluido el Intendente que \u00faltimamente dijo que \u00e9l no va a responder nada, s\u00ed, por la misma \u00bfs\u00ed?, con la misma postura que, que tiene desde \u00a0un principio. Bueno esperamos en principio que est\u00e9 la respuesta de esa Minuta, vamos a ser optimistas. Y tambi\u00e9n celebramos que la Secretaria de Hacienda frente a este proyecto y ante situaci\u00f3n que nosotros visibilizamos, reconozca que en realidad el gasto que se estaba haciendo en cuanto a las Minutas y tambi\u00e9n en hora extra bueno no se va a poder llevar m\u00e1s adelante porque la cuesti\u00f3n presupuestaria no es \u00f3ptima, y aparte baj\u00f3 la recaudaci\u00f3n de las Tasas Municipales. Celebramos eso, que en principio reconozca eso porque \u00a0justamente nuestra Minuta est\u00e1 apuntada a la cuesti\u00f3n de, y no es la, hemos hecho Minutas, o a pedido que tiene que ver con el gasto p\u00fablico, o el control del gasto p\u00fablico, y tambi\u00e9n\u00a0 lo marcamos cuando se aprob\u00f3 en el Concejo por mayor\u00eda, perd\u00f3n, \u00a0el presupuesto por mayor\u00eda en este Concejo de la importancia del control del gasto p\u00fablico. Y nosotros no vemos que haya un control del gasto p\u00fablico, porque si estamos en el mes 9 casi entrando en el mes 10 y reci\u00e9n nos damos cuenta que, bueno, tenemos que dejar de pagar esto el otro porque no nos dan las cuentas, bueno, es porque no estamos controlando el gasto p\u00fablico. Y particularmente con, con la cuesti\u00f3n de las viandas que fueron, por lo que sabemos para, para la Delegaci\u00f3n de Sierra de la Ventana, se gastaron por erogaciones \u00a0algo m\u00e1s de 13 millones de pesos hasta la fecha, y justamente hoy nos llegaba por tel\u00e9fono y hablamos con personas de Sierra de la Ventana una solicitud que est\u00e1 haciendo, una campa\u00f1a qu\u00e9 est\u00e1 haciendo el hospital de Sierra de la Ventana, la cooperadora m\u00e1s precisamente, para la compra un equipo electr\u00f3geno para el Hospital Municipal, Hospital Municipal, creo que sale algo de 15 millones de pesos anda por ah\u00ed. Gastamos 13 millones en viandas, no digo que no eran todas necesarias, eso lo tendr\u00e1n que responder, pero nosotros tambi\u00e9n hacemos hincapi\u00e9 si no pensaron en la cuesti\u00f3n de optimizar el gasto, porque ahora una instituci\u00f3n, el Hospital Municipal de Sierra de la Ventana est\u00e1 haciendo una campa\u00f1a para comprar un equipo electr\u00f3geno y la verdad que las perspectivas que hay del gobierno municipal no s\u00e9 c\u00f3mo estar\u00e1 esa situaci\u00f3n porque si la Secretaria Hacienda dice que baj\u00f3 la recaudaci\u00f3n y que estamos complicados, que \u00a0la verdad que todo lo que venimos viendo y no de ahora, desde que comenz\u00f3 el a\u00f1o, no s\u00e9 c\u00f3mo, c\u00f3mo avanzar\u00e1 esa situaci\u00f3n. S\u00ed creemos que en cuanto a esta situaci\u00f3n que est\u00e1 haciendo la campa\u00f1a al Hospital de Sierra, hay una tasa de salud que pagan los contribuyentes del distrito y est\u00e1 claro cu\u00e1l es, por qu\u00e9 se paga la tasa de salud entonces creo que no har\u00eda falta hacer ninguna colecta, o no corresponder\u00eda, porque repito es el Hospital Municipal y los contribuyentes pagan una tasa y este a\u00f1o se le agreg\u00f3 encima la Tasa De Salud a la gente del campo, a la red vial. Entonces creo que en principio esa situaci\u00f3n tendr\u00eda que ser solucionada lo m\u00e1s r\u00e1pido posible, y no nos pueden estar pasando. Y cuando nosotros marcamos la cuesti\u00f3n del control del gasto p\u00fablico que muchos se enojan, y otra vez Pedido de Informe, y ponen palos en la rueda, no son palos en la rueda, vamos, primero estar\u00eda bueno que lean los proyectos en estos casos Minutas, Pedidos de Informes, \u00a0y despu\u00e9s pueden formar obviamente una opini\u00f3n y principalmente tendr\u00edan que responder. Pero creo que hay que poner un l\u00edmite a esto de palos en la rueda, porque la verdad que nos est\u00e1n dando la raz\u00f3n por lo que hacen, no por lo que responden, \u00a0la raz\u00f3n en cada cosa que marcamos, cada cosa que marcamos al rato cuando el periodismo le pregunta sobre el proyecto, el Pedido de Informe que presentamos, nos dan la raz\u00f3n. Y no es la primera vez, \u00a0ha pasado particularmente con el \u00a0control de gastos, que nosotros hemos hecho Pedido de Informe por funcionarios que gastaban, ten\u00edan gastos excesivos en vi\u00e1ticos, no contestaban el Pedido de Informe, eso est\u00e1 claro, pero tampoco siguieron esos gastos excesivos, o sea por ese lado est\u00e1 teniendo resultado lo que se\u00f1alamos. Hicimos el control del gasto tambi\u00e9n de vi\u00e1tico del Delegado de Chasic\u00f3, que \u00a0fue la otra Sesi\u00f3n que se aprob\u00f3. No creo que tengamos respuesta, ojal\u00e1 la \u00a0tengamos, pero hasta la fecha no hay m\u00e1s vi\u00e1ticos que haya sacado. Entonces llamo a recapacitar al Ejecutivo, que lo que nosotros marcamos tiene que ver con la funci\u00f3n que tenemos, que \u00a0justamente es, \u00a0una de las funciones que tenemos es controlar al Departamento Ejecutivo. Gracias.<\/p>\n<p>&nbsp;<\/p>\n<p><strong><u>Bloques Frente de Todos, Uni\u00f3n por la Patria y Acci\u00f3n por Tornquist : Proyecto de Resoluci\u00f3n:<\/u><\/strong> Solicita al Departamento Ejecutivo que, a trav\u00e9s de la Secretar\u00eda de Obras p\u00fablicas, se arbitren los medios necesarios para que se coloque una garita y\/o refugio para la espera de colectivos, en las inmediaciones de la Escuela T\u00e9cnica Nro. 1 cito en\u00a0 Ruta 76 Km 263,7 y acceso.<\/p>\n<p>La construcci\u00f3n de la garita quedar\u00e1 sujeta a las especificaciones que establezca la Secretar\u00eda de Obras y Servicios P\u00fablicos de la Municipalidad de Tornquist.<\/p>\n<p>Faculta al Departamento Ejecutivo a realizar la erogaci\u00f3n de gastos pertinentes<\/p>\n<p><strong><u>\u00a0<\/u><\/strong><\/p>\n<p>Este Proyecto consta de 5 Art\u00edculos.<\/p>\n<p>Firmado por:<\/p>\n<p>Marcela Gimenez, Presidente Bloque Frente de Todos<\/p>\n<p>Mat\u00edas Rojas, Presidente Bloque Uni\u00f3n por la Patria<\/p>\n<p>Yamila Ram\u00edrez, Presidente Bloque Acci\u00f3n por Tornquist<\/p>\n<p><strong><u>\u00a0<\/u><\/strong><\/p>\n<p>Se aprueba por unanimidad la\u00a0 formaci\u00f3n de Expte. y el tratamiento sobre Tablas.<\/p>\n<p>Se forma el Expediente N\u00ba 7813\/24 y se aprueba por unanimidad la Resoluci\u00f3n N\u00ba 35\/24 por la que se solicita al Departamento Ejecutivo que, a trav\u00e9s de la Secretar\u00eda de Obras p\u00fablicas, se arbitren los medios necesarios para que se coloque una garita y\/o refugio para la espera de colectivos, en las inmediaciones de la Escuela T\u00e9cnica Nro. 1 cito en Ruta 76 Km 263,7 y acceso.<\/p>\n<p>La construcci\u00f3n de la garita quedar\u00e1 sujeta a las especificaciones que establezca la Secretar\u00eda de Obras y Servicios P\u00fablicos de la Municipalidad de Tornquist.<\/p>\n<p>Se faculta al Departamento Ejecutivo a realizar la erogaci\u00f3n de gastos pertinentes.-<\/p>\n<p>&nbsp;<\/p>\n<p><strong><u>Bloques Frente de Todos, Uni\u00f3n por la Patria y Acci\u00f3n por Tornquist: Proyecto de Resoluci\u00f3n:<\/u><\/strong><\/p>\n<p>Se solicita\u00a0 al Departamento Ejecutivo que, a trav\u00e9s de la Secretar\u00eda de Obras y Servicios P\u00fablicos, se arbitren los medios necesarios para la construcci\u00f3n de una d\u00e1rsena de giro con el objetivo de ordenar el acceso a la ciudad de Tornquist.<\/p>\n<p>La construcci\u00f3n de la d\u00e1rsena quedar\u00e1 sujeta a las especificaciones que establezca la Secretar\u00eda de Obras y Servicios P\u00fablicos de la Municipalidad de Tornquist.<\/p>\n<p>Se faculta al Departamento Ejecutivo a realizar la erogaci\u00f3n de gastos pertinentes.<\/p>\n<p>Se solicita a Vialidad Provincial la autorizaci\u00f3n pertinente si fuese necesario, a los fines de dar cumplimiento al presente.<\/p>\n<p><strong>\u00a0<\/strong><\/p>\n<p>Este Proyecto consta de 4 Art\u00edculos.<\/p>\n<p>Firmado por:<\/p>\n<p>Marcela Gimenez, Presidente Bloque Frente de Todos<\/p>\n<p>Mat\u00edas Rojas, Presidente Bloque Uni\u00f3n por la Patria<\/p>\n<p>Yamila Ram\u00edrez, Presidente Bloque Acci\u00f3n por Tornquist<\/p>\n<p>&nbsp;<\/p>\n<p>Se aprueba por unanimidad la\u00a0 formaci\u00f3n de Expte. y el tratamiento sobre Tablas.<\/p>\n<p>Se forma el Expediente N\u00ba 7814\/24 y se aprueba por unanimidad la Resoluci\u00f3n N\u00ba 36\/24 por la que se solicita al Departamento Ejecutivo que, a trav\u00e9s de la Secretar\u00eda de Obras y Servicios P\u00fablicos, se arbitren los medios necesarios para la construcci\u00f3n de una d\u00e1rsena de giro con el objetivo de ordenar el acceso a la ciudad de Tornquist.<\/p>\n<p>La construcci\u00f3n de la d\u00e1rsena quedar\u00e1 sujeta a las especificaciones que establezca la Secretar\u00eda de Obras y Servicios P\u00fablicos de la Municipalidad de Tornquist.<\/p>\n<p>Se faculta al Departamento Ejecutivo a realizar la erogaci\u00f3n de gastos pertinentes.-<\/p>\n<p><strong><u>\u00a0<\/u><\/strong><\/p>\n<p>&nbsp;<\/p>\n<p><strong><u>Bloques Frente de Todos, Uni\u00f3n por la Patria y Acci\u00f3n por Tornquist : Proyecto de Resoluci\u00f3n:<\/u><\/strong><\/p>\n<p><strong><u>VISTO:<\/u><\/strong><\/p>\n<p>Que el Instituto Nacional de Servicios Sociales para jubilados y pensionados (PAMI) elimin\u00f3 de sus listados de cobertura del 100% de una serie de medicamentos, afectando a sus beneficiarios con total falta de criterios responsables y humanitarios, este Proyecto de Resoluci\u00f3n:<\/p>\n<p>Repudia y rechaza las medidas impuestas por el Poder Ejecutivo Nacional, respecto al recorte de la cobertura del 100% a los medicamentos a jubilados y pensionados, trav\u00e9s de la Obra social PAMI, como as\u00ed tambi\u00e9n, a los diferentes ajustes en los haberes que perciben, no logrando cubrir sus necesidades b\u00e1sicas.-<\/p>\n<p>Se eleva el siguiente proyecto de manera digital a los diferentes Concejos Deliberantes de la Provincia de Buenos Aires.-<\/p>\n<p>&nbsp;<\/p>\n<p>Se env\u00eda el siguiente proyecto a la Delegaci\u00f3n local de PAMI en Tornquist.-<\/p>\n<p><strong><u>\u00a0<\/u><\/strong><\/p>\n<p>Este Proyecto consta de 4 Art\u00edculos.<\/p>\n<p>Firmado por:<\/p>\n<p>Marcela Gimenez, Presidente Bloque Frente de Todos<\/p>\n<p>Mat\u00edas Rojas, Presidente Bloque Uni\u00f3n por la Patria<\/p>\n<p>Yamila Ram\u00edrez, Presidente Bloque Acci\u00f3n por Tornquist<\/p>\n<p>&nbsp;<\/p>\n<p>Se aprueba por mayor\u00eda (votaci\u00f3n 11 a 1) la\u00a0 formaci\u00f3n de Expte. y el tratamiento sobre Tablas.<\/p>\n<p>Se forma el Expediente N\u00ba 7815\/24 y se aprueba por mayor\u00eda la Resoluci\u00f3n N\u00ba 37\/24 que Repudia y rechaza las medidas impuestas por el Poder Ejecutivo Nacional, respecto al recorte de la cobertura del 100% a los medicamentos a jubilados y pensionados, trav\u00e9s de la Obra Social PAMI, como as\u00ed tambi\u00e9n, a los diferentes ajustes en los haberes que perciben, no logrando cubrir sus necesidades b\u00e1sicas.-<\/p>\n<p>Se eleva el siguiente proyecto de manera digital a los diferentes Concejos Deliberantes de la Provincia de Buenos Aires.-<\/p>\n<p>Se env\u00eda el siguiente proyecto a la Delegaci\u00f3n local de PAMI en Tornquist.-<\/p>\n<p>&nbsp;<\/p>\n<p><strong><u>Bloques Juntos y Juntos por el Cambio: Proyecto de Resoluci\u00f3n:<\/u><\/strong><\/p>\n<p>Expresa el rechazo de este Concejo Deliberante al Decreto 782\/2024 a trav\u00e9s del cual el Presidente de la Naci\u00f3n veta en su totalidad la Ley registrada bajo el N\u00ba 27.756, por la que se disponen modificaciones al r\u00e9gimen jur\u00eddico aplicable a la Movilidad Previsional y a la Seguridad Social.<\/p>\n<p>Invita a los Concejos Deliberantes de la Provincia de Buenos Aires a manifestarse en igual sentido.<\/p>\n<p><strong><u>\u00a0<\/u><\/strong><\/p>\n<p>Este Proyecto consta de 3 Art\u00edculos.<\/p>\n<p>Firmado por:<\/p>\n<p>Luis Castro, Presidente Bloque Juntos<\/p>\n<p>Susana Marcolini, Presidente Bloque Juntos por el Cambio<\/p>\n<p><strong><u>\u00a0<\/u><\/strong><\/p>\n<p>Se aprueba por unanimidad la\u00a0 formaci\u00f3n de Expte. y el tratamiento sobre Tablas.-<\/p>\n<p>Se forma el Expediente N\u00ba 7816\/24 y se aprueba por mayor\u00eda la Resoluci\u00f3n N\u00ba 38\/24 que expresa el rechazo de este Concejo Deliberante al Decreto 782\/2024 a trav\u00e9s del cual el Presidente de la Naci\u00f3n veta en su totalidad la Ley registrada bajo el N\u00ba 27.756, por la que se disponen modificaciones al r\u00e9gimen jur\u00eddico aplicable a la Movilidad Previsional y a la Seguridad Social.<\/p>\n<p>Se invita a los Concejos Deliberantes de la Provincia de Buenos Aires a manifestarse en igual sentido.-<\/p>\n<p>&nbsp;<\/p>\n<p><strong><u>Honorable Concejo Deliberante: Proyecto de Resoluci\u00f3n:<\/u><\/strong> Disposiciones establecidas en el Art. 16\u00ba (bis) del Reglamento Interno del H.C.D. en relaci\u00f3n al destino de la dieta de concejal ante ausencia del mismo.<\/p>\n<p><strong><u>\u00a0<\/u><\/strong><\/p>\n<p>Este Proyecto consta de 3 Art\u00edculos.<\/p>\n<p>Firmado por:<\/p>\n<p>Luis Castro, Presidente Bloque Juntos<\/p>\n<p>Susana Marcolini, Presidente Bloque Juntos por el Cambio<\/p>\n<p>Marcela Gimenez, Presidente Bloque Frente de Todos<\/p>\n<p>Mat\u00edas Rojas, Presidente Bloque Uni\u00f3n por la Patria<\/p>\n<p>Ricardo Gonda, Concejal Bloque Acci\u00f3n por Tornquist.<\/p>\n<p><strong><u>\u00a0<\/u><\/strong><\/p>\n<p>Se aprueba por unanimidad la\u00a0 formaci\u00f3n de Expte. y el tratamiento sobre Tablas.-<\/p>\n<p>Se forma el Expediente N\u00ba 7817\/24 y se aprueba por unanimidad la Resoluci\u00f3n N\u00ba 39\/24 por la que se destina el monto de pesos CIENTO VEINTICUATRO MIL SETECIENTOS TRECE CON 65\/100 (124.713,65), que surge ante la ausencia de un Edil el cuan no ha sido reemplazado, \u00a0a Automoto Club Deportivo de Tornquist. Dicho importe ser\u00e1 entregado a su Presidente, Sr. Gabriel Artola.-<\/p>\n<p>&nbsp;<\/p>\n<p><strong><u>Asuntos Particulares<\/u><\/strong><\/p>\n<p>&nbsp;<\/p>\n<p><strong><u>N.P.N\u00ba 063\/24- Vecinos Chasic\u00f3- en referencia Doble Escolaridad en la Escuela Primaria N\u00ba 24, Manuel Leo:<\/u><\/strong><\/p>\n<p>En relaci\u00f3n a la doble escolaridad de la Escuela Primaria N\u00ba 24, algunos padres que han sido consultados en este tema presentan su postura de apoyar la doble escolaridad, tras el sondeo que se realizara en su momento a 21 familias, 11 ellas firmaron para que se establezca la doble escolaridad. \u00a0Firmada por algunos de padres del establecimiento.<\/p>\n<p>&nbsp;<\/p>\n<p>Concejal Mat\u00edas Rojas:<\/p>\n<p>Si el Cuerpo est\u00e1 de acuerdo solicito formaci\u00f3n de Expediente y pase a Comisi\u00f3n de la nota recientemente le\u00edda.<\/p>\n<p>&nbsp;<\/p>\n<p>Concejal Luis Castro:<\/p>\n<p>Si, considero que en cuanto a esta nota que expresan los padres, y claramente al final de la nota marcan que ellos en realidad quieren expresar su postura, que es totalmente v\u00e1lida, que est\u00e1n a favor de la doble escolaridad en la localidad de Chasic\u00f3, creo que a diferencia de la nota con la otra postura, la otra solicitaba justamente la Banca 13 que se la concedimos en este Cuerpo, creo que en todo caso corresponder\u00eda y tendr\u00eda sentido que esa nota, supongo que habr\u00e1n mandado con copia, se env\u00ede o a Jefatura Distrital, o al organismo competente que pueda darle resoluci\u00f3n a esta problem\u00e1tica, no s\u00e9 si es el t\u00e9rmino pero lo est\u00e1 planteando la localidad de Chasic\u00f3, creo que ser\u00eda lo m\u00e1s conveniente porque si formas un Expediente vuelve a ir a Comisi\u00f3n, y seguramente en Comisi\u00f3n terminemos dictaminando que se env\u00ede a alg\u00fan organismo competente porque no es competencia nuestra resolver esa problem\u00e1tica m\u00e1s all\u00e1 que celebro, y esto es totalmente v\u00e1lido que los vecinos expresen sus posturas frente a la cuesti\u00f3n. Gracias.<\/p>\n<p>&nbsp;<\/p>\n<p>Se aprueba por mayor\u00eda la primera moci\u00f3n, \u00a0formaci\u00f3n de Expediente y el pase a Comisi\u00f3n.-<\/p>\n<p><strong><u>\u00a0<\/u><\/strong><\/p>\n<p><strong><u>N.P. N\u00ba 065\/24<\/u><\/strong>:<strong><u> Personal del Geri\u00e1trico Municipal Dr. Alberto Castro:<\/u><\/strong><\/p>\n<p>Solicitan aumento de haberes, teniendo en cuenta la situaci\u00f3n econ\u00f3mica que atraviesa el pa\u00eds. Firmada por personal del Geri\u00e1trico Municipal.<\/p>\n<p>Se aprueba por unanimidad la formaci\u00f3n de Expediente y el pase a Comisi\u00f3n.-<\/p>\n<p>&nbsp;<\/p>\n<p>Alocuciones de los Concejales:<\/p>\n<p>&nbsp;<\/p>\n<p>Concejal Sandra Kifer:<\/p>\n<p>Bueno, en principio voy a hacer referencia a dos Proyectos de Resoluci\u00f3n que se aprobaron hoy que los presentaron ac\u00e1 los Bloques de Acci\u00f3n por Tornquist, Uni\u00f3n por la Patria y Frente de Todos, que me parece excelente la propuesta, y ojal\u00e1 sea escuchada por el Ejecutivo para poder realizar una d\u00e1rsena de ingreso a la localidad de Tornquist, ordenar de esa manera el acceso y construir una garita para la gente que toma el colectivo, el transporte p\u00fablico a la altura de la escuela t\u00e9cnica, ojal\u00e1 que esos proyectos sean escuchados y que se puedan llevar adelante. Despu\u00e9s tambi\u00e9n quiero recordar aprovechando la oportunidad que en este Concejo Deliberante se han presentado proyectos relacionados con la d\u00e1rsena de giro necesaria para la localidad de La Gruta y para San Andr\u00e9s de la Sierra, que tambi\u00e9n es muy importante por cuestiones de seguridad ser\u00eda bueno que tambi\u00e9n se tuviesen en cuenta esos proyectos. Y sumar que tambi\u00e9n un reclamo hist\u00f3rico de los vecinos de la localidad de Saldungaray y de la localidad de Sierra de la Ventana que tambi\u00e9n se ha manifestado en este Concejo Deliberante, tambi\u00e9n en charlas que hemos tenido con el se\u00f1or Intendente, la necesidad de que haya un espacio para que los vecinos que toman el micro y esperan el micro de larga distancia puedan tener un espacio, una sala de espera para poder aguardar dicho transporte en condiciones seguras y resguardados del fr\u00edo y del calor excesivo. Bueno, hace mucho tiempo el Intendente se hab\u00eda comprometido en, en varias oportunidades en poder acondicionar la sala de espera de la estaci\u00f3n de tren de \u00a0Saldungaray, espero, y tambi\u00e9n abrir las puertas de la sala de espera de la estaci\u00f3n de tren de Sierra de la Ventana, para \u00a0que estos lugares puedan cumplir con tal fin, eso por un lado, espero que en alg\u00fan momento se pueda cumplir con, con esa promesa. Despu\u00e9s, quiero hablar de, bueno, algunos dichos que ha propiciado el se\u00f1or Intendente esta semana cuando se inaugur\u00f3 la pileta de Sierra de la Ventana, se reinaugur\u00f3 la pileta de Sierra de la Ventana, porque bueno, \u00a0todos sabemos que ese espacio ya hab\u00eda recibido una inversi\u00f3n importante hace a\u00f1os atr\u00e1s se hab\u00eda puesto en condiciones, los vecinos la estaban usando, se hab\u00edan apropiado de ese servicio no solamente gente ni\u00f1os sino tambi\u00e9n gente adulta con distintas afecciones que quer\u00edan practicar nataci\u00f3n y bueno por diferentes circunstancias es una obra que, que fue decayendo que qued\u00f3 en desuso y en condiciones para que la gente no la puede usar hasta que se termin\u00f3 cerrando. Bueno en esta oportunidad el Intendente y quiero ser textual, uso algunas palabras que con las cuales no coincido y personalmente me dan un poco de verg\u00fcenza viniendo de un Intendente, dijo &#8220;no pido que me feliciten porque es mi trabajo y para eso me eligi\u00f3 la gente, tampoco fueron a Saldungaray, tal vez les da verg\u00fcenza dar la cara y venir a la inauguraci\u00f3n que dijeron que iba a ser mentira&#8221;. Bueno, voy hablar por m\u00ed pero tambi\u00e9n voy a hablar por mis compa\u00f1eros concejales, porque primero no, no nos da verg\u00fcenza poner la cara a cuanto acto oficial se nos invita, este Bloque est\u00e1 representado. Voy a decir que felicitamos al se\u00f1or Intendente y lo felicitamos tambi\u00e9n en esta ocasi\u00f3n por haber inaugurado la pileta de Sierra de la Ventana pero cuando inaugur\u00f3 el geri\u00e1trico de Saldungaray, este Bloque recibi\u00f3 a trav\u00e9s de la \u00a0Presidencia del Concejo recibi\u00f3 la \u00a0invitaci\u00f3n y estuvo representado en la inauguraci\u00f3n del geri\u00e1trico de Saldungaray, que quiz\u00e1s el Intendente no nos haya visto, bueno, me llama la atenci\u00f3n porque lo raro es que cuando estamos presente en las inauguraciones no nos ven, \u00a0y muchas veces no nos, ni nos mencionan. Con respecto a la inauguraci\u00f3n de la pileta de Sierra de la Ventana me hubiese encantado estar presente, pero hoy consult\u00e9 en secretar\u00eda de este Concejo a ver si hab\u00eda recibido la invitaci\u00f3n correspondiente, y no, no la hemos recibido, por lo menos a nuestro Bloque no lleg\u00f3 la invitaci\u00f3n, as\u00ed que adivinos no somos. Y tambi\u00e9n voy a decir que me da bastante verg\u00fcenza porque las palabras del se\u00f1or Intendente, porque no solamente habla de el Bloque opositor, se est\u00e1 refiriendo a todos los Concejales porque no especific\u00f3 en ning\u00fan momento los, acerca de los Concejales. Eso por un lado, por el otro voy a decir que el proyecto de la reinauguraci\u00f3n y de la puesta en marcha de la pileta, al igual pas\u00f3 con el geri\u00e1trico de Saldungaray, nace de una propuesta y de la necesidad de los vecinos, ac\u00e1 con la concejal Marcela Gimenez y con otros Concejales hemos participado de reuniones con un grupo de vecinos que se dieron en llamar \u201cque vuelva la pile\u201d, a los cuales se les ha dicho en varias oportunidades que volver a inaugurar esa pileta iba a ser imposible por el costo de mantenimiento y dem\u00e1s. Bueno, tan imposible no fue y quiero agradecer a esos vecinos que manifestaron la necesidad de volver a abrir las puertas de la pileta climatizada de Sierra de la Ventana, y que ante la negativa de diferentes propuestas trajeron justamente la propuesta que hoy se llev\u00f3 a cabo, y que gracias a esa propuesta y a las gestiones realizadas con jefatura distrital hoy logramos que esa pileta se abra. Digo reconocer a los vecinos porque nunca nos tenemos que olvidar que el desarrollo depende tambi\u00e9n no solamente de la gesti\u00f3n municipal sino de tener en cuenta las propuestas y las necesidades que nos plantean y que muchas veces como en este caso no solamente vienen con, con las necesidades, si no vienen con las propuestas abajo del brazo, pensadas, trabajadas, y a veces asombran como son soluciones que se pueden llevar adelante, as\u00ed que gracias a los vecinos que participaron y que se pusieron en marcha para lograr esta reapertura. Y despu\u00e9s quiero hablar de, bueno, de un veto que se realiz\u00f3 en el Congreso de la Naci\u00f3n a la Ley de Movilidad Jubilatoria. Voy a decir que me da verg\u00fcenza tambi\u00e9n que ese, esa Ley que se hab\u00eda aprobado por mayor\u00eda en el Concejo, en el Concejo no, perd\u00f3n, en el Congreso que no representaba demasiado en cuestiones num\u00e9ricas porque era simplemente como ya se ha dicho en muchos medios de comunicaci\u00f3n, 2 kilos de carne picada por mes. Me da pena, \u00a0me da verg\u00fcenza que nuestro se\u00f1ores diputados no est\u00e9n a la altura de las circunstancias y no velen por el bienestar de quienes corresponde que son, \u00a0que es el pueblo y fundamentalmente los jubilados. Voy a expresar verg\u00fcenza por ese veto, por una Ley que 15 d\u00edas atr\u00e1s hab\u00edan estado todos de acuerdo, era una ley propuesta por el Bloque de diputados radicales y verg\u00fcenza me dan esos 5 diputados radicales que vaya a saber por qu\u00e9 raz\u00f3n en 15 d\u00edas cambiaron su opini\u00f3n, y de haber estado de acuerdo con una Ley que beneficiaba a los jubilados, de golpe y porrazo y m\u00e1gicamente se dieron cuenta de que no estaban tan de acuerdo y acompa\u00f1aron el veto. Nada m\u00e1s.<\/p>\n<p>Concejal Mat\u00edas Rojas:<\/p>\n<p>S\u00ed, quer\u00eda hacer referencia a una inquietud que ten\u00eda la Concejal Sandra Kifer sobre la sala de espera de Saldungaray en el ferrocarril. Quer\u00eda decirle que s\u00ed, que ya la est\u00e1n utilizando los pasajeros, ya hace tiempo, \u00a0y tambi\u00e9n est\u00e1 haciendo la recarga sube en el mismo. Muchas gracias.<\/p>\n<p>&nbsp;<\/p>\n<p>Concejal Marcela Gimenez:<\/p>\n<p>Bueno, \u00a0en principio me voy a referir a los proyectos presentados por nuestros Bloques que tienen que ver con la construcci\u00f3n de una garita en las inmediaciones de la escuela t\u00e9cnica, para la espera de los colectivos de corte y media distancia, para la utilizaci\u00f3n no solo de las y los alumnos de la escuela sino de todos los pasajeros. Nos parece sumamente importante ese refugio de las inclemencias clim\u00e1ticas, y nos parece importante que justamente los vecinos planteen una necesidad y nosotros podamos transformarlo como lo hemos dicho y hemos hecho muchas veces en propuestas y en proyectos que no tengo duda que se van a llevar adelante. De la misma forma el proyecto de d\u00e1rsela de giro para el acceso, \u00a0entiendo que tal vez sea un poco m\u00e1s complejo la puesta en marcha pero no tengo dudas que ser\u00e1 puesto en marcha pr\u00f3ximamente, porque bueno, es una gran necesidad sobre todo por el flujo de veh\u00edculos que tenemos en la zona y con unas inmediaciones de una escuela muy cercana es necesario la circulaci\u00f3n y ordenar \u00a0ese tr\u00e1nsito para, para poder mejorar o aportar a la mejora de soluciones de nuestra localidad. De la misma forma me voy a referir justamente a el Proyecto de Resoluci\u00f3n que tiene que ver con la quita de medicamentos a los jubilados. Y una vez m\u00e1s a los jubilados. En funci\u00f3n lo que dec\u00eda reci\u00e9n la Concejal Kifer, que la verdad que me resultan muy certeras y valedera sus palabras porque reconoce que su propio partido y su propio bloque ha hecho las cosas de una manera distinta tal vez a las que no est\u00e1n unidos en las convicciones, nosotros de esta forma tambi\u00e9n, este, repudiamos y rechazamos la quita de medicamentos para los jubilados que sabemos que son un sector vulnerable de nuestra sociedad, que sabemos que un gas pimienta que le tiran todas las veces que \u00a0van al Congreso vale lo mismo que su jubilaci\u00f3n. La verdad que nos parece sumamente de destrato y de desconsideraci\u00f3n y sobre todo de quita de derechos adquiridos y eso es lo que nosotros no podemos permitir. A mi adem\u00e1s de darme verg\u00fcenza, me da impotencia, me da bronca, cuando miro las im\u00e1genes de c\u00f3mo golpean a nuestros jubilados, a nuestros abuelos y \u00a0nuestras abuelas, la verdad que sumado a eso que se nos r\u00eden en la cara nuestros diputados con los vetos y con las leyes y esperemos que no pase lo mismo con, con la ley de financiamiento universitario. Realmente estamos viviendo situaciones muy desfavorables y cr\u00edticas en nuestro pa\u00eds, y una vez m\u00e1s la pagan los m\u00e1s vulnerables, en este caso nuestros abuelos, pero tambi\u00e9n el pueblo. As\u00ed que es importante recordar que parece y ahora s\u00ed es cierto, bah, yo siempre lo cre\u00ed \u00bfno?, pero estoy segura que es cierto que la casta era el pueblo. Y por otro lado quiero hacer menci\u00f3n en una semana tan especial y hablando de derechos, al 16 de septiembre d\u00eda nacional de la juventud nombrada as\u00ed por \u201cla noche de los l\u00e1pices\u201d. El 16 de septiembre de 1976 la Polic\u00eda Bonaerense y el Batall\u00f3n 601 orquestado por Camps y entraron a las casas de los estudiantes, las y los estudiantes de una edad de 14 a 17 a\u00f1os, estudiantes y militantes secundarios que hab\u00edan justamente luchado por el boleto estudiantil, con el objetivo de torturar, secuestrar, y desaparecer a casi ni\u00f1os de nuestra sociedad. Fue en la \u00e9poca m\u00e1s oscura que vivimos y nosotros en este contexto de un gobierno nacional tan negacionista, que visita genocidas, que reprime las protestas sociales, que le quita los derechos a los m\u00e1s vulnerables, o al pueblo, que reivindica la dictadura c\u00edvico militar diciendo que fue una guerra con excesos, pues le queremos recordar y queremos construir memoria colectiva que no fue una guerra con excesos, sino que fue un genocidio, y que son 30.000 los desaparecidos, y que hoy m\u00e1s que nunca y viendo la marcha de los pibes y las pibas de nivel secundario el 16 de septiembre en La Plata la verdad que estoy, en CABA, \u00a0perd\u00f3n, \u00a0estoy convencida de que, de que aquellos que fueron alguna vez secuestrados y llevados al pozo de Banfield salen en cada estudiante y est\u00e1n ah\u00ed presentes para decirles que los l\u00e1pices hoy escriben m\u00e1s que nunca, y nunca m\u00e1s por supuesto. Nada m\u00e1s y muchas gracias.<\/p>\n<p>&nbsp;<\/p>\n<p>Concejal Luis Castro:<\/p>\n<p>S\u00ed, en primer lugar quer\u00eda hacer referencia a la Resoluci\u00f3n que present\u00f3 nuestro Bloque que fue aprobada por mayor\u00eda que tiene que ver con el con el veto de la Ley de Movilidad Jubilatoria, \u00a0que la Concejal Kifer y Gimenez un poco hicieron alusi\u00f3n al tema. Creo que mucho m\u00e1s no hay que agregar, pero s\u00ed quiero marcar que lamentablemente en el \u00faltimo tiempo pareciera que en este caso los jubilados, pero lo m\u00e1s vulnerables est\u00e1n siendo carne de ca\u00f1\u00f3n, de los dos extremos, no tengo que aclarar cu\u00e1les son los dos extremos pero lamentablemente eso es lo que est\u00e1 pasando, y frente al veto de la Ley de Movilidad Jubilatoria se hab\u00eda impuesto en el Congreso y lo hab\u00eda votado tanto diputados como senadores, una ley que ten\u00eda que ver con la razonabilidad, que como dijo la Concejal kifer representaba algo de 0,4 del producto bruto interno del pa\u00eds, era una ley razonable. Los extremos qu\u00e9 dec\u00edan, no hay ley, qu\u00e9 es lo que termin\u00f3 pasando, o planteamos una ley que era totalmente s\u00ed, inviable, que plante\u00f3 el Kirchnerismo, \u00a0lamentablemente gan\u00f3 un extremo y lamentablemente la corrupci\u00f3n m\u00e1s all\u00e1 de lo de slogan pol\u00edtico de la casta, y de la gente, y del pueblo sigue estando en pol\u00edtica y en los manejos de la pol\u00edtica porque la verdad uno, yo no puedo aseverar que en el caso de los cinco diputados que aceptaron el veto del Presidente no puedo aseverar que recibieron alg\u00fan tipo de pago o lo que sea, pero s\u00ed puedo decir que pol\u00edticamente eso es corrupci\u00f3n, porque 15 d\u00edas antes estar defendiendo una ley y hablando de los jubilados claramente era demagogia, despu\u00e9s aceptamos un veto con el discurso del d\u00e9ficit cero y equilibrio fiscal. No podemos salir de esa, del extremo del d\u00e9ficit \u00a00 y equilibrio fiscal que todos estamos de acuerdo pero con ese discurso el Gobierno Nacional en este caso y mucha gente est\u00e1 defendiendo cualquier cosa, y con el otro extremo que el discurso de la gente, de los m\u00e1s vulnerable, tambi\u00e9n se hicieron cualquier cosa en este pa\u00eds y lo que est\u00e1 pasando en pol\u00edtica en los \u00faltimos a\u00f1os la \u00faltima d\u00e9cada, es pornogr\u00e1fico, porque el t\u00e9rmino creo que es ese, es pornogr\u00e1fico. Hoy justo estaba mirando que en un canal estaban hablando del asado que hicieron ayer en Olivos, que se lo pagaron, y \u00a0yo me pon\u00eda a pensar \u00a0en los \u00faltimos gobiernos, Cristina Fern\u00e1ndez, Mauricio Macri, Alberto Fern\u00e1ndez y Milei actualmente, y es pornogr\u00e1fico. En el gobierno de Cristina Fern\u00e1ndez hubo un accidente por corrupci\u00f3n de un tren, murieron\u00a0 51 personas, \u00a0la Presidente, la ex Presidente bailaba y hac\u00eda chistes arriba de un tren, pornogr\u00e1fico, en Gobierno Macri, y la verdad que est\u00e1bamos en una situaci\u00f3n complicada cuando asumi\u00f3 porque m\u00e1s all\u00e1 de que nosotros compartimos ese \u00a0gobierno, y que hay muchas cosas que compartimos y sigo compartiendo, el Estado que hay que ordenar, bueno, est\u00e1bamos bailando Gilda en el balc\u00f3n de la Casa Rosada, eso es pornogr\u00e1fico, bueno el gobierno de Alberto la verdad no tendr\u00eda ni que explicar el nivel de pornograf\u00eda que tuvo, pero mientras nos encerraban a todos, todo el mundo poniendo cu\u00eddate, qu\u00e9date en tu casa, los comerciantes fundi\u00e9ndose, los municipios haciendo malabares, porque si los comerciantes y la gente no trabajaba la verdad que la recaudaci\u00f3n bajaba, mientras dictaban todo eso, todas esas medidas los se\u00f1ores com\u00edan en Casa Rosada festejaban el cumplea\u00f1os de la primera dama, eso es pornogr\u00e1fico, y lo m\u00e1s reciente de gobierno actual ayer que me parece un show totalmente pornogr\u00e1fico y hasta una provocaci\u00f3n a los jubilados, a los m\u00e1s vulnerables, hacemos un asado en la quinta de Olivos resaltando por el lado de lo que lo hicieron, los que organizaron, el gobierno, la cuesti\u00f3n de la austeridad, austeridad, no hay ning\u00fan tipo de austeridad porque pagamos $20,000, la verdad me pareci\u00f3 barato porque hab\u00eda m\u00e1s cosas ah\u00ed, \u00a0eso $ 20.000 no sale, pero aunque salga 50,000 lo hayan pagado, la discusi\u00f3n es que esto era casi una burla haberle jodido la Ley a los jubilados, porque es as\u00ed, y es pornogr\u00e1fico, y es pornogr\u00e1fico y parece que no salimos del fondo del pozo, no salimos, porque vamos de un extremo al otro extremo y siempre con la demagogia de por medio, que no digo que en la pol\u00edtica no est\u00e9, pero la verdad que frente a los que menos tienen, y pasa en todos los \u00e1mbitos, ac\u00e1 en este municipio tambi\u00e9n, frente a los que menos tienen, a los m\u00e1s vulnerables\u00a0 siempre parece que unos niveles de demagogia que encima nos olvidamos en el caso de kirchnerismo parece que descubri\u00f3 ahora que los jubilados ganan miseria, mir\u00e1, \u00a0estuvieron con Alberto, con el Ministro Massa un desastre, y les estuvo dando aumento como el gobierno actual por decreto, con la excusa de la pandemia se empez\u00f3 a dar por decreto y se sac\u00f3 la Ley de Movilidad Jubilatoria aprobada en 2017. Entonces en principio llamo a reflexionar a la dirigencia pol\u00edtica en general, que lamentablemente la Concejal Gim\u00e9nez hablaba de la casta, y la verdad que a esta altura pareciera que la casta en realidad toda la dirigencia pol\u00edtica, inclusive lo que dicen que no lo son. Llamo a reflexionar y que denunciemos estas cuestiones y que terminemos con la pornograf\u00eda en la pol\u00edtica, porque esto es pornogr\u00e1fico, que pase esto, que la gente la est\u00e9 pasando mal y hagamos cosas para burlarnos de la gente, porque\u00a0 para darle un premio a los 87 h\u00e9roes, h\u00e9roes de qu\u00e9, h\u00e9roes son los jubilados o la mayor\u00eda de los habitantes de este pa\u00eds que tienen que hacer malabares para llegar a fin de mes, esos son h\u00e9roes, no \u00a087 Diputados en el caso de algunos que hab\u00edan votado la ley, y la hab\u00edan defendido y la hab\u00edan propuesto, que \u00a0a la semana se dieron vuelta, no son h\u00e9roes, son corruptos. Y el \u00faltimo, finalmente lo que quer\u00eda marcar que tiene que ver con dos Expedientes, con dos Ordenanzas que se aprobaron en este Cuerpo, \u00a0la Sesi\u00f3n pasada, la Sesi\u00f3n de 4 de septiembre tiene que ver con dos Ordenanzas de un pr\u00e9stamo, un permiso de uso por pr\u00e9stamo de tierras municipales a particulares, a privados, que nosotros lo hemos discutido en Comisi\u00f3n y lo hemos discutido en este Recinto y fue p\u00fablico, y lo hemos discutido antes de la Sesi\u00f3n del 4 de septiembre para que vuelva a Comisi\u00f3n esos Expedientes y seguir analiz\u00e1ndolos. Nosotros ya hab\u00edamos dado nuestros argumentos que no correspond\u00eda prestarle a un privado las tierras, pero propusimos que vuelvan a Comisi\u00f3n para que sigan siendo analizados, bueno, la moci\u00f3n fue rechazada y nosotros frente a eso como ya no tuvimos posibilidad para seguir discutiendo sobre el tema y planteando las cuestiones que nosotros est\u00e1bamos viendo, hicimos una, le solicitamos a usted para que por Presidencia haga una consulta al Tribunal de Cuentas que tiene que ver con la legalidad de esas ordenanzas. Y esas dos Ordenanzas son totalmente ilegales en principio, por lo que interpretamos la Ley,\u00a0 y por lo que ya estuvimos hablando con, tanto con el Tribunal como con abogados. En principio no contaba con los votos, con ocho votos ten\u00eda que tener y tuvo seis votos, se aprob\u00f3 por mayor\u00eda, \u00a0para prestar un bien del Estado de manera gratuita se necesitan dos tercios, \u00a0pero tambi\u00e9n est\u00e1 la otra cuesti\u00f3n que no se le puede prestar y la Ley est\u00e1 clara a un privado para que en este caso haga, son fines de lucro, \u00a0era para poner vacas en los dos terrenos, bueno le \u00a0solicitamos a usted para que haga la consulta, tambi\u00e9n hicimos la consulta en la Asesor\u00eda General de Gobierno y hoy por la ma\u00f1ana por decirlo de alguna manera tuvimos la visita de los funcionarios encargados del \u00e1rea Legales del municipio, en principio nos preguntaron por esta solicitud que nosotros \u00edbamos a hacer al Tribunal y a la Asesor\u00eda, le planteamos el tema y que la ley est\u00e1 clara, \u00a0art\u00edculo 56 de la Ley Org\u00e1nica reconocieron que, que en el caso de uno de los pr\u00e9stamos de tierra que es ac\u00e1 en Tornquist en las tierras para lo que va a ser el futuro \u00a0Aeroclub o c\u00f3mo te llame, que en realidad ah\u00ed hubo un error porque era una servidumbre de paso y no era un permiso de uso para la tierra, bueno, capaz que tenemos cara, y perd\u00f3n por la palabra Presidente cara de pavos, pero el Expediente est\u00e1 claro, el Expediente est\u00e1 claro, lo que solicita el particular, lo que escribe el Ejecutivo y encima lo que nos dijeron los vecinos frente al tratamiento de eso, che, a m\u00ed el Intendente ya me lo dio pero los radicales me lo est\u00e1n trabando, eso est\u00e1 claro, entonces no, lo \u00faltimo que vamos a hacer que ya lo hemos dicho ac\u00e1 y como funcionarios es mentir, frente a ese Expediente no s\u00e9 c\u00f3mo quedar\u00e1 ahora, nosotros hicimos la consulta y creemos que en particular esa Ordenanza deber\u00eda ser derogada porque no corresponde. Y con respecto al otro Expediente que era tambi\u00e9n pr\u00e9stamos de tierras, 70 hect\u00e1reas en Estomba, nos plantearon esta situaci\u00f3n que la verdad que no nos aparece un argumento, no deja de ser un argumento pero no es un argumento para proceder de esta manera, de que ten\u00edan por parte de otros funcionarios, como que eso se pod\u00eda hacer usurpado por una persona que tendr\u00eda un prontuario importante. \u00bfEsa es un argumento transgredir la ley y para hacer las cosas mal como se hicieron ac\u00e1? Obviamente \u00a0nosotros les marcamos, mir\u00e1 nosotros lo discutimos en Comisi\u00f3n, hicimos un dictamen, hicimos una propuesta, que no decimos que era viable porque eso lo tendr\u00eda que determinar el Ejecutivo para que lo tengan las instituciones y las instituciones lo puedan alquilar o de alguna manera sea un r\u00e9dito para las instituciones, no dio resultado, preguntamos la cuesti\u00f3n del alquiler, se pod\u00eda alquilar la tierra, se pod\u00eda hacer un contrato de arrendamiento, no se, no se quiso avanzar en eso y si no \u00faltima instancia se deber\u00eda vender, como marca la ley, tanto la Ley Org\u00e1nica como otras leyes que marcan la cuesti\u00f3n de los bienes del Estado. Entonces creo que ameritaba marcarlo \u00a0porque son dos Ordenanzas que corresponder\u00eda derogarlas porque no tuvieron los votos correspondientes, m\u00e1s all\u00e1 que creemos que deber\u00edan quedar sin efecto porque est\u00e1n por fuera de la ley, pero deber\u00edan ser drogadas, y nuevamente llamar a la reflexi\u00f3n, nosotros discutimos el tema y bajamos el precio, nos quedamos af\u00f3nico con el tema y terminamos en esta situaci\u00f3n, con dos funcionarios del Ejecutivo Municipal, los responsables del \u00e1rea de \u00a0Legales reconociendo que no estaba bien, que no est\u00e1 bien, y que tampoco hubo comunicaci\u00f3n porque nosotros en un momento hab\u00edamos quedado que el Bloque oficialista le ped\u00eda informaci\u00f3n a Legales para ver si se pod\u00eda alquilar o no, a ver si, Legales dice que ellos no fueron consultados, entonces creo que, y no es la primera cuesti\u00f3n grave que pasa en cuanto al tratamiento de una Ordenanza, ya pas\u00f3 y lo marcamos en su momento con la cuesti\u00f3n de la derogaci\u00f3n de la Comisi\u00f3n Vial y ya lo dijimos esa Ordenanza estuvo plagada de mentiras, de inoperancia, \u00a0de datos que no son fehacientes, y volvemos a cometer lo mismo, y en este caso es m\u00e1s grave porque encima estamos prestando benes del Estado, tierra del Estado a particulares, \u00a0a privados para fines de lucro, \u00a0y encima despu\u00e9s porque nos enteramos que, s\u00ed, mir\u00e1, en realidad no estaba bien, nos mentimos entre nosotros, creo que no corresponde. Las cosas ya est\u00e1n hechas, las Ordenanzas est\u00e1n aprobadas por mayor\u00eda, est\u00e1n promulgadas por el Departamento Ejecutivo, lo que corresponder\u00eda ahora en principio obviamente esperar la respuesta del Tribunal y despu\u00e9s esas dos Ordenanzas que tengan la derogaci\u00f3n correspondiente. Muchas gracias.<\/p>\n<p>&nbsp;<\/p>\n<p>Concejal Susana Marcolini:<\/p>\n<p>Por deformaci\u00f3n profesional creo que esta noche se habl\u00f3 mucho de la historia, me parece muy importante que la repasemos, me parece trascendental que cada uno de nosotros viva los cap\u00edtulos hist\u00f3ricos con todo, con toda pasi\u00f3n, pero con mucho conocimiento tambi\u00e9n, y con una posici\u00f3n lo m\u00e1s alejado de la ideolog\u00eda posible cuando analizamos los cap\u00edtulos hist\u00f3ricos, es una cuesti\u00f3n que bastante dif\u00edcil de hacer pero seguramente la situaci\u00f3n lo amerita. La historia Argentina suficientemente dolorosa para algunos, suficientemente profunda para muchos, suficientemente rica en nombres, en protagonistas, en acciones, en vida comunitaria, merece que seamos lo m\u00e1s justo posible cuando hablamos de la historia. Cada uno la cuenta a su manera pero seguramente hay una manera mucho m\u00e1s equitativa, mucho m\u00e1s equilibrada, mucho m\u00e1s real de contarla y en esa historia aparecemos todos como protagonistas, todos, sobre todo todos los que tenemos y hemos tenido alguna vez o tenemos responsabilidades pol\u00edticas, porque la historia la hemos hecho entre todos por acci\u00f3n o por omisi\u00f3n y de esto nos tenemos que hacer cargo, de hecho nos hacemos cargo, de la historia pasada, de la reciente, de la de ayer, de este esc\u00e1ndalo, que est\u00e1 viviendo la pol\u00edtica Argentina en \u00a0este \u00faltimo tiempo, nos tenemos que hacer cargo todos y de hecho nos hacemos cargo. Nos da mucha pena, nos da verg\u00fcenza, nos da dolor pero la verdad qu\u00e9 nos hacemos cargo. Y en funci\u00f3n de hacernos cargo creo que valdr\u00eda la pena que analiz\u00e1ramos que no tiene demasiado sentido repasar las cosas hist\u00f3ricas si no es que nos hacemos el firme prop\u00f3sito de salir mejores de cada uno de esos cap\u00edtulos hist\u00f3ricos, de los que vivimos hace poco y de los que vivimos ayer, tenemos que aprender a salir mejores, tenemos que aprender de los errores, los nuestros y de los de los otros tambi\u00e9n. El pa\u00eds se rasga las vestiduras y nosotros acompa\u00f1amos esa situaci\u00f3n con el veto del Presidente respecto de la movilidad jubilatoria, aqu\u00ed ya se ha hablado y se ha hablado muy bien al respecto. Pero \u00a0entonces yo digo: \u00bfc\u00f3mo reaccionamos nosotros ac\u00e1 entre nosotros, en el pago chico, con los vetos del se\u00f1or Intendente Municipal? \u00a0\u00bfNos rasgamos las vestiduras con esas cuestiones? \u00bfCreemos que es realmente una falta de respeto a las C\u00e1maras, en este caso al Concejo que lo ha determinado? Si es un arrebato y una falta de consideraci\u00f3n pol\u00edtica y para mi juicio una falta absoluta de respeto cambiar el voto sobre una cuesti\u00f3n importante a nivel nacional, \u00a0\u00bfpor qu\u00e9 le bajamos el precio a cambiar el voto a algo importante en el orden local? Es que no medimos que por ejemplo en estos d\u00edas, ayer u hoy, hay otra vez problemas con el basural de Sierra de la Ventana -Saldungaray y en ese aspecto es que no medimos que perdimos la posibilidad de seguir y hacer un seguimiento bastante particularizado como lo propon\u00edamos en una, en un documento que fue rechazado para hacer el seguimiento de lo que pasa en ese ambiente. Parece que le subimos el precio a muchas cosas, y le bajamos el precio a otras. Esto es normal pero no deber\u00eda serlo. Digo tambi\u00e9n qu\u00e9 pasa con que como ciudadanos reclamamos informaci\u00f3n, conocimiento y tenemos derecho a hacerlo, y resulta que a nivel local le bajamos el precio de una forma casi denigrante a los Pedidos de Informe. \u00bfNo se analiza que pedir un informe de parte de un Concejal es brindarle a la ciudadan\u00eda la posibilidad de que conozca qu\u00e9 es lo que est\u00e1 pasando? \u00bfHay como un inter\u00e9s en que las cosas no se conozcan? \u00bfPor qu\u00e9 actuamos as\u00ed en el orden que nos preocupa y nos ocupa m\u00e1s pr\u00f3ximo, y si esto tiene una dimensi\u00f3n hist\u00f3rica o general no actuamos de la misma manera? \u00bfPor qu\u00e9 queremos ser ciudadanos, y de hecho est\u00e1 muy bien que lo seamos, de primera para los aspectos nacionales y provinciales, y a veces no nos ponemos la camiseta de ser ciudadanos o proponer o por lo menos procurar ser ciudadanos de primera en el \u00e1mbito local? He escuchado, hemos escuchado declaraciones p\u00fablicas de alg\u00fan funcionario esta semana, de alg\u00fan funcionario p\u00fablico esta semana, concretamente de la Secretaria de Gobierno esta semana, donde se dice que la oposici\u00f3n, y la verdad es que nosotros le agradecemos a la prensa que siempre que haya un funcionario le pregunte por la oposici\u00f3n, porque la verdad es que nos sentimos m\u00e1s considerados en esa pregunta y en esa respuesta que por ejemplo los actos p\u00fablicos donde no solo no nos anuncian sino adem\u00e1s y en lo posible muchos de ellos no nos saludan, esto es una an\u00e9cdota pero es as\u00ed, incluida la presencia del se\u00f1or Intendente Municipal esta noche en este Recinto que por supuesto no nos saluda. Digo, la se\u00f1ora Secretaria ha dicho p\u00fablicamente de la oposici\u00f3n que no queremos escuchar, la verdad es que tratamos de demostrar y de hecho con justicia se podr\u00eda analizar que demostramos en todas las sesiones que lo que queremos precisamente es escuchar, que lo que queremos precisamente es contraponer argumentos y referidos a estas normativas de las cuales est\u00e1 hablando el Concejal preopinante tenemos testigos, y ustedes lo son de que procuramos bajo todo punto de vista el di\u00e1logo respecto de ese tema, les dijimos lo que pens\u00e1bamos y les dijimos cu\u00e1les pod\u00edan ser los problemas que iban a ocasionarse, sin embargo frente a la pregunta de qu\u00e9 le van a contestar a la gente cuando les pregunte, se dice a nosotros no nos preguntan nada. Pues los invitamos a que nos preguntemos y que esas preguntas tengan respuesta. Tal vez si nos hubi\u00e9ramos dado tiempo y estoy absolutamente segura, tiempo y espacio para comprendernos y para escucharnos, seguramente no nos habr\u00edamos equivocado, no se habr\u00edan, porque ahora nosotros no podemos parar arriba de la monta\u00f1a y decir se equivoc\u00f3 el oficialismo, no lo vamos a hacer, no lo vamos a hacer, no lo vamos a hacer porque que tenemos conciencia de lo que estamos haciendo, y lo que estamos haciendo es procurando que este Distrito se sienta tranquilo y orgulloso del Concejo Deliberante que tiene, un lugar donde la gente tiene que estar representada, no vamos a sumarnos al carro del error, pero s\u00ed necesitamos decir que por favor cambiemos de actitud. Gracias.<\/p>\n<p>&nbsp;<\/p>\n<p>Concejal Marcela Gimenez:<\/p>\n<p>Dos cuestiones, la verdad es que de ninguna manera es comparable el veto de una Ley Nacional de Movilidad Jubilatoria con el veto de una Comisi\u00f3n de Arbolado P\u00fablico, realmente no es comparable. Entiendo que nosotros nos debemos a las situaciones distritales, pero para el arbolado p\u00fablico de este Cuerpo salieron varias ordenanzas y hemos trabajado en conjunto para eso. Una comisi\u00f3n de arbolado p\u00fablico nunca puede ser comparada con el destrato que se le hace a nuestro pueblo, que se le hace a nuestros abuelos no puede ser comparada, yo en eso no voy a coincidir para nada, como tampoco voy a coincidir en esto que se plantea cuando se habla de rasgarnos las vestiduras y pararnos en \u00a0alg\u00fan lugar de la monta\u00f1a, o del error, algo as\u00ed dijo la Concejal Marcolini porque en realidad cuando se discuti\u00f3 mucho en Comisi\u00f3n sobre esos dos proyectos de ordenanza en ning\u00fan momento se habl\u00f3 de lo que se est\u00e1 hablando ahora y de lo que se pide al Tribunal de Cuentas. Cuando venga la respuesta del Tribunal de Cuenta seguramente se va a tomar una decisi\u00f3n y una medida con respecto a eso, pero los argumentos no fueron esos, \u00a0los argumentos de los Bloques opositores si quieren nos llaman oficialista le podemos decir opositores, fueron otros, y fueron escuchados, fueron escuchados, muchas veces los tratamos en Comisi\u00f3n, el Expediente fue y vino a Comisi\u00f3n varias veces, creo que m\u00e1s de un mes discutimos sobre el tema, y la realidad es que el error no lo vio nadie, por lo tanto no es que \u00a0se equivoc\u00f3 el oficialismo, y entiendo que la Concejal Marcolini lo marque, aunque dice que no se va a parar en ese, en ese lugar, i lo marca, lo entiendo, pero la realidad es que ac\u00e1 nos equivocamos todos, porque cuando discutimos de esos proyectos no discutimos de esa forma ni con esos argumentos, y tampoco me parece correcto que se digan cosas que surgen del \u00e1mbito privado de una reuni\u00f3n de trabajo o de una mini reuni\u00f3n de trabajo, como por ejemplo a nosotros no nos preguntan nada, realmente los proyectos y las cosas que nosotros hacemos es porque tenemos di\u00e1logo con los vecinos, o no lo acaban de ver o no ven que todos los proyectos que hacemos es por eso, no vivimos en una panacea ni en una isla o en una burbuja de cristal, estamos todo el tiempo con los vecinos, las vecinas, en la calle y por lo tanto sabemos de su problem\u00e1ticas y por lo tanto por eso realizamos los proyectos que realizamos, algunos antes otros despu\u00e9s, algunos nos llevan m\u00e1s trabajo, a veces s\u00ed, a veces no vemos algunas cosas como todo el mundo, pero la realidad es que nuestro trabajo lo llevamos adelante de la mejor forma posible, entonces cuando hay un error en el Concejo Deliberante sea aprobado como sea aprobado fue discutido much\u00edsimo tiempo antes y por mucho tiempo en Comisi\u00f3n, por lo tanto es de todo el Cuerpo del Concejo, del Concejo Deliberante, no podemos ahora decir estas cosas, me parece totalmente fuera de lugar y por m\u00e1s que no est\u00e9 fuera del lugar y se sienta que se habla de la oposici\u00f3n de esa forma bueno realmente hacen muy buen papel de oposici\u00f3n.<\/p>\n<p>&nbsp;<\/p>\n<p>Concejal Leandro Guerrero:<\/p>\n<p>Bueno en primera instancia coincidir plenamente con mi compa\u00f1era, con mi compa\u00f1era de Bloque Marcela. Despu\u00e9s gracias por, por darme un poquito m\u00e1s visibilidad sobre lo que dec\u00eda la Concejal Marcolini porque no le hab\u00eda entendido, ahora despu\u00e9s hab\u00eda dicho cosas y eso \u00a0me hab\u00eda llamado mucho la atenci\u00f3n de haber \u00a0cu\u00e1les eran las idas y vueltas que ten\u00edamos, porque es como dice un amigo, con gases atajados no, a m\u00ed no me gustan las cosas, creo que si vamos a se\u00f1alar a alguien o si vamos a decir algo sobre alguien vamos a decirlo con \u00a0nombre y apellido o con los puntos claros. Eso no lo hab\u00eda entendido, la verdad no lo hab\u00eda entendido, \u00a0eso por un lado. Despu\u00e9s hablar un poquito tambi\u00e9n de la parte que hablaron anteriormente los concejales tambi\u00e9n de la quita de los remedios a los jubilados, es algo que est\u00e1 haciendo un destrozo, esto est\u00e1 haciendo un destrozo y el Presidente Milei dijo que los jubilados eran el sector con menos pobres en la Argentina, \u00a0que era el 15%, \u00a0en 8 meses pasaron al 34, \u00a0eso pornogr\u00e1ficos siguiendo la correlaci\u00f3n del Concejal Castro. Pornogr\u00e1fico es sacarle los medicamentos a los jubilados, es que los jubilados tengan que decir qu\u00e9 medicamento tomar porque no les alcanza la plata, van y preguntan cu\u00e1l es el que me mata menos o el que me mata m\u00e1s lento si no lo tomo, entonces eso s\u00ed es pornogr\u00e1fico, eso es muy malo y eso pas\u00f3 en dos gobiernos, la quita de los medicamentos a los jubilados. Yo no le voy a defender a Alberto Fern\u00e1ndez pero se volvi\u00f3 a poner en el gobierno de Alberto Fern\u00e1ndez, \u00a0hizo un mont\u00f3n de cosas mal, \u00a0creo que casi todas, eso es personal. En la d\u00e9cada anterior, la d\u00e9cada ganada \u00a0que le decimos nosotros, las jubilaciones y los salarios de los argentinos eran los m\u00e1s altos en d\u00f3lares, entonces eso tambi\u00e9n \u00a0hay que tenerlo en cuenta porque si no decimos cualquier pelotudez y queda dando vueltas, uy ahora me va a retar el Concejal Castro que no le gustan las formas, perd\u00f3n. Con el veto tambi\u00e9n eran $17,000 por jubilado como dijo la Concejal kifer 2 kg de carne, dos caramelos masticable por d\u00eda, eso es lo que no cierran los n\u00fameros, con $17,000 por d\u00eda, jubilado no le van a cerrar los n\u00fameros al pa\u00eds y vamos a poder solucionar todos los problemas, eso es vergonzoso, ac\u00e1 se \u00a0dijeron y coincido con todos los sentimientos que te da escuchar eso, pero aparte, pero hablando de los extremos tambi\u00e9n dec\u00eda, se le pega, hoy se le volvi\u00f3 a pegar a los viejos, \u00bfc\u00f3mo le va, c\u00f3mo vamos a seguir haciendo eso?, \u00a0ya van tres veces en un mes que reprimen y le pegan a los jubilados, y a alguna \u00a0nena tambi\u00e9n le han proporcionado represi\u00f3n, eso es muy malo, esos son los \u00a0extremo como dec\u00eda el Concejal Castro, el extremo que da la orden era la candidata a presidenta que tuvo Cambiemos, porque esos dan la orden, es muy cobarde no solamente pegarle sino dar la orden de reprimir a un jubilado o a un viejo que trabaj\u00f3 40 a\u00f1os y que por $17000 sale a protestar, hay una deuda pendiente con los jubilados de un tiempo, eso es cierto, pero pegarles y que un jubilado que trabaj\u00f3 40 a\u00f1os no pueda comer, que no pueda, que tenga que elegir un medicamento porque no le alcanza la plata, porque no se lo cubre la obra social, eso es muy denigrante. Vamos a cambiar de tema, vamos a poner noticias m\u00e1s lindas sobre el pa\u00f1o, ayer tuvimos la posibilidad algunos concejales de viajar a La Plata con el Intendente y se firm\u00f3 un Convenio que ya va a pasar por ac\u00e1, de m\u00e1s de 450 millones de pesos para hacer 10 casas al personal policial. Esas son buenas noticias, eso creo que es muy importante porque va a calmar un poco la necesidad que hay. Todos sabemos y los trabajadores m\u00e1s que nada que llegar a la casa propia es dif\u00edcil, es un reclamo que, que la polic\u00eda ten\u00eda para, para poder tener su vivienda \u00a0propia que es lo m\u00e1s importante para cada uno de nosotros y ayer se firma el convenio que da esa posibilidad, que en este a\u00f1o solamente van 109 casas que se van a hacer, 109 vivienda para vecinos, est\u00e1n las 32 y las 38 que se est\u00e1n haciendo en Tornquist, \u00a0las 29 que se entregaron en Saldunga hace poco y est\u00e1s 10 viviendas que \u00a0van, que se van \u00a0a hacer a trav\u00e9s de la caja de la polic\u00eda, eso es muy importante porque a veces parece que siempre nos dedicamos a hacer lo malo y a marcar lo malo, \u00a0y estas son cosas que se hacen, que se hacen con plata de la Provincia y con recursos del Municipio, que estamos en un momento dificil\u00edsimo donde se cort\u00f3 todo tipo de financiaci\u00f3n de nivel naci\u00f3n a la obra p\u00fablica y se est\u00e1n haciendo, son 109 casas, hace rato que no se hacen 109 casas. Tenemos otra obra tambi\u00e9n, hay otras obras que se est\u00e1n desarrollando en el Distrito y que ya se hicieron, la pileta como lo marcaba hoy la Concejal Kifer, qu\u00e9 es un reclamo tambi\u00e9n que dec\u00eda de los grupos de vecinos pero aparte del reclamo despu\u00e9s hay que llevarlo, hay que tomarlo y hay que hacerlo realidad, esa es la parte m\u00e1s dif\u00edcil, hay que conseguir los recursos, alguien lo tiene que financiar y se tiene que hacer. Entonces est\u00e1 la pileta en Saldunga, el geri\u00e1trico en Saldungaray, otra cosa que se ha cumplido y que ped\u00eda mucho siempre la gente de Saldungaray, tenemos el parque ambiental, la planta de GLP que se est\u00e1 por terminar la ampliaci\u00f3n de GLP en Villa Ventana. Hay varias obras, se va a poner internet en el Abra, eso dentro de poco, eso es bueno, es un proyecto que hab\u00edamos, que sali\u00f3 de ac\u00e1 y se va a realizar, y hay cosas que son buenas y hay que destacarlas, porque si no parece que, no s\u00e9, que todo es malo \u00a0y que todo anda mal, y que son todos, todos malos, inmorales y no s\u00e9 cu\u00e1ntas cosas m\u00e1s pero hay cosas que se van haciendo, y se tienen que seguir haciendo y creo que la preocupaci\u00f3n nuestra est\u00e1 en eso, tiene que estar en eso, en poder resolver, en saber, porque nosotros como dec\u00eda Marcela, estamos todo el d\u00eda en la calle, el Ejecutivo tambi\u00e9n, y \u00a0todos los d\u00edas vienen, que no puedo pagar alquiler, que no alcanza para la boleta de la luz, que la boleta del gas se le multiplic\u00f3 por 10, y es un trabajo que todos los Intendentes de la Provincia creo yo que est\u00e1n haciendo muy bien, que es el de sostener todo esto porque si no fuera por el apoyo de los municipios y de la gobernaci\u00f3n esto ser\u00eda totalmente inviable para todos. Muchas gracias.<\/p>\n<p>&nbsp;<\/p>\n<p>Concejal Luis Castro:<\/p>\n<p>Bueno, en principio contestarle a la Concejal Gimenez y defender si se quiere y apoyar lo que marc\u00f3 anteriormente la Concejal Marcolini, apoyarla en el 100%, pero con respecto a lo que marca la Concejal Gimenez que no son comparable los vetos, que frente a eso hace demagogia. S\u00ed son comparables porque es lo mismo un veto a nivel nacional que a nivel local, obviamente \u00a0los temas no son iguales pero el procedimiento es el mismo y el procedimiento de los legisladores que votaron tanto la ley como la ordenanza son los mismos, porque si no, nos estamos bajando el precio a nosotros mismos, na total ac\u00e1 no servimos para nada, no comparemos, \u00a0y s\u00ed son comparables, porque la concepci\u00f3n pol\u00edtica resulta que a nivel nacional nos, como dijo la Concejal Marcolini, nos rasgamos la vestiduras y despu\u00e9s a nivel local somos igual o peor que esos diputados, los 5 diputados \u00a0tr\u00e1nsfugas que fueron a comer asado. Y con respecto a la cuesti\u00f3n de la oposici\u00f3n no nos molesta para nada que nos digan oposici\u00f3n si somos oposici\u00f3n y estamos orgullosos de ser oposici\u00f3n de un gobierno como el local, y tambi\u00e9n tenemos en claro cu\u00e1l es nuestra funci\u00f3n como concejales, y cu\u00e1l es la funci\u00f3n del Concejo Deliberante, porque nosotros podemos decir lo que queremos y est\u00e1 bien, \u00a0y largamos anunciados, pero las cuestiones del Concejo Deliberante son claras, tenemos que hacer normativas y controlar al Poder Ejecutivo Municipal, sea Bordoni, sea Trankels o sea quien sea, esa es nuestra funci\u00f3n y para eso nos vot\u00f3 la gente, si creemos que eso no es as\u00ed estamos estafando lisa y llanamente a la sociedad, y estamos desprestigiando esta instituci\u00f3n y la pol\u00edtica, porque parece, lo vemos a \u00a0nivel nacional, el Congreso que es un cambalache, bueno no hagamos eso a nivel local y no bajemos la vara, los vetos son totalmente comparable, y volviendo al tema de la oposici\u00f3n, s\u00ed estamos orgulloso de ser oposici\u00f3n y de muchas veces, hablando mal y pronto, recibir palos y tal vez los que somos Presidentes de Bloque, que muchas veces llevamos la bandera de los temas, recibimos m\u00e1s, funcionarios me han dicho hasta infeliz, el Intendente Municipal, pero de vecinos tambi\u00e9n, pero es as\u00ed y lo entendemos, pero gracias al rol que cumple la oposici\u00f3n en el Distrito, \u00a0en el \u00faltimo tiempo, dos a\u00f1os nom\u00e1s, dos a\u00f1os y pico, desde nuestro Bloque marcamos muchas cosas que a la larga terminan siendo ciertas o por lo menos est\u00e1n m\u00e1s cercanas a la verdad \u00a0que nosotros creemos que es respecto a lo que marcamos. En su momento como oposici\u00f3n marcamos la cuesti\u00f3n de los vi\u00e1ticos del Secretario de Gobierno y Concejal en uso de licencia, que gastaba cerca de $300,000 por mes, ya que hablamos de lo pornogr\u00e1fico que nos dan l\u00e1stima los jubilados, bueno, 300,000 por mes gastaba, se fue a Polonia tambi\u00e9n, \u00a0hicimos un Pedido \u00a0de Informe tambi\u00e9n, \u00a0que no s\u00e9 cu\u00e1l fue el resultado de eso, hicimos un Pedido de Informe de eso porque tenemos claro cu\u00e1l es el rol de la oposici\u00f3n y la sociedad se enter\u00f3 de eso y el Ejecutivo dej\u00f3 de hacer ese gasto gracias al rol de la oposici\u00f3n. Tambi\u00e9n nos enteramos y se enter\u00f3 el Intendente que el municipio se hab\u00eda apropiado una camioneta, le hab\u00edan cambiado el motor, la patente, todos los il\u00edcitos que se te ocurran. El Intendente Municipal, y es p\u00fablico porque lo dijo \u00e9l, se enter\u00f3 por los Concejales, que dicho sea de paso fue un \u00a0Pedido de Informe aprobado por unanimidad, y los vecinos tambi\u00e9n se enteraron por la oposici\u00f3n, gracias al rol de la oposici\u00f3n qu\u00e9 es lo que corresponde, no es poner palos en la rueda como dicen habitualmente. Tema de las viandas que tratamos hoy,\u00a0 control del gasto p\u00fablico, porque tambi\u00e9n hablamos de que no alcanza pero despu\u00e9s manejamos los recursos, o maneja el Intendente los recursos del municipio como si fuera la billetera de \u00e9l, o la tarjeta de cr\u00e9dito. Viviendas de Saldungaray que se entregaron recientemente, hab\u00edan dejado a m\u00e1s de 50 personas o m\u00e1s, afuera del sorteo porque hab\u00edan interpretado cualquier cosa de la Ordenanza, reconocieron, cambiaron entre toda la gente al sorteo y mucha de la gente que hab\u00eda quedado afuera hoy tiene vivienda. \u00a0Posterior a eso marcamos las falencias que hab\u00eda de las viviendas, y el Ejecutivo reconoci\u00f3, Obras P\u00fablicas, que s\u00ed m\u00e1s del 50% de las viviendas tienen falencias y supuestamente la empresa se estar\u00eda haciendo cargo pero sabemos que tambi\u00e9n hay empleados municipales haci\u00e9ndose cargo de \u00a0un mont\u00f3n de cosas que tiene que hacer la empresa. \u00a0Parece que a nivel nacional las empresas las combatimos y a nivel local somos amigos, o no decimos nada. El pr\u00e9stamo de tierras que est\u00e1bamos hablando ac\u00e1 hoy, la Concejal Gimenez dice no lo marcaron en Comisi\u00f3n, no, claramente y hab\u00edamos pedido que vuelva a Comisi\u00f3n, lo mocionamos en la \u00faltima Sesi\u00f3n, pero s\u00ed marcamos que no correspond\u00eda que el Estado Municipal le presta un privado para fines de lucro, porque son fines de lucro, tierras municipales, no, avanzamos igual y nosotros no nos vamos a subir a la monta\u00f1a como dijo la Concejal Marcolini, pero el error ac\u00e1 lo comete la mayor\u00eda, porque lo que falta, ac\u00e1 parece que cuando se cometen errores somos todos, todos, la camioneta la robamos todos, cometemos esos \u00a0il\u00edcitos, no, no cometimos todos, la Concejales Gim\u00e9nez es la responsable de la camioneta, o del gasto indiscriminado en vi\u00e1tico, o de lo que marcamos, creo que ah\u00ed le est\u00e1 errando. S\u00ed lo marcamos en el sentido de reflexionemos, no puede seguir funcionando as\u00ed de que porque somos mayor\u00eda regalamos el Estado, y porque tenemos un Intendente que cree que, que los recursos del Estado tanto econ\u00f3micos como veh\u00edculos y tierras son de \u00e9l, y no es as\u00ed. \u00a0Cami\u00f3n compactador que estuvo la discusi\u00f3n ac\u00e1, vino el Intendente, se sent\u00f3, nos trat\u00f3 me trat\u00f3 el poeta ah\u00ed fue cuando me trat\u00f3 infeliz, todo mentira era, absolutamente mentira porque hablamos con el Tribunal de Cuentas y eso no necesita la aprobaci\u00f3n de econom\u00eda, nada porque, es m\u00e1s, el cami\u00f3n cuando nosotros est\u00e1bamos discutiendo ac\u00e1 y el Intendente estaba enojado ac\u00e1, el cami\u00f3n ya lo estaban lustrando y le estaba poniendo los plotters en un galp\u00f3n porque a los 5 d\u00edas lo entregaron, y eso es as\u00ed, no estoy inventando nada. Lech\u00f3n en el freezer, porque parece que, un lech\u00f3n en el freezer del hospital hab\u00eda, \u00a0por qu\u00e9 se enter\u00f3 la comunidad, y hasta el Intendente, por la oposici\u00f3n, porque nosotros cumplimos, s\u00ed, somos opositores, total a este gobierno totalmente opositores. Los beneficios, qui\u00e9n, no nos podemos hacer los sotas, este gobierno y este \u00a0Intendente beneficia cuando puede a todos los amigos y a todos los familiares, y eso hay que decirlo as\u00ed, y no tengamos miedo de decirlo porque es as\u00ed, si lo sabemos todos, y la gente lo sabe y hay funcionarios, no solo el Intendente, que cuando ingresaban a la funci\u00f3n p\u00fablica tambi\u00e9n beneficiaban a familiares, pero resulta que despu\u00e9s el Intendente en alg\u00fan momento se la lleg\u00f3 a agarrar con los familiares de los Concejales. Un funcionario que ingres\u00f3 en el 2020 seguro ven m\u00e1s que yo, bueno, 2020 hasta el final la barra azul son las compras a un comercio de su familia, no es conflicto de intereses eso, y lo hemos marcado, y no solo esto, que tiene contrato con tambi\u00e9n con el municipio de alquiler. Que, nos vamos a hacer lo sotas \u00a0con esto, esto es poner palos en la rueda, s\u00ed es cierto. Despu\u00e9s le pedimos a la gente y hablamos y lloramos por los jubilados y resulta que porque entr\u00e9 a la funci\u00f3n p\u00fablica mi familia es proveedora del municipio, u de golpe y porrazo, no s\u00e9, llev\u00e1bamos 90 millones comprados, no s\u00e9 cu\u00e1nto, y \u00a0el gr\u00e1fico es claro, no lo edit\u00e9 par\u00e1 sacarlo de contexto, se los puedo pasar si quieren, \u00a0eso pasa. El uso de los bienes del Estado, en un momento ac\u00e1 tambi\u00e9n se hizo una Minuta, todav\u00eda estaba el Secretario de Gobierno Ezequiel Gabella, porque el Municipio con empleados municipales, \u00a0veh\u00edculos municipales, llev\u00f3 un \u00a0escenario a una fiesta privada, hicimos una Minuta, no la contestaron, pero yo s\u00ed habl\u00e9 con el Secretario en su momento Ezequiel Gabella y reconoci\u00f3 que s\u00ed, que eso hab\u00eda sido as\u00ed, y nosotros nos dimos cuenta por una foto, as\u00ed de simple. Que eso hab\u00eda sido as\u00ed, y no s\u00e9 si hubo una sanci\u00f3n o no pero que s\u00ed, o sea con \u00a0bienes del Estado favorecemos a privados. Bueno, donaci\u00f3n de las tierras ya lo dije y los conflictos de intereses \u00a0que hay por todos lados, \u00a0que beneficiamos a amigos, a familiares, parece que eso est\u00e1 bien, y no est\u00e1 bien, no est\u00e1 bien porque despu\u00e9s generalizamos y hacemos lo que dice la Concejal Gimenez, \u00a0nos tenemos que hacer cargo de, en ese caso no son errores en muchos casos rosa con la corrupci\u00f3n, de todo lo que hacen mal o el Gobierno Municipal o los Bloques. Nosotros como Bloque seguramente hemos cometido errores, s\u00ed, seguramente, muchos, pero nos hacemos cargo, pero esta cuesti\u00f3n de las tierras las marcamos en Comisi\u00f3n, estuvo en Comisi\u00f3n, se \u00a0aprob\u00f3, despu\u00e9s lo mandaron a Comisi\u00f3n de vuelta, despu\u00e9s antes de que se trate solicitamos que vuelva a Comisi\u00f3n. Obviamente ese argumento no fue en nuestro dictamen, pero s\u00ed lo tenemos ahora y c\u00f3mo puede ser esto, hu ahora se dieron cuenta, s\u00ed, no nos dimos cuenta ahora, ya lo sab\u00edamos por eso nos opon\u00edamos, entonces reflexionemos y por \u00faltimo la cuesti\u00f3n de que marca tambi\u00e9n la Concejal Gimenez de las cosas que se sacan de una discusi\u00f3n del \u00e1mbito privado, ac\u00e1 no es el \u00e1mbito privado, el \u00e1mbito privado puede ser si estamos hablando en la cocina con alguien, eso es el \u00e1mbito privado pero lo que marc\u00f3 la Concejal Marcolini es una discusi\u00f3n p\u00fablica o creemos que el Concejo Deliberante sea totalmente herm\u00e9tico, qu\u00e9 parece qu\u00e9 es lo que quieren y lo que hacen, y que la comunidad no se entere, que ya lo dijimos, por qu\u00e9 desaprobamos, por qu\u00e9 aprobamos, \u00a0qu\u00e9 hablamos, qu\u00e9 no hablamos, yo la verdad cuando digo algo me hago cargo de lo que digo y si le erro y \u00a0tengo que pedir disculpa las pido, porque \u00a0las he pedido, pero no podemos hablar del \u00e1mbito privado \u00a0dentro del Concejo Deliberante, un Poder del Estado, el Poder Legislativo, de eso hablemos en la cocina o en la casa, pero no en el Recinto del Concejo, y en una reuni\u00f3n que est\u00e1bamos hablando sobre determinado Expediente, en este caso de estos dos Expedientes en particular. Entonces reflexionemos, enoj\u00e9monos porque ac\u00e1 nos enojamos pero le pido por favor a la Concejal Gimenez que se enoje en todo caso con el Gobierno Municipal al que ella responde, o que se enoje con su Bloque, \u00a0pero que no se enoje con nosotros porque lo que venimos marcando le hemos errado poco y el rol de oposici\u00f3n somos. Gracias.<\/p>\n<p>&nbsp;<\/p>\n<p>Concejal Mat\u00edas Rojas:<\/p>\n<p>Si, \u00a0quiero hacer referencia a un punto que dice el Concejal Castro sobre las viviendas de Saldungaray, que est\u00e1n los empleados municipales trabajando en ellas, y la verdad que no es as\u00ed. Se tendr\u00eda que informar o llamar al Delegado Municipal de Saldungaray, o sino el Subsecretario de Desarrollo para preguntarle qui\u00e9n est\u00e1 trabajando. Quiero decirle que est\u00e1 trabajando la gente de la empresa y me parece que, que tendr\u00eda que llamar \u00a0usted y ya c\u00f3mo anda dando vuelta por todos lados tambi\u00e9n, averiguar bien las cosas, as\u00ed que nada. Muchas gracias.<\/p>\n<p>&nbsp;<\/p>\n<p>Concejal Marcela Gimenez:<\/p>\n<p>La verdad que el Concejal Castro me nombr\u00f3 tantas veces que me perd\u00ed un poco en el hilo de la discusi\u00f3n, en fin. Si yo me pongo un poco m\u00e1s efusiva no me enojo, por supuesto, no me enojo con los Concejales. Y cuando hablo del error de esos Expedientes, es el error de esos Expedientes. Entiendo que cuando la Concejal Marcolini dijo de hablar de la historia reciente y hacernos cargo de la pasada y de la que pas\u00f3 hace poquito, \u00a0tambi\u00e9n lo dec\u00eda para el Concejal Castro que hizo toda una historicidad del gobierno, y se hizo poquito cargo como ahora. La realidad es que nosotros estamos planteando y justamente esto dijimos con el Concejal Guerrero, que nos hacemos cargo de los errores de este Cuerpo, que este Cuerpo se tiene que hacer cargo entero de los errores eso es lo que dijimos, y en base a esos dos proyectos y mucho de lo que nombr\u00f3 el Concejal Castro obviamente que sali\u00f3 por unanimidad, y hubo cuestiones que se hicieron conjunto y que salieron como Cuerpo Deliberante, porque no somos tr\u00e1nsfugas, no le bajamos el precio y no venimos a ocupar una Banca para cobrar el sueldo, ac\u00e1 estos Bloques laburan todo el d\u00eda 24\/7 y la verdad que yo no voy a permitir ni que se me diga estafadora, ni corrupta, ni ladrona, ni nada por el estilo, porque parece y ya lo dije varias veces que peronismo es igual a la corrupci\u00f3n y tr\u00e1nsfuga, y la verdad que Radicalismo, Juntos por el Cambio honestidad, b\u00e1rbaro me parece excelente, pero yo no pienso lo mismo y si me pongo efusiva es por esas situaciones. La verdad que no puedo permitir que se nos diga, y se nos insulte de esa manera y eso fue directamente hacia nosotros, porque lo dijo de esa forma y sino bueno realmente o yo debo explicar mal las cosas o el Concejal Castro no est\u00e1 entendiendo de lo que estoy hablando. Muchas gracias.<\/p>\n<p>&nbsp;<\/p>\n<p>HONORABLE CONCEJO DELIBERANTE<\/p>\n<p>&nbsp;<\/p>\n<p><img loading=\"lazy\" decoding=\"async\" class=\"alignnone wp-image-86174 size-large\" src=\"https:\/\/www.celttv.com.ar\/wp-content\/uploads\/2024\/09\/WhatsApp-Image-2024-09-18-at-21.35.06-2-449x1024.jpeg\" alt=\"\" width=\"449\" height=\"1024\" srcset=\"https:\/\/www.celttv.com.ar\/wp-content\/uploads\/2024\/09\/WhatsApp-Image-2024-09-18-at-21.35.06-2-449x1024.jpeg 449w, https:\/\/www.celttv.com.ar\/wp-content\/uploads\/2024\/09\/WhatsApp-Image-2024-09-18-at-21.35.06-2-132x300.jpeg 132w, https:\/\/www.celttv.com.ar\/wp-content\/uploads\/2024\/09\/WhatsApp-Image-2024-09-18-at-21.35.06-2-674x1536.jpeg 674w, https:\/\/www.celttv.com.ar\/wp-content\/uploads\/2024\/09\/WhatsApp-Image-2024-09-18-at-21.35.06-2.jpeg 702w\" sizes=\"auto, (max-width: 449px) 100vw, 449px\" \/> <img loading=\"lazy\" decoding=\"async\" class=\"alignnone wp-image-86175 size-large\" src=\"https:\/\/www.celttv.com.ar\/wp-content\/uploads\/2024\/09\/WhatsApp-Image-2024-09-18-at-21.35.06-3-1024x449.jpeg\" alt=\"\" width=\"1024\" height=\"449\" srcset=\"https:\/\/www.celttv.com.ar\/wp-content\/uploads\/2024\/09\/WhatsApp-Image-2024-09-18-at-21.35.06-3-1024x449.jpeg 1024w, https:\/\/www.celttv.com.ar\/wp-content\/uploads\/2024\/09\/WhatsApp-Image-2024-09-18-at-21.35.06-3-300x132.jpeg 300w, https:\/\/www.celttv.com.ar\/wp-content\/uploads\/2024\/09\/WhatsApp-Image-2024-09-18-at-21.35.06-3-768x337.jpeg 768w, https:\/\/www.celttv.com.ar\/wp-content\/uploads\/2024\/09\/WhatsApp-Image-2024-09-18-at-21.35.06-3-1536x674.jpeg 1536w, https:\/\/www.celttv.com.ar\/wp-content\/uploads\/2024\/09\/WhatsApp-Image-2024-09-18-at-21.35.06-3-750x329.jpeg 750w, https:\/\/www.celttv.com.ar\/wp-content\/uploads\/2024\/09\/WhatsApp-Image-2024-09-18-at-21.35.06-3-1140x500.jpeg 1140w, https:\/\/www.celttv.com.ar\/wp-content\/uploads\/2024\/09\/WhatsApp-Image-2024-09-18-at-21.35.06-3.jpeg 1600w\" sizes=\"auto, (max-width: 1024px) 100vw, 1024px\" \/> <img loading=\"lazy\" decoding=\"async\" class=\"alignnone wp-image-86176 size-large\" src=\"https:\/\/www.celttv.com.ar\/wp-content\/uploads\/2024\/09\/WhatsApp-Image-2024-09-18-at-21.35.06-4-449x1024.jpeg\" alt=\"\" width=\"449\" height=\"1024\" srcset=\"https:\/\/www.celttv.com.ar\/wp-content\/uploads\/2024\/09\/WhatsApp-Image-2024-09-18-at-21.35.06-4-449x1024.jpeg 449w, https:\/\/www.celttv.com.ar\/wp-content\/uploads\/2024\/09\/WhatsApp-Image-2024-09-18-at-21.35.06-4-132x300.jpeg 132w, https:\/\/www.celttv.com.ar\/wp-content\/uploads\/2024\/09\/WhatsApp-Image-2024-09-18-at-21.35.06-4-674x1536.jpeg 674w, https:\/\/www.celttv.com.ar\/wp-content\/uploads\/2024\/09\/WhatsApp-Image-2024-09-18-at-21.35.06-4.jpeg 702w\" sizes=\"auto, (max-width: 449px) 100vw, 449px\" \/> <img loading=\"lazy\" decoding=\"async\" class=\"alignnone wp-image-86177 size-large\" src=\"https:\/\/www.celttv.com.ar\/wp-content\/uploads\/2024\/09\/WhatsApp-Image-2024-09-18-at-21.35.06-449x1024.jpeg\" alt=\"\" width=\"449\" height=\"1024\" srcset=\"https:\/\/www.celttv.com.ar\/wp-content\/uploads\/2024\/09\/WhatsApp-Image-2024-09-18-at-21.35.06-449x1024.jpeg 449w, https:\/\/www.celttv.com.ar\/wp-content\/uploads\/2024\/09\/WhatsApp-Image-2024-09-18-at-21.35.06-132x300.jpeg 132w, https:\/\/www.celttv.com.ar\/wp-content\/uploads\/2024\/09\/WhatsApp-Image-2024-09-18-at-21.35.06-674x1536.jpeg 674w, https:\/\/www.celttv.com.ar\/wp-content\/uploads\/2024\/09\/WhatsApp-Image-2024-09-18-at-21.35.06.jpeg 702w\" sizes=\"auto, (max-width: 449px) 100vw, 449px\" \/> <img loading=\"lazy\" decoding=\"async\" class=\"alignnone wp-image-86178 size-large\" src=\"https:\/\/www.celttv.com.ar\/wp-content\/uploads\/2024\/09\/WhatsApp-Image-2024-09-18-at-21.35.07-449x1024.jpeg\" alt=\"\" width=\"449\" height=\"1024\" srcset=\"https:\/\/www.celttv.com.ar\/wp-content\/uploads\/2024\/09\/WhatsApp-Image-2024-09-18-at-21.35.07-449x1024.jpeg 449w, https:\/\/www.celttv.com.ar\/wp-content\/uploads\/2024\/09\/WhatsApp-Image-2024-09-18-at-21.35.07-132x300.jpeg 132w, https:\/\/www.celttv.com.ar\/wp-content\/uploads\/2024\/09\/WhatsApp-Image-2024-09-18-at-21.35.07-674x1536.jpeg 674w, https:\/\/www.celttv.com.ar\/wp-content\/uploads\/2024\/09\/WhatsApp-Image-2024-09-18-at-21.35.07.jpeg 702w\" sizes=\"auto, (max-width: 449px) 100vw, 449px\" \/><\/p>\n","protected":false},"excerpt":{"rendered":"<p>INFORME DE LA SESI\u00d3N ORDINARIA DE FECHA 18-09-24 \u00a0 #Expte. N\u00ba 29\/24: &#8211; D.E. &#8211; Incremento Salarial Ejercicio 2024 &nbsp; Se solicita tratamiento sobre Tablas.- Se aprueba por unanimidad la Ordenanza N\u00ba 3838\/24 por la que se otorga un incremento salarial del 5% (CINCO por ciento) a partir\u00a0 del 1 de SEPTIEMBRE de 2024, para [&hellip;]<\/p>\n","protected":false},"author":5,"featured_media":86174,"comment_status":"closed","ping_status":"closed","sticky":false,"template":"","format":"standard","meta":{"footnotes":""},"categories":[53],"tags":[],"class_list":["post-86173","post","type-post","status-publish","format-standard","has-post-thumbnail","hentry","category-politica"],"yoast_head":"<!-- This site is optimized with the Yoast SEO plugin v19.7.1 - https:\/\/yoast.com\/wordpress\/plugins\/seo\/ -->\n<title>HCCD.: Los temas tratados en la sesi\u00f3n y las alocuciones de los concejales - CELTTV<\/title>\n<meta name=\"description\" content=\"Sitio web de noticias de la localidad de Tornquist, provincia de Buenos Aires, Rep\u00fablica Argentina. Contenido propio originado por periodistas de CELTTV, el canal de TV local de la Cooperativa El\u00e9ctrica de Tornquist. Turismo, Pol\u00edtica, Sociedad, Deporte, Cultura y todo el contenido de inter\u00e9s general que la gente del pueblo y la regi\u00f3n debe conocer.\" \/>\n<meta name=\"robots\" content=\"index, follow, max-snippet:-1, max-image-preview:large, max-video-preview:-1\" \/>\n<link rel=\"canonical\" href=\"https:\/\/www.celttv.com.ar\/index.php\/2024\/09\/23\/hccd-los-temas-tratados-en-la-sesion-y-las-alocuciones-de-lols-concejales\/\" \/>\n<meta property=\"og:locale\" content=\"es_ES\" \/>\n<meta property=\"og:type\" content=\"article\" \/>\n<meta property=\"og:title\" content=\"HCCD.: Los temas tratados en la sesi\u00f3n y las alocuciones de los concejales - CELTTV\" \/>\n<meta property=\"og:description\" content=\"Sitio web de noticias de la localidad de Tornquist, provincia de Buenos Aires, Rep\u00fablica Argentina. Contenido propio originado por periodistas de CELTTV, el canal de TV local de la Cooperativa El\u00e9ctrica de Tornquist. Turismo, Pol\u00edtica, Sociedad, Deporte, Cultura y todo el contenido de inter\u00e9s general que la gente del pueblo y la regi\u00f3n debe conocer.\" \/>\n<meta property=\"og:url\" content=\"https:\/\/www.celttv.com.ar\/index.php\/2024\/09\/23\/hccd-los-temas-tratados-en-la-sesion-y-las-alocuciones-de-lols-concejales\/\" \/>\n<meta property=\"og:site_name\" content=\"CELTTV\" \/>\n<meta property=\"article:publisher\" content=\"https:\/\/www.facebook.com\/celtTV\/\" \/>\n<meta property=\"article:published_time\" content=\"2024-09-24T02:25:58+00:00\" \/>\n<meta property=\"article:modified_time\" content=\"2024-09-24T02:26:22+00:00\" \/>\n<meta property=\"og:image\" content=\"https:\/\/www.celttv.com.ar\/wp-content\/uploads\/2024\/09\/WhatsApp-Image-2024-09-18-at-21.35.06-2.jpeg\" \/>\n\t<meta property=\"og:image:width\" content=\"702\" \/>\n\t<meta property=\"og:image:height\" content=\"1600\" \/>\n\t<meta property=\"og:image:type\" content=\"image\/jpeg\" \/>\n<meta name=\"author\" content=\"Miguel Herrada\" \/>\n<meta name=\"twitter:card\" content=\"summary_large_image\" \/>\n<meta name=\"twitter:label1\" content=\"Escrito por\" \/>\n\t<meta name=\"twitter:data1\" content=\"Miguel Herrada\" \/>\n\t<meta name=\"twitter:label2\" content=\"Tiempo de lectura\" \/>\n\t<meta name=\"twitter:data2\" content=\"81 minutos\" \/>\n<script type=\"application\/ld+json\" class=\"yoast-schema-graph\">{\"@context\":\"https:\/\/schema.org\",\"@graph\":[{\"@type\":\"NewsArticle\",\"@id\":\"https:\/\/www.celttv.com.ar\/index.php\/2024\/09\/23\/hccd-los-temas-tratados-en-la-sesion-y-las-alocuciones-de-lols-concejales\/#article\",\"isPartOf\":{\"@id\":\"https:\/\/www.celttv.com.ar\/index.php\/2024\/09\/23\/hccd-los-temas-tratados-en-la-sesion-y-las-alocuciones-de-lols-concejales\/\"},\"author\":{\"name\":\"Miguel Herrada\",\"@id\":\"https:\/\/www.celttv.com.ar\/#\/schema\/person\/9059dc91dc7204ef4182cdb65225f07d\"},\"headline\":\"HCCD.: Los temas tratados en la sesi\u00f3n y las alocuciones de los concejales\",\"datePublished\":\"2024-09-24T02:25:58+00:00\",\"dateModified\":\"2024-09-24T02:26:22+00:00\",\"mainEntityOfPage\":{\"@id\":\"https:\/\/www.celttv.com.ar\/index.php\/2024\/09\/23\/hccd-los-temas-tratados-en-la-sesion-y-las-alocuciones-de-lols-concejales\/\"},\"wordCount\":16302,\"publisher\":{\"@id\":\"https:\/\/www.celttv.com.ar\/#organization\"},\"articleSection\":[\"Pol\u00edtica\"],\"inLanguage\":\"es\"},{\"@type\":\"WebPage\",\"@id\":\"https:\/\/www.celttv.com.ar\/index.php\/2024\/09\/23\/hccd-los-temas-tratados-en-la-sesion-y-las-alocuciones-de-lols-concejales\/\",\"url\":\"https:\/\/www.celttv.com.ar\/index.php\/2024\/09\/23\/hccd-los-temas-tratados-en-la-sesion-y-las-alocuciones-de-lols-concejales\/\",\"name\":\"HCCD.: Los temas tratados en la sesi\u00f3n y las alocuciones de los concejales - CELTTV\",\"isPartOf\":{\"@id\":\"https:\/\/www.celttv.com.ar\/#website\"},\"datePublished\":\"2024-09-24T02:25:58+00:00\",\"dateModified\":\"2024-09-24T02:26:22+00:00\",\"description\":\"Sitio web de noticias de la localidad de Tornquist, provincia de Buenos Aires, Rep\u00fablica Argentina. Contenido propio originado por periodistas de CELTTV, el canal de TV local de la Cooperativa El\u00e9ctrica de Tornquist. Turismo, Pol\u00edtica, Sociedad, Deporte, Cultura y todo el contenido de inter\u00e9s general que la gente del pueblo y la regi\u00f3n debe conocer.\",\"breadcrumb\":{\"@id\":\"https:\/\/www.celttv.com.ar\/index.php\/2024\/09\/23\/hccd-los-temas-tratados-en-la-sesion-y-las-alocuciones-de-lols-concejales\/#breadcrumb\"},\"inLanguage\":\"es\",\"potentialAction\":[{\"@type\":\"ReadAction\",\"target\":[\"https:\/\/www.celttv.com.ar\/index.php\/2024\/09\/23\/hccd-los-temas-tratados-en-la-sesion-y-las-alocuciones-de-lols-concejales\/\"]}]},{\"@type\":\"BreadcrumbList\",\"@id\":\"https:\/\/www.celttv.com.ar\/index.php\/2024\/09\/23\/hccd-los-temas-tratados-en-la-sesion-y-las-alocuciones-de-lols-concejales\/#breadcrumb\",\"itemListElement\":[{\"@type\":\"ListItem\",\"position\":1,\"name\":\"Inicio\",\"item\":\"https:\/\/www.celttv.com.ar\/\"},{\"@type\":\"ListItem\",\"position\":2,\"name\":\"HCCD.: Los temas tratados en la sesi\u00f3n y las alocuciones de los concejales\"}]},{\"@type\":\"WebSite\",\"@id\":\"https:\/\/www.celttv.com.ar\/#website\",\"url\":\"https:\/\/www.celttv.com.ar\/\",\"name\":\"CELTTV\",\"description\":\"Cooperativa El\u00e9ctrica de Tornquist\",\"publisher\":{\"@id\":\"https:\/\/www.celttv.com.ar\/#organization\"},\"potentialAction\":[{\"@type\":\"SearchAction\",\"target\":{\"@type\":\"EntryPoint\",\"urlTemplate\":\"https:\/\/www.celttv.com.ar\/?s={search_term_string}\"},\"query-input\":\"required name=search_term_string\"}],\"inLanguage\":\"es\"},{\"@type\":\"Organization\",\"@id\":\"https:\/\/www.celttv.com.ar\/#organization\",\"name\":\"CELTTV\",\"url\":\"https:\/\/www.celttv.com.ar\/\",\"sameAs\":[\"https:\/\/www.youtube.com\/channel\/UCz_oIt8Hig64Ub-EmcNPIhg\",\"https:\/\/www.facebook.com\/celtTV\/\"],\"logo\":{\"@type\":\"ImageObject\",\"inLanguage\":\"es\",\"@id\":\"https:\/\/www.celttv.com.ar\/#\/schema\/logo\/image\/\",\"url\":\"http:\/\/www.celttv.com.ar\/wp-content\/uploads\/2022\/08\/logo-1.png\",\"contentUrl\":\"http:\/\/www.celttv.com.ar\/wp-content\/uploads\/2022\/08\/logo-1.png\",\"width\":461,\"height\":159,\"caption\":\"CELTTV\"},\"image\":{\"@id\":\"https:\/\/www.celttv.com.ar\/#\/schema\/logo\/image\/\"}},{\"@type\":\"Person\",\"@id\":\"https:\/\/www.celttv.com.ar\/#\/schema\/person\/9059dc91dc7204ef4182cdb65225f07d\",\"name\":\"Miguel Herrada\",\"image\":{\"@type\":\"ImageObject\",\"inLanguage\":\"es\",\"@id\":\"https:\/\/www.celttv.com.ar\/#\/schema\/person\/image\/\",\"url\":\"https:\/\/secure.gravatar.com\/avatar\/67724d5b3c716623ffd76bec7e45841a442ac3b456e914dbba90b0fad2b8e0b1?s=96&d=mm&r=g\",\"contentUrl\":\"https:\/\/secure.gravatar.com\/avatar\/67724d5b3c716623ffd76bec7e45841a442ac3b456e914dbba90b0fad2b8e0b1?s=96&d=mm&r=g\",\"caption\":\"Miguel Herrada\"}}]}<\/script>\n<!-- \/ Yoast SEO plugin. -->","yoast_head_json":{"title":"HCCD.: Los temas tratados en la sesi\u00f3n y las alocuciones de los concejales - CELTTV","description":"Sitio web de noticias de la localidad de Tornquist, provincia de Buenos Aires, Rep\u00fablica Argentina. Contenido propio originado por periodistas de CELTTV, el canal de TV local de la Cooperativa El\u00e9ctrica de Tornquist. Turismo, Pol\u00edtica, Sociedad, Deporte, Cultura y todo el contenido de inter\u00e9s general que la gente del pueblo y la regi\u00f3n debe conocer.","robots":{"index":"index","follow":"follow","max-snippet":"max-snippet:-1","max-image-preview":"max-image-preview:large","max-video-preview":"max-video-preview:-1"},"canonical":"https:\/\/www.celttv.com.ar\/index.php\/2024\/09\/23\/hccd-los-temas-tratados-en-la-sesion-y-las-alocuciones-de-lols-concejales\/","og_locale":"es_ES","og_type":"article","og_title":"HCCD.: Los temas tratados en la sesi\u00f3n y las alocuciones de los concejales - CELTTV","og_description":"Sitio web de noticias de la localidad de Tornquist, provincia de Buenos Aires, Rep\u00fablica Argentina. Contenido propio originado por periodistas de CELTTV, el canal de TV local de la Cooperativa El\u00e9ctrica de Tornquist. Turismo, Pol\u00edtica, Sociedad, Deporte, Cultura y todo el contenido de inter\u00e9s general que la gente del pueblo y la regi\u00f3n debe conocer.","og_url":"https:\/\/www.celttv.com.ar\/index.php\/2024\/09\/23\/hccd-los-temas-tratados-en-la-sesion-y-las-alocuciones-de-lols-concejales\/","og_site_name":"CELTTV","article_publisher":"https:\/\/www.facebook.com\/celtTV\/","article_published_time":"2024-09-24T02:25:58+00:00","article_modified_time":"2024-09-24T02:26:22+00:00","og_image":[{"width":702,"height":1600,"url":"https:\/\/www.celttv.com.ar\/wp-content\/uploads\/2024\/09\/WhatsApp-Image-2024-09-18-at-21.35.06-2.jpeg","type":"image\/jpeg"}],"author":"Miguel Herrada","twitter_card":"summary_large_image","twitter_misc":{"Escrito por":"Miguel Herrada","Tiempo de lectura":"81 minutos"},"schema":{"@context":"https:\/\/schema.org","@graph":[{"@type":"NewsArticle","@id":"https:\/\/www.celttv.com.ar\/index.php\/2024\/09\/23\/hccd-los-temas-tratados-en-la-sesion-y-las-alocuciones-de-lols-concejales\/#article","isPartOf":{"@id":"https:\/\/www.celttv.com.ar\/index.php\/2024\/09\/23\/hccd-los-temas-tratados-en-la-sesion-y-las-alocuciones-de-lols-concejales\/"},"author":{"name":"Miguel Herrada","@id":"https:\/\/www.celttv.com.ar\/#\/schema\/person\/9059dc91dc7204ef4182cdb65225f07d"},"headline":"HCCD.: Los temas tratados en la sesi\u00f3n y las alocuciones de los concejales","datePublished":"2024-09-24T02:25:58+00:00","dateModified":"2024-09-24T02:26:22+00:00","mainEntityOfPage":{"@id":"https:\/\/www.celttv.com.ar\/index.php\/2024\/09\/23\/hccd-los-temas-tratados-en-la-sesion-y-las-alocuciones-de-lols-concejales\/"},"wordCount":16302,"publisher":{"@id":"https:\/\/www.celttv.com.ar\/#organization"},"articleSection":["Pol\u00edtica"],"inLanguage":"es"},{"@type":"WebPage","@id":"https:\/\/www.celttv.com.ar\/index.php\/2024\/09\/23\/hccd-los-temas-tratados-en-la-sesion-y-las-alocuciones-de-lols-concejales\/","url":"https:\/\/www.celttv.com.ar\/index.php\/2024\/09\/23\/hccd-los-temas-tratados-en-la-sesion-y-las-alocuciones-de-lols-concejales\/","name":"HCCD.: Los temas tratados en la sesi\u00f3n y las alocuciones de los concejales - CELTTV","isPartOf":{"@id":"https:\/\/www.celttv.com.ar\/#website"},"datePublished":"2024-09-24T02:25:58+00:00","dateModified":"2024-09-24T02:26:22+00:00","description":"Sitio web de noticias de la localidad de Tornquist, provincia de Buenos Aires, Rep\u00fablica Argentina. Contenido propio originado por periodistas de CELTTV, el canal de TV local de la Cooperativa El\u00e9ctrica de Tornquist. Turismo, Pol\u00edtica, Sociedad, Deporte, Cultura y todo el contenido de inter\u00e9s general que la gente del pueblo y la regi\u00f3n debe conocer.","breadcrumb":{"@id":"https:\/\/www.celttv.com.ar\/index.php\/2024\/09\/23\/hccd-los-temas-tratados-en-la-sesion-y-las-alocuciones-de-lols-concejales\/#breadcrumb"},"inLanguage":"es","potentialAction":[{"@type":"ReadAction","target":["https:\/\/www.celttv.com.ar\/index.php\/2024\/09\/23\/hccd-los-temas-tratados-en-la-sesion-y-las-alocuciones-de-lols-concejales\/"]}]},{"@type":"BreadcrumbList","@id":"https:\/\/www.celttv.com.ar\/index.php\/2024\/09\/23\/hccd-los-temas-tratados-en-la-sesion-y-las-alocuciones-de-lols-concejales\/#breadcrumb","itemListElement":[{"@type":"ListItem","position":1,"name":"Inicio","item":"https:\/\/www.celttv.com.ar\/"},{"@type":"ListItem","position":2,"name":"HCCD.: Los temas tratados en la sesi\u00f3n y las alocuciones de los concejales"}]},{"@type":"WebSite","@id":"https:\/\/www.celttv.com.ar\/#website","url":"https:\/\/www.celttv.com.ar\/","name":"CELTTV","description":"Cooperativa El\u00e9ctrica de Tornquist","publisher":{"@id":"https:\/\/www.celttv.com.ar\/#organization"},"potentialAction":[{"@type":"SearchAction","target":{"@type":"EntryPoint","urlTemplate":"https:\/\/www.celttv.com.ar\/?s={search_term_string}"},"query-input":"required name=search_term_string"}],"inLanguage":"es"},{"@type":"Organization","@id":"https:\/\/www.celttv.com.ar\/#organization","name":"CELTTV","url":"https:\/\/www.celttv.com.ar\/","sameAs":["https:\/\/www.youtube.com\/channel\/UCz_oIt8Hig64Ub-EmcNPIhg","https:\/\/www.facebook.com\/celtTV\/"],"logo":{"@type":"ImageObject","inLanguage":"es","@id":"https:\/\/www.celttv.com.ar\/#\/schema\/logo\/image\/","url":"http:\/\/www.celttv.com.ar\/wp-content\/uploads\/2022\/08\/logo-1.png","contentUrl":"http:\/\/www.celttv.com.ar\/wp-content\/uploads\/2022\/08\/logo-1.png","width":461,"height":159,"caption":"CELTTV"},"image":{"@id":"https:\/\/www.celttv.com.ar\/#\/schema\/logo\/image\/"}},{"@type":"Person","@id":"https:\/\/www.celttv.com.ar\/#\/schema\/person\/9059dc91dc7204ef4182cdb65225f07d","name":"Miguel Herrada","image":{"@type":"ImageObject","inLanguage":"es","@id":"https:\/\/www.celttv.com.ar\/#\/schema\/person\/image\/","url":"https:\/\/secure.gravatar.com\/avatar\/67724d5b3c716623ffd76bec7e45841a442ac3b456e914dbba90b0fad2b8e0b1?s=96&d=mm&r=g","contentUrl":"https:\/\/secure.gravatar.com\/avatar\/67724d5b3c716623ffd76bec7e45841a442ac3b456e914dbba90b0fad2b8e0b1?s=96&d=mm&r=g","caption":"Miguel Herrada"}}]}},"_links":{"self":[{"href":"https:\/\/www.celttv.com.ar\/index.php\/wp-json\/wp\/v2\/posts\/86173","targetHints":{"allow":["GET"]}}],"collection":[{"href":"https:\/\/www.celttv.com.ar\/index.php\/wp-json\/wp\/v2\/posts"}],"about":[{"href":"https:\/\/www.celttv.com.ar\/index.php\/wp-json\/wp\/v2\/types\/post"}],"author":[{"embeddable":true,"href":"https:\/\/www.celttv.com.ar\/index.php\/wp-json\/wp\/v2\/users\/5"}],"replies":[{"embeddable":true,"href":"https:\/\/www.celttv.com.ar\/index.php\/wp-json\/wp\/v2\/comments?post=86173"}],"version-history":[{"count":2,"href":"https:\/\/www.celttv.com.ar\/index.php\/wp-json\/wp\/v2\/posts\/86173\/revisions"}],"predecessor-version":[{"id":86180,"href":"https:\/\/www.celttv.com.ar\/index.php\/wp-json\/wp\/v2\/posts\/86173\/revisions\/86180"}],"wp:featuredmedia":[{"embeddable":true,"href":"https:\/\/www.celttv.com.ar\/index.php\/wp-json\/wp\/v2\/media\/86174"}],"wp:attachment":[{"href":"https:\/\/www.celttv.com.ar\/index.php\/wp-json\/wp\/v2\/media?parent=86173"}],"wp:term":[{"taxonomy":"category","embeddable":true,"href":"https:\/\/www.celttv.com.ar\/index.php\/wp-json\/wp\/v2\/categories?post=86173"},{"taxonomy":"post_tag","embeddable":true,"href":"https:\/\/www.celttv.com.ar\/index.php\/wp-json\/wp\/v2\/tags?post=86173"}],"curies":[{"name":"wp","href":"https:\/\/api.w.org\/{rel}","templated":true}]}}