{"id":86220,"date":"2024-09-27T18:34:36","date_gmt":"2024-09-27T21:34:36","guid":{"rendered":"https:\/\/www.celttv.com.ar\/?p=86220"},"modified":"2024-09-27T18:34:36","modified_gmt":"2024-09-27T21:34:36","slug":"continua-la-37o-edicion-de-la-expo-contable-y-turistica-organizada-por-la-escuela-de-educacion-secundaria-no1-victor-mercante-fotos-y-videos","status":"publish","type":"post","link":"https:\/\/www.celttv.com.ar\/index.php\/2024\/09\/27\/continua-la-37o-edicion-de-la-expo-contable-y-turistica-organizada-por-la-escuela-de-educacion-secundaria-no1-victor-mercante-fotos-y-videos\/","title":{"rendered":"Contin\u00faa la 37\u00ba edici\u00f3n de la Expo Contable y Tur\u00edstica organizada por la Escuela de Educaci\u00f3n Secundaria N\u00ba1 &#8220;Victor Mercante&#8221; (fotos y videos)"},"content":{"rendered":"<p>Neyda Odera, directora del establecimiento, dialog\u00f3 con CELTTV Noticias y brind\u00f3 detalles sobre la actividad programada.<br \/>\n&#8220;Este a\u00f1o buscamos proponer cosas distintas. El primer d\u00eda desarrollamos un ciclo de charlas con miradas sobre lo social, lo tur\u00edstico y otros temas de la realidad actual como es la utilizaci\u00f3n de billeteras virtuales, la ludopat\u00eda o turismo con la presencia de profesionales en el tema y la parte tradicional de la Expo le sumamos que los chicos le muestren al p\u00fablico no solamente el producto final, sino que pueden mostrar toda la previa&#8221;<br \/>\n&#8220;Los chicos exponen en el SUM, con sus profesores contando como llegaron a realizar su proyecto y est\u00e1n en momento de evaluaci\u00f3n y el p\u00fablico puede ver como los estamos evaluando&#8221; coment\u00f3 Neyda Odera.<\/p>\n<p>Nota en video: www.celttv.com.ar<br \/>\ninstagram<strong> celttvcanal<\/strong><\/p>\n<p>&nbsp;<\/p>\n<p><img loading=\"lazy\" decoding=\"async\" class=\"alignnone wp-image-86221 size-full\" src=\"https:\/\/www.celttv.com.ar\/wp-content\/uploads\/2024\/09\/IMG_9799-Medium-e1727472364481.jpg\" alt=\"\" width=\"907\" height=\"482\" srcset=\"https:\/\/www.celttv.com.ar\/wp-content\/uploads\/2024\/09\/IMG_9799-Medium-e1727472364481.jpg 907w, https:\/\/www.celttv.com.ar\/wp-content\/uploads\/2024\/09\/IMG_9799-Medium-e1727472364481-300x159.jpg 300w, https:\/\/www.celttv.com.ar\/wp-content\/uploads\/2024\/09\/IMG_9799-Medium-e1727472364481-768x408.jpg 768w, https:\/\/www.celttv.com.ar\/wp-content\/uploads\/2024\/09\/IMG_9799-Medium-e1727472364481-750x399.jpg 750w\" sizes=\"auto, (max-width: 907px) 100vw, 907px\" \/> <img loading=\"lazy\" decoding=\"async\" class=\"alignnone wp-image-86222 size-full\" src=\"https:\/\/www.celttv.com.ar\/wp-content\/uploads\/2024\/09\/IMG_9800-Medium.jpg\" alt=\"\" width=\"1024\" height=\"768\" srcset=\"https:\/\/www.celttv.com.ar\/wp-content\/uploads\/2024\/09\/IMG_9800-Medium.jpg 1024w, https:\/\/www.celttv.com.ar\/wp-content\/uploads\/2024\/09\/IMG_9800-Medium-300x225.jpg 300w, https:\/\/www.celttv.com.ar\/wp-content\/uploads\/2024\/09\/IMG_9800-Medium-768x576.jpg 768w, https:\/\/www.celttv.com.ar\/wp-content\/uploads\/2024\/09\/IMG_9800-Medium-750x563.jpg 750w\" sizes=\"auto, (max-width: 1024px) 100vw, 1024px\" \/> <img loading=\"lazy\" decoding=\"async\" class=\"alignnone wp-image-86223 size-full\" src=\"https:\/\/www.celttv.com.ar\/wp-content\/uploads\/2024\/09\/IMG_9801-Medium.jpg\" alt=\"\" width=\"1024\" height=\"768\" srcset=\"https:\/\/www.celttv.com.ar\/wp-content\/uploads\/2024\/09\/IMG_9801-Medium.jpg 1024w, https:\/\/www.celttv.com.ar\/wp-content\/uploads\/2024\/09\/IMG_9801-Medium-300x225.jpg 300w, https:\/\/www.celttv.com.ar\/wp-content\/uploads\/2024\/09\/IMG_9801-Medium-768x576.jpg 768w, https:\/\/www.celttv.com.ar\/wp-content\/uploads\/2024\/09\/IMG_9801-Medium-750x563.jpg 750w\" sizes=\"auto, (max-width: 1024px) 100vw, 1024px\" \/> <img loading=\"lazy\" decoding=\"async\" class=\"alignnone wp-image-86224 size-full\" src=\"https:\/\/www.celttv.com.ar\/wp-content\/uploads\/2024\/09\/IMG_9802-Medium.jpg\" alt=\"\" width=\"1024\" height=\"768\" srcset=\"https:\/\/www.celttv.com.ar\/wp-content\/uploads\/2024\/09\/IMG_9802-Medium.jpg 1024w, https:\/\/www.celttv.com.ar\/wp-content\/uploads\/2024\/09\/IMG_9802-Medium-300x225.jpg 300w, https:\/\/www.celttv.com.ar\/wp-content\/uploads\/2024\/09\/IMG_9802-Medium-768x576.jpg 768w, https:\/\/www.celttv.com.ar\/wp-content\/uploads\/2024\/09\/IMG_9802-Medium-750x563.jpg 750w\" sizes=\"auto, (max-width: 1024px) 100vw, 1024px\" \/> <img loading=\"lazy\" decoding=\"async\" class=\"alignnone wp-image-86225 size-full\" src=\"https:\/\/www.celttv.com.ar\/wp-content\/uploads\/2024\/09\/IMG_9803-Medium.jpg\" alt=\"\" width=\"1024\" height=\"768\" srcset=\"https:\/\/www.celttv.com.ar\/wp-content\/uploads\/2024\/09\/IMG_9803-Medium.jpg 1024w, https:\/\/www.celttv.com.ar\/wp-content\/uploads\/2024\/09\/IMG_9803-Medium-300x225.jpg 300w, https:\/\/www.celttv.com.ar\/wp-content\/uploads\/2024\/09\/IMG_9803-Medium-768x576.jpg 768w, https:\/\/www.celttv.com.ar\/wp-content\/uploads\/2024\/09\/IMG_9803-Medium-750x563.jpg 750w\" sizes=\"auto, (max-width: 1024px) 100vw, 1024px\" \/> <img loading=\"lazy\" decoding=\"async\" class=\"alignnone wp-image-86226 size-full\" src=\"https:\/\/www.celttv.com.ar\/wp-content\/uploads\/2024\/09\/IMG_9804-Medium.jpg\" alt=\"\" width=\"1024\" height=\"768\" srcset=\"https:\/\/www.celttv.com.ar\/wp-content\/uploads\/2024\/09\/IMG_9804-Medium.jpg 1024w, https:\/\/www.celttv.com.ar\/wp-content\/uploads\/2024\/09\/IMG_9804-Medium-300x225.jpg 300w, https:\/\/www.celttv.com.ar\/wp-content\/uploads\/2024\/09\/IMG_9804-Medium-768x576.jpg 768w, https:\/\/www.celttv.com.ar\/wp-content\/uploads\/2024\/09\/IMG_9804-Medium-750x563.jpg 750w\" sizes=\"auto, (max-width: 1024px) 100vw, 1024px\" \/> <img loading=\"lazy\" decoding=\"async\" class=\"alignnone wp-image-86227 size-full\" src=\"https:\/\/www.celttv.com.ar\/wp-content\/uploads\/2024\/09\/IMG_9805-Medium.jpg\" alt=\"\" width=\"1024\" height=\"768\" srcset=\"https:\/\/www.celttv.com.ar\/wp-content\/uploads\/2024\/09\/IMG_9805-Medium.jpg 1024w, https:\/\/www.celttv.com.ar\/wp-content\/uploads\/2024\/09\/IMG_9805-Medium-300x225.jpg 300w, https:\/\/www.celttv.com.ar\/wp-content\/uploads\/2024\/09\/IMG_9805-Medium-768x576.jpg 768w, https:\/\/www.celttv.com.ar\/wp-content\/uploads\/2024\/09\/IMG_9805-Medium-750x563.jpg 750w\" sizes=\"auto, (max-width: 1024px) 100vw, 1024px\" \/> <img loading=\"lazy\" decoding=\"async\" class=\"alignnone wp-image-86228 size-full\" src=\"https:\/\/www.celttv.com.ar\/wp-content\/uploads\/2024\/09\/IMG_9806-Medium.jpg\" alt=\"\" width=\"1024\" height=\"768\" srcset=\"https:\/\/www.celttv.com.ar\/wp-content\/uploads\/2024\/09\/IMG_9806-Medium.jpg 1024w, https:\/\/www.celttv.com.ar\/wp-content\/uploads\/2024\/09\/IMG_9806-Medium-300x225.jpg 300w, https:\/\/www.celttv.com.ar\/wp-content\/uploads\/2024\/09\/IMG_9806-Medium-768x576.jpg 768w, https:\/\/www.celttv.com.ar\/wp-content\/uploads\/2024\/09\/IMG_9806-Medium-750x563.jpg 750w\" sizes=\"auto, (max-width: 1024px) 100vw, 1024px\" \/> <img loading=\"lazy\" decoding=\"async\" class=\"alignnone wp-image-86229 size-full\" src=\"https:\/\/www.celttv.com.ar\/wp-content\/uploads\/2024\/09\/IMG_9807-Medium.jpg\" alt=\"\" width=\"1024\" height=\"768\" srcset=\"https:\/\/www.celttv.com.ar\/wp-content\/uploads\/2024\/09\/IMG_9807-Medium.jpg 1024w, https:\/\/www.celttv.com.ar\/wp-content\/uploads\/2024\/09\/IMG_9807-Medium-300x225.jpg 300w, https:\/\/www.celttv.com.ar\/wp-content\/uploads\/2024\/09\/IMG_9807-Medium-768x576.jpg 768w, https:\/\/www.celttv.com.ar\/wp-content\/uploads\/2024\/09\/IMG_9807-Medium-750x563.jpg 750w\" sizes=\"auto, (max-width: 1024px) 100vw, 1024px\" \/> <img loading=\"lazy\" decoding=\"async\" class=\"alignnone wp-image-86230 size-full\" src=\"https:\/\/www.celttv.com.ar\/wp-content\/uploads\/2024\/09\/IMG_9808-Medium.jpg\" alt=\"\" width=\"1024\" height=\"768\" srcset=\"https:\/\/www.celttv.com.ar\/wp-content\/uploads\/2024\/09\/IMG_9808-Medium.jpg 1024w, https:\/\/www.celttv.com.ar\/wp-content\/uploads\/2024\/09\/IMG_9808-Medium-300x225.jpg 300w, https:\/\/www.celttv.com.ar\/wp-content\/uploads\/2024\/09\/IMG_9808-Medium-768x576.jpg 768w, https:\/\/www.celttv.com.ar\/wp-content\/uploads\/2024\/09\/IMG_9808-Medium-750x563.jpg 750w\" sizes=\"auto, (max-width: 1024px) 100vw, 1024px\" \/> <img loading=\"lazy\" decoding=\"async\" class=\"alignnone wp-image-86233 size-full\" src=\"https:\/\/www.celttv.com.ar\/wp-content\/uploads\/2024\/09\/IMG_9811-Medium.jpg\" alt=\"\" width=\"1024\" height=\"768\" srcset=\"https:\/\/www.celttv.com.ar\/wp-content\/uploads\/2024\/09\/IMG_9811-Medium.jpg 1024w, https:\/\/www.celttv.com.ar\/wp-content\/uploads\/2024\/09\/IMG_9811-Medium-300x225.jpg 300w, https:\/\/www.celttv.com.ar\/wp-content\/uploads\/2024\/09\/IMG_9811-Medium-768x576.jpg 768w, https:\/\/www.celttv.com.ar\/wp-content\/uploads\/2024\/09\/IMG_9811-Medium-750x563.jpg 750w\" sizes=\"auto, (max-width: 1024px) 100vw, 1024px\" \/> <img loading=\"lazy\" decoding=\"async\" class=\"alignnone wp-image-86234 size-full\" src=\"https:\/\/www.celttv.com.ar\/wp-content\/uploads\/2024\/09\/IMG_9812-Medium.jpg\" alt=\"\" width=\"1024\" height=\"768\" srcset=\"https:\/\/www.celttv.com.ar\/wp-content\/uploads\/2024\/09\/IMG_9812-Medium.jpg 1024w, https:\/\/www.celttv.com.ar\/wp-content\/uploads\/2024\/09\/IMG_9812-Medium-300x225.jpg 300w, https:\/\/www.celttv.com.ar\/wp-content\/uploads\/2024\/09\/IMG_9812-Medium-768x576.jpg 768w, https:\/\/www.celttv.com.ar\/wp-content\/uploads\/2024\/09\/IMG_9812-Medium-750x563.jpg 750w\" sizes=\"auto, (max-width: 1024px) 100vw, 1024px\" \/> <img loading=\"lazy\" decoding=\"async\" class=\"alignnone wp-image-86235 size-full\" src=\"https:\/\/www.celttv.com.ar\/wp-content\/uploads\/2024\/09\/IMG_9813-Medium.jpg\" alt=\"\" width=\"1024\" height=\"768\" srcset=\"https:\/\/www.celttv.com.ar\/wp-content\/uploads\/2024\/09\/IMG_9813-Medium.jpg 1024w, https:\/\/www.celttv.com.ar\/wp-content\/uploads\/2024\/09\/IMG_9813-Medium-300x225.jpg 300w, https:\/\/www.celttv.com.ar\/wp-content\/uploads\/2024\/09\/IMG_9813-Medium-768x576.jpg 768w, https:\/\/www.celttv.com.ar\/wp-content\/uploads\/2024\/09\/IMG_9813-Medium-750x563.jpg 750w\" sizes=\"auto, (max-width: 1024px) 100vw, 1024px\" \/> <img loading=\"lazy\" decoding=\"async\" class=\"alignnone wp-image-86236 size-full\" src=\"https:\/\/www.celttv.com.ar\/wp-content\/uploads\/2024\/09\/IMG_9814-Medium.jpg\" alt=\"\" width=\"1024\" height=\"768\" srcset=\"https:\/\/www.celttv.com.ar\/wp-content\/uploads\/2024\/09\/IMG_9814-Medium.jpg 1024w, https:\/\/www.celttv.com.ar\/wp-content\/uploads\/2024\/09\/IMG_9814-Medium-300x225.jpg 300w, https:\/\/www.celttv.com.ar\/wp-content\/uploads\/2024\/09\/IMG_9814-Medium-768x576.jpg 768w, https:\/\/www.celttv.com.ar\/wp-content\/uploads\/2024\/09\/IMG_9814-Medium-750x563.jpg 750w\" sizes=\"auto, (max-width: 1024px) 100vw, 1024px\" \/> <img loading=\"lazy\" decoding=\"async\" class=\"alignnone wp-image-86237 size-full\" src=\"https:\/\/www.celttv.com.ar\/wp-content\/uploads\/2024\/09\/IMG_9815-Medium.jpg\" alt=\"\" width=\"1024\" height=\"768\" srcset=\"https:\/\/www.celttv.com.ar\/wp-content\/uploads\/2024\/09\/IMG_9815-Medium.jpg 1024w, https:\/\/www.celttv.com.ar\/wp-content\/uploads\/2024\/09\/IMG_9815-Medium-300x225.jpg 300w, https:\/\/www.celttv.com.ar\/wp-content\/uploads\/2024\/09\/IMG_9815-Medium-768x576.jpg 768w, https:\/\/www.celttv.com.ar\/wp-content\/uploads\/2024\/09\/IMG_9815-Medium-750x563.jpg 750w\" sizes=\"auto, (max-width: 1024px) 100vw, 1024px\" \/> <img loading=\"lazy\" decoding=\"async\" class=\"alignnone wp-image-86238 size-full\" src=\"https:\/\/www.celttv.com.ar\/wp-content\/uploads\/2024\/09\/IMG_9816-Medium.jpg\" alt=\"\" width=\"1024\" height=\"768\" srcset=\"https:\/\/www.celttv.com.ar\/wp-content\/uploads\/2024\/09\/IMG_9816-Medium.jpg 1024w, https:\/\/www.celttv.com.ar\/wp-content\/uploads\/2024\/09\/IMG_9816-Medium-300x225.jpg 300w, https:\/\/www.celttv.com.ar\/wp-content\/uploads\/2024\/09\/IMG_9816-Medium-768x576.jpg 768w, https:\/\/www.celttv.com.ar\/wp-content\/uploads\/2024\/09\/IMG_9816-Medium-750x563.jpg 750w\" sizes=\"auto, (max-width: 1024px) 100vw, 1024px\" \/> <img loading=\"lazy\" decoding=\"async\" class=\"alignnone wp-image-86239 size-full\" src=\"https:\/\/www.celttv.com.ar\/wp-content\/uploads\/2024\/09\/IMG_9817-Medium.jpg\" alt=\"\" width=\"1024\" height=\"768\" srcset=\"https:\/\/www.celttv.com.ar\/wp-content\/uploads\/2024\/09\/IMG_9817-Medium.jpg 1024w, https:\/\/www.celttv.com.ar\/wp-content\/uploads\/2024\/09\/IMG_9817-Medium-300x225.jpg 300w, https:\/\/www.celttv.com.ar\/wp-content\/uploads\/2024\/09\/IMG_9817-Medium-768x576.jpg 768w, https:\/\/www.celttv.com.ar\/wp-content\/uploads\/2024\/09\/IMG_9817-Medium-750x563.jpg 750w\" sizes=\"auto, (max-width: 1024px) 100vw, 1024px\" \/> <img loading=\"lazy\" decoding=\"async\" class=\"alignnone wp-image-86242 size-full\" src=\"https:\/\/www.celttv.com.ar\/wp-content\/uploads\/2024\/09\/IMG_9820-Medium.jpg\" alt=\"\" width=\"1024\" height=\"768\" srcset=\"https:\/\/www.celttv.com.ar\/wp-content\/uploads\/2024\/09\/IMG_9820-Medium.jpg 1024w, https:\/\/www.celttv.com.ar\/wp-content\/uploads\/2024\/09\/IMG_9820-Medium-300x225.jpg 300w, https:\/\/www.celttv.com.ar\/wp-content\/uploads\/2024\/09\/IMG_9820-Medium-768x576.jpg 768w, https:\/\/www.celttv.com.ar\/wp-content\/uploads\/2024\/09\/IMG_9820-Medium-750x563.jpg 750w\" sizes=\"auto, (max-width: 1024px) 100vw, 1024px\" \/> <img loading=\"lazy\" decoding=\"async\" class=\"alignnone wp-image-86243 size-full\" src=\"https:\/\/www.celttv.com.ar\/wp-content\/uploads\/2024\/09\/IMG_9821-Medium.jpg\" alt=\"\" width=\"1024\" height=\"768\" srcset=\"https:\/\/www.celttv.com.ar\/wp-content\/uploads\/2024\/09\/IMG_9821-Medium.jpg 1024w, https:\/\/www.celttv.com.ar\/wp-content\/uploads\/2024\/09\/IMG_9821-Medium-300x225.jpg 300w, https:\/\/www.celttv.com.ar\/wp-content\/uploads\/2024\/09\/IMG_9821-Medium-768x576.jpg 768w, https:\/\/www.celttv.com.ar\/wp-content\/uploads\/2024\/09\/IMG_9821-Medium-750x563.jpg 750w\" sizes=\"auto, (max-width: 1024px) 100vw, 1024px\" \/> <img loading=\"lazy\" decoding=\"async\" class=\"alignnone wp-image-86244 size-full\" src=\"https:\/\/www.celttv.com.ar\/wp-content\/uploads\/2024\/09\/IMG_9822-Medium.jpg\" alt=\"\" width=\"1024\" height=\"768\" srcset=\"https:\/\/www.celttv.com.ar\/wp-content\/uploads\/2024\/09\/IMG_9822-Medium.jpg 1024w, https:\/\/www.celttv.com.ar\/wp-content\/uploads\/2024\/09\/IMG_9822-Medium-300x225.jpg 300w, https:\/\/www.celttv.com.ar\/wp-content\/uploads\/2024\/09\/IMG_9822-Medium-768x576.jpg 768w, https:\/\/www.celttv.com.ar\/wp-content\/uploads\/2024\/09\/IMG_9822-Medium-750x563.jpg 750w\" sizes=\"auto, (max-width: 1024px) 100vw, 1024px\" \/> <img loading=\"lazy\" decoding=\"async\" class=\"alignnone wp-image-86245 size-full\" src=\"https:\/\/www.celttv.com.ar\/wp-content\/uploads\/2024\/09\/IMG_9823-Medium.jpg\" alt=\"\" width=\"1024\" height=\"768\" srcset=\"https:\/\/www.celttv.com.ar\/wp-content\/uploads\/2024\/09\/IMG_9823-Medium.jpg 1024w, https:\/\/www.celttv.com.ar\/wp-content\/uploads\/2024\/09\/IMG_9823-Medium-300x225.jpg 300w, https:\/\/www.celttv.com.ar\/wp-content\/uploads\/2024\/09\/IMG_9823-Medium-768x576.jpg 768w, https:\/\/www.celttv.com.ar\/wp-content\/uploads\/2024\/09\/IMG_9823-Medium-750x563.jpg 750w\" sizes=\"auto, (max-width: 1024px) 100vw, 1024px\" \/> <img loading=\"lazy\" decoding=\"async\" class=\"alignnone wp-image-86246 size-full\" src=\"https:\/\/www.celttv.com.ar\/wp-content\/uploads\/2024\/09\/IMG_9824-Medium.jpg\" alt=\"\" width=\"1024\" height=\"768\" srcset=\"https:\/\/www.celttv.com.ar\/wp-content\/uploads\/2024\/09\/IMG_9824-Medium.jpg 1024w, https:\/\/www.celttv.com.ar\/wp-content\/uploads\/2024\/09\/IMG_9824-Medium-300x225.jpg 300w, https:\/\/www.celttv.com.ar\/wp-content\/uploads\/2024\/09\/IMG_9824-Medium-768x576.jpg 768w, https:\/\/www.celttv.com.ar\/wp-content\/uploads\/2024\/09\/IMG_9824-Medium-750x563.jpg 750w\" sizes=\"auto, (max-width: 1024px) 100vw, 1024px\" \/> <img loading=\"lazy\" decoding=\"async\" class=\"alignnone wp-image-86247 size-full\" src=\"https:\/\/www.celttv.com.ar\/wp-content\/uploads\/2024\/09\/IMG_9825-Medium.jpg\" alt=\"\" width=\"1024\" height=\"768\" srcset=\"https:\/\/www.celttv.com.ar\/wp-content\/uploads\/2024\/09\/IMG_9825-Medium.jpg 1024w, https:\/\/www.celttv.com.ar\/wp-content\/uploads\/2024\/09\/IMG_9825-Medium-300x225.jpg 300w, https:\/\/www.celttv.com.ar\/wp-content\/uploads\/2024\/09\/IMG_9825-Medium-768x576.jpg 768w, https:\/\/www.celttv.com.ar\/wp-content\/uploads\/2024\/09\/IMG_9825-Medium-750x563.jpg 750w\" sizes=\"auto, (max-width: 1024px) 100vw, 1024px\" \/> <img loading=\"lazy\" decoding=\"async\" class=\"alignnone wp-image-86248 size-full\" src=\"https:\/\/www.celttv.com.ar\/wp-content\/uploads\/2024\/09\/IMG_9826-Medium.jpg\" alt=\"\" width=\"1024\" height=\"768\" srcset=\"https:\/\/www.celttv.com.ar\/wp-content\/uploads\/2024\/09\/IMG_9826-Medium.jpg 1024w, https:\/\/www.celttv.com.ar\/wp-content\/uploads\/2024\/09\/IMG_9826-Medium-300x225.jpg 300w, https:\/\/www.celttv.com.ar\/wp-content\/uploads\/2024\/09\/IMG_9826-Medium-768x576.jpg 768w, https:\/\/www.celttv.com.ar\/wp-content\/uploads\/2024\/09\/IMG_9826-Medium-750x563.jpg 750w\" sizes=\"auto, (max-width: 1024px) 100vw, 1024px\" \/> <img loading=\"lazy\" decoding=\"async\" class=\"alignnone wp-image-86249 size-full\" src=\"https:\/\/www.celttv.com.ar\/wp-content\/uploads\/2024\/09\/IMG_9827-Medium.jpg\" alt=\"\" width=\"1024\" height=\"768\" srcset=\"https:\/\/www.celttv.com.ar\/wp-content\/uploads\/2024\/09\/IMG_9827-Medium.jpg 1024w, https:\/\/www.celttv.com.ar\/wp-content\/uploads\/2024\/09\/IMG_9827-Medium-300x225.jpg 300w, https:\/\/www.celttv.com.ar\/wp-content\/uploads\/2024\/09\/IMG_9827-Medium-768x576.jpg 768w, https:\/\/www.celttv.com.ar\/wp-content\/uploads\/2024\/09\/IMG_9827-Medium-750x563.jpg 750w\" sizes=\"auto, (max-width: 1024px) 100vw, 1024px\" \/> <img loading=\"lazy\" decoding=\"async\" class=\"alignnone wp-image-86250 size-full\" src=\"https:\/\/www.celttv.com.ar\/wp-content\/uploads\/2024\/09\/IMG_9828-Medium.jpg\" alt=\"\" width=\"1024\" height=\"768\" srcset=\"https:\/\/www.celttv.com.ar\/wp-content\/uploads\/2024\/09\/IMG_9828-Medium.jpg 1024w, https:\/\/www.celttv.com.ar\/wp-content\/uploads\/2024\/09\/IMG_9828-Medium-300x225.jpg 300w, https:\/\/www.celttv.com.ar\/wp-content\/uploads\/2024\/09\/IMG_9828-Medium-768x576.jpg 768w, https:\/\/www.celttv.com.ar\/wp-content\/uploads\/2024\/09\/IMG_9828-Medium-750x563.jpg 750w\" sizes=\"auto, (max-width: 1024px) 100vw, 1024px\" \/> <img loading=\"lazy\" decoding=\"async\" class=\"alignnone wp-image-86251 size-full\" src=\"https:\/\/www.celttv.com.ar\/wp-content\/uploads\/2024\/09\/IMG_9829-Medium.jpg\" alt=\"\" width=\"1024\" height=\"768\" srcset=\"https:\/\/www.celttv.com.ar\/wp-content\/uploads\/2024\/09\/IMG_9829-Medium.jpg 1024w, https:\/\/www.celttv.com.ar\/wp-content\/uploads\/2024\/09\/IMG_9829-Medium-300x225.jpg 300w, https:\/\/www.celttv.com.ar\/wp-content\/uploads\/2024\/09\/IMG_9829-Medium-768x576.jpg 768w, https:\/\/www.celttv.com.ar\/wp-content\/uploads\/2024\/09\/IMG_9829-Medium-750x563.jpg 750w\" sizes=\"auto, (max-width: 1024px) 100vw, 1024px\" \/><\/p>\n<p><iframe loading=\"lazy\" title=\"2024 09 27 NAYLA ODERA   37 EXPO CONTABLE\" width=\"500\" height=\"281\" src=\"https:\/\/www.youtube.com\/embed\/uEkaEJYXUMA?feature=oembed\" frameborder=\"0\" allow=\"accelerometer; autoplay; clipboard-write; encrypted-media; gyroscope; picture-in-picture; web-share\" referrerpolicy=\"strict-origin-when-cross-origin\" allowfullscreen><\/iframe><\/p>\n","protected":false},"excerpt":{"rendered":"<p>Neyda Odera, directora del establecimiento, dialog\u00f3 con CELTTV Noticias y brind\u00f3 detalles sobre la actividad programada. &#8220;Este a\u00f1o buscamos proponer cosas distintas. El primer d\u00eda desarrollamos un ciclo de charlas con miradas sobre lo social, lo tur\u00edstico y otros temas de la realidad actual como es la utilizaci\u00f3n de billeteras virtuales, la ludopat\u00eda o turismo [&hellip;]<\/p>\n","protected":false},"author":5,"featured_media":86221,"comment_status":"closed","ping_status":"closed","sticky":false,"template":"","format":"standard","meta":{"footnotes":""},"categories":[51,52],"tags":[],"class_list":["post-86220","post","type-post","status-publish","format-standard","has-post-thumbnail","hentry","category-comunidad","category-destacadas"],"yoast_head":"<!-- This site is optimized with the Yoast SEO plugin v19.7.1 - https:\/\/yoast.com\/wordpress\/plugins\/seo\/ -->\n<title>Contin\u00faa la 37\u00ba edici\u00f3n de la Expo Contable y Tur\u00edstica organizada por la Escuela de Educaci\u00f3n Secundaria N\u00ba1 &quot;Victor Mercante&quot; (fotos y videos) - CELTTV<\/title>\n<meta name=\"description\" content=\"Sitio web de noticias de la localidad de Tornquist, provincia de Buenos Aires, Rep\u00fablica Argentina. Contenido propio originado por periodistas de CELTTV, el canal de TV local de la Cooperativa El\u00e9ctrica de Tornquist. Turismo, Pol\u00edtica, Sociedad, Deporte, Cultura y todo el contenido de inter\u00e9s general que la gente del pueblo y la regi\u00f3n debe conocer.\" \/>\n<meta name=\"robots\" content=\"index, follow, max-snippet:-1, max-image-preview:large, max-video-preview:-1\" \/>\n<link rel=\"canonical\" href=\"https:\/\/www.celttv.com.ar\/index.php\/2024\/09\/27\/continua-la-37o-edicion-de-la-expo-contable-y-turistica-organizada-por-la-escuela-de-educacion-secundaria-no1-victor-mercante-fotos-y-videos\/\" \/>\n<meta property=\"og:locale\" content=\"es_ES\" \/>\n<meta property=\"og:type\" content=\"article\" \/>\n<meta property=\"og:title\" content=\"Contin\u00faa la 37\u00ba edici\u00f3n de la Expo Contable y Tur\u00edstica organizada por la Escuela de Educaci\u00f3n Secundaria N\u00ba1 &quot;Victor Mercante&quot; (fotos y videos) - CELTTV\" \/>\n<meta property=\"og:description\" content=\"Sitio web de noticias de la localidad de Tornquist, provincia de Buenos Aires, Rep\u00fablica Argentina. Contenido propio originado por periodistas de CELTTV, el canal de TV local de la Cooperativa El\u00e9ctrica de Tornquist. Turismo, Pol\u00edtica, Sociedad, Deporte, Cultura y todo el contenido de inter\u00e9s general que la gente del pueblo y la regi\u00f3n debe conocer.\" \/>\n<meta property=\"og:url\" content=\"https:\/\/www.celttv.com.ar\/index.php\/2024\/09\/27\/continua-la-37o-edicion-de-la-expo-contable-y-turistica-organizada-por-la-escuela-de-educacion-secundaria-no1-victor-mercante-fotos-y-videos\/\" \/>\n<meta property=\"og:site_name\" content=\"CELTTV\" \/>\n<meta property=\"article:publisher\" content=\"https:\/\/www.facebook.com\/celtTV\/\" \/>\n<meta property=\"article:published_time\" content=\"2024-09-27T21:34:36+00:00\" \/>\n<meta property=\"og:image\" content=\"https:\/\/www.celttv.com.ar\/wp-content\/uploads\/2024\/09\/IMG_9799-Medium-e1727472364481.jpg\" \/>\n\t<meta property=\"og:image:width\" content=\"907\" \/>\n\t<meta property=\"og:image:height\" content=\"482\" \/>\n\t<meta property=\"og:image:type\" content=\"image\/jpeg\" \/>\n<meta name=\"author\" content=\"Miguel Herrada\" \/>\n<meta name=\"twitter:card\" content=\"summary_large_image\" \/>\n<meta name=\"twitter:label1\" content=\"Escrito por\" \/>\n\t<meta name=\"twitter:data1\" content=\"Miguel Herrada\" \/>\n\t<meta name=\"twitter:label2\" content=\"Tiempo de lectura\" \/>\n\t<meta name=\"twitter:data2\" content=\"1 minuto\" \/>\n<script type=\"application\/ld+json\" class=\"yoast-schema-graph\">{\"@context\":\"https:\/\/schema.org\",\"@graph\":[{\"@type\":\"NewsArticle\",\"@id\":\"https:\/\/www.celttv.com.ar\/index.php\/2024\/09\/27\/continua-la-37o-edicion-de-la-expo-contable-y-turistica-organizada-por-la-escuela-de-educacion-secundaria-no1-victor-mercante-fotos-y-videos\/#article\",\"isPartOf\":{\"@id\":\"https:\/\/www.celttv.com.ar\/index.php\/2024\/09\/27\/continua-la-37o-edicion-de-la-expo-contable-y-turistica-organizada-por-la-escuela-de-educacion-secundaria-no1-victor-mercante-fotos-y-videos\/\"},\"author\":{\"name\":\"Miguel Herrada\",\"@id\":\"https:\/\/www.celttv.com.ar\/#\/schema\/person\/9059dc91dc7204ef4182cdb65225f07d\"},\"headline\":\"Contin\u00faa la 37\u00ba edici\u00f3n de la Expo Contable y Tur\u00edstica organizada por la Escuela de Educaci\u00f3n Secundaria N\u00ba1 &#8220;Victor Mercante&#8221; (fotos y videos)\",\"datePublished\":\"2024-09-27T21:34:36+00:00\",\"dateModified\":\"2024-09-27T21:34:36+00:00\",\"mainEntityOfPage\":{\"@id\":\"https:\/\/www.celttv.com.ar\/index.php\/2024\/09\/27\/continua-la-37o-edicion-de-la-expo-contable-y-turistica-organizada-por-la-escuela-de-educacion-secundaria-no1-victor-mercante-fotos-y-videos\/\"},\"wordCount\":174,\"publisher\":{\"@id\":\"https:\/\/www.celttv.com.ar\/#organization\"},\"articleSection\":[\"Comunidad\",\"Destacadas\"],\"inLanguage\":\"es\"},{\"@type\":\"WebPage\",\"@id\":\"https:\/\/www.celttv.com.ar\/index.php\/2024\/09\/27\/continua-la-37o-edicion-de-la-expo-contable-y-turistica-organizada-por-la-escuela-de-educacion-secundaria-no1-victor-mercante-fotos-y-videos\/\",\"url\":\"https:\/\/www.celttv.com.ar\/index.php\/2024\/09\/27\/continua-la-37o-edicion-de-la-expo-contable-y-turistica-organizada-por-la-escuela-de-educacion-secundaria-no1-victor-mercante-fotos-y-videos\/\",\"name\":\"Contin\u00faa la 37\u00ba edici\u00f3n de la Expo Contable y Tur\u00edstica organizada por la Escuela de Educaci\u00f3n Secundaria N\u00ba1 \\\"Victor Mercante\\\" (fotos y videos) - CELTTV\",\"isPartOf\":{\"@id\":\"https:\/\/www.celttv.com.ar\/#website\"},\"datePublished\":\"2024-09-27T21:34:36+00:00\",\"dateModified\":\"2024-09-27T21:34:36+00:00\",\"description\":\"Sitio web de noticias de la localidad de Tornquist, provincia de Buenos Aires, Rep\u00fablica Argentina. Contenido propio originado por periodistas de CELTTV, el canal de TV local de la Cooperativa El\u00e9ctrica de Tornquist. Turismo, Pol\u00edtica, Sociedad, Deporte, Cultura y todo el contenido de inter\u00e9s general que la gente del pueblo y la regi\u00f3n debe conocer.\",\"breadcrumb\":{\"@id\":\"https:\/\/www.celttv.com.ar\/index.php\/2024\/09\/27\/continua-la-37o-edicion-de-la-expo-contable-y-turistica-organizada-por-la-escuela-de-educacion-secundaria-no1-victor-mercante-fotos-y-videos\/#breadcrumb\"},\"inLanguage\":\"es\",\"potentialAction\":[{\"@type\":\"ReadAction\",\"target\":[\"https:\/\/www.celttv.com.ar\/index.php\/2024\/09\/27\/continua-la-37o-edicion-de-la-expo-contable-y-turistica-organizada-por-la-escuela-de-educacion-secundaria-no1-victor-mercante-fotos-y-videos\/\"]}]},{\"@type\":\"BreadcrumbList\",\"@id\":\"https:\/\/www.celttv.com.ar\/index.php\/2024\/09\/27\/continua-la-37o-edicion-de-la-expo-contable-y-turistica-organizada-por-la-escuela-de-educacion-secundaria-no1-victor-mercante-fotos-y-videos\/#breadcrumb\",\"itemListElement\":[{\"@type\":\"ListItem\",\"position\":1,\"name\":\"Inicio\",\"item\":\"https:\/\/www.celttv.com.ar\/\"},{\"@type\":\"ListItem\",\"position\":2,\"name\":\"Contin\u00faa la 37\u00ba edici\u00f3n de la Expo Contable y Tur\u00edstica organizada por la Escuela de Educaci\u00f3n Secundaria N\u00ba1 &#8220;Victor Mercante&#8221; (fotos y videos)\"}]},{\"@type\":\"WebSite\",\"@id\":\"https:\/\/www.celttv.com.ar\/#website\",\"url\":\"https:\/\/www.celttv.com.ar\/\",\"name\":\"CELTTV\",\"description\":\"Cooperativa El\u00e9ctrica de Tornquist\",\"publisher\":{\"@id\":\"https:\/\/www.celttv.com.ar\/#organization\"},\"potentialAction\":[{\"@type\":\"SearchAction\",\"target\":{\"@type\":\"EntryPoint\",\"urlTemplate\":\"https:\/\/www.celttv.com.ar\/?s={search_term_string}\"},\"query-input\":\"required name=search_term_string\"}],\"inLanguage\":\"es\"},{\"@type\":\"Organization\",\"@id\":\"https:\/\/www.celttv.com.ar\/#organization\",\"name\":\"CELTTV\",\"url\":\"https:\/\/www.celttv.com.ar\/\",\"sameAs\":[\"https:\/\/www.youtube.com\/channel\/UCz_oIt8Hig64Ub-EmcNPIhg\",\"https:\/\/www.facebook.com\/celtTV\/\"],\"logo\":{\"@type\":\"ImageObject\",\"inLanguage\":\"es\",\"@id\":\"https:\/\/www.celttv.com.ar\/#\/schema\/logo\/image\/\",\"url\":\"http:\/\/www.celttv.com.ar\/wp-content\/uploads\/2022\/08\/logo-1.png\",\"contentUrl\":\"http:\/\/www.celttv.com.ar\/wp-content\/uploads\/2022\/08\/logo-1.png\",\"width\":461,\"height\":159,\"caption\":\"CELTTV\"},\"image\":{\"@id\":\"https:\/\/www.celttv.com.ar\/#\/schema\/logo\/image\/\"}},{\"@type\":\"Person\",\"@id\":\"https:\/\/www.celttv.com.ar\/#\/schema\/person\/9059dc91dc7204ef4182cdb65225f07d\",\"name\":\"Miguel Herrada\",\"image\":{\"@type\":\"ImageObject\",\"inLanguage\":\"es\",\"@id\":\"https:\/\/www.celttv.com.ar\/#\/schema\/person\/image\/\",\"url\":\"https:\/\/secure.gravatar.com\/avatar\/67724d5b3c716623ffd76bec7e45841a442ac3b456e914dbba90b0fad2b8e0b1?s=96&d=mm&r=g\",\"contentUrl\":\"https:\/\/secure.gravatar.com\/avatar\/67724d5b3c716623ffd76bec7e45841a442ac3b456e914dbba90b0fad2b8e0b1?s=96&d=mm&r=g\",\"caption\":\"Miguel Herrada\"}}]}<\/script>\n<!-- \/ Yoast SEO plugin. -->","yoast_head_json":{"title":"Contin\u00faa la 37\u00ba edici\u00f3n de la Expo Contable y Tur\u00edstica organizada por la Escuela de Educaci\u00f3n Secundaria N\u00ba1 \"Victor Mercante\" (fotos y videos) - CELTTV","description":"Sitio web de noticias de la localidad de Tornquist, provincia de Buenos Aires, Rep\u00fablica Argentina. Contenido propio originado por periodistas de CELTTV, el canal de TV local de la Cooperativa El\u00e9ctrica de Tornquist. Turismo, Pol\u00edtica, Sociedad, Deporte, Cultura y todo el contenido de inter\u00e9s general que la gente del pueblo y la regi\u00f3n debe conocer.","robots":{"index":"index","follow":"follow","max-snippet":"max-snippet:-1","max-image-preview":"max-image-preview:large","max-video-preview":"max-video-preview:-1"},"canonical":"https:\/\/www.celttv.com.ar\/index.php\/2024\/09\/27\/continua-la-37o-edicion-de-la-expo-contable-y-turistica-organizada-por-la-escuela-de-educacion-secundaria-no1-victor-mercante-fotos-y-videos\/","og_locale":"es_ES","og_type":"article","og_title":"Contin\u00faa la 37\u00ba edici\u00f3n de la Expo Contable y Tur\u00edstica organizada por la Escuela de Educaci\u00f3n Secundaria N\u00ba1 \"Victor Mercante\" (fotos y videos) - CELTTV","og_description":"Sitio web de noticias de la localidad de Tornquist, provincia de Buenos Aires, Rep\u00fablica Argentina. Contenido propio originado por periodistas de CELTTV, el canal de TV local de la Cooperativa El\u00e9ctrica de Tornquist. Turismo, Pol\u00edtica, Sociedad, Deporte, Cultura y todo el contenido de inter\u00e9s general que la gente del pueblo y la regi\u00f3n debe conocer.","og_url":"https:\/\/www.celttv.com.ar\/index.php\/2024\/09\/27\/continua-la-37o-edicion-de-la-expo-contable-y-turistica-organizada-por-la-escuela-de-educacion-secundaria-no1-victor-mercante-fotos-y-videos\/","og_site_name":"CELTTV","article_publisher":"https:\/\/www.facebook.com\/celtTV\/","article_published_time":"2024-09-27T21:34:36+00:00","og_image":[{"width":907,"height":482,"url":"https:\/\/www.celttv.com.ar\/wp-content\/uploads\/2024\/09\/IMG_9799-Medium-e1727472364481.jpg","type":"image\/jpeg"}],"author":"Miguel Herrada","twitter_card":"summary_large_image","twitter_misc":{"Escrito por":"Miguel Herrada","Tiempo de lectura":"1 minuto"},"schema":{"@context":"https:\/\/schema.org","@graph":[{"@type":"NewsArticle","@id":"https:\/\/www.celttv.com.ar\/index.php\/2024\/09\/27\/continua-la-37o-edicion-de-la-expo-contable-y-turistica-organizada-por-la-escuela-de-educacion-secundaria-no1-victor-mercante-fotos-y-videos\/#article","isPartOf":{"@id":"https:\/\/www.celttv.com.ar\/index.php\/2024\/09\/27\/continua-la-37o-edicion-de-la-expo-contable-y-turistica-organizada-por-la-escuela-de-educacion-secundaria-no1-victor-mercante-fotos-y-videos\/"},"author":{"name":"Miguel Herrada","@id":"https:\/\/www.celttv.com.ar\/#\/schema\/person\/9059dc91dc7204ef4182cdb65225f07d"},"headline":"Contin\u00faa la 37\u00ba edici\u00f3n de la Expo Contable y Tur\u00edstica organizada por la Escuela de Educaci\u00f3n Secundaria N\u00ba1 &#8220;Victor Mercante&#8221; (fotos y videos)","datePublished":"2024-09-27T21:34:36+00:00","dateModified":"2024-09-27T21:34:36+00:00","mainEntityOfPage":{"@id":"https:\/\/www.celttv.com.ar\/index.php\/2024\/09\/27\/continua-la-37o-edicion-de-la-expo-contable-y-turistica-organizada-por-la-escuela-de-educacion-secundaria-no1-victor-mercante-fotos-y-videos\/"},"wordCount":174,"publisher":{"@id":"https:\/\/www.celttv.com.ar\/#organization"},"articleSection":["Comunidad","Destacadas"],"inLanguage":"es"},{"@type":"WebPage","@id":"https:\/\/www.celttv.com.ar\/index.php\/2024\/09\/27\/continua-la-37o-edicion-de-la-expo-contable-y-turistica-organizada-por-la-escuela-de-educacion-secundaria-no1-victor-mercante-fotos-y-videos\/","url":"https:\/\/www.celttv.com.ar\/index.php\/2024\/09\/27\/continua-la-37o-edicion-de-la-expo-contable-y-turistica-organizada-por-la-escuela-de-educacion-secundaria-no1-victor-mercante-fotos-y-videos\/","name":"Contin\u00faa la 37\u00ba edici\u00f3n de la Expo Contable y Tur\u00edstica organizada por la Escuela de Educaci\u00f3n Secundaria N\u00ba1 \"Victor Mercante\" (fotos y videos) - CELTTV","isPartOf":{"@id":"https:\/\/www.celttv.com.ar\/#website"},"datePublished":"2024-09-27T21:34:36+00:00","dateModified":"2024-09-27T21:34:36+00:00","description":"Sitio web de noticias de la localidad de Tornquist, provincia de Buenos Aires, Rep\u00fablica Argentina. Contenido propio originado por periodistas de CELTTV, el canal de TV local de la Cooperativa El\u00e9ctrica de Tornquist. Turismo, Pol\u00edtica, Sociedad, Deporte, Cultura y todo el contenido de inter\u00e9s general que la gente del pueblo y la regi\u00f3n debe conocer.","breadcrumb":{"@id":"https:\/\/www.celttv.com.ar\/index.php\/2024\/09\/27\/continua-la-37o-edicion-de-la-expo-contable-y-turistica-organizada-por-la-escuela-de-educacion-secundaria-no1-victor-mercante-fotos-y-videos\/#breadcrumb"},"inLanguage":"es","potentialAction":[{"@type":"ReadAction","target":["https:\/\/www.celttv.com.ar\/index.php\/2024\/09\/27\/continua-la-37o-edicion-de-la-expo-contable-y-turistica-organizada-por-la-escuela-de-educacion-secundaria-no1-victor-mercante-fotos-y-videos\/"]}]},{"@type":"BreadcrumbList","@id":"https:\/\/www.celttv.com.ar\/index.php\/2024\/09\/27\/continua-la-37o-edicion-de-la-expo-contable-y-turistica-organizada-por-la-escuela-de-educacion-secundaria-no1-victor-mercante-fotos-y-videos\/#breadcrumb","itemListElement":[{"@type":"ListItem","position":1,"name":"Inicio","item":"https:\/\/www.celttv.com.ar\/"},{"@type":"ListItem","position":2,"name":"Contin\u00faa la 37\u00ba edici\u00f3n de la Expo Contable y Tur\u00edstica organizada por la Escuela de Educaci\u00f3n Secundaria N\u00ba1 &#8220;Victor Mercante&#8221; (fotos y videos)"}]},{"@type":"WebSite","@id":"https:\/\/www.celttv.com.ar\/#website","url":"https:\/\/www.celttv.com.ar\/","name":"CELTTV","description":"Cooperativa El\u00e9ctrica de Tornquist","publisher":{"@id":"https:\/\/www.celttv.com.ar\/#organization"},"potentialAction":[{"@type":"SearchAction","target":{"@type":"EntryPoint","urlTemplate":"https:\/\/www.celttv.com.ar\/?s={search_term_string}"},"query-input":"required name=search_term_string"}],"inLanguage":"es"},{"@type":"Organization","@id":"https:\/\/www.celttv.com.ar\/#organization","name":"CELTTV","url":"https:\/\/www.celttv.com.ar\/","sameAs":["https:\/\/www.youtube.com\/channel\/UCz_oIt8Hig64Ub-EmcNPIhg","https:\/\/www.facebook.com\/celtTV\/"],"logo":{"@type":"ImageObject","inLanguage":"es","@id":"https:\/\/www.celttv.com.ar\/#\/schema\/logo\/image\/","url":"http:\/\/www.celttv.com.ar\/wp-content\/uploads\/2022\/08\/logo-1.png","contentUrl":"http:\/\/www.celttv.com.ar\/wp-content\/uploads\/2022\/08\/logo-1.png","width":461,"height":159,"caption":"CELTTV"},"image":{"@id":"https:\/\/www.celttv.com.ar\/#\/schema\/logo\/image\/"}},{"@type":"Person","@id":"https:\/\/www.celttv.com.ar\/#\/schema\/person\/9059dc91dc7204ef4182cdb65225f07d","name":"Miguel Herrada","image":{"@type":"ImageObject","inLanguage":"es","@id":"https:\/\/www.celttv.com.ar\/#\/schema\/person\/image\/","url":"https:\/\/secure.gravatar.com\/avatar\/67724d5b3c716623ffd76bec7e45841a442ac3b456e914dbba90b0fad2b8e0b1?s=96&d=mm&r=g","contentUrl":"https:\/\/secure.gravatar.com\/avatar\/67724d5b3c716623ffd76bec7e45841a442ac3b456e914dbba90b0fad2b8e0b1?s=96&d=mm&r=g","caption":"Miguel Herrada"}}]}},"_links":{"self":[{"href":"https:\/\/www.celttv.com.ar\/index.php\/wp-json\/wp\/v2\/posts\/86220","targetHints":{"allow":["GET"]}}],"collection":[{"href":"https:\/\/www.celttv.com.ar\/index.php\/wp-json\/wp\/v2\/posts"}],"about":[{"href":"https:\/\/www.celttv.com.ar\/index.php\/wp-json\/wp\/v2\/types\/post"}],"author":[{"embeddable":true,"href":"https:\/\/www.celttv.com.ar\/index.php\/wp-json\/wp\/v2\/users\/5"}],"replies":[{"embeddable":true,"href":"https:\/\/www.celttv.com.ar\/index.php\/wp-json\/wp\/v2\/comments?post=86220"}],"version-history":[{"count":1,"href":"https:\/\/www.celttv.com.ar\/index.php\/wp-json\/wp\/v2\/posts\/86220\/revisions"}],"predecessor-version":[{"id":86253,"href":"https:\/\/www.celttv.com.ar\/index.php\/wp-json\/wp\/v2\/posts\/86220\/revisions\/86253"}],"wp:featuredmedia":[{"embeddable":true,"href":"https:\/\/www.celttv.com.ar\/index.php\/wp-json\/wp\/v2\/media\/86221"}],"wp:attachment":[{"href":"https:\/\/www.celttv.com.ar\/index.php\/wp-json\/wp\/v2\/media?parent=86220"}],"wp:term":[{"taxonomy":"category","embeddable":true,"href":"https:\/\/www.celttv.com.ar\/index.php\/wp-json\/wp\/v2\/categories?post=86220"},{"taxonomy":"post_tag","embeddable":true,"href":"https:\/\/www.celttv.com.ar\/index.php\/wp-json\/wp\/v2\/tags?post=86220"}],"curies":[{"name":"wp","href":"https:\/\/api.w.org\/{rel}","templated":true}]}}