{"id":8627,"date":"2012-10-22T20:58:22","date_gmt":"2012-10-22T20:58:22","guid":{"rendered":"http:\/\/www.tvcnoticias.com.ar\/?p=8627"},"modified":"2012-10-22T20:58:22","modified_gmt":"2012-10-22T20:58:22","slug":"villa-la-arcadia-un-vecino-de-tornquist-fue-victima-de-un-robo-y-acusado-de-lesiones","status":"publish","type":"post","link":"https:\/\/www.celttv.com.ar\/index.php\/2012\/10\/22\/villa-la-arcadia-un-vecino-de-tornquist-fue-victima-de-un-robo-y-acusado-de-lesiones\/","title":{"rendered":"VILLA LA ARCADIA: UN VECINO DE TORNQUIST FUE VICTIMA DE UN ROBO Y ACUSADO DE LESIONES"},"content":{"rendered":"<p><a>httpv:\/\/www.youtube.com\/watch?v=aXA89ybEz6M<\/a><br \/>\nFacundo Martinez, vecino de esta ciudad, relata lo ocurrido el pasado s\u00e1bado en Villa La Arcadia a pocos metros de Sierra de la Ventana.<br \/>\n&#8220;Fuimos el s\u00e1bado a salir con dos amigos y en el momento que salgo del boliche, voy hasta mi veh\u00edculo, una Toyota Heilux, y veo que me hab\u00edan roto la luneta trasera y me hab\u00edan robado un perfume y las dos camperas de mis amigos y me hab\u00edan revuelto todo; me hab\u00edan querido sacar el est\u00e9reo y me sacaron la cubierta de auxilio y en ese momento pas\u00f3 un patrullero, lo par\u00e9 y les coment\u00e9 lo que me hab\u00eda pasado y en el momento en que hablo con el oficial, se para una persona en la mitad de la calle y comienza a insultarme y que si yo quer\u00eda vaya a pelear con \u00e9l&#8221; relata Martinez.<br \/>\n&#8221; El oficial me suger\u00eda no hacer la denuncia porque no hab\u00eda necesidad de hacerla; yo igualmente fui a hacer la denuncia a la comisar\u00eda de Sierra de la Ventana y cuando me venia hacia Tornquist me cruc\u00e9 nuevamente con la persona que me hab\u00eda agredido verbalmente en el boliche, que me hace un par de se\u00f1as, me insulta nuevamente y me baj\u00e9 del veh\u00edculo y me pele\u00e9, le pegu\u00e9 con una silla y pas\u00f3 lo que pas\u00f3; termin\u00e9 en la comisar\u00eda y estuve en el calabozo desde las 7:00 de la ma\u00f1ana hasta las 12:00 del mediod\u00eda&#8221; explic\u00f3 Martinez quien concurri\u00f3 a los medios para relatar lo ocurrido.<br \/>\n&#8220;Yo no puedo asegurar que esta persona me rob\u00f3 pero algo tiene que saber, quiz\u00e1 por su estado de ebriedad o que ten\u00eda ganas de pelear, pero me gritaba que me hab\u00edan robado y me hab\u00edan roto el vidrio y que si yo quer\u00eda pelear que vaya a pelear con el&#8221;<br \/>\n&#8220;Cuando fui a hacer la denuncia supuse que a esta persona lo iban a traer a la comisar\u00eda para ver si sabia algo, pero por lo visto no lo llamaron&#8221; se\u00f1al\u00f3.<br \/>\nMartinez coment\u00f3 que el caso qued\u00f3 caratulado como lesiones leves &#8220;en ese momento de &#8220;calentura&#8221; uno no piensa en las cosas que hace y uno mas fr\u00edo ahora piensa que no tenia que haber reaccionado as\u00ed , pero en ese momento uno no responde&#8221; dijo Martinez.<br \/>\nAl momento de realizarse esta nota Martinez dijo no tener novedad sobre los objetos que fueron robados de su veh\u00edculo.<br \/>\nEL INFORME POLICIAL<br \/>\nLa Subestaci\u00f3n de Polic\u00eda Comunal Sierra de la Ventana informa: que con esta fecha siendo las\u00a0 06:40 horas,\u00a0 personal policial de esta dependencia\u00a0 juntamente con el\u00a0 encargado del Gabinete Preventivo procedieron\u00a0 a la aprehensi\u00f3n de MARTINEZ FACUNDO, de nacionalidad argentino, de 24 a\u00f1os de edad, estado civil soltero, instruido, de profesi\u00f3n estudiante,\u00a0 domiciliado en calle Intendente Rupel\u00a0 N\u00ba 890 de la localidad de Tornquist,\u00a0 \u00a0poseedor del Documento Nacional de Identidad n\u00ba\u00a0 33.867.407,\u00a0 quien momentos antes detiene el veh\u00edculo cual guiaba marca TOYOTA, modelo HILUX\u00a0 4&#215;2 CABINA SIMPLE\u00a0 STD 3.0, Tipo PICK \u2013UP, dominio EMT-043, sito en avenida Libertador General San Martin n\u00ba 250\u00a0 de esta localidad y sin mediar palabra desciende golpeando a un transe\u00fante aplic\u00e1ndole golpes en la cabeza y en el resto de su cuerpo con una silla de madera tipo pagable que pertenec\u00eda a un local comercial, elemento en cuesti\u00f3n que se encontraba en la<br \/>\n\u00a0vereda.\u00a0 Que ra\u00edz del r\u00e1pido accionar policial se traslado a la v\u00edctima al mediar razones de urgencia hacia la Unidad Sanitaria Local, siendo identificado posteriormente como\u00a0 DANIEL ALEJANDRO BARRIOS,\u00a0 de nacionalidad argentina, de 21 a\u00f1os de edad, instruido, de profesi\u00f3n alba\u00f1il, domiciliado en calle Jos\u00e9 Hern\u00e1ndez s\/nro.\u00a0 entre calle Carriego y Alfonsina Storni del barrio La Cumbre de la localidad de Sierra de la Ventana, poseedor del Documento Nacional de Identidad Nro. 36.607.839, presentando Traumatismo Enc\u00e9falo Craneano y lesiones en su cuerpo (permaneciendo transitoriamente internado en observaci\u00f3n) encontr\u00e1ndose la victima\u00a0 fuera de peligro atendido por el Dr. DOS SANTOS MAURICIO (Medico de Guardia de este nosocomio).\u00a0 Por tal motivo el agresor fue\u00a0 aprehendido imputado del delito penal de\u00a0 \u201cLESIONES\u201d.\u00a0 permaneciendo\u00a0 alojado\u00a0 en esta dependencia policial donde se cumplimentan los recaudos legales.<\/p>\n","protected":false},"excerpt":{"rendered":"<p>httpv:\/\/www.youtube.com\/watch?v=aXA89ybEz6M Facundo Martinez, vecino de esta ciudad, relata lo ocurrido el pasado s\u00e1bado en Villa La Arcadia a pocos metros de Sierra de la Ventana. &#8220;Fuimos el s\u00e1bado a salir con dos amigos y en el momento que salgo del boliche, voy hasta mi veh\u00edculo, una Toyota Heilux, y veo que me hab\u00edan roto la [&hellip;]<\/p>\n","protected":false},"author":1,"featured_media":0,"comment_status":"closed","ping_status":"open","sticky":false,"template":"","format":"standard","meta":{"footnotes":""},"categories":[51],"tags":[],"class_list":["post-8627","post","type-post","status-publish","format-standard","hentry","category-comunidad"],"yoast_head":"<!-- This site is optimized with the Yoast SEO plugin v19.7.1 - https:\/\/yoast.com\/wordpress\/plugins\/seo\/ -->\n<title>VILLA LA ARCADIA: UN VECINO DE TORNQUIST FUE VICTIMA DE UN ROBO Y ACUSADO DE LESIONES - CELTTV<\/title>\n<meta name=\"description\" content=\"Sitio web de noticias de la localidad de Tornquist, provincia de Buenos Aires, Rep\u00fablica Argentina. Contenido propio originado por periodistas de CELTTV, el canal de TV local de la Cooperativa El\u00e9ctrica de Tornquist. Turismo, Pol\u00edtica, Sociedad, Deporte, Cultura y todo el contenido de inter\u00e9s general que la gente del pueblo y la regi\u00f3n debe conocer.\" \/>\n<meta name=\"robots\" content=\"index, follow, max-snippet:-1, max-image-preview:large, max-video-preview:-1\" \/>\n<link rel=\"canonical\" href=\"https:\/\/www.celttv.com.ar\/index.php\/2012\/10\/22\/villa-la-arcadia-un-vecino-de-tornquist-fue-victima-de-un-robo-y-acusado-de-lesiones\/\" \/>\n<meta property=\"og:locale\" content=\"es_ES\" \/>\n<meta property=\"og:type\" content=\"article\" \/>\n<meta property=\"og:title\" content=\"VILLA LA ARCADIA: UN VECINO DE TORNQUIST FUE VICTIMA DE UN ROBO Y ACUSADO DE LESIONES - CELTTV\" \/>\n<meta property=\"og:description\" content=\"Sitio web de noticias de la localidad de Tornquist, provincia de Buenos Aires, Rep\u00fablica Argentina. Contenido propio originado por periodistas de CELTTV, el canal de TV local de la Cooperativa El\u00e9ctrica de Tornquist. Turismo, Pol\u00edtica, Sociedad, Deporte, Cultura y todo el contenido de inter\u00e9s general que la gente del pueblo y la regi\u00f3n debe conocer.\" \/>\n<meta property=\"og:url\" content=\"https:\/\/www.celttv.com.ar\/index.php\/2012\/10\/22\/villa-la-arcadia-un-vecino-de-tornquist-fue-victima-de-un-robo-y-acusado-de-lesiones\/\" \/>\n<meta property=\"og:site_name\" content=\"CELTTV\" \/>\n<meta property=\"article:publisher\" content=\"https:\/\/www.facebook.com\/celtTV\/\" \/>\n<meta property=\"article:published_time\" content=\"2012-10-22T20:58:22+00:00\" \/>\n<meta name=\"author\" content=\"ulises\" \/>\n<meta name=\"twitter:card\" content=\"summary_large_image\" \/>\n<meta name=\"twitter:label1\" content=\"Escrito por\" \/>\n\t<meta name=\"twitter:data1\" content=\"ulises\" \/>\n\t<meta name=\"twitter:label2\" content=\"Tiempo de lectura\" \/>\n\t<meta name=\"twitter:data2\" content=\"4 minutos\" \/>\n<script type=\"application\/ld+json\" class=\"yoast-schema-graph\">{\"@context\":\"https:\/\/schema.org\",\"@graph\":[{\"@type\":\"NewsArticle\",\"@id\":\"https:\/\/www.celttv.com.ar\/index.php\/2012\/10\/22\/villa-la-arcadia-un-vecino-de-tornquist-fue-victima-de-un-robo-y-acusado-de-lesiones\/#article\",\"isPartOf\":{\"@id\":\"https:\/\/www.celttv.com.ar\/index.php\/2012\/10\/22\/villa-la-arcadia-un-vecino-de-tornquist-fue-victima-de-un-robo-y-acusado-de-lesiones\/\"},\"author\":{\"name\":\"ulises\",\"@id\":\"https:\/\/www.celttv.com.ar\/#\/schema\/person\/6d99c072dba59953809c81446e9d0ace\"},\"headline\":\"VILLA LA ARCADIA: UN VECINO DE TORNQUIST FUE VICTIMA DE UN ROBO Y ACUSADO DE LESIONES\",\"datePublished\":\"2012-10-22T20:58:22+00:00\",\"dateModified\":\"2012-10-22T20:58:22+00:00\",\"mainEntityOfPage\":{\"@id\":\"https:\/\/www.celttv.com.ar\/index.php\/2012\/10\/22\/villa-la-arcadia-un-vecino-de-tornquist-fue-victima-de-un-robo-y-acusado-de-lesiones\/\"},\"wordCount\":740,\"publisher\":{\"@id\":\"https:\/\/www.celttv.com.ar\/#organization\"},\"articleSection\":[\"Comunidad\"],\"inLanguage\":\"es\"},{\"@type\":\"WebPage\",\"@id\":\"https:\/\/www.celttv.com.ar\/index.php\/2012\/10\/22\/villa-la-arcadia-un-vecino-de-tornquist-fue-victima-de-un-robo-y-acusado-de-lesiones\/\",\"url\":\"https:\/\/www.celttv.com.ar\/index.php\/2012\/10\/22\/villa-la-arcadia-un-vecino-de-tornquist-fue-victima-de-un-robo-y-acusado-de-lesiones\/\",\"name\":\"VILLA LA ARCADIA: UN VECINO DE TORNQUIST FUE VICTIMA DE UN ROBO Y ACUSADO DE LESIONES - CELTTV\",\"isPartOf\":{\"@id\":\"https:\/\/www.celttv.com.ar\/#website\"},\"datePublished\":\"2012-10-22T20:58:22+00:00\",\"dateModified\":\"2012-10-22T20:58:22+00:00\",\"description\":\"Sitio web de noticias de la localidad de Tornquist, provincia de Buenos Aires, Rep\u00fablica Argentina. Contenido propio originado por periodistas de CELTTV, el canal de TV local de la Cooperativa El\u00e9ctrica de Tornquist. Turismo, Pol\u00edtica, Sociedad, Deporte, Cultura y todo el contenido de inter\u00e9s general que la gente del pueblo y la regi\u00f3n debe conocer.\",\"breadcrumb\":{\"@id\":\"https:\/\/www.celttv.com.ar\/index.php\/2012\/10\/22\/villa-la-arcadia-un-vecino-de-tornquist-fue-victima-de-un-robo-y-acusado-de-lesiones\/#breadcrumb\"},\"inLanguage\":\"es\",\"potentialAction\":[{\"@type\":\"ReadAction\",\"target\":[\"https:\/\/www.celttv.com.ar\/index.php\/2012\/10\/22\/villa-la-arcadia-un-vecino-de-tornquist-fue-victima-de-un-robo-y-acusado-de-lesiones\/\"]}]},{\"@type\":\"BreadcrumbList\",\"@id\":\"https:\/\/www.celttv.com.ar\/index.php\/2012\/10\/22\/villa-la-arcadia-un-vecino-de-tornquist-fue-victima-de-un-robo-y-acusado-de-lesiones\/#breadcrumb\",\"itemListElement\":[{\"@type\":\"ListItem\",\"position\":1,\"name\":\"Inicio\",\"item\":\"https:\/\/www.celttv.com.ar\/\"},{\"@type\":\"ListItem\",\"position\":2,\"name\":\"VILLA LA ARCADIA: UN VECINO DE TORNQUIST FUE VICTIMA DE UN ROBO Y ACUSADO DE LESIONES\"}]},{\"@type\":\"WebSite\",\"@id\":\"https:\/\/www.celttv.com.ar\/#website\",\"url\":\"https:\/\/www.celttv.com.ar\/\",\"name\":\"CELTTV\",\"description\":\"Cooperativa El\u00e9ctrica de Tornquist\",\"publisher\":{\"@id\":\"https:\/\/www.celttv.com.ar\/#organization\"},\"potentialAction\":[{\"@type\":\"SearchAction\",\"target\":{\"@type\":\"EntryPoint\",\"urlTemplate\":\"https:\/\/www.celttv.com.ar\/?s={search_term_string}\"},\"query-input\":\"required name=search_term_string\"}],\"inLanguage\":\"es\"},{\"@type\":\"Organization\",\"@id\":\"https:\/\/www.celttv.com.ar\/#organization\",\"name\":\"CELTTV\",\"url\":\"https:\/\/www.celttv.com.ar\/\",\"sameAs\":[\"https:\/\/www.youtube.com\/channel\/UCz_oIt8Hig64Ub-EmcNPIhg\",\"https:\/\/www.facebook.com\/celtTV\/\"],\"logo\":{\"@type\":\"ImageObject\",\"inLanguage\":\"es\",\"@id\":\"https:\/\/www.celttv.com.ar\/#\/schema\/logo\/image\/\",\"url\":\"http:\/\/www.celttv.com.ar\/wp-content\/uploads\/2022\/08\/logo-1.png\",\"contentUrl\":\"http:\/\/www.celttv.com.ar\/wp-content\/uploads\/2022\/08\/logo-1.png\",\"width\":461,\"height\":159,\"caption\":\"CELTTV\"},\"image\":{\"@id\":\"https:\/\/www.celttv.com.ar\/#\/schema\/logo\/image\/\"}},{\"@type\":\"Person\",\"@id\":\"https:\/\/www.celttv.com.ar\/#\/schema\/person\/6d99c072dba59953809c81446e9d0ace\",\"name\":\"ulises\",\"image\":{\"@type\":\"ImageObject\",\"inLanguage\":\"es\",\"@id\":\"https:\/\/www.celttv.com.ar\/#\/schema\/person\/image\/\",\"url\":\"https:\/\/secure.gravatar.com\/avatar\/7f2c48bdc33b30088f941fb6082e555f2874c98e20cb159d7b92b50eadfce793?s=96&d=mm&r=g\",\"contentUrl\":\"https:\/\/secure.gravatar.com\/avatar\/7f2c48bdc33b30088f941fb6082e555f2874c98e20cb159d7b92b50eadfce793?s=96&d=mm&r=g\",\"caption\":\"ulises\"},\"sameAs\":[\"http:\/\/www.celttv.com.ar\"]}]}<\/script>\n<!-- \/ Yoast SEO plugin. -->","yoast_head_json":{"title":"VILLA LA ARCADIA: UN VECINO DE TORNQUIST FUE VICTIMA DE UN ROBO Y ACUSADO DE LESIONES - CELTTV","description":"Sitio web de noticias de la localidad de Tornquist, provincia de Buenos Aires, Rep\u00fablica Argentina. Contenido propio originado por periodistas de CELTTV, el canal de TV local de la Cooperativa El\u00e9ctrica de Tornquist. Turismo, Pol\u00edtica, Sociedad, Deporte, Cultura y todo el contenido de inter\u00e9s general que la gente del pueblo y la regi\u00f3n debe conocer.","robots":{"index":"index","follow":"follow","max-snippet":"max-snippet:-1","max-image-preview":"max-image-preview:large","max-video-preview":"max-video-preview:-1"},"canonical":"https:\/\/www.celttv.com.ar\/index.php\/2012\/10\/22\/villa-la-arcadia-un-vecino-de-tornquist-fue-victima-de-un-robo-y-acusado-de-lesiones\/","og_locale":"es_ES","og_type":"article","og_title":"VILLA LA ARCADIA: UN VECINO DE TORNQUIST FUE VICTIMA DE UN ROBO Y ACUSADO DE LESIONES - CELTTV","og_description":"Sitio web de noticias de la localidad de Tornquist, provincia de Buenos Aires, Rep\u00fablica Argentina. Contenido propio originado por periodistas de CELTTV, el canal de TV local de la Cooperativa El\u00e9ctrica de Tornquist. Turismo, Pol\u00edtica, Sociedad, Deporte, Cultura y todo el contenido de inter\u00e9s general que la gente del pueblo y la regi\u00f3n debe conocer.","og_url":"https:\/\/www.celttv.com.ar\/index.php\/2012\/10\/22\/villa-la-arcadia-un-vecino-de-tornquist-fue-victima-de-un-robo-y-acusado-de-lesiones\/","og_site_name":"CELTTV","article_publisher":"https:\/\/www.facebook.com\/celtTV\/","article_published_time":"2012-10-22T20:58:22+00:00","author":"ulises","twitter_card":"summary_large_image","twitter_misc":{"Escrito por":"ulises","Tiempo de lectura":"4 minutos"},"schema":{"@context":"https:\/\/schema.org","@graph":[{"@type":"NewsArticle","@id":"https:\/\/www.celttv.com.ar\/index.php\/2012\/10\/22\/villa-la-arcadia-un-vecino-de-tornquist-fue-victima-de-un-robo-y-acusado-de-lesiones\/#article","isPartOf":{"@id":"https:\/\/www.celttv.com.ar\/index.php\/2012\/10\/22\/villa-la-arcadia-un-vecino-de-tornquist-fue-victima-de-un-robo-y-acusado-de-lesiones\/"},"author":{"name":"ulises","@id":"https:\/\/www.celttv.com.ar\/#\/schema\/person\/6d99c072dba59953809c81446e9d0ace"},"headline":"VILLA LA ARCADIA: UN VECINO DE TORNQUIST FUE VICTIMA DE UN ROBO Y ACUSADO DE LESIONES","datePublished":"2012-10-22T20:58:22+00:00","dateModified":"2012-10-22T20:58:22+00:00","mainEntityOfPage":{"@id":"https:\/\/www.celttv.com.ar\/index.php\/2012\/10\/22\/villa-la-arcadia-un-vecino-de-tornquist-fue-victima-de-un-robo-y-acusado-de-lesiones\/"},"wordCount":740,"publisher":{"@id":"https:\/\/www.celttv.com.ar\/#organization"},"articleSection":["Comunidad"],"inLanguage":"es"},{"@type":"WebPage","@id":"https:\/\/www.celttv.com.ar\/index.php\/2012\/10\/22\/villa-la-arcadia-un-vecino-de-tornquist-fue-victima-de-un-robo-y-acusado-de-lesiones\/","url":"https:\/\/www.celttv.com.ar\/index.php\/2012\/10\/22\/villa-la-arcadia-un-vecino-de-tornquist-fue-victima-de-un-robo-y-acusado-de-lesiones\/","name":"VILLA LA ARCADIA: UN VECINO DE TORNQUIST FUE VICTIMA DE UN ROBO Y ACUSADO DE LESIONES - CELTTV","isPartOf":{"@id":"https:\/\/www.celttv.com.ar\/#website"},"datePublished":"2012-10-22T20:58:22+00:00","dateModified":"2012-10-22T20:58:22+00:00","description":"Sitio web de noticias de la localidad de Tornquist, provincia de Buenos Aires, Rep\u00fablica Argentina. Contenido propio originado por periodistas de CELTTV, el canal de TV local de la Cooperativa El\u00e9ctrica de Tornquist. Turismo, Pol\u00edtica, Sociedad, Deporte, Cultura y todo el contenido de inter\u00e9s general que la gente del pueblo y la regi\u00f3n debe conocer.","breadcrumb":{"@id":"https:\/\/www.celttv.com.ar\/index.php\/2012\/10\/22\/villa-la-arcadia-un-vecino-de-tornquist-fue-victima-de-un-robo-y-acusado-de-lesiones\/#breadcrumb"},"inLanguage":"es","potentialAction":[{"@type":"ReadAction","target":["https:\/\/www.celttv.com.ar\/index.php\/2012\/10\/22\/villa-la-arcadia-un-vecino-de-tornquist-fue-victima-de-un-robo-y-acusado-de-lesiones\/"]}]},{"@type":"BreadcrumbList","@id":"https:\/\/www.celttv.com.ar\/index.php\/2012\/10\/22\/villa-la-arcadia-un-vecino-de-tornquist-fue-victima-de-un-robo-y-acusado-de-lesiones\/#breadcrumb","itemListElement":[{"@type":"ListItem","position":1,"name":"Inicio","item":"https:\/\/www.celttv.com.ar\/"},{"@type":"ListItem","position":2,"name":"VILLA LA ARCADIA: UN VECINO DE TORNQUIST FUE VICTIMA DE UN ROBO Y ACUSADO DE LESIONES"}]},{"@type":"WebSite","@id":"https:\/\/www.celttv.com.ar\/#website","url":"https:\/\/www.celttv.com.ar\/","name":"CELTTV","description":"Cooperativa El\u00e9ctrica de Tornquist","publisher":{"@id":"https:\/\/www.celttv.com.ar\/#organization"},"potentialAction":[{"@type":"SearchAction","target":{"@type":"EntryPoint","urlTemplate":"https:\/\/www.celttv.com.ar\/?s={search_term_string}"},"query-input":"required name=search_term_string"}],"inLanguage":"es"},{"@type":"Organization","@id":"https:\/\/www.celttv.com.ar\/#organization","name":"CELTTV","url":"https:\/\/www.celttv.com.ar\/","sameAs":["https:\/\/www.youtube.com\/channel\/UCz_oIt8Hig64Ub-EmcNPIhg","https:\/\/www.facebook.com\/celtTV\/"],"logo":{"@type":"ImageObject","inLanguage":"es","@id":"https:\/\/www.celttv.com.ar\/#\/schema\/logo\/image\/","url":"http:\/\/www.celttv.com.ar\/wp-content\/uploads\/2022\/08\/logo-1.png","contentUrl":"http:\/\/www.celttv.com.ar\/wp-content\/uploads\/2022\/08\/logo-1.png","width":461,"height":159,"caption":"CELTTV"},"image":{"@id":"https:\/\/www.celttv.com.ar\/#\/schema\/logo\/image\/"}},{"@type":"Person","@id":"https:\/\/www.celttv.com.ar\/#\/schema\/person\/6d99c072dba59953809c81446e9d0ace","name":"ulises","image":{"@type":"ImageObject","inLanguage":"es","@id":"https:\/\/www.celttv.com.ar\/#\/schema\/person\/image\/","url":"https:\/\/secure.gravatar.com\/avatar\/7f2c48bdc33b30088f941fb6082e555f2874c98e20cb159d7b92b50eadfce793?s=96&d=mm&r=g","contentUrl":"https:\/\/secure.gravatar.com\/avatar\/7f2c48bdc33b30088f941fb6082e555f2874c98e20cb159d7b92b50eadfce793?s=96&d=mm&r=g","caption":"ulises"},"sameAs":["http:\/\/www.celttv.com.ar"]}]}},"_links":{"self":[{"href":"https:\/\/www.celttv.com.ar\/index.php\/wp-json\/wp\/v2\/posts\/8627","targetHints":{"allow":["GET"]}}],"collection":[{"href":"https:\/\/www.celttv.com.ar\/index.php\/wp-json\/wp\/v2\/posts"}],"about":[{"href":"https:\/\/www.celttv.com.ar\/index.php\/wp-json\/wp\/v2\/types\/post"}],"author":[{"embeddable":true,"href":"https:\/\/www.celttv.com.ar\/index.php\/wp-json\/wp\/v2\/users\/1"}],"replies":[{"embeddable":true,"href":"https:\/\/www.celttv.com.ar\/index.php\/wp-json\/wp\/v2\/comments?post=8627"}],"version-history":[{"count":0,"href":"https:\/\/www.celttv.com.ar\/index.php\/wp-json\/wp\/v2\/posts\/8627\/revisions"}],"wp:attachment":[{"href":"https:\/\/www.celttv.com.ar\/index.php\/wp-json\/wp\/v2\/media?parent=8627"}],"wp:term":[{"taxonomy":"category","embeddable":true,"href":"https:\/\/www.celttv.com.ar\/index.php\/wp-json\/wp\/v2\/categories?post=8627"},{"taxonomy":"post_tag","embeddable":true,"href":"https:\/\/www.celttv.com.ar\/index.php\/wp-json\/wp\/v2\/tags?post=8627"}],"curies":[{"name":"wp","href":"https:\/\/api.w.org\/{rel}","templated":true}]}}