{"id":86282,"date":"2024-09-29T16:48:49","date_gmt":"2024-09-29T19:48:49","guid":{"rendered":"https:\/\/www.celttv.com.ar\/?p=86282"},"modified":"2024-09-29T16:48:49","modified_gmt":"2024-09-29T19:48:49","slug":"escuela-municipal-de-atletismo-11-anos-de-logros-personales-y-colectivos-a-nivel-provincial-y-nacional-video","status":"publish","type":"post","link":"https:\/\/www.celttv.com.ar\/index.php\/2024\/09\/29\/escuela-municipal-de-atletismo-11-anos-de-logros-personales-y-colectivos-a-nivel-provincial-y-nacional-video\/","title":{"rendered":"Escuela Municipal de Atletismo: 11 a\u00f1os de logros personales y colectivos a nivel provincial y nacional (Video)"},"content":{"rendered":"<p>Un importante historial se grandes momentos vividos durante 11 a\u00f1os de trayectoria, es el que est\u00e1 disfrutando la Escuela Municipal de Atletismo de Tornquist.<\/p>\n<p>Con la participaci\u00f3n de alrededor de 300 alumnos a lo largo de dichos a\u00f1os, fueron muchos los atletas que lograron superar varios desaf\u00edos personales y, en algunos casos, lograr campeonatos regionales, provinciales y nacionales.<\/p>\n<p>El entrenador y fundador de la Escuela Municipal de Atletismo, Enrique Cabral, estuvo en el prograna MAGAZINE SPORT, donde realiz\u00f3 un balance de lo vivido y de los proyectos a futuro.<\/p>\n<p><iframe loading=\"lazy\" title=\"2024 09 25 NOTA A ENRIQUE CABRAL\" width=\"500\" height=\"281\" src=\"https:\/\/www.youtube.com\/embed\/BHftGCeS0RY?feature=oembed\" frameborder=\"0\" allow=\"accelerometer; autoplay; clipboard-write; encrypted-media; gyroscope; picture-in-picture; web-share\" referrerpolicy=\"strict-origin-when-cross-origin\" allowfullscreen><\/iframe><\/p>\n","protected":false},"excerpt":{"rendered":"<p>Un importante historial se grandes momentos vividos durante 11 a\u00f1os de trayectoria, es el que est\u00e1 disfrutando la Escuela Municipal de Atletismo de Tornquist. Con la participaci\u00f3n de alrededor de 300 alumnos a lo largo de dichos a\u00f1os, fueron muchos los atletas que lograron superar varios desaf\u00edos personales y, en algunos casos, lograr campeonatos regionales, [&hellip;]<\/p>\n","protected":false},"author":3,"featured_media":86283,"comment_status":"closed","ping_status":"closed","sticky":false,"template":"","format":"standard","meta":{"footnotes":""},"categories":[63],"tags":[],"class_list":["post-86282","post","type-post","status-publish","format-standard","has-post-thumbnail","hentry","category-magazine-sport"],"yoast_head":"<!-- This site is optimized with the Yoast SEO plugin v19.7.1 - https:\/\/yoast.com\/wordpress\/plugins\/seo\/ -->\n<title>Escuela Municipal de Atletismo: 11 a\u00f1os de logros personales y colectivos a nivel provincial y nacional (Video) - CELTTV<\/title>\n<meta name=\"description\" content=\"Sitio web de noticias de la localidad de Tornquist, provincia de Buenos Aires, Rep\u00fablica Argentina. Contenido propio originado por periodistas de CELTTV, el canal de TV local de la Cooperativa El\u00e9ctrica de Tornquist. Turismo, Pol\u00edtica, Sociedad, Deporte, Cultura y todo el contenido de inter\u00e9s general que la gente del pueblo y la regi\u00f3n debe conocer.\" \/>\n<meta name=\"robots\" content=\"index, follow, max-snippet:-1, max-image-preview:large, max-video-preview:-1\" \/>\n<link rel=\"canonical\" href=\"https:\/\/www.celttv.com.ar\/index.php\/2024\/09\/29\/escuela-municipal-de-atletismo-11-anos-de-logros-personales-y-colectivos-a-nivel-provincial-y-nacional-video\/\" \/>\n<meta property=\"og:locale\" content=\"es_ES\" \/>\n<meta property=\"og:type\" content=\"article\" \/>\n<meta property=\"og:title\" content=\"Escuela Municipal de Atletismo: 11 a\u00f1os de logros personales y colectivos a nivel provincial y nacional (Video) - CELTTV\" \/>\n<meta property=\"og:description\" content=\"Sitio web de noticias de la localidad de Tornquist, provincia de Buenos Aires, Rep\u00fablica Argentina. Contenido propio originado por periodistas de CELTTV, el canal de TV local de la Cooperativa El\u00e9ctrica de Tornquist. Turismo, Pol\u00edtica, Sociedad, Deporte, Cultura y todo el contenido de inter\u00e9s general que la gente del pueblo y la regi\u00f3n debe conocer.\" \/>\n<meta property=\"og:url\" content=\"https:\/\/www.celttv.com.ar\/index.php\/2024\/09\/29\/escuela-municipal-de-atletismo-11-anos-de-logros-personales-y-colectivos-a-nivel-provincial-y-nacional-video\/\" \/>\n<meta property=\"og:site_name\" content=\"CELTTV\" \/>\n<meta property=\"article:publisher\" content=\"https:\/\/www.facebook.com\/celtTV\/\" \/>\n<meta property=\"article:published_time\" content=\"2024-09-29T19:48:49+00:00\" \/>\n<meta property=\"og:image\" content=\"https:\/\/www.celttv.com.ar\/wp-content\/uploads\/2024\/09\/621e9651-a792-4906-b0a0-332de5b51e51.jpg\" \/>\n\t<meta property=\"og:image:width\" content=\"1600\" \/>\n\t<meta property=\"og:image:height\" content=\"919\" \/>\n\t<meta property=\"og:image:type\" content=\"image\/jpeg\" \/>\n<meta name=\"author\" content=\"Rodrigo Sgammini\" \/>\n<meta name=\"twitter:card\" content=\"summary_large_image\" \/>\n<meta name=\"twitter:label1\" content=\"Escrito por\" \/>\n\t<meta name=\"twitter:data1\" content=\"Rodrigo Sgammini\" \/>\n\t<meta name=\"twitter:label2\" content=\"Tiempo de lectura\" \/>\n\t<meta name=\"twitter:data2\" content=\"1 minuto\" \/>\n<script type=\"application\/ld+json\" class=\"yoast-schema-graph\">{\"@context\":\"https:\/\/schema.org\",\"@graph\":[{\"@type\":\"NewsArticle\",\"@id\":\"https:\/\/www.celttv.com.ar\/index.php\/2024\/09\/29\/escuela-municipal-de-atletismo-11-anos-de-logros-personales-y-colectivos-a-nivel-provincial-y-nacional-video\/#article\",\"isPartOf\":{\"@id\":\"https:\/\/www.celttv.com.ar\/index.php\/2024\/09\/29\/escuela-municipal-de-atletismo-11-anos-de-logros-personales-y-colectivos-a-nivel-provincial-y-nacional-video\/\"},\"author\":{\"name\":\"Rodrigo Sgammini\",\"@id\":\"https:\/\/www.celttv.com.ar\/#\/schema\/person\/495be51d064edd971d8457f8f64eb172\"},\"headline\":\"Escuela Municipal de Atletismo: 11 a\u00f1os de logros personales y colectivos a nivel provincial y nacional (Video)\",\"datePublished\":\"2024-09-29T19:48:49+00:00\",\"dateModified\":\"2024-09-29T19:48:49+00:00\",\"mainEntityOfPage\":{\"@id\":\"https:\/\/www.celttv.com.ar\/index.php\/2024\/09\/29\/escuela-municipal-de-atletismo-11-anos-de-logros-personales-y-colectivos-a-nivel-provincial-y-nacional-video\/\"},\"wordCount\":117,\"publisher\":{\"@id\":\"https:\/\/www.celttv.com.ar\/#organization\"},\"articleSection\":[\"Magazine Sport\"],\"inLanguage\":\"es\"},{\"@type\":\"WebPage\",\"@id\":\"https:\/\/www.celttv.com.ar\/index.php\/2024\/09\/29\/escuela-municipal-de-atletismo-11-anos-de-logros-personales-y-colectivos-a-nivel-provincial-y-nacional-video\/\",\"url\":\"https:\/\/www.celttv.com.ar\/index.php\/2024\/09\/29\/escuela-municipal-de-atletismo-11-anos-de-logros-personales-y-colectivos-a-nivel-provincial-y-nacional-video\/\",\"name\":\"Escuela Municipal de Atletismo: 11 a\u00f1os de logros personales y colectivos a nivel provincial y nacional (Video) - CELTTV\",\"isPartOf\":{\"@id\":\"https:\/\/www.celttv.com.ar\/#website\"},\"datePublished\":\"2024-09-29T19:48:49+00:00\",\"dateModified\":\"2024-09-29T19:48:49+00:00\",\"description\":\"Sitio web de noticias de la localidad de Tornquist, provincia de Buenos Aires, Rep\u00fablica Argentina. Contenido propio originado por periodistas de CELTTV, el canal de TV local de la Cooperativa El\u00e9ctrica de Tornquist. Turismo, Pol\u00edtica, Sociedad, Deporte, Cultura y todo el contenido de inter\u00e9s general que la gente del pueblo y la regi\u00f3n debe conocer.\",\"breadcrumb\":{\"@id\":\"https:\/\/www.celttv.com.ar\/index.php\/2024\/09\/29\/escuela-municipal-de-atletismo-11-anos-de-logros-personales-y-colectivos-a-nivel-provincial-y-nacional-video\/#breadcrumb\"},\"inLanguage\":\"es\",\"potentialAction\":[{\"@type\":\"ReadAction\",\"target\":[\"https:\/\/www.celttv.com.ar\/index.php\/2024\/09\/29\/escuela-municipal-de-atletismo-11-anos-de-logros-personales-y-colectivos-a-nivel-provincial-y-nacional-video\/\"]}]},{\"@type\":\"BreadcrumbList\",\"@id\":\"https:\/\/www.celttv.com.ar\/index.php\/2024\/09\/29\/escuela-municipal-de-atletismo-11-anos-de-logros-personales-y-colectivos-a-nivel-provincial-y-nacional-video\/#breadcrumb\",\"itemListElement\":[{\"@type\":\"ListItem\",\"position\":1,\"name\":\"Inicio\",\"item\":\"https:\/\/www.celttv.com.ar\/\"},{\"@type\":\"ListItem\",\"position\":2,\"name\":\"Escuela Municipal de Atletismo: 11 a\u00f1os de logros personales y colectivos a nivel provincial y nacional (Video)\"}]},{\"@type\":\"WebSite\",\"@id\":\"https:\/\/www.celttv.com.ar\/#website\",\"url\":\"https:\/\/www.celttv.com.ar\/\",\"name\":\"CELTTV\",\"description\":\"Cooperativa El\u00e9ctrica de Tornquist\",\"publisher\":{\"@id\":\"https:\/\/www.celttv.com.ar\/#organization\"},\"potentialAction\":[{\"@type\":\"SearchAction\",\"target\":{\"@type\":\"EntryPoint\",\"urlTemplate\":\"https:\/\/www.celttv.com.ar\/?s={search_term_string}\"},\"query-input\":\"required name=search_term_string\"}],\"inLanguage\":\"es\"},{\"@type\":\"Organization\",\"@id\":\"https:\/\/www.celttv.com.ar\/#organization\",\"name\":\"CELTTV\",\"url\":\"https:\/\/www.celttv.com.ar\/\",\"sameAs\":[\"https:\/\/www.youtube.com\/channel\/UCz_oIt8Hig64Ub-EmcNPIhg\",\"https:\/\/www.facebook.com\/celtTV\/\"],\"logo\":{\"@type\":\"ImageObject\",\"inLanguage\":\"es\",\"@id\":\"https:\/\/www.celttv.com.ar\/#\/schema\/logo\/image\/\",\"url\":\"http:\/\/www.celttv.com.ar\/wp-content\/uploads\/2022\/08\/logo-1.png\",\"contentUrl\":\"http:\/\/www.celttv.com.ar\/wp-content\/uploads\/2022\/08\/logo-1.png\",\"width\":461,\"height\":159,\"caption\":\"CELTTV\"},\"image\":{\"@id\":\"https:\/\/www.celttv.com.ar\/#\/schema\/logo\/image\/\"}},{\"@type\":\"Person\",\"@id\":\"https:\/\/www.celttv.com.ar\/#\/schema\/person\/495be51d064edd971d8457f8f64eb172\",\"name\":\"Rodrigo Sgammini\",\"image\":{\"@type\":\"ImageObject\",\"inLanguage\":\"es\",\"@id\":\"https:\/\/www.celttv.com.ar\/#\/schema\/person\/image\/\",\"url\":\"https:\/\/secure.gravatar.com\/avatar\/68f7848d42735e7a9276b47cd6e606327d88f521c51ae39d88888b76902e2987?s=96&d=mm&r=g\",\"contentUrl\":\"https:\/\/secure.gravatar.com\/avatar\/68f7848d42735e7a9276b47cd6e606327d88f521c51ae39d88888b76902e2987?s=96&d=mm&r=g\",\"caption\":\"Rodrigo Sgammini\"}}]}<\/script>\n<!-- \/ Yoast SEO plugin. -->","yoast_head_json":{"title":"Escuela Municipal de Atletismo: 11 a\u00f1os de logros personales y colectivos a nivel provincial y nacional (Video) - CELTTV","description":"Sitio web de noticias de la localidad de Tornquist, provincia de Buenos Aires, Rep\u00fablica Argentina. Contenido propio originado por periodistas de CELTTV, el canal de TV local de la Cooperativa El\u00e9ctrica de Tornquist. Turismo, Pol\u00edtica, Sociedad, Deporte, Cultura y todo el contenido de inter\u00e9s general que la gente del pueblo y la regi\u00f3n debe conocer.","robots":{"index":"index","follow":"follow","max-snippet":"max-snippet:-1","max-image-preview":"max-image-preview:large","max-video-preview":"max-video-preview:-1"},"canonical":"https:\/\/www.celttv.com.ar\/index.php\/2024\/09\/29\/escuela-municipal-de-atletismo-11-anos-de-logros-personales-y-colectivos-a-nivel-provincial-y-nacional-video\/","og_locale":"es_ES","og_type":"article","og_title":"Escuela Municipal de Atletismo: 11 a\u00f1os de logros personales y colectivos a nivel provincial y nacional (Video) - CELTTV","og_description":"Sitio web de noticias de la localidad de Tornquist, provincia de Buenos Aires, Rep\u00fablica Argentina. Contenido propio originado por periodistas de CELTTV, el canal de TV local de la Cooperativa El\u00e9ctrica de Tornquist. Turismo, Pol\u00edtica, Sociedad, Deporte, Cultura y todo el contenido de inter\u00e9s general que la gente del pueblo y la regi\u00f3n debe conocer.","og_url":"https:\/\/www.celttv.com.ar\/index.php\/2024\/09\/29\/escuela-municipal-de-atletismo-11-anos-de-logros-personales-y-colectivos-a-nivel-provincial-y-nacional-video\/","og_site_name":"CELTTV","article_publisher":"https:\/\/www.facebook.com\/celtTV\/","article_published_time":"2024-09-29T19:48:49+00:00","og_image":[{"width":1600,"height":919,"url":"https:\/\/www.celttv.com.ar\/wp-content\/uploads\/2024\/09\/621e9651-a792-4906-b0a0-332de5b51e51.jpg","type":"image\/jpeg"}],"author":"Rodrigo Sgammini","twitter_card":"summary_large_image","twitter_misc":{"Escrito por":"Rodrigo Sgammini","Tiempo de lectura":"1 minuto"},"schema":{"@context":"https:\/\/schema.org","@graph":[{"@type":"NewsArticle","@id":"https:\/\/www.celttv.com.ar\/index.php\/2024\/09\/29\/escuela-municipal-de-atletismo-11-anos-de-logros-personales-y-colectivos-a-nivel-provincial-y-nacional-video\/#article","isPartOf":{"@id":"https:\/\/www.celttv.com.ar\/index.php\/2024\/09\/29\/escuela-municipal-de-atletismo-11-anos-de-logros-personales-y-colectivos-a-nivel-provincial-y-nacional-video\/"},"author":{"name":"Rodrigo Sgammini","@id":"https:\/\/www.celttv.com.ar\/#\/schema\/person\/495be51d064edd971d8457f8f64eb172"},"headline":"Escuela Municipal de Atletismo: 11 a\u00f1os de logros personales y colectivos a nivel provincial y nacional (Video)","datePublished":"2024-09-29T19:48:49+00:00","dateModified":"2024-09-29T19:48:49+00:00","mainEntityOfPage":{"@id":"https:\/\/www.celttv.com.ar\/index.php\/2024\/09\/29\/escuela-municipal-de-atletismo-11-anos-de-logros-personales-y-colectivos-a-nivel-provincial-y-nacional-video\/"},"wordCount":117,"publisher":{"@id":"https:\/\/www.celttv.com.ar\/#organization"},"articleSection":["Magazine Sport"],"inLanguage":"es"},{"@type":"WebPage","@id":"https:\/\/www.celttv.com.ar\/index.php\/2024\/09\/29\/escuela-municipal-de-atletismo-11-anos-de-logros-personales-y-colectivos-a-nivel-provincial-y-nacional-video\/","url":"https:\/\/www.celttv.com.ar\/index.php\/2024\/09\/29\/escuela-municipal-de-atletismo-11-anos-de-logros-personales-y-colectivos-a-nivel-provincial-y-nacional-video\/","name":"Escuela Municipal de Atletismo: 11 a\u00f1os de logros personales y colectivos a nivel provincial y nacional (Video) - CELTTV","isPartOf":{"@id":"https:\/\/www.celttv.com.ar\/#website"},"datePublished":"2024-09-29T19:48:49+00:00","dateModified":"2024-09-29T19:48:49+00:00","description":"Sitio web de noticias de la localidad de Tornquist, provincia de Buenos Aires, Rep\u00fablica Argentina. Contenido propio originado por periodistas de CELTTV, el canal de TV local de la Cooperativa El\u00e9ctrica de Tornquist. Turismo, Pol\u00edtica, Sociedad, Deporte, Cultura y todo el contenido de inter\u00e9s general que la gente del pueblo y la regi\u00f3n debe conocer.","breadcrumb":{"@id":"https:\/\/www.celttv.com.ar\/index.php\/2024\/09\/29\/escuela-municipal-de-atletismo-11-anos-de-logros-personales-y-colectivos-a-nivel-provincial-y-nacional-video\/#breadcrumb"},"inLanguage":"es","potentialAction":[{"@type":"ReadAction","target":["https:\/\/www.celttv.com.ar\/index.php\/2024\/09\/29\/escuela-municipal-de-atletismo-11-anos-de-logros-personales-y-colectivos-a-nivel-provincial-y-nacional-video\/"]}]},{"@type":"BreadcrumbList","@id":"https:\/\/www.celttv.com.ar\/index.php\/2024\/09\/29\/escuela-municipal-de-atletismo-11-anos-de-logros-personales-y-colectivos-a-nivel-provincial-y-nacional-video\/#breadcrumb","itemListElement":[{"@type":"ListItem","position":1,"name":"Inicio","item":"https:\/\/www.celttv.com.ar\/"},{"@type":"ListItem","position":2,"name":"Escuela Municipal de Atletismo: 11 a\u00f1os de logros personales y colectivos a nivel provincial y nacional (Video)"}]},{"@type":"WebSite","@id":"https:\/\/www.celttv.com.ar\/#website","url":"https:\/\/www.celttv.com.ar\/","name":"CELTTV","description":"Cooperativa El\u00e9ctrica de Tornquist","publisher":{"@id":"https:\/\/www.celttv.com.ar\/#organization"},"potentialAction":[{"@type":"SearchAction","target":{"@type":"EntryPoint","urlTemplate":"https:\/\/www.celttv.com.ar\/?s={search_term_string}"},"query-input":"required name=search_term_string"}],"inLanguage":"es"},{"@type":"Organization","@id":"https:\/\/www.celttv.com.ar\/#organization","name":"CELTTV","url":"https:\/\/www.celttv.com.ar\/","sameAs":["https:\/\/www.youtube.com\/channel\/UCz_oIt8Hig64Ub-EmcNPIhg","https:\/\/www.facebook.com\/celtTV\/"],"logo":{"@type":"ImageObject","inLanguage":"es","@id":"https:\/\/www.celttv.com.ar\/#\/schema\/logo\/image\/","url":"http:\/\/www.celttv.com.ar\/wp-content\/uploads\/2022\/08\/logo-1.png","contentUrl":"http:\/\/www.celttv.com.ar\/wp-content\/uploads\/2022\/08\/logo-1.png","width":461,"height":159,"caption":"CELTTV"},"image":{"@id":"https:\/\/www.celttv.com.ar\/#\/schema\/logo\/image\/"}},{"@type":"Person","@id":"https:\/\/www.celttv.com.ar\/#\/schema\/person\/495be51d064edd971d8457f8f64eb172","name":"Rodrigo Sgammini","image":{"@type":"ImageObject","inLanguage":"es","@id":"https:\/\/www.celttv.com.ar\/#\/schema\/person\/image\/","url":"https:\/\/secure.gravatar.com\/avatar\/68f7848d42735e7a9276b47cd6e606327d88f521c51ae39d88888b76902e2987?s=96&d=mm&r=g","contentUrl":"https:\/\/secure.gravatar.com\/avatar\/68f7848d42735e7a9276b47cd6e606327d88f521c51ae39d88888b76902e2987?s=96&d=mm&r=g","caption":"Rodrigo Sgammini"}}]}},"_links":{"self":[{"href":"https:\/\/www.celttv.com.ar\/index.php\/wp-json\/wp\/v2\/posts\/86282","targetHints":{"allow":["GET"]}}],"collection":[{"href":"https:\/\/www.celttv.com.ar\/index.php\/wp-json\/wp\/v2\/posts"}],"about":[{"href":"https:\/\/www.celttv.com.ar\/index.php\/wp-json\/wp\/v2\/types\/post"}],"author":[{"embeddable":true,"href":"https:\/\/www.celttv.com.ar\/index.php\/wp-json\/wp\/v2\/users\/3"}],"replies":[{"embeddable":true,"href":"https:\/\/www.celttv.com.ar\/index.php\/wp-json\/wp\/v2\/comments?post=86282"}],"version-history":[{"count":1,"href":"https:\/\/www.celttv.com.ar\/index.php\/wp-json\/wp\/v2\/posts\/86282\/revisions"}],"predecessor-version":[{"id":86284,"href":"https:\/\/www.celttv.com.ar\/index.php\/wp-json\/wp\/v2\/posts\/86282\/revisions\/86284"}],"wp:featuredmedia":[{"embeddable":true,"href":"https:\/\/www.celttv.com.ar\/index.php\/wp-json\/wp\/v2\/media\/86283"}],"wp:attachment":[{"href":"https:\/\/www.celttv.com.ar\/index.php\/wp-json\/wp\/v2\/media?parent=86282"}],"wp:term":[{"taxonomy":"category","embeddable":true,"href":"https:\/\/www.celttv.com.ar\/index.php\/wp-json\/wp\/v2\/categories?post=86282"},{"taxonomy":"post_tag","embeddable":true,"href":"https:\/\/www.celttv.com.ar\/index.php\/wp-json\/wp\/v2\/tags?post=86282"}],"curies":[{"name":"wp","href":"https:\/\/api.w.org\/{rel}","templated":true}]}}