{"id":8630,"date":"2012-10-22T21:55:41","date_gmt":"2012-10-22T21:55:41","guid":{"rendered":"http:\/\/www.tvcnoticias.com.ar\/?p=8630"},"modified":"2012-10-22T21:55:41","modified_gmt":"2012-10-22T21:55:41","slug":"inician-sumario-por-la-muerte-de-un-persona-en-la-zona-del-paraje-frapal","status":"publish","type":"post","link":"https:\/\/www.celttv.com.ar\/index.php\/2012\/10\/22\/inician-sumario-por-la-muerte-de-un-persona-en-la-zona-del-paraje-frapal\/","title":{"rendered":"INICIAN SUMARIO POR LA MUERTE DE UNA PERSONA EN LA ZONA DEL PARAJE FRAPAL"},"content":{"rendered":"<p><a href=\"http:\/\/www.youtube.com\/watch?v=kEWl-AWHNJY\">httpv:\/\/www.youtube.com\/watch?v=kEWl-AWHNJY<\/a><br \/>\n&#8220;El bien jur\u00eddico a proteger es la vida humana&#8221; dijo el Asesor Letrado del Municipio Dr. Carlos Carriquiri<br \/>\n&#8220;Se tom\u00f3 conocimiento sobre la muerte de una persona que se trasladaba en un micro a la altura del paraje Frapal y algunos medios hac\u00edan referencia que , pese a ser convocada, no hab\u00eda asistido la ambulancia de la localidad de Saldungaray, hablado con la Sra. Intendente Interina me dijo que inmediatamente me ponga a trabajar en ese tema, hasta tanto se pueda dilucidar&#8221; dijo el Asesor Letrado del Municipio Dr. Carlos Carriquiri.<br \/>\n&#8220;A los cinco minutos yo ya ten\u00eda el parte del libro de guardia donde se constataba que hab\u00edan recibido una llamada a trav\u00e9s de Sierra de la Ventana pidiendo una ambulancia; estando en el Paraje Frapal y habiendo una ambulancia, luego de constatar y confirmar que hab\u00eda una persona descompuesta, se llam\u00f3 a la Unidad Sanitaria de Saldungaray, pidiendo la ambulancia para que concurra a la zona de Frapal; recibe como respuesta que por tema de jurisdicci\u00f3n el m\u00e9dico orden\u00f3 que no se trasladara, eso se constat\u00f3 en el libro de guardias que ya obra en el expediente&#8221; dijo Carriquiri.<br \/>\nEl Letrado se\u00f1al\u00f3 que fueron solicitados de inmediato los informes a la Secretaria de Salud &#8220;me fueron alcanzados los informes y la Intendenta volvi\u00f3 a solicitar que este caso sea investigado hasta las \u00faltimas consecuencias&#8221; se\u00f1al\u00f3.<br \/>\nCarriquiri dijo que en el informe existen algunas contradicciones y se decidi\u00f3 presentar toda la documentaci\u00f3n a la Ayudant\u00eda Fiscal para la correspondiente denuncia.<br \/>\n&#8220;Tenemos que ver si existe alguna omisi\u00f3n en la atenci\u00f3n o abandono de paciente&#8221; sostuvo Carriquiri, quien anticip\u00f3 que ya reg\u00eda el secreto de sumario.<br \/>\nAl ser consultado sobre el motivo por el cual la ambulancia y el m\u00e9dico no se hicieron presentes en el lugar, Carriquiri dijo que &#8220;en otras circunstancias la ambulancia hab\u00eda acudido y aqu\u00ed el bien jur\u00eddico a proteger es la vida humana y la vida humana no est\u00e1 supeditada por un limite imaginario que hizo el legislador en alg\u00fan momentos cuando dividi\u00f3 los partidos, Hay antecedentes que la ambulancia ha concurrido, en este caso, a criterio del m\u00e9dico no concurri\u00f3 y refiere la polic\u00eda lo que hab\u00edan afirmado y es materia de investigaci\u00f3n en justicia ordinaria; el enfermero est\u00e1 supeditado a la orden del m\u00e9dico&#8221; asegur\u00f3.<br \/>\n&#8220;El sumario interno encierra el obrar de las personas responsables de la unidad sanitaria, el porque si el m\u00e9dico dio esa orden o no la dio; el tema de la enfermera o no la enfermera; la primer foja es el pedido que hace la asesor\u00eda letrada al destacamento y en la segunda foja consta las actuaciones que realiz\u00f3 la polic\u00eda. El sumario interno se inicia y se esperan los resultados de la parte penal&#8221; concluy\u00f3 Carriquiri.<\/p>\n","protected":false},"excerpt":{"rendered":"<p>httpv:\/\/www.youtube.com\/watch?v=kEWl-AWHNJY &#8220;El bien jur\u00eddico a proteger es la vida humana&#8221; dijo el Asesor Letrado del Municipio Dr. Carlos Carriquiri &#8220;Se tom\u00f3 conocimiento sobre la muerte de una persona que se trasladaba en un micro a la altura del paraje Frapal y algunos medios hac\u00edan referencia que , pese a ser convocada, no hab\u00eda asistido la [&hellip;]<\/p>\n","protected":false},"author":1,"featured_media":0,"comment_status":"closed","ping_status":"open","sticky":false,"template":"","format":"standard","meta":{"footnotes":""},"categories":[52,61,53,64],"tags":[],"class_list":["post-8630","post","type-post","status-publish","format-standard","hentry","category-destacadas","category-policiales","category-politica","category-videos-destacados"],"yoast_head":"<!-- This site is optimized with the Yoast SEO plugin v19.7.1 - https:\/\/yoast.com\/wordpress\/plugins\/seo\/ -->\n<title>INICIAN SUMARIO POR LA MUERTE DE UNA PERSONA EN LA ZONA DEL PARAJE FRAPAL - CELTTV<\/title>\n<meta name=\"description\" content=\"Sitio web de noticias de la localidad de Tornquist, provincia de Buenos Aires, Rep\u00fablica Argentina. Contenido propio originado por periodistas de CELTTV, el canal de TV local de la Cooperativa El\u00e9ctrica de Tornquist. Turismo, Pol\u00edtica, Sociedad, Deporte, Cultura y todo el contenido de inter\u00e9s general que la gente del pueblo y la regi\u00f3n debe conocer.\" \/>\n<meta name=\"robots\" content=\"index, follow, max-snippet:-1, max-image-preview:large, max-video-preview:-1\" \/>\n<link rel=\"canonical\" href=\"https:\/\/www.celttv.com.ar\/index.php\/2012\/10\/22\/inician-sumario-por-la-muerte-de-un-persona-en-la-zona-del-paraje-frapal\/\" \/>\n<meta property=\"og:locale\" content=\"es_ES\" \/>\n<meta property=\"og:type\" content=\"article\" \/>\n<meta property=\"og:title\" content=\"INICIAN SUMARIO POR LA MUERTE DE UNA PERSONA EN LA ZONA DEL PARAJE FRAPAL - CELTTV\" \/>\n<meta property=\"og:description\" content=\"Sitio web de noticias de la localidad de Tornquist, provincia de Buenos Aires, Rep\u00fablica Argentina. Contenido propio originado por periodistas de CELTTV, el canal de TV local de la Cooperativa El\u00e9ctrica de Tornquist. Turismo, Pol\u00edtica, Sociedad, Deporte, Cultura y todo el contenido de inter\u00e9s general que la gente del pueblo y la regi\u00f3n debe conocer.\" \/>\n<meta property=\"og:url\" content=\"https:\/\/www.celttv.com.ar\/index.php\/2012\/10\/22\/inician-sumario-por-la-muerte-de-un-persona-en-la-zona-del-paraje-frapal\/\" \/>\n<meta property=\"og:site_name\" content=\"CELTTV\" \/>\n<meta property=\"article:publisher\" content=\"https:\/\/www.facebook.com\/celtTV\/\" \/>\n<meta property=\"article:published_time\" content=\"2012-10-22T21:55:41+00:00\" \/>\n<meta name=\"author\" content=\"ulises\" \/>\n<meta name=\"twitter:card\" content=\"summary_large_image\" \/>\n<meta name=\"twitter:label1\" content=\"Escrito por\" \/>\n\t<meta name=\"twitter:data1\" content=\"ulises\" \/>\n\t<meta name=\"twitter:label2\" content=\"Tiempo de lectura\" \/>\n\t<meta name=\"twitter:data2\" content=\"2 minutos\" \/>\n<script type=\"application\/ld+json\" class=\"yoast-schema-graph\">{\"@context\":\"https:\/\/schema.org\",\"@graph\":[{\"@type\":\"NewsArticle\",\"@id\":\"https:\/\/www.celttv.com.ar\/index.php\/2012\/10\/22\/inician-sumario-por-la-muerte-de-un-persona-en-la-zona-del-paraje-frapal\/#article\",\"isPartOf\":{\"@id\":\"https:\/\/www.celttv.com.ar\/index.php\/2012\/10\/22\/inician-sumario-por-la-muerte-de-un-persona-en-la-zona-del-paraje-frapal\/\"},\"author\":{\"name\":\"ulises\",\"@id\":\"https:\/\/www.celttv.com.ar\/#\/schema\/person\/6d99c072dba59953809c81446e9d0ace\"},\"headline\":\"INICIAN SUMARIO POR LA MUERTE DE UNA PERSONA EN LA ZONA DEL PARAJE FRAPAL\",\"datePublished\":\"2012-10-22T21:55:41+00:00\",\"dateModified\":\"2012-10-22T21:55:41+00:00\",\"mainEntityOfPage\":{\"@id\":\"https:\/\/www.celttv.com.ar\/index.php\/2012\/10\/22\/inician-sumario-por-la-muerte-de-un-persona-en-la-zona-del-paraje-frapal\/\"},\"wordCount\":506,\"publisher\":{\"@id\":\"https:\/\/www.celttv.com.ar\/#organization\"},\"articleSection\":[\"Destacadas\",\"Policiales\",\"Pol\u00edtica\",\"Videos Destacados\"],\"inLanguage\":\"es\"},{\"@type\":\"WebPage\",\"@id\":\"https:\/\/www.celttv.com.ar\/index.php\/2012\/10\/22\/inician-sumario-por-la-muerte-de-un-persona-en-la-zona-del-paraje-frapal\/\",\"url\":\"https:\/\/www.celttv.com.ar\/index.php\/2012\/10\/22\/inician-sumario-por-la-muerte-de-un-persona-en-la-zona-del-paraje-frapal\/\",\"name\":\"INICIAN SUMARIO POR LA MUERTE DE UNA PERSONA EN LA ZONA DEL PARAJE FRAPAL - CELTTV\",\"isPartOf\":{\"@id\":\"https:\/\/www.celttv.com.ar\/#website\"},\"datePublished\":\"2012-10-22T21:55:41+00:00\",\"dateModified\":\"2012-10-22T21:55:41+00:00\",\"description\":\"Sitio web de noticias de la localidad de Tornquist, provincia de Buenos Aires, Rep\u00fablica Argentina. Contenido propio originado por periodistas de CELTTV, el canal de TV local de la Cooperativa El\u00e9ctrica de Tornquist. Turismo, Pol\u00edtica, Sociedad, Deporte, Cultura y todo el contenido de inter\u00e9s general que la gente del pueblo y la regi\u00f3n debe conocer.\",\"breadcrumb\":{\"@id\":\"https:\/\/www.celttv.com.ar\/index.php\/2012\/10\/22\/inician-sumario-por-la-muerte-de-un-persona-en-la-zona-del-paraje-frapal\/#breadcrumb\"},\"inLanguage\":\"es\",\"potentialAction\":[{\"@type\":\"ReadAction\",\"target\":[\"https:\/\/www.celttv.com.ar\/index.php\/2012\/10\/22\/inician-sumario-por-la-muerte-de-un-persona-en-la-zona-del-paraje-frapal\/\"]}]},{\"@type\":\"BreadcrumbList\",\"@id\":\"https:\/\/www.celttv.com.ar\/index.php\/2012\/10\/22\/inician-sumario-por-la-muerte-de-un-persona-en-la-zona-del-paraje-frapal\/#breadcrumb\",\"itemListElement\":[{\"@type\":\"ListItem\",\"position\":1,\"name\":\"Inicio\",\"item\":\"https:\/\/www.celttv.com.ar\/\"},{\"@type\":\"ListItem\",\"position\":2,\"name\":\"INICIAN SUMARIO POR LA MUERTE DE UNA PERSONA EN LA ZONA DEL PARAJE FRAPAL\"}]},{\"@type\":\"WebSite\",\"@id\":\"https:\/\/www.celttv.com.ar\/#website\",\"url\":\"https:\/\/www.celttv.com.ar\/\",\"name\":\"CELTTV\",\"description\":\"Cooperativa El\u00e9ctrica de Tornquist\",\"publisher\":{\"@id\":\"https:\/\/www.celttv.com.ar\/#organization\"},\"potentialAction\":[{\"@type\":\"SearchAction\",\"target\":{\"@type\":\"EntryPoint\",\"urlTemplate\":\"https:\/\/www.celttv.com.ar\/?s={search_term_string}\"},\"query-input\":\"required name=search_term_string\"}],\"inLanguage\":\"es\"},{\"@type\":\"Organization\",\"@id\":\"https:\/\/www.celttv.com.ar\/#organization\",\"name\":\"CELTTV\",\"url\":\"https:\/\/www.celttv.com.ar\/\",\"sameAs\":[\"https:\/\/www.youtube.com\/channel\/UCz_oIt8Hig64Ub-EmcNPIhg\",\"https:\/\/www.facebook.com\/celtTV\/\"],\"logo\":{\"@type\":\"ImageObject\",\"inLanguage\":\"es\",\"@id\":\"https:\/\/www.celttv.com.ar\/#\/schema\/logo\/image\/\",\"url\":\"http:\/\/www.celttv.com.ar\/wp-content\/uploads\/2022\/08\/logo-1.png\",\"contentUrl\":\"http:\/\/www.celttv.com.ar\/wp-content\/uploads\/2022\/08\/logo-1.png\",\"width\":461,\"height\":159,\"caption\":\"CELTTV\"},\"image\":{\"@id\":\"https:\/\/www.celttv.com.ar\/#\/schema\/logo\/image\/\"}},{\"@type\":\"Person\",\"@id\":\"https:\/\/www.celttv.com.ar\/#\/schema\/person\/6d99c072dba59953809c81446e9d0ace\",\"name\":\"ulises\",\"image\":{\"@type\":\"ImageObject\",\"inLanguage\":\"es\",\"@id\":\"https:\/\/www.celttv.com.ar\/#\/schema\/person\/image\/\",\"url\":\"https:\/\/secure.gravatar.com\/avatar\/7f2c48bdc33b30088f941fb6082e555f2874c98e20cb159d7b92b50eadfce793?s=96&d=mm&r=g\",\"contentUrl\":\"https:\/\/secure.gravatar.com\/avatar\/7f2c48bdc33b30088f941fb6082e555f2874c98e20cb159d7b92b50eadfce793?s=96&d=mm&r=g\",\"caption\":\"ulises\"},\"sameAs\":[\"http:\/\/www.celttv.com.ar\"]}]}<\/script>\n<!-- \/ Yoast SEO plugin. -->","yoast_head_json":{"title":"INICIAN SUMARIO POR LA MUERTE DE UNA PERSONA EN LA ZONA DEL PARAJE FRAPAL - CELTTV","description":"Sitio web de noticias de la localidad de Tornquist, provincia de Buenos Aires, Rep\u00fablica Argentina. Contenido propio originado por periodistas de CELTTV, el canal de TV local de la Cooperativa El\u00e9ctrica de Tornquist. Turismo, Pol\u00edtica, Sociedad, Deporte, Cultura y todo el contenido de inter\u00e9s general que la gente del pueblo y la regi\u00f3n debe conocer.","robots":{"index":"index","follow":"follow","max-snippet":"max-snippet:-1","max-image-preview":"max-image-preview:large","max-video-preview":"max-video-preview:-1"},"canonical":"https:\/\/www.celttv.com.ar\/index.php\/2012\/10\/22\/inician-sumario-por-la-muerte-de-un-persona-en-la-zona-del-paraje-frapal\/","og_locale":"es_ES","og_type":"article","og_title":"INICIAN SUMARIO POR LA MUERTE DE UNA PERSONA EN LA ZONA DEL PARAJE FRAPAL - CELTTV","og_description":"Sitio web de noticias de la localidad de Tornquist, provincia de Buenos Aires, Rep\u00fablica Argentina. Contenido propio originado por periodistas de CELTTV, el canal de TV local de la Cooperativa El\u00e9ctrica de Tornquist. Turismo, Pol\u00edtica, Sociedad, Deporte, Cultura y todo el contenido de inter\u00e9s general que la gente del pueblo y la regi\u00f3n debe conocer.","og_url":"https:\/\/www.celttv.com.ar\/index.php\/2012\/10\/22\/inician-sumario-por-la-muerte-de-un-persona-en-la-zona-del-paraje-frapal\/","og_site_name":"CELTTV","article_publisher":"https:\/\/www.facebook.com\/celtTV\/","article_published_time":"2012-10-22T21:55:41+00:00","author":"ulises","twitter_card":"summary_large_image","twitter_misc":{"Escrito por":"ulises","Tiempo de lectura":"2 minutos"},"schema":{"@context":"https:\/\/schema.org","@graph":[{"@type":"NewsArticle","@id":"https:\/\/www.celttv.com.ar\/index.php\/2012\/10\/22\/inician-sumario-por-la-muerte-de-un-persona-en-la-zona-del-paraje-frapal\/#article","isPartOf":{"@id":"https:\/\/www.celttv.com.ar\/index.php\/2012\/10\/22\/inician-sumario-por-la-muerte-de-un-persona-en-la-zona-del-paraje-frapal\/"},"author":{"name":"ulises","@id":"https:\/\/www.celttv.com.ar\/#\/schema\/person\/6d99c072dba59953809c81446e9d0ace"},"headline":"INICIAN SUMARIO POR LA MUERTE DE UNA PERSONA EN LA ZONA DEL PARAJE FRAPAL","datePublished":"2012-10-22T21:55:41+00:00","dateModified":"2012-10-22T21:55:41+00:00","mainEntityOfPage":{"@id":"https:\/\/www.celttv.com.ar\/index.php\/2012\/10\/22\/inician-sumario-por-la-muerte-de-un-persona-en-la-zona-del-paraje-frapal\/"},"wordCount":506,"publisher":{"@id":"https:\/\/www.celttv.com.ar\/#organization"},"articleSection":["Destacadas","Policiales","Pol\u00edtica","Videos Destacados"],"inLanguage":"es"},{"@type":"WebPage","@id":"https:\/\/www.celttv.com.ar\/index.php\/2012\/10\/22\/inician-sumario-por-la-muerte-de-un-persona-en-la-zona-del-paraje-frapal\/","url":"https:\/\/www.celttv.com.ar\/index.php\/2012\/10\/22\/inician-sumario-por-la-muerte-de-un-persona-en-la-zona-del-paraje-frapal\/","name":"INICIAN SUMARIO POR LA MUERTE DE UNA PERSONA EN LA ZONA DEL PARAJE FRAPAL - CELTTV","isPartOf":{"@id":"https:\/\/www.celttv.com.ar\/#website"},"datePublished":"2012-10-22T21:55:41+00:00","dateModified":"2012-10-22T21:55:41+00:00","description":"Sitio web de noticias de la localidad de Tornquist, provincia de Buenos Aires, Rep\u00fablica Argentina. Contenido propio originado por periodistas de CELTTV, el canal de TV local de la Cooperativa El\u00e9ctrica de Tornquist. Turismo, Pol\u00edtica, Sociedad, Deporte, Cultura y todo el contenido de inter\u00e9s general que la gente del pueblo y la regi\u00f3n debe conocer.","breadcrumb":{"@id":"https:\/\/www.celttv.com.ar\/index.php\/2012\/10\/22\/inician-sumario-por-la-muerte-de-un-persona-en-la-zona-del-paraje-frapal\/#breadcrumb"},"inLanguage":"es","potentialAction":[{"@type":"ReadAction","target":["https:\/\/www.celttv.com.ar\/index.php\/2012\/10\/22\/inician-sumario-por-la-muerte-de-un-persona-en-la-zona-del-paraje-frapal\/"]}]},{"@type":"BreadcrumbList","@id":"https:\/\/www.celttv.com.ar\/index.php\/2012\/10\/22\/inician-sumario-por-la-muerte-de-un-persona-en-la-zona-del-paraje-frapal\/#breadcrumb","itemListElement":[{"@type":"ListItem","position":1,"name":"Inicio","item":"https:\/\/www.celttv.com.ar\/"},{"@type":"ListItem","position":2,"name":"INICIAN SUMARIO POR LA MUERTE DE UNA PERSONA EN LA ZONA DEL PARAJE FRAPAL"}]},{"@type":"WebSite","@id":"https:\/\/www.celttv.com.ar\/#website","url":"https:\/\/www.celttv.com.ar\/","name":"CELTTV","description":"Cooperativa El\u00e9ctrica de Tornquist","publisher":{"@id":"https:\/\/www.celttv.com.ar\/#organization"},"potentialAction":[{"@type":"SearchAction","target":{"@type":"EntryPoint","urlTemplate":"https:\/\/www.celttv.com.ar\/?s={search_term_string}"},"query-input":"required name=search_term_string"}],"inLanguage":"es"},{"@type":"Organization","@id":"https:\/\/www.celttv.com.ar\/#organization","name":"CELTTV","url":"https:\/\/www.celttv.com.ar\/","sameAs":["https:\/\/www.youtube.com\/channel\/UCz_oIt8Hig64Ub-EmcNPIhg","https:\/\/www.facebook.com\/celtTV\/"],"logo":{"@type":"ImageObject","inLanguage":"es","@id":"https:\/\/www.celttv.com.ar\/#\/schema\/logo\/image\/","url":"http:\/\/www.celttv.com.ar\/wp-content\/uploads\/2022\/08\/logo-1.png","contentUrl":"http:\/\/www.celttv.com.ar\/wp-content\/uploads\/2022\/08\/logo-1.png","width":461,"height":159,"caption":"CELTTV"},"image":{"@id":"https:\/\/www.celttv.com.ar\/#\/schema\/logo\/image\/"}},{"@type":"Person","@id":"https:\/\/www.celttv.com.ar\/#\/schema\/person\/6d99c072dba59953809c81446e9d0ace","name":"ulises","image":{"@type":"ImageObject","inLanguage":"es","@id":"https:\/\/www.celttv.com.ar\/#\/schema\/person\/image\/","url":"https:\/\/secure.gravatar.com\/avatar\/7f2c48bdc33b30088f941fb6082e555f2874c98e20cb159d7b92b50eadfce793?s=96&d=mm&r=g","contentUrl":"https:\/\/secure.gravatar.com\/avatar\/7f2c48bdc33b30088f941fb6082e555f2874c98e20cb159d7b92b50eadfce793?s=96&d=mm&r=g","caption":"ulises"},"sameAs":["http:\/\/www.celttv.com.ar"]}]}},"_links":{"self":[{"href":"https:\/\/www.celttv.com.ar\/index.php\/wp-json\/wp\/v2\/posts\/8630","targetHints":{"allow":["GET"]}}],"collection":[{"href":"https:\/\/www.celttv.com.ar\/index.php\/wp-json\/wp\/v2\/posts"}],"about":[{"href":"https:\/\/www.celttv.com.ar\/index.php\/wp-json\/wp\/v2\/types\/post"}],"author":[{"embeddable":true,"href":"https:\/\/www.celttv.com.ar\/index.php\/wp-json\/wp\/v2\/users\/1"}],"replies":[{"embeddable":true,"href":"https:\/\/www.celttv.com.ar\/index.php\/wp-json\/wp\/v2\/comments?post=8630"}],"version-history":[{"count":0,"href":"https:\/\/www.celttv.com.ar\/index.php\/wp-json\/wp\/v2\/posts\/8630\/revisions"}],"wp:attachment":[{"href":"https:\/\/www.celttv.com.ar\/index.php\/wp-json\/wp\/v2\/media?parent=8630"}],"wp:term":[{"taxonomy":"category","embeddable":true,"href":"https:\/\/www.celttv.com.ar\/index.php\/wp-json\/wp\/v2\/categories?post=8630"},{"taxonomy":"post_tag","embeddable":true,"href":"https:\/\/www.celttv.com.ar\/index.php\/wp-json\/wp\/v2\/tags?post=8630"}],"curies":[{"name":"wp","href":"https:\/\/api.w.org\/{rel}","templated":true}]}}