{"id":8637,"date":"2012-10-23T16:16:49","date_gmt":"2012-10-23T16:16:49","guid":{"rendered":"http:\/\/www.tvcnoticias.com.ar\/?p=8637"},"modified":"2012-10-23T16:16:49","modified_gmt":"2012-10-23T16:16:49","slug":"punto-final-para-la-campana-por-el-jardin-de-colonia-san-martin","status":"publish","type":"post","link":"https:\/\/www.celttv.com.ar\/index.php\/2012\/10\/23\/punto-final-para-la-campana-por-el-jardin-de-colonia-san-martin\/","title":{"rendered":"PUNTO FINAL PARA LA CAMPA\u00d1A POR EL JARDIN DE COLONIA SAN MARTIN"},"content":{"rendered":"<p><a href=\"http:\/\/www.youtube.com\/watch?v=gIS8Ptiewsk\">httpv:\/\/www.youtube.com\/watch?v=gIS8Ptiewsk<\/a><br \/>\n<a href=\"http:\/\/www.youtube.com\/watch?v=jpz_kAGYyIw\">httpv:\/\/www.youtube.com\/watch?v=jpz_kAGYyIw<\/a><br \/>\n<span style=\"font-size: x-small; font-family: Verdana, Arial, Helvetica, sans-serif;\">En el Club Juventud Agraria de Colonia San Mart\u00edn, se realiz\u00f3 este jueves en horas de la tarde una conferencia de prensa para darle punto final a la campa\u00f1a por el \u201cJard\u00edn de Colonia San Mart\u00edn\u201d.<\/span><br \/>\n<span style=\"font-size: x-small; font-family: Verdana, Arial, Helvetica, sans-serif;\">\u00a0<\/span><span style=\"font-size: x-small; font-family: Verdana, Arial, Helvetica, sans-serif;\">En la mesa se encontraban presentes el Presidente de la Instituci\u00f3n Sergio Molina y sus colaboradores y la Presidente del Consejo Escolar de Saavedra Marta Paniagua.<\/span><br \/>\n<span style=\"font-size: x-small; font-family: Verdana, Arial, Helvetica, sans-serif;\">\u00a0<\/span><span style=\"font-size: x-small; font-family: Verdana, Arial, Helvetica, sans-serif;\">Adem\u00e1s participaron el delegado de Dufaur Gustavo Minich y el Consejero Escolar Rodolfo Rodriguez como as\u00ed tambi\u00e9n allegados de la comunidad.<\/span><br \/>\n<span style=\"font-size: x-small; font-family: Verdana, Arial, Helvetica, sans-serif;\">\u00a0<\/span><span style=\"font-size: x-small; font-family: Verdana, Arial, Helvetica, sans-serif;\">El resumen de lo acontecido estuvo a cargo de Sergio Molina que durante su alocuci\u00f3n dio a conocer que el importe total super\u00f3 los 21 mil pesos a eso se le sumaron dos mil pesos en hierros y 10 bolsas de cemento. Tambi\u00e9n se agradeci\u00f3 a las personas que colaboraron con materiales para el jard\u00edn que sumaron unos 700 art\u00edculos.<\/span><br \/>\n<span style=\"font-size: x-small; font-family: Verdana, Arial, Helvetica, sans-serif;\">\u00a0<\/span><span style=\"font-size: x-small; font-family: Verdana, Arial, Helvetica, sans-serif;\">Durante la conferencia de prensa la Presidente del Consejo escolar Marta Paniagua agradeci\u00f3 el enorme gesto y recibi\u00f3 de manos de Sergio Molina las facturas correspondientes de los materiales que se compraron para el techo de las aulas que se pueden reconstru\u00edr.<\/span><br \/>\n<span style=\"font-size: x-small; font-family: Verdana, Arial, Helvetica, sans-serif;\">\u00a0<\/span><span style=\"font-size: x-small;\"><span style=\"font-family: Verdana, Arial, Helvetica, sans-serif;\">Por lo pronto los alumnos de la Escuela y el Jard\u00edn contin\u00faan con sus clases en la sede del fog\u00f3n del club esperando poder volver a su lugar el a\u00f1o pr\u00f3ximo.Para ello tambi\u00e9n desde el municipio de Pigu\u00e9 contin\u00faan haciendo las gestiones respectivas en la Provincia de Buenos Aires para lograr su apoyo.<\/span><\/span><br \/>\n\u00a0<span style=\"font-size: x-small; font-family: Verdana;\">Un reconocimiento especial al Centro de D\u00eda Tornquist, por la creatividad y entrega de material para los ni\u00f1os del Jard\u00edn.(<\/span><\/p>\n","protected":false},"excerpt":{"rendered":"<p>httpv:\/\/www.youtube.com\/watch?v=gIS8Ptiewsk httpv:\/\/www.youtube.com\/watch?v=jpz_kAGYyIw En el Club Juventud Agraria de Colonia San Mart\u00edn, se realiz\u00f3 este jueves en horas de la tarde una conferencia de prensa para darle punto final a la campa\u00f1a por el \u201cJard\u00edn de Colonia San Mart\u00edn\u201d. \u00a0En la mesa se encontraban presentes el Presidente de la Instituci\u00f3n Sergio Molina y sus colaboradores y [&hellip;]<\/p>\n","protected":false},"author":1,"featured_media":0,"comment_status":"closed","ping_status":"open","sticky":false,"template":"","format":"standard","meta":{"footnotes":""},"categories":[51,52,64],"tags":[],"class_list":["post-8637","post","type-post","status-publish","format-standard","hentry","category-comunidad","category-destacadas","category-videos-destacados"],"yoast_head":"<!-- This site is optimized with the Yoast SEO plugin v19.7.1 - https:\/\/yoast.com\/wordpress\/plugins\/seo\/ -->\n<title>PUNTO FINAL PARA LA CAMPA\u00d1A POR EL JARDIN DE COLONIA SAN MARTIN - CELTTV<\/title>\n<meta name=\"description\" content=\"Sitio web de noticias de la localidad de Tornquist, provincia de Buenos Aires, Rep\u00fablica Argentina. Contenido propio originado por periodistas de CELTTV, el canal de TV local de la Cooperativa El\u00e9ctrica de Tornquist. Turismo, Pol\u00edtica, Sociedad, Deporte, Cultura y todo el contenido de inter\u00e9s general que la gente del pueblo y la regi\u00f3n debe conocer.\" \/>\n<meta name=\"robots\" content=\"index, follow, max-snippet:-1, max-image-preview:large, max-video-preview:-1\" \/>\n<link rel=\"canonical\" href=\"https:\/\/www.celttv.com.ar\/index.php\/2012\/10\/23\/punto-final-para-la-campana-por-el-jardin-de-colonia-san-martin\/\" \/>\n<meta property=\"og:locale\" content=\"es_ES\" \/>\n<meta property=\"og:type\" content=\"article\" \/>\n<meta property=\"og:title\" content=\"PUNTO FINAL PARA LA CAMPA\u00d1A POR EL JARDIN DE COLONIA SAN MARTIN - CELTTV\" \/>\n<meta property=\"og:description\" content=\"Sitio web de noticias de la localidad de Tornquist, provincia de Buenos Aires, Rep\u00fablica Argentina. Contenido propio originado por periodistas de CELTTV, el canal de TV local de la Cooperativa El\u00e9ctrica de Tornquist. Turismo, Pol\u00edtica, Sociedad, Deporte, Cultura y todo el contenido de inter\u00e9s general que la gente del pueblo y la regi\u00f3n debe conocer.\" \/>\n<meta property=\"og:url\" content=\"https:\/\/www.celttv.com.ar\/index.php\/2012\/10\/23\/punto-final-para-la-campana-por-el-jardin-de-colonia-san-martin\/\" \/>\n<meta property=\"og:site_name\" content=\"CELTTV\" \/>\n<meta property=\"article:publisher\" content=\"https:\/\/www.facebook.com\/celtTV\/\" \/>\n<meta property=\"article:published_time\" content=\"2012-10-23T16:16:49+00:00\" \/>\n<meta name=\"author\" content=\"ulises\" \/>\n<meta name=\"twitter:card\" content=\"summary_large_image\" \/>\n<meta name=\"twitter:label1\" content=\"Escrito por\" \/>\n\t<meta name=\"twitter:data1\" content=\"ulises\" \/>\n\t<meta name=\"twitter:label2\" content=\"Tiempo de lectura\" \/>\n\t<meta name=\"twitter:data2\" content=\"1 minuto\" \/>\n<script type=\"application\/ld+json\" class=\"yoast-schema-graph\">{\"@context\":\"https:\/\/schema.org\",\"@graph\":[{\"@type\":\"NewsArticle\",\"@id\":\"https:\/\/www.celttv.com.ar\/index.php\/2012\/10\/23\/punto-final-para-la-campana-por-el-jardin-de-colonia-san-martin\/#article\",\"isPartOf\":{\"@id\":\"https:\/\/www.celttv.com.ar\/index.php\/2012\/10\/23\/punto-final-para-la-campana-por-el-jardin-de-colonia-san-martin\/\"},\"author\":{\"name\":\"ulises\",\"@id\":\"https:\/\/www.celttv.com.ar\/#\/schema\/person\/6d99c072dba59953809c81446e9d0ace\"},\"headline\":\"PUNTO FINAL PARA LA CAMPA\u00d1A POR EL JARDIN DE COLONIA SAN MARTIN\",\"datePublished\":\"2012-10-23T16:16:49+00:00\",\"dateModified\":\"2012-10-23T16:16:49+00:00\",\"mainEntityOfPage\":{\"@id\":\"https:\/\/www.celttv.com.ar\/index.php\/2012\/10\/23\/punto-final-para-la-campana-por-el-jardin-de-colonia-san-martin\/\"},\"wordCount\":307,\"publisher\":{\"@id\":\"https:\/\/www.celttv.com.ar\/#organization\"},\"articleSection\":[\"Comunidad\",\"Destacadas\",\"Videos Destacados\"],\"inLanguage\":\"es\"},{\"@type\":\"WebPage\",\"@id\":\"https:\/\/www.celttv.com.ar\/index.php\/2012\/10\/23\/punto-final-para-la-campana-por-el-jardin-de-colonia-san-martin\/\",\"url\":\"https:\/\/www.celttv.com.ar\/index.php\/2012\/10\/23\/punto-final-para-la-campana-por-el-jardin-de-colonia-san-martin\/\",\"name\":\"PUNTO FINAL PARA LA CAMPA\u00d1A POR EL JARDIN DE COLONIA SAN MARTIN - CELTTV\",\"isPartOf\":{\"@id\":\"https:\/\/www.celttv.com.ar\/#website\"},\"datePublished\":\"2012-10-23T16:16:49+00:00\",\"dateModified\":\"2012-10-23T16:16:49+00:00\",\"description\":\"Sitio web de noticias de la localidad de Tornquist, provincia de Buenos Aires, Rep\u00fablica Argentina. Contenido propio originado por periodistas de CELTTV, el canal de TV local de la Cooperativa El\u00e9ctrica de Tornquist. Turismo, Pol\u00edtica, Sociedad, Deporte, Cultura y todo el contenido de inter\u00e9s general que la gente del pueblo y la regi\u00f3n debe conocer.\",\"breadcrumb\":{\"@id\":\"https:\/\/www.celttv.com.ar\/index.php\/2012\/10\/23\/punto-final-para-la-campana-por-el-jardin-de-colonia-san-martin\/#breadcrumb\"},\"inLanguage\":\"es\",\"potentialAction\":[{\"@type\":\"ReadAction\",\"target\":[\"https:\/\/www.celttv.com.ar\/index.php\/2012\/10\/23\/punto-final-para-la-campana-por-el-jardin-de-colonia-san-martin\/\"]}]},{\"@type\":\"BreadcrumbList\",\"@id\":\"https:\/\/www.celttv.com.ar\/index.php\/2012\/10\/23\/punto-final-para-la-campana-por-el-jardin-de-colonia-san-martin\/#breadcrumb\",\"itemListElement\":[{\"@type\":\"ListItem\",\"position\":1,\"name\":\"Inicio\",\"item\":\"https:\/\/www.celttv.com.ar\/\"},{\"@type\":\"ListItem\",\"position\":2,\"name\":\"PUNTO FINAL PARA LA CAMPA\u00d1A POR EL JARDIN DE COLONIA SAN MARTIN\"}]},{\"@type\":\"WebSite\",\"@id\":\"https:\/\/www.celttv.com.ar\/#website\",\"url\":\"https:\/\/www.celttv.com.ar\/\",\"name\":\"CELTTV\",\"description\":\"Cooperativa El\u00e9ctrica de Tornquist\",\"publisher\":{\"@id\":\"https:\/\/www.celttv.com.ar\/#organization\"},\"potentialAction\":[{\"@type\":\"SearchAction\",\"target\":{\"@type\":\"EntryPoint\",\"urlTemplate\":\"https:\/\/www.celttv.com.ar\/?s={search_term_string}\"},\"query-input\":\"required name=search_term_string\"}],\"inLanguage\":\"es\"},{\"@type\":\"Organization\",\"@id\":\"https:\/\/www.celttv.com.ar\/#organization\",\"name\":\"CELTTV\",\"url\":\"https:\/\/www.celttv.com.ar\/\",\"sameAs\":[\"https:\/\/www.youtube.com\/channel\/UCz_oIt8Hig64Ub-EmcNPIhg\",\"https:\/\/www.facebook.com\/celtTV\/\"],\"logo\":{\"@type\":\"ImageObject\",\"inLanguage\":\"es\",\"@id\":\"https:\/\/www.celttv.com.ar\/#\/schema\/logo\/image\/\",\"url\":\"http:\/\/www.celttv.com.ar\/wp-content\/uploads\/2022\/08\/logo-1.png\",\"contentUrl\":\"http:\/\/www.celttv.com.ar\/wp-content\/uploads\/2022\/08\/logo-1.png\",\"width\":461,\"height\":159,\"caption\":\"CELTTV\"},\"image\":{\"@id\":\"https:\/\/www.celttv.com.ar\/#\/schema\/logo\/image\/\"}},{\"@type\":\"Person\",\"@id\":\"https:\/\/www.celttv.com.ar\/#\/schema\/person\/6d99c072dba59953809c81446e9d0ace\",\"name\":\"ulises\",\"image\":{\"@type\":\"ImageObject\",\"inLanguage\":\"es\",\"@id\":\"https:\/\/www.celttv.com.ar\/#\/schema\/person\/image\/\",\"url\":\"https:\/\/secure.gravatar.com\/avatar\/7f2c48bdc33b30088f941fb6082e555f2874c98e20cb159d7b92b50eadfce793?s=96&d=mm&r=g\",\"contentUrl\":\"https:\/\/secure.gravatar.com\/avatar\/7f2c48bdc33b30088f941fb6082e555f2874c98e20cb159d7b92b50eadfce793?s=96&d=mm&r=g\",\"caption\":\"ulises\"},\"sameAs\":[\"http:\/\/www.celttv.com.ar\"]}]}<\/script>\n<!-- \/ Yoast SEO plugin. -->","yoast_head_json":{"title":"PUNTO FINAL PARA LA CAMPA\u00d1A POR EL JARDIN DE COLONIA SAN MARTIN - CELTTV","description":"Sitio web de noticias de la localidad de Tornquist, provincia de Buenos Aires, Rep\u00fablica Argentina. Contenido propio originado por periodistas de CELTTV, el canal de TV local de la Cooperativa El\u00e9ctrica de Tornquist. Turismo, Pol\u00edtica, Sociedad, Deporte, Cultura y todo el contenido de inter\u00e9s general que la gente del pueblo y la regi\u00f3n debe conocer.","robots":{"index":"index","follow":"follow","max-snippet":"max-snippet:-1","max-image-preview":"max-image-preview:large","max-video-preview":"max-video-preview:-1"},"canonical":"https:\/\/www.celttv.com.ar\/index.php\/2012\/10\/23\/punto-final-para-la-campana-por-el-jardin-de-colonia-san-martin\/","og_locale":"es_ES","og_type":"article","og_title":"PUNTO FINAL PARA LA CAMPA\u00d1A POR EL JARDIN DE COLONIA SAN MARTIN - CELTTV","og_description":"Sitio web de noticias de la localidad de Tornquist, provincia de Buenos Aires, Rep\u00fablica Argentina. Contenido propio originado por periodistas de CELTTV, el canal de TV local de la Cooperativa El\u00e9ctrica de Tornquist. Turismo, Pol\u00edtica, Sociedad, Deporte, Cultura y todo el contenido de inter\u00e9s general que la gente del pueblo y la regi\u00f3n debe conocer.","og_url":"https:\/\/www.celttv.com.ar\/index.php\/2012\/10\/23\/punto-final-para-la-campana-por-el-jardin-de-colonia-san-martin\/","og_site_name":"CELTTV","article_publisher":"https:\/\/www.facebook.com\/celtTV\/","article_published_time":"2012-10-23T16:16:49+00:00","author":"ulises","twitter_card":"summary_large_image","twitter_misc":{"Escrito por":"ulises","Tiempo de lectura":"1 minuto"},"schema":{"@context":"https:\/\/schema.org","@graph":[{"@type":"NewsArticle","@id":"https:\/\/www.celttv.com.ar\/index.php\/2012\/10\/23\/punto-final-para-la-campana-por-el-jardin-de-colonia-san-martin\/#article","isPartOf":{"@id":"https:\/\/www.celttv.com.ar\/index.php\/2012\/10\/23\/punto-final-para-la-campana-por-el-jardin-de-colonia-san-martin\/"},"author":{"name":"ulises","@id":"https:\/\/www.celttv.com.ar\/#\/schema\/person\/6d99c072dba59953809c81446e9d0ace"},"headline":"PUNTO FINAL PARA LA CAMPA\u00d1A POR EL JARDIN DE COLONIA SAN MARTIN","datePublished":"2012-10-23T16:16:49+00:00","dateModified":"2012-10-23T16:16:49+00:00","mainEntityOfPage":{"@id":"https:\/\/www.celttv.com.ar\/index.php\/2012\/10\/23\/punto-final-para-la-campana-por-el-jardin-de-colonia-san-martin\/"},"wordCount":307,"publisher":{"@id":"https:\/\/www.celttv.com.ar\/#organization"},"articleSection":["Comunidad","Destacadas","Videos Destacados"],"inLanguage":"es"},{"@type":"WebPage","@id":"https:\/\/www.celttv.com.ar\/index.php\/2012\/10\/23\/punto-final-para-la-campana-por-el-jardin-de-colonia-san-martin\/","url":"https:\/\/www.celttv.com.ar\/index.php\/2012\/10\/23\/punto-final-para-la-campana-por-el-jardin-de-colonia-san-martin\/","name":"PUNTO FINAL PARA LA CAMPA\u00d1A POR EL JARDIN DE COLONIA SAN MARTIN - CELTTV","isPartOf":{"@id":"https:\/\/www.celttv.com.ar\/#website"},"datePublished":"2012-10-23T16:16:49+00:00","dateModified":"2012-10-23T16:16:49+00:00","description":"Sitio web de noticias de la localidad de Tornquist, provincia de Buenos Aires, Rep\u00fablica Argentina. Contenido propio originado por periodistas de CELTTV, el canal de TV local de la Cooperativa El\u00e9ctrica de Tornquist. Turismo, Pol\u00edtica, Sociedad, Deporte, Cultura y todo el contenido de inter\u00e9s general que la gente del pueblo y la regi\u00f3n debe conocer.","breadcrumb":{"@id":"https:\/\/www.celttv.com.ar\/index.php\/2012\/10\/23\/punto-final-para-la-campana-por-el-jardin-de-colonia-san-martin\/#breadcrumb"},"inLanguage":"es","potentialAction":[{"@type":"ReadAction","target":["https:\/\/www.celttv.com.ar\/index.php\/2012\/10\/23\/punto-final-para-la-campana-por-el-jardin-de-colonia-san-martin\/"]}]},{"@type":"BreadcrumbList","@id":"https:\/\/www.celttv.com.ar\/index.php\/2012\/10\/23\/punto-final-para-la-campana-por-el-jardin-de-colonia-san-martin\/#breadcrumb","itemListElement":[{"@type":"ListItem","position":1,"name":"Inicio","item":"https:\/\/www.celttv.com.ar\/"},{"@type":"ListItem","position":2,"name":"PUNTO FINAL PARA LA CAMPA\u00d1A POR EL JARDIN DE COLONIA SAN MARTIN"}]},{"@type":"WebSite","@id":"https:\/\/www.celttv.com.ar\/#website","url":"https:\/\/www.celttv.com.ar\/","name":"CELTTV","description":"Cooperativa El\u00e9ctrica de Tornquist","publisher":{"@id":"https:\/\/www.celttv.com.ar\/#organization"},"potentialAction":[{"@type":"SearchAction","target":{"@type":"EntryPoint","urlTemplate":"https:\/\/www.celttv.com.ar\/?s={search_term_string}"},"query-input":"required name=search_term_string"}],"inLanguage":"es"},{"@type":"Organization","@id":"https:\/\/www.celttv.com.ar\/#organization","name":"CELTTV","url":"https:\/\/www.celttv.com.ar\/","sameAs":["https:\/\/www.youtube.com\/channel\/UCz_oIt8Hig64Ub-EmcNPIhg","https:\/\/www.facebook.com\/celtTV\/"],"logo":{"@type":"ImageObject","inLanguage":"es","@id":"https:\/\/www.celttv.com.ar\/#\/schema\/logo\/image\/","url":"http:\/\/www.celttv.com.ar\/wp-content\/uploads\/2022\/08\/logo-1.png","contentUrl":"http:\/\/www.celttv.com.ar\/wp-content\/uploads\/2022\/08\/logo-1.png","width":461,"height":159,"caption":"CELTTV"},"image":{"@id":"https:\/\/www.celttv.com.ar\/#\/schema\/logo\/image\/"}},{"@type":"Person","@id":"https:\/\/www.celttv.com.ar\/#\/schema\/person\/6d99c072dba59953809c81446e9d0ace","name":"ulises","image":{"@type":"ImageObject","inLanguage":"es","@id":"https:\/\/www.celttv.com.ar\/#\/schema\/person\/image\/","url":"https:\/\/secure.gravatar.com\/avatar\/7f2c48bdc33b30088f941fb6082e555f2874c98e20cb159d7b92b50eadfce793?s=96&d=mm&r=g","contentUrl":"https:\/\/secure.gravatar.com\/avatar\/7f2c48bdc33b30088f941fb6082e555f2874c98e20cb159d7b92b50eadfce793?s=96&d=mm&r=g","caption":"ulises"},"sameAs":["http:\/\/www.celttv.com.ar"]}]}},"_links":{"self":[{"href":"https:\/\/www.celttv.com.ar\/index.php\/wp-json\/wp\/v2\/posts\/8637","targetHints":{"allow":["GET"]}}],"collection":[{"href":"https:\/\/www.celttv.com.ar\/index.php\/wp-json\/wp\/v2\/posts"}],"about":[{"href":"https:\/\/www.celttv.com.ar\/index.php\/wp-json\/wp\/v2\/types\/post"}],"author":[{"embeddable":true,"href":"https:\/\/www.celttv.com.ar\/index.php\/wp-json\/wp\/v2\/users\/1"}],"replies":[{"embeddable":true,"href":"https:\/\/www.celttv.com.ar\/index.php\/wp-json\/wp\/v2\/comments?post=8637"}],"version-history":[{"count":0,"href":"https:\/\/www.celttv.com.ar\/index.php\/wp-json\/wp\/v2\/posts\/8637\/revisions"}],"wp:attachment":[{"href":"https:\/\/www.celttv.com.ar\/index.php\/wp-json\/wp\/v2\/media?parent=8637"}],"wp:term":[{"taxonomy":"category","embeddable":true,"href":"https:\/\/www.celttv.com.ar\/index.php\/wp-json\/wp\/v2\/categories?post=8637"},{"taxonomy":"post_tag","embeddable":true,"href":"https:\/\/www.celttv.com.ar\/index.php\/wp-json\/wp\/v2\/tags?post=8637"}],"curies":[{"name":"wp","href":"https:\/\/api.w.org\/{rel}","templated":true}]}}