{"id":8642,"date":"2012-10-23T19:42:08","date_gmt":"2012-10-23T19:42:08","guid":{"rendered":"http:\/\/www.tvcnoticias.com.ar\/?p=8642"},"modified":"2012-10-23T19:42:08","modified_gmt":"2012-10-23T19:42:08","slug":"exitosa-y-concurrida-jornada-ganadera-en-la-asociacion-rural-de-tornquist","status":"publish","type":"post","link":"https:\/\/www.celttv.com.ar\/index.php\/2012\/10\/23\/exitosa-y-concurrida-jornada-ganadera-en-la-asociacion-rural-de-tornquist\/","title":{"rendered":"EXITOSA Y CONCURRIDA JORNADA GANADERA EN LA ASOCIACION RURAL DE TORNQUIST"},"content":{"rendered":"<p><a href=\"http:\/\/www.youtube.com\/watch?v=4guEq5z_TLk\">httpv:\/\/www.youtube.com\/watch?v=4guEq5z_TLk<\/a><br \/>\n<a href=\"http:\/\/www.youtube.com\/watch?v=URYYFzP7T3M\">httpv:\/\/www.youtube.com\/watch?v=URYYFzP7T3M<\/a><br \/>\n&#8220;La Intensificaci\u00f3n para mejorar la renta&#8221; fue el eje de la tem\u00e1tica abordada el pasado viernes durante la jornada organizada por la Asociaci\u00f3n Rural de Tornquist y el INTA Bordenave, desarrollada en las instalaciones de la entidad ruralista y con recorrida a campo visitando el establecimiento La Paloma, ubicado a pocos kil\u00f3metros de la ciudad cabecera.<br \/>\nUna buena concurrencia proveniente de distintas localidades sigui\u00f3 detenidamente el temario abordado por los profesionales quienes en todo momento se prestaron a las preguntas y el debate cuando fuera necesario.<br \/>\n&#8220;Fue muy buena la convocatoria, vino tambi\u00e9n mucha gente de distritos vecinos ,estudiantes de la Universidad, alumnos de la Escuela Agropecuaria&#8221; dijo Alfredo Belardinelli, presidente de la Asociaci\u00f3n Rural de Tornquist, quien estim\u00f3 la concurrencia en unas 180 personas.<br \/>\n&#8220;Con el INTA hemos realizado este tipo de encuentros, a veces m\u00e1s en el terreno social, hoy en el terreno econ\u00f3mico. Entendemos que la ganader\u00eda en el pa\u00eds, a pesar de que las pol\u00edticas no est\u00e9n acordes, va a seguir porque la carne es reconocida mundialmente y el argentino est\u00e1 acostumbrado a comer buena carne&#8221; dijo Belardinelli.<br \/>\n&#8220;Cambio el contexto de como producir, la intensificaci\u00f3n vino para quedarse, ya no es viable ser productor ganadero por tenencia de vacas, hay que ser empresario ganadero y producir carne y hay que ser eficiente y la eficiencia viene con la intensificaci\u00f3n. La intensificaci\u00f3n no es ponerle mas dinero, si no orientarlo mejor. Yo creo que en la ganader\u00eda viene un cambio estructural y siempre habr\u00e1 algo tradicional en la ganader\u00eda, como puede ser la yerra o recorrer a caballo con el perro y eso est\u00e1 b\u00e1rbaro, pero hay que agregarle intensificaci\u00f3n&#8221; dijo el presidente ruralista.<br \/>\n&#8220;Hay que achicar los per\u00edodos de engorde, hay que ser mas eficiente con la pre\u00f1ez de las vacas y lograr la mayor cantidad de terneros posibles. Tenemos que producir mas y mejor&#8221; sintetiz\u00f3 Belardinelli.<br \/>\n&#8220;Estas charlas no solo son buenas en la parte te\u00f3rica, sino que vamos a los campos donde se est\u00e1 haciendo esta pr\u00e1ctica y estamos muy conformes de poder brindarle estas herramientas a l productor para seguir arraigados en sus campos&#8221; sostuvo Belardinelli.<br \/>\n&#8220;Hoy existe un cambio generacional donde se est\u00e1 entendiendo toda esta situaci\u00f3n que es la capacitaci\u00f3n y hoy tenemos muchas herramientas en la mano; hoy no puede haber alguien desinformado, hoy est\u00e1 desinformado el que quiere, hoy la informaci\u00f3n est\u00e1 al alcance de la mano de todos. El tema pasa de tranqueras adentro que tomemos la decisi\u00f3n de ir probando cosas nuevas&#8221; se\u00f1al\u00f3.<br \/>\nLa importante presencia de productores en el predio ruralista fue considerado como un logro importante por el titular ruralista: &#8220;sabemos diferenciar lo que es un reclamo gremial de lo que significa aportar a la parte productiva; una cosa no reemplaza a la otra&#8221;<br \/>\n&#8220;Siempre hemos dicho que trabajar mas y agachar la cabeza no soluciona el problema, y estar todos los d\u00edas quej\u00e1ndose tampoco te soluciona el problema; las dos cosas van de la mano&#8221; asegur\u00f3 Belardinelli.<br \/>\n&#8220;No nos cansamos de insistir en esta ley del sudoeste acerca de la diferenciaci\u00f3n que tenemos que tener para todos los que est\u00e1n en esta regi\u00f3n&#8221; reclam\u00f3.<\/p>\n","protected":false},"excerpt":{"rendered":"<p>httpv:\/\/www.youtube.com\/watch?v=4guEq5z_TLk httpv:\/\/www.youtube.com\/watch?v=URYYFzP7T3M &#8220;La Intensificaci\u00f3n para mejorar la renta&#8221; fue el eje de la tem\u00e1tica abordada el pasado viernes durante la jornada organizada por la Asociaci\u00f3n Rural de Tornquist y el INTA Bordenave, desarrollada en las instalaciones de la entidad ruralista y con recorrida a campo visitando el establecimiento La Paloma, ubicado a pocos kil\u00f3metros de [&hellip;]<\/p>\n","protected":false},"author":1,"featured_media":0,"comment_status":"closed","ping_status":"open","sticky":false,"template":"","format":"standard","meta":{"footnotes":""},"categories":[51,52,64],"tags":[],"class_list":["post-8642","post","type-post","status-publish","format-standard","hentry","category-comunidad","category-destacadas","category-videos-destacados"],"yoast_head":"<!-- This site is optimized with the Yoast SEO plugin v19.7.1 - https:\/\/yoast.com\/wordpress\/plugins\/seo\/ -->\n<title>EXITOSA Y CONCURRIDA JORNADA GANADERA EN LA ASOCIACION RURAL DE TORNQUIST - CELTTV<\/title>\n<meta name=\"description\" content=\"Sitio web de noticias de la localidad de Tornquist, provincia de Buenos Aires, Rep\u00fablica Argentina. Contenido propio originado por periodistas de CELTTV, el canal de TV local de la Cooperativa El\u00e9ctrica de Tornquist. Turismo, Pol\u00edtica, Sociedad, Deporte, Cultura y todo el contenido de inter\u00e9s general que la gente del pueblo y la regi\u00f3n debe conocer.\" \/>\n<meta name=\"robots\" content=\"index, follow, max-snippet:-1, max-image-preview:large, max-video-preview:-1\" \/>\n<link rel=\"canonical\" href=\"https:\/\/www.celttv.com.ar\/index.php\/2012\/10\/23\/exitosa-y-concurrida-jornada-ganadera-en-la-asociacion-rural-de-tornquist\/\" \/>\n<meta property=\"og:locale\" content=\"es_ES\" \/>\n<meta property=\"og:type\" content=\"article\" \/>\n<meta property=\"og:title\" content=\"EXITOSA Y CONCURRIDA JORNADA GANADERA EN LA ASOCIACION RURAL DE TORNQUIST - CELTTV\" \/>\n<meta property=\"og:description\" content=\"Sitio web de noticias de la localidad de Tornquist, provincia de Buenos Aires, Rep\u00fablica Argentina. Contenido propio originado por periodistas de CELTTV, el canal de TV local de la Cooperativa El\u00e9ctrica de Tornquist. Turismo, Pol\u00edtica, Sociedad, Deporte, Cultura y todo el contenido de inter\u00e9s general que la gente del pueblo y la regi\u00f3n debe conocer.\" \/>\n<meta property=\"og:url\" content=\"https:\/\/www.celttv.com.ar\/index.php\/2012\/10\/23\/exitosa-y-concurrida-jornada-ganadera-en-la-asociacion-rural-de-tornquist\/\" \/>\n<meta property=\"og:site_name\" content=\"CELTTV\" \/>\n<meta property=\"article:publisher\" content=\"https:\/\/www.facebook.com\/celtTV\/\" \/>\n<meta property=\"article:published_time\" content=\"2012-10-23T19:42:08+00:00\" \/>\n<meta name=\"author\" content=\"ulises\" \/>\n<meta name=\"twitter:card\" content=\"summary_large_image\" \/>\n<meta name=\"twitter:label1\" content=\"Escrito por\" \/>\n\t<meta name=\"twitter:data1\" content=\"ulises\" \/>\n\t<meta name=\"twitter:label2\" content=\"Tiempo de lectura\" \/>\n\t<meta name=\"twitter:data2\" content=\"3 minutos\" \/>\n<script type=\"application\/ld+json\" class=\"yoast-schema-graph\">{\"@context\":\"https:\/\/schema.org\",\"@graph\":[{\"@type\":\"NewsArticle\",\"@id\":\"https:\/\/www.celttv.com.ar\/index.php\/2012\/10\/23\/exitosa-y-concurrida-jornada-ganadera-en-la-asociacion-rural-de-tornquist\/#article\",\"isPartOf\":{\"@id\":\"https:\/\/www.celttv.com.ar\/index.php\/2012\/10\/23\/exitosa-y-concurrida-jornada-ganadera-en-la-asociacion-rural-de-tornquist\/\"},\"author\":{\"name\":\"ulises\",\"@id\":\"https:\/\/www.celttv.com.ar\/#\/schema\/person\/6d99c072dba59953809c81446e9d0ace\"},\"headline\":\"EXITOSA Y CONCURRIDA JORNADA GANADERA EN LA ASOCIACION RURAL DE TORNQUIST\",\"datePublished\":\"2012-10-23T19:42:08+00:00\",\"dateModified\":\"2012-10-23T19:42:08+00:00\",\"mainEntityOfPage\":{\"@id\":\"https:\/\/www.celttv.com.ar\/index.php\/2012\/10\/23\/exitosa-y-concurrida-jornada-ganadera-en-la-asociacion-rural-de-tornquist\/\"},\"wordCount\":582,\"publisher\":{\"@id\":\"https:\/\/www.celttv.com.ar\/#organization\"},\"articleSection\":[\"Comunidad\",\"Destacadas\",\"Videos Destacados\"],\"inLanguage\":\"es\"},{\"@type\":\"WebPage\",\"@id\":\"https:\/\/www.celttv.com.ar\/index.php\/2012\/10\/23\/exitosa-y-concurrida-jornada-ganadera-en-la-asociacion-rural-de-tornquist\/\",\"url\":\"https:\/\/www.celttv.com.ar\/index.php\/2012\/10\/23\/exitosa-y-concurrida-jornada-ganadera-en-la-asociacion-rural-de-tornquist\/\",\"name\":\"EXITOSA Y CONCURRIDA JORNADA GANADERA EN LA ASOCIACION RURAL DE TORNQUIST - CELTTV\",\"isPartOf\":{\"@id\":\"https:\/\/www.celttv.com.ar\/#website\"},\"datePublished\":\"2012-10-23T19:42:08+00:00\",\"dateModified\":\"2012-10-23T19:42:08+00:00\",\"description\":\"Sitio web de noticias de la localidad de Tornquist, provincia de Buenos Aires, Rep\u00fablica Argentina. Contenido propio originado por periodistas de CELTTV, el canal de TV local de la Cooperativa El\u00e9ctrica de Tornquist. Turismo, Pol\u00edtica, Sociedad, Deporte, Cultura y todo el contenido de inter\u00e9s general que la gente del pueblo y la regi\u00f3n debe conocer.\",\"breadcrumb\":{\"@id\":\"https:\/\/www.celttv.com.ar\/index.php\/2012\/10\/23\/exitosa-y-concurrida-jornada-ganadera-en-la-asociacion-rural-de-tornquist\/#breadcrumb\"},\"inLanguage\":\"es\",\"potentialAction\":[{\"@type\":\"ReadAction\",\"target\":[\"https:\/\/www.celttv.com.ar\/index.php\/2012\/10\/23\/exitosa-y-concurrida-jornada-ganadera-en-la-asociacion-rural-de-tornquist\/\"]}]},{\"@type\":\"BreadcrumbList\",\"@id\":\"https:\/\/www.celttv.com.ar\/index.php\/2012\/10\/23\/exitosa-y-concurrida-jornada-ganadera-en-la-asociacion-rural-de-tornquist\/#breadcrumb\",\"itemListElement\":[{\"@type\":\"ListItem\",\"position\":1,\"name\":\"Inicio\",\"item\":\"https:\/\/www.celttv.com.ar\/\"},{\"@type\":\"ListItem\",\"position\":2,\"name\":\"EXITOSA Y CONCURRIDA JORNADA GANADERA EN LA ASOCIACION RURAL DE TORNQUIST\"}]},{\"@type\":\"WebSite\",\"@id\":\"https:\/\/www.celttv.com.ar\/#website\",\"url\":\"https:\/\/www.celttv.com.ar\/\",\"name\":\"CELTTV\",\"description\":\"Cooperativa El\u00e9ctrica de Tornquist\",\"publisher\":{\"@id\":\"https:\/\/www.celttv.com.ar\/#organization\"},\"potentialAction\":[{\"@type\":\"SearchAction\",\"target\":{\"@type\":\"EntryPoint\",\"urlTemplate\":\"https:\/\/www.celttv.com.ar\/?s={search_term_string}\"},\"query-input\":\"required name=search_term_string\"}],\"inLanguage\":\"es\"},{\"@type\":\"Organization\",\"@id\":\"https:\/\/www.celttv.com.ar\/#organization\",\"name\":\"CELTTV\",\"url\":\"https:\/\/www.celttv.com.ar\/\",\"sameAs\":[\"https:\/\/www.youtube.com\/channel\/UCz_oIt8Hig64Ub-EmcNPIhg\",\"https:\/\/www.facebook.com\/celtTV\/\"],\"logo\":{\"@type\":\"ImageObject\",\"inLanguage\":\"es\",\"@id\":\"https:\/\/www.celttv.com.ar\/#\/schema\/logo\/image\/\",\"url\":\"http:\/\/www.celttv.com.ar\/wp-content\/uploads\/2022\/08\/logo-1.png\",\"contentUrl\":\"http:\/\/www.celttv.com.ar\/wp-content\/uploads\/2022\/08\/logo-1.png\",\"width\":461,\"height\":159,\"caption\":\"CELTTV\"},\"image\":{\"@id\":\"https:\/\/www.celttv.com.ar\/#\/schema\/logo\/image\/\"}},{\"@type\":\"Person\",\"@id\":\"https:\/\/www.celttv.com.ar\/#\/schema\/person\/6d99c072dba59953809c81446e9d0ace\",\"name\":\"ulises\",\"image\":{\"@type\":\"ImageObject\",\"inLanguage\":\"es\",\"@id\":\"https:\/\/www.celttv.com.ar\/#\/schema\/person\/image\/\",\"url\":\"https:\/\/secure.gravatar.com\/avatar\/7f2c48bdc33b30088f941fb6082e555f2874c98e20cb159d7b92b50eadfce793?s=96&d=mm&r=g\",\"contentUrl\":\"https:\/\/secure.gravatar.com\/avatar\/7f2c48bdc33b30088f941fb6082e555f2874c98e20cb159d7b92b50eadfce793?s=96&d=mm&r=g\",\"caption\":\"ulises\"},\"sameAs\":[\"http:\/\/www.celttv.com.ar\"]}]}<\/script>\n<!-- \/ Yoast SEO plugin. -->","yoast_head_json":{"title":"EXITOSA Y CONCURRIDA JORNADA GANADERA EN LA ASOCIACION RURAL DE TORNQUIST - CELTTV","description":"Sitio web de noticias de la localidad de Tornquist, provincia de Buenos Aires, Rep\u00fablica Argentina. Contenido propio originado por periodistas de CELTTV, el canal de TV local de la Cooperativa El\u00e9ctrica de Tornquist. Turismo, Pol\u00edtica, Sociedad, Deporte, Cultura y todo el contenido de inter\u00e9s general que la gente del pueblo y la regi\u00f3n debe conocer.","robots":{"index":"index","follow":"follow","max-snippet":"max-snippet:-1","max-image-preview":"max-image-preview:large","max-video-preview":"max-video-preview:-1"},"canonical":"https:\/\/www.celttv.com.ar\/index.php\/2012\/10\/23\/exitosa-y-concurrida-jornada-ganadera-en-la-asociacion-rural-de-tornquist\/","og_locale":"es_ES","og_type":"article","og_title":"EXITOSA Y CONCURRIDA JORNADA GANADERA EN LA ASOCIACION RURAL DE TORNQUIST - CELTTV","og_description":"Sitio web de noticias de la localidad de Tornquist, provincia de Buenos Aires, Rep\u00fablica Argentina. Contenido propio originado por periodistas de CELTTV, el canal de TV local de la Cooperativa El\u00e9ctrica de Tornquist. Turismo, Pol\u00edtica, Sociedad, Deporte, Cultura y todo el contenido de inter\u00e9s general que la gente del pueblo y la regi\u00f3n debe conocer.","og_url":"https:\/\/www.celttv.com.ar\/index.php\/2012\/10\/23\/exitosa-y-concurrida-jornada-ganadera-en-la-asociacion-rural-de-tornquist\/","og_site_name":"CELTTV","article_publisher":"https:\/\/www.facebook.com\/celtTV\/","article_published_time":"2012-10-23T19:42:08+00:00","author":"ulises","twitter_card":"summary_large_image","twitter_misc":{"Escrito por":"ulises","Tiempo de lectura":"3 minutos"},"schema":{"@context":"https:\/\/schema.org","@graph":[{"@type":"NewsArticle","@id":"https:\/\/www.celttv.com.ar\/index.php\/2012\/10\/23\/exitosa-y-concurrida-jornada-ganadera-en-la-asociacion-rural-de-tornquist\/#article","isPartOf":{"@id":"https:\/\/www.celttv.com.ar\/index.php\/2012\/10\/23\/exitosa-y-concurrida-jornada-ganadera-en-la-asociacion-rural-de-tornquist\/"},"author":{"name":"ulises","@id":"https:\/\/www.celttv.com.ar\/#\/schema\/person\/6d99c072dba59953809c81446e9d0ace"},"headline":"EXITOSA Y CONCURRIDA JORNADA GANADERA EN LA ASOCIACION RURAL DE TORNQUIST","datePublished":"2012-10-23T19:42:08+00:00","dateModified":"2012-10-23T19:42:08+00:00","mainEntityOfPage":{"@id":"https:\/\/www.celttv.com.ar\/index.php\/2012\/10\/23\/exitosa-y-concurrida-jornada-ganadera-en-la-asociacion-rural-de-tornquist\/"},"wordCount":582,"publisher":{"@id":"https:\/\/www.celttv.com.ar\/#organization"},"articleSection":["Comunidad","Destacadas","Videos Destacados"],"inLanguage":"es"},{"@type":"WebPage","@id":"https:\/\/www.celttv.com.ar\/index.php\/2012\/10\/23\/exitosa-y-concurrida-jornada-ganadera-en-la-asociacion-rural-de-tornquist\/","url":"https:\/\/www.celttv.com.ar\/index.php\/2012\/10\/23\/exitosa-y-concurrida-jornada-ganadera-en-la-asociacion-rural-de-tornquist\/","name":"EXITOSA Y CONCURRIDA JORNADA GANADERA EN LA ASOCIACION RURAL DE TORNQUIST - CELTTV","isPartOf":{"@id":"https:\/\/www.celttv.com.ar\/#website"},"datePublished":"2012-10-23T19:42:08+00:00","dateModified":"2012-10-23T19:42:08+00:00","description":"Sitio web de noticias de la localidad de Tornquist, provincia de Buenos Aires, Rep\u00fablica Argentina. Contenido propio originado por periodistas de CELTTV, el canal de TV local de la Cooperativa El\u00e9ctrica de Tornquist. Turismo, Pol\u00edtica, Sociedad, Deporte, Cultura y todo el contenido de inter\u00e9s general que la gente del pueblo y la regi\u00f3n debe conocer.","breadcrumb":{"@id":"https:\/\/www.celttv.com.ar\/index.php\/2012\/10\/23\/exitosa-y-concurrida-jornada-ganadera-en-la-asociacion-rural-de-tornquist\/#breadcrumb"},"inLanguage":"es","potentialAction":[{"@type":"ReadAction","target":["https:\/\/www.celttv.com.ar\/index.php\/2012\/10\/23\/exitosa-y-concurrida-jornada-ganadera-en-la-asociacion-rural-de-tornquist\/"]}]},{"@type":"BreadcrumbList","@id":"https:\/\/www.celttv.com.ar\/index.php\/2012\/10\/23\/exitosa-y-concurrida-jornada-ganadera-en-la-asociacion-rural-de-tornquist\/#breadcrumb","itemListElement":[{"@type":"ListItem","position":1,"name":"Inicio","item":"https:\/\/www.celttv.com.ar\/"},{"@type":"ListItem","position":2,"name":"EXITOSA Y CONCURRIDA JORNADA GANADERA EN LA ASOCIACION RURAL DE TORNQUIST"}]},{"@type":"WebSite","@id":"https:\/\/www.celttv.com.ar\/#website","url":"https:\/\/www.celttv.com.ar\/","name":"CELTTV","description":"Cooperativa El\u00e9ctrica de Tornquist","publisher":{"@id":"https:\/\/www.celttv.com.ar\/#organization"},"potentialAction":[{"@type":"SearchAction","target":{"@type":"EntryPoint","urlTemplate":"https:\/\/www.celttv.com.ar\/?s={search_term_string}"},"query-input":"required name=search_term_string"}],"inLanguage":"es"},{"@type":"Organization","@id":"https:\/\/www.celttv.com.ar\/#organization","name":"CELTTV","url":"https:\/\/www.celttv.com.ar\/","sameAs":["https:\/\/www.youtube.com\/channel\/UCz_oIt8Hig64Ub-EmcNPIhg","https:\/\/www.facebook.com\/celtTV\/"],"logo":{"@type":"ImageObject","inLanguage":"es","@id":"https:\/\/www.celttv.com.ar\/#\/schema\/logo\/image\/","url":"http:\/\/www.celttv.com.ar\/wp-content\/uploads\/2022\/08\/logo-1.png","contentUrl":"http:\/\/www.celttv.com.ar\/wp-content\/uploads\/2022\/08\/logo-1.png","width":461,"height":159,"caption":"CELTTV"},"image":{"@id":"https:\/\/www.celttv.com.ar\/#\/schema\/logo\/image\/"}},{"@type":"Person","@id":"https:\/\/www.celttv.com.ar\/#\/schema\/person\/6d99c072dba59953809c81446e9d0ace","name":"ulises","image":{"@type":"ImageObject","inLanguage":"es","@id":"https:\/\/www.celttv.com.ar\/#\/schema\/person\/image\/","url":"https:\/\/secure.gravatar.com\/avatar\/7f2c48bdc33b30088f941fb6082e555f2874c98e20cb159d7b92b50eadfce793?s=96&d=mm&r=g","contentUrl":"https:\/\/secure.gravatar.com\/avatar\/7f2c48bdc33b30088f941fb6082e555f2874c98e20cb159d7b92b50eadfce793?s=96&d=mm&r=g","caption":"ulises"},"sameAs":["http:\/\/www.celttv.com.ar"]}]}},"_links":{"self":[{"href":"https:\/\/www.celttv.com.ar\/index.php\/wp-json\/wp\/v2\/posts\/8642","targetHints":{"allow":["GET"]}}],"collection":[{"href":"https:\/\/www.celttv.com.ar\/index.php\/wp-json\/wp\/v2\/posts"}],"about":[{"href":"https:\/\/www.celttv.com.ar\/index.php\/wp-json\/wp\/v2\/types\/post"}],"author":[{"embeddable":true,"href":"https:\/\/www.celttv.com.ar\/index.php\/wp-json\/wp\/v2\/users\/1"}],"replies":[{"embeddable":true,"href":"https:\/\/www.celttv.com.ar\/index.php\/wp-json\/wp\/v2\/comments?post=8642"}],"version-history":[{"count":0,"href":"https:\/\/www.celttv.com.ar\/index.php\/wp-json\/wp\/v2\/posts\/8642\/revisions"}],"wp:attachment":[{"href":"https:\/\/www.celttv.com.ar\/index.php\/wp-json\/wp\/v2\/media?parent=8642"}],"wp:term":[{"taxonomy":"category","embeddable":true,"href":"https:\/\/www.celttv.com.ar\/index.php\/wp-json\/wp\/v2\/categories?post=8642"},{"taxonomy":"post_tag","embeddable":true,"href":"https:\/\/www.celttv.com.ar\/index.php\/wp-json\/wp\/v2\/tags?post=8642"}],"curies":[{"name":"wp","href":"https:\/\/api.w.org\/{rel}","templated":true}]}}