{"id":8645,"date":"2012-10-23T20:57:46","date_gmt":"2012-10-23T20:57:46","guid":{"rendered":"http:\/\/www.tvcnoticias.com.ar\/?p=8645"},"modified":"2012-10-23T20:57:46","modified_gmt":"2012-10-23T20:57:46","slug":"alto-acatamiento-al-paro-docente-en-el-distrito-de-tornquist-cuales-son-los-reclamos-opina-la-directora-del-colegio-nuestra-senora-de-lujan","status":"publish","type":"post","link":"https:\/\/www.celttv.com.ar\/index.php\/2012\/10\/23\/alto-acatamiento-al-paro-docente-en-el-distrito-de-tornquist-cuales-son-los-reclamos-opina-la-directora-del-colegio-nuestra-senora-de-lujan\/","title":{"rendered":"ALTO ACATAMIENTO AL PARO DOCENTE EN EL DISTRITO DE TORNQUIST &#8211; \u00bfCUALES SON LOS RECLAMOS? (opina la Directora del Colegio Nuestra Se\u00f1ora de Luj\u00e1n)"},"content":{"rendered":"<p>La primer jornada de paro programada por los distintos gremios docentes arroj\u00f3 una adhesi\u00f3n superior al 90% en todo el distrito.<br \/>\nDurante la ma\u00f1ana de este martes hubo un 90% de adhesi\u00f3n y en el turno tarde lleg\u00f3 al 89% tomando en cuenta las escuelas p\u00fablicas.<br \/>\nMientras tanto se inform\u00f3 desde el Colegio Nuestra Se\u00f1ora de Luj\u00e1n que para ambas jornadas la adhesi\u00f3n en la rama primaria ser\u00eda del 100% y en el nivel secundario asisti\u00f3 un solo docente \u00e9ste martes mientras que serian tres los docentes que concurrir\u00edan ma\u00f1ana mi\u00e9rcoles en la segunda jornada de protesta.<br \/>\nEn este sentido rescatamos la opini\u00f3n de la Directora del mencionado establecimiento Hna. Marta Allaltuni y el director del nivel secundario Diego Arean.<br \/>\nCUALES SON LOS RECLAMOS..?<br \/>\nEl reclamo se centra en: la urgente normalizaci\u00f3n de los salarios de quienes ingresaron en marzo, abril o mayo y a\u00fan est\u00e1n sin cobrar ( mas de 3000 docentes) , la situaci\u00f3n de los Servicios Alimentarios Escolares, la paralizaci\u00f3n de las obras en infraestructura, el corte del transporte escolar en escuelas rurales y de isla, la injusticia del no cobro de asignaciones familiares por gran parte de los trabajadores y la eliminaci\u00f3n de la cuarta categor\u00eda en ganancias.<br \/>\nAsimismo hay retrasos en los aportes al IOMA, en algunos lugares empieza a haber retrasos en los pagos y cortes en los servicios y no hay convocatoria a Paritarias.<br \/>\n<a>httpv:\/\/www.youtube.com\/watch?v=1G8bfQwYEjM<\/a><\/p>\n","protected":false},"excerpt":{"rendered":"<p>La primer jornada de paro programada por los distintos gremios docentes arroj\u00f3 una adhesi\u00f3n superior al 90% en todo el distrito. Durante la ma\u00f1ana de este martes hubo un 90% de adhesi\u00f3n y en el turno tarde lleg\u00f3 al 89% tomando en cuenta las escuelas p\u00fablicas. Mientras tanto se inform\u00f3 desde el Colegio Nuestra Se\u00f1ora [&hellip;]<\/p>\n","protected":false},"author":1,"featured_media":0,"comment_status":"closed","ping_status":"open","sticky":false,"template":"","format":"standard","meta":{"footnotes":""},"categories":[51,52,64],"tags":[],"class_list":["post-8645","post","type-post","status-publish","format-standard","hentry","category-comunidad","category-destacadas","category-videos-destacados"],"yoast_head":"<!-- This site is optimized with the Yoast SEO plugin v19.7.1 - https:\/\/yoast.com\/wordpress\/plugins\/seo\/ -->\n<title>ALTO ACATAMIENTO AL PARO DOCENTE EN EL DISTRITO DE TORNQUIST - \u00bfCUALES SON LOS RECLAMOS? (opina la Directora del Colegio Nuestra Se\u00f1ora de Luj\u00e1n) - CELTTV<\/title>\n<meta name=\"description\" content=\"Sitio web de noticias de la localidad de Tornquist, provincia de Buenos Aires, Rep\u00fablica Argentina. Contenido propio originado por periodistas de CELTTV, el canal de TV local de la Cooperativa El\u00e9ctrica de Tornquist. Turismo, Pol\u00edtica, Sociedad, Deporte, Cultura y todo el contenido de inter\u00e9s general que la gente del pueblo y la regi\u00f3n debe conocer.\" \/>\n<meta name=\"robots\" content=\"index, follow, max-snippet:-1, max-image-preview:large, max-video-preview:-1\" \/>\n<link rel=\"canonical\" href=\"https:\/\/www.celttv.com.ar\/index.php\/2012\/10\/23\/alto-acatamiento-al-paro-docente-en-el-distrito-de-tornquist-cuales-son-los-reclamos-opina-la-directora-del-colegio-nuestra-senora-de-lujan\/\" \/>\n<meta property=\"og:locale\" content=\"es_ES\" \/>\n<meta property=\"og:type\" content=\"article\" \/>\n<meta property=\"og:title\" content=\"ALTO ACATAMIENTO AL PARO DOCENTE EN EL DISTRITO DE TORNQUIST - \u00bfCUALES SON LOS RECLAMOS? (opina la Directora del Colegio Nuestra Se\u00f1ora de Luj\u00e1n) - CELTTV\" \/>\n<meta property=\"og:description\" content=\"Sitio web de noticias de la localidad de Tornquist, provincia de Buenos Aires, Rep\u00fablica Argentina. Contenido propio originado por periodistas de CELTTV, el canal de TV local de la Cooperativa El\u00e9ctrica de Tornquist. Turismo, Pol\u00edtica, Sociedad, Deporte, Cultura y todo el contenido de inter\u00e9s general que la gente del pueblo y la regi\u00f3n debe conocer.\" \/>\n<meta property=\"og:url\" content=\"https:\/\/www.celttv.com.ar\/index.php\/2012\/10\/23\/alto-acatamiento-al-paro-docente-en-el-distrito-de-tornquist-cuales-son-los-reclamos-opina-la-directora-del-colegio-nuestra-senora-de-lujan\/\" \/>\n<meta property=\"og:site_name\" content=\"CELTTV\" \/>\n<meta property=\"article:publisher\" content=\"https:\/\/www.facebook.com\/celtTV\/\" \/>\n<meta property=\"article:published_time\" content=\"2012-10-23T20:57:46+00:00\" \/>\n<meta name=\"author\" content=\"ulises\" \/>\n<meta name=\"twitter:card\" content=\"summary_large_image\" \/>\n<meta name=\"twitter:label1\" content=\"Escrito por\" \/>\n\t<meta name=\"twitter:data1\" content=\"ulises\" \/>\n\t<meta name=\"twitter:label2\" content=\"Tiempo de lectura\" \/>\n\t<meta name=\"twitter:data2\" content=\"1 minuto\" \/>\n<script type=\"application\/ld+json\" class=\"yoast-schema-graph\">{\"@context\":\"https:\/\/schema.org\",\"@graph\":[{\"@type\":\"NewsArticle\",\"@id\":\"https:\/\/www.celttv.com.ar\/index.php\/2012\/10\/23\/alto-acatamiento-al-paro-docente-en-el-distrito-de-tornquist-cuales-son-los-reclamos-opina-la-directora-del-colegio-nuestra-senora-de-lujan\/#article\",\"isPartOf\":{\"@id\":\"https:\/\/www.celttv.com.ar\/index.php\/2012\/10\/23\/alto-acatamiento-al-paro-docente-en-el-distrito-de-tornquist-cuales-son-los-reclamos-opina-la-directora-del-colegio-nuestra-senora-de-lujan\/\"},\"author\":{\"name\":\"ulises\",\"@id\":\"https:\/\/www.celttv.com.ar\/#\/schema\/person\/6d99c072dba59953809c81446e9d0ace\"},\"headline\":\"ALTO ACATAMIENTO AL PARO DOCENTE EN EL DISTRITO DE TORNQUIST &#8211; \u00bfCUALES SON LOS RECLAMOS? (opina la Directora del Colegio Nuestra Se\u00f1ora de Luj\u00e1n)\",\"datePublished\":\"2012-10-23T20:57:46+00:00\",\"dateModified\":\"2012-10-23T20:57:46+00:00\",\"mainEntityOfPage\":{\"@id\":\"https:\/\/www.celttv.com.ar\/index.php\/2012\/10\/23\/alto-acatamiento-al-paro-docente-en-el-distrito-de-tornquist-cuales-son-los-reclamos-opina-la-directora-del-colegio-nuestra-senora-de-lujan\/\"},\"wordCount\":277,\"publisher\":{\"@id\":\"https:\/\/www.celttv.com.ar\/#organization\"},\"articleSection\":[\"Comunidad\",\"Destacadas\",\"Videos Destacados\"],\"inLanguage\":\"es\"},{\"@type\":\"WebPage\",\"@id\":\"https:\/\/www.celttv.com.ar\/index.php\/2012\/10\/23\/alto-acatamiento-al-paro-docente-en-el-distrito-de-tornquist-cuales-son-los-reclamos-opina-la-directora-del-colegio-nuestra-senora-de-lujan\/\",\"url\":\"https:\/\/www.celttv.com.ar\/index.php\/2012\/10\/23\/alto-acatamiento-al-paro-docente-en-el-distrito-de-tornquist-cuales-son-los-reclamos-opina-la-directora-del-colegio-nuestra-senora-de-lujan\/\",\"name\":\"ALTO ACATAMIENTO AL PARO DOCENTE EN EL DISTRITO DE TORNQUIST - \u00bfCUALES SON LOS RECLAMOS? (opina la Directora del Colegio Nuestra Se\u00f1ora de Luj\u00e1n) - CELTTV\",\"isPartOf\":{\"@id\":\"https:\/\/www.celttv.com.ar\/#website\"},\"datePublished\":\"2012-10-23T20:57:46+00:00\",\"dateModified\":\"2012-10-23T20:57:46+00:00\",\"description\":\"Sitio web de noticias de la localidad de Tornquist, provincia de Buenos Aires, Rep\u00fablica Argentina. Contenido propio originado por periodistas de CELTTV, el canal de TV local de la Cooperativa El\u00e9ctrica de Tornquist. Turismo, Pol\u00edtica, Sociedad, Deporte, Cultura y todo el contenido de inter\u00e9s general que la gente del pueblo y la regi\u00f3n debe conocer.\",\"breadcrumb\":{\"@id\":\"https:\/\/www.celttv.com.ar\/index.php\/2012\/10\/23\/alto-acatamiento-al-paro-docente-en-el-distrito-de-tornquist-cuales-son-los-reclamos-opina-la-directora-del-colegio-nuestra-senora-de-lujan\/#breadcrumb\"},\"inLanguage\":\"es\",\"potentialAction\":[{\"@type\":\"ReadAction\",\"target\":[\"https:\/\/www.celttv.com.ar\/index.php\/2012\/10\/23\/alto-acatamiento-al-paro-docente-en-el-distrito-de-tornquist-cuales-son-los-reclamos-opina-la-directora-del-colegio-nuestra-senora-de-lujan\/\"]}]},{\"@type\":\"BreadcrumbList\",\"@id\":\"https:\/\/www.celttv.com.ar\/index.php\/2012\/10\/23\/alto-acatamiento-al-paro-docente-en-el-distrito-de-tornquist-cuales-son-los-reclamos-opina-la-directora-del-colegio-nuestra-senora-de-lujan\/#breadcrumb\",\"itemListElement\":[{\"@type\":\"ListItem\",\"position\":1,\"name\":\"Inicio\",\"item\":\"https:\/\/www.celttv.com.ar\/\"},{\"@type\":\"ListItem\",\"position\":2,\"name\":\"ALTO ACATAMIENTO AL PARO DOCENTE EN EL DISTRITO DE TORNQUIST &#8211; \u00bfCUALES SON LOS RECLAMOS? (opina la Directora del Colegio Nuestra Se\u00f1ora de Luj\u00e1n)\"}]},{\"@type\":\"WebSite\",\"@id\":\"https:\/\/www.celttv.com.ar\/#website\",\"url\":\"https:\/\/www.celttv.com.ar\/\",\"name\":\"CELTTV\",\"description\":\"Cooperativa El\u00e9ctrica de Tornquist\",\"publisher\":{\"@id\":\"https:\/\/www.celttv.com.ar\/#organization\"},\"potentialAction\":[{\"@type\":\"SearchAction\",\"target\":{\"@type\":\"EntryPoint\",\"urlTemplate\":\"https:\/\/www.celttv.com.ar\/?s={search_term_string}\"},\"query-input\":\"required name=search_term_string\"}],\"inLanguage\":\"es\"},{\"@type\":\"Organization\",\"@id\":\"https:\/\/www.celttv.com.ar\/#organization\",\"name\":\"CELTTV\",\"url\":\"https:\/\/www.celttv.com.ar\/\",\"sameAs\":[\"https:\/\/www.youtube.com\/channel\/UCz_oIt8Hig64Ub-EmcNPIhg\",\"https:\/\/www.facebook.com\/celtTV\/\"],\"logo\":{\"@type\":\"ImageObject\",\"inLanguage\":\"es\",\"@id\":\"https:\/\/www.celttv.com.ar\/#\/schema\/logo\/image\/\",\"url\":\"http:\/\/www.celttv.com.ar\/wp-content\/uploads\/2022\/08\/logo-1.png\",\"contentUrl\":\"http:\/\/www.celttv.com.ar\/wp-content\/uploads\/2022\/08\/logo-1.png\",\"width\":461,\"height\":159,\"caption\":\"CELTTV\"},\"image\":{\"@id\":\"https:\/\/www.celttv.com.ar\/#\/schema\/logo\/image\/\"}},{\"@type\":\"Person\",\"@id\":\"https:\/\/www.celttv.com.ar\/#\/schema\/person\/6d99c072dba59953809c81446e9d0ace\",\"name\":\"ulises\",\"image\":{\"@type\":\"ImageObject\",\"inLanguage\":\"es\",\"@id\":\"https:\/\/www.celttv.com.ar\/#\/schema\/person\/image\/\",\"url\":\"https:\/\/secure.gravatar.com\/avatar\/7f2c48bdc33b30088f941fb6082e555f2874c98e20cb159d7b92b50eadfce793?s=96&d=mm&r=g\",\"contentUrl\":\"https:\/\/secure.gravatar.com\/avatar\/7f2c48bdc33b30088f941fb6082e555f2874c98e20cb159d7b92b50eadfce793?s=96&d=mm&r=g\",\"caption\":\"ulises\"},\"sameAs\":[\"http:\/\/www.celttv.com.ar\"]}]}<\/script>\n<!-- \/ Yoast SEO plugin. -->","yoast_head_json":{"title":"ALTO ACATAMIENTO AL PARO DOCENTE EN EL DISTRITO DE TORNQUIST - \u00bfCUALES SON LOS RECLAMOS? (opina la Directora del Colegio Nuestra Se\u00f1ora de Luj\u00e1n) - CELTTV","description":"Sitio web de noticias de la localidad de Tornquist, provincia de Buenos Aires, Rep\u00fablica Argentina. Contenido propio originado por periodistas de CELTTV, el canal de TV local de la Cooperativa El\u00e9ctrica de Tornquist. Turismo, Pol\u00edtica, Sociedad, Deporte, Cultura y todo el contenido de inter\u00e9s general que la gente del pueblo y la regi\u00f3n debe conocer.","robots":{"index":"index","follow":"follow","max-snippet":"max-snippet:-1","max-image-preview":"max-image-preview:large","max-video-preview":"max-video-preview:-1"},"canonical":"https:\/\/www.celttv.com.ar\/index.php\/2012\/10\/23\/alto-acatamiento-al-paro-docente-en-el-distrito-de-tornquist-cuales-son-los-reclamos-opina-la-directora-del-colegio-nuestra-senora-de-lujan\/","og_locale":"es_ES","og_type":"article","og_title":"ALTO ACATAMIENTO AL PARO DOCENTE EN EL DISTRITO DE TORNQUIST - \u00bfCUALES SON LOS RECLAMOS? (opina la Directora del Colegio Nuestra Se\u00f1ora de Luj\u00e1n) - CELTTV","og_description":"Sitio web de noticias de la localidad de Tornquist, provincia de Buenos Aires, Rep\u00fablica Argentina. Contenido propio originado por periodistas de CELTTV, el canal de TV local de la Cooperativa El\u00e9ctrica de Tornquist. Turismo, Pol\u00edtica, Sociedad, Deporte, Cultura y todo el contenido de inter\u00e9s general que la gente del pueblo y la regi\u00f3n debe conocer.","og_url":"https:\/\/www.celttv.com.ar\/index.php\/2012\/10\/23\/alto-acatamiento-al-paro-docente-en-el-distrito-de-tornquist-cuales-son-los-reclamos-opina-la-directora-del-colegio-nuestra-senora-de-lujan\/","og_site_name":"CELTTV","article_publisher":"https:\/\/www.facebook.com\/celtTV\/","article_published_time":"2012-10-23T20:57:46+00:00","author":"ulises","twitter_card":"summary_large_image","twitter_misc":{"Escrito por":"ulises","Tiempo de lectura":"1 minuto"},"schema":{"@context":"https:\/\/schema.org","@graph":[{"@type":"NewsArticle","@id":"https:\/\/www.celttv.com.ar\/index.php\/2012\/10\/23\/alto-acatamiento-al-paro-docente-en-el-distrito-de-tornquist-cuales-son-los-reclamos-opina-la-directora-del-colegio-nuestra-senora-de-lujan\/#article","isPartOf":{"@id":"https:\/\/www.celttv.com.ar\/index.php\/2012\/10\/23\/alto-acatamiento-al-paro-docente-en-el-distrito-de-tornquist-cuales-son-los-reclamos-opina-la-directora-del-colegio-nuestra-senora-de-lujan\/"},"author":{"name":"ulises","@id":"https:\/\/www.celttv.com.ar\/#\/schema\/person\/6d99c072dba59953809c81446e9d0ace"},"headline":"ALTO ACATAMIENTO AL PARO DOCENTE EN EL DISTRITO DE TORNQUIST &#8211; \u00bfCUALES SON LOS RECLAMOS? (opina la Directora del Colegio Nuestra Se\u00f1ora de Luj\u00e1n)","datePublished":"2012-10-23T20:57:46+00:00","dateModified":"2012-10-23T20:57:46+00:00","mainEntityOfPage":{"@id":"https:\/\/www.celttv.com.ar\/index.php\/2012\/10\/23\/alto-acatamiento-al-paro-docente-en-el-distrito-de-tornquist-cuales-son-los-reclamos-opina-la-directora-del-colegio-nuestra-senora-de-lujan\/"},"wordCount":277,"publisher":{"@id":"https:\/\/www.celttv.com.ar\/#organization"},"articleSection":["Comunidad","Destacadas","Videos Destacados"],"inLanguage":"es"},{"@type":"WebPage","@id":"https:\/\/www.celttv.com.ar\/index.php\/2012\/10\/23\/alto-acatamiento-al-paro-docente-en-el-distrito-de-tornquist-cuales-son-los-reclamos-opina-la-directora-del-colegio-nuestra-senora-de-lujan\/","url":"https:\/\/www.celttv.com.ar\/index.php\/2012\/10\/23\/alto-acatamiento-al-paro-docente-en-el-distrito-de-tornquist-cuales-son-los-reclamos-opina-la-directora-del-colegio-nuestra-senora-de-lujan\/","name":"ALTO ACATAMIENTO AL PARO DOCENTE EN EL DISTRITO DE TORNQUIST - \u00bfCUALES SON LOS RECLAMOS? (opina la Directora del Colegio Nuestra Se\u00f1ora de Luj\u00e1n) - CELTTV","isPartOf":{"@id":"https:\/\/www.celttv.com.ar\/#website"},"datePublished":"2012-10-23T20:57:46+00:00","dateModified":"2012-10-23T20:57:46+00:00","description":"Sitio web de noticias de la localidad de Tornquist, provincia de Buenos Aires, Rep\u00fablica Argentina. Contenido propio originado por periodistas de CELTTV, el canal de TV local de la Cooperativa El\u00e9ctrica de Tornquist. Turismo, Pol\u00edtica, Sociedad, Deporte, Cultura y todo el contenido de inter\u00e9s general que la gente del pueblo y la regi\u00f3n debe conocer.","breadcrumb":{"@id":"https:\/\/www.celttv.com.ar\/index.php\/2012\/10\/23\/alto-acatamiento-al-paro-docente-en-el-distrito-de-tornquist-cuales-son-los-reclamos-opina-la-directora-del-colegio-nuestra-senora-de-lujan\/#breadcrumb"},"inLanguage":"es","potentialAction":[{"@type":"ReadAction","target":["https:\/\/www.celttv.com.ar\/index.php\/2012\/10\/23\/alto-acatamiento-al-paro-docente-en-el-distrito-de-tornquist-cuales-son-los-reclamos-opina-la-directora-del-colegio-nuestra-senora-de-lujan\/"]}]},{"@type":"BreadcrumbList","@id":"https:\/\/www.celttv.com.ar\/index.php\/2012\/10\/23\/alto-acatamiento-al-paro-docente-en-el-distrito-de-tornquist-cuales-son-los-reclamos-opina-la-directora-del-colegio-nuestra-senora-de-lujan\/#breadcrumb","itemListElement":[{"@type":"ListItem","position":1,"name":"Inicio","item":"https:\/\/www.celttv.com.ar\/"},{"@type":"ListItem","position":2,"name":"ALTO ACATAMIENTO AL PARO DOCENTE EN EL DISTRITO DE TORNQUIST &#8211; \u00bfCUALES SON LOS RECLAMOS? (opina la Directora del Colegio Nuestra Se\u00f1ora de Luj\u00e1n)"}]},{"@type":"WebSite","@id":"https:\/\/www.celttv.com.ar\/#website","url":"https:\/\/www.celttv.com.ar\/","name":"CELTTV","description":"Cooperativa El\u00e9ctrica de Tornquist","publisher":{"@id":"https:\/\/www.celttv.com.ar\/#organization"},"potentialAction":[{"@type":"SearchAction","target":{"@type":"EntryPoint","urlTemplate":"https:\/\/www.celttv.com.ar\/?s={search_term_string}"},"query-input":"required name=search_term_string"}],"inLanguage":"es"},{"@type":"Organization","@id":"https:\/\/www.celttv.com.ar\/#organization","name":"CELTTV","url":"https:\/\/www.celttv.com.ar\/","sameAs":["https:\/\/www.youtube.com\/channel\/UCz_oIt8Hig64Ub-EmcNPIhg","https:\/\/www.facebook.com\/celtTV\/"],"logo":{"@type":"ImageObject","inLanguage":"es","@id":"https:\/\/www.celttv.com.ar\/#\/schema\/logo\/image\/","url":"http:\/\/www.celttv.com.ar\/wp-content\/uploads\/2022\/08\/logo-1.png","contentUrl":"http:\/\/www.celttv.com.ar\/wp-content\/uploads\/2022\/08\/logo-1.png","width":461,"height":159,"caption":"CELTTV"},"image":{"@id":"https:\/\/www.celttv.com.ar\/#\/schema\/logo\/image\/"}},{"@type":"Person","@id":"https:\/\/www.celttv.com.ar\/#\/schema\/person\/6d99c072dba59953809c81446e9d0ace","name":"ulises","image":{"@type":"ImageObject","inLanguage":"es","@id":"https:\/\/www.celttv.com.ar\/#\/schema\/person\/image\/","url":"https:\/\/secure.gravatar.com\/avatar\/7f2c48bdc33b30088f941fb6082e555f2874c98e20cb159d7b92b50eadfce793?s=96&d=mm&r=g","contentUrl":"https:\/\/secure.gravatar.com\/avatar\/7f2c48bdc33b30088f941fb6082e555f2874c98e20cb159d7b92b50eadfce793?s=96&d=mm&r=g","caption":"ulises"},"sameAs":["http:\/\/www.celttv.com.ar"]}]}},"_links":{"self":[{"href":"https:\/\/www.celttv.com.ar\/index.php\/wp-json\/wp\/v2\/posts\/8645","targetHints":{"allow":["GET"]}}],"collection":[{"href":"https:\/\/www.celttv.com.ar\/index.php\/wp-json\/wp\/v2\/posts"}],"about":[{"href":"https:\/\/www.celttv.com.ar\/index.php\/wp-json\/wp\/v2\/types\/post"}],"author":[{"embeddable":true,"href":"https:\/\/www.celttv.com.ar\/index.php\/wp-json\/wp\/v2\/users\/1"}],"replies":[{"embeddable":true,"href":"https:\/\/www.celttv.com.ar\/index.php\/wp-json\/wp\/v2\/comments?post=8645"}],"version-history":[{"count":0,"href":"https:\/\/www.celttv.com.ar\/index.php\/wp-json\/wp\/v2\/posts\/8645\/revisions"}],"wp:attachment":[{"href":"https:\/\/www.celttv.com.ar\/index.php\/wp-json\/wp\/v2\/media?parent=8645"}],"wp:term":[{"taxonomy":"category","embeddable":true,"href":"https:\/\/www.celttv.com.ar\/index.php\/wp-json\/wp\/v2\/categories?post=8645"},{"taxonomy":"post_tag","embeddable":true,"href":"https:\/\/www.celttv.com.ar\/index.php\/wp-json\/wp\/v2\/tags?post=8645"}],"curies":[{"name":"wp","href":"https:\/\/api.w.org\/{rel}","templated":true}]}}