{"id":86479,"date":"2024-10-15T17:05:46","date_gmt":"2024-10-15T20:05:46","guid":{"rendered":"https:\/\/www.celttv.com.ar\/?p=86479"},"modified":"2024-10-15T17:08:10","modified_gmt":"2024-10-15T20:08:10","slug":"proyectos-presentados-por-los-bloque-ucr-juntos","status":"publish","type":"post","link":"https:\/\/www.celttv.com.ar\/index.php\/2024\/10\/15\/proyectos-presentados-por-los-bloque-ucr-juntos\/","title":{"rendered":"Proyectos presentados por los bloque UCR. &#8211; Juntos"},"content":{"rendered":"<div>\n<div dir=\"auto\">POLO ECOL\u00d3GICO CHASIC\u00d3\u00a0<img loading=\"lazy\" decoding=\"async\" class=\"CToWUd\" src=\"https:\/\/ci3.googleusercontent.com\/meips\/ADKq_NaMBJ0zd3O0GgCO8JbZRZ9fNKdbIVihnsHXXuUXvWd_uZRHnDcZ8ufjSPfJekxPe0lCc0wmfh7Wy_krpY4ikQS9Q0RMRCrxGuA8Gi9jCZd21odv_sPsUg=s0-d-e1-ft#https:\/\/static.xx.fbcdn.net\/images\/emoji.php\/v9\/tf8\/1\/16\/267b.png\" alt=\"\u267b\ufe0f\" width=\"16\" height=\"16\" data-bit=\"iit\" \/><\/div>\n<\/div>\n<div>\n<div dir=\"auto\">Presentamos Proyecto de Resoluci\u00f3n solicitando al Intendente Municipal Sr. Sergio Bordoni se expida con celeridad sobre la factibilidad del traspaso de las tierras del Ferrocarril de la localidad de Chasic\u00f3 a la Municipalidad de Tornquist, teniendo como \u00fanico destino la radicaci\u00f3n del \u201cPolo Ecol\u00f3gico Chasic\u00f3\u201d, Proyecto ganador del concurso de energ\u00edas renovables promocionado por el Ministerio de Ciencia y Tecnolog\u00eda e Innovaci\u00f3n de la Provincia de\u00a0Buenos Aires en el a\u00f1o 2017.<\/div>\n<div dir=\"auto\"><\/div>\n<div dir=\"auto\">\n<div>\n<div dir=\"auto\">DEFICIENCIAS EN EL CEMENTERIO MUNICIPAL DE TORNQUIST<\/div>\n<\/div>\n<div>\n<div dir=\"auto\">D\u00edas pasados un contribuyente del Distrito hizo llegar, v\u00eda mail, a<\/div>\n<div dir=\"auto\">nuestro Bloque, reclamo sobre las diferentes falencias en el Cementerio Municipal. Tomando dicho reclamo presentamos Minuta de Comunicaci\u00f3n solicitando al Departamento Ejecutivo Municipal que, a trav\u00e9s de la Secretar\u00eda de Obras y Servicios P\u00fablicos, elabore un Proyecto de mejoras de las instalaciones del Cementerio Municipal.<\/div>\n<\/div>\n<\/div>\n<\/div>\n<div dir=\"auto\"><\/div>\n<div dir=\"auto\"><img loading=\"lazy\" decoding=\"async\" class=\"alignnone wp-image-86480 size-full\" src=\"https:\/\/www.celttv.com.ar\/wp-content\/uploads\/2024\/10\/PROYECTO-DE-RESOLUCION-POLO-ECOLOGICO-DE-CHASICO.png\" alt=\"\" width=\"940\" height=\"788\" srcset=\"https:\/\/www.celttv.com.ar\/wp-content\/uploads\/2024\/10\/PROYECTO-DE-RESOLUCION-POLO-ECOLOGICO-DE-CHASICO.png 940w, https:\/\/www.celttv.com.ar\/wp-content\/uploads\/2024\/10\/PROYECTO-DE-RESOLUCION-POLO-ECOLOGICO-DE-CHASICO-300x251.png 300w, https:\/\/www.celttv.com.ar\/wp-content\/uploads\/2024\/10\/PROYECTO-DE-RESOLUCION-POLO-ECOLOGICO-DE-CHASICO-768x644.png 768w, https:\/\/www.celttv.com.ar\/wp-content\/uploads\/2024\/10\/PROYECTO-DE-RESOLUCION-POLO-ECOLOGICO-DE-CHASICO-750x629.png 750w\" sizes=\"auto, (max-width: 940px) 100vw, 940px\" \/><\/div>\n<div dir=\"auto\">\n<p><strong><u>TITULO:<\/u><\/strong>Solicitar al Intendente Municipal Sr. Sergio Bordoni se expida con celeridad sobre la factibilidad del traspaso de las tierras del Ferrocarril de la localidad de Chasic\u00f3 a la Municipalidad de Tornquist teniendo como \u00fanico destino la radicaci\u00f3n del <strong>\u201cPolo Ecol\u00f3gico Chasic\u00f3\u201d<\/strong>.<\/p>\n<p><strong>\u00a0<\/strong><\/p>\n<p><strong>Tornquist, 15 de octubre de 2024.-<\/strong><\/p>\n<p><strong><u>\u00a0<\/u><\/strong><\/p>\n<p><strong><u>\u00a0<\/u><\/strong><\/p>\n<p><strong><u>VISTO:<\/u><\/strong><\/p>\n<p>&nbsp;<\/p>\n<p>El Proyecto ganador delconcurso de energ\u00edas renovables promocionado por el Ministerio de Ciencia y Tecnolog\u00eda e Innovaci\u00f3n de la Provincia de Buenos Aires en el a\u00f1o 2017,<strong>\u201cPolo Ecol\u00f3gico Chasic\u00f3\u201d<\/strong>, y;<\/p>\n<p><strong><u>\u00a0<\/u><\/strong><\/p>\n<p><strong><u>CONSIDERANDO: <\/u><\/strong><\/p>\n<p><strong><u>\u00a0<\/u><\/strong><\/p>\n<p>Que es un deber irrenunciable del Estado la promoci\u00f3n de pol\u00edticas p\u00fablicas para el desarrollo productivo sustentable de los pueblos;<\/p>\n<p>Que dicho proyecto tiene como finalidad la protecci\u00f3n de la salud y el medio ambiente, como as\u00ed tambi\u00e9n la econom\u00eda circular en las peque\u00f1as comunidades;<\/p>\n<p>Que, en particular, este Proyecto se basa en aprovechar \u201clo que habitualmente se descarta\u201d, impidiendo la contaminaci\u00f3n, utiliz\u00e1ndolo para producir energ\u00eda que impulse procesos productivos;<\/p>\n<p>Que es un Proyecto pensado para transformar la matriz productiva y laboral de la localidad de Chasic\u00f3, donde es tendencia desde hace muchos a\u00f1os, que solo un 3% de los j\u00f3venes contin\u00faan sus vidas en la localidad;<\/p>\n<p>Que, mediante la Resoluci\u00f3n N\u00ba 19\/18, el Proyecto fue declarado de Inter\u00e9s Municipal por el Honorable Concejo Deliberante;<\/p>\n<p>Que el mencionado Proyecto fue declarado de inter\u00e9s Provincial en el a\u00f1o 2019 por la C\u00e1mara de Diputados de la Provincia de Buenos Aires;<\/p>\n<p>Que mediante Resoluci\u00f3n 15\/23 el H.C.D le solicit\u00f3 al Intendente Municipal que tramite el traspaso de las tierras necesarias para la localizaci\u00f3n del Proyecto, del ferrocarril a la Municipalidad de Tornquist;<\/p>\n<p>Que habiendo trascurrido m\u00e1s de un a\u00f1o de la \u00faltima solicitud y ante la posibilidad de que, por falta de tierras para la localizaci\u00f3n, el Proyecto no se instale en el Distrito;<\/p>\n<p><strong><u>\u00a0<\/u><\/strong><\/p>\n<p><strong><u>POR ELLO:<\/u><\/strong><\/p>\n<p>&nbsp;<\/p>\n<p><strong><u>LOS BLOQUES DE JUNTOS Y JUNTOS POR EL CAMBIO<\/u><\/strong><\/p>\n<p><strong><u>PROPONEN EL SIGUIENTE PROYECTO DE RESOLUCI\u00d3N<\/u><\/strong><\/p>\n<p><strong><u>\u00a0<\/u><\/strong><\/p>\n<p><strong><u>ART\u00cdCULO 1\u00b0<\/u><\/strong><u>:<\/u> Solicitar al Intendente Municipal Sr. Sergio Bordonise expida con celeridad sobre la factibilidad del traspaso de lastierras del Ferrocarril de la localidad de Chasic\u00f3 a la Municipalidad de Tornquist, teniendo como \u00fanico destino la radicaci\u00f3n del <strong>\u201cPolo Ecol\u00f3gico Chasic\u00f3\u201d.<\/strong><\/p>\n<p>&nbsp;<\/p>\n<p><strong><u>ART\u00cdCULO 2\u00b0:<\/u><\/strong>De no ser factible los solicitado en el Art 1\u00b0, se analice la posibilidad de instalar el Proyecto en tierras municipales disponibles.<\/p>\n<p>&nbsp;<\/p>\n<p><strong><u>ART\u00cdCULO 3\u00b0:<\/u><\/strong> Enviar copia dela Presente a los autores del proyecto<strong>\u201cPolo Ecol\u00f3gicoChasic\u00f3\u201d<\/strong>.<\/p>\n<p><strong><u>\u00a0<\/u><\/strong><\/p>\n<p><strong><u>ARTICULO 4\u00b0:<\/u><\/strong> De forma.<\/p>\n<p><img loading=\"lazy\" decoding=\"async\" class=\"alignnone wp-image-86481 size-full\" src=\"https:\/\/www.celttv.com.ar\/wp-content\/uploads\/2024\/10\/MINUTA-DE-COMUNICACION-CEMENTERIO-TORNQUIST.png\" alt=\"\" width=\"940\" height=\"788\" srcset=\"https:\/\/www.celttv.com.ar\/wp-content\/uploads\/2024\/10\/MINUTA-DE-COMUNICACION-CEMENTERIO-TORNQUIST.png 940w, https:\/\/www.celttv.com.ar\/wp-content\/uploads\/2024\/10\/MINUTA-DE-COMUNICACION-CEMENTERIO-TORNQUIST-300x251.png 300w, https:\/\/www.celttv.com.ar\/wp-content\/uploads\/2024\/10\/MINUTA-DE-COMUNICACION-CEMENTERIO-TORNQUIST-768x644.png 768w, https:\/\/www.celttv.com.ar\/wp-content\/uploads\/2024\/10\/MINUTA-DE-COMUNICACION-CEMENTERIO-TORNQUIST-750x629.png 750w\" sizes=\"auto, (max-width: 940px) 100vw, 940px\" \/><\/p>\n<p><a href=\"https:\/\/www.celttv.com.ar\/wp-content\/uploads\/2024\/10\/MINUTA-CEMENTERIO.docx\">MINUTA &#8211; CEMENTERIO<\/a><\/p>\n<\/div>\n","protected":false},"excerpt":{"rendered":"<p>POLO ECOL\u00d3GICO CHASIC\u00d3\u00a0 Presentamos Proyecto de Resoluci\u00f3n solicitando al Intendente Municipal Sr. Sergio Bordoni se expida con celeridad sobre la factibilidad del traspaso de las tierras del Ferrocarril de la localidad de Chasic\u00f3 a la Municipalidad de Tornquist, teniendo como \u00fanico destino la radicaci\u00f3n del \u201cPolo Ecol\u00f3gico Chasic\u00f3\u201d, Proyecto ganador del concurso de energ\u00edas renovables [&hellip;]<\/p>\n","protected":false},"author":5,"featured_media":86480,"comment_status":"closed","ping_status":"closed","sticky":false,"template":"","format":"standard","meta":{"footnotes":""},"categories":[51,53],"tags":[],"class_list":["post-86479","post","type-post","status-publish","format-standard","has-post-thumbnail","hentry","category-comunidad","category-politica"],"yoast_head":"<!-- This site is optimized with the Yoast SEO plugin v19.7.1 - https:\/\/yoast.com\/wordpress\/plugins\/seo\/ -->\n<title>Proyectos presentados por los bloque UCR. - Juntos - CELTTV<\/title>\n<meta name=\"description\" content=\"Sitio web de noticias de la localidad de Tornquist, provincia de Buenos Aires, Rep\u00fablica Argentina. Contenido propio originado por periodistas de CELTTV, el canal de TV local de la Cooperativa El\u00e9ctrica de Tornquist. Turismo, Pol\u00edtica, Sociedad, Deporte, Cultura y todo el contenido de inter\u00e9s general que la gente del pueblo y la regi\u00f3n debe conocer.\" \/>\n<meta name=\"robots\" content=\"index, follow, max-snippet:-1, max-image-preview:large, max-video-preview:-1\" \/>\n<link rel=\"canonical\" href=\"https:\/\/www.celttv.com.ar\/index.php\/2024\/10\/15\/proyectos-presentados-por-los-bloque-ucr-juntos\/\" \/>\n<meta property=\"og:locale\" content=\"es_ES\" \/>\n<meta property=\"og:type\" content=\"article\" \/>\n<meta property=\"og:title\" content=\"Proyectos presentados por los bloque UCR. - Juntos - CELTTV\" \/>\n<meta property=\"og:description\" content=\"Sitio web de noticias de la localidad de Tornquist, provincia de Buenos Aires, Rep\u00fablica Argentina. Contenido propio originado por periodistas de CELTTV, el canal de TV local de la Cooperativa El\u00e9ctrica de Tornquist. Turismo, Pol\u00edtica, Sociedad, Deporte, Cultura y todo el contenido de inter\u00e9s general que la gente del pueblo y la regi\u00f3n debe conocer.\" \/>\n<meta property=\"og:url\" content=\"https:\/\/www.celttv.com.ar\/index.php\/2024\/10\/15\/proyectos-presentados-por-los-bloque-ucr-juntos\/\" \/>\n<meta property=\"og:site_name\" content=\"CELTTV\" \/>\n<meta property=\"article:publisher\" content=\"https:\/\/www.facebook.com\/celtTV\/\" \/>\n<meta property=\"article:published_time\" content=\"2024-10-15T20:05:46+00:00\" \/>\n<meta property=\"article:modified_time\" content=\"2024-10-15T20:08:10+00:00\" \/>\n<meta property=\"og:image\" content=\"https:\/\/www.celttv.com.ar\/wp-content\/uploads\/2024\/10\/PROYECTO-DE-RESOLUCION-POLO-ECOLOGICO-DE-CHASICO.png\" \/>\n\t<meta property=\"og:image:width\" content=\"940\" \/>\n\t<meta property=\"og:image:height\" content=\"788\" \/>\n\t<meta property=\"og:image:type\" content=\"image\/png\" \/>\n<meta name=\"author\" content=\"Miguel Herrada\" \/>\n<meta name=\"twitter:card\" content=\"summary_large_image\" \/>\n<meta name=\"twitter:label1\" content=\"Escrito por\" \/>\n\t<meta name=\"twitter:data1\" content=\"Miguel Herrada\" \/>\n\t<meta name=\"twitter:label2\" content=\"Tiempo de lectura\" \/>\n\t<meta name=\"twitter:data2\" content=\"3 minutos\" \/>\n<script type=\"application\/ld+json\" class=\"yoast-schema-graph\">{\"@context\":\"https:\/\/schema.org\",\"@graph\":[{\"@type\":\"NewsArticle\",\"@id\":\"https:\/\/www.celttv.com.ar\/index.php\/2024\/10\/15\/proyectos-presentados-por-los-bloque-ucr-juntos\/#article\",\"isPartOf\":{\"@id\":\"https:\/\/www.celttv.com.ar\/index.php\/2024\/10\/15\/proyectos-presentados-por-los-bloque-ucr-juntos\/\"},\"author\":{\"name\":\"Miguel Herrada\",\"@id\":\"https:\/\/www.celttv.com.ar\/#\/schema\/person\/9059dc91dc7204ef4182cdb65225f07d\"},\"headline\":\"Proyectos presentados por los bloque UCR. &#8211; Juntos\",\"datePublished\":\"2024-10-15T20:05:46+00:00\",\"dateModified\":\"2024-10-15T20:08:10+00:00\",\"mainEntityOfPage\":{\"@id\":\"https:\/\/www.celttv.com.ar\/index.php\/2024\/10\/15\/proyectos-presentados-por-los-bloque-ucr-juntos\/\"},\"wordCount\":586,\"publisher\":{\"@id\":\"https:\/\/www.celttv.com.ar\/#organization\"},\"articleSection\":[\"Comunidad\",\"Pol\u00edtica\"],\"inLanguage\":\"es\"},{\"@type\":\"WebPage\",\"@id\":\"https:\/\/www.celttv.com.ar\/index.php\/2024\/10\/15\/proyectos-presentados-por-los-bloque-ucr-juntos\/\",\"url\":\"https:\/\/www.celttv.com.ar\/index.php\/2024\/10\/15\/proyectos-presentados-por-los-bloque-ucr-juntos\/\",\"name\":\"Proyectos presentados por los bloque UCR. - Juntos - CELTTV\",\"isPartOf\":{\"@id\":\"https:\/\/www.celttv.com.ar\/#website\"},\"datePublished\":\"2024-10-15T20:05:46+00:00\",\"dateModified\":\"2024-10-15T20:08:10+00:00\",\"description\":\"Sitio web de noticias de la localidad de Tornquist, provincia de Buenos Aires, Rep\u00fablica Argentina. Contenido propio originado por periodistas de CELTTV, el canal de TV local de la Cooperativa El\u00e9ctrica de Tornquist. Turismo, Pol\u00edtica, Sociedad, Deporte, Cultura y todo el contenido de inter\u00e9s general que la gente del pueblo y la regi\u00f3n debe conocer.\",\"breadcrumb\":{\"@id\":\"https:\/\/www.celttv.com.ar\/index.php\/2024\/10\/15\/proyectos-presentados-por-los-bloque-ucr-juntos\/#breadcrumb\"},\"inLanguage\":\"es\",\"potentialAction\":[{\"@type\":\"ReadAction\",\"target\":[\"https:\/\/www.celttv.com.ar\/index.php\/2024\/10\/15\/proyectos-presentados-por-los-bloque-ucr-juntos\/\"]}]},{\"@type\":\"BreadcrumbList\",\"@id\":\"https:\/\/www.celttv.com.ar\/index.php\/2024\/10\/15\/proyectos-presentados-por-los-bloque-ucr-juntos\/#breadcrumb\",\"itemListElement\":[{\"@type\":\"ListItem\",\"position\":1,\"name\":\"Inicio\",\"item\":\"https:\/\/www.celttv.com.ar\/\"},{\"@type\":\"ListItem\",\"position\":2,\"name\":\"Proyectos presentados por los bloque UCR. &#8211; Juntos\"}]},{\"@type\":\"WebSite\",\"@id\":\"https:\/\/www.celttv.com.ar\/#website\",\"url\":\"https:\/\/www.celttv.com.ar\/\",\"name\":\"CELTTV\",\"description\":\"Cooperativa El\u00e9ctrica de Tornquist\",\"publisher\":{\"@id\":\"https:\/\/www.celttv.com.ar\/#organization\"},\"potentialAction\":[{\"@type\":\"SearchAction\",\"target\":{\"@type\":\"EntryPoint\",\"urlTemplate\":\"https:\/\/www.celttv.com.ar\/?s={search_term_string}\"},\"query-input\":\"required name=search_term_string\"}],\"inLanguage\":\"es\"},{\"@type\":\"Organization\",\"@id\":\"https:\/\/www.celttv.com.ar\/#organization\",\"name\":\"CELTTV\",\"url\":\"https:\/\/www.celttv.com.ar\/\",\"sameAs\":[\"https:\/\/www.youtube.com\/channel\/UCz_oIt8Hig64Ub-EmcNPIhg\",\"https:\/\/www.facebook.com\/celtTV\/\"],\"logo\":{\"@type\":\"ImageObject\",\"inLanguage\":\"es\",\"@id\":\"https:\/\/www.celttv.com.ar\/#\/schema\/logo\/image\/\",\"url\":\"http:\/\/www.celttv.com.ar\/wp-content\/uploads\/2022\/08\/logo-1.png\",\"contentUrl\":\"http:\/\/www.celttv.com.ar\/wp-content\/uploads\/2022\/08\/logo-1.png\",\"width\":461,\"height\":159,\"caption\":\"CELTTV\"},\"image\":{\"@id\":\"https:\/\/www.celttv.com.ar\/#\/schema\/logo\/image\/\"}},{\"@type\":\"Person\",\"@id\":\"https:\/\/www.celttv.com.ar\/#\/schema\/person\/9059dc91dc7204ef4182cdb65225f07d\",\"name\":\"Miguel Herrada\",\"image\":{\"@type\":\"ImageObject\",\"inLanguage\":\"es\",\"@id\":\"https:\/\/www.celttv.com.ar\/#\/schema\/person\/image\/\",\"url\":\"https:\/\/secure.gravatar.com\/avatar\/67724d5b3c716623ffd76bec7e45841a442ac3b456e914dbba90b0fad2b8e0b1?s=96&d=mm&r=g\",\"contentUrl\":\"https:\/\/secure.gravatar.com\/avatar\/67724d5b3c716623ffd76bec7e45841a442ac3b456e914dbba90b0fad2b8e0b1?s=96&d=mm&r=g\",\"caption\":\"Miguel Herrada\"}}]}<\/script>\n<!-- \/ Yoast SEO plugin. -->","yoast_head_json":{"title":"Proyectos presentados por los bloque UCR. - Juntos - CELTTV","description":"Sitio web de noticias de la localidad de Tornquist, provincia de Buenos Aires, Rep\u00fablica Argentina. Contenido propio originado por periodistas de CELTTV, el canal de TV local de la Cooperativa El\u00e9ctrica de Tornquist. Turismo, Pol\u00edtica, Sociedad, Deporte, Cultura y todo el contenido de inter\u00e9s general que la gente del pueblo y la regi\u00f3n debe conocer.","robots":{"index":"index","follow":"follow","max-snippet":"max-snippet:-1","max-image-preview":"max-image-preview:large","max-video-preview":"max-video-preview:-1"},"canonical":"https:\/\/www.celttv.com.ar\/index.php\/2024\/10\/15\/proyectos-presentados-por-los-bloque-ucr-juntos\/","og_locale":"es_ES","og_type":"article","og_title":"Proyectos presentados por los bloque UCR. - Juntos - CELTTV","og_description":"Sitio web de noticias de la localidad de Tornquist, provincia de Buenos Aires, Rep\u00fablica Argentina. Contenido propio originado por periodistas de CELTTV, el canal de TV local de la Cooperativa El\u00e9ctrica de Tornquist. Turismo, Pol\u00edtica, Sociedad, Deporte, Cultura y todo el contenido de inter\u00e9s general que la gente del pueblo y la regi\u00f3n debe conocer.","og_url":"https:\/\/www.celttv.com.ar\/index.php\/2024\/10\/15\/proyectos-presentados-por-los-bloque-ucr-juntos\/","og_site_name":"CELTTV","article_publisher":"https:\/\/www.facebook.com\/celtTV\/","article_published_time":"2024-10-15T20:05:46+00:00","article_modified_time":"2024-10-15T20:08:10+00:00","og_image":[{"width":940,"height":788,"url":"https:\/\/www.celttv.com.ar\/wp-content\/uploads\/2024\/10\/PROYECTO-DE-RESOLUCION-POLO-ECOLOGICO-DE-CHASICO.png","type":"image\/png"}],"author":"Miguel Herrada","twitter_card":"summary_large_image","twitter_misc":{"Escrito por":"Miguel Herrada","Tiempo de lectura":"3 minutos"},"schema":{"@context":"https:\/\/schema.org","@graph":[{"@type":"NewsArticle","@id":"https:\/\/www.celttv.com.ar\/index.php\/2024\/10\/15\/proyectos-presentados-por-los-bloque-ucr-juntos\/#article","isPartOf":{"@id":"https:\/\/www.celttv.com.ar\/index.php\/2024\/10\/15\/proyectos-presentados-por-los-bloque-ucr-juntos\/"},"author":{"name":"Miguel Herrada","@id":"https:\/\/www.celttv.com.ar\/#\/schema\/person\/9059dc91dc7204ef4182cdb65225f07d"},"headline":"Proyectos presentados por los bloque UCR. &#8211; Juntos","datePublished":"2024-10-15T20:05:46+00:00","dateModified":"2024-10-15T20:08:10+00:00","mainEntityOfPage":{"@id":"https:\/\/www.celttv.com.ar\/index.php\/2024\/10\/15\/proyectos-presentados-por-los-bloque-ucr-juntos\/"},"wordCount":586,"publisher":{"@id":"https:\/\/www.celttv.com.ar\/#organization"},"articleSection":["Comunidad","Pol\u00edtica"],"inLanguage":"es"},{"@type":"WebPage","@id":"https:\/\/www.celttv.com.ar\/index.php\/2024\/10\/15\/proyectos-presentados-por-los-bloque-ucr-juntos\/","url":"https:\/\/www.celttv.com.ar\/index.php\/2024\/10\/15\/proyectos-presentados-por-los-bloque-ucr-juntos\/","name":"Proyectos presentados por los bloque UCR. - Juntos - CELTTV","isPartOf":{"@id":"https:\/\/www.celttv.com.ar\/#website"},"datePublished":"2024-10-15T20:05:46+00:00","dateModified":"2024-10-15T20:08:10+00:00","description":"Sitio web de noticias de la localidad de Tornquist, provincia de Buenos Aires, Rep\u00fablica Argentina. Contenido propio originado por periodistas de CELTTV, el canal de TV local de la Cooperativa El\u00e9ctrica de Tornquist. Turismo, Pol\u00edtica, Sociedad, Deporte, Cultura y todo el contenido de inter\u00e9s general que la gente del pueblo y la regi\u00f3n debe conocer.","breadcrumb":{"@id":"https:\/\/www.celttv.com.ar\/index.php\/2024\/10\/15\/proyectos-presentados-por-los-bloque-ucr-juntos\/#breadcrumb"},"inLanguage":"es","potentialAction":[{"@type":"ReadAction","target":["https:\/\/www.celttv.com.ar\/index.php\/2024\/10\/15\/proyectos-presentados-por-los-bloque-ucr-juntos\/"]}]},{"@type":"BreadcrumbList","@id":"https:\/\/www.celttv.com.ar\/index.php\/2024\/10\/15\/proyectos-presentados-por-los-bloque-ucr-juntos\/#breadcrumb","itemListElement":[{"@type":"ListItem","position":1,"name":"Inicio","item":"https:\/\/www.celttv.com.ar\/"},{"@type":"ListItem","position":2,"name":"Proyectos presentados por los bloque UCR. &#8211; Juntos"}]},{"@type":"WebSite","@id":"https:\/\/www.celttv.com.ar\/#website","url":"https:\/\/www.celttv.com.ar\/","name":"CELTTV","description":"Cooperativa El\u00e9ctrica de Tornquist","publisher":{"@id":"https:\/\/www.celttv.com.ar\/#organization"},"potentialAction":[{"@type":"SearchAction","target":{"@type":"EntryPoint","urlTemplate":"https:\/\/www.celttv.com.ar\/?s={search_term_string}"},"query-input":"required name=search_term_string"}],"inLanguage":"es"},{"@type":"Organization","@id":"https:\/\/www.celttv.com.ar\/#organization","name":"CELTTV","url":"https:\/\/www.celttv.com.ar\/","sameAs":["https:\/\/www.youtube.com\/channel\/UCz_oIt8Hig64Ub-EmcNPIhg","https:\/\/www.facebook.com\/celtTV\/"],"logo":{"@type":"ImageObject","inLanguage":"es","@id":"https:\/\/www.celttv.com.ar\/#\/schema\/logo\/image\/","url":"http:\/\/www.celttv.com.ar\/wp-content\/uploads\/2022\/08\/logo-1.png","contentUrl":"http:\/\/www.celttv.com.ar\/wp-content\/uploads\/2022\/08\/logo-1.png","width":461,"height":159,"caption":"CELTTV"},"image":{"@id":"https:\/\/www.celttv.com.ar\/#\/schema\/logo\/image\/"}},{"@type":"Person","@id":"https:\/\/www.celttv.com.ar\/#\/schema\/person\/9059dc91dc7204ef4182cdb65225f07d","name":"Miguel Herrada","image":{"@type":"ImageObject","inLanguage":"es","@id":"https:\/\/www.celttv.com.ar\/#\/schema\/person\/image\/","url":"https:\/\/secure.gravatar.com\/avatar\/67724d5b3c716623ffd76bec7e45841a442ac3b456e914dbba90b0fad2b8e0b1?s=96&d=mm&r=g","contentUrl":"https:\/\/secure.gravatar.com\/avatar\/67724d5b3c716623ffd76bec7e45841a442ac3b456e914dbba90b0fad2b8e0b1?s=96&d=mm&r=g","caption":"Miguel Herrada"}}]}},"_links":{"self":[{"href":"https:\/\/www.celttv.com.ar\/index.php\/wp-json\/wp\/v2\/posts\/86479","targetHints":{"allow":["GET"]}}],"collection":[{"href":"https:\/\/www.celttv.com.ar\/index.php\/wp-json\/wp\/v2\/posts"}],"about":[{"href":"https:\/\/www.celttv.com.ar\/index.php\/wp-json\/wp\/v2\/types\/post"}],"author":[{"embeddable":true,"href":"https:\/\/www.celttv.com.ar\/index.php\/wp-json\/wp\/v2\/users\/5"}],"replies":[{"embeddable":true,"href":"https:\/\/www.celttv.com.ar\/index.php\/wp-json\/wp\/v2\/comments?post=86479"}],"version-history":[{"count":1,"href":"https:\/\/www.celttv.com.ar\/index.php\/wp-json\/wp\/v2\/posts\/86479\/revisions"}],"predecessor-version":[{"id":86484,"href":"https:\/\/www.celttv.com.ar\/index.php\/wp-json\/wp\/v2\/posts\/86479\/revisions\/86484"}],"wp:featuredmedia":[{"embeddable":true,"href":"https:\/\/www.celttv.com.ar\/index.php\/wp-json\/wp\/v2\/media\/86480"}],"wp:attachment":[{"href":"https:\/\/www.celttv.com.ar\/index.php\/wp-json\/wp\/v2\/media?parent=86479"}],"wp:term":[{"taxonomy":"category","embeddable":true,"href":"https:\/\/www.celttv.com.ar\/index.php\/wp-json\/wp\/v2\/categories?post=86479"},{"taxonomy":"post_tag","embeddable":true,"href":"https:\/\/www.celttv.com.ar\/index.php\/wp-json\/wp\/v2\/tags?post=86479"}],"curies":[{"name":"wp","href":"https:\/\/api.w.org\/{rel}","templated":true}]}}