{"id":86485,"date":"2024-10-15T23:14:17","date_gmt":"2024-10-16T02:14:17","guid":{"rendered":"https:\/\/www.celttv.com.ar\/?p=86485"},"modified":"2024-10-15T23:14:17","modified_gmt":"2024-10-16T02:14:17","slug":"tormentas-y-aguaceros-nuevo-alerta-amarillo-para-el-sudoeste","status":"publish","type":"post","link":"https:\/\/www.celttv.com.ar\/index.php\/2024\/10\/15\/tormentas-y-aguaceros-nuevo-alerta-amarillo-para-el-sudoeste\/","title":{"rendered":"Tormentas y aguaceros: nuevo alerta amarillo para el sudoeste"},"content":{"rendered":"<p>Un nuevo alerta por tormentas para el Sudoeste Bonaerense emiti\u00f3 el Servicio Meteorol\u00f3gico Nacional.<\/p>\n<p>El fen\u00f3meno, que se dar\u00eda en las \u00faltimas horas del mi\u00e9rcoles, comprende una buena parte de nuestra regi\u00f3n, el este pampeano y el noreste de R\u00edo Negro.<\/p>\n<p>Seg\u00fan el ente, entre las 18 y las 24 de este mi\u00e9rcoles, toda la zona se ver\u00e1 \u201cafectada por tormentas de variada intensidad, algunas localmente fuertes\u201d.<\/p>\n<p>\u201cSe espera que las mismas est\u00e9n acompa\u00f1adas por abundante ca\u00edda de agua en cortos per\u00edodos, intensa actividad el\u00e9ctrica, ocasional ca\u00edda de granizo y fuertes r\u00e1fagas\u201d, se inform\u00f3.<\/p>\n<p>En este marco, se estimaron valores de precipitaci\u00f3n acumulada que se ubicar\u00edan entre los 30 y 70 mil\u00edmetros, pudiendo ser superados en forma local.<\/p>\n<p>Por ello, desde el SMN se emiti\u00f3 una serie de recomendaciones a tener en cuenta, como no sacar la basura y retirar objetos que impidan que el agua escurra; evitar actividades al aire libre y no refugiarse cerca de \u00e1rboles y postes de electricidad que puedan caerse.<\/p>\n<p>Tambi\u00e9n se indica que para minimizar el riesgo de ser alcanzado por un rayo, no permanecer en playas, r\u00edos, lagunas o piletas; estar atento atento ante la posible ca\u00edda de granizo y mantenerse informado por las autoridades, adem\u00e1s de tener preparada una mochila de emergencias con linterna, radio, documentos y tel\u00e9fono.<\/p>\n<p><img loading=\"lazy\" decoding=\"async\" class=\"alignnone wp-image-86486 size-full\" src=\"https:\/\/www.celttv.com.ar\/wp-content\/uploads\/2024\/10\/nuevo-alerta.jpg\" alt=\"\" width=\"807\" height=\"987\" srcset=\"https:\/\/www.celttv.com.ar\/wp-content\/uploads\/2024\/10\/nuevo-alerta.jpg 807w, https:\/\/www.celttv.com.ar\/wp-content\/uploads\/2024\/10\/nuevo-alerta-245x300.jpg 245w, https:\/\/www.celttv.com.ar\/wp-content\/uploads\/2024\/10\/nuevo-alerta-768x939.jpg 768w, https:\/\/www.celttv.com.ar\/wp-content\/uploads\/2024\/10\/nuevo-alerta-750x917.jpg 750w\" sizes=\"auto, (max-width: 807px) 100vw, 807px\" \/><\/p>\n","protected":false},"excerpt":{"rendered":"<p>Un nuevo alerta por tormentas para el Sudoeste Bonaerense emiti\u00f3 el Servicio Meteorol\u00f3gico Nacional. El fen\u00f3meno, que se dar\u00eda en las \u00faltimas horas del mi\u00e9rcoles, comprende una buena parte de nuestra regi\u00f3n, el este pampeano y el noreste de R\u00edo Negro. Seg\u00fan el ente, entre las 18 y las 24 de este mi\u00e9rcoles, toda la [&hellip;]<\/p>\n","protected":false},"author":5,"featured_media":86486,"comment_status":"closed","ping_status":"closed","sticky":false,"template":"","format":"standard","meta":{"footnotes":""},"categories":[51],"tags":[],"class_list":["post-86485","post","type-post","status-publish","format-standard","has-post-thumbnail","hentry","category-comunidad"],"yoast_head":"<!-- This site is optimized with the Yoast SEO plugin v19.7.1 - https:\/\/yoast.com\/wordpress\/plugins\/seo\/ -->\n<title>Tormentas y aguaceros: nuevo alerta amarillo para el sudoeste - CELTTV<\/title>\n<meta name=\"description\" content=\"Sitio web de noticias de la localidad de Tornquist, provincia de Buenos Aires, Rep\u00fablica Argentina. Contenido propio originado por periodistas de CELTTV, el canal de TV local de la Cooperativa El\u00e9ctrica de Tornquist. Turismo, Pol\u00edtica, Sociedad, Deporte, Cultura y todo el contenido de inter\u00e9s general que la gente del pueblo y la regi\u00f3n debe conocer.\" \/>\n<meta name=\"robots\" content=\"index, follow, max-snippet:-1, max-image-preview:large, max-video-preview:-1\" \/>\n<link rel=\"canonical\" href=\"https:\/\/www.celttv.com.ar\/index.php\/2024\/10\/15\/tormentas-y-aguaceros-nuevo-alerta-amarillo-para-el-sudoeste\/\" \/>\n<meta property=\"og:locale\" content=\"es_ES\" \/>\n<meta property=\"og:type\" content=\"article\" \/>\n<meta property=\"og:title\" content=\"Tormentas y aguaceros: nuevo alerta amarillo para el sudoeste - CELTTV\" \/>\n<meta property=\"og:description\" content=\"Sitio web de noticias de la localidad de Tornquist, provincia de Buenos Aires, Rep\u00fablica Argentina. Contenido propio originado por periodistas de CELTTV, el canal de TV local de la Cooperativa El\u00e9ctrica de Tornquist. Turismo, Pol\u00edtica, Sociedad, Deporte, Cultura y todo el contenido de inter\u00e9s general que la gente del pueblo y la regi\u00f3n debe conocer.\" \/>\n<meta property=\"og:url\" content=\"https:\/\/www.celttv.com.ar\/index.php\/2024\/10\/15\/tormentas-y-aguaceros-nuevo-alerta-amarillo-para-el-sudoeste\/\" \/>\n<meta property=\"og:site_name\" content=\"CELTTV\" \/>\n<meta property=\"article:publisher\" content=\"https:\/\/www.facebook.com\/celtTV\/\" \/>\n<meta property=\"article:published_time\" content=\"2024-10-16T02:14:17+00:00\" \/>\n<meta property=\"og:image\" content=\"https:\/\/www.celttv.com.ar\/wp-content\/uploads\/2024\/10\/nuevo-alerta.jpg\" \/>\n\t<meta property=\"og:image:width\" content=\"807\" \/>\n\t<meta property=\"og:image:height\" content=\"987\" \/>\n\t<meta property=\"og:image:type\" content=\"image\/jpeg\" \/>\n<meta name=\"author\" content=\"Miguel Herrada\" \/>\n<meta name=\"twitter:card\" content=\"summary_large_image\" \/>\n<meta name=\"twitter:label1\" content=\"Escrito por\" \/>\n\t<meta name=\"twitter:data1\" content=\"Miguel Herrada\" \/>\n\t<meta name=\"twitter:label2\" content=\"Tiempo de lectura\" \/>\n\t<meta name=\"twitter:data2\" content=\"1 minuto\" \/>\n<script type=\"application\/ld+json\" class=\"yoast-schema-graph\">{\"@context\":\"https:\/\/schema.org\",\"@graph\":[{\"@type\":\"NewsArticle\",\"@id\":\"https:\/\/www.celttv.com.ar\/index.php\/2024\/10\/15\/tormentas-y-aguaceros-nuevo-alerta-amarillo-para-el-sudoeste\/#article\",\"isPartOf\":{\"@id\":\"https:\/\/www.celttv.com.ar\/index.php\/2024\/10\/15\/tormentas-y-aguaceros-nuevo-alerta-amarillo-para-el-sudoeste\/\"},\"author\":{\"name\":\"Miguel Herrada\",\"@id\":\"https:\/\/www.celttv.com.ar\/#\/schema\/person\/9059dc91dc7204ef4182cdb65225f07d\"},\"headline\":\"Tormentas y aguaceros: nuevo alerta amarillo para el sudoeste\",\"datePublished\":\"2024-10-16T02:14:17+00:00\",\"dateModified\":\"2024-10-16T02:14:17+00:00\",\"mainEntityOfPage\":{\"@id\":\"https:\/\/www.celttv.com.ar\/index.php\/2024\/10\/15\/tormentas-y-aguaceros-nuevo-alerta-amarillo-para-el-sudoeste\/\"},\"wordCount\":244,\"publisher\":{\"@id\":\"https:\/\/www.celttv.com.ar\/#organization\"},\"articleSection\":[\"Comunidad\"],\"inLanguage\":\"es\"},{\"@type\":\"WebPage\",\"@id\":\"https:\/\/www.celttv.com.ar\/index.php\/2024\/10\/15\/tormentas-y-aguaceros-nuevo-alerta-amarillo-para-el-sudoeste\/\",\"url\":\"https:\/\/www.celttv.com.ar\/index.php\/2024\/10\/15\/tormentas-y-aguaceros-nuevo-alerta-amarillo-para-el-sudoeste\/\",\"name\":\"Tormentas y aguaceros: nuevo alerta amarillo para el sudoeste - CELTTV\",\"isPartOf\":{\"@id\":\"https:\/\/www.celttv.com.ar\/#website\"},\"datePublished\":\"2024-10-16T02:14:17+00:00\",\"dateModified\":\"2024-10-16T02:14:17+00:00\",\"description\":\"Sitio web de noticias de la localidad de Tornquist, provincia de Buenos Aires, Rep\u00fablica Argentina. Contenido propio originado por periodistas de CELTTV, el canal de TV local de la Cooperativa El\u00e9ctrica de Tornquist. Turismo, Pol\u00edtica, Sociedad, Deporte, Cultura y todo el contenido de inter\u00e9s general que la gente del pueblo y la regi\u00f3n debe conocer.\",\"breadcrumb\":{\"@id\":\"https:\/\/www.celttv.com.ar\/index.php\/2024\/10\/15\/tormentas-y-aguaceros-nuevo-alerta-amarillo-para-el-sudoeste\/#breadcrumb\"},\"inLanguage\":\"es\",\"potentialAction\":[{\"@type\":\"ReadAction\",\"target\":[\"https:\/\/www.celttv.com.ar\/index.php\/2024\/10\/15\/tormentas-y-aguaceros-nuevo-alerta-amarillo-para-el-sudoeste\/\"]}]},{\"@type\":\"BreadcrumbList\",\"@id\":\"https:\/\/www.celttv.com.ar\/index.php\/2024\/10\/15\/tormentas-y-aguaceros-nuevo-alerta-amarillo-para-el-sudoeste\/#breadcrumb\",\"itemListElement\":[{\"@type\":\"ListItem\",\"position\":1,\"name\":\"Inicio\",\"item\":\"https:\/\/www.celttv.com.ar\/\"},{\"@type\":\"ListItem\",\"position\":2,\"name\":\"Tormentas y aguaceros: nuevo alerta amarillo para el sudoeste\"}]},{\"@type\":\"WebSite\",\"@id\":\"https:\/\/www.celttv.com.ar\/#website\",\"url\":\"https:\/\/www.celttv.com.ar\/\",\"name\":\"CELTTV\",\"description\":\"Cooperativa El\u00e9ctrica de Tornquist\",\"publisher\":{\"@id\":\"https:\/\/www.celttv.com.ar\/#organization\"},\"potentialAction\":[{\"@type\":\"SearchAction\",\"target\":{\"@type\":\"EntryPoint\",\"urlTemplate\":\"https:\/\/www.celttv.com.ar\/?s={search_term_string}\"},\"query-input\":\"required name=search_term_string\"}],\"inLanguage\":\"es\"},{\"@type\":\"Organization\",\"@id\":\"https:\/\/www.celttv.com.ar\/#organization\",\"name\":\"CELTTV\",\"url\":\"https:\/\/www.celttv.com.ar\/\",\"sameAs\":[\"https:\/\/www.youtube.com\/channel\/UCz_oIt8Hig64Ub-EmcNPIhg\",\"https:\/\/www.facebook.com\/celtTV\/\"],\"logo\":{\"@type\":\"ImageObject\",\"inLanguage\":\"es\",\"@id\":\"https:\/\/www.celttv.com.ar\/#\/schema\/logo\/image\/\",\"url\":\"http:\/\/www.celttv.com.ar\/wp-content\/uploads\/2022\/08\/logo-1.png\",\"contentUrl\":\"http:\/\/www.celttv.com.ar\/wp-content\/uploads\/2022\/08\/logo-1.png\",\"width\":461,\"height\":159,\"caption\":\"CELTTV\"},\"image\":{\"@id\":\"https:\/\/www.celttv.com.ar\/#\/schema\/logo\/image\/\"}},{\"@type\":\"Person\",\"@id\":\"https:\/\/www.celttv.com.ar\/#\/schema\/person\/9059dc91dc7204ef4182cdb65225f07d\",\"name\":\"Miguel Herrada\",\"image\":{\"@type\":\"ImageObject\",\"inLanguage\":\"es\",\"@id\":\"https:\/\/www.celttv.com.ar\/#\/schema\/person\/image\/\",\"url\":\"https:\/\/secure.gravatar.com\/avatar\/67724d5b3c716623ffd76bec7e45841a442ac3b456e914dbba90b0fad2b8e0b1?s=96&d=mm&r=g\",\"contentUrl\":\"https:\/\/secure.gravatar.com\/avatar\/67724d5b3c716623ffd76bec7e45841a442ac3b456e914dbba90b0fad2b8e0b1?s=96&d=mm&r=g\",\"caption\":\"Miguel Herrada\"}}]}<\/script>\n<!-- \/ Yoast SEO plugin. -->","yoast_head_json":{"title":"Tormentas y aguaceros: nuevo alerta amarillo para el sudoeste - CELTTV","description":"Sitio web de noticias de la localidad de Tornquist, provincia de Buenos Aires, Rep\u00fablica Argentina. Contenido propio originado por periodistas de CELTTV, el canal de TV local de la Cooperativa El\u00e9ctrica de Tornquist. Turismo, Pol\u00edtica, Sociedad, Deporte, Cultura y todo el contenido de inter\u00e9s general que la gente del pueblo y la regi\u00f3n debe conocer.","robots":{"index":"index","follow":"follow","max-snippet":"max-snippet:-1","max-image-preview":"max-image-preview:large","max-video-preview":"max-video-preview:-1"},"canonical":"https:\/\/www.celttv.com.ar\/index.php\/2024\/10\/15\/tormentas-y-aguaceros-nuevo-alerta-amarillo-para-el-sudoeste\/","og_locale":"es_ES","og_type":"article","og_title":"Tormentas y aguaceros: nuevo alerta amarillo para el sudoeste - CELTTV","og_description":"Sitio web de noticias de la localidad de Tornquist, provincia de Buenos Aires, Rep\u00fablica Argentina. Contenido propio originado por periodistas de CELTTV, el canal de TV local de la Cooperativa El\u00e9ctrica de Tornquist. Turismo, Pol\u00edtica, Sociedad, Deporte, Cultura y todo el contenido de inter\u00e9s general que la gente del pueblo y la regi\u00f3n debe conocer.","og_url":"https:\/\/www.celttv.com.ar\/index.php\/2024\/10\/15\/tormentas-y-aguaceros-nuevo-alerta-amarillo-para-el-sudoeste\/","og_site_name":"CELTTV","article_publisher":"https:\/\/www.facebook.com\/celtTV\/","article_published_time":"2024-10-16T02:14:17+00:00","og_image":[{"width":807,"height":987,"url":"https:\/\/www.celttv.com.ar\/wp-content\/uploads\/2024\/10\/nuevo-alerta.jpg","type":"image\/jpeg"}],"author":"Miguel Herrada","twitter_card":"summary_large_image","twitter_misc":{"Escrito por":"Miguel Herrada","Tiempo de lectura":"1 minuto"},"schema":{"@context":"https:\/\/schema.org","@graph":[{"@type":"NewsArticle","@id":"https:\/\/www.celttv.com.ar\/index.php\/2024\/10\/15\/tormentas-y-aguaceros-nuevo-alerta-amarillo-para-el-sudoeste\/#article","isPartOf":{"@id":"https:\/\/www.celttv.com.ar\/index.php\/2024\/10\/15\/tormentas-y-aguaceros-nuevo-alerta-amarillo-para-el-sudoeste\/"},"author":{"name":"Miguel Herrada","@id":"https:\/\/www.celttv.com.ar\/#\/schema\/person\/9059dc91dc7204ef4182cdb65225f07d"},"headline":"Tormentas y aguaceros: nuevo alerta amarillo para el sudoeste","datePublished":"2024-10-16T02:14:17+00:00","dateModified":"2024-10-16T02:14:17+00:00","mainEntityOfPage":{"@id":"https:\/\/www.celttv.com.ar\/index.php\/2024\/10\/15\/tormentas-y-aguaceros-nuevo-alerta-amarillo-para-el-sudoeste\/"},"wordCount":244,"publisher":{"@id":"https:\/\/www.celttv.com.ar\/#organization"},"articleSection":["Comunidad"],"inLanguage":"es"},{"@type":"WebPage","@id":"https:\/\/www.celttv.com.ar\/index.php\/2024\/10\/15\/tormentas-y-aguaceros-nuevo-alerta-amarillo-para-el-sudoeste\/","url":"https:\/\/www.celttv.com.ar\/index.php\/2024\/10\/15\/tormentas-y-aguaceros-nuevo-alerta-amarillo-para-el-sudoeste\/","name":"Tormentas y aguaceros: nuevo alerta amarillo para el sudoeste - CELTTV","isPartOf":{"@id":"https:\/\/www.celttv.com.ar\/#website"},"datePublished":"2024-10-16T02:14:17+00:00","dateModified":"2024-10-16T02:14:17+00:00","description":"Sitio web de noticias de la localidad de Tornquist, provincia de Buenos Aires, Rep\u00fablica Argentina. Contenido propio originado por periodistas de CELTTV, el canal de TV local de la Cooperativa El\u00e9ctrica de Tornquist. Turismo, Pol\u00edtica, Sociedad, Deporte, Cultura y todo el contenido de inter\u00e9s general que la gente del pueblo y la regi\u00f3n debe conocer.","breadcrumb":{"@id":"https:\/\/www.celttv.com.ar\/index.php\/2024\/10\/15\/tormentas-y-aguaceros-nuevo-alerta-amarillo-para-el-sudoeste\/#breadcrumb"},"inLanguage":"es","potentialAction":[{"@type":"ReadAction","target":["https:\/\/www.celttv.com.ar\/index.php\/2024\/10\/15\/tormentas-y-aguaceros-nuevo-alerta-amarillo-para-el-sudoeste\/"]}]},{"@type":"BreadcrumbList","@id":"https:\/\/www.celttv.com.ar\/index.php\/2024\/10\/15\/tormentas-y-aguaceros-nuevo-alerta-amarillo-para-el-sudoeste\/#breadcrumb","itemListElement":[{"@type":"ListItem","position":1,"name":"Inicio","item":"https:\/\/www.celttv.com.ar\/"},{"@type":"ListItem","position":2,"name":"Tormentas y aguaceros: nuevo alerta amarillo para el sudoeste"}]},{"@type":"WebSite","@id":"https:\/\/www.celttv.com.ar\/#website","url":"https:\/\/www.celttv.com.ar\/","name":"CELTTV","description":"Cooperativa El\u00e9ctrica de Tornquist","publisher":{"@id":"https:\/\/www.celttv.com.ar\/#organization"},"potentialAction":[{"@type":"SearchAction","target":{"@type":"EntryPoint","urlTemplate":"https:\/\/www.celttv.com.ar\/?s={search_term_string}"},"query-input":"required name=search_term_string"}],"inLanguage":"es"},{"@type":"Organization","@id":"https:\/\/www.celttv.com.ar\/#organization","name":"CELTTV","url":"https:\/\/www.celttv.com.ar\/","sameAs":["https:\/\/www.youtube.com\/channel\/UCz_oIt8Hig64Ub-EmcNPIhg","https:\/\/www.facebook.com\/celtTV\/"],"logo":{"@type":"ImageObject","inLanguage":"es","@id":"https:\/\/www.celttv.com.ar\/#\/schema\/logo\/image\/","url":"http:\/\/www.celttv.com.ar\/wp-content\/uploads\/2022\/08\/logo-1.png","contentUrl":"http:\/\/www.celttv.com.ar\/wp-content\/uploads\/2022\/08\/logo-1.png","width":461,"height":159,"caption":"CELTTV"},"image":{"@id":"https:\/\/www.celttv.com.ar\/#\/schema\/logo\/image\/"}},{"@type":"Person","@id":"https:\/\/www.celttv.com.ar\/#\/schema\/person\/9059dc91dc7204ef4182cdb65225f07d","name":"Miguel Herrada","image":{"@type":"ImageObject","inLanguage":"es","@id":"https:\/\/www.celttv.com.ar\/#\/schema\/person\/image\/","url":"https:\/\/secure.gravatar.com\/avatar\/67724d5b3c716623ffd76bec7e45841a442ac3b456e914dbba90b0fad2b8e0b1?s=96&d=mm&r=g","contentUrl":"https:\/\/secure.gravatar.com\/avatar\/67724d5b3c716623ffd76bec7e45841a442ac3b456e914dbba90b0fad2b8e0b1?s=96&d=mm&r=g","caption":"Miguel Herrada"}}]}},"_links":{"self":[{"href":"https:\/\/www.celttv.com.ar\/index.php\/wp-json\/wp\/v2\/posts\/86485","targetHints":{"allow":["GET"]}}],"collection":[{"href":"https:\/\/www.celttv.com.ar\/index.php\/wp-json\/wp\/v2\/posts"}],"about":[{"href":"https:\/\/www.celttv.com.ar\/index.php\/wp-json\/wp\/v2\/types\/post"}],"author":[{"embeddable":true,"href":"https:\/\/www.celttv.com.ar\/index.php\/wp-json\/wp\/v2\/users\/5"}],"replies":[{"embeddable":true,"href":"https:\/\/www.celttv.com.ar\/index.php\/wp-json\/wp\/v2\/comments?post=86485"}],"version-history":[{"count":1,"href":"https:\/\/www.celttv.com.ar\/index.php\/wp-json\/wp\/v2\/posts\/86485\/revisions"}],"predecessor-version":[{"id":86487,"href":"https:\/\/www.celttv.com.ar\/index.php\/wp-json\/wp\/v2\/posts\/86485\/revisions\/86487"}],"wp:featuredmedia":[{"embeddable":true,"href":"https:\/\/www.celttv.com.ar\/index.php\/wp-json\/wp\/v2\/media\/86486"}],"wp:attachment":[{"href":"https:\/\/www.celttv.com.ar\/index.php\/wp-json\/wp\/v2\/media?parent=86485"}],"wp:term":[{"taxonomy":"category","embeddable":true,"href":"https:\/\/www.celttv.com.ar\/index.php\/wp-json\/wp\/v2\/categories?post=86485"},{"taxonomy":"post_tag","embeddable":true,"href":"https:\/\/www.celttv.com.ar\/index.php\/wp-json\/wp\/v2\/tags?post=86485"}],"curies":[{"name":"wp","href":"https:\/\/api.w.org\/{rel}","templated":true}]}}