{"id":86521,"date":"2024-10-19T13:17:04","date_gmt":"2024-10-19T16:17:04","guid":{"rendered":"https:\/\/www.celttv.com.ar\/?p=86521"},"modified":"2024-10-19T13:17:04","modified_gmt":"2024-10-19T16:17:04","slug":"en-la-unidad-basica-se-festejo-el-dia-de-la-lealtad-fotos-y-videos","status":"publish","type":"post","link":"https:\/\/www.celttv.com.ar\/index.php\/2024\/10\/19\/en-la-unidad-basica-se-festejo-el-dia-de-la-lealtad-fotos-y-videos\/","title":{"rendered":"En la Unidad B\u00e1sica se festej\u00f3 el D\u00eda de la  Lealtad (fotos y videos)"},"content":{"rendered":"<p>El D\u00eda de la Lealtad se conmemora como una jornada significativa para los militantes y seguidores del peronismo, quienes celebran sus ideales y valores.<\/p>\n<p>En el PJ local, se destac\u00f3 la importancia de la uni\u00f3n y el compromiso en un contexto pol\u00edtico y social desafiante.<\/p>\n<p>Se hizo hincapi\u00e9 en la necesidad de un cambio en la sociedad, enfatizando la educaci\u00f3n, la salud y el desarrollo social. Tambi\u00e9n se expresaron preocupaciones sobre la violencia en las redes sociales y la polarizaci\u00f3n pol\u00edtica, invitando a los j\u00f3venes a participar activamente y contribuir a un futuro m\u00e1s solidario.<\/p>\n<p>Aunque la celebraci\u00f3n estuvo marcada por divisiones en algunos sectores, se mantuvo el enfoque en la lealtad hacia el pueblo y el compromiso con el bienestar colectivo.<\/p>\n<p>El Presidente del PJ Lic. Gustavo Trankels, dijo que a nivel local no gobierna el peronismo<\/p>\n<p><strong>Thiago Salazar<\/strong><\/p>\n<p>Celebraci\u00f3n y reclamo en un d\u00eda significativo<\/p>\n<p>\u201cEstamos festejando con los compa\u00f1eros y compa\u00f1eras. Es un orgullo estar represent\u00e1ndolos a todos. Tratamos de sacar adelante el partido y al pa\u00eds, ya que no estamos atravesando la mejor situaci\u00f3n, tanto a nivel local como en temas de salud. Adem\u00e1s de ser un d\u00eda de celebraci\u00f3n, tambi\u00e9n es un d\u00eda de reclamo\u201d.<\/p>\n<p>Preocupaci\u00f3n por la violencia en redes sociales y pensar diferente<\/p>\n<p>\u201cEn las redes sociales se observa una fuerte agresi\u00f3n hacia la militancia de La Libertad Avanza. Si pens\u00e1s distinto, te buscan para amenazarte. Hay una escalada de violencia muy grande\u201d.<\/p>\n<p>\u00bfDe qu\u00e9 manera invitar\u00edas a los j\u00f3venes a participar?<\/p>\n<p>\u201cPrincipalmente, lo que estamos viendo actualmente es una sociedad bastante ego\u00edsta, donde pensamos de manera individual y no colectiva. Nosotros defendemos ideales como la educaci\u00f3n, la movilidad ascendente y la justicia social. Lo primero que debemos tener es convicci\u00f3n y compromiso, incluso con actos peque\u00f1os. Desde tu lugar pod\u00e9s sumar un granito de arena y dejar de lado el ego\u00edsmo\u201d.<\/p>\n<p><strong>Juan Carlos Gisler<\/strong><\/p>\n<p>Reflexi\u00f3n sobre la situaci\u00f3n pol\u00edtica actual<\/p>\n<p>\u201cHoy creo que mucha gente siente l\u00edmites, no es casualidad que Milei est\u00e9 como presidente. Pienso que gran parte de esa responsabilidad recae en la dirigencia pol\u00edtica. Cuando ten\u00e9s un gobierno peronista, te das cuenta de que todo es mucho m\u00e1s sencillo. No quiero entrar en el debate de si este gobierno local es peronista o no, pero s\u00ed creo que hay cosas que est\u00e1n bien y otras que no me gustan\u201d.<\/p>\n<p>\u00bfQu\u00e9 significa que Gustavo Trankel siga al frente del PJ?<\/p>\n<p>\u201cCreo que hoy es el m\u00e1ximo referente del peronismo. Ha dejado una huella importante en el distrito, y ojal\u00e1 lo volvamos a tener como intendente\u201d.<\/p>\n<p>Reflexi\u00f3n sobre esta fecha<\/p>\n<p>\u201cHoy es el D\u00eda de la Lealtad, y es ah\u00ed donde realmente se ve el valor de las personas. Es una palabra muy fuerte, y ojal\u00e1 tanto el peronismo como la gente en general practiquen su significado\u201d, finaliz\u00f3.<\/p>\n<p><strong>Gustavo Trankels<\/strong><\/p>\n<p>Mensaje de optimismo y responsabilidad hacia el futuro<\/p>\n<p>\u201cEstoy muy contento de encontrarme con gente tan querida y con los j\u00f3venes, quienes est\u00e1n escribiendo los trazos de la actualidad y nos abren el camino hacia el futuro. El contexto es complejo, pero debemos asumir juntos la responsabilidad que nos marca la historia de nuestro movimiento\u201d.<\/p>\n<p>Defensa de la educaci\u00f3n p\u00fablica y el rol del Estado<\/p>\n<p>Es fundamental contar con una universidad p\u00fablica y gratuita para que el hijo del trabajador pueda lograr un ascenso social a trav\u00e9s del estudio. Es importante que el Estado est\u00e9 presente en estos aspectos, as\u00ed como en la salud y en todo aquello que el mercado no resuelve, como sucede en los pa\u00edses m\u00e1s desarrollados del mundo\u201d.<\/p>\n<p>\u00bfEs una utop\u00eda pensar en una celebraci\u00f3n en conjunto el a\u00f1o que viene?<\/p>\n<p>\u201cEsto sucede tanto a nivel nacional como provincial, y me parece saludable que cada sector trabaje libremente. Cuando se acerquen las elecciones de 2025, las distintas expresiones tendr\u00e1n que ordenarse. Es responsabilidad de los dirigentes hacerlo\u201d.<\/p>\n<p>Llamado a combatir la pobreza y fomentar el desarrollo<\/p>\n<p>\u201cHay cifras que nos deben doler, como los \u00edndices de pobreza e indigencia en un pa\u00eds tan rico como Argentina. Debemos ser una opci\u00f3n para sacar a la patria adelante y lograr un pa\u00eds con desarrollo, con industria que genere trabajo\u201d.<\/p>\n<p>Peronismo en Tornquist<\/p>\n<p>\u201cEl peronismo no est\u00e1 gobernando en Tornquist de manera formal; somos partidos distintos. Sin embargo, para nosotros es una noticia positiva que algunas personas que en su momento formaron parte del gobierno de Macri y Vidal est\u00e9n celebrando este d\u00eda\u201d, finaliz\u00f3.<\/p>\n<p><strong>Esther Lacasta<\/strong><\/p>\n<p>Or\u00edgenes de la militancia y el legado familiar<\/p>\n<p>\u201cDesde chiquita era peronista porque mi pap\u00e1 conoc\u00eda a Juan Domingo Per\u00f3n y a Evita. Segu\u00ed sus l\u00edneas, pero nunca estuve en pol\u00edtica por cuestiones laborales; ten\u00eda que cuidarme\u201d.<\/p>\n<p>Reconocimiento a l\u00edderes del peronismo<\/p>\n<p>\u201cCon la edad que tengo, considero que debo estar en este lugar porque Gustavo representa el verdadero peronismo, al igual que Juan Carlos Gisler, Patricia Vazquez y Andrea Camus\u201d.<\/p>\n<p>\u201cEstoy presente porque soy realmente peronista; mis padres me formaron siendo extranjeros\u201d, finaliz\u00f3<\/p>\n<p><strong>Marcela Gim\u00e9nez<\/strong><\/p>\n<p>Celebraci\u00f3n del compromiso con el pueblo<\/p>\n<p>\u201cHoy es un d\u00eda especial y festivo porque es el d\u00eda en que el pueblo sale a la calle en defensa de nuestro l\u00edder. Para nosotros, el peronismo es estar junto a la gente y el pueblo, defendiendo los derechos de los trabajadores y las trabajadoras\u201d.<\/p>\n<p>En referencia a la \u201cdivisi\u00f3n\u201d en la celebraci\u00f3n de esta fecha<\/p>\n<p>\u201cEsto tiene que ver con las cuestiones que estamos transitando en la pol\u00edtica, pero no es algo estrictamente personal. Somos dos movimientos pol\u00edticos del mismo frente, aunque son diferentes partidos. Hemos realizado algunas actividades en conjunto, como en el D\u00eda de la Ni\u00f1ez, pero en esta oportunidad se dio de esta forma, y es s\u00faper respetable. Estamos militando por lo mismo y compartimos las mismas convicciones pol\u00edticas\u201d.<\/p>\n<p>&nbsp;<\/p>\n<p><iframe loading=\"lazy\" title=\"2024 10 18 DIA DE LA LEALTAD PERONISTA UNIDAD BASICA 1 GUSTAVO TRANKELS\" width=\"500\" height=\"281\" src=\"https:\/\/www.youtube.com\/embed\/a6-0ilOj7cE?feature=oembed\" frameborder=\"0\" allow=\"accelerometer; autoplay; clipboard-write; encrypted-media; gyroscope; picture-in-picture; web-share\" referrerpolicy=\"strict-origin-when-cross-origin\" allowfullscreen><\/iframe><\/p>\n<p><iframe loading=\"lazy\" title=\"2024 10 18 DIA DE LA LEALTAD PERONISTA UNIDAD BASICA 2 ESTER LACASTA\" width=\"500\" height=\"281\" src=\"https:\/\/www.youtube.com\/embed\/92GHCDVnLD4?feature=oembed\" frameborder=\"0\" allow=\"accelerometer; autoplay; clipboard-write; encrypted-media; gyroscope; picture-in-picture; web-share\" referrerpolicy=\"strict-origin-when-cross-origin\" allowfullscreen><\/iframe><\/p>\n<p><iframe loading=\"lazy\" title=\"2024 10 18 DIA DE LA LEALTAD PERONISTA UNIDAD BASICA 3 THIAGO SALAZAR\" width=\"500\" height=\"281\" src=\"https:\/\/www.youtube.com\/embed\/BxhvyzqcoCQ?feature=oembed\" frameborder=\"0\" allow=\"accelerometer; autoplay; clipboard-write; encrypted-media; gyroscope; picture-in-picture; web-share\" referrerpolicy=\"strict-origin-when-cross-origin\" allowfullscreen><\/iframe><\/p>\n<p><iframe loading=\"lazy\" title=\"2024 10 18 DIA DE LA LEALTAD PERONISTA UNIDAD BASICA 4 JUAN CARLOS GISLER\" width=\"500\" height=\"281\" src=\"https:\/\/www.youtube.com\/embed\/quz2B4f_QGs?feature=oembed\" frameborder=\"0\" allow=\"accelerometer; autoplay; clipboard-write; encrypted-media; gyroscope; picture-in-picture; web-share\" referrerpolicy=\"strict-origin-when-cross-origin\" allowfullscreen><\/iframe><\/p>\n<p><iframe loading=\"lazy\" title=\"2024 10 18 DIA DE LA LEALTAD PERONISTA UNIDAD BASICA 5 MARCELA GIMENEZ\" width=\"500\" height=\"281\" src=\"https:\/\/www.youtube.com\/embed\/fWgsceKWb-I?feature=oembed\" frameborder=\"0\" allow=\"accelerometer; autoplay; clipboard-write; encrypted-media; gyroscope; picture-in-picture; web-share\" referrerpolicy=\"strict-origin-when-cross-origin\" allowfullscreen><\/iframe><\/p>\n<p><img loading=\"lazy\" decoding=\"async\" class=\"alignnone wp-image-86522 size-full\" src=\"https:\/\/www.celttv.com.ar\/wp-content\/uploads\/2024\/10\/1-4.jpg\" alt=\"\" width=\"960\" height=\"720\" srcset=\"https:\/\/www.celttv.com.ar\/wp-content\/uploads\/2024\/10\/1-4.jpg 960w, https:\/\/www.celttv.com.ar\/wp-content\/uploads\/2024\/10\/1-4-300x225.jpg 300w, https:\/\/www.celttv.com.ar\/wp-content\/uploads\/2024\/10\/1-4-768x576.jpg 768w, https:\/\/www.celttv.com.ar\/wp-content\/uploads\/2024\/10\/1-4-750x563.jpg 750w\" sizes=\"auto, (max-width: 960px) 100vw, 960px\" \/> <img loading=\"lazy\" decoding=\"async\" class=\"alignnone wp-image-86523 size-large\" src=\"https:\/\/www.celttv.com.ar\/wp-content\/uploads\/2024\/10\/2-3-1024x768.jpg\" alt=\"\" width=\"1024\" height=\"768\" srcset=\"https:\/\/www.celttv.com.ar\/wp-content\/uploads\/2024\/10\/2-3-1024x768.jpg 1024w, https:\/\/www.celttv.com.ar\/wp-content\/uploads\/2024\/10\/2-3-300x225.jpg 300w, https:\/\/www.celttv.com.ar\/wp-content\/uploads\/2024\/10\/2-3-768x576.jpg 768w, https:\/\/www.celttv.com.ar\/wp-content\/uploads\/2024\/10\/2-3-1536x1152.jpg 1536w, https:\/\/www.celttv.com.ar\/wp-content\/uploads\/2024\/10\/2-3-750x563.jpg 750w, https:\/\/www.celttv.com.ar\/wp-content\/uploads\/2024\/10\/2-3-1140x855.jpg 1140w, https:\/\/www.celttv.com.ar\/wp-content\/uploads\/2024\/10\/2-3.jpg 1600w\" sizes=\"auto, (max-width: 1024px) 100vw, 1024px\" \/> <img loading=\"lazy\" decoding=\"async\" class=\"alignnone wp-image-86524 size-full\" src=\"https:\/\/www.celttv.com.ar\/wp-content\/uploads\/2024\/10\/3-2.jpg\" alt=\"\" width=\"960\" height=\"720\" srcset=\"https:\/\/www.celttv.com.ar\/wp-content\/uploads\/2024\/10\/3-2.jpg 960w, https:\/\/www.celttv.com.ar\/wp-content\/uploads\/2024\/10\/3-2-300x225.jpg 300w, https:\/\/www.celttv.com.ar\/wp-content\/uploads\/2024\/10\/3-2-768x576.jpg 768w, https:\/\/www.celttv.com.ar\/wp-content\/uploads\/2024\/10\/3-2-750x563.jpg 750w\" sizes=\"auto, (max-width: 960px) 100vw, 960px\" \/> <img loading=\"lazy\" decoding=\"async\" class=\"alignnone wp-image-86525 size-large\" src=\"https:\/\/www.celttv.com.ar\/wp-content\/uploads\/2024\/10\/4-2-1024x768.jpg\" alt=\"\" width=\"1024\" height=\"768\" srcset=\"https:\/\/www.celttv.com.ar\/wp-content\/uploads\/2024\/10\/4-2-1024x768.jpg 1024w, https:\/\/www.celttv.com.ar\/wp-content\/uploads\/2024\/10\/4-2-300x225.jpg 300w, https:\/\/www.celttv.com.ar\/wp-content\/uploads\/2024\/10\/4-2-768x576.jpg 768w, https:\/\/www.celttv.com.ar\/wp-content\/uploads\/2024\/10\/4-2-1536x1152.jpg 1536w, https:\/\/www.celttv.com.ar\/wp-content\/uploads\/2024\/10\/4-2-750x563.jpg 750w, https:\/\/www.celttv.com.ar\/wp-content\/uploads\/2024\/10\/4-2-1140x855.jpg 1140w, https:\/\/www.celttv.com.ar\/wp-content\/uploads\/2024\/10\/4-2.jpg 2048w\" sizes=\"auto, (max-width: 1024px) 100vw, 1024px\" \/> <img loading=\"lazy\" decoding=\"async\" class=\"alignnone wp-image-86526 size-full\" src=\"https:\/\/www.celttv.com.ar\/wp-content\/uploads\/2024\/10\/IMG_0045-Medium.jpg\" alt=\"\" width=\"1024\" height=\"768\" srcset=\"https:\/\/www.celttv.com.ar\/wp-content\/uploads\/2024\/10\/IMG_0045-Medium.jpg 1024w, https:\/\/www.celttv.com.ar\/wp-content\/uploads\/2024\/10\/IMG_0045-Medium-300x225.jpg 300w, https:\/\/www.celttv.com.ar\/wp-content\/uploads\/2024\/10\/IMG_0045-Medium-768x576.jpg 768w, https:\/\/www.celttv.com.ar\/wp-content\/uploads\/2024\/10\/IMG_0045-Medium-750x563.jpg 750w\" sizes=\"auto, (max-width: 1024px) 100vw, 1024px\" \/> <img loading=\"lazy\" decoding=\"async\" class=\"alignnone wp-image-86527 size-full\" src=\"https:\/\/www.celttv.com.ar\/wp-content\/uploads\/2024\/10\/IMG_0050-Medium.jpg\" alt=\"\" width=\"1024\" height=\"768\" srcset=\"https:\/\/www.celttv.com.ar\/wp-content\/uploads\/2024\/10\/IMG_0050-Medium.jpg 1024w, https:\/\/www.celttv.com.ar\/wp-content\/uploads\/2024\/10\/IMG_0050-Medium-300x225.jpg 300w, https:\/\/www.celttv.com.ar\/wp-content\/uploads\/2024\/10\/IMG_0050-Medium-768x576.jpg 768w, https:\/\/www.celttv.com.ar\/wp-content\/uploads\/2024\/10\/IMG_0050-Medium-750x563.jpg 750w\" sizes=\"auto, (max-width: 1024px) 100vw, 1024px\" \/><\/p>\n","protected":false},"excerpt":{"rendered":"<p>El D\u00eda de la Lealtad se conmemora como una jornada significativa para los militantes y seguidores del peronismo, quienes celebran sus ideales y valores. En el PJ local, se destac\u00f3 la importancia de la uni\u00f3n y el compromiso en un contexto pol\u00edtico y social desafiante. Se hizo hincapi\u00e9 en la necesidad de un cambio en [&hellip;]<\/p>\n","protected":false},"author":5,"featured_media":86527,"comment_status":"closed","ping_status":"closed","sticky":false,"template":"","format":"standard","meta":{"footnotes":""},"categories":[53],"tags":[],"class_list":["post-86521","post","type-post","status-publish","format-standard","has-post-thumbnail","hentry","category-politica"],"yoast_head":"<!-- This site is optimized with the Yoast SEO plugin v19.7.1 - https:\/\/yoast.com\/wordpress\/plugins\/seo\/ -->\n<title>En la Unidad B\u00e1sica se festej\u00f3 el D\u00eda de la Lealtad (fotos y videos) - CELTTV<\/title>\n<meta name=\"description\" content=\"Sitio web de noticias de la localidad de Tornquist, provincia de Buenos Aires, Rep\u00fablica Argentina. Contenido propio originado por periodistas de CELTTV, el canal de TV local de la Cooperativa El\u00e9ctrica de Tornquist. Turismo, Pol\u00edtica, Sociedad, Deporte, Cultura y todo el contenido de inter\u00e9s general que la gente del pueblo y la regi\u00f3n debe conocer.\" \/>\n<meta name=\"robots\" content=\"index, follow, max-snippet:-1, max-image-preview:large, max-video-preview:-1\" \/>\n<link rel=\"canonical\" href=\"https:\/\/www.celttv.com.ar\/index.php\/2024\/10\/19\/en-la-unidad-basica-se-festejo-el-dia-de-la-lealtad-fotos-y-videos\/\" \/>\n<meta property=\"og:locale\" content=\"es_ES\" \/>\n<meta property=\"og:type\" content=\"article\" \/>\n<meta property=\"og:title\" content=\"En la Unidad B\u00e1sica se festej\u00f3 el D\u00eda de la Lealtad (fotos y videos) - CELTTV\" \/>\n<meta property=\"og:description\" content=\"Sitio web de noticias de la localidad de Tornquist, provincia de Buenos Aires, Rep\u00fablica Argentina. Contenido propio originado por periodistas de CELTTV, el canal de TV local de la Cooperativa El\u00e9ctrica de Tornquist. Turismo, Pol\u00edtica, Sociedad, Deporte, Cultura y todo el contenido de inter\u00e9s general que la gente del pueblo y la regi\u00f3n debe conocer.\" \/>\n<meta property=\"og:url\" content=\"https:\/\/www.celttv.com.ar\/index.php\/2024\/10\/19\/en-la-unidad-basica-se-festejo-el-dia-de-la-lealtad-fotos-y-videos\/\" \/>\n<meta property=\"og:site_name\" content=\"CELTTV\" \/>\n<meta property=\"article:publisher\" content=\"https:\/\/www.facebook.com\/celtTV\/\" \/>\n<meta property=\"article:published_time\" content=\"2024-10-19T16:17:04+00:00\" \/>\n<meta property=\"og:image\" content=\"https:\/\/www.celttv.com.ar\/wp-content\/uploads\/2024\/10\/IMG_0050-Medium.jpg\" \/>\n\t<meta property=\"og:image:width\" content=\"1024\" \/>\n\t<meta property=\"og:image:height\" content=\"768\" \/>\n\t<meta property=\"og:image:type\" content=\"image\/jpeg\" \/>\n<meta name=\"author\" content=\"Miguel Herrada\" \/>\n<meta name=\"twitter:card\" content=\"summary_large_image\" \/>\n<meta name=\"twitter:label1\" content=\"Escrito por\" \/>\n\t<meta name=\"twitter:data1\" content=\"Miguel Herrada\" \/>\n\t<meta name=\"twitter:label2\" content=\"Tiempo de lectura\" \/>\n\t<meta name=\"twitter:data2\" content=\"5 minutos\" \/>\n<script type=\"application\/ld+json\" class=\"yoast-schema-graph\">{\"@context\":\"https:\/\/schema.org\",\"@graph\":[{\"@type\":\"NewsArticle\",\"@id\":\"https:\/\/www.celttv.com.ar\/index.php\/2024\/10\/19\/en-la-unidad-basica-se-festejo-el-dia-de-la-lealtad-fotos-y-videos\/#article\",\"isPartOf\":{\"@id\":\"https:\/\/www.celttv.com.ar\/index.php\/2024\/10\/19\/en-la-unidad-basica-se-festejo-el-dia-de-la-lealtad-fotos-y-videos\/\"},\"author\":{\"name\":\"Miguel Herrada\",\"@id\":\"https:\/\/www.celttv.com.ar\/#\/schema\/person\/9059dc91dc7204ef4182cdb65225f07d\"},\"headline\":\"En la Unidad B\u00e1sica se festej\u00f3 el D\u00eda de la Lealtad (fotos y videos)\",\"datePublished\":\"2024-10-19T16:17:04+00:00\",\"dateModified\":\"2024-10-19T16:17:04+00:00\",\"mainEntityOfPage\":{\"@id\":\"https:\/\/www.celttv.com.ar\/index.php\/2024\/10\/19\/en-la-unidad-basica-se-festejo-el-dia-de-la-lealtad-fotos-y-videos\/\"},\"wordCount\":1075,\"publisher\":{\"@id\":\"https:\/\/www.celttv.com.ar\/#organization\"},\"articleSection\":[\"Pol\u00edtica\"],\"inLanguage\":\"es\"},{\"@type\":\"WebPage\",\"@id\":\"https:\/\/www.celttv.com.ar\/index.php\/2024\/10\/19\/en-la-unidad-basica-se-festejo-el-dia-de-la-lealtad-fotos-y-videos\/\",\"url\":\"https:\/\/www.celttv.com.ar\/index.php\/2024\/10\/19\/en-la-unidad-basica-se-festejo-el-dia-de-la-lealtad-fotos-y-videos\/\",\"name\":\"En la Unidad B\u00e1sica se festej\u00f3 el D\u00eda de la Lealtad (fotos y videos) - CELTTV\",\"isPartOf\":{\"@id\":\"https:\/\/www.celttv.com.ar\/#website\"},\"datePublished\":\"2024-10-19T16:17:04+00:00\",\"dateModified\":\"2024-10-19T16:17:04+00:00\",\"description\":\"Sitio web de noticias de la localidad de Tornquist, provincia de Buenos Aires, Rep\u00fablica Argentina. Contenido propio originado por periodistas de CELTTV, el canal de TV local de la Cooperativa El\u00e9ctrica de Tornquist. Turismo, Pol\u00edtica, Sociedad, Deporte, Cultura y todo el contenido de inter\u00e9s general que la gente del pueblo y la regi\u00f3n debe conocer.\",\"breadcrumb\":{\"@id\":\"https:\/\/www.celttv.com.ar\/index.php\/2024\/10\/19\/en-la-unidad-basica-se-festejo-el-dia-de-la-lealtad-fotos-y-videos\/#breadcrumb\"},\"inLanguage\":\"es\",\"potentialAction\":[{\"@type\":\"ReadAction\",\"target\":[\"https:\/\/www.celttv.com.ar\/index.php\/2024\/10\/19\/en-la-unidad-basica-se-festejo-el-dia-de-la-lealtad-fotos-y-videos\/\"]}]},{\"@type\":\"BreadcrumbList\",\"@id\":\"https:\/\/www.celttv.com.ar\/index.php\/2024\/10\/19\/en-la-unidad-basica-se-festejo-el-dia-de-la-lealtad-fotos-y-videos\/#breadcrumb\",\"itemListElement\":[{\"@type\":\"ListItem\",\"position\":1,\"name\":\"Inicio\",\"item\":\"https:\/\/www.celttv.com.ar\/\"},{\"@type\":\"ListItem\",\"position\":2,\"name\":\"En la Unidad B\u00e1sica se festej\u00f3 el D\u00eda de la Lealtad (fotos y videos)\"}]},{\"@type\":\"WebSite\",\"@id\":\"https:\/\/www.celttv.com.ar\/#website\",\"url\":\"https:\/\/www.celttv.com.ar\/\",\"name\":\"CELTTV\",\"description\":\"Cooperativa El\u00e9ctrica de Tornquist\",\"publisher\":{\"@id\":\"https:\/\/www.celttv.com.ar\/#organization\"},\"potentialAction\":[{\"@type\":\"SearchAction\",\"target\":{\"@type\":\"EntryPoint\",\"urlTemplate\":\"https:\/\/www.celttv.com.ar\/?s={search_term_string}\"},\"query-input\":\"required name=search_term_string\"}],\"inLanguage\":\"es\"},{\"@type\":\"Organization\",\"@id\":\"https:\/\/www.celttv.com.ar\/#organization\",\"name\":\"CELTTV\",\"url\":\"https:\/\/www.celttv.com.ar\/\",\"sameAs\":[\"https:\/\/www.youtube.com\/channel\/UCz_oIt8Hig64Ub-EmcNPIhg\",\"https:\/\/www.facebook.com\/celtTV\/\"],\"logo\":{\"@type\":\"ImageObject\",\"inLanguage\":\"es\",\"@id\":\"https:\/\/www.celttv.com.ar\/#\/schema\/logo\/image\/\",\"url\":\"http:\/\/www.celttv.com.ar\/wp-content\/uploads\/2022\/08\/logo-1.png\",\"contentUrl\":\"http:\/\/www.celttv.com.ar\/wp-content\/uploads\/2022\/08\/logo-1.png\",\"width\":461,\"height\":159,\"caption\":\"CELTTV\"},\"image\":{\"@id\":\"https:\/\/www.celttv.com.ar\/#\/schema\/logo\/image\/\"}},{\"@type\":\"Person\",\"@id\":\"https:\/\/www.celttv.com.ar\/#\/schema\/person\/9059dc91dc7204ef4182cdb65225f07d\",\"name\":\"Miguel Herrada\",\"image\":{\"@type\":\"ImageObject\",\"inLanguage\":\"es\",\"@id\":\"https:\/\/www.celttv.com.ar\/#\/schema\/person\/image\/\",\"url\":\"https:\/\/secure.gravatar.com\/avatar\/67724d5b3c716623ffd76bec7e45841a442ac3b456e914dbba90b0fad2b8e0b1?s=96&d=mm&r=g\",\"contentUrl\":\"https:\/\/secure.gravatar.com\/avatar\/67724d5b3c716623ffd76bec7e45841a442ac3b456e914dbba90b0fad2b8e0b1?s=96&d=mm&r=g\",\"caption\":\"Miguel Herrada\"}}]}<\/script>\n<!-- \/ Yoast SEO plugin. -->","yoast_head_json":{"title":"En la Unidad B\u00e1sica se festej\u00f3 el D\u00eda de la Lealtad (fotos y videos) - CELTTV","description":"Sitio web de noticias de la localidad de Tornquist, provincia de Buenos Aires, Rep\u00fablica Argentina. Contenido propio originado por periodistas de CELTTV, el canal de TV local de la Cooperativa El\u00e9ctrica de Tornquist. Turismo, Pol\u00edtica, Sociedad, Deporte, Cultura y todo el contenido de inter\u00e9s general que la gente del pueblo y la regi\u00f3n debe conocer.","robots":{"index":"index","follow":"follow","max-snippet":"max-snippet:-1","max-image-preview":"max-image-preview:large","max-video-preview":"max-video-preview:-1"},"canonical":"https:\/\/www.celttv.com.ar\/index.php\/2024\/10\/19\/en-la-unidad-basica-se-festejo-el-dia-de-la-lealtad-fotos-y-videos\/","og_locale":"es_ES","og_type":"article","og_title":"En la Unidad B\u00e1sica se festej\u00f3 el D\u00eda de la Lealtad (fotos y videos) - CELTTV","og_description":"Sitio web de noticias de la localidad de Tornquist, provincia de Buenos Aires, Rep\u00fablica Argentina. Contenido propio originado por periodistas de CELTTV, el canal de TV local de la Cooperativa El\u00e9ctrica de Tornquist. Turismo, Pol\u00edtica, Sociedad, Deporte, Cultura y todo el contenido de inter\u00e9s general que la gente del pueblo y la regi\u00f3n debe conocer.","og_url":"https:\/\/www.celttv.com.ar\/index.php\/2024\/10\/19\/en-la-unidad-basica-se-festejo-el-dia-de-la-lealtad-fotos-y-videos\/","og_site_name":"CELTTV","article_publisher":"https:\/\/www.facebook.com\/celtTV\/","article_published_time":"2024-10-19T16:17:04+00:00","og_image":[{"width":1024,"height":768,"url":"https:\/\/www.celttv.com.ar\/wp-content\/uploads\/2024\/10\/IMG_0050-Medium.jpg","type":"image\/jpeg"}],"author":"Miguel Herrada","twitter_card":"summary_large_image","twitter_misc":{"Escrito por":"Miguel Herrada","Tiempo de lectura":"5 minutos"},"schema":{"@context":"https:\/\/schema.org","@graph":[{"@type":"NewsArticle","@id":"https:\/\/www.celttv.com.ar\/index.php\/2024\/10\/19\/en-la-unidad-basica-se-festejo-el-dia-de-la-lealtad-fotos-y-videos\/#article","isPartOf":{"@id":"https:\/\/www.celttv.com.ar\/index.php\/2024\/10\/19\/en-la-unidad-basica-se-festejo-el-dia-de-la-lealtad-fotos-y-videos\/"},"author":{"name":"Miguel Herrada","@id":"https:\/\/www.celttv.com.ar\/#\/schema\/person\/9059dc91dc7204ef4182cdb65225f07d"},"headline":"En la Unidad B\u00e1sica se festej\u00f3 el D\u00eda de la Lealtad (fotos y videos)","datePublished":"2024-10-19T16:17:04+00:00","dateModified":"2024-10-19T16:17:04+00:00","mainEntityOfPage":{"@id":"https:\/\/www.celttv.com.ar\/index.php\/2024\/10\/19\/en-la-unidad-basica-se-festejo-el-dia-de-la-lealtad-fotos-y-videos\/"},"wordCount":1075,"publisher":{"@id":"https:\/\/www.celttv.com.ar\/#organization"},"articleSection":["Pol\u00edtica"],"inLanguage":"es"},{"@type":"WebPage","@id":"https:\/\/www.celttv.com.ar\/index.php\/2024\/10\/19\/en-la-unidad-basica-se-festejo-el-dia-de-la-lealtad-fotos-y-videos\/","url":"https:\/\/www.celttv.com.ar\/index.php\/2024\/10\/19\/en-la-unidad-basica-se-festejo-el-dia-de-la-lealtad-fotos-y-videos\/","name":"En la Unidad B\u00e1sica se festej\u00f3 el D\u00eda de la Lealtad (fotos y videos) - CELTTV","isPartOf":{"@id":"https:\/\/www.celttv.com.ar\/#website"},"datePublished":"2024-10-19T16:17:04+00:00","dateModified":"2024-10-19T16:17:04+00:00","description":"Sitio web de noticias de la localidad de Tornquist, provincia de Buenos Aires, Rep\u00fablica Argentina. Contenido propio originado por periodistas de CELTTV, el canal de TV local de la Cooperativa El\u00e9ctrica de Tornquist. Turismo, Pol\u00edtica, Sociedad, Deporte, Cultura y todo el contenido de inter\u00e9s general que la gente del pueblo y la regi\u00f3n debe conocer.","breadcrumb":{"@id":"https:\/\/www.celttv.com.ar\/index.php\/2024\/10\/19\/en-la-unidad-basica-se-festejo-el-dia-de-la-lealtad-fotos-y-videos\/#breadcrumb"},"inLanguage":"es","potentialAction":[{"@type":"ReadAction","target":["https:\/\/www.celttv.com.ar\/index.php\/2024\/10\/19\/en-la-unidad-basica-se-festejo-el-dia-de-la-lealtad-fotos-y-videos\/"]}]},{"@type":"BreadcrumbList","@id":"https:\/\/www.celttv.com.ar\/index.php\/2024\/10\/19\/en-la-unidad-basica-se-festejo-el-dia-de-la-lealtad-fotos-y-videos\/#breadcrumb","itemListElement":[{"@type":"ListItem","position":1,"name":"Inicio","item":"https:\/\/www.celttv.com.ar\/"},{"@type":"ListItem","position":2,"name":"En la Unidad B\u00e1sica se festej\u00f3 el D\u00eda de la Lealtad (fotos y videos)"}]},{"@type":"WebSite","@id":"https:\/\/www.celttv.com.ar\/#website","url":"https:\/\/www.celttv.com.ar\/","name":"CELTTV","description":"Cooperativa El\u00e9ctrica de Tornquist","publisher":{"@id":"https:\/\/www.celttv.com.ar\/#organization"},"potentialAction":[{"@type":"SearchAction","target":{"@type":"EntryPoint","urlTemplate":"https:\/\/www.celttv.com.ar\/?s={search_term_string}"},"query-input":"required name=search_term_string"}],"inLanguage":"es"},{"@type":"Organization","@id":"https:\/\/www.celttv.com.ar\/#organization","name":"CELTTV","url":"https:\/\/www.celttv.com.ar\/","sameAs":["https:\/\/www.youtube.com\/channel\/UCz_oIt8Hig64Ub-EmcNPIhg","https:\/\/www.facebook.com\/celtTV\/"],"logo":{"@type":"ImageObject","inLanguage":"es","@id":"https:\/\/www.celttv.com.ar\/#\/schema\/logo\/image\/","url":"http:\/\/www.celttv.com.ar\/wp-content\/uploads\/2022\/08\/logo-1.png","contentUrl":"http:\/\/www.celttv.com.ar\/wp-content\/uploads\/2022\/08\/logo-1.png","width":461,"height":159,"caption":"CELTTV"},"image":{"@id":"https:\/\/www.celttv.com.ar\/#\/schema\/logo\/image\/"}},{"@type":"Person","@id":"https:\/\/www.celttv.com.ar\/#\/schema\/person\/9059dc91dc7204ef4182cdb65225f07d","name":"Miguel Herrada","image":{"@type":"ImageObject","inLanguage":"es","@id":"https:\/\/www.celttv.com.ar\/#\/schema\/person\/image\/","url":"https:\/\/secure.gravatar.com\/avatar\/67724d5b3c716623ffd76bec7e45841a442ac3b456e914dbba90b0fad2b8e0b1?s=96&d=mm&r=g","contentUrl":"https:\/\/secure.gravatar.com\/avatar\/67724d5b3c716623ffd76bec7e45841a442ac3b456e914dbba90b0fad2b8e0b1?s=96&d=mm&r=g","caption":"Miguel Herrada"}}]}},"_links":{"self":[{"href":"https:\/\/www.celttv.com.ar\/index.php\/wp-json\/wp\/v2\/posts\/86521","targetHints":{"allow":["GET"]}}],"collection":[{"href":"https:\/\/www.celttv.com.ar\/index.php\/wp-json\/wp\/v2\/posts"}],"about":[{"href":"https:\/\/www.celttv.com.ar\/index.php\/wp-json\/wp\/v2\/types\/post"}],"author":[{"embeddable":true,"href":"https:\/\/www.celttv.com.ar\/index.php\/wp-json\/wp\/v2\/users\/5"}],"replies":[{"embeddable":true,"href":"https:\/\/www.celttv.com.ar\/index.php\/wp-json\/wp\/v2\/comments?post=86521"}],"version-history":[{"count":1,"href":"https:\/\/www.celttv.com.ar\/index.php\/wp-json\/wp\/v2\/posts\/86521\/revisions"}],"predecessor-version":[{"id":86528,"href":"https:\/\/www.celttv.com.ar\/index.php\/wp-json\/wp\/v2\/posts\/86521\/revisions\/86528"}],"wp:featuredmedia":[{"embeddable":true,"href":"https:\/\/www.celttv.com.ar\/index.php\/wp-json\/wp\/v2\/media\/86527"}],"wp:attachment":[{"href":"https:\/\/www.celttv.com.ar\/index.php\/wp-json\/wp\/v2\/media?parent=86521"}],"wp:term":[{"taxonomy":"category","embeddable":true,"href":"https:\/\/www.celttv.com.ar\/index.php\/wp-json\/wp\/v2\/categories?post=86521"},{"taxonomy":"post_tag","embeddable":true,"href":"https:\/\/www.celttv.com.ar\/index.php\/wp-json\/wp\/v2\/tags?post=86521"}],"curies":[{"name":"wp","href":"https:\/\/api.w.org\/{rel}","templated":true}]}}