{"id":8654,"date":"2012-10-24T02:34:40","date_gmt":"2012-10-24T02:34:40","guid":{"rendered":"http:\/\/www.tvcnoticias.com.ar\/?p=8654"},"modified":"2012-10-24T02:34:40","modified_gmt":"2012-10-24T02:34:40","slug":"se-habla-mucho-de-turismo-y-se-hace-poco-comunicado-de-la-juventud-radical-de-tornquist","status":"publish","type":"post","link":"https:\/\/www.celttv.com.ar\/index.php\/2012\/10\/24\/se-habla-mucho-de-turismo-y-se-hace-poco-comunicado-de-la-juventud-radical-de-tornquist\/","title":{"rendered":"SE HABLA MUCHO DE TURISMO Y SE HACE POCO (comunicado de la Juventud Radical de Tornquist)"},"content":{"rendered":"<p><a rel=\"attachment wp-att-8659\" href=\"http:\/\/www.tvcnoticias.com.ar\/?attachment_id=8659\"><br \/>\n<\/a><br \/>\n<img loading=\"lazy\" decoding=\"async\" class=\"aligncenter size-full wp-image-8659\" title=\"3 (Small)\" src=\"http:\/\/www.tvcnoticias.com.ar\/wp-content\/uploads\/2012\/10\/3-Small.jpg\" alt=\"\" width=\"640\" height=\"422\" \/><br \/>\nFaltando un poco m\u00e1s de un mes para el inicio de la temporada estival, salimos a recorrer puntos de mayor concurrencia de turistas en el distrito. Puntualmente en la localidad de Sierra de la Ventana, y nos llevamos una desagradable y triste imagen del balneario m\u00e1s importante de la localidad \u201cEl Dique\u201d frente al concurrido cerro Ceferino, pastos largos, basura, olor nauseabundo (producto de la falta de ba\u00f1os p\u00fablicos), un \u201cPunto limpio\u201d totalmente abandonado, falta de cestos de basura\u2026 en fin un abandono total.<br \/>\n\u00bfA que quieren llegar con esto?, \u00bfa que cada vez vengan menos turistas al distrito y se lleven una mala imagen?. Ac\u00e1 no se trata de un problema de presupuesto o falta de personal, se trata de que las autoridades caminen un poco mas el distrito, \u00bfsabr\u00e1 el secretario de turismo en que estado se encuentran los puntos de mayor afluencia tur\u00edstica? \u00bfY el intendente estar\u00e1 interiorizado del estado del balneario?<br \/>\nEstamos convencidos que todas esta falencias se solucionan con un poco de voluntad y trabajando conjuntamente con la sociedad. No solo basta hablar del Turismo como fuente de ingresos, es imprescindible brindar al turista la mejor imagen que podamos ofrecer y no se puede improvisar cuando la temporada ya est\u00e9 en curso.<br \/>\n<strong><span style=\"text-decoration: underline;\">Juventud Radical del distrito de Tornquist<\/span><\/strong><\/p>\n","protected":false},"excerpt":{"rendered":"<p>Faltando un poco m\u00e1s de un mes para el inicio de la temporada estival, salimos a recorrer puntos de mayor concurrencia de turistas en el distrito. Puntualmente en la localidad de Sierra de la Ventana, y nos llevamos una desagradable y triste imagen del balneario m\u00e1s importante de la localidad \u201cEl Dique\u201d frente al concurrido [&hellip;]<\/p>\n","protected":false},"author":1,"featured_media":0,"comment_status":"closed","ping_status":"open","sticky":false,"template":"","format":"standard","meta":{"footnotes":""},"categories":[51,52,95],"tags":[],"class_list":["post-8654","post","type-post","status-publish","format-standard","hentry","category-comunidad","category-destacadas","category-opiniones"],"yoast_head":"<!-- This site is optimized with the Yoast SEO plugin v19.7.1 - https:\/\/yoast.com\/wordpress\/plugins\/seo\/ -->\n<title>SE HABLA MUCHO DE TURISMO Y SE HACE POCO (comunicado de la Juventud Radical de Tornquist) - CELTTV<\/title>\n<meta name=\"description\" content=\"Sitio web de noticias de la localidad de Tornquist, provincia de Buenos Aires, Rep\u00fablica Argentina. Contenido propio originado por periodistas de CELTTV, el canal de TV local de la Cooperativa El\u00e9ctrica de Tornquist. Turismo, Pol\u00edtica, Sociedad, Deporte, Cultura y todo el contenido de inter\u00e9s general que la gente del pueblo y la regi\u00f3n debe conocer.\" \/>\n<meta name=\"robots\" content=\"index, follow, max-snippet:-1, max-image-preview:large, max-video-preview:-1\" \/>\n<link rel=\"canonical\" href=\"https:\/\/www.celttv.com.ar\/index.php\/2012\/10\/24\/se-habla-mucho-de-turismo-y-se-hace-poco-comunicado-de-la-juventud-radical-de-tornquist\/\" \/>\n<meta property=\"og:locale\" content=\"es_ES\" \/>\n<meta property=\"og:type\" content=\"article\" \/>\n<meta property=\"og:title\" content=\"SE HABLA MUCHO DE TURISMO Y SE HACE POCO (comunicado de la Juventud Radical de Tornquist) - CELTTV\" \/>\n<meta property=\"og:description\" content=\"Sitio web de noticias de la localidad de Tornquist, provincia de Buenos Aires, Rep\u00fablica Argentina. Contenido propio originado por periodistas de CELTTV, el canal de TV local de la Cooperativa El\u00e9ctrica de Tornquist. Turismo, Pol\u00edtica, Sociedad, Deporte, Cultura y todo el contenido de inter\u00e9s general que la gente del pueblo y la regi\u00f3n debe conocer.\" \/>\n<meta property=\"og:url\" content=\"https:\/\/www.celttv.com.ar\/index.php\/2012\/10\/24\/se-habla-mucho-de-turismo-y-se-hace-poco-comunicado-de-la-juventud-radical-de-tornquist\/\" \/>\n<meta property=\"og:site_name\" content=\"CELTTV\" \/>\n<meta property=\"article:publisher\" content=\"https:\/\/www.facebook.com\/celtTV\/\" \/>\n<meta property=\"article:published_time\" content=\"2012-10-24T02:34:40+00:00\" \/>\n<meta property=\"og:image\" content=\"http:\/\/www.tvcnoticias.com.ar\/wp-content\/uploads\/2012\/10\/3-Small.jpg\" \/>\n<meta name=\"author\" content=\"ulises\" \/>\n<meta name=\"twitter:card\" content=\"summary_large_image\" \/>\n<meta name=\"twitter:label1\" content=\"Escrito por\" \/>\n\t<meta name=\"twitter:data1\" content=\"ulises\" \/>\n\t<meta name=\"twitter:label2\" content=\"Tiempo de lectura\" \/>\n\t<meta name=\"twitter:data2\" content=\"1 minuto\" \/>\n<script type=\"application\/ld+json\" class=\"yoast-schema-graph\">{\"@context\":\"https:\/\/schema.org\",\"@graph\":[{\"@type\":\"NewsArticle\",\"@id\":\"https:\/\/www.celttv.com.ar\/index.php\/2012\/10\/24\/se-habla-mucho-de-turismo-y-se-hace-poco-comunicado-de-la-juventud-radical-de-tornquist\/#article\",\"isPartOf\":{\"@id\":\"https:\/\/www.celttv.com.ar\/index.php\/2012\/10\/24\/se-habla-mucho-de-turismo-y-se-hace-poco-comunicado-de-la-juventud-radical-de-tornquist\/\"},\"author\":{\"name\":\"ulises\",\"@id\":\"https:\/\/www.celttv.com.ar\/#\/schema\/person\/6d99c072dba59953809c81446e9d0ace\"},\"headline\":\"SE HABLA MUCHO DE TURISMO Y SE HACE POCO (comunicado de la Juventud Radical de Tornquist)\",\"datePublished\":\"2012-10-24T02:34:40+00:00\",\"dateModified\":\"2012-10-24T02:34:40+00:00\",\"mainEntityOfPage\":{\"@id\":\"https:\/\/www.celttv.com.ar\/index.php\/2012\/10\/24\/se-habla-mucho-de-turismo-y-se-hace-poco-comunicado-de-la-juventud-radical-de-tornquist\/\"},\"wordCount\":238,\"publisher\":{\"@id\":\"https:\/\/www.celttv.com.ar\/#organization\"},\"articleSection\":[\"Comunidad\",\"Destacadas\",\"Opiniones\"],\"inLanguage\":\"es\"},{\"@type\":\"WebPage\",\"@id\":\"https:\/\/www.celttv.com.ar\/index.php\/2012\/10\/24\/se-habla-mucho-de-turismo-y-se-hace-poco-comunicado-de-la-juventud-radical-de-tornquist\/\",\"url\":\"https:\/\/www.celttv.com.ar\/index.php\/2012\/10\/24\/se-habla-mucho-de-turismo-y-se-hace-poco-comunicado-de-la-juventud-radical-de-tornquist\/\",\"name\":\"SE HABLA MUCHO DE TURISMO Y SE HACE POCO (comunicado de la Juventud Radical de Tornquist) - CELTTV\",\"isPartOf\":{\"@id\":\"https:\/\/www.celttv.com.ar\/#website\"},\"datePublished\":\"2012-10-24T02:34:40+00:00\",\"dateModified\":\"2012-10-24T02:34:40+00:00\",\"description\":\"Sitio web de noticias de la localidad de Tornquist, provincia de Buenos Aires, Rep\u00fablica Argentina. Contenido propio originado por periodistas de CELTTV, el canal de TV local de la Cooperativa El\u00e9ctrica de Tornquist. Turismo, Pol\u00edtica, Sociedad, Deporte, Cultura y todo el contenido de inter\u00e9s general que la gente del pueblo y la regi\u00f3n debe conocer.\",\"breadcrumb\":{\"@id\":\"https:\/\/www.celttv.com.ar\/index.php\/2012\/10\/24\/se-habla-mucho-de-turismo-y-se-hace-poco-comunicado-de-la-juventud-radical-de-tornquist\/#breadcrumb\"},\"inLanguage\":\"es\",\"potentialAction\":[{\"@type\":\"ReadAction\",\"target\":[\"https:\/\/www.celttv.com.ar\/index.php\/2012\/10\/24\/se-habla-mucho-de-turismo-y-se-hace-poco-comunicado-de-la-juventud-radical-de-tornquist\/\"]}]},{\"@type\":\"BreadcrumbList\",\"@id\":\"https:\/\/www.celttv.com.ar\/index.php\/2012\/10\/24\/se-habla-mucho-de-turismo-y-se-hace-poco-comunicado-de-la-juventud-radical-de-tornquist\/#breadcrumb\",\"itemListElement\":[{\"@type\":\"ListItem\",\"position\":1,\"name\":\"Inicio\",\"item\":\"https:\/\/www.celttv.com.ar\/\"},{\"@type\":\"ListItem\",\"position\":2,\"name\":\"SE HABLA MUCHO DE TURISMO Y SE HACE POCO (comunicado de la Juventud Radical de Tornquist)\"}]},{\"@type\":\"WebSite\",\"@id\":\"https:\/\/www.celttv.com.ar\/#website\",\"url\":\"https:\/\/www.celttv.com.ar\/\",\"name\":\"CELTTV\",\"description\":\"Cooperativa El\u00e9ctrica de Tornquist\",\"publisher\":{\"@id\":\"https:\/\/www.celttv.com.ar\/#organization\"},\"potentialAction\":[{\"@type\":\"SearchAction\",\"target\":{\"@type\":\"EntryPoint\",\"urlTemplate\":\"https:\/\/www.celttv.com.ar\/?s={search_term_string}\"},\"query-input\":\"required name=search_term_string\"}],\"inLanguage\":\"es\"},{\"@type\":\"Organization\",\"@id\":\"https:\/\/www.celttv.com.ar\/#organization\",\"name\":\"CELTTV\",\"url\":\"https:\/\/www.celttv.com.ar\/\",\"sameAs\":[\"https:\/\/www.youtube.com\/channel\/UCz_oIt8Hig64Ub-EmcNPIhg\",\"https:\/\/www.facebook.com\/celtTV\/\"],\"logo\":{\"@type\":\"ImageObject\",\"inLanguage\":\"es\",\"@id\":\"https:\/\/www.celttv.com.ar\/#\/schema\/logo\/image\/\",\"url\":\"http:\/\/www.celttv.com.ar\/wp-content\/uploads\/2022\/08\/logo-1.png\",\"contentUrl\":\"http:\/\/www.celttv.com.ar\/wp-content\/uploads\/2022\/08\/logo-1.png\",\"width\":461,\"height\":159,\"caption\":\"CELTTV\"},\"image\":{\"@id\":\"https:\/\/www.celttv.com.ar\/#\/schema\/logo\/image\/\"}},{\"@type\":\"Person\",\"@id\":\"https:\/\/www.celttv.com.ar\/#\/schema\/person\/6d99c072dba59953809c81446e9d0ace\",\"name\":\"ulises\",\"image\":{\"@type\":\"ImageObject\",\"inLanguage\":\"es\",\"@id\":\"https:\/\/www.celttv.com.ar\/#\/schema\/person\/image\/\",\"url\":\"https:\/\/secure.gravatar.com\/avatar\/7f2c48bdc33b30088f941fb6082e555f2874c98e20cb159d7b92b50eadfce793?s=96&d=mm&r=g\",\"contentUrl\":\"https:\/\/secure.gravatar.com\/avatar\/7f2c48bdc33b30088f941fb6082e555f2874c98e20cb159d7b92b50eadfce793?s=96&d=mm&r=g\",\"caption\":\"ulises\"},\"sameAs\":[\"http:\/\/www.celttv.com.ar\"]}]}<\/script>\n<!-- \/ Yoast SEO plugin. -->","yoast_head_json":{"title":"SE HABLA MUCHO DE TURISMO Y SE HACE POCO (comunicado de la Juventud Radical de Tornquist) - CELTTV","description":"Sitio web de noticias de la localidad de Tornquist, provincia de Buenos Aires, Rep\u00fablica Argentina. Contenido propio originado por periodistas de CELTTV, el canal de TV local de la Cooperativa El\u00e9ctrica de Tornquist. Turismo, Pol\u00edtica, Sociedad, Deporte, Cultura y todo el contenido de inter\u00e9s general que la gente del pueblo y la regi\u00f3n debe conocer.","robots":{"index":"index","follow":"follow","max-snippet":"max-snippet:-1","max-image-preview":"max-image-preview:large","max-video-preview":"max-video-preview:-1"},"canonical":"https:\/\/www.celttv.com.ar\/index.php\/2012\/10\/24\/se-habla-mucho-de-turismo-y-se-hace-poco-comunicado-de-la-juventud-radical-de-tornquist\/","og_locale":"es_ES","og_type":"article","og_title":"SE HABLA MUCHO DE TURISMO Y SE HACE POCO (comunicado de la Juventud Radical de Tornquist) - CELTTV","og_description":"Sitio web de noticias de la localidad de Tornquist, provincia de Buenos Aires, Rep\u00fablica Argentina. Contenido propio originado por periodistas de CELTTV, el canal de TV local de la Cooperativa El\u00e9ctrica de Tornquist. Turismo, Pol\u00edtica, Sociedad, Deporte, Cultura y todo el contenido de inter\u00e9s general que la gente del pueblo y la regi\u00f3n debe conocer.","og_url":"https:\/\/www.celttv.com.ar\/index.php\/2012\/10\/24\/se-habla-mucho-de-turismo-y-se-hace-poco-comunicado-de-la-juventud-radical-de-tornquist\/","og_site_name":"CELTTV","article_publisher":"https:\/\/www.facebook.com\/celtTV\/","article_published_time":"2012-10-24T02:34:40+00:00","og_image":[{"url":"http:\/\/www.tvcnoticias.com.ar\/wp-content\/uploads\/2012\/10\/3-Small.jpg"}],"author":"ulises","twitter_card":"summary_large_image","twitter_misc":{"Escrito por":"ulises","Tiempo de lectura":"1 minuto"},"schema":{"@context":"https:\/\/schema.org","@graph":[{"@type":"NewsArticle","@id":"https:\/\/www.celttv.com.ar\/index.php\/2012\/10\/24\/se-habla-mucho-de-turismo-y-se-hace-poco-comunicado-de-la-juventud-radical-de-tornquist\/#article","isPartOf":{"@id":"https:\/\/www.celttv.com.ar\/index.php\/2012\/10\/24\/se-habla-mucho-de-turismo-y-se-hace-poco-comunicado-de-la-juventud-radical-de-tornquist\/"},"author":{"name":"ulises","@id":"https:\/\/www.celttv.com.ar\/#\/schema\/person\/6d99c072dba59953809c81446e9d0ace"},"headline":"SE HABLA MUCHO DE TURISMO Y SE HACE POCO (comunicado de la Juventud Radical de Tornquist)","datePublished":"2012-10-24T02:34:40+00:00","dateModified":"2012-10-24T02:34:40+00:00","mainEntityOfPage":{"@id":"https:\/\/www.celttv.com.ar\/index.php\/2012\/10\/24\/se-habla-mucho-de-turismo-y-se-hace-poco-comunicado-de-la-juventud-radical-de-tornquist\/"},"wordCount":238,"publisher":{"@id":"https:\/\/www.celttv.com.ar\/#organization"},"articleSection":["Comunidad","Destacadas","Opiniones"],"inLanguage":"es"},{"@type":"WebPage","@id":"https:\/\/www.celttv.com.ar\/index.php\/2012\/10\/24\/se-habla-mucho-de-turismo-y-se-hace-poco-comunicado-de-la-juventud-radical-de-tornquist\/","url":"https:\/\/www.celttv.com.ar\/index.php\/2012\/10\/24\/se-habla-mucho-de-turismo-y-se-hace-poco-comunicado-de-la-juventud-radical-de-tornquist\/","name":"SE HABLA MUCHO DE TURISMO Y SE HACE POCO (comunicado de la Juventud Radical de Tornquist) - CELTTV","isPartOf":{"@id":"https:\/\/www.celttv.com.ar\/#website"},"datePublished":"2012-10-24T02:34:40+00:00","dateModified":"2012-10-24T02:34:40+00:00","description":"Sitio web de noticias de la localidad de Tornquist, provincia de Buenos Aires, Rep\u00fablica Argentina. Contenido propio originado por periodistas de CELTTV, el canal de TV local de la Cooperativa El\u00e9ctrica de Tornquist. Turismo, Pol\u00edtica, Sociedad, Deporte, Cultura y todo el contenido de inter\u00e9s general que la gente del pueblo y la regi\u00f3n debe conocer.","breadcrumb":{"@id":"https:\/\/www.celttv.com.ar\/index.php\/2012\/10\/24\/se-habla-mucho-de-turismo-y-se-hace-poco-comunicado-de-la-juventud-radical-de-tornquist\/#breadcrumb"},"inLanguage":"es","potentialAction":[{"@type":"ReadAction","target":["https:\/\/www.celttv.com.ar\/index.php\/2012\/10\/24\/se-habla-mucho-de-turismo-y-se-hace-poco-comunicado-de-la-juventud-radical-de-tornquist\/"]}]},{"@type":"BreadcrumbList","@id":"https:\/\/www.celttv.com.ar\/index.php\/2012\/10\/24\/se-habla-mucho-de-turismo-y-se-hace-poco-comunicado-de-la-juventud-radical-de-tornquist\/#breadcrumb","itemListElement":[{"@type":"ListItem","position":1,"name":"Inicio","item":"https:\/\/www.celttv.com.ar\/"},{"@type":"ListItem","position":2,"name":"SE HABLA MUCHO DE TURISMO Y SE HACE POCO (comunicado de la Juventud Radical de Tornquist)"}]},{"@type":"WebSite","@id":"https:\/\/www.celttv.com.ar\/#website","url":"https:\/\/www.celttv.com.ar\/","name":"CELTTV","description":"Cooperativa El\u00e9ctrica de Tornquist","publisher":{"@id":"https:\/\/www.celttv.com.ar\/#organization"},"potentialAction":[{"@type":"SearchAction","target":{"@type":"EntryPoint","urlTemplate":"https:\/\/www.celttv.com.ar\/?s={search_term_string}"},"query-input":"required name=search_term_string"}],"inLanguage":"es"},{"@type":"Organization","@id":"https:\/\/www.celttv.com.ar\/#organization","name":"CELTTV","url":"https:\/\/www.celttv.com.ar\/","sameAs":["https:\/\/www.youtube.com\/channel\/UCz_oIt8Hig64Ub-EmcNPIhg","https:\/\/www.facebook.com\/celtTV\/"],"logo":{"@type":"ImageObject","inLanguage":"es","@id":"https:\/\/www.celttv.com.ar\/#\/schema\/logo\/image\/","url":"http:\/\/www.celttv.com.ar\/wp-content\/uploads\/2022\/08\/logo-1.png","contentUrl":"http:\/\/www.celttv.com.ar\/wp-content\/uploads\/2022\/08\/logo-1.png","width":461,"height":159,"caption":"CELTTV"},"image":{"@id":"https:\/\/www.celttv.com.ar\/#\/schema\/logo\/image\/"}},{"@type":"Person","@id":"https:\/\/www.celttv.com.ar\/#\/schema\/person\/6d99c072dba59953809c81446e9d0ace","name":"ulises","image":{"@type":"ImageObject","inLanguage":"es","@id":"https:\/\/www.celttv.com.ar\/#\/schema\/person\/image\/","url":"https:\/\/secure.gravatar.com\/avatar\/7f2c48bdc33b30088f941fb6082e555f2874c98e20cb159d7b92b50eadfce793?s=96&d=mm&r=g","contentUrl":"https:\/\/secure.gravatar.com\/avatar\/7f2c48bdc33b30088f941fb6082e555f2874c98e20cb159d7b92b50eadfce793?s=96&d=mm&r=g","caption":"ulises"},"sameAs":["http:\/\/www.celttv.com.ar"]}]}},"_links":{"self":[{"href":"https:\/\/www.celttv.com.ar\/index.php\/wp-json\/wp\/v2\/posts\/8654","targetHints":{"allow":["GET"]}}],"collection":[{"href":"https:\/\/www.celttv.com.ar\/index.php\/wp-json\/wp\/v2\/posts"}],"about":[{"href":"https:\/\/www.celttv.com.ar\/index.php\/wp-json\/wp\/v2\/types\/post"}],"author":[{"embeddable":true,"href":"https:\/\/www.celttv.com.ar\/index.php\/wp-json\/wp\/v2\/users\/1"}],"replies":[{"embeddable":true,"href":"https:\/\/www.celttv.com.ar\/index.php\/wp-json\/wp\/v2\/comments?post=8654"}],"version-history":[{"count":0,"href":"https:\/\/www.celttv.com.ar\/index.php\/wp-json\/wp\/v2\/posts\/8654\/revisions"}],"wp:attachment":[{"href":"https:\/\/www.celttv.com.ar\/index.php\/wp-json\/wp\/v2\/media?parent=8654"}],"wp:term":[{"taxonomy":"category","embeddable":true,"href":"https:\/\/www.celttv.com.ar\/index.php\/wp-json\/wp\/v2\/categories?post=8654"},{"taxonomy":"post_tag","embeddable":true,"href":"https:\/\/www.celttv.com.ar\/index.php\/wp-json\/wp\/v2\/tags?post=8654"}],"curies":[{"name":"wp","href":"https:\/\/api.w.org\/{rel}","templated":true}]}}