{"id":8672,"date":"2012-10-24T15:13:25","date_gmt":"2012-10-24T15:13:25","guid":{"rendered":"http:\/\/www.tvcnoticias.com.ar\/?p=8672"},"modified":"2012-10-24T15:13:25","modified_gmt":"2012-10-24T15:13:25","slug":"en-el-aniversario-del-distrito-se-viene-una-gran-fiesta-para-la-inauguracion-del-parque-lineal","status":"publish","type":"post","link":"https:\/\/www.celttv.com.ar\/index.php\/2012\/10\/24\/en-el-aniversario-del-distrito-se-viene-una-gran-fiesta-para-la-inauguracion-del-parque-lineal\/","title":{"rendered":"EN EL ANIVERSARIO DEL DISTRITO SE VIENE UNA GRAN FIESTA PARA LA INAUGURACION DEL PARQUE LINEAL"},"content":{"rendered":"<p><a rel=\"attachment wp-att-8678\" href=\"http:\/\/www.tvcnoticias.com.ar\/?attachment_id=8678\"><img loading=\"lazy\" decoding=\"async\" class=\"aligncenter size-full wp-image-8678\" title=\"senda de salud (Small)\" src=\"http:\/\/www.tvcnoticias.com.ar\/wp-content\/uploads\/2012\/10\/senda-de-salud-Small.jpg\" alt=\"\" width=\"640\" height=\"522\" \/><\/a><br \/>\nMientras las obras de infraestructura suman los \u00faltimos detalles y contin\u00faan modificando la fisonom\u00eda del lugar, la fiesta que acompa\u00f1ar\u00e1 la inauguraci\u00f3n del Parque Lineal de la ciudad cabecera del distrito va tomando forma.<br \/>\n\u00a0\u00a0 La celebraci\u00f3n en el espacio verde se concretar\u00e1 el domingo 4 de noviembre y estar\u00e1 incluida dentro de los festejos oficiales por el aniversario del cambio de nombre del partido.<br \/>\n\u00a0\u00a0 A las 16 se pondr\u00e1 en marcha la jornada, que tendr\u00e1 numerosos atractivos y la actuaci\u00f3n de artistas locales, que seguramente le pondr\u00e1n m\u00fasica, calor y color a un d\u00eda que promete ser inolvidable.<br \/>\n\u00a0\u00a0 A partir de esa hora se pasar\u00e1 m\u00fasica, el Grupo de Teatro Municipal presentar\u00e1 la obra para chicos \u201cLocas historias, teatro en historietas\u201d y al escenario que se armar\u00e1 en el lugar subir\u00e1n Carlos Porsel, Lo que Salga, Jonathan Rond\u00e1n, Paola Polinori y La Morocha, todas voces registradas de Tornquist.<br \/>\n\u00a0\u00a0 Tambi\u00e9n se realizar\u00e1 la inauguraci\u00f3n propiamente dicha, que incluir\u00e1 un corte de cintas y el encendido de las luces que iluminar\u00e1n el espacio destinado al esparcimientos, que se encuentra enclavado en un lugar incre\u00edblemente atractivo e incluye una senda peatonal, una senda de salud (ver foto) y una plaza con juegos de madera.<br \/>\n<\/p>\n","protected":false},"excerpt":{"rendered":"<p>Mientras las obras de infraestructura suman los \u00faltimos detalles y contin\u00faan modificando la fisonom\u00eda del lugar, la fiesta que acompa\u00f1ar\u00e1 la inauguraci\u00f3n del Parque Lineal de la ciudad cabecera del distrito va tomando forma. \u00a0\u00a0 La celebraci\u00f3n en el espacio verde se concretar\u00e1 el domingo 4 de noviembre y estar\u00e1 incluida dentro de los festejos [&hellip;]<\/p>\n","protected":false},"author":1,"featured_media":0,"comment_status":"closed","ping_status":"open","sticky":false,"template":"","format":"standard","meta":{"footnotes":""},"categories":[51,60,52,53],"tags":[],"class_list":["post-8672","post","type-post","status-publish","format-standard","hentry","category-comunidad","category-deporte","category-destacadas","category-politica"],"yoast_head":"<!-- This site is optimized with the Yoast SEO plugin v19.7.1 - https:\/\/yoast.com\/wordpress\/plugins\/seo\/ -->\n<title>EN EL ANIVERSARIO DEL DISTRITO SE VIENE UNA GRAN FIESTA PARA LA INAUGURACION DEL PARQUE LINEAL - CELTTV<\/title>\n<meta name=\"description\" content=\"Sitio web de noticias de la localidad de Tornquist, provincia de Buenos Aires, Rep\u00fablica Argentina. Contenido propio originado por periodistas de CELTTV, el canal de TV local de la Cooperativa El\u00e9ctrica de Tornquist. Turismo, Pol\u00edtica, Sociedad, Deporte, Cultura y todo el contenido de inter\u00e9s general que la gente del pueblo y la regi\u00f3n debe conocer.\" \/>\n<meta name=\"robots\" content=\"index, follow, max-snippet:-1, max-image-preview:large, max-video-preview:-1\" \/>\n<link rel=\"canonical\" href=\"https:\/\/www.celttv.com.ar\/index.php\/2012\/10\/24\/en-el-aniversario-del-distrito-se-viene-una-gran-fiesta-para-la-inauguracion-del-parque-lineal\/\" \/>\n<meta property=\"og:locale\" content=\"es_ES\" \/>\n<meta property=\"og:type\" content=\"article\" \/>\n<meta property=\"og:title\" content=\"EN EL ANIVERSARIO DEL DISTRITO SE VIENE UNA GRAN FIESTA PARA LA INAUGURACION DEL PARQUE LINEAL - CELTTV\" \/>\n<meta property=\"og:description\" content=\"Sitio web de noticias de la localidad de Tornquist, provincia de Buenos Aires, Rep\u00fablica Argentina. Contenido propio originado por periodistas de CELTTV, el canal de TV local de la Cooperativa El\u00e9ctrica de Tornquist. Turismo, Pol\u00edtica, Sociedad, Deporte, Cultura y todo el contenido de inter\u00e9s general que la gente del pueblo y la regi\u00f3n debe conocer.\" \/>\n<meta property=\"og:url\" content=\"https:\/\/www.celttv.com.ar\/index.php\/2012\/10\/24\/en-el-aniversario-del-distrito-se-viene-una-gran-fiesta-para-la-inauguracion-del-parque-lineal\/\" \/>\n<meta property=\"og:site_name\" content=\"CELTTV\" \/>\n<meta property=\"article:publisher\" content=\"https:\/\/www.facebook.com\/celtTV\/\" \/>\n<meta property=\"article:published_time\" content=\"2012-10-24T15:13:25+00:00\" \/>\n<meta property=\"og:image\" content=\"http:\/\/www.tvcnoticias.com.ar\/wp-content\/uploads\/2012\/10\/senda-de-salud-Small.jpg\" \/>\n<meta name=\"author\" content=\"ulises\" \/>\n<meta name=\"twitter:card\" content=\"summary_large_image\" \/>\n<meta name=\"twitter:label1\" content=\"Escrito por\" \/>\n\t<meta name=\"twitter:data1\" content=\"ulises\" \/>\n\t<meta name=\"twitter:label2\" content=\"Tiempo de lectura\" \/>\n\t<meta name=\"twitter:data2\" content=\"1 minuto\" \/>\n<script type=\"application\/ld+json\" class=\"yoast-schema-graph\">{\"@context\":\"https:\/\/schema.org\",\"@graph\":[{\"@type\":\"NewsArticle\",\"@id\":\"https:\/\/www.celttv.com.ar\/index.php\/2012\/10\/24\/en-el-aniversario-del-distrito-se-viene-una-gran-fiesta-para-la-inauguracion-del-parque-lineal\/#article\",\"isPartOf\":{\"@id\":\"https:\/\/www.celttv.com.ar\/index.php\/2012\/10\/24\/en-el-aniversario-del-distrito-se-viene-una-gran-fiesta-para-la-inauguracion-del-parque-lineal\/\"},\"author\":{\"name\":\"ulises\",\"@id\":\"https:\/\/www.celttv.com.ar\/#\/schema\/person\/6d99c072dba59953809c81446e9d0ace\"},\"headline\":\"EN EL ANIVERSARIO DEL DISTRITO SE VIENE UNA GRAN FIESTA PARA LA INAUGURACION DEL PARQUE LINEAL\",\"datePublished\":\"2012-10-24T15:13:25+00:00\",\"dateModified\":\"2012-10-24T15:13:25+00:00\",\"mainEntityOfPage\":{\"@id\":\"https:\/\/www.celttv.com.ar\/index.php\/2012\/10\/24\/en-el-aniversario-del-distrito-se-viene-una-gran-fiesta-para-la-inauguracion-del-parque-lineal\/\"},\"wordCount\":235,\"publisher\":{\"@id\":\"https:\/\/www.celttv.com.ar\/#organization\"},\"articleSection\":[\"Comunidad\",\"Deporte\",\"Destacadas\",\"Pol\u00edtica\"],\"inLanguage\":\"es\"},{\"@type\":\"WebPage\",\"@id\":\"https:\/\/www.celttv.com.ar\/index.php\/2012\/10\/24\/en-el-aniversario-del-distrito-se-viene-una-gran-fiesta-para-la-inauguracion-del-parque-lineal\/\",\"url\":\"https:\/\/www.celttv.com.ar\/index.php\/2012\/10\/24\/en-el-aniversario-del-distrito-se-viene-una-gran-fiesta-para-la-inauguracion-del-parque-lineal\/\",\"name\":\"EN EL ANIVERSARIO DEL DISTRITO SE VIENE UNA GRAN FIESTA PARA LA INAUGURACION DEL PARQUE LINEAL - CELTTV\",\"isPartOf\":{\"@id\":\"https:\/\/www.celttv.com.ar\/#website\"},\"datePublished\":\"2012-10-24T15:13:25+00:00\",\"dateModified\":\"2012-10-24T15:13:25+00:00\",\"description\":\"Sitio web de noticias de la localidad de Tornquist, provincia de Buenos Aires, Rep\u00fablica Argentina. Contenido propio originado por periodistas de CELTTV, el canal de TV local de la Cooperativa El\u00e9ctrica de Tornquist. Turismo, Pol\u00edtica, Sociedad, Deporte, Cultura y todo el contenido de inter\u00e9s general que la gente del pueblo y la regi\u00f3n debe conocer.\",\"breadcrumb\":{\"@id\":\"https:\/\/www.celttv.com.ar\/index.php\/2012\/10\/24\/en-el-aniversario-del-distrito-se-viene-una-gran-fiesta-para-la-inauguracion-del-parque-lineal\/#breadcrumb\"},\"inLanguage\":\"es\",\"potentialAction\":[{\"@type\":\"ReadAction\",\"target\":[\"https:\/\/www.celttv.com.ar\/index.php\/2012\/10\/24\/en-el-aniversario-del-distrito-se-viene-una-gran-fiesta-para-la-inauguracion-del-parque-lineal\/\"]}]},{\"@type\":\"BreadcrumbList\",\"@id\":\"https:\/\/www.celttv.com.ar\/index.php\/2012\/10\/24\/en-el-aniversario-del-distrito-se-viene-una-gran-fiesta-para-la-inauguracion-del-parque-lineal\/#breadcrumb\",\"itemListElement\":[{\"@type\":\"ListItem\",\"position\":1,\"name\":\"Inicio\",\"item\":\"https:\/\/www.celttv.com.ar\/\"},{\"@type\":\"ListItem\",\"position\":2,\"name\":\"EN EL ANIVERSARIO DEL DISTRITO SE VIENE UNA GRAN FIESTA PARA LA INAUGURACION DEL PARQUE LINEAL\"}]},{\"@type\":\"WebSite\",\"@id\":\"https:\/\/www.celttv.com.ar\/#website\",\"url\":\"https:\/\/www.celttv.com.ar\/\",\"name\":\"CELTTV\",\"description\":\"Cooperativa El\u00e9ctrica de Tornquist\",\"publisher\":{\"@id\":\"https:\/\/www.celttv.com.ar\/#organization\"},\"potentialAction\":[{\"@type\":\"SearchAction\",\"target\":{\"@type\":\"EntryPoint\",\"urlTemplate\":\"https:\/\/www.celttv.com.ar\/?s={search_term_string}\"},\"query-input\":\"required name=search_term_string\"}],\"inLanguage\":\"es\"},{\"@type\":\"Organization\",\"@id\":\"https:\/\/www.celttv.com.ar\/#organization\",\"name\":\"CELTTV\",\"url\":\"https:\/\/www.celttv.com.ar\/\",\"sameAs\":[\"https:\/\/www.youtube.com\/channel\/UCz_oIt8Hig64Ub-EmcNPIhg\",\"https:\/\/www.facebook.com\/celtTV\/\"],\"logo\":{\"@type\":\"ImageObject\",\"inLanguage\":\"es\",\"@id\":\"https:\/\/www.celttv.com.ar\/#\/schema\/logo\/image\/\",\"url\":\"http:\/\/www.celttv.com.ar\/wp-content\/uploads\/2022\/08\/logo-1.png\",\"contentUrl\":\"http:\/\/www.celttv.com.ar\/wp-content\/uploads\/2022\/08\/logo-1.png\",\"width\":461,\"height\":159,\"caption\":\"CELTTV\"},\"image\":{\"@id\":\"https:\/\/www.celttv.com.ar\/#\/schema\/logo\/image\/\"}},{\"@type\":\"Person\",\"@id\":\"https:\/\/www.celttv.com.ar\/#\/schema\/person\/6d99c072dba59953809c81446e9d0ace\",\"name\":\"ulises\",\"image\":{\"@type\":\"ImageObject\",\"inLanguage\":\"es\",\"@id\":\"https:\/\/www.celttv.com.ar\/#\/schema\/person\/image\/\",\"url\":\"https:\/\/secure.gravatar.com\/avatar\/7f2c48bdc33b30088f941fb6082e555f2874c98e20cb159d7b92b50eadfce793?s=96&d=mm&r=g\",\"contentUrl\":\"https:\/\/secure.gravatar.com\/avatar\/7f2c48bdc33b30088f941fb6082e555f2874c98e20cb159d7b92b50eadfce793?s=96&d=mm&r=g\",\"caption\":\"ulises\"},\"sameAs\":[\"http:\/\/www.celttv.com.ar\"]}]}<\/script>\n<!-- \/ Yoast SEO plugin. -->","yoast_head_json":{"title":"EN EL ANIVERSARIO DEL DISTRITO SE VIENE UNA GRAN FIESTA PARA LA INAUGURACION DEL PARQUE LINEAL - CELTTV","description":"Sitio web de noticias de la localidad de Tornquist, provincia de Buenos Aires, Rep\u00fablica Argentina. Contenido propio originado por periodistas de CELTTV, el canal de TV local de la Cooperativa El\u00e9ctrica de Tornquist. Turismo, Pol\u00edtica, Sociedad, Deporte, Cultura y todo el contenido de inter\u00e9s general que la gente del pueblo y la regi\u00f3n debe conocer.","robots":{"index":"index","follow":"follow","max-snippet":"max-snippet:-1","max-image-preview":"max-image-preview:large","max-video-preview":"max-video-preview:-1"},"canonical":"https:\/\/www.celttv.com.ar\/index.php\/2012\/10\/24\/en-el-aniversario-del-distrito-se-viene-una-gran-fiesta-para-la-inauguracion-del-parque-lineal\/","og_locale":"es_ES","og_type":"article","og_title":"EN EL ANIVERSARIO DEL DISTRITO SE VIENE UNA GRAN FIESTA PARA LA INAUGURACION DEL PARQUE LINEAL - CELTTV","og_description":"Sitio web de noticias de la localidad de Tornquist, provincia de Buenos Aires, Rep\u00fablica Argentina. Contenido propio originado por periodistas de CELTTV, el canal de TV local de la Cooperativa El\u00e9ctrica de Tornquist. Turismo, Pol\u00edtica, Sociedad, Deporte, Cultura y todo el contenido de inter\u00e9s general que la gente del pueblo y la regi\u00f3n debe conocer.","og_url":"https:\/\/www.celttv.com.ar\/index.php\/2012\/10\/24\/en-el-aniversario-del-distrito-se-viene-una-gran-fiesta-para-la-inauguracion-del-parque-lineal\/","og_site_name":"CELTTV","article_publisher":"https:\/\/www.facebook.com\/celtTV\/","article_published_time":"2012-10-24T15:13:25+00:00","og_image":[{"url":"http:\/\/www.tvcnoticias.com.ar\/wp-content\/uploads\/2012\/10\/senda-de-salud-Small.jpg"}],"author":"ulises","twitter_card":"summary_large_image","twitter_misc":{"Escrito por":"ulises","Tiempo de lectura":"1 minuto"},"schema":{"@context":"https:\/\/schema.org","@graph":[{"@type":"NewsArticle","@id":"https:\/\/www.celttv.com.ar\/index.php\/2012\/10\/24\/en-el-aniversario-del-distrito-se-viene-una-gran-fiesta-para-la-inauguracion-del-parque-lineal\/#article","isPartOf":{"@id":"https:\/\/www.celttv.com.ar\/index.php\/2012\/10\/24\/en-el-aniversario-del-distrito-se-viene-una-gran-fiesta-para-la-inauguracion-del-parque-lineal\/"},"author":{"name":"ulises","@id":"https:\/\/www.celttv.com.ar\/#\/schema\/person\/6d99c072dba59953809c81446e9d0ace"},"headline":"EN EL ANIVERSARIO DEL DISTRITO SE VIENE UNA GRAN FIESTA PARA LA INAUGURACION DEL PARQUE LINEAL","datePublished":"2012-10-24T15:13:25+00:00","dateModified":"2012-10-24T15:13:25+00:00","mainEntityOfPage":{"@id":"https:\/\/www.celttv.com.ar\/index.php\/2012\/10\/24\/en-el-aniversario-del-distrito-se-viene-una-gran-fiesta-para-la-inauguracion-del-parque-lineal\/"},"wordCount":235,"publisher":{"@id":"https:\/\/www.celttv.com.ar\/#organization"},"articleSection":["Comunidad","Deporte","Destacadas","Pol\u00edtica"],"inLanguage":"es"},{"@type":"WebPage","@id":"https:\/\/www.celttv.com.ar\/index.php\/2012\/10\/24\/en-el-aniversario-del-distrito-se-viene-una-gran-fiesta-para-la-inauguracion-del-parque-lineal\/","url":"https:\/\/www.celttv.com.ar\/index.php\/2012\/10\/24\/en-el-aniversario-del-distrito-se-viene-una-gran-fiesta-para-la-inauguracion-del-parque-lineal\/","name":"EN EL ANIVERSARIO DEL DISTRITO SE VIENE UNA GRAN FIESTA PARA LA INAUGURACION DEL PARQUE LINEAL - CELTTV","isPartOf":{"@id":"https:\/\/www.celttv.com.ar\/#website"},"datePublished":"2012-10-24T15:13:25+00:00","dateModified":"2012-10-24T15:13:25+00:00","description":"Sitio web de noticias de la localidad de Tornquist, provincia de Buenos Aires, Rep\u00fablica Argentina. Contenido propio originado por periodistas de CELTTV, el canal de TV local de la Cooperativa El\u00e9ctrica de Tornquist. Turismo, Pol\u00edtica, Sociedad, Deporte, Cultura y todo el contenido de inter\u00e9s general que la gente del pueblo y la regi\u00f3n debe conocer.","breadcrumb":{"@id":"https:\/\/www.celttv.com.ar\/index.php\/2012\/10\/24\/en-el-aniversario-del-distrito-se-viene-una-gran-fiesta-para-la-inauguracion-del-parque-lineal\/#breadcrumb"},"inLanguage":"es","potentialAction":[{"@type":"ReadAction","target":["https:\/\/www.celttv.com.ar\/index.php\/2012\/10\/24\/en-el-aniversario-del-distrito-se-viene-una-gran-fiesta-para-la-inauguracion-del-parque-lineal\/"]}]},{"@type":"BreadcrumbList","@id":"https:\/\/www.celttv.com.ar\/index.php\/2012\/10\/24\/en-el-aniversario-del-distrito-se-viene-una-gran-fiesta-para-la-inauguracion-del-parque-lineal\/#breadcrumb","itemListElement":[{"@type":"ListItem","position":1,"name":"Inicio","item":"https:\/\/www.celttv.com.ar\/"},{"@type":"ListItem","position":2,"name":"EN EL ANIVERSARIO DEL DISTRITO SE VIENE UNA GRAN FIESTA PARA LA INAUGURACION DEL PARQUE LINEAL"}]},{"@type":"WebSite","@id":"https:\/\/www.celttv.com.ar\/#website","url":"https:\/\/www.celttv.com.ar\/","name":"CELTTV","description":"Cooperativa El\u00e9ctrica de Tornquist","publisher":{"@id":"https:\/\/www.celttv.com.ar\/#organization"},"potentialAction":[{"@type":"SearchAction","target":{"@type":"EntryPoint","urlTemplate":"https:\/\/www.celttv.com.ar\/?s={search_term_string}"},"query-input":"required name=search_term_string"}],"inLanguage":"es"},{"@type":"Organization","@id":"https:\/\/www.celttv.com.ar\/#organization","name":"CELTTV","url":"https:\/\/www.celttv.com.ar\/","sameAs":["https:\/\/www.youtube.com\/channel\/UCz_oIt8Hig64Ub-EmcNPIhg","https:\/\/www.facebook.com\/celtTV\/"],"logo":{"@type":"ImageObject","inLanguage":"es","@id":"https:\/\/www.celttv.com.ar\/#\/schema\/logo\/image\/","url":"http:\/\/www.celttv.com.ar\/wp-content\/uploads\/2022\/08\/logo-1.png","contentUrl":"http:\/\/www.celttv.com.ar\/wp-content\/uploads\/2022\/08\/logo-1.png","width":461,"height":159,"caption":"CELTTV"},"image":{"@id":"https:\/\/www.celttv.com.ar\/#\/schema\/logo\/image\/"}},{"@type":"Person","@id":"https:\/\/www.celttv.com.ar\/#\/schema\/person\/6d99c072dba59953809c81446e9d0ace","name":"ulises","image":{"@type":"ImageObject","inLanguage":"es","@id":"https:\/\/www.celttv.com.ar\/#\/schema\/person\/image\/","url":"https:\/\/secure.gravatar.com\/avatar\/7f2c48bdc33b30088f941fb6082e555f2874c98e20cb159d7b92b50eadfce793?s=96&d=mm&r=g","contentUrl":"https:\/\/secure.gravatar.com\/avatar\/7f2c48bdc33b30088f941fb6082e555f2874c98e20cb159d7b92b50eadfce793?s=96&d=mm&r=g","caption":"ulises"},"sameAs":["http:\/\/www.celttv.com.ar"]}]}},"_links":{"self":[{"href":"https:\/\/www.celttv.com.ar\/index.php\/wp-json\/wp\/v2\/posts\/8672","targetHints":{"allow":["GET"]}}],"collection":[{"href":"https:\/\/www.celttv.com.ar\/index.php\/wp-json\/wp\/v2\/posts"}],"about":[{"href":"https:\/\/www.celttv.com.ar\/index.php\/wp-json\/wp\/v2\/types\/post"}],"author":[{"embeddable":true,"href":"https:\/\/www.celttv.com.ar\/index.php\/wp-json\/wp\/v2\/users\/1"}],"replies":[{"embeddable":true,"href":"https:\/\/www.celttv.com.ar\/index.php\/wp-json\/wp\/v2\/comments?post=8672"}],"version-history":[{"count":0,"href":"https:\/\/www.celttv.com.ar\/index.php\/wp-json\/wp\/v2\/posts\/8672\/revisions"}],"wp:attachment":[{"href":"https:\/\/www.celttv.com.ar\/index.php\/wp-json\/wp\/v2\/media?parent=8672"}],"wp:term":[{"taxonomy":"category","embeddable":true,"href":"https:\/\/www.celttv.com.ar\/index.php\/wp-json\/wp\/v2\/categories?post=8672"},{"taxonomy":"post_tag","embeddable":true,"href":"https:\/\/www.celttv.com.ar\/index.php\/wp-json\/wp\/v2\/tags?post=8672"}],"curies":[{"name":"wp","href":"https:\/\/api.w.org\/{rel}","templated":true}]}}