{"id":86833,"date":"2024-11-12T21:03:10","date_gmt":"2024-11-13T00:03:10","guid":{"rendered":"https:\/\/www.celttv.com.ar\/?p=86833"},"modified":"2024-11-12T21:03:10","modified_gmt":"2024-11-13T00:03:10","slug":"luis-oscar-oberto-bocha-q-e-p-d-fallecio-en-tornquist-el-12-de-noviembre-de-2024-a-los-80-anos-de-edad","status":"publish","type":"post","link":"https:\/\/www.celttv.com.ar\/index.php\/2024\/11\/12\/luis-oscar-oberto-bocha-q-e-p-d-fallecio-en-tornquist-el-12-de-noviembre-de-2024-a-los-80-anos-de-edad\/","title":{"rendered":"Luis Oscar OBERTO (\u201cBocha\u201d) &#8211;Q.E.P.D.&#8211;: Falleci\u00f3 en Tornquist el 12 de Noviembre de 2024 a los 80 a\u00f1os de edad."},"content":{"rendered":"<p>Luis Oscar OBERTO (\u201cBocha\u201d) &#8211;Q.E.P.D.&#8211;: Falleci\u00f3 en Tornquist el 12 de Noviembre de 2024 a los 80 a\u00f1os de edad. Su esposa Ana DONNINI. Sus hijos Mat\u00edas y Manuel. Sus hijas pol\u00edticas Jorgelina y Luc\u00eda. Sus hermanos Carlos y \u201cPety\u201d. Sus hermanos pol\u00edticos Miguel, Silvia y Carmen. Sus nietos del coraz\u00f3n Olivia, Justina, Alba, Sol y Luca. Dem\u00e1s familiares y amistades participan su deceso y comunican que sus restos ser\u00e1n inhumados ma\u00f1ana (mi\u00e9rcoles 13\/11) a las 11.00 horas en la necr\u00f3polis de nuestra localidad. Casa velatoria G\u00fcemes 236, Tornquist (a partir de las 08.00 horas). Casa de duelo avenida Alem 342, Tornquist. Servicio a cargo de la Cooperativa El\u00e9ctrica Limitada de Tornquist.<\/p>\n","protected":false},"excerpt":{"rendered":"<p>Luis Oscar OBERTO (\u201cBocha\u201d) &#8211;Q.E.P.D.&#8211;: Falleci\u00f3 en Tornquist el 12 de Noviembre de 2024 a los 80 a\u00f1os de edad. Su esposa Ana DONNINI. Sus hijos Mat\u00edas y Manuel. Sus hijas pol\u00edticas Jorgelina y Luc\u00eda. Sus hermanos Carlos y \u201cPety\u201d. Sus hermanos pol\u00edticos Miguel, Silvia y Carmen. Sus nietos del coraz\u00f3n Olivia, Justina, Alba, Sol [&hellip;]<\/p>\n","protected":false},"author":5,"featured_media":75717,"comment_status":"closed","ping_status":"closed","sticky":false,"template":"","format":"standard","meta":{"footnotes":""},"categories":[50],"tags":[],"class_list":["post-86833","post","type-post","status-publish","format-standard","has-post-thumbnail","hentry","category-necrologicas"],"yoast_head":"<!-- This site is optimized with the Yoast SEO plugin v19.7.1 - https:\/\/yoast.com\/wordpress\/plugins\/seo\/ -->\n<title>Luis Oscar OBERTO (\u201cBocha\u201d) -Q.E.P.D.-: Falleci\u00f3 en Tornquist el 12 de Noviembre de 2024 a los 80 a\u00f1os de edad. - CELTTV<\/title>\n<meta name=\"description\" content=\"Sitio web de noticias de la localidad de Tornquist, provincia de Buenos Aires, Rep\u00fablica Argentina. Contenido propio originado por periodistas de CELTTV, el canal de TV local de la Cooperativa El\u00e9ctrica de Tornquist. Turismo, Pol\u00edtica, Sociedad, Deporte, Cultura y todo el contenido de inter\u00e9s general que la gente del pueblo y la regi\u00f3n debe conocer.\" \/>\n<meta name=\"robots\" content=\"index, follow, max-snippet:-1, max-image-preview:large, max-video-preview:-1\" \/>\n<link rel=\"canonical\" href=\"https:\/\/www.celttv.com.ar\/index.php\/2024\/11\/12\/luis-oscar-oberto-bocha-q-e-p-d-fallecio-en-tornquist-el-12-de-noviembre-de-2024-a-los-80-anos-de-edad\/\" \/>\n<meta property=\"og:locale\" content=\"es_ES\" \/>\n<meta property=\"og:type\" content=\"article\" \/>\n<meta property=\"og:title\" content=\"Luis Oscar OBERTO (\u201cBocha\u201d) -Q.E.P.D.-: Falleci\u00f3 en Tornquist el 12 de Noviembre de 2024 a los 80 a\u00f1os de edad. - CELTTV\" \/>\n<meta property=\"og:description\" content=\"Sitio web de noticias de la localidad de Tornquist, provincia de Buenos Aires, Rep\u00fablica Argentina. Contenido propio originado por periodistas de CELTTV, el canal de TV local de la Cooperativa El\u00e9ctrica de Tornquist. Turismo, Pol\u00edtica, Sociedad, Deporte, Cultura y todo el contenido de inter\u00e9s general que la gente del pueblo y la regi\u00f3n debe conocer.\" \/>\n<meta property=\"og:url\" content=\"https:\/\/www.celttv.com.ar\/index.php\/2024\/11\/12\/luis-oscar-oberto-bocha-q-e-p-d-fallecio-en-tornquist-el-12-de-noviembre-de-2024-a-los-80-anos-de-edad\/\" \/>\n<meta property=\"og:site_name\" content=\"CELTTV\" \/>\n<meta property=\"article:publisher\" content=\"https:\/\/www.facebook.com\/celtTV\/\" \/>\n<meta property=\"article:published_time\" content=\"2024-11-13T00:03:10+00:00\" \/>\n<meta property=\"og:image\" content=\"https:\/\/www.celttv.com.ar\/wp-content\/uploads\/2023\/05\/crespon-gris.jpeg\" \/>\n\t<meta property=\"og:image:width\" content=\"756\" \/>\n\t<meta property=\"og:image:height\" content=\"945\" \/>\n\t<meta property=\"og:image:type\" content=\"image\/jpeg\" \/>\n<meta name=\"author\" content=\"Miguel Herrada\" \/>\n<meta name=\"twitter:card\" content=\"summary_large_image\" \/>\n<meta name=\"twitter:label1\" content=\"Escrito por\" \/>\n\t<meta name=\"twitter:data1\" content=\"Miguel Herrada\" \/>\n\t<meta name=\"twitter:label2\" content=\"Tiempo de lectura\" \/>\n\t<meta name=\"twitter:data2\" content=\"1 minuto\" \/>\n<script type=\"application\/ld+json\" class=\"yoast-schema-graph\">{\"@context\":\"https:\/\/schema.org\",\"@graph\":[{\"@type\":\"NewsArticle\",\"@id\":\"https:\/\/www.celttv.com.ar\/index.php\/2024\/11\/12\/luis-oscar-oberto-bocha-q-e-p-d-fallecio-en-tornquist-el-12-de-noviembre-de-2024-a-los-80-anos-de-edad\/#article\",\"isPartOf\":{\"@id\":\"https:\/\/www.celttv.com.ar\/index.php\/2024\/11\/12\/luis-oscar-oberto-bocha-q-e-p-d-fallecio-en-tornquist-el-12-de-noviembre-de-2024-a-los-80-anos-de-edad\/\"},\"author\":{\"name\":\"Miguel Herrada\",\"@id\":\"https:\/\/www.celttv.com.ar\/#\/schema\/person\/9059dc91dc7204ef4182cdb65225f07d\"},\"headline\":\"Luis Oscar OBERTO (\u201cBocha\u201d) &#8211;Q.E.P.D.&#8211;: Falleci\u00f3 en Tornquist el 12 de Noviembre de 2024 a los 80 a\u00f1os de edad.\",\"datePublished\":\"2024-11-13T00:03:10+00:00\",\"dateModified\":\"2024-11-13T00:03:10+00:00\",\"mainEntityOfPage\":{\"@id\":\"https:\/\/www.celttv.com.ar\/index.php\/2024\/11\/12\/luis-oscar-oberto-bocha-q-e-p-d-fallecio-en-tornquist-el-12-de-noviembre-de-2024-a-los-80-anos-de-edad\/\"},\"wordCount\":143,\"publisher\":{\"@id\":\"https:\/\/www.celttv.com.ar\/#organization\"},\"articleSection\":[\"Necrol\u00f3gicas\"],\"inLanguage\":\"es\"},{\"@type\":\"WebPage\",\"@id\":\"https:\/\/www.celttv.com.ar\/index.php\/2024\/11\/12\/luis-oscar-oberto-bocha-q-e-p-d-fallecio-en-tornquist-el-12-de-noviembre-de-2024-a-los-80-anos-de-edad\/\",\"url\":\"https:\/\/www.celttv.com.ar\/index.php\/2024\/11\/12\/luis-oscar-oberto-bocha-q-e-p-d-fallecio-en-tornquist-el-12-de-noviembre-de-2024-a-los-80-anos-de-edad\/\",\"name\":\"Luis Oscar OBERTO (\u201cBocha\u201d) -Q.E.P.D.-: Falleci\u00f3 en Tornquist el 12 de Noviembre de 2024 a los 80 a\u00f1os de edad. - CELTTV\",\"isPartOf\":{\"@id\":\"https:\/\/www.celttv.com.ar\/#website\"},\"datePublished\":\"2024-11-13T00:03:10+00:00\",\"dateModified\":\"2024-11-13T00:03:10+00:00\",\"description\":\"Sitio web de noticias de la localidad de Tornquist, provincia de Buenos Aires, Rep\u00fablica Argentina. Contenido propio originado por periodistas de CELTTV, el canal de TV local de la Cooperativa El\u00e9ctrica de Tornquist. Turismo, Pol\u00edtica, Sociedad, Deporte, Cultura y todo el contenido de inter\u00e9s general que la gente del pueblo y la regi\u00f3n debe conocer.\",\"breadcrumb\":{\"@id\":\"https:\/\/www.celttv.com.ar\/index.php\/2024\/11\/12\/luis-oscar-oberto-bocha-q-e-p-d-fallecio-en-tornquist-el-12-de-noviembre-de-2024-a-los-80-anos-de-edad\/#breadcrumb\"},\"inLanguage\":\"es\",\"potentialAction\":[{\"@type\":\"ReadAction\",\"target\":[\"https:\/\/www.celttv.com.ar\/index.php\/2024\/11\/12\/luis-oscar-oberto-bocha-q-e-p-d-fallecio-en-tornquist-el-12-de-noviembre-de-2024-a-los-80-anos-de-edad\/\"]}]},{\"@type\":\"BreadcrumbList\",\"@id\":\"https:\/\/www.celttv.com.ar\/index.php\/2024\/11\/12\/luis-oscar-oberto-bocha-q-e-p-d-fallecio-en-tornquist-el-12-de-noviembre-de-2024-a-los-80-anos-de-edad\/#breadcrumb\",\"itemListElement\":[{\"@type\":\"ListItem\",\"position\":1,\"name\":\"Inicio\",\"item\":\"https:\/\/www.celttv.com.ar\/\"},{\"@type\":\"ListItem\",\"position\":2,\"name\":\"Luis Oscar OBERTO (\u201cBocha\u201d) &#8211;Q.E.P.D.&#8211;: Falleci\u00f3 en Tornquist el 12 de Noviembre de 2024 a los 80 a\u00f1os de edad.\"}]},{\"@type\":\"WebSite\",\"@id\":\"https:\/\/www.celttv.com.ar\/#website\",\"url\":\"https:\/\/www.celttv.com.ar\/\",\"name\":\"CELTTV\",\"description\":\"Cooperativa El\u00e9ctrica de Tornquist\",\"publisher\":{\"@id\":\"https:\/\/www.celttv.com.ar\/#organization\"},\"potentialAction\":[{\"@type\":\"SearchAction\",\"target\":{\"@type\":\"EntryPoint\",\"urlTemplate\":\"https:\/\/www.celttv.com.ar\/?s={search_term_string}\"},\"query-input\":\"required name=search_term_string\"}],\"inLanguage\":\"es\"},{\"@type\":\"Organization\",\"@id\":\"https:\/\/www.celttv.com.ar\/#organization\",\"name\":\"CELTTV\",\"url\":\"https:\/\/www.celttv.com.ar\/\",\"sameAs\":[\"https:\/\/www.youtube.com\/channel\/UCz_oIt8Hig64Ub-EmcNPIhg\",\"https:\/\/www.facebook.com\/celtTV\/\"],\"logo\":{\"@type\":\"ImageObject\",\"inLanguage\":\"es\",\"@id\":\"https:\/\/www.celttv.com.ar\/#\/schema\/logo\/image\/\",\"url\":\"http:\/\/www.celttv.com.ar\/wp-content\/uploads\/2022\/08\/logo-1.png\",\"contentUrl\":\"http:\/\/www.celttv.com.ar\/wp-content\/uploads\/2022\/08\/logo-1.png\",\"width\":461,\"height\":159,\"caption\":\"CELTTV\"},\"image\":{\"@id\":\"https:\/\/www.celttv.com.ar\/#\/schema\/logo\/image\/\"}},{\"@type\":\"Person\",\"@id\":\"https:\/\/www.celttv.com.ar\/#\/schema\/person\/9059dc91dc7204ef4182cdb65225f07d\",\"name\":\"Miguel Herrada\",\"image\":{\"@type\":\"ImageObject\",\"inLanguage\":\"es\",\"@id\":\"https:\/\/www.celttv.com.ar\/#\/schema\/person\/image\/\",\"url\":\"https:\/\/secure.gravatar.com\/avatar\/67724d5b3c716623ffd76bec7e45841a442ac3b456e914dbba90b0fad2b8e0b1?s=96&d=mm&r=g\",\"contentUrl\":\"https:\/\/secure.gravatar.com\/avatar\/67724d5b3c716623ffd76bec7e45841a442ac3b456e914dbba90b0fad2b8e0b1?s=96&d=mm&r=g\",\"caption\":\"Miguel Herrada\"}}]}<\/script>\n<!-- \/ Yoast SEO plugin. -->","yoast_head_json":{"title":"Luis Oscar OBERTO (\u201cBocha\u201d) -Q.E.P.D.-: Falleci\u00f3 en Tornquist el 12 de Noviembre de 2024 a los 80 a\u00f1os de edad. - CELTTV","description":"Sitio web de noticias de la localidad de Tornquist, provincia de Buenos Aires, Rep\u00fablica Argentina. Contenido propio originado por periodistas de CELTTV, el canal de TV local de la Cooperativa El\u00e9ctrica de Tornquist. Turismo, Pol\u00edtica, Sociedad, Deporte, Cultura y todo el contenido de inter\u00e9s general que la gente del pueblo y la regi\u00f3n debe conocer.","robots":{"index":"index","follow":"follow","max-snippet":"max-snippet:-1","max-image-preview":"max-image-preview:large","max-video-preview":"max-video-preview:-1"},"canonical":"https:\/\/www.celttv.com.ar\/index.php\/2024\/11\/12\/luis-oscar-oberto-bocha-q-e-p-d-fallecio-en-tornquist-el-12-de-noviembre-de-2024-a-los-80-anos-de-edad\/","og_locale":"es_ES","og_type":"article","og_title":"Luis Oscar OBERTO (\u201cBocha\u201d) -Q.E.P.D.-: Falleci\u00f3 en Tornquist el 12 de Noviembre de 2024 a los 80 a\u00f1os de edad. - CELTTV","og_description":"Sitio web de noticias de la localidad de Tornquist, provincia de Buenos Aires, Rep\u00fablica Argentina. Contenido propio originado por periodistas de CELTTV, el canal de TV local de la Cooperativa El\u00e9ctrica de Tornquist. Turismo, Pol\u00edtica, Sociedad, Deporte, Cultura y todo el contenido de inter\u00e9s general que la gente del pueblo y la regi\u00f3n debe conocer.","og_url":"https:\/\/www.celttv.com.ar\/index.php\/2024\/11\/12\/luis-oscar-oberto-bocha-q-e-p-d-fallecio-en-tornquist-el-12-de-noviembre-de-2024-a-los-80-anos-de-edad\/","og_site_name":"CELTTV","article_publisher":"https:\/\/www.facebook.com\/celtTV\/","article_published_time":"2024-11-13T00:03:10+00:00","og_image":[{"width":756,"height":945,"url":"https:\/\/www.celttv.com.ar\/wp-content\/uploads\/2023\/05\/crespon-gris.jpeg","type":"image\/jpeg"}],"author":"Miguel Herrada","twitter_card":"summary_large_image","twitter_misc":{"Escrito por":"Miguel Herrada","Tiempo de lectura":"1 minuto"},"schema":{"@context":"https:\/\/schema.org","@graph":[{"@type":"NewsArticle","@id":"https:\/\/www.celttv.com.ar\/index.php\/2024\/11\/12\/luis-oscar-oberto-bocha-q-e-p-d-fallecio-en-tornquist-el-12-de-noviembre-de-2024-a-los-80-anos-de-edad\/#article","isPartOf":{"@id":"https:\/\/www.celttv.com.ar\/index.php\/2024\/11\/12\/luis-oscar-oberto-bocha-q-e-p-d-fallecio-en-tornquist-el-12-de-noviembre-de-2024-a-los-80-anos-de-edad\/"},"author":{"name":"Miguel Herrada","@id":"https:\/\/www.celttv.com.ar\/#\/schema\/person\/9059dc91dc7204ef4182cdb65225f07d"},"headline":"Luis Oscar OBERTO (\u201cBocha\u201d) &#8211;Q.E.P.D.&#8211;: Falleci\u00f3 en Tornquist el 12 de Noviembre de 2024 a los 80 a\u00f1os de edad.","datePublished":"2024-11-13T00:03:10+00:00","dateModified":"2024-11-13T00:03:10+00:00","mainEntityOfPage":{"@id":"https:\/\/www.celttv.com.ar\/index.php\/2024\/11\/12\/luis-oscar-oberto-bocha-q-e-p-d-fallecio-en-tornquist-el-12-de-noviembre-de-2024-a-los-80-anos-de-edad\/"},"wordCount":143,"publisher":{"@id":"https:\/\/www.celttv.com.ar\/#organization"},"articleSection":["Necrol\u00f3gicas"],"inLanguage":"es"},{"@type":"WebPage","@id":"https:\/\/www.celttv.com.ar\/index.php\/2024\/11\/12\/luis-oscar-oberto-bocha-q-e-p-d-fallecio-en-tornquist-el-12-de-noviembre-de-2024-a-los-80-anos-de-edad\/","url":"https:\/\/www.celttv.com.ar\/index.php\/2024\/11\/12\/luis-oscar-oberto-bocha-q-e-p-d-fallecio-en-tornquist-el-12-de-noviembre-de-2024-a-los-80-anos-de-edad\/","name":"Luis Oscar OBERTO (\u201cBocha\u201d) -Q.E.P.D.-: Falleci\u00f3 en Tornquist el 12 de Noviembre de 2024 a los 80 a\u00f1os de edad. - CELTTV","isPartOf":{"@id":"https:\/\/www.celttv.com.ar\/#website"},"datePublished":"2024-11-13T00:03:10+00:00","dateModified":"2024-11-13T00:03:10+00:00","description":"Sitio web de noticias de la localidad de Tornquist, provincia de Buenos Aires, Rep\u00fablica Argentina. Contenido propio originado por periodistas de CELTTV, el canal de TV local de la Cooperativa El\u00e9ctrica de Tornquist. Turismo, Pol\u00edtica, Sociedad, Deporte, Cultura y todo el contenido de inter\u00e9s general que la gente del pueblo y la regi\u00f3n debe conocer.","breadcrumb":{"@id":"https:\/\/www.celttv.com.ar\/index.php\/2024\/11\/12\/luis-oscar-oberto-bocha-q-e-p-d-fallecio-en-tornquist-el-12-de-noviembre-de-2024-a-los-80-anos-de-edad\/#breadcrumb"},"inLanguage":"es","potentialAction":[{"@type":"ReadAction","target":["https:\/\/www.celttv.com.ar\/index.php\/2024\/11\/12\/luis-oscar-oberto-bocha-q-e-p-d-fallecio-en-tornquist-el-12-de-noviembre-de-2024-a-los-80-anos-de-edad\/"]}]},{"@type":"BreadcrumbList","@id":"https:\/\/www.celttv.com.ar\/index.php\/2024\/11\/12\/luis-oscar-oberto-bocha-q-e-p-d-fallecio-en-tornquist-el-12-de-noviembre-de-2024-a-los-80-anos-de-edad\/#breadcrumb","itemListElement":[{"@type":"ListItem","position":1,"name":"Inicio","item":"https:\/\/www.celttv.com.ar\/"},{"@type":"ListItem","position":2,"name":"Luis Oscar OBERTO (\u201cBocha\u201d) &#8211;Q.E.P.D.&#8211;: Falleci\u00f3 en Tornquist el 12 de Noviembre de 2024 a los 80 a\u00f1os de edad."}]},{"@type":"WebSite","@id":"https:\/\/www.celttv.com.ar\/#website","url":"https:\/\/www.celttv.com.ar\/","name":"CELTTV","description":"Cooperativa El\u00e9ctrica de Tornquist","publisher":{"@id":"https:\/\/www.celttv.com.ar\/#organization"},"potentialAction":[{"@type":"SearchAction","target":{"@type":"EntryPoint","urlTemplate":"https:\/\/www.celttv.com.ar\/?s={search_term_string}"},"query-input":"required name=search_term_string"}],"inLanguage":"es"},{"@type":"Organization","@id":"https:\/\/www.celttv.com.ar\/#organization","name":"CELTTV","url":"https:\/\/www.celttv.com.ar\/","sameAs":["https:\/\/www.youtube.com\/channel\/UCz_oIt8Hig64Ub-EmcNPIhg","https:\/\/www.facebook.com\/celtTV\/"],"logo":{"@type":"ImageObject","inLanguage":"es","@id":"https:\/\/www.celttv.com.ar\/#\/schema\/logo\/image\/","url":"http:\/\/www.celttv.com.ar\/wp-content\/uploads\/2022\/08\/logo-1.png","contentUrl":"http:\/\/www.celttv.com.ar\/wp-content\/uploads\/2022\/08\/logo-1.png","width":461,"height":159,"caption":"CELTTV"},"image":{"@id":"https:\/\/www.celttv.com.ar\/#\/schema\/logo\/image\/"}},{"@type":"Person","@id":"https:\/\/www.celttv.com.ar\/#\/schema\/person\/9059dc91dc7204ef4182cdb65225f07d","name":"Miguel Herrada","image":{"@type":"ImageObject","inLanguage":"es","@id":"https:\/\/www.celttv.com.ar\/#\/schema\/person\/image\/","url":"https:\/\/secure.gravatar.com\/avatar\/67724d5b3c716623ffd76bec7e45841a442ac3b456e914dbba90b0fad2b8e0b1?s=96&d=mm&r=g","contentUrl":"https:\/\/secure.gravatar.com\/avatar\/67724d5b3c716623ffd76bec7e45841a442ac3b456e914dbba90b0fad2b8e0b1?s=96&d=mm&r=g","caption":"Miguel Herrada"}}]}},"_links":{"self":[{"href":"https:\/\/www.celttv.com.ar\/index.php\/wp-json\/wp\/v2\/posts\/86833","targetHints":{"allow":["GET"]}}],"collection":[{"href":"https:\/\/www.celttv.com.ar\/index.php\/wp-json\/wp\/v2\/posts"}],"about":[{"href":"https:\/\/www.celttv.com.ar\/index.php\/wp-json\/wp\/v2\/types\/post"}],"author":[{"embeddable":true,"href":"https:\/\/www.celttv.com.ar\/index.php\/wp-json\/wp\/v2\/users\/5"}],"replies":[{"embeddable":true,"href":"https:\/\/www.celttv.com.ar\/index.php\/wp-json\/wp\/v2\/comments?post=86833"}],"version-history":[{"count":1,"href":"https:\/\/www.celttv.com.ar\/index.php\/wp-json\/wp\/v2\/posts\/86833\/revisions"}],"predecessor-version":[{"id":86834,"href":"https:\/\/www.celttv.com.ar\/index.php\/wp-json\/wp\/v2\/posts\/86833\/revisions\/86834"}],"wp:featuredmedia":[{"embeddable":true,"href":"https:\/\/www.celttv.com.ar\/index.php\/wp-json\/wp\/v2\/media\/75717"}],"wp:attachment":[{"href":"https:\/\/www.celttv.com.ar\/index.php\/wp-json\/wp\/v2\/media?parent=86833"}],"wp:term":[{"taxonomy":"category","embeddable":true,"href":"https:\/\/www.celttv.com.ar\/index.php\/wp-json\/wp\/v2\/categories?post=86833"},{"taxonomy":"post_tag","embeddable":true,"href":"https:\/\/www.celttv.com.ar\/index.php\/wp-json\/wp\/v2\/tags?post=86833"}],"curies":[{"name":"wp","href":"https:\/\/api.w.org\/{rel}","templated":true}]}}