{"id":8687,"date":"2012-10-24T16:42:08","date_gmt":"2012-10-24T16:42:08","guid":{"rendered":"http:\/\/www.tvcnoticias.com.ar\/?p=8687"},"modified":"2012-10-24T16:42:08","modified_gmt":"2012-10-24T16:42:08","slug":"se-inaugura-este-jueves-la-xvi-jornada-de-lectura-serrana-nota-con-la-hermana-marta-allaltuni-y-elida-contiggiani","status":"publish","type":"post","link":"https:\/\/www.celttv.com.ar\/index.php\/2012\/10\/24\/se-inaugura-este-jueves-la-xvi-jornada-de-lectura-serrana-nota-con-la-hermana-marta-allaltuni-y-elida-contiggiani\/","title":{"rendered":"SE INAUGURA ESTE JUEVES LA XVI JORNADA DE LECTURA SERRANA (nota con la Hermana Marta Allaltuni y Elida Contiggiani)"},"content":{"rendered":"<p><a href=\"http:\/\/www.youtube.com\/watch?v=6HRX37NHZ0Y\">httpv:\/\/www.youtube.com\/watch?v=6HRX37NHZ0Y<\/a><br \/>\n<a href=\"http:\/\/www.youtube.com\/watch?v=JpuE7aa6wOM\">httpv:\/\/www.youtube.com\/watch?v=JpuE7aa6wOM<\/a><br \/>\nEste jueves 25 y viernes 26 de octubre organizado por la Biblioteca &#8220;Maximiliano Kolbe&#8221; del Colegio Nuestra Se\u00f1ora de Luj\u00e1n, se realiza las XVI Jornadas de Lectura Serrana, con la presencia de destacados escritores y talleristas como Liliana Cinetto, Bel\u00e9n Torras y Horacio Alva, entre otros.<br \/>\n&#8220;Somos demasiado pobres para darnos el lujo de no invertir en Educaci\u00f3n&#8221; (M. Ghandi)<br \/>\nLas recordadas palabras de Ghandi se mantienen siempre vigentes en el esp\u00edritu del establecimiento educativo y se llevan a la pr\u00e1ctica con eventos como las mencionadas jornadas de lectura que ya transitan por la edici\u00f3n N\u00ba 16.<br \/>\nEl acto de apertura se realizar\u00e1 este jueves 25 a partir de las 15:00 hs.<\/p>\n","protected":false},"excerpt":{"rendered":"<p>httpv:\/\/www.youtube.com\/watch?v=6HRX37NHZ0Y httpv:\/\/www.youtube.com\/watch?v=JpuE7aa6wOM Este jueves 25 y viernes 26 de octubre organizado por la Biblioteca &#8220;Maximiliano Kolbe&#8221; del Colegio Nuestra Se\u00f1ora de Luj\u00e1n, se realiza las XVI Jornadas de Lectura Serrana, con la presencia de destacados escritores y talleristas como Liliana Cinetto, Bel\u00e9n Torras y Horacio Alva, entre otros. &#8220;Somos demasiado pobres para darnos el lujo [&hellip;]<\/p>\n","protected":false},"author":1,"featured_media":0,"comment_status":"closed","ping_status":"open","sticky":false,"template":"","format":"standard","meta":{"footnotes":""},"categories":[51,64],"tags":[],"class_list":["post-8687","post","type-post","status-publish","format-standard","hentry","category-comunidad","category-videos-destacados"],"yoast_head":"<!-- This site is optimized with the Yoast SEO plugin v19.7.1 - https:\/\/yoast.com\/wordpress\/plugins\/seo\/ -->\n<title>SE INAUGURA ESTE JUEVES LA XVI JORNADA DE LECTURA SERRANA (nota con la Hermana Marta Allaltuni y Elida Contiggiani) - CELTTV<\/title>\n<meta name=\"description\" content=\"Sitio web de noticias de la localidad de Tornquist, provincia de Buenos Aires, Rep\u00fablica Argentina. Contenido propio originado por periodistas de CELTTV, el canal de TV local de la Cooperativa El\u00e9ctrica de Tornquist. Turismo, Pol\u00edtica, Sociedad, Deporte, Cultura y todo el contenido de inter\u00e9s general que la gente del pueblo y la regi\u00f3n debe conocer.\" \/>\n<meta name=\"robots\" content=\"index, follow, max-snippet:-1, max-image-preview:large, max-video-preview:-1\" \/>\n<link rel=\"canonical\" href=\"https:\/\/www.celttv.com.ar\/index.php\/2012\/10\/24\/se-inaugura-este-jueves-la-xvi-jornada-de-lectura-serrana-nota-con-la-hermana-marta-allaltuni-y-elida-contiggiani\/\" \/>\n<meta property=\"og:locale\" content=\"es_ES\" \/>\n<meta property=\"og:type\" content=\"article\" \/>\n<meta property=\"og:title\" content=\"SE INAUGURA ESTE JUEVES LA XVI JORNADA DE LECTURA SERRANA (nota con la Hermana Marta Allaltuni y Elida Contiggiani) - CELTTV\" \/>\n<meta property=\"og:description\" content=\"Sitio web de noticias de la localidad de Tornquist, provincia de Buenos Aires, Rep\u00fablica Argentina. Contenido propio originado por periodistas de CELTTV, el canal de TV local de la Cooperativa El\u00e9ctrica de Tornquist. Turismo, Pol\u00edtica, Sociedad, Deporte, Cultura y todo el contenido de inter\u00e9s general que la gente del pueblo y la regi\u00f3n debe conocer.\" \/>\n<meta property=\"og:url\" content=\"https:\/\/www.celttv.com.ar\/index.php\/2012\/10\/24\/se-inaugura-este-jueves-la-xvi-jornada-de-lectura-serrana-nota-con-la-hermana-marta-allaltuni-y-elida-contiggiani\/\" \/>\n<meta property=\"og:site_name\" content=\"CELTTV\" \/>\n<meta property=\"article:publisher\" content=\"https:\/\/www.facebook.com\/celtTV\/\" \/>\n<meta property=\"article:published_time\" content=\"2012-10-24T16:42:08+00:00\" \/>\n<meta name=\"author\" content=\"ulises\" \/>\n<meta name=\"twitter:card\" content=\"summary_large_image\" \/>\n<meta name=\"twitter:label1\" content=\"Escrito por\" \/>\n\t<meta name=\"twitter:data1\" content=\"ulises\" \/>\n\t<meta name=\"twitter:label2\" content=\"Tiempo de lectura\" \/>\n\t<meta name=\"twitter:data2\" content=\"1 minuto\" \/>\n<script type=\"application\/ld+json\" class=\"yoast-schema-graph\">{\"@context\":\"https:\/\/schema.org\",\"@graph\":[{\"@type\":\"NewsArticle\",\"@id\":\"https:\/\/www.celttv.com.ar\/index.php\/2012\/10\/24\/se-inaugura-este-jueves-la-xvi-jornada-de-lectura-serrana-nota-con-la-hermana-marta-allaltuni-y-elida-contiggiani\/#article\",\"isPartOf\":{\"@id\":\"https:\/\/www.celttv.com.ar\/index.php\/2012\/10\/24\/se-inaugura-este-jueves-la-xvi-jornada-de-lectura-serrana-nota-con-la-hermana-marta-allaltuni-y-elida-contiggiani\/\"},\"author\":{\"name\":\"ulises\",\"@id\":\"https:\/\/www.celttv.com.ar\/#\/schema\/person\/6d99c072dba59953809c81446e9d0ace\"},\"headline\":\"SE INAUGURA ESTE JUEVES LA XVI JORNADA DE LECTURA SERRANA (nota con la Hermana Marta Allaltuni y Elida Contiggiani)\",\"datePublished\":\"2012-10-24T16:42:08+00:00\",\"dateModified\":\"2012-10-24T16:42:08+00:00\",\"mainEntityOfPage\":{\"@id\":\"https:\/\/www.celttv.com.ar\/index.php\/2012\/10\/24\/se-inaugura-este-jueves-la-xvi-jornada-de-lectura-serrana-nota-con-la-hermana-marta-allaltuni-y-elida-contiggiani\/\"},\"wordCount\":151,\"publisher\":{\"@id\":\"https:\/\/www.celttv.com.ar\/#organization\"},\"articleSection\":[\"Comunidad\",\"Videos Destacados\"],\"inLanguage\":\"es\"},{\"@type\":\"WebPage\",\"@id\":\"https:\/\/www.celttv.com.ar\/index.php\/2012\/10\/24\/se-inaugura-este-jueves-la-xvi-jornada-de-lectura-serrana-nota-con-la-hermana-marta-allaltuni-y-elida-contiggiani\/\",\"url\":\"https:\/\/www.celttv.com.ar\/index.php\/2012\/10\/24\/se-inaugura-este-jueves-la-xvi-jornada-de-lectura-serrana-nota-con-la-hermana-marta-allaltuni-y-elida-contiggiani\/\",\"name\":\"SE INAUGURA ESTE JUEVES LA XVI JORNADA DE LECTURA SERRANA (nota con la Hermana Marta Allaltuni y Elida Contiggiani) - CELTTV\",\"isPartOf\":{\"@id\":\"https:\/\/www.celttv.com.ar\/#website\"},\"datePublished\":\"2012-10-24T16:42:08+00:00\",\"dateModified\":\"2012-10-24T16:42:08+00:00\",\"description\":\"Sitio web de noticias de la localidad de Tornquist, provincia de Buenos Aires, Rep\u00fablica Argentina. Contenido propio originado por periodistas de CELTTV, el canal de TV local de la Cooperativa El\u00e9ctrica de Tornquist. Turismo, Pol\u00edtica, Sociedad, Deporte, Cultura y todo el contenido de inter\u00e9s general que la gente del pueblo y la regi\u00f3n debe conocer.\",\"breadcrumb\":{\"@id\":\"https:\/\/www.celttv.com.ar\/index.php\/2012\/10\/24\/se-inaugura-este-jueves-la-xvi-jornada-de-lectura-serrana-nota-con-la-hermana-marta-allaltuni-y-elida-contiggiani\/#breadcrumb\"},\"inLanguage\":\"es\",\"potentialAction\":[{\"@type\":\"ReadAction\",\"target\":[\"https:\/\/www.celttv.com.ar\/index.php\/2012\/10\/24\/se-inaugura-este-jueves-la-xvi-jornada-de-lectura-serrana-nota-con-la-hermana-marta-allaltuni-y-elida-contiggiani\/\"]}]},{\"@type\":\"BreadcrumbList\",\"@id\":\"https:\/\/www.celttv.com.ar\/index.php\/2012\/10\/24\/se-inaugura-este-jueves-la-xvi-jornada-de-lectura-serrana-nota-con-la-hermana-marta-allaltuni-y-elida-contiggiani\/#breadcrumb\",\"itemListElement\":[{\"@type\":\"ListItem\",\"position\":1,\"name\":\"Inicio\",\"item\":\"https:\/\/www.celttv.com.ar\/\"},{\"@type\":\"ListItem\",\"position\":2,\"name\":\"SE INAUGURA ESTE JUEVES LA XVI JORNADA DE LECTURA SERRANA (nota con la Hermana Marta Allaltuni y Elida Contiggiani)\"}]},{\"@type\":\"WebSite\",\"@id\":\"https:\/\/www.celttv.com.ar\/#website\",\"url\":\"https:\/\/www.celttv.com.ar\/\",\"name\":\"CELTTV\",\"description\":\"Cooperativa El\u00e9ctrica de Tornquist\",\"publisher\":{\"@id\":\"https:\/\/www.celttv.com.ar\/#organization\"},\"potentialAction\":[{\"@type\":\"SearchAction\",\"target\":{\"@type\":\"EntryPoint\",\"urlTemplate\":\"https:\/\/www.celttv.com.ar\/?s={search_term_string}\"},\"query-input\":\"required name=search_term_string\"}],\"inLanguage\":\"es\"},{\"@type\":\"Organization\",\"@id\":\"https:\/\/www.celttv.com.ar\/#organization\",\"name\":\"CELTTV\",\"url\":\"https:\/\/www.celttv.com.ar\/\",\"sameAs\":[\"https:\/\/www.youtube.com\/channel\/UCz_oIt8Hig64Ub-EmcNPIhg\",\"https:\/\/www.facebook.com\/celtTV\/\"],\"logo\":{\"@type\":\"ImageObject\",\"inLanguage\":\"es\",\"@id\":\"https:\/\/www.celttv.com.ar\/#\/schema\/logo\/image\/\",\"url\":\"http:\/\/www.celttv.com.ar\/wp-content\/uploads\/2022\/08\/logo-1.png\",\"contentUrl\":\"http:\/\/www.celttv.com.ar\/wp-content\/uploads\/2022\/08\/logo-1.png\",\"width\":461,\"height\":159,\"caption\":\"CELTTV\"},\"image\":{\"@id\":\"https:\/\/www.celttv.com.ar\/#\/schema\/logo\/image\/\"}},{\"@type\":\"Person\",\"@id\":\"https:\/\/www.celttv.com.ar\/#\/schema\/person\/6d99c072dba59953809c81446e9d0ace\",\"name\":\"ulises\",\"image\":{\"@type\":\"ImageObject\",\"inLanguage\":\"es\",\"@id\":\"https:\/\/www.celttv.com.ar\/#\/schema\/person\/image\/\",\"url\":\"https:\/\/secure.gravatar.com\/avatar\/7f2c48bdc33b30088f941fb6082e555f2874c98e20cb159d7b92b50eadfce793?s=96&d=mm&r=g\",\"contentUrl\":\"https:\/\/secure.gravatar.com\/avatar\/7f2c48bdc33b30088f941fb6082e555f2874c98e20cb159d7b92b50eadfce793?s=96&d=mm&r=g\",\"caption\":\"ulises\"},\"sameAs\":[\"http:\/\/www.celttv.com.ar\"]}]}<\/script>\n<!-- \/ Yoast SEO plugin. -->","yoast_head_json":{"title":"SE INAUGURA ESTE JUEVES LA XVI JORNADA DE LECTURA SERRANA (nota con la Hermana Marta Allaltuni y Elida Contiggiani) - CELTTV","description":"Sitio web de noticias de la localidad de Tornquist, provincia de Buenos Aires, Rep\u00fablica Argentina. Contenido propio originado por periodistas de CELTTV, el canal de TV local de la Cooperativa El\u00e9ctrica de Tornquist. Turismo, Pol\u00edtica, Sociedad, Deporte, Cultura y todo el contenido de inter\u00e9s general que la gente del pueblo y la regi\u00f3n debe conocer.","robots":{"index":"index","follow":"follow","max-snippet":"max-snippet:-1","max-image-preview":"max-image-preview:large","max-video-preview":"max-video-preview:-1"},"canonical":"https:\/\/www.celttv.com.ar\/index.php\/2012\/10\/24\/se-inaugura-este-jueves-la-xvi-jornada-de-lectura-serrana-nota-con-la-hermana-marta-allaltuni-y-elida-contiggiani\/","og_locale":"es_ES","og_type":"article","og_title":"SE INAUGURA ESTE JUEVES LA XVI JORNADA DE LECTURA SERRANA (nota con la Hermana Marta Allaltuni y Elida Contiggiani) - CELTTV","og_description":"Sitio web de noticias de la localidad de Tornquist, provincia de Buenos Aires, Rep\u00fablica Argentina. Contenido propio originado por periodistas de CELTTV, el canal de TV local de la Cooperativa El\u00e9ctrica de Tornquist. Turismo, Pol\u00edtica, Sociedad, Deporte, Cultura y todo el contenido de inter\u00e9s general que la gente del pueblo y la regi\u00f3n debe conocer.","og_url":"https:\/\/www.celttv.com.ar\/index.php\/2012\/10\/24\/se-inaugura-este-jueves-la-xvi-jornada-de-lectura-serrana-nota-con-la-hermana-marta-allaltuni-y-elida-contiggiani\/","og_site_name":"CELTTV","article_publisher":"https:\/\/www.facebook.com\/celtTV\/","article_published_time":"2012-10-24T16:42:08+00:00","author":"ulises","twitter_card":"summary_large_image","twitter_misc":{"Escrito por":"ulises","Tiempo de lectura":"1 minuto"},"schema":{"@context":"https:\/\/schema.org","@graph":[{"@type":"NewsArticle","@id":"https:\/\/www.celttv.com.ar\/index.php\/2012\/10\/24\/se-inaugura-este-jueves-la-xvi-jornada-de-lectura-serrana-nota-con-la-hermana-marta-allaltuni-y-elida-contiggiani\/#article","isPartOf":{"@id":"https:\/\/www.celttv.com.ar\/index.php\/2012\/10\/24\/se-inaugura-este-jueves-la-xvi-jornada-de-lectura-serrana-nota-con-la-hermana-marta-allaltuni-y-elida-contiggiani\/"},"author":{"name":"ulises","@id":"https:\/\/www.celttv.com.ar\/#\/schema\/person\/6d99c072dba59953809c81446e9d0ace"},"headline":"SE INAUGURA ESTE JUEVES LA XVI JORNADA DE LECTURA SERRANA (nota con la Hermana Marta Allaltuni y Elida Contiggiani)","datePublished":"2012-10-24T16:42:08+00:00","dateModified":"2012-10-24T16:42:08+00:00","mainEntityOfPage":{"@id":"https:\/\/www.celttv.com.ar\/index.php\/2012\/10\/24\/se-inaugura-este-jueves-la-xvi-jornada-de-lectura-serrana-nota-con-la-hermana-marta-allaltuni-y-elida-contiggiani\/"},"wordCount":151,"publisher":{"@id":"https:\/\/www.celttv.com.ar\/#organization"},"articleSection":["Comunidad","Videos Destacados"],"inLanguage":"es"},{"@type":"WebPage","@id":"https:\/\/www.celttv.com.ar\/index.php\/2012\/10\/24\/se-inaugura-este-jueves-la-xvi-jornada-de-lectura-serrana-nota-con-la-hermana-marta-allaltuni-y-elida-contiggiani\/","url":"https:\/\/www.celttv.com.ar\/index.php\/2012\/10\/24\/se-inaugura-este-jueves-la-xvi-jornada-de-lectura-serrana-nota-con-la-hermana-marta-allaltuni-y-elida-contiggiani\/","name":"SE INAUGURA ESTE JUEVES LA XVI JORNADA DE LECTURA SERRANA (nota con la Hermana Marta Allaltuni y Elida Contiggiani) - CELTTV","isPartOf":{"@id":"https:\/\/www.celttv.com.ar\/#website"},"datePublished":"2012-10-24T16:42:08+00:00","dateModified":"2012-10-24T16:42:08+00:00","description":"Sitio web de noticias de la localidad de Tornquist, provincia de Buenos Aires, Rep\u00fablica Argentina. Contenido propio originado por periodistas de CELTTV, el canal de TV local de la Cooperativa El\u00e9ctrica de Tornquist. Turismo, Pol\u00edtica, Sociedad, Deporte, Cultura y todo el contenido de inter\u00e9s general que la gente del pueblo y la regi\u00f3n debe conocer.","breadcrumb":{"@id":"https:\/\/www.celttv.com.ar\/index.php\/2012\/10\/24\/se-inaugura-este-jueves-la-xvi-jornada-de-lectura-serrana-nota-con-la-hermana-marta-allaltuni-y-elida-contiggiani\/#breadcrumb"},"inLanguage":"es","potentialAction":[{"@type":"ReadAction","target":["https:\/\/www.celttv.com.ar\/index.php\/2012\/10\/24\/se-inaugura-este-jueves-la-xvi-jornada-de-lectura-serrana-nota-con-la-hermana-marta-allaltuni-y-elida-contiggiani\/"]}]},{"@type":"BreadcrumbList","@id":"https:\/\/www.celttv.com.ar\/index.php\/2012\/10\/24\/se-inaugura-este-jueves-la-xvi-jornada-de-lectura-serrana-nota-con-la-hermana-marta-allaltuni-y-elida-contiggiani\/#breadcrumb","itemListElement":[{"@type":"ListItem","position":1,"name":"Inicio","item":"https:\/\/www.celttv.com.ar\/"},{"@type":"ListItem","position":2,"name":"SE INAUGURA ESTE JUEVES LA XVI JORNADA DE LECTURA SERRANA (nota con la Hermana Marta Allaltuni y Elida Contiggiani)"}]},{"@type":"WebSite","@id":"https:\/\/www.celttv.com.ar\/#website","url":"https:\/\/www.celttv.com.ar\/","name":"CELTTV","description":"Cooperativa El\u00e9ctrica de Tornquist","publisher":{"@id":"https:\/\/www.celttv.com.ar\/#organization"},"potentialAction":[{"@type":"SearchAction","target":{"@type":"EntryPoint","urlTemplate":"https:\/\/www.celttv.com.ar\/?s={search_term_string}"},"query-input":"required name=search_term_string"}],"inLanguage":"es"},{"@type":"Organization","@id":"https:\/\/www.celttv.com.ar\/#organization","name":"CELTTV","url":"https:\/\/www.celttv.com.ar\/","sameAs":["https:\/\/www.youtube.com\/channel\/UCz_oIt8Hig64Ub-EmcNPIhg","https:\/\/www.facebook.com\/celtTV\/"],"logo":{"@type":"ImageObject","inLanguage":"es","@id":"https:\/\/www.celttv.com.ar\/#\/schema\/logo\/image\/","url":"http:\/\/www.celttv.com.ar\/wp-content\/uploads\/2022\/08\/logo-1.png","contentUrl":"http:\/\/www.celttv.com.ar\/wp-content\/uploads\/2022\/08\/logo-1.png","width":461,"height":159,"caption":"CELTTV"},"image":{"@id":"https:\/\/www.celttv.com.ar\/#\/schema\/logo\/image\/"}},{"@type":"Person","@id":"https:\/\/www.celttv.com.ar\/#\/schema\/person\/6d99c072dba59953809c81446e9d0ace","name":"ulises","image":{"@type":"ImageObject","inLanguage":"es","@id":"https:\/\/www.celttv.com.ar\/#\/schema\/person\/image\/","url":"https:\/\/secure.gravatar.com\/avatar\/7f2c48bdc33b30088f941fb6082e555f2874c98e20cb159d7b92b50eadfce793?s=96&d=mm&r=g","contentUrl":"https:\/\/secure.gravatar.com\/avatar\/7f2c48bdc33b30088f941fb6082e555f2874c98e20cb159d7b92b50eadfce793?s=96&d=mm&r=g","caption":"ulises"},"sameAs":["http:\/\/www.celttv.com.ar"]}]}},"_links":{"self":[{"href":"https:\/\/www.celttv.com.ar\/index.php\/wp-json\/wp\/v2\/posts\/8687","targetHints":{"allow":["GET"]}}],"collection":[{"href":"https:\/\/www.celttv.com.ar\/index.php\/wp-json\/wp\/v2\/posts"}],"about":[{"href":"https:\/\/www.celttv.com.ar\/index.php\/wp-json\/wp\/v2\/types\/post"}],"author":[{"embeddable":true,"href":"https:\/\/www.celttv.com.ar\/index.php\/wp-json\/wp\/v2\/users\/1"}],"replies":[{"embeddable":true,"href":"https:\/\/www.celttv.com.ar\/index.php\/wp-json\/wp\/v2\/comments?post=8687"}],"version-history":[{"count":0,"href":"https:\/\/www.celttv.com.ar\/index.php\/wp-json\/wp\/v2\/posts\/8687\/revisions"}],"wp:attachment":[{"href":"https:\/\/www.celttv.com.ar\/index.php\/wp-json\/wp\/v2\/media?parent=8687"}],"wp:term":[{"taxonomy":"category","embeddable":true,"href":"https:\/\/www.celttv.com.ar\/index.php\/wp-json\/wp\/v2\/categories?post=8687"},{"taxonomy":"post_tag","embeddable":true,"href":"https:\/\/www.celttv.com.ar\/index.php\/wp-json\/wp\/v2\/tags?post=8687"}],"curies":[{"name":"wp","href":"https:\/\/api.w.org\/{rel}","templated":true}]}}