{"id":87006,"date":"2024-11-29T18:11:46","date_gmt":"2024-11-29T21:11:46","guid":{"rendered":"https:\/\/www.celttv.com.ar\/?p=87006"},"modified":"2024-11-29T18:14:10","modified_gmt":"2024-11-29T21:14:10","slug":"87006","status":"publish","type":"post","link":"https:\/\/www.celttv.com.ar\/index.php\/2024\/11\/29\/87006\/","title":{"rendered":"HCD.: Se realiz\u00f3 la sesi\u00f3n extraordinaria y la entrega de diplomas a abanderados y escoltas de establecimientos educativos del distrito (video)"},"content":{"rendered":"<p>28 \u00a0DE NOVIEMBRE- SESION EXTRAORDINARIA DE ENTREGA DE DIPLOMAS A ABANDERADOS Y ESCOLTAS\u00a0 DEL DISTRITO 2024- TORNQUIST<\/p>\n<p><strong><u>\u00a0<\/u><\/strong><\/p>\n<p>El jueves 29 de noviembre a partir de las 19 hs. aproximadamente, se realiz\u00f3 la Sesi\u00f3n Extraordinaria de entrega de Diplomas a Abanderados y Escoltas de las Escuelas del Distrito de Tornquist, convocadas por el Decreto N\u00ba 26\/24 del Honorable Concejo Deliberante, seg\u00fan la Resoluci\u00f3n N\u00ba 45\/24, en el polideportivo \u201cEva Per\u00f3n\u201d de la ciudad de Tornquist.<\/p>\n<p>Por ausencia de la Concejal Marcela Gimenez, toma juramento la Concejal Ludmila Becker.<\/p>\n<p>Se hicieron presentes en esta oportunidad autoridades educativas, municipales, docentes de las instituciones educativas,\u00a0 familiares y amigos de los agasajados.<\/p>\n<p><iframe loading=\"lazy\" title=\"2024 11 29 HCD 1 ENTREGA DE RECONOCIMIENTOS A ABANDERADOS EY ESCOLTAS\" width=\"500\" height=\"281\" src=\"https:\/\/www.youtube.com\/embed\/VbpjOnc6bQ8?feature=oembed\" frameborder=\"0\" allow=\"accelerometer; autoplay; clipboard-write; encrypted-media; gyroscope; picture-in-picture; web-share\" referrerpolicy=\"strict-origin-when-cross-origin\" allowfullscreen><\/iframe><\/p>\n<p>&nbsp;<\/p>\n<p>Recibieron su\u00a0 distinci\u00f3n:<\/p>\n<p>&nbsp;<\/p>\n<p><strong><u>ABANDERADOS Y ESCOLTAS 2024:<\/u><\/strong><\/p>\n<p><strong><u>\u00a0<\/u><\/strong><\/p>\n<p><strong><em><u>ESCUELA N\u00ba 1 \u2013 TORNQUIST<\/u><\/em><\/strong><strong>. <u>BANDERA NACIONAL:<\/u><\/strong> <strong><u>ABANDERADO:<\/u><\/strong> Gisler, Fantino, <strong><u>1\u00ba ESCOLTA:<\/u><\/strong> Natali, Emilia, <strong><u>2\u00ba ESCOLTA:<\/u><\/strong> D\u00edaz, Santiago. <strong><u>BANDERA BONAERENSE:<\/u><\/strong><strong> <u>ABANDERADO:<\/u><\/strong> Vera, Miqueas, <strong><u>1\u00ba ESCOLTA:<\/u><\/strong> Garc\u00eda, Lautaro, <strong><u>2\u00ba ESCOLTA:<\/u><\/strong> Ant\u00f3n, Benjam\u00edn.<\/p>\n<p><strong><u>ENTREGAN CONCEJALES:<\/u><\/strong> Becker y Castro.<\/p>\n<p><strong>\u00a0<\/strong><\/p>\n<p><strong><em><u>ESCUELA N\u00ba 2 (SALDUNGARAY).<\/u><\/em><\/strong><strong> <u>BANDERA NACIONAL:<\/u><\/strong> <strong><u>ABANDERADA:<\/u><\/strong> Pendas Rueda, Milagros, <strong><u>1\u00ba ESCOLTA:<\/u><\/strong> Olivieri Kotroba, Tob\u00edas, <strong><u>2\u00ba ESCOLTA:<\/u><\/strong> Herrera, Ian. <strong><u>BANDERA BONAERENSE:<\/u><\/strong><strong> <u>ABANDERADA:<\/u><\/strong> Constantino, Valentina, <strong><u>1\u00ba ESCOLTA:<\/u><\/strong> Marlborough, Nicol\u00e1s, <strong><u>2\u00ba ESCOLTA:<\/u><\/strong> Arias, M\u00eda &#8211; Bauer, Alexis.<\/p>\n<p><strong><u>ENTREGAN CONCEJALES:<\/u><\/strong> Kifer y Llarrull.<\/p>\n<p><strong>\u00a0<\/strong><\/p>\n<p><strong><em><u>ESCUELA N\u00ba 3 (TRES PICOS<\/u><\/em><\/strong><strong>). <u>BANDERA NACIONAL:<\/u><\/strong> <strong><u>ABANDERADO:<\/u><\/strong> Urban, Benjam\u00edn. <strong><u>1\u00ba ESCOLTA:<\/u><\/strong> \u00c1vila, Delfina, <strong><u>2\u00ba ESCOLTA:<\/u><\/strong> Bernat, Jazm\u00edn. <strong><u>BONAERENSE:<\/u><\/strong><strong> <u>ABANDERADO:<\/u><\/strong> Calvismonti, Hugo, <strong><u>1\u00ba ESCOLTA:<\/u><\/strong> S\u00e1nchez, Le\u00f3n, <strong><u>2\u00ba ESCOLTA:<\/u><\/strong> N\u00fa\u00f1ez, Alberto<\/p>\n<p><strong><u>ENTREGAN CONCEJALES:<\/u><\/strong> Marcolini y Marzialetti.<\/p>\n<p><strong>\u00a0<\/strong><\/p>\n<p><strong><em><u>ESCUELA N\u00ba 4 (NUEVA ROMA)<\/u><\/em><\/strong><strong>. <u>BANDERA NACIONAL:<\/u><\/strong> <strong><u>ABANDERADA:<\/u><\/strong> Choque Vargas, Luz Esmeralda.<\/p>\n<p><strong><u>ENTREGAN CONCEJALES:<\/u><\/strong> Quiroga y Ram\u00edrez.<\/p>\n<p><strong>\u00a0<\/strong><\/p>\n<p><strong><em><u>ESCUELA N\u00ba 10 (PARAJE VENTANA).<\/u><\/em><\/strong><strong> <u>BANDERA NACIONAL:<\/u><\/strong> <strong><u>ABANDERADO:<\/u><\/strong> D\u00b4Onofrio, Tahiel, <strong><u>1\u00ba ESCOLTA:<\/u><\/strong> Aldaya Polak, Kiara, <strong><u>2\u00ba ESCOLTA:<\/u><\/strong> Domene, Jerem\u00edas. <strong><u>BANDERA BONAERENSE:<\/u><\/strong><strong> <u>ABANDERADO:<\/u><\/strong> Barretto, Leonel, <strong><u>1\u00ba ESCOLTA:<\/u><\/strong> Mart\u00edn, Maia, <strong><u>2\u00ba ESCOLTA:<\/u><\/strong> Fraga, Aurora.<\/p>\n<p><strong><u>ENTREGAN CONCEJALES:<\/u><\/strong> Becker y Quiroga.<\/p>\n<p>&nbsp;<\/p>\n<p><strong><em><u>ESCUELA N\u00ba 27 (PARAJE SAUCE CHICO)<\/u><\/em><\/strong><strong>. <u>BANDERA NACIONAL:<\/u><\/strong> <strong><u>ABANDERADO:<\/u><\/strong> Peralta, Laureano, <strong><u>1\u00ba ESCOLTA:<\/u><\/strong> Meneses, Juan Cruz, <strong><u>2\u00ba ESCOLTA:<\/u><\/strong> Tolava, Joscelyn. <strong><u>BANDERA BONAERENSE:<\/u><\/strong><strong> <u>ABANDERADO:<\/u><\/strong> Acsama Bautista, Yoel, <strong><u>1\u00ba ESCOLTA:<\/u><\/strong> Meneses, Lautaro.<\/p>\n<p><strong><u>ENTREGAN CONCEJALES:<\/u><\/strong> Rojas y Kifer.<\/p>\n<p><strong>\u00a0<\/strong><\/p>\n<p><strong><em><u>ESCUELA N\u00ba 28 (TORNQUIST).<\/u><\/em><\/strong><strong> <u>BANDERA NACIONAL:<\/u><\/strong> <strong><u>ABANDERADA:<\/u><\/strong> Gisler, Catalina, <strong><u>1\u00ba ESCOLTA:<\/u><\/strong> Albanesi Riefle, Amparo, <strong><u>2\u00ba ESCOLTA:<\/u><\/strong> Latini, Ignacio. <strong><u>BANDERA BONAERENSE:<\/u><\/strong><strong> <u>ABANDERADA:<\/u><\/strong> Herrera, Keyla, <strong><u>1\u00ba ESCOLTA:<\/u><\/strong> Vallese, Juan, <strong><u>2\u00ba ESCOLTA:<\/u><\/strong> Minich, Lautaro.<\/p>\n<p><strong><u>ENTREGAN CONCEJALES:<\/u><\/strong> Llarrull y Romero.<\/p>\n<p>&nbsp;<\/p>\n<p>&nbsp;<\/p>\n<p><strong><em><u>COLEGIO NUESTRA SE\u00d1ORA DE LUJ\u00c1N NIVEL PRIMARIO (TORNQUIST)<\/u><\/em><\/strong><strong><u>. BANDERA NACIONAL:<\/u><\/strong> <strong><u>ABANDERADO:<\/u><\/strong> Trebaiochi, Ivo, <strong><u>1\u00ba ESCOLTA:<\/u><\/strong> Grassi, Malena, <strong><u>2\u00ba ESCOLTA:<\/u><\/strong> Echegu\u00eda, Josefina. <strong><u>BANDERA BONAERENSE:<\/u><\/strong><strong> <u>ABANDERADA:<\/u><\/strong> Del Po, Alma, <strong><u>1\u00ba ESCOLTA:<\/u><\/strong> Gartner, Araceli, <strong><u>2\u00ba ESCOLTA:<\/u><\/strong> Hirsch, Santino.<\/p>\n<p><strong><u>ENTREGAN CONCEJALES:<\/u><\/strong> Marcolini y Soverchia.<\/p>\n<p>&nbsp;<\/p>\n<p><strong><em><u>ESCUELA DE EDUCACI\u00d3N ESPECIAL N\u00ba 501 (TORNQUIST).<\/u><\/em><\/strong><strong> <u>BANDERA NACIONAL:<\/u><\/strong> <strong><u>ABANDERADO:<\/u><\/strong> Cabrera, Diego Omar, <strong><u>1\u00ba ESCOLTA:<\/u><\/strong> Schmidt, Tomas, <strong><u>2\u00ba ESCOLTA:<\/u><\/strong> Braun, Lautaro David. <strong><u>BANDERA BONAERENSE:<\/u><\/strong><strong> <u>ABANDERADO:<\/u><\/strong> D\u00edaz, Rub\u00e9n Dar\u00edo, <strong><u>1\u00ba ESCOLTA:<\/u><\/strong> Perugini, Katerina Abril, <strong><u>2\u00ba ESCOLTA:<\/u><\/strong> Weidele, Priscila Ayl\u00e9n.<\/p>\n<p><strong><u>ENTREGAN CONCEJALES:<\/u><\/strong> Marzialetti y Ugarte.<\/p>\n<p>&nbsp;<\/p>\n<p><strong><em><u>CENTRO DE EDUCACI\u00d3N DE ADULTOS N\u00ba 701 (TORNQUIST).<\/u><\/em><\/strong><strong> <u>BANDERA NACIONAL:<\/u><\/strong> <strong><u>ABANDERADO:<\/u><\/strong> Hidalgo, Domingo, <strong><u>1\u00ba ESCOLTA:<\/u><\/strong> Vallejos, Patricia, <strong><u>2\u00ba ESCOLTA:<\/u><\/strong> Rold\u00e1n, Alicia. <strong><u>BANDERA BONAERENSE:<\/u><\/strong><strong> <u>ABANDERADO:<\/u><\/strong> Cristaldo L\u00f3pez, Celina, <strong><u>1\u00ba ESCOLTA:<\/u><\/strong> Rodr\u00edguez Far\u00edas, Ana Mar\u00eda, <strong><u>2\u00ba ESCOLTA:<\/u><\/strong> Sandoval, Mauricio Natalio.<\/p>\n<p><strong><u>ENTREGAN CONCEJALES:<\/u><\/strong> Castro y Kifer.<\/p>\n<p><strong>\u00a0<\/strong><\/p>\n<p><strong><em><u>ESCUELA DE EDUCACI\u00d3N SECUNDARIA N\u00ba 1 (TORNQUIST).<\/u><\/em><\/strong><strong> <u>BANDERA NACIONAL:<\/u><\/strong> <strong><u>ABANDERADA:<\/u><\/strong> Rosatelli, Luc\u00eda, <strong><u>1\u00ba ESCOLTA:<\/u><\/strong> Biolato, Giuliana, <strong><u>2\u00ba ESCOLTA:<\/u><\/strong> Sandoval, Mateo. <strong><u>BANDERA BONAERENSE:<\/u><\/strong><strong> <u>ABANDERADO:<\/u><\/strong> Montiel Solano, Luca, <strong><u>1\u00ba ESCOLTA:<\/u><\/strong> Hansel, Santiago, <strong><u>2\u00ba ESCOLTA:<\/u><\/strong> Palma, Milagros &#8211; Neudert Magal\u00ed.<\/p>\n<p><strong><u>ENTREGAN CONCEJALES:<\/u><\/strong> Llarrull y Marcolini.<\/p>\n<p><strong>\u00a0<\/strong><\/p>\n<p><strong><em><u>ESCUELA DE EDUCACI\u00d3N SECUNDARIA N\u00ba 2 (SIERRA DE LA VENTANA). <\/u><\/em><\/strong><strong><u>BANDERA NACIONAL:<\/u><\/strong> <strong><u>ABANDERADA:<\/u><\/strong> Buffatelli, Candela, <strong><u>1\u00ba ESCOLTA:<\/u><\/strong> Molinero, Giuliana Milagros, <strong><u>2\u00ba ESCOLTA:<\/u><\/strong> Ramos Gim\u00e9nez, Brisa Agustina<strong><u> BANDERA BONAERENSE:<\/u><\/strong><strong> <u>ABANDERADO:<\/u><\/strong> Alfonzo, Lautaro Exequiel, <strong><u>1\u00ba ESCOLTA:<\/u><\/strong> Botto Beli, Mateo Lautaro, <strong><u>2\u00ba ESCOLTA:<\/u><\/strong> G\u00f3mez, Juan Ignacio.<\/p>\n<p><strong><u>ENTREGAN CONCEJALES:<\/u><\/strong> Marzialetti y Quiroga.<\/p>\n<p>&nbsp;<\/p>\n<p><strong><em><u>ESCUELA DE EDUCACI\u00d3N SECUNDARIA N\u00ba 3 (TORNQUIST).<\/u><\/em><\/strong><strong> <u>BANDERA NACIONAL:<\/u><\/strong> <strong><u>ABANDERADA:<\/u><\/strong> Murillas, Luc\u00eda Daniela, <strong><u>1\u00ba ESCOLTA:<\/u><\/strong> Buschi, Francesca, <strong><u>2\u00ba ESCOLTA:<\/u><\/strong> Arriola Caprila, Milagros. <strong><u>BANDERA BONAERENSE:<\/u> <u>ABANDERADO:<\/u><\/strong> Cuevas, El\u00edas, <strong><u>1\u00ba ESCOLTA:<\/u><\/strong> Lanaro, Amparo, <strong><u>2\u00ba ESCOLTA:<\/u><\/strong> Di Santolo, Mora.<\/p>\n<p><strong><u>ENTREGAN CONCEJALES:<\/u><\/strong> Ram\u00edrez y Rojas.<\/p>\n<p><strong>\u00a0<\/strong><\/p>\n<p><strong><em><u>ESCUELA DE EDUCACI\u00d3N SECUNDARIA N\u00ba 4 (SALDUNGARAY).<\/u><\/em><\/strong><strong> <u>BANDERA NACIONAL:<\/u><\/strong> <strong><u>ABANDERADA:<\/u><\/strong> Acu\u00f1a Alonso, M\u00eda Yazm\u00edn, <strong><u>1\u00ba ESCOLTA:<\/u><\/strong> Herrera, Ludmila, <strong><u>2\u00ba ESCOLTA:<\/u><\/strong> Delgadillo, Maitena. <strong><u>BANDERA BONAERENSE:<\/u><\/strong><strong> <u>ABANDERADA:<\/u><\/strong> Plaza, Liz, <strong><u>1\u00ba ESCOLTA:<\/u><\/strong> Hesayne Milagros, <strong><u>2\u00ba ESCOLTA:<\/u><\/strong> Chiachiarella, Gustavo.<\/p>\n<p><strong><u>ENTREGAN CONCEJALES:<\/u><\/strong> Romero y Soverchia.<\/p>\n<p><strong>\u00a0<\/strong><\/p>\n<p><strong><em><u>ESCUELA DE EDUCACI\u00d3N SECUNDARIA N\u00ba 5 (VILLA VENTANA).<\/u><\/em><\/strong><strong> <u>BANDERA NACIONAL:<\/u><\/strong> <strong><u>ABANDERADA:<\/u><\/strong> Manieri, Jazm\u00edn Lara, <strong><u>1\u00ba ESCOLTA:<\/u><\/strong> Da Bouza Bahl, Estrella, <strong><u>2\u00ba ESCOLTA:<\/u><\/strong> Unrein, Milena Abril. <strong><u>BANDERA BONAERENSE:<\/u><\/strong><strong> <u>ABANDERADA:<\/u><\/strong> Rosas, Giuliana, <strong><u>1\u00ba ESCOLTA:<\/u><\/strong> Di Biase, Carolina, <strong><u>2\u00ba ESCOLTA:<\/u><\/strong> Ladirat, Julia.<\/p>\n<p><strong><u>ENTREGAN CONCEJALES:<\/u><\/strong> Ugarte y Becker.<\/p>\n<p>&nbsp;<\/p>\n<p><strong><em><u>ESCUELA DE EDUCACI\u00d3N SECUNDARIA N\u00ba 6 (CHASIC\u00d3).<\/u><\/em><\/strong><strong> <u>BANDERA NACIONAL:<\/u><\/strong> <strong><u>ABANDERADA:<\/u><\/strong> Aranda, Gianella Ibonne, <strong><u>1\u00ba ESCOLTA:<\/u><\/strong> Menna, Matilda, <strong><u>2\u00ba ESCOLTA:<\/u><\/strong> Cozzi Ulloa, Agostina. <strong><u>BANDERA BONAERENSE: ABANDERADO:<\/u><\/strong> Mansilla, Facundo, <strong><u>1\u00ba ESCOLTA:<\/u><\/strong> Peralta Carlos, <strong><u>2\u00ba ESCOLTA:<\/u><\/strong> Muzi Verona, Federico.<\/p>\n<p><strong><u>ENTREGAN CONCEJALES:<\/u><\/strong> Kifer y Marcolini.<\/p>\n<p>&nbsp;<\/p>\n<p><strong><em><u>COLEGIO NUESTRA SE\u00d1ORA DE LUJ\u00c1N NIVEL SECUNDARIO (TORNQUIST). <\/u><\/em><\/strong><strong><u>BANDERA NACIONAL:<\/u><\/strong> <strong><u>ABANDERADA:<\/u><\/strong> Bustos Mu\u00f1oz, Alma, <strong><u>1\u00ba ESCOLTA:<\/u><\/strong> Dorasio, Gino Oscar, <strong><u>2\u00ba ESCOLTA:<\/u><\/strong> Schwab, Adriana Soledad. <strong><u>BANDERA BONAERENSE.<\/u><\/strong><strong> <u>ABANDERADO:<\/u><\/strong> L\u00f3pez, Esteban Mat\u00edas, <strong><u>1\u00ba ESCOLTA:<\/u><\/strong> Bellegia, Luca, <strong><u>2\u00ba ESCOLTA:<\/u><\/strong> Villera Soresi, Ana.<\/p>\n<p><strong><u>ENTREGAN CONCEJALES:<\/u><\/strong> Becker y Llarrull.<\/p>\n<p><strong>\u00a0<\/strong><\/p>\n<p><strong><em><u>ESCUELA DE EDUCACI\u00d3N SECUNDARIA T\u00c9CNICA N\u00ba 1 (TORNQUIST).<\/u><\/em><\/strong><strong> <u>BANDERA NACIONAL:<\/u><\/strong> <strong><u>ABANDERADO:<\/u><\/strong> Bauman, Santiago, <strong><u>1\u00ba ESCOLTA:<\/u><\/strong> Pizzo, Augusto, <strong><u>2\u00ba ESCOLTA:<\/u><\/strong> Casco, Tomas. <strong><u>BANDERA BONAERENSE:<\/u><\/strong><strong> <u>ABANDERADO:<\/u><\/strong> Scharff Juan, <strong><u>1\u00ba ESCOLTA:<\/u><\/strong> Marcolini Mateo, <strong><u>2\u00ba ESCOLTA:<\/u><\/strong> Fedrigucci, Eloisa.<\/p>\n<p><strong><u>ENTREGAN CONCEJALES:<\/u><\/strong> Quiroga y Romero.<\/p>\n<p><strong>\u00a0<\/strong><\/p>\n<p><strong><em><u>ESCUELA DE EDUCACI\u00d3N SECUNDARIA AGRARIA N\u00ba 1 (TORNQUIST).<\/u><\/em><\/strong><strong> <u>BANDERA NACIONAL:<\/u><\/strong> <strong><u>ABANDERADA:<\/u><\/strong> Pereyra, Mar\u00eda Delfina, <strong><u>1\u00ba ESCOLTA:<\/u><\/strong> Heredia, Matilda, <strong><u>2\u00ba ESCOLTA:<\/u><\/strong> Ferreyra, Ayrton. <strong><u>BANDERA BONAERENSE:<\/u><\/strong><strong> <u>ABANDERADA:<\/u><\/strong> Ant\u00f3n, Renata, <strong><u>1\u00ba ESCOLTA:<\/u><\/strong> Garc\u00eda, Martina, <strong><u>2\u00ba ESCOLTA:<\/u><\/strong> L\u00f3pez Tourn, Luka.<\/p>\n<p><strong><u>ENTREGAN CONCEJALES:<\/u><\/strong> Ram\u00edrez y Soverchia.<\/p>\n<p><strong>\u00a0<\/strong><\/p>\n<p><strong><em><u>CENTRO EDUCATIVO PARA LA PRODUCCI\u00d3N TOTAL N\u00ba 12 (VILLA VENTANA).<\/u><\/em><\/strong><strong> <u>BANDERA NACIONAL:<\/u><\/strong> <strong><u>ABANDERADA:<\/u><\/strong> Petroselli, Paloma, <strong><u>1\u00ba ESCOLTA:<\/u><\/strong> Garrido, Leandro, <strong><u>2\u00ba ESCOLTA:<\/u><\/strong> Espinoza Aguilera, Daiana. <strong><u>BANDERA BONAERENSE:<\/u><\/strong><strong> <u>ABANDERADO:<\/u><\/strong> Heim, Jonathan, <strong><u>1\u00ba ESCOLTA:<\/u><\/strong> Oscares, Gianna, <strong><u>2\u00ba ESCOLTA:<\/u><\/strong> Risso, Agustina.<\/p>\n<p><strong><u>ENTREGAN CONCEJALES:<\/u><\/strong> Rojas y Ugarte.<\/p>\n<p><strong>\u00a0<\/strong><\/p>\n<p><strong>CENTRO DE EDUCACI\u00d3N NIVEL SECUNDARIA N\u00ba 451 (SALDUNGARAY). <u>BANDERA NACIONAL:<\/u><\/strong> <strong><u>ABANDERADA:<\/u><\/strong> Mart\u00ednez Armendano, Celia Luciana, <strong><u>1\u00ba ESCOLTA:<\/u><\/strong> Ferreyra, Jorge Ariel, <strong><u>2\u00ba ESCOLTA:<\/u><\/strong> Morales, Diego Fabi\u00e1n. <strong><u>BANDERA BONAERENSE:<\/u><\/strong><strong> <u>ABANDERADA:<\/u><\/strong> Correa, M\u00f3nica Graciela, <strong><u>1\u00ba ESCOLTA:<\/u><\/strong> Mart\u00ednez, Celia Noem\u00ed, <strong><u>2\u00ba ESCOLTA:<\/u><\/strong> G\u00f3mez, Mar\u00eda Alejandra.<\/p>\n<p><strong><u>ENTREGAN CONCEJALES:<\/u><\/strong> Castro y Quiroga.<\/p>\n<p>&nbsp;<\/p>\n<p><strong><em><u>PLAN FINES (TORNQUIST). BANDERA NACIONAL<\/u><\/em><\/strong><strong><u>:<\/u><\/strong> <strong><u>ABANDERADA:<\/u><\/strong> Herrera, Erica, <strong><u>1\u00ba ESCOLTA:<\/u><\/strong> P\u00e9rez, Daniel Alberto, <strong><u>2\u00ba ESCOLTA:<\/u><\/strong> Pav\u00f3n, Brenda Yesica. <strong><u>BANDERA BONAERENSE:<\/u><\/strong> <strong><u>ABANDERADA:<\/u><\/strong> Salazar S\u00e1ez, Marcia Jeanette, <strong><u>1\u00ba ESCOLTA:<\/u><\/strong> Cabrera, Guadalupe Ail\u00edn, <strong><u>2\u00ba ESCOLTA:<\/u><\/strong> Cisterna, Juan Cruz.<\/p>\n<p><strong><u>ENTREGAN CONCEJALES:<\/u><\/strong> Becker y Ram\u00edrez.<\/p>\n<p><strong>\u00a0<\/strong><\/p>\n<p><strong><em><u>PLAN FINES (SIERRA DE LA VENTANA).<\/u><\/em><\/strong><strong> <u>BANDERA NACIONAL:<\/u><\/strong> <strong><u>ABANDERADA:<\/u><\/strong> Fern\u00e1ndez Re\u00f1ones, Agustina, <strong><u>1\u00ba ESCOLTA:<\/u><\/strong> Alarc\u00f3n, Tamara, <strong><u>2\u00ba ESCOLTA:<\/u><\/strong> S\u00e1nchez, Lorena Yolanda. <strong><u>BANDERA BONAERENSE:<\/u><\/strong> <strong><u>ABANDERADA:<\/u><\/strong> Rojas, Sof\u00eda Edith, <strong><u>1\u00ba ESCOLTA:<\/u><\/strong> \u00c1lvarez, Maximiliano, <strong><u>2\u00ba ESCOLTA:<\/u><\/strong> Anerot, Marta.<\/p>\n<p><strong><u>ENTREGAN CONCEJALES:<\/u><\/strong> Kifer y Rojas.<\/p>\n<p><strong>\u00a0<\/strong><\/p>\n<p><strong><em><u>INSTITUTO SUPERIOR DE FORMACI\u00d3N DOCENTE Y T\u00c9CNICO N\u00ba 162 (TORNQUIST)<\/u><\/em><\/strong><strong>. <u>BANDERA NACIONAL:<\/u><\/strong> <strong><u>ABANDERADA:<\/u><\/strong> Pardo, Roc\u00edo Yanel, <strong><u>1\u00ba ESCOLTA:<\/u><\/strong> Bauer, Macarena Berenice, <strong><u>2\u00ba ESCOLTA:<\/u><\/strong> Llarrull, Luana Daniela. <strong><u>BANDERA BONAERENSE:<\/u><\/strong> <strong><u>ABANDERADA:<\/u><\/strong> Saint Germain, Melisa, <strong><u>1\u00ba ESCOLTA:<\/u><\/strong> Cabral, Valentina, <strong><u>2\u00ba ESCOLTA:<\/u><\/strong> Fern\u00e1ndez, Cintia.<\/p>\n<p><strong><u>ENTREGAN CONCEJALES:<\/u><\/strong> Llarrull y Romero.<\/p>\n<p><strong>\u00a0<\/strong><\/p>\n<p><strong><u>NO ASISTIERON<\/u><\/strong><\/p>\n<p><strong>\u00a0<\/strong><\/p>\n<p><strong><em><u>ESCUELA N\u00ba 6 (SIERRA DE LA VENTANA).<\/u><\/em><\/strong><strong> <u>NACIONAL:<\/u> <u>ABANDERADA:<\/u><\/strong> Ditrich, Emilia, <strong><u>1\u00ba ESCOLTA:<\/u><\/strong> Gonz\u00e1lez Dieguez, Manuel, <strong><u>2\u00ba ESCOLTA:<\/u><\/strong> Urrutia Sgammini, Ca\u00edn. <strong><u>BONAERENSE:<\/u><\/strong><strong> <u>ABANDERADA:<\/u><\/strong> Cacharelli, Alma, <strong><u>1\u00ba ESCOLTA:<\/u><\/strong> Sola Urban Yuri, <strong><u>2\u00ba ESCOLTA:<\/u><\/strong> Menna, Lionel.<\/p>\n<p><strong>\u00a0<\/strong><\/p>\n<p><strong><em><u>ESCUELA N\u00ba 7 (PARAJE FUNKE)<\/u><\/em><\/strong><strong>. <u>BANDERA NACIONAL:<\/u><\/strong> <strong><u>ABANDERADA:<\/u><\/strong> Fischer, Roc\u00edo, <strong><u>1\u00ba ESCOLTA:<\/u><\/strong> Videla, Thian<strong>. <u>BANDERA BONAERENSE:<\/u><\/strong> <strong><u>ABANDERADA:<\/u><\/strong> Ort\u00edz, Isabella, <strong><u>1\u00ba ESCOLTA:<\/u><\/strong> \u00c1lvarez, Oriana.<\/p>\n<p><strong>\u00a0<\/strong><\/p>\n<p><strong><em><u>ESCUELA N\u00ba 8 (ESTOMBA)<\/u><\/em><\/strong><strong>. <u>BANDERA NACIONAL:<\/u><\/strong> <strong><u>ABANDERADA:<\/u><\/strong> Ponce Gonz\u00e1lez, Naiara Jacquelin. <strong><u>1\u00ba ESCOLTA:<\/u><\/strong> Detzel, M\u00eda. <strong><u>2\u00ba ESCOLTA:<\/u><\/strong> Detzel, Maia. <strong><u>BANDERA BONAERENSE:<\/u><\/strong><strong> <u>ABANDERADA:<\/u><\/strong> Detzel, Luana. <strong><u>1\u00ba ESCOLTA:<\/u><\/strong> Detzel, Clarita. <strong><u>2\u00ba ESCOLTA:<\/u><\/strong> Detzel, Gaspar.<\/p>\n<p><strong>\u00a0<\/strong><\/p>\n<p><strong><em><u>ESCUELA N\u00ba 9 (PELICUR\u00c1).<\/u><\/em><\/strong><strong> <u>NACIONAL:<\/u> <u>ABANDERADA:<\/u><\/strong> Aguirre, Rom\u00e1n, <strong><u>1\u00ba ESCOLTA:<\/u><\/strong> Dumrauf, Valent\u00edn. <strong><u>BONAERENSE:<\/u><\/strong><strong> <u>ABANDERADO:<\/u><\/strong> Moreyra, Francisco, <strong><u>1\u00ba ESCOLTA:<\/u><\/strong> Dumrauf, Donatto.<\/p>\n<p><strong>\u00a0<\/strong><\/p>\n<p><strong><em><u>ESCUELA N\u00ba 12 (PARAJE FUERTE ARGENTINO).<\/u><\/em><\/strong><strong> <u>BANDERA NACIONAL:<\/u><\/strong> <strong><u>ABANDERADA:<\/u><\/strong> Castro, Juana, <strong><u>1\u00ba ESCOLTA:<\/u><\/strong> Monte, Antonella, <strong><u>2\u00ba ESCOLTA:<\/u><\/strong> Moraga, Walkiria. <strong><u>BANDERA BONAERENSE:<\/u><\/strong><strong> <u>ABANDERADO:<\/u><\/strong> Castro, Juan.<\/p>\n<p><strong>\u00a0<\/strong><\/p>\n<p><strong><em><u>ESCUELA N\u00ba 13 (PARAJE LA QUERENCIA).<\/u><\/em><\/strong><strong> <u>NACIONAL:<\/u> <u>ABANDERADA:<\/u><\/strong> Maidana Jonathan, <strong><u>1\u00ba ESCOLTA:<\/u><\/strong> Santangelo Milagos, <strong><u>2\u00ba ESCOLTA:<\/u><\/strong> Alarc\u00f3n Jazm\u00edn.<\/p>\n<p><strong>\u00a0<\/strong><\/p>\n<p><strong><em><u>ESCUELA N\u00ba 17 (PARAJE FORT\u00cdN CHACO).<\/u><\/em><\/strong><strong> <u>BANDERA NACIONAL:<\/u><\/strong> <strong><u>ABANDERADO:<\/u><\/strong> Gonz\u00e1lez, Benjam\u00edn. <strong><u>BANDERA BONAERENSE:<\/u><\/strong><strong> <u>ABANDERADO:<\/u><\/strong> Rodr\u00edguez, Lautaro.<\/p>\n<p><strong>\u00a0<\/strong><\/p>\n<p><strong><em><u>ESCUELA N\u00ba 21 (VILLA VENTANA).<\/u><\/em><\/strong><strong> <u>NACIONAL:<\/u> <u>ABANDERADO:<\/u><\/strong> Mansilla Torres, Mateo. <strong><u>1\u00ba ESCOLTA:<\/u><\/strong> Diomedi, Gianluca. <strong><u>2\u00ba ESCOLTA:<\/u><\/strong> Rosas, Mateo Sim\u00f3n. <strong><u>BONAERENSE:<\/u><\/strong><strong> <u>ABANDERADO:<\/u><\/strong> Barbero, Emma. <strong><u>1\u00ba ESCOLTA:<\/u><\/strong> Su\u00e1rez Mart\u00ednez, Valentina. <strong><u>2\u00ba ESCOLTA:<\/u><\/strong> S\u00e1nchez Coronil, Maximiliano.<\/p>\n<p><strong>\u00a0<\/strong><\/p>\n<p><strong><em><u>ESCUELA N\u00ba 24 (CHASIC\u00d3).<\/u><\/em><\/strong><strong> <u>NACIONAL:<\/u> <u>ABANDERADO:<\/u><\/strong> Ansorena, Alejo \/\/ Bonotti, Mateo. <strong><u>1\u00ba ESCOLTA:<\/u><\/strong> Indart, Alaia. <strong><u>BONAERENSE:<\/u><\/strong><strong> <u>ABANDERADO:<\/u><\/strong> Ortiz Uitixberea, Esperanza. <strong><u>1\u00ba ESCOLTA:<\/u><\/strong> Cozzi, Ian. <strong><u>2\u00ba ESCOLTA:<\/u><\/strong> Lucarni, Esmeralda.<\/p>\n<p><strong>\u00a0<\/strong><\/p>\n<p><strong><em><u>ESCUELA N\u00ba 25 (BERRAONDO).<\/u><\/em><\/strong><strong> <u>NACIONAL:<\/u> <u>ABANDERADA:<\/u><\/strong> Salcedo, Sofia. <strong><u>1\u00ba ESCOLTA:<\/u><\/strong> Santucho, M\u00eda. <strong><u>2\u00ba ESCOLTA:<\/u><\/strong> Gimenez Birba, Facundo. <strong><u>BONAERENSE:<\/u><\/strong><strong> <u>ABANDERADO:<\/u><\/strong> Almir\u00f3n, Luciano. <strong><u>1\u00ba ESCOLTA:<\/u><\/strong> Quiroga, M\u00eda. <strong><u>2\u00ba ESCOLTA:<\/u><\/strong> Quiroga, Benjam\u00edn.<\/p>\n<p><strong>\u00a0<\/strong><\/p>\n<p><strong><em><u>INSTITUTO FORT\u00cdN PAV\u00d3N NIVEL PRIMARIO (SALDUNGARAY).<\/u><\/em><\/strong><strong> <u>NACIONAL:<\/u> <u>ABANDERADA:<\/u><\/strong> Fontanes, Malena. <strong><u>1\u00ba ESCOLTA:<\/u><\/strong> Marto, Abril Quimey. <strong><u>2\u00ba ESCOLTA:<\/u><\/strong> Saliola Moix, Jazm\u00edn. <strong><u>BONAERENSE:<\/u><\/strong><strong> <u>ABANDERADA:<\/u><\/strong> Campos, Clara. <strong><u>1\u00ba ESCOLTA:<\/u><\/strong> Cardoso, Juan Mart\u00edn. <strong><u>2\u00ba ESCOLTA:<\/u><\/strong> Reeb Dato, Emma.<\/p>\n<p>&nbsp;<\/p>\n<p><strong><em><u>ESCUELA DE EDUCACI\u00d3N ESPECIAL N\u00ba 502 (SALDUNGARAY).<\/u><\/em><\/strong><strong> <u>BANDERA NACIONAL:<\/u><\/strong> <strong><u>ABANDERADO:<\/u><\/strong> Mazzieri, Bruno. <strong><u>1\u00ba ESCOLTA:<\/u><\/strong> Goetz, Ramiro. <strong><u>2\u00ba ESCOLTA:<\/u><\/strong> Bonifacini, Ariel. <strong><u>BANDERA BONAERENSE:<\/u><\/strong><strong> <u>ABANDERADA:<\/u><\/strong> Davis, Kiara. <strong><u>1\u00ba ESCOLTA:<\/u><\/strong> Esmoli, Thiago. <strong><u>2\u00ba ESCOLTA:<\/u><\/strong> Ibarra, Priscila.<\/p>\n<p><strong>\u00a0<\/strong><\/p>\n<p><strong><em><u>INSTITUTO FORT\u00cdN PAV\u00d3N NIVEL SECUNDARIO (SALDUNGARAY).<\/u><\/em><\/strong><strong> <u>BANDERA NACIONAL:<\/u><\/strong> <strong><u>ABANDERADA:<\/u><\/strong> Belate, Morena, <strong><u>1\u00ba ESCOLTA:<\/u><\/strong> Ort\u00edz, Luc\u00eda, <strong><u>2\u00ba ESCOLTA:<\/u><\/strong> Giorgi, Juan. <strong><u>BANDERA BONAERENSE:<\/u><\/strong><strong> <u>ABANDERADO:<\/u><\/strong> Micheletto, Santino, <strong><u>1\u00ba ESCOLTA:<\/u><\/strong> G\u00f3mez Tunessi, Juana, <strong><u>2\u00ba ESCOLTA:<\/u><\/strong> Delgado Dehumara, Thiago.<\/p>\n<p><strong>\u00a0<\/strong><\/p>\n<p>Alocuciones de los Concejales:<\/p>\n<p>&nbsp;<\/p>\n<p>Concejal Ludmila Becker:<\/p>\n<p>Bueno, en primer lugar felicitar a todos los que fueron reconocidos, homenajeados por, por el compromiso, por la responsabilidad, por el esfuerzo que hacen en su vida diaria escolar. Tambi\u00e9n a las familias que acompa\u00f1aron, felicitar y agradecer, los que vinieron de otras localidades, que hicieron ese esfuerzo, as\u00ed que \u00a0mis felicitaciones para todos ellos, y tambi\u00e9n me gustar\u00eda felicitar especialmente a quienes integran la modalidad de j\u00f3venes, adultos, y adultos mayores, ya que en el d\u00eda de ayer se cumplieron 51 a\u00f1os de la creaci\u00f3n de la modalidad en la Provincia de Buenos Aires. Y me parece que es importante destacar y celebrar ya que la elecci\u00f3n de adultos de terminar sus estudios primarios y secundarios, un derecho tan esencial y que puedan hacerlo, que se animen, y que tambi\u00e9n haya familias que acompa\u00f1en, docentes, directivos, autoridades, para que se haga posible, es muy importante. Y son un ejemplo para muchos, para que contin\u00faen y vean el esfuerzo, y que se puede, con dedicaci\u00f3n, con esfuerzo, as\u00ed que felicitaciones para todos los que integran tambi\u00e9n la modalidad de j\u00f3venes adultos, y adultos mayores, y sus 51 a\u00f1os de la creaci\u00f3n. Nada m\u00e1s, gracias.<\/p>\n<p>&nbsp;<\/p>\n<p>Concejal Susana Marcolini:<\/p>\n<p>Bueno, en nombre de los Bloques de Juntos y Juntos por el Cambio felicitamos con todo el coraz\u00f3n a todos los que est\u00e1n aqu\u00ed presentes, ni\u00f1os, j\u00f3venes, adultos, por el esfuerzo, la dedicaci\u00f3n, y el m\u00e9rito que han conseguido. Yo quisiera hacer un par\u00e9ntesis, pese a que no es tiempo para hacer grandes reflexiones, acerca del significado que tiene portar y escoltar las banderas. Las banderas son el s\u00edmbolo de lo que somos, tanto la bandera nacional, como la bandera bonaerense, y en ese s\u00edmbolo de lo que somos est\u00e1 el resguardo que tenemos que tener de lo que han sido otros, de lo que somos nosotros, y de lo que queremos que sea nuestra sociedad en el futuro. Ustedes, todos los que est\u00e1n ac\u00e1 han tenido el m\u00e9rito de poder acompa\u00f1ar las banderas de vuestras instituciones y sin darse cuenta, o a\u00fan d\u00e1ndose cuenta, han cumplido acabadamente con esto de resguardar la identidad, resguardar lo que somos, para tener claro qu\u00e9 seremos en el futuro. Y vamos a formular votos y seguramente vamos a estar de acuerdo en que los votos que formulemos sean por una sociedad inclusiva,\u00a0 respetuosa, respetuosa de la calidad del otro, respetuosa de la equidad, respetuosa de la historia. Una sociedad que nos tenga comprometida, comprometidos, y trabajando para que las cosas sucedan, porque las cosas no suceden porque s\u00ed, sino suceden si las gestamos. Formulamos profundos votos para que todos los que estamos ac\u00e1, j\u00f3venes, ni\u00f1os, adultos, y las familias sobre todo, y los representantes\u00a0 del Estado, tambi\u00e9n, los representantes del Estado Municipal, trabajemos todos por una sociedad que nos represente a todos. Gracias, felicitaciones.<\/p>\n<p>&nbsp;<\/p>\n<p>Presidente del H.C.D. Concejal Carmen Soverchia:<\/p>\n<p>Les agradecemos a todos los presentes por estar ac\u00e1, a todos los alumnos, principalmente a todas sus familias que vinieron a acompa\u00f1ar, a los directivos, a los docentes, muchas gracias a todos por acompa\u00f1arnos el d\u00eda de hoy.<\/p>\n<p>&nbsp;<\/p>\n<p>HONORABLE CONCEJO DELIBERANTE.<\/p>\n<p><img loading=\"lazy\" decoding=\"async\" class=\"alignnone wp-image-87007 size-large\" src=\"https:\/\/www.celttv.com.ar\/wp-content\/uploads\/2024\/11\/WhatsApp-Image-2024-11-28-at-20.47.48-490x1024.jpeg\" alt=\"\" width=\"490\" height=\"1024\" srcset=\"https:\/\/www.celttv.com.ar\/wp-content\/uploads\/2024\/11\/WhatsApp-Image-2024-11-28-at-20.47.48-490x1024.jpeg 490w, https:\/\/www.celttv.com.ar\/wp-content\/uploads\/2024\/11\/WhatsApp-Image-2024-11-28-at-20.47.48-144x300.jpeg 144w, https:\/\/www.celttv.com.ar\/wp-content\/uploads\/2024\/11\/WhatsApp-Image-2024-11-28-at-20.47.48-735x1536.jpeg 735w, https:\/\/www.celttv.com.ar\/wp-content\/uploads\/2024\/11\/WhatsApp-Image-2024-11-28-at-20.47.48-750x1567.jpeg 750w, https:\/\/www.celttv.com.ar\/wp-content\/uploads\/2024\/11\/WhatsApp-Image-2024-11-28-at-20.47.48.jpeg 766w\" sizes=\"auto, (max-width: 490px) 100vw, 490px\" \/> <img loading=\"lazy\" decoding=\"async\" class=\"alignnone wp-image-87008 size-large\" src=\"https:\/\/www.celttv.com.ar\/wp-content\/uploads\/2024\/11\/WhatsApp-Image-2024-11-29-at-10.09.33-1024x523.jpeg\" alt=\"\" width=\"1024\" height=\"523\" srcset=\"https:\/\/www.celttv.com.ar\/wp-content\/uploads\/2024\/11\/WhatsApp-Image-2024-11-29-at-10.09.33-1024x523.jpeg 1024w, https:\/\/www.celttv.com.ar\/wp-content\/uploads\/2024\/11\/WhatsApp-Image-2024-11-29-at-10.09.33-300x153.jpeg 300w, https:\/\/www.celttv.com.ar\/wp-content\/uploads\/2024\/11\/WhatsApp-Image-2024-11-29-at-10.09.33-768x392.jpeg 768w, https:\/\/www.celttv.com.ar\/wp-content\/uploads\/2024\/11\/WhatsApp-Image-2024-11-29-at-10.09.33-1536x784.jpeg 1536w, https:\/\/www.celttv.com.ar\/wp-content\/uploads\/2024\/11\/WhatsApp-Image-2024-11-29-at-10.09.33-750x383.jpeg 750w, https:\/\/www.celttv.com.ar\/wp-content\/uploads\/2024\/11\/WhatsApp-Image-2024-11-29-at-10.09.33-1140x582.jpeg 1140w, https:\/\/www.celttv.com.ar\/wp-content\/uploads\/2024\/11\/WhatsApp-Image-2024-11-29-at-10.09.33.jpeg 1600w\" sizes=\"auto, (max-width: 1024px) 100vw, 1024px\" \/> <img loading=\"lazy\" decoding=\"async\" class=\"alignnone wp-image-87009 size-large\" src=\"https:\/\/www.celttv.com.ar\/wp-content\/uploads\/2024\/11\/WhatsApp-Image-2024-11-29-at-10.09.34-1-1024x576.jpeg\" alt=\"\" width=\"1024\" height=\"576\" srcset=\"https:\/\/www.celttv.com.ar\/wp-content\/uploads\/2024\/11\/WhatsApp-Image-2024-11-29-at-10.09.34-1-1024x576.jpeg 1024w, https:\/\/www.celttv.com.ar\/wp-content\/uploads\/2024\/11\/WhatsApp-Image-2024-11-29-at-10.09.34-1-300x169.jpeg 300w, https:\/\/www.celttv.com.ar\/wp-content\/uploads\/2024\/11\/WhatsApp-Image-2024-11-29-at-10.09.34-1-768x432.jpeg 768w, https:\/\/www.celttv.com.ar\/wp-content\/uploads\/2024\/11\/WhatsApp-Image-2024-11-29-at-10.09.34-1-1536x864.jpeg 1536w, https:\/\/www.celttv.com.ar\/wp-content\/uploads\/2024\/11\/WhatsApp-Image-2024-11-29-at-10.09.34-1-750x422.jpeg 750w, https:\/\/www.celttv.com.ar\/wp-content\/uploads\/2024\/11\/WhatsApp-Image-2024-11-29-at-10.09.34-1-1140x641.jpeg 1140w, https:\/\/www.celttv.com.ar\/wp-content\/uploads\/2024\/11\/WhatsApp-Image-2024-11-29-at-10.09.34-1.jpeg 1600w\" sizes=\"auto, (max-width: 1024px) 100vw, 1024px\" \/> <img loading=\"lazy\" decoding=\"async\" class=\"alignnone wp-image-87010 size-large\" src=\"https:\/\/www.celttv.com.ar\/wp-content\/uploads\/2024\/11\/WhatsApp-Image-2024-11-29-at-10.09.34-1024x616.jpeg\" alt=\"\" width=\"1024\" height=\"616\" srcset=\"https:\/\/www.celttv.com.ar\/wp-content\/uploads\/2024\/11\/WhatsApp-Image-2024-11-29-at-10.09.34-1024x616.jpeg 1024w, https:\/\/www.celttv.com.ar\/wp-content\/uploads\/2024\/11\/WhatsApp-Image-2024-11-29-at-10.09.34-300x180.jpeg 300w, https:\/\/www.celttv.com.ar\/wp-content\/uploads\/2024\/11\/WhatsApp-Image-2024-11-29-at-10.09.34-768x462.jpeg 768w, https:\/\/www.celttv.com.ar\/wp-content\/uploads\/2024\/11\/WhatsApp-Image-2024-11-29-at-10.09.34-750x451.jpeg 750w, https:\/\/www.celttv.com.ar\/wp-content\/uploads\/2024\/11\/WhatsApp-Image-2024-11-29-at-10.09.34-1140x686.jpeg 1140w, https:\/\/www.celttv.com.ar\/wp-content\/uploads\/2024\/11\/WhatsApp-Image-2024-11-29-at-10.09.34.jpeg 1214w\" sizes=\"auto, (max-width: 1024px) 100vw, 1024px\" \/> <img loading=\"lazy\" decoding=\"async\" class=\"alignnone wp-image-87011 size-full\" src=\"https:\/\/www.celttv.com.ar\/wp-content\/uploads\/2024\/11\/WhatsApp-Image-2024-11-29-at-10.09.35-1.jpeg\" alt=\"\" width=\"881\" height=\"314\" srcset=\"https:\/\/www.celttv.com.ar\/wp-content\/uploads\/2024\/11\/WhatsApp-Image-2024-11-29-at-10.09.35-1.jpeg 881w, https:\/\/www.celttv.com.ar\/wp-content\/uploads\/2024\/11\/WhatsApp-Image-2024-11-29-at-10.09.35-1-300x107.jpeg 300w, https:\/\/www.celttv.com.ar\/wp-content\/uploads\/2024\/11\/WhatsApp-Image-2024-11-29-at-10.09.35-1-768x274.jpeg 768w, https:\/\/www.celttv.com.ar\/wp-content\/uploads\/2024\/11\/WhatsApp-Image-2024-11-29-at-10.09.35-1-750x267.jpeg 750w\" sizes=\"auto, (max-width: 881px) 100vw, 881px\" \/> <img loading=\"lazy\" decoding=\"async\" class=\"alignnone wp-image-87012 size-full\" src=\"https:\/\/www.celttv.com.ar\/wp-content\/uploads\/2024\/11\/WhatsApp-Image-2024-11-29-at-10.09.35-2.jpeg\" alt=\"\" width=\"689\" height=\"996\" srcset=\"https:\/\/www.celttv.com.ar\/wp-content\/uploads\/2024\/11\/WhatsApp-Image-2024-11-29-at-10.09.35-2.jpeg 689w, https:\/\/www.celttv.com.ar\/wp-content\/uploads\/2024\/11\/WhatsApp-Image-2024-11-29-at-10.09.35-2-208x300.jpeg 208w\" sizes=\"auto, (max-width: 689px) 100vw, 689px\" \/> <img loading=\"lazy\" decoding=\"async\" class=\"alignnone wp-image-87013 size-large\" src=\"https:\/\/www.celttv.com.ar\/wp-content\/uploads\/2024\/11\/WhatsApp-Image-2024-11-29-at-10.09.35-1024x482.jpeg\" alt=\"\" width=\"1024\" height=\"482\" srcset=\"https:\/\/www.celttv.com.ar\/wp-content\/uploads\/2024\/11\/WhatsApp-Image-2024-11-29-at-10.09.35-1024x482.jpeg 1024w, https:\/\/www.celttv.com.ar\/wp-content\/uploads\/2024\/11\/WhatsApp-Image-2024-11-29-at-10.09.35-300x141.jpeg 300w, https:\/\/www.celttv.com.ar\/wp-content\/uploads\/2024\/11\/WhatsApp-Image-2024-11-29-at-10.09.35-768x361.jpeg 768w, https:\/\/www.celttv.com.ar\/wp-content\/uploads\/2024\/11\/WhatsApp-Image-2024-11-29-at-10.09.35-750x353.jpeg 750w, https:\/\/www.celttv.com.ar\/wp-content\/uploads\/2024\/11\/WhatsApp-Image-2024-11-29-at-10.09.35-1140x536.jpeg 1140w, https:\/\/www.celttv.com.ar\/wp-content\/uploads\/2024\/11\/WhatsApp-Image-2024-11-29-at-10.09.35.jpeg 1312w\" sizes=\"auto, (max-width: 1024px) 100vw, 1024px\" \/> <img loading=\"lazy\" decoding=\"async\" class=\"alignnone wp-image-87014 size-large\" src=\"https:\/\/www.celttv.com.ar\/wp-content\/uploads\/2024\/11\/WhatsApp-Image-2024-11-29-at-10.09.36-1-1024x545.jpeg\" alt=\"\" width=\"1024\" height=\"545\" srcset=\"https:\/\/www.celttv.com.ar\/wp-content\/uploads\/2024\/11\/WhatsApp-Image-2024-11-29-at-10.09.36-1-1024x545.jpeg 1024w, https:\/\/www.celttv.com.ar\/wp-content\/uploads\/2024\/11\/WhatsApp-Image-2024-11-29-at-10.09.36-1-300x160.jpeg 300w, https:\/\/www.celttv.com.ar\/wp-content\/uploads\/2024\/11\/WhatsApp-Image-2024-11-29-at-10.09.36-1-768x409.jpeg 768w, https:\/\/www.celttv.com.ar\/wp-content\/uploads\/2024\/11\/WhatsApp-Image-2024-11-29-at-10.09.36-1-750x399.jpeg 750w, https:\/\/www.celttv.com.ar\/wp-content\/uploads\/2024\/11\/WhatsApp-Image-2024-11-29-at-10.09.36-1-1140x607.jpeg 1140w, https:\/\/www.celttv.com.ar\/wp-content\/uploads\/2024\/11\/WhatsApp-Image-2024-11-29-at-10.09.36-1.jpeg 1373w\" sizes=\"auto, (max-width: 1024px) 100vw, 1024px\" \/> <img loading=\"lazy\" decoding=\"async\" class=\"alignnone wp-image-87015 size-large\" src=\"https:\/\/www.celttv.com.ar\/wp-content\/uploads\/2024\/11\/WhatsApp-Image-2024-11-29-at-10.09.36-1024x471.jpeg\" alt=\"\" width=\"1024\" height=\"471\" srcset=\"https:\/\/www.celttv.com.ar\/wp-content\/uploads\/2024\/11\/WhatsApp-Image-2024-11-29-at-10.09.36-1024x471.jpeg 1024w, https:\/\/www.celttv.com.ar\/wp-content\/uploads\/2024\/11\/WhatsApp-Image-2024-11-29-at-10.09.36-300x138.jpeg 300w, https:\/\/www.celttv.com.ar\/wp-content\/uploads\/2024\/11\/WhatsApp-Image-2024-11-29-at-10.09.36-768x353.jpeg 768w, https:\/\/www.celttv.com.ar\/wp-content\/uploads\/2024\/11\/WhatsApp-Image-2024-11-29-at-10.09.36-750x345.jpeg 750w, https:\/\/www.celttv.com.ar\/wp-content\/uploads\/2024\/11\/WhatsApp-Image-2024-11-29-at-10.09.36-1140x524.jpeg 1140w, https:\/\/www.celttv.com.ar\/wp-content\/uploads\/2024\/11\/WhatsApp-Image-2024-11-29-at-10.09.36.jpeg 1519w\" sizes=\"auto, (max-width: 1024px) 100vw, 1024px\" \/> <img loading=\"lazy\" decoding=\"async\" class=\"alignnone wp-image-87016 size-full\" src=\"https:\/\/www.celttv.com.ar\/wp-content\/uploads\/2024\/11\/WhatsApp-Image-2024-11-29-at-10.09.37.jpeg\" alt=\"\" width=\"757\" height=\"725\" srcset=\"https:\/\/www.celttv.com.ar\/wp-content\/uploads\/2024\/11\/WhatsApp-Image-2024-11-29-at-10.09.37.jpeg 757w, https:\/\/www.celttv.com.ar\/wp-content\/uploads\/2024\/11\/WhatsApp-Image-2024-11-29-at-10.09.37-300x287.jpeg 300w, https:\/\/www.celttv.com.ar\/wp-content\/uploads\/2024\/11\/WhatsApp-Image-2024-11-29-at-10.09.37-750x718.jpeg 750w\" sizes=\"auto, (max-width: 757px) 100vw, 757px\" \/> <img loading=\"lazy\" decoding=\"async\" class=\"alignnone wp-image-87017 size-large\" src=\"https:\/\/www.celttv.com.ar\/wp-content\/uploads\/2024\/11\/WhatsApp-Image-2024-11-29-at-10.20.48-472x1024.jpeg\" alt=\"\" width=\"472\" height=\"1024\" srcset=\"https:\/\/www.celttv.com.ar\/wp-content\/uploads\/2024\/11\/WhatsApp-Image-2024-11-29-at-10.20.48-472x1024.jpeg 472w, https:\/\/www.celttv.com.ar\/wp-content\/uploads\/2024\/11\/WhatsApp-Image-2024-11-29-at-10.20.48-138x300.jpeg 138w, https:\/\/www.celttv.com.ar\/wp-content\/uploads\/2024\/11\/WhatsApp-Image-2024-11-29-at-10.20.48-708x1536.jpeg 708w, https:\/\/www.celttv.com.ar\/wp-content\/uploads\/2024\/11\/WhatsApp-Image-2024-11-29-at-10.20.48.jpeg 737w\" sizes=\"auto, (max-width: 472px) 100vw, 472px\" \/><\/p>\n","protected":false},"excerpt":{"rendered":"<p>28 \u00a0DE NOVIEMBRE- SESION EXTRAORDINARIA DE ENTREGA DE DIPLOMAS A ABANDERADOS Y ESCOLTAS\u00a0 DEL DISTRITO 2024- TORNQUIST \u00a0 El jueves 29 de noviembre a partir de las 19 hs. aproximadamente, se realiz\u00f3 la Sesi\u00f3n Extraordinaria de entrega de Diplomas a Abanderados y Escoltas de las Escuelas del Distrito de Tornquist, convocadas por el Decreto N\u00ba [&hellip;]<\/p>\n","protected":false},"author":5,"featured_media":87008,"comment_status":"closed","ping_status":"closed","sticky":false,"template":"","format":"standard","meta":{"footnotes":""},"categories":[51,26],"tags":[],"class_list":["post-87006","post","type-post","status-publish","format-standard","has-post-thumbnail","hentry","category-comunidad","category-culture"],"yoast_head":"<!-- This site is optimized with the Yoast SEO plugin v19.7.1 - https:\/\/yoast.com\/wordpress\/plugins\/seo\/ -->\n<title>HCD.: Se realiz\u00f3 la sesi\u00f3n extraordinaria y la entrega de diplomas a abanderados y escoltas de establecimientos educativos del distrito (video) - CELTTV<\/title>\n<meta name=\"description\" content=\"Sitio web de noticias de la localidad de Tornquist, provincia de Buenos Aires, Rep\u00fablica Argentina. Contenido propio originado por periodistas de CELTTV, el canal de TV local de la Cooperativa El\u00e9ctrica de Tornquist. Turismo, Pol\u00edtica, Sociedad, Deporte, Cultura y todo el contenido de inter\u00e9s general que la gente del pueblo y la regi\u00f3n debe conocer.\" \/>\n<meta name=\"robots\" content=\"index, follow, max-snippet:-1, max-image-preview:large, max-video-preview:-1\" \/>\n<link rel=\"canonical\" href=\"https:\/\/www.celttv.com.ar\/index.php\/2024\/11\/29\/87006\/\" \/>\n<meta property=\"og:locale\" content=\"es_ES\" \/>\n<meta property=\"og:type\" content=\"article\" \/>\n<meta property=\"og:title\" content=\"HCD.: Se realiz\u00f3 la sesi\u00f3n extraordinaria y la entrega de diplomas a abanderados y escoltas de establecimientos educativos del distrito (video) - CELTTV\" \/>\n<meta property=\"og:description\" content=\"Sitio web de noticias de la localidad de Tornquist, provincia de Buenos Aires, Rep\u00fablica Argentina. Contenido propio originado por periodistas de CELTTV, el canal de TV local de la Cooperativa El\u00e9ctrica de Tornquist. Turismo, Pol\u00edtica, Sociedad, Deporte, Cultura y todo el contenido de inter\u00e9s general que la gente del pueblo y la regi\u00f3n debe conocer.\" \/>\n<meta property=\"og:url\" content=\"https:\/\/www.celttv.com.ar\/index.php\/2024\/11\/29\/87006\/\" \/>\n<meta property=\"og:site_name\" content=\"CELTTV\" \/>\n<meta property=\"article:publisher\" content=\"https:\/\/www.facebook.com\/celtTV\/\" \/>\n<meta property=\"article:published_time\" content=\"2024-11-29T21:11:46+00:00\" \/>\n<meta property=\"article:modified_time\" content=\"2024-11-29T21:14:10+00:00\" \/>\n<meta property=\"og:image\" content=\"https:\/\/www.celttv.com.ar\/wp-content\/uploads\/2024\/11\/WhatsApp-Image-2024-11-29-at-10.09.33.jpeg\" \/>\n\t<meta property=\"og:image:width\" content=\"1600\" \/>\n\t<meta property=\"og:image:height\" content=\"817\" \/>\n\t<meta property=\"og:image:type\" content=\"image\/jpeg\" \/>\n<meta name=\"author\" content=\"Miguel Herrada\" \/>\n<meta name=\"twitter:card\" content=\"summary_large_image\" \/>\n<meta name=\"twitter:label1\" content=\"Escrito por\" \/>\n\t<meta name=\"twitter:data1\" content=\"Miguel Herrada\" \/>\n\t<meta name=\"twitter:label2\" content=\"Tiempo de lectura\" \/>\n\t<meta name=\"twitter:data2\" content=\"10 minutos\" \/>\n<script type=\"application\/ld+json\" class=\"yoast-schema-graph\">{\"@context\":\"https:\/\/schema.org\",\"@graph\":[{\"@type\":\"NewsArticle\",\"@id\":\"https:\/\/www.celttv.com.ar\/index.php\/2024\/11\/29\/87006\/#article\",\"isPartOf\":{\"@id\":\"https:\/\/www.celttv.com.ar\/index.php\/2024\/11\/29\/87006\/\"},\"author\":{\"name\":\"Miguel Herrada\",\"@id\":\"https:\/\/www.celttv.com.ar\/#\/schema\/person\/9059dc91dc7204ef4182cdb65225f07d\"},\"headline\":\"HCD.: Se realiz\u00f3 la sesi\u00f3n extraordinaria y la entrega de diplomas a abanderados y escoltas de establecimientos educativos del distrito (video)\",\"datePublished\":\"2024-11-29T21:11:46+00:00\",\"dateModified\":\"2024-11-29T21:14:10+00:00\",\"mainEntityOfPage\":{\"@id\":\"https:\/\/www.celttv.com.ar\/index.php\/2024\/11\/29\/87006\/\"},\"wordCount\":1981,\"publisher\":{\"@id\":\"https:\/\/www.celttv.com.ar\/#organization\"},\"articleSection\":[\"Comunidad\",\"Culture\"],\"inLanguage\":\"es\"},{\"@type\":\"WebPage\",\"@id\":\"https:\/\/www.celttv.com.ar\/index.php\/2024\/11\/29\/87006\/\",\"url\":\"https:\/\/www.celttv.com.ar\/index.php\/2024\/11\/29\/87006\/\",\"name\":\"HCD.: Se realiz\u00f3 la sesi\u00f3n extraordinaria y la entrega de diplomas a abanderados y escoltas de establecimientos educativos del distrito (video) - CELTTV\",\"isPartOf\":{\"@id\":\"https:\/\/www.celttv.com.ar\/#website\"},\"datePublished\":\"2024-11-29T21:11:46+00:00\",\"dateModified\":\"2024-11-29T21:14:10+00:00\",\"description\":\"Sitio web de noticias de la localidad de Tornquist, provincia de Buenos Aires, Rep\u00fablica Argentina. Contenido propio originado por periodistas de CELTTV, el canal de TV local de la Cooperativa El\u00e9ctrica de Tornquist. Turismo, Pol\u00edtica, Sociedad, Deporte, Cultura y todo el contenido de inter\u00e9s general que la gente del pueblo y la regi\u00f3n debe conocer.\",\"breadcrumb\":{\"@id\":\"https:\/\/www.celttv.com.ar\/index.php\/2024\/11\/29\/87006\/#breadcrumb\"},\"inLanguage\":\"es\",\"potentialAction\":[{\"@type\":\"ReadAction\",\"target\":[\"https:\/\/www.celttv.com.ar\/index.php\/2024\/11\/29\/87006\/\"]}]},{\"@type\":\"BreadcrumbList\",\"@id\":\"https:\/\/www.celttv.com.ar\/index.php\/2024\/11\/29\/87006\/#breadcrumb\",\"itemListElement\":[{\"@type\":\"ListItem\",\"position\":1,\"name\":\"Inicio\",\"item\":\"https:\/\/www.celttv.com.ar\/\"},{\"@type\":\"ListItem\",\"position\":2,\"name\":\"HCD.: Se realiz\u00f3 la sesi\u00f3n extraordinaria y la entrega de diplomas a abanderados y escoltas de establecimientos educativos del distrito (video)\"}]},{\"@type\":\"WebSite\",\"@id\":\"https:\/\/www.celttv.com.ar\/#website\",\"url\":\"https:\/\/www.celttv.com.ar\/\",\"name\":\"CELTTV\",\"description\":\"Cooperativa El\u00e9ctrica de Tornquist\",\"publisher\":{\"@id\":\"https:\/\/www.celttv.com.ar\/#organization\"},\"potentialAction\":[{\"@type\":\"SearchAction\",\"target\":{\"@type\":\"EntryPoint\",\"urlTemplate\":\"https:\/\/www.celttv.com.ar\/?s={search_term_string}\"},\"query-input\":\"required name=search_term_string\"}],\"inLanguage\":\"es\"},{\"@type\":\"Organization\",\"@id\":\"https:\/\/www.celttv.com.ar\/#organization\",\"name\":\"CELTTV\",\"url\":\"https:\/\/www.celttv.com.ar\/\",\"sameAs\":[\"https:\/\/www.youtube.com\/channel\/UCz_oIt8Hig64Ub-EmcNPIhg\",\"https:\/\/www.facebook.com\/celtTV\/\"],\"logo\":{\"@type\":\"ImageObject\",\"inLanguage\":\"es\",\"@id\":\"https:\/\/www.celttv.com.ar\/#\/schema\/logo\/image\/\",\"url\":\"http:\/\/www.celttv.com.ar\/wp-content\/uploads\/2022\/08\/logo-1.png\",\"contentUrl\":\"http:\/\/www.celttv.com.ar\/wp-content\/uploads\/2022\/08\/logo-1.png\",\"width\":461,\"height\":159,\"caption\":\"CELTTV\"},\"image\":{\"@id\":\"https:\/\/www.celttv.com.ar\/#\/schema\/logo\/image\/\"}},{\"@type\":\"Person\",\"@id\":\"https:\/\/www.celttv.com.ar\/#\/schema\/person\/9059dc91dc7204ef4182cdb65225f07d\",\"name\":\"Miguel Herrada\",\"image\":{\"@type\":\"ImageObject\",\"inLanguage\":\"es\",\"@id\":\"https:\/\/www.celttv.com.ar\/#\/schema\/person\/image\/\",\"url\":\"https:\/\/secure.gravatar.com\/avatar\/67724d5b3c716623ffd76bec7e45841a442ac3b456e914dbba90b0fad2b8e0b1?s=96&d=mm&r=g\",\"contentUrl\":\"https:\/\/secure.gravatar.com\/avatar\/67724d5b3c716623ffd76bec7e45841a442ac3b456e914dbba90b0fad2b8e0b1?s=96&d=mm&r=g\",\"caption\":\"Miguel Herrada\"}}]}<\/script>\n<!-- \/ Yoast SEO plugin. -->","yoast_head_json":{"title":"HCD.: Se realiz\u00f3 la sesi\u00f3n extraordinaria y la entrega de diplomas a abanderados y escoltas de establecimientos educativos del distrito (video) - CELTTV","description":"Sitio web de noticias de la localidad de Tornquist, provincia de Buenos Aires, Rep\u00fablica Argentina. Contenido propio originado por periodistas de CELTTV, el canal de TV local de la Cooperativa El\u00e9ctrica de Tornquist. Turismo, Pol\u00edtica, Sociedad, Deporte, Cultura y todo el contenido de inter\u00e9s general que la gente del pueblo y la regi\u00f3n debe conocer.","robots":{"index":"index","follow":"follow","max-snippet":"max-snippet:-1","max-image-preview":"max-image-preview:large","max-video-preview":"max-video-preview:-1"},"canonical":"https:\/\/www.celttv.com.ar\/index.php\/2024\/11\/29\/87006\/","og_locale":"es_ES","og_type":"article","og_title":"HCD.: Se realiz\u00f3 la sesi\u00f3n extraordinaria y la entrega de diplomas a abanderados y escoltas de establecimientos educativos del distrito (video) - CELTTV","og_description":"Sitio web de noticias de la localidad de Tornquist, provincia de Buenos Aires, Rep\u00fablica Argentina. Contenido propio originado por periodistas de CELTTV, el canal de TV local de la Cooperativa El\u00e9ctrica de Tornquist. Turismo, Pol\u00edtica, Sociedad, Deporte, Cultura y todo el contenido de inter\u00e9s general que la gente del pueblo y la regi\u00f3n debe conocer.","og_url":"https:\/\/www.celttv.com.ar\/index.php\/2024\/11\/29\/87006\/","og_site_name":"CELTTV","article_publisher":"https:\/\/www.facebook.com\/celtTV\/","article_published_time":"2024-11-29T21:11:46+00:00","article_modified_time":"2024-11-29T21:14:10+00:00","og_image":[{"width":1600,"height":817,"url":"https:\/\/www.celttv.com.ar\/wp-content\/uploads\/2024\/11\/WhatsApp-Image-2024-11-29-at-10.09.33.jpeg","type":"image\/jpeg"}],"author":"Miguel Herrada","twitter_card":"summary_large_image","twitter_misc":{"Escrito por":"Miguel Herrada","Tiempo de lectura":"10 minutos"},"schema":{"@context":"https:\/\/schema.org","@graph":[{"@type":"NewsArticle","@id":"https:\/\/www.celttv.com.ar\/index.php\/2024\/11\/29\/87006\/#article","isPartOf":{"@id":"https:\/\/www.celttv.com.ar\/index.php\/2024\/11\/29\/87006\/"},"author":{"name":"Miguel Herrada","@id":"https:\/\/www.celttv.com.ar\/#\/schema\/person\/9059dc91dc7204ef4182cdb65225f07d"},"headline":"HCD.: Se realiz\u00f3 la sesi\u00f3n extraordinaria y la entrega de diplomas a abanderados y escoltas de establecimientos educativos del distrito (video)","datePublished":"2024-11-29T21:11:46+00:00","dateModified":"2024-11-29T21:14:10+00:00","mainEntityOfPage":{"@id":"https:\/\/www.celttv.com.ar\/index.php\/2024\/11\/29\/87006\/"},"wordCount":1981,"publisher":{"@id":"https:\/\/www.celttv.com.ar\/#organization"},"articleSection":["Comunidad","Culture"],"inLanguage":"es"},{"@type":"WebPage","@id":"https:\/\/www.celttv.com.ar\/index.php\/2024\/11\/29\/87006\/","url":"https:\/\/www.celttv.com.ar\/index.php\/2024\/11\/29\/87006\/","name":"HCD.: Se realiz\u00f3 la sesi\u00f3n extraordinaria y la entrega de diplomas a abanderados y escoltas de establecimientos educativos del distrito (video) - CELTTV","isPartOf":{"@id":"https:\/\/www.celttv.com.ar\/#website"},"datePublished":"2024-11-29T21:11:46+00:00","dateModified":"2024-11-29T21:14:10+00:00","description":"Sitio web de noticias de la localidad de Tornquist, provincia de Buenos Aires, Rep\u00fablica Argentina. Contenido propio originado por periodistas de CELTTV, el canal de TV local de la Cooperativa El\u00e9ctrica de Tornquist. Turismo, Pol\u00edtica, Sociedad, Deporte, Cultura y todo el contenido de inter\u00e9s general que la gente del pueblo y la regi\u00f3n debe conocer.","breadcrumb":{"@id":"https:\/\/www.celttv.com.ar\/index.php\/2024\/11\/29\/87006\/#breadcrumb"},"inLanguage":"es","potentialAction":[{"@type":"ReadAction","target":["https:\/\/www.celttv.com.ar\/index.php\/2024\/11\/29\/87006\/"]}]},{"@type":"BreadcrumbList","@id":"https:\/\/www.celttv.com.ar\/index.php\/2024\/11\/29\/87006\/#breadcrumb","itemListElement":[{"@type":"ListItem","position":1,"name":"Inicio","item":"https:\/\/www.celttv.com.ar\/"},{"@type":"ListItem","position":2,"name":"HCD.: Se realiz\u00f3 la sesi\u00f3n extraordinaria y la entrega de diplomas a abanderados y escoltas de establecimientos educativos del distrito (video)"}]},{"@type":"WebSite","@id":"https:\/\/www.celttv.com.ar\/#website","url":"https:\/\/www.celttv.com.ar\/","name":"CELTTV","description":"Cooperativa El\u00e9ctrica de Tornquist","publisher":{"@id":"https:\/\/www.celttv.com.ar\/#organization"},"potentialAction":[{"@type":"SearchAction","target":{"@type":"EntryPoint","urlTemplate":"https:\/\/www.celttv.com.ar\/?s={search_term_string}"},"query-input":"required name=search_term_string"}],"inLanguage":"es"},{"@type":"Organization","@id":"https:\/\/www.celttv.com.ar\/#organization","name":"CELTTV","url":"https:\/\/www.celttv.com.ar\/","sameAs":["https:\/\/www.youtube.com\/channel\/UCz_oIt8Hig64Ub-EmcNPIhg","https:\/\/www.facebook.com\/celtTV\/"],"logo":{"@type":"ImageObject","inLanguage":"es","@id":"https:\/\/www.celttv.com.ar\/#\/schema\/logo\/image\/","url":"http:\/\/www.celttv.com.ar\/wp-content\/uploads\/2022\/08\/logo-1.png","contentUrl":"http:\/\/www.celttv.com.ar\/wp-content\/uploads\/2022\/08\/logo-1.png","width":461,"height":159,"caption":"CELTTV"},"image":{"@id":"https:\/\/www.celttv.com.ar\/#\/schema\/logo\/image\/"}},{"@type":"Person","@id":"https:\/\/www.celttv.com.ar\/#\/schema\/person\/9059dc91dc7204ef4182cdb65225f07d","name":"Miguel Herrada","image":{"@type":"ImageObject","inLanguage":"es","@id":"https:\/\/www.celttv.com.ar\/#\/schema\/person\/image\/","url":"https:\/\/secure.gravatar.com\/avatar\/67724d5b3c716623ffd76bec7e45841a442ac3b456e914dbba90b0fad2b8e0b1?s=96&d=mm&r=g","contentUrl":"https:\/\/secure.gravatar.com\/avatar\/67724d5b3c716623ffd76bec7e45841a442ac3b456e914dbba90b0fad2b8e0b1?s=96&d=mm&r=g","caption":"Miguel Herrada"}}]}},"_links":{"self":[{"href":"https:\/\/www.celttv.com.ar\/index.php\/wp-json\/wp\/v2\/posts\/87006","targetHints":{"allow":["GET"]}}],"collection":[{"href":"https:\/\/www.celttv.com.ar\/index.php\/wp-json\/wp\/v2\/posts"}],"about":[{"href":"https:\/\/www.celttv.com.ar\/index.php\/wp-json\/wp\/v2\/types\/post"}],"author":[{"embeddable":true,"href":"https:\/\/www.celttv.com.ar\/index.php\/wp-json\/wp\/v2\/users\/5"}],"replies":[{"embeddable":true,"href":"https:\/\/www.celttv.com.ar\/index.php\/wp-json\/wp\/v2\/comments?post=87006"}],"version-history":[{"count":4,"href":"https:\/\/www.celttv.com.ar\/index.php\/wp-json\/wp\/v2\/posts\/87006\/revisions"}],"predecessor-version":[{"id":87021,"href":"https:\/\/www.celttv.com.ar\/index.php\/wp-json\/wp\/v2\/posts\/87006\/revisions\/87021"}],"wp:featuredmedia":[{"embeddable":true,"href":"https:\/\/www.celttv.com.ar\/index.php\/wp-json\/wp\/v2\/media\/87008"}],"wp:attachment":[{"href":"https:\/\/www.celttv.com.ar\/index.php\/wp-json\/wp\/v2\/media?parent=87006"}],"wp:term":[{"taxonomy":"category","embeddable":true,"href":"https:\/\/www.celttv.com.ar\/index.php\/wp-json\/wp\/v2\/categories?post=87006"},{"taxonomy":"post_tag","embeddable":true,"href":"https:\/\/www.celttv.com.ar\/index.php\/wp-json\/wp\/v2\/tags?post=87006"}],"curies":[{"name":"wp","href":"https:\/\/api.w.org\/{rel}","templated":true}]}}