{"id":87092,"date":"2024-12-15T00:43:45","date_gmt":"2024-12-15T03:43:45","guid":{"rendered":"https:\/\/www.celttv.com.ar\/?p=87092"},"modified":"2024-12-15T00:43:45","modified_gmt":"2024-12-15T03:43:45","slug":"mas-suenos-que-se-cumplen-bordoni-y-katopodis-inauguraron-obras-en-el-distrito","status":"publish","type":"post","link":"https:\/\/www.celttv.com.ar\/index.php\/2024\/12\/15\/mas-suenos-que-se-cumplen-bordoni-y-katopodis-inauguraron-obras-en-el-distrito\/","title":{"rendered":"M\u00e1s sue\u00f1os que se cumplen: Bordoni y Katopodis\u00a0 inauguraron obras en el distrito"},"content":{"rendered":"<p>Esta ma\u00f1ana, el intendente municipal Sergio Bordoni, junto al Ministro de Infraestructura y Servicios P\u00fablicos de la Provincia de Buenos Aires, Gabriel Katopodis, dejaron inauguradas dos importantes obras que impactan directamente en el bienestar de los vecinos de nuestro distrito.<\/p>\n<p>En primer lugar, la obra de la nueva red de agua potable en Villa Serrana La Gruta, un proyecto fundamental, que se concret\u00f3, para garantizar el acceso al agua potable a todos los vecinos de la localidad. La nueva obra no solo es un avance significativo en infraestructura sino, en salud y comodidad para los vecinos de la localidad.<\/p>\n<p>En el lugar, el jefe comunal expres\u00f3 su alegr\u00eda por este logro, y resalt\u00f3 el compromiso\u00a0 del Gobernado Axel Kiciloff, y su equipo, que contin\u00faa acompa\u00f1ando y brindando soluciones concretas a las necesidades de los bonaerenses.<\/p>\n<p>M\u00e1s tarde, en Saldungarayinauguraron la piscina municipal, un espacio recreativo y deportivo. El proyecto, que implic\u00f3 la construcci\u00f3n de una pileta semiolimpica, sanitarios y dependencias para el uso de los vecinos y vecinas en temporada de verano, servir\u00e1 como un nuevo punto de encuentro y estar\u00e1 a partir de hoy al servicio de ni\u00f1os, j\u00f3venes y adultos.<\/p>\n<p>&#8220;Estas son obras que transforman realidades, mejorando la calidad de vida de nuestros vecinos, porque en nuestra gesti\u00f3n, y junto al Gobierno de la Provincia, trabajamos para que cada rinc\u00f3n de nuestro municipio crezca &#8220;, expres\u00f3 Bordoni en Saldungaray.<\/p>\n<p>La jornada continu\u00f3, con el descubrimiento de la placa alusiva, y el tradicional corte de cinta, momentos que fueron acompa\u00f1ados por los ni\u00f1os del Club Porte\u00f1o.<\/p>\n<p>Para finalizar, el jefe comunal, dio la se\u00f1al para que todos los ni\u00f1os se lanzaran a la flamante piscina.<\/p>\n<p><img loading=\"lazy\" decoding=\"async\" class=\"alignnone wp-image-87093 size-large\" src=\"https:\/\/www.celttv.com.ar\/wp-content\/uploads\/2024\/12\/PILE-SAL-7-1024x689.jpg\" alt=\"\" width=\"1024\" height=\"689\" srcset=\"https:\/\/www.celttv.com.ar\/wp-content\/uploads\/2024\/12\/PILE-SAL-7-1024x689.jpg 1024w, https:\/\/www.celttv.com.ar\/wp-content\/uploads\/2024\/12\/PILE-SAL-7-300x202.jpg 300w, https:\/\/www.celttv.com.ar\/wp-content\/uploads\/2024\/12\/PILE-SAL-7-768x517.jpg 768w, https:\/\/www.celttv.com.ar\/wp-content\/uploads\/2024\/12\/PILE-SAL-7-750x505.jpg 750w, https:\/\/www.celttv.com.ar\/wp-content\/uploads\/2024\/12\/PILE-SAL-7.jpg 1051w\" sizes=\"auto, (max-width: 1024px) 100vw, 1024px\" \/> <img loading=\"lazy\" decoding=\"async\" class=\"alignnone wp-image-87094 size-large\" src=\"https:\/\/www.celttv.com.ar\/wp-content\/uploads\/2024\/12\/1-1024x693.jpg\" alt=\"\" width=\"1024\" height=\"693\" srcset=\"https:\/\/www.celttv.com.ar\/wp-content\/uploads\/2024\/12\/1-1024x693.jpg 1024w, https:\/\/www.celttv.com.ar\/wp-content\/uploads\/2024\/12\/1-300x203.jpg 300w, https:\/\/www.celttv.com.ar\/wp-content\/uploads\/2024\/12\/1-768x520.jpg 768w, https:\/\/www.celttv.com.ar\/wp-content\/uploads\/2024\/12\/1-750x508.jpg 750w, https:\/\/www.celttv.com.ar\/wp-content\/uploads\/2024\/12\/1.jpg 1058w\" sizes=\"auto, (max-width: 1024px) 100vw, 1024px\" \/> <img loading=\"lazy\" decoding=\"async\" class=\"alignnone wp-image-87095 size-large\" src=\"https:\/\/www.celttv.com.ar\/wp-content\/uploads\/2024\/12\/2-1024x683.jpg\" alt=\"\" width=\"1024\" height=\"683\" srcset=\"https:\/\/www.celttv.com.ar\/wp-content\/uploads\/2024\/12\/2-1024x683.jpg 1024w, https:\/\/www.celttv.com.ar\/wp-content\/uploads\/2024\/12\/2-300x200.jpg 300w, https:\/\/www.celttv.com.ar\/wp-content\/uploads\/2024\/12\/2-768x512.jpg 768w, https:\/\/www.celttv.com.ar\/wp-content\/uploads\/2024\/12\/2-750x500.jpg 750w, https:\/\/www.celttv.com.ar\/wp-content\/uploads\/2024\/12\/2.jpg 1049w\" sizes=\"auto, (max-width: 1024px) 100vw, 1024px\" \/> <img loading=\"lazy\" decoding=\"async\" class=\"alignnone wp-image-87096 size-large\" src=\"https:\/\/www.celttv.com.ar\/wp-content\/uploads\/2024\/12\/3-1024x689.jpg\" alt=\"\" width=\"1024\" height=\"689\" srcset=\"https:\/\/www.celttv.com.ar\/wp-content\/uploads\/2024\/12\/3-1024x689.jpg 1024w, https:\/\/www.celttv.com.ar\/wp-content\/uploads\/2024\/12\/3-300x202.jpg 300w, https:\/\/www.celttv.com.ar\/wp-content\/uploads\/2024\/12\/3-768x517.jpg 768w, https:\/\/www.celttv.com.ar\/wp-content\/uploads\/2024\/12\/3-750x505.jpg 750w, https:\/\/www.celttv.com.ar\/wp-content\/uploads\/2024\/12\/3.jpg 1046w\" sizes=\"auto, (max-width: 1024px) 100vw, 1024px\" \/> <img loading=\"lazy\" decoding=\"async\" class=\"alignnone wp-image-87097 size-large\" src=\"https:\/\/www.celttv.com.ar\/wp-content\/uploads\/2024\/12\/4-1024x682.jpg\" alt=\"\" width=\"1024\" height=\"682\" srcset=\"https:\/\/www.celttv.com.ar\/wp-content\/uploads\/2024\/12\/4-1024x682.jpg 1024w, https:\/\/www.celttv.com.ar\/wp-content\/uploads\/2024\/12\/4-300x200.jpg 300w, https:\/\/www.celttv.com.ar\/wp-content\/uploads\/2024\/12\/4-768x512.jpg 768w, https:\/\/www.celttv.com.ar\/wp-content\/uploads\/2024\/12\/4-750x500.jpg 750w, https:\/\/www.celttv.com.ar\/wp-content\/uploads\/2024\/12\/4.jpg 1052w\" sizes=\"auto, (max-width: 1024px) 100vw, 1024px\" \/> <img loading=\"lazy\" decoding=\"async\" class=\"alignnone wp-image-87098 size-large\" src=\"https:\/\/www.celttv.com.ar\/wp-content\/uploads\/2024\/12\/pil-sal-8-1024x683.jpg\" alt=\"\" width=\"1024\" height=\"683\" srcset=\"https:\/\/www.celttv.com.ar\/wp-content\/uploads\/2024\/12\/pil-sal-8-1024x683.jpg 1024w, https:\/\/www.celttv.com.ar\/wp-content\/uploads\/2024\/12\/pil-sal-8-300x200.jpg 300w, https:\/\/www.celttv.com.ar\/wp-content\/uploads\/2024\/12\/pil-sal-8-768x512.jpg 768w, https:\/\/www.celttv.com.ar\/wp-content\/uploads\/2024\/12\/pil-sal-8-750x500.jpg 750w, https:\/\/www.celttv.com.ar\/wp-content\/uploads\/2024\/12\/pil-sal-8.jpg 1051w\" sizes=\"auto, (max-width: 1024px) 100vw, 1024px\" \/> <img loading=\"lazy\" decoding=\"async\" class=\"alignnone wp-image-87099 size-large\" src=\"https:\/\/www.celttv.com.ar\/wp-content\/uploads\/2024\/12\/PIL-SAL-9-1024x684.jpg\" alt=\"\" width=\"1024\" height=\"684\" srcset=\"https:\/\/www.celttv.com.ar\/wp-content\/uploads\/2024\/12\/PIL-SAL-9-1024x684.jpg 1024w, https:\/\/www.celttv.com.ar\/wp-content\/uploads\/2024\/12\/PIL-SAL-9-300x200.jpg 300w, https:\/\/www.celttv.com.ar\/wp-content\/uploads\/2024\/12\/PIL-SAL-9-768x513.jpg 768w, https:\/\/www.celttv.com.ar\/wp-content\/uploads\/2024\/12\/PIL-SAL-9-750x501.jpg 750w, https:\/\/www.celttv.com.ar\/wp-content\/uploads\/2024\/12\/PIL-SAL-9.jpg 1071w\" sizes=\"auto, (max-width: 1024px) 100vw, 1024px\" \/> <img loading=\"lazy\" decoding=\"async\" class=\"alignnone wp-image-87100 size-large\" src=\"https:\/\/www.celttv.com.ar\/wp-content\/uploads\/2024\/12\/PILE-SAL-1-1024x681.jpg\" alt=\"\" width=\"1024\" height=\"681\" srcset=\"https:\/\/www.celttv.com.ar\/wp-content\/uploads\/2024\/12\/PILE-SAL-1-1024x681.jpg 1024w, https:\/\/www.celttv.com.ar\/wp-content\/uploads\/2024\/12\/PILE-SAL-1-300x200.jpg 300w, https:\/\/www.celttv.com.ar\/wp-content\/uploads\/2024\/12\/PILE-SAL-1-768x511.jpg 768w, https:\/\/www.celttv.com.ar\/wp-content\/uploads\/2024\/12\/PILE-SAL-1-750x499.jpg 750w, https:\/\/www.celttv.com.ar\/wp-content\/uploads\/2024\/12\/PILE-SAL-1.jpg 1060w\" sizes=\"auto, (max-width: 1024px) 100vw, 1024px\" \/> <img loading=\"lazy\" decoding=\"async\" class=\"alignnone wp-image-87101 size-large\" src=\"https:\/\/www.celttv.com.ar\/wp-content\/uploads\/2024\/12\/PILE-SAL-2-1024x696.jpg\" alt=\"\" width=\"1024\" height=\"696\" srcset=\"https:\/\/www.celttv.com.ar\/wp-content\/uploads\/2024\/12\/PILE-SAL-2-1024x696.jpg 1024w, https:\/\/www.celttv.com.ar\/wp-content\/uploads\/2024\/12\/PILE-SAL-2-300x204.jpg 300w, https:\/\/www.celttv.com.ar\/wp-content\/uploads\/2024\/12\/PILE-SAL-2-768x522.jpg 768w, https:\/\/www.celttv.com.ar\/wp-content\/uploads\/2024\/12\/PILE-SAL-2-750x510.jpg 750w, https:\/\/www.celttv.com.ar\/wp-content\/uploads\/2024\/12\/PILE-SAL-2.jpg 1044w\" sizes=\"auto, (max-width: 1024px) 100vw, 1024px\" \/> <img loading=\"lazy\" decoding=\"async\" class=\"alignnone wp-image-87102 size-large\" src=\"https:\/\/www.celttv.com.ar\/wp-content\/uploads\/2024\/12\/PILE-SAL-3-1024x681.jpg\" alt=\"\" width=\"1024\" height=\"681\" srcset=\"https:\/\/www.celttv.com.ar\/wp-content\/uploads\/2024\/12\/PILE-SAL-3-1024x681.jpg 1024w, https:\/\/www.celttv.com.ar\/wp-content\/uploads\/2024\/12\/PILE-SAL-3-300x199.jpg 300w, https:\/\/www.celttv.com.ar\/wp-content\/uploads\/2024\/12\/PILE-SAL-3-768x511.jpg 768w, https:\/\/www.celttv.com.ar\/wp-content\/uploads\/2024\/12\/PILE-SAL-3-750x499.jpg 750w, https:\/\/www.celttv.com.ar\/wp-content\/uploads\/2024\/12\/PILE-SAL-3.jpg 1044w\" sizes=\"auto, (max-width: 1024px) 100vw, 1024px\" \/> <img loading=\"lazy\" decoding=\"async\" class=\"alignnone wp-image-87103 size-large\" src=\"https:\/\/www.celttv.com.ar\/wp-content\/uploads\/2024\/12\/PILE-SAL-4-1024x685.jpg\" alt=\"\" width=\"1024\" height=\"685\" srcset=\"https:\/\/www.celttv.com.ar\/wp-content\/uploads\/2024\/12\/PILE-SAL-4-1024x685.jpg 1024w, https:\/\/www.celttv.com.ar\/wp-content\/uploads\/2024\/12\/PILE-SAL-4-300x201.jpg 300w, https:\/\/www.celttv.com.ar\/wp-content\/uploads\/2024\/12\/PILE-SAL-4-768x513.jpg 768w, https:\/\/www.celttv.com.ar\/wp-content\/uploads\/2024\/12\/PILE-SAL-4-750x501.jpg 750w, https:\/\/www.celttv.com.ar\/wp-content\/uploads\/2024\/12\/PILE-SAL-4.jpg 1044w\" sizes=\"auto, (max-width: 1024px) 100vw, 1024px\" \/> <img loading=\"lazy\" decoding=\"async\" class=\"alignnone wp-image-87104 size-large\" src=\"https:\/\/www.celttv.com.ar\/wp-content\/uploads\/2024\/12\/PILE-SAL-5-1024x689.jpg\" alt=\"\" width=\"1024\" height=\"689\" srcset=\"https:\/\/www.celttv.com.ar\/wp-content\/uploads\/2024\/12\/PILE-SAL-5-1024x689.jpg 1024w, https:\/\/www.celttv.com.ar\/wp-content\/uploads\/2024\/12\/PILE-SAL-5-300x202.jpg 300w, https:\/\/www.celttv.com.ar\/wp-content\/uploads\/2024\/12\/PILE-SAL-5-768x517.jpg 768w, https:\/\/www.celttv.com.ar\/wp-content\/uploads\/2024\/12\/PILE-SAL-5-750x504.jpg 750w, https:\/\/www.celttv.com.ar\/wp-content\/uploads\/2024\/12\/PILE-SAL-5.jpg 1060w\" sizes=\"auto, (max-width: 1024px) 100vw, 1024px\" \/> <img loading=\"lazy\" decoding=\"async\" class=\"alignnone wp-image-87105 size-large\" src=\"https:\/\/www.celttv.com.ar\/wp-content\/uploads\/2024\/12\/PILE-SAL-6-1024x703.jpg\" alt=\"\" width=\"1024\" height=\"703\" srcset=\"https:\/\/www.celttv.com.ar\/wp-content\/uploads\/2024\/12\/PILE-SAL-6-1024x703.jpg 1024w, https:\/\/www.celttv.com.ar\/wp-content\/uploads\/2024\/12\/PILE-SAL-6-300x206.jpg 300w, https:\/\/www.celttv.com.ar\/wp-content\/uploads\/2024\/12\/PILE-SAL-6-768x528.jpg 768w, https:\/\/www.celttv.com.ar\/wp-content\/uploads\/2024\/12\/PILE-SAL-6-750x515.jpg 750w, https:\/\/www.celttv.com.ar\/wp-content\/uploads\/2024\/12\/PILE-SAL-6.jpg 1035w\" sizes=\"auto, (max-width: 1024px) 100vw, 1024px\" \/> <img loading=\"lazy\" decoding=\"async\" class=\"alignnone wp-image-87106 size-large\" src=\"https:\/\/www.celttv.com.ar\/wp-content\/uploads\/2024\/12\/PILE-SAL-7-1-1024x677.jpg\" alt=\"\" width=\"1024\" height=\"677\" srcset=\"https:\/\/www.celttv.com.ar\/wp-content\/uploads\/2024\/12\/PILE-SAL-7-1-1024x677.jpg 1024w, https:\/\/www.celttv.com.ar\/wp-content\/uploads\/2024\/12\/PILE-SAL-7-1-300x198.jpg 300w, https:\/\/www.celttv.com.ar\/wp-content\/uploads\/2024\/12\/PILE-SAL-7-1-768x508.jpg 768w, https:\/\/www.celttv.com.ar\/wp-content\/uploads\/2024\/12\/PILE-SAL-7-1-750x496.jpg 750w, https:\/\/www.celttv.com.ar\/wp-content\/uploads\/2024\/12\/PILE-SAL-7-1.jpg 1053w\" sizes=\"auto, (max-width: 1024px) 100vw, 1024px\" \/><\/p>\n","protected":false},"excerpt":{"rendered":"<p>Esta ma\u00f1ana, el intendente municipal Sergio Bordoni, junto al Ministro de Infraestructura y Servicios P\u00fablicos de la Provincia de Buenos Aires, Gabriel Katopodis, dejaron inauguradas dos importantes obras que impactan directamente en el bienestar de los vecinos de nuestro distrito. En primer lugar, la obra de la nueva red de agua potable en Villa Serrana [&hellip;]<\/p>\n","protected":false},"author":5,"featured_media":87096,"comment_status":"closed","ping_status":"closed","sticky":false,"template":"","format":"standard","meta":{"footnotes":""},"categories":[59],"tags":[],"class_list":["post-87092","post","type-post","status-publish","format-standard","has-post-thumbnail","hentry","category-municipales"],"yoast_head":"<!-- This site is optimized with the Yoast SEO plugin v19.7.1 - https:\/\/yoast.com\/wordpress\/plugins\/seo\/ -->\n<title>M\u00e1s sue\u00f1os que se cumplen: Bordoni y Katopodis\u00a0 inauguraron obras en el distrito - CELTTV<\/title>\n<meta name=\"description\" content=\"Sitio web de noticias de la localidad de Tornquist, provincia de Buenos Aires, Rep\u00fablica Argentina. Contenido propio originado por periodistas de CELTTV, el canal de TV local de la Cooperativa El\u00e9ctrica de Tornquist. Turismo, Pol\u00edtica, Sociedad, Deporte, Cultura y todo el contenido de inter\u00e9s general que la gente del pueblo y la regi\u00f3n debe conocer.\" \/>\n<meta name=\"robots\" content=\"index, follow, max-snippet:-1, max-image-preview:large, max-video-preview:-1\" \/>\n<link rel=\"canonical\" href=\"https:\/\/www.celttv.com.ar\/index.php\/2024\/12\/15\/mas-suenos-que-se-cumplen-bordoni-y-katopodis-inauguraron-obras-en-el-distrito\/\" \/>\n<meta property=\"og:locale\" content=\"es_ES\" \/>\n<meta property=\"og:type\" content=\"article\" \/>\n<meta property=\"og:title\" content=\"M\u00e1s sue\u00f1os que se cumplen: Bordoni y Katopodis\u00a0 inauguraron obras en el distrito - CELTTV\" \/>\n<meta property=\"og:description\" content=\"Sitio web de noticias de la localidad de Tornquist, provincia de Buenos Aires, Rep\u00fablica Argentina. Contenido propio originado por periodistas de CELTTV, el canal de TV local de la Cooperativa El\u00e9ctrica de Tornquist. Turismo, Pol\u00edtica, Sociedad, Deporte, Cultura y todo el contenido de inter\u00e9s general que la gente del pueblo y la regi\u00f3n debe conocer.\" \/>\n<meta property=\"og:url\" content=\"https:\/\/www.celttv.com.ar\/index.php\/2024\/12\/15\/mas-suenos-que-se-cumplen-bordoni-y-katopodis-inauguraron-obras-en-el-distrito\/\" \/>\n<meta property=\"og:site_name\" content=\"CELTTV\" \/>\n<meta property=\"article:publisher\" content=\"https:\/\/www.facebook.com\/celtTV\/\" \/>\n<meta property=\"article:published_time\" content=\"2024-12-15T03:43:45+00:00\" \/>\n<meta property=\"og:image\" content=\"https:\/\/www.celttv.com.ar\/wp-content\/uploads\/2024\/12\/3.jpg\" \/>\n\t<meta property=\"og:image:width\" content=\"1046\" \/>\n\t<meta property=\"og:image:height\" content=\"704\" \/>\n\t<meta property=\"og:image:type\" content=\"image\/jpeg\" \/>\n<meta name=\"author\" content=\"Miguel Herrada\" \/>\n<meta name=\"twitter:card\" content=\"summary_large_image\" \/>\n<meta name=\"twitter:label1\" content=\"Escrito por\" \/>\n\t<meta name=\"twitter:data1\" content=\"Miguel Herrada\" \/>\n\t<meta name=\"twitter:label2\" content=\"Tiempo de lectura\" \/>\n\t<meta name=\"twitter:data2\" content=\"1 minuto\" \/>\n<script type=\"application\/ld+json\" class=\"yoast-schema-graph\">{\"@context\":\"https:\/\/schema.org\",\"@graph\":[{\"@type\":\"NewsArticle\",\"@id\":\"https:\/\/www.celttv.com.ar\/index.php\/2024\/12\/15\/mas-suenos-que-se-cumplen-bordoni-y-katopodis-inauguraron-obras-en-el-distrito\/#article\",\"isPartOf\":{\"@id\":\"https:\/\/www.celttv.com.ar\/index.php\/2024\/12\/15\/mas-suenos-que-se-cumplen-bordoni-y-katopodis-inauguraron-obras-en-el-distrito\/\"},\"author\":{\"name\":\"Miguel Herrada\",\"@id\":\"https:\/\/www.celttv.com.ar\/#\/schema\/person\/9059dc91dc7204ef4182cdb65225f07d\"},\"headline\":\"M\u00e1s sue\u00f1os que se cumplen: Bordoni y Katopodis\u00a0 inauguraron obras en el distrito\",\"datePublished\":\"2024-12-15T03:43:45+00:00\",\"dateModified\":\"2024-12-15T03:43:45+00:00\",\"mainEntityOfPage\":{\"@id\":\"https:\/\/www.celttv.com.ar\/index.php\/2024\/12\/15\/mas-suenos-que-se-cumplen-bordoni-y-katopodis-inauguraron-obras-en-el-distrito\/\"},\"wordCount\":306,\"publisher\":{\"@id\":\"https:\/\/www.celttv.com.ar\/#organization\"},\"articleSection\":[\"Municipales\"],\"inLanguage\":\"es\"},{\"@type\":\"WebPage\",\"@id\":\"https:\/\/www.celttv.com.ar\/index.php\/2024\/12\/15\/mas-suenos-que-se-cumplen-bordoni-y-katopodis-inauguraron-obras-en-el-distrito\/\",\"url\":\"https:\/\/www.celttv.com.ar\/index.php\/2024\/12\/15\/mas-suenos-que-se-cumplen-bordoni-y-katopodis-inauguraron-obras-en-el-distrito\/\",\"name\":\"M\u00e1s sue\u00f1os que se cumplen: Bordoni y Katopodis\u00a0 inauguraron obras en el distrito - CELTTV\",\"isPartOf\":{\"@id\":\"https:\/\/www.celttv.com.ar\/#website\"},\"datePublished\":\"2024-12-15T03:43:45+00:00\",\"dateModified\":\"2024-12-15T03:43:45+00:00\",\"description\":\"Sitio web de noticias de la localidad de Tornquist, provincia de Buenos Aires, Rep\u00fablica Argentina. Contenido propio originado por periodistas de CELTTV, el canal de TV local de la Cooperativa El\u00e9ctrica de Tornquist. Turismo, Pol\u00edtica, Sociedad, Deporte, Cultura y todo el contenido de inter\u00e9s general que la gente del pueblo y la regi\u00f3n debe conocer.\",\"breadcrumb\":{\"@id\":\"https:\/\/www.celttv.com.ar\/index.php\/2024\/12\/15\/mas-suenos-que-se-cumplen-bordoni-y-katopodis-inauguraron-obras-en-el-distrito\/#breadcrumb\"},\"inLanguage\":\"es\",\"potentialAction\":[{\"@type\":\"ReadAction\",\"target\":[\"https:\/\/www.celttv.com.ar\/index.php\/2024\/12\/15\/mas-suenos-que-se-cumplen-bordoni-y-katopodis-inauguraron-obras-en-el-distrito\/\"]}]},{\"@type\":\"BreadcrumbList\",\"@id\":\"https:\/\/www.celttv.com.ar\/index.php\/2024\/12\/15\/mas-suenos-que-se-cumplen-bordoni-y-katopodis-inauguraron-obras-en-el-distrito\/#breadcrumb\",\"itemListElement\":[{\"@type\":\"ListItem\",\"position\":1,\"name\":\"Inicio\",\"item\":\"https:\/\/www.celttv.com.ar\/\"},{\"@type\":\"ListItem\",\"position\":2,\"name\":\"M\u00e1s sue\u00f1os que se cumplen: Bordoni y Katopodis\u00a0 inauguraron obras en el distrito\"}]},{\"@type\":\"WebSite\",\"@id\":\"https:\/\/www.celttv.com.ar\/#website\",\"url\":\"https:\/\/www.celttv.com.ar\/\",\"name\":\"CELTTV\",\"description\":\"Cooperativa El\u00e9ctrica de Tornquist\",\"publisher\":{\"@id\":\"https:\/\/www.celttv.com.ar\/#organization\"},\"potentialAction\":[{\"@type\":\"SearchAction\",\"target\":{\"@type\":\"EntryPoint\",\"urlTemplate\":\"https:\/\/www.celttv.com.ar\/?s={search_term_string}\"},\"query-input\":\"required name=search_term_string\"}],\"inLanguage\":\"es\"},{\"@type\":\"Organization\",\"@id\":\"https:\/\/www.celttv.com.ar\/#organization\",\"name\":\"CELTTV\",\"url\":\"https:\/\/www.celttv.com.ar\/\",\"sameAs\":[\"https:\/\/www.youtube.com\/channel\/UCz_oIt8Hig64Ub-EmcNPIhg\",\"https:\/\/www.facebook.com\/celtTV\/\"],\"logo\":{\"@type\":\"ImageObject\",\"inLanguage\":\"es\",\"@id\":\"https:\/\/www.celttv.com.ar\/#\/schema\/logo\/image\/\",\"url\":\"http:\/\/www.celttv.com.ar\/wp-content\/uploads\/2022\/08\/logo-1.png\",\"contentUrl\":\"http:\/\/www.celttv.com.ar\/wp-content\/uploads\/2022\/08\/logo-1.png\",\"width\":461,\"height\":159,\"caption\":\"CELTTV\"},\"image\":{\"@id\":\"https:\/\/www.celttv.com.ar\/#\/schema\/logo\/image\/\"}},{\"@type\":\"Person\",\"@id\":\"https:\/\/www.celttv.com.ar\/#\/schema\/person\/9059dc91dc7204ef4182cdb65225f07d\",\"name\":\"Miguel Herrada\",\"image\":{\"@type\":\"ImageObject\",\"inLanguage\":\"es\",\"@id\":\"https:\/\/www.celttv.com.ar\/#\/schema\/person\/image\/\",\"url\":\"https:\/\/secure.gravatar.com\/avatar\/67724d5b3c716623ffd76bec7e45841a442ac3b456e914dbba90b0fad2b8e0b1?s=96&d=mm&r=g\",\"contentUrl\":\"https:\/\/secure.gravatar.com\/avatar\/67724d5b3c716623ffd76bec7e45841a442ac3b456e914dbba90b0fad2b8e0b1?s=96&d=mm&r=g\",\"caption\":\"Miguel Herrada\"}}]}<\/script>\n<!-- \/ Yoast SEO plugin. -->","yoast_head_json":{"title":"M\u00e1s sue\u00f1os que se cumplen: Bordoni y Katopodis\u00a0 inauguraron obras en el distrito - CELTTV","description":"Sitio web de noticias de la localidad de Tornquist, provincia de Buenos Aires, Rep\u00fablica Argentina. Contenido propio originado por periodistas de CELTTV, el canal de TV local de la Cooperativa El\u00e9ctrica de Tornquist. Turismo, Pol\u00edtica, Sociedad, Deporte, Cultura y todo el contenido de inter\u00e9s general que la gente del pueblo y la regi\u00f3n debe conocer.","robots":{"index":"index","follow":"follow","max-snippet":"max-snippet:-1","max-image-preview":"max-image-preview:large","max-video-preview":"max-video-preview:-1"},"canonical":"https:\/\/www.celttv.com.ar\/index.php\/2024\/12\/15\/mas-suenos-que-se-cumplen-bordoni-y-katopodis-inauguraron-obras-en-el-distrito\/","og_locale":"es_ES","og_type":"article","og_title":"M\u00e1s sue\u00f1os que se cumplen: Bordoni y Katopodis\u00a0 inauguraron obras en el distrito - CELTTV","og_description":"Sitio web de noticias de la localidad de Tornquist, provincia de Buenos Aires, Rep\u00fablica Argentina. Contenido propio originado por periodistas de CELTTV, el canal de TV local de la Cooperativa El\u00e9ctrica de Tornquist. Turismo, Pol\u00edtica, Sociedad, Deporte, Cultura y todo el contenido de inter\u00e9s general que la gente del pueblo y la regi\u00f3n debe conocer.","og_url":"https:\/\/www.celttv.com.ar\/index.php\/2024\/12\/15\/mas-suenos-que-se-cumplen-bordoni-y-katopodis-inauguraron-obras-en-el-distrito\/","og_site_name":"CELTTV","article_publisher":"https:\/\/www.facebook.com\/celtTV\/","article_published_time":"2024-12-15T03:43:45+00:00","og_image":[{"width":1046,"height":704,"url":"https:\/\/www.celttv.com.ar\/wp-content\/uploads\/2024\/12\/3.jpg","type":"image\/jpeg"}],"author":"Miguel Herrada","twitter_card":"summary_large_image","twitter_misc":{"Escrito por":"Miguel Herrada","Tiempo de lectura":"1 minuto"},"schema":{"@context":"https:\/\/schema.org","@graph":[{"@type":"NewsArticle","@id":"https:\/\/www.celttv.com.ar\/index.php\/2024\/12\/15\/mas-suenos-que-se-cumplen-bordoni-y-katopodis-inauguraron-obras-en-el-distrito\/#article","isPartOf":{"@id":"https:\/\/www.celttv.com.ar\/index.php\/2024\/12\/15\/mas-suenos-que-se-cumplen-bordoni-y-katopodis-inauguraron-obras-en-el-distrito\/"},"author":{"name":"Miguel Herrada","@id":"https:\/\/www.celttv.com.ar\/#\/schema\/person\/9059dc91dc7204ef4182cdb65225f07d"},"headline":"M\u00e1s sue\u00f1os que se cumplen: Bordoni y Katopodis\u00a0 inauguraron obras en el distrito","datePublished":"2024-12-15T03:43:45+00:00","dateModified":"2024-12-15T03:43:45+00:00","mainEntityOfPage":{"@id":"https:\/\/www.celttv.com.ar\/index.php\/2024\/12\/15\/mas-suenos-que-se-cumplen-bordoni-y-katopodis-inauguraron-obras-en-el-distrito\/"},"wordCount":306,"publisher":{"@id":"https:\/\/www.celttv.com.ar\/#organization"},"articleSection":["Municipales"],"inLanguage":"es"},{"@type":"WebPage","@id":"https:\/\/www.celttv.com.ar\/index.php\/2024\/12\/15\/mas-suenos-que-se-cumplen-bordoni-y-katopodis-inauguraron-obras-en-el-distrito\/","url":"https:\/\/www.celttv.com.ar\/index.php\/2024\/12\/15\/mas-suenos-que-se-cumplen-bordoni-y-katopodis-inauguraron-obras-en-el-distrito\/","name":"M\u00e1s sue\u00f1os que se cumplen: Bordoni y Katopodis\u00a0 inauguraron obras en el distrito - CELTTV","isPartOf":{"@id":"https:\/\/www.celttv.com.ar\/#website"},"datePublished":"2024-12-15T03:43:45+00:00","dateModified":"2024-12-15T03:43:45+00:00","description":"Sitio web de noticias de la localidad de Tornquist, provincia de Buenos Aires, Rep\u00fablica Argentina. Contenido propio originado por periodistas de CELTTV, el canal de TV local de la Cooperativa El\u00e9ctrica de Tornquist. Turismo, Pol\u00edtica, Sociedad, Deporte, Cultura y todo el contenido de inter\u00e9s general que la gente del pueblo y la regi\u00f3n debe conocer.","breadcrumb":{"@id":"https:\/\/www.celttv.com.ar\/index.php\/2024\/12\/15\/mas-suenos-que-se-cumplen-bordoni-y-katopodis-inauguraron-obras-en-el-distrito\/#breadcrumb"},"inLanguage":"es","potentialAction":[{"@type":"ReadAction","target":["https:\/\/www.celttv.com.ar\/index.php\/2024\/12\/15\/mas-suenos-que-se-cumplen-bordoni-y-katopodis-inauguraron-obras-en-el-distrito\/"]}]},{"@type":"BreadcrumbList","@id":"https:\/\/www.celttv.com.ar\/index.php\/2024\/12\/15\/mas-suenos-que-se-cumplen-bordoni-y-katopodis-inauguraron-obras-en-el-distrito\/#breadcrumb","itemListElement":[{"@type":"ListItem","position":1,"name":"Inicio","item":"https:\/\/www.celttv.com.ar\/"},{"@type":"ListItem","position":2,"name":"M\u00e1s sue\u00f1os que se cumplen: Bordoni y Katopodis\u00a0 inauguraron obras en el distrito"}]},{"@type":"WebSite","@id":"https:\/\/www.celttv.com.ar\/#website","url":"https:\/\/www.celttv.com.ar\/","name":"CELTTV","description":"Cooperativa El\u00e9ctrica de Tornquist","publisher":{"@id":"https:\/\/www.celttv.com.ar\/#organization"},"potentialAction":[{"@type":"SearchAction","target":{"@type":"EntryPoint","urlTemplate":"https:\/\/www.celttv.com.ar\/?s={search_term_string}"},"query-input":"required name=search_term_string"}],"inLanguage":"es"},{"@type":"Organization","@id":"https:\/\/www.celttv.com.ar\/#organization","name":"CELTTV","url":"https:\/\/www.celttv.com.ar\/","sameAs":["https:\/\/www.youtube.com\/channel\/UCz_oIt8Hig64Ub-EmcNPIhg","https:\/\/www.facebook.com\/celtTV\/"],"logo":{"@type":"ImageObject","inLanguage":"es","@id":"https:\/\/www.celttv.com.ar\/#\/schema\/logo\/image\/","url":"http:\/\/www.celttv.com.ar\/wp-content\/uploads\/2022\/08\/logo-1.png","contentUrl":"http:\/\/www.celttv.com.ar\/wp-content\/uploads\/2022\/08\/logo-1.png","width":461,"height":159,"caption":"CELTTV"},"image":{"@id":"https:\/\/www.celttv.com.ar\/#\/schema\/logo\/image\/"}},{"@type":"Person","@id":"https:\/\/www.celttv.com.ar\/#\/schema\/person\/9059dc91dc7204ef4182cdb65225f07d","name":"Miguel Herrada","image":{"@type":"ImageObject","inLanguage":"es","@id":"https:\/\/www.celttv.com.ar\/#\/schema\/person\/image\/","url":"https:\/\/secure.gravatar.com\/avatar\/67724d5b3c716623ffd76bec7e45841a442ac3b456e914dbba90b0fad2b8e0b1?s=96&d=mm&r=g","contentUrl":"https:\/\/secure.gravatar.com\/avatar\/67724d5b3c716623ffd76bec7e45841a442ac3b456e914dbba90b0fad2b8e0b1?s=96&d=mm&r=g","caption":"Miguel Herrada"}}]}},"_links":{"self":[{"href":"https:\/\/www.celttv.com.ar\/index.php\/wp-json\/wp\/v2\/posts\/87092","targetHints":{"allow":["GET"]}}],"collection":[{"href":"https:\/\/www.celttv.com.ar\/index.php\/wp-json\/wp\/v2\/posts"}],"about":[{"href":"https:\/\/www.celttv.com.ar\/index.php\/wp-json\/wp\/v2\/types\/post"}],"author":[{"embeddable":true,"href":"https:\/\/www.celttv.com.ar\/index.php\/wp-json\/wp\/v2\/users\/5"}],"replies":[{"embeddable":true,"href":"https:\/\/www.celttv.com.ar\/index.php\/wp-json\/wp\/v2\/comments?post=87092"}],"version-history":[{"count":1,"href":"https:\/\/www.celttv.com.ar\/index.php\/wp-json\/wp\/v2\/posts\/87092\/revisions"}],"predecessor-version":[{"id":87107,"href":"https:\/\/www.celttv.com.ar\/index.php\/wp-json\/wp\/v2\/posts\/87092\/revisions\/87107"}],"wp:featuredmedia":[{"embeddable":true,"href":"https:\/\/www.celttv.com.ar\/index.php\/wp-json\/wp\/v2\/media\/87096"}],"wp:attachment":[{"href":"https:\/\/www.celttv.com.ar\/index.php\/wp-json\/wp\/v2\/media?parent=87092"}],"wp:term":[{"taxonomy":"category","embeddable":true,"href":"https:\/\/www.celttv.com.ar\/index.php\/wp-json\/wp\/v2\/categories?post=87092"},{"taxonomy":"post_tag","embeddable":true,"href":"https:\/\/www.celttv.com.ar\/index.php\/wp-json\/wp\/v2\/tags?post=87092"}],"curies":[{"name":"wp","href":"https:\/\/api.w.org\/{rel}","templated":true}]}}