{"id":87110,"date":"2024-12-17T21:09:55","date_gmt":"2024-12-18T00:09:55","guid":{"rendered":"https:\/\/www.celttv.com.ar\/?p=87110"},"modified":"2024-12-17T21:09:55","modified_gmt":"2024-12-18T00:09:55","slug":"14-familias-del-distrito-firmaron-la-escritura-de-su-vivienda","status":"publish","type":"post","link":"https:\/\/www.celttv.com.ar\/index.php\/2024\/12\/17\/14-familias-del-distrito-firmaron-la-escritura-de-su-vivienda\/","title":{"rendered":"14 familias del distrito firmaron la escritura de su vivienda"},"content":{"rendered":"<p>En la tarde de este martes, 14 familias del distrito de Tornquist firmaron el t\u00edtulo de propiedad de sus viviendas, mediante el programa \u2018Mi escritura, mi casa\u2019 del Gobierno de la Provincia de Buenos Aires.<\/p>\n<p>La jornada fue encabezada por el Intendente Municipal, Sergio Bordoni, y personal de la Escriban\u00eda General de Gobierno, y tuvo lugar en el Aula del Parque Ambiental \u2018Juan Carlos Brugniere\u2019.<\/p>\n<p>\u2018Mi escritura, mi casa\u2019 es una iniciativa que les permite a miles de familias tener garantizado el t\u00edtulo de propiedad de sus viviendas de forma gratuita. En el distrito, fueron tramitadas mediante la oficina de Regularizaci\u00f3n Dominial municipal.<\/p>\n<p>Mediante este programa de regularizaci\u00f3n dominial, cada vecino y vecina obtiene la seguridad jur\u00eddica de su hogar y puede acceder a nuevos derechos como gestionar la protecci\u00f3n a la vivienda, solicitar un cr\u00e9dito hipotecario para la ampliaci\u00f3n de su casa o presentar la escritura como garant\u00eda. Adem\u00e1s, al recibir el t\u00edtulo, obtienen la cancelaci\u00f3n de las deudas acumuladas del impuesto inmobiliario.<\/p>\n<figure id=\"attachment_87111\" aria-describedby=\"caption-attachment-87111\" style=\"width: 1024px\" class=\"wp-caption alignnone\"><img loading=\"lazy\" decoding=\"async\" class=\"wp-image-87111 size-large\" src=\"https:\/\/www.celttv.com.ar\/wp-content\/uploads\/2024\/12\/Firma-escrituras-17-12-1-1024x683.jpg\" alt=\"\" width=\"1024\" height=\"683\" srcset=\"https:\/\/www.celttv.com.ar\/wp-content\/uploads\/2024\/12\/Firma-escrituras-17-12-1-1024x683.jpg 1024w, https:\/\/www.celttv.com.ar\/wp-content\/uploads\/2024\/12\/Firma-escrituras-17-12-1-300x200.jpg 300w, https:\/\/www.celttv.com.ar\/wp-content\/uploads\/2024\/12\/Firma-escrituras-17-12-1-768x512.jpg 768w, https:\/\/www.celttv.com.ar\/wp-content\/uploads\/2024\/12\/Firma-escrituras-17-12-1-1536x1024.jpg 1536w, https:\/\/www.celttv.com.ar\/wp-content\/uploads\/2024\/12\/Firma-escrituras-17-12-1-2048x1366.jpg 2048w, https:\/\/www.celttv.com.ar\/wp-content\/uploads\/2024\/12\/Firma-escrituras-17-12-1-750x500.jpg 750w, https:\/\/www.celttv.com.ar\/wp-content\/uploads\/2024\/12\/Firma-escrituras-17-12-1-1140x760.jpg 1140w\" sizes=\"auto, (max-width: 1024px) 100vw, 1024px\" \/><figcaption id=\"caption-attachment-87111\" class=\"wp-caption-text\">GZab<\/figcaption><\/figure>\n<figure id=\"attachment_87112\" aria-describedby=\"caption-attachment-87112\" style=\"width: 1024px\" class=\"wp-caption alignnone\"><img loading=\"lazy\" decoding=\"async\" class=\"wp-image-87112 size-large\" src=\"https:\/\/www.celttv.com.ar\/wp-content\/uploads\/2024\/12\/Firma-escrituras-17-12-2-1024x683.jpg\" alt=\"\" width=\"1024\" height=\"683\" srcset=\"https:\/\/www.celttv.com.ar\/wp-content\/uploads\/2024\/12\/Firma-escrituras-17-12-2-1024x683.jpg 1024w, https:\/\/www.celttv.com.ar\/wp-content\/uploads\/2024\/12\/Firma-escrituras-17-12-2-300x200.jpg 300w, https:\/\/www.celttv.com.ar\/wp-content\/uploads\/2024\/12\/Firma-escrituras-17-12-2-768x512.jpg 768w, https:\/\/www.celttv.com.ar\/wp-content\/uploads\/2024\/12\/Firma-escrituras-17-12-2-1536x1024.jpg 1536w, https:\/\/www.celttv.com.ar\/wp-content\/uploads\/2024\/12\/Firma-escrituras-17-12-2-2048x1366.jpg 2048w, https:\/\/www.celttv.com.ar\/wp-content\/uploads\/2024\/12\/Firma-escrituras-17-12-2-750x500.jpg 750w, https:\/\/www.celttv.com.ar\/wp-content\/uploads\/2024\/12\/Firma-escrituras-17-12-2-1140x760.jpg 1140w\" sizes=\"auto, (max-width: 1024px) 100vw, 1024px\" \/><figcaption id=\"caption-attachment-87112\" class=\"wp-caption-text\">GZab<\/figcaption><\/figure>\n<figure id=\"attachment_87113\" aria-describedby=\"caption-attachment-87113\" style=\"width: 1024px\" class=\"wp-caption alignnone\"><img loading=\"lazy\" decoding=\"async\" class=\"wp-image-87113 size-large\" src=\"https:\/\/www.celttv.com.ar\/wp-content\/uploads\/2024\/12\/Firma-escrituras-17-12-3-1024x683.jpg\" alt=\"\" width=\"1024\" height=\"683\" srcset=\"https:\/\/www.celttv.com.ar\/wp-content\/uploads\/2024\/12\/Firma-escrituras-17-12-3-1024x683.jpg 1024w, https:\/\/www.celttv.com.ar\/wp-content\/uploads\/2024\/12\/Firma-escrituras-17-12-3-300x200.jpg 300w, https:\/\/www.celttv.com.ar\/wp-content\/uploads\/2024\/12\/Firma-escrituras-17-12-3-768x512.jpg 768w, https:\/\/www.celttv.com.ar\/wp-content\/uploads\/2024\/12\/Firma-escrituras-17-12-3-1536x1025.jpg 1536w, https:\/\/www.celttv.com.ar\/wp-content\/uploads\/2024\/12\/Firma-escrituras-17-12-3-750x500.jpg 750w, https:\/\/www.celttv.com.ar\/wp-content\/uploads\/2024\/12\/Firma-escrituras-17-12-3-1140x760.jpg 1140w, https:\/\/www.celttv.com.ar\/wp-content\/uploads\/2024\/12\/Firma-escrituras-17-12-3.jpg 2000w\" sizes=\"auto, (max-width: 1024px) 100vw, 1024px\" \/><figcaption id=\"caption-attachment-87113\" class=\"wp-caption-text\">GZab<\/figcaption><\/figure>\n<figure id=\"attachment_87114\" aria-describedby=\"caption-attachment-87114\" style=\"width: 1024px\" class=\"wp-caption alignnone\"><img loading=\"lazy\" decoding=\"async\" class=\"wp-image-87114 size-large\" src=\"https:\/\/www.celttv.com.ar\/wp-content\/uploads\/2024\/12\/Firma-escrituras-17-12-4-1024x683.jpg\" alt=\"\" width=\"1024\" height=\"683\" srcset=\"https:\/\/www.celttv.com.ar\/wp-content\/uploads\/2024\/12\/Firma-escrituras-17-12-4-1024x683.jpg 1024w, https:\/\/www.celttv.com.ar\/wp-content\/uploads\/2024\/12\/Firma-escrituras-17-12-4-300x200.jpg 300w, https:\/\/www.celttv.com.ar\/wp-content\/uploads\/2024\/12\/Firma-escrituras-17-12-4-768x512.jpg 768w, https:\/\/www.celttv.com.ar\/wp-content\/uploads\/2024\/12\/Firma-escrituras-17-12-4-1536x1024.jpg 1536w, https:\/\/www.celttv.com.ar\/wp-content\/uploads\/2024\/12\/Firma-escrituras-17-12-4-2048x1366.jpg 2048w, https:\/\/www.celttv.com.ar\/wp-content\/uploads\/2024\/12\/Firma-escrituras-17-12-4-750x500.jpg 750w, https:\/\/www.celttv.com.ar\/wp-content\/uploads\/2024\/12\/Firma-escrituras-17-12-4-1140x760.jpg 1140w\" sizes=\"auto, (max-width: 1024px) 100vw, 1024px\" \/><figcaption id=\"caption-attachment-87114\" class=\"wp-caption-text\">GZab<\/figcaption><\/figure>\n<figure id=\"attachment_87115\" aria-describedby=\"caption-attachment-87115\" style=\"width: 1024px\" class=\"wp-caption alignnone\"><img loading=\"lazy\" decoding=\"async\" class=\"wp-image-87115 size-large\" src=\"https:\/\/www.celttv.com.ar\/wp-content\/uploads\/2024\/12\/Firma-escrituras-17-12-5-1024x683.jpg\" alt=\"\" width=\"1024\" height=\"683\" srcset=\"https:\/\/www.celttv.com.ar\/wp-content\/uploads\/2024\/12\/Firma-escrituras-17-12-5-1024x683.jpg 1024w, https:\/\/www.celttv.com.ar\/wp-content\/uploads\/2024\/12\/Firma-escrituras-17-12-5-300x200.jpg 300w, https:\/\/www.celttv.com.ar\/wp-content\/uploads\/2024\/12\/Firma-escrituras-17-12-5-768x512.jpg 768w, https:\/\/www.celttv.com.ar\/wp-content\/uploads\/2024\/12\/Firma-escrituras-17-12-5-1536x1024.jpg 1536w, https:\/\/www.celttv.com.ar\/wp-content\/uploads\/2024\/12\/Firma-escrituras-17-12-5-2048x1366.jpg 2048w, https:\/\/www.celttv.com.ar\/wp-content\/uploads\/2024\/12\/Firma-escrituras-17-12-5-750x500.jpg 750w, https:\/\/www.celttv.com.ar\/wp-content\/uploads\/2024\/12\/Firma-escrituras-17-12-5-1140x760.jpg 1140w\" sizes=\"auto, (max-width: 1024px) 100vw, 1024px\" \/><figcaption id=\"caption-attachment-87115\" class=\"wp-caption-text\">GZab<\/figcaption><\/figure>\n<figure id=\"attachment_87116\" aria-describedby=\"caption-attachment-87116\" style=\"width: 1024px\" class=\"wp-caption alignnone\"><img loading=\"lazy\" decoding=\"async\" class=\"wp-image-87116 size-large\" src=\"https:\/\/www.celttv.com.ar\/wp-content\/uploads\/2024\/12\/Firma-escrituras-17-12-6-1024x683.jpg\" alt=\"\" width=\"1024\" height=\"683\" srcset=\"https:\/\/www.celttv.com.ar\/wp-content\/uploads\/2024\/12\/Firma-escrituras-17-12-6-1024x683.jpg 1024w, https:\/\/www.celttv.com.ar\/wp-content\/uploads\/2024\/12\/Firma-escrituras-17-12-6-300x200.jpg 300w, https:\/\/www.celttv.com.ar\/wp-content\/uploads\/2024\/12\/Firma-escrituras-17-12-6-768x512.jpg 768w, https:\/\/www.celttv.com.ar\/wp-content\/uploads\/2024\/12\/Firma-escrituras-17-12-6-1536x1024.jpg 1536w, https:\/\/www.celttv.com.ar\/wp-content\/uploads\/2024\/12\/Firma-escrituras-17-12-6-2048x1366.jpg 2048w, https:\/\/www.celttv.com.ar\/wp-content\/uploads\/2024\/12\/Firma-escrituras-17-12-6-750x500.jpg 750w, https:\/\/www.celttv.com.ar\/wp-content\/uploads\/2024\/12\/Firma-escrituras-17-12-6-1140x760.jpg 1140w\" sizes=\"auto, (max-width: 1024px) 100vw, 1024px\" \/><figcaption id=\"caption-attachment-87116\" class=\"wp-caption-text\">GZab<\/figcaption><\/figure>\n<figure id=\"attachment_87117\" aria-describedby=\"caption-attachment-87117\" style=\"width: 1024px\" class=\"wp-caption alignnone\"><img loading=\"lazy\" decoding=\"async\" class=\"wp-image-87117 size-large\" src=\"https:\/\/www.celttv.com.ar\/wp-content\/uploads\/2024\/12\/Firma-escrituras-17-12-7-1024x683.jpg\" alt=\"\" width=\"1024\" height=\"683\" srcset=\"https:\/\/www.celttv.com.ar\/wp-content\/uploads\/2024\/12\/Firma-escrituras-17-12-7-1024x683.jpg 1024w, https:\/\/www.celttv.com.ar\/wp-content\/uploads\/2024\/12\/Firma-escrituras-17-12-7-300x200.jpg 300w, https:\/\/www.celttv.com.ar\/wp-content\/uploads\/2024\/12\/Firma-escrituras-17-12-7-768x512.jpg 768w, https:\/\/www.celttv.com.ar\/wp-content\/uploads\/2024\/12\/Firma-escrituras-17-12-7-1536x1024.jpg 1536w, https:\/\/www.celttv.com.ar\/wp-content\/uploads\/2024\/12\/Firma-escrituras-17-12-7-2048x1366.jpg 2048w, https:\/\/www.celttv.com.ar\/wp-content\/uploads\/2024\/12\/Firma-escrituras-17-12-7-750x500.jpg 750w, https:\/\/www.celttv.com.ar\/wp-content\/uploads\/2024\/12\/Firma-escrituras-17-12-7-1140x760.jpg 1140w\" sizes=\"auto, (max-width: 1024px) 100vw, 1024px\" \/><figcaption id=\"caption-attachment-87117\" class=\"wp-caption-text\">GZab<\/figcaption><\/figure>\n<figure id=\"attachment_87118\" aria-describedby=\"caption-attachment-87118\" style=\"width: 1024px\" class=\"wp-caption alignnone\"><img loading=\"lazy\" decoding=\"async\" class=\"wp-image-87118 size-large\" src=\"https:\/\/www.celttv.com.ar\/wp-content\/uploads\/2024\/12\/Firma-escrituras-17-12-8-1024x683.jpg\" alt=\"\" width=\"1024\" height=\"683\" srcset=\"https:\/\/www.celttv.com.ar\/wp-content\/uploads\/2024\/12\/Firma-escrituras-17-12-8-1024x683.jpg 1024w, https:\/\/www.celttv.com.ar\/wp-content\/uploads\/2024\/12\/Firma-escrituras-17-12-8-300x200.jpg 300w, https:\/\/www.celttv.com.ar\/wp-content\/uploads\/2024\/12\/Firma-escrituras-17-12-8-768x512.jpg 768w, https:\/\/www.celttv.com.ar\/wp-content\/uploads\/2024\/12\/Firma-escrituras-17-12-8-1536x1024.jpg 1536w, https:\/\/www.celttv.com.ar\/wp-content\/uploads\/2024\/12\/Firma-escrituras-17-12-8-2048x1366.jpg 2048w, https:\/\/www.celttv.com.ar\/wp-content\/uploads\/2024\/12\/Firma-escrituras-17-12-8-750x500.jpg 750w, https:\/\/www.celttv.com.ar\/wp-content\/uploads\/2024\/12\/Firma-escrituras-17-12-8-1140x760.jpg 1140w\" sizes=\"auto, (max-width: 1024px) 100vw, 1024px\" \/><figcaption id=\"caption-attachment-87118\" class=\"wp-caption-text\">GZab<\/figcaption><\/figure>\n","protected":false},"excerpt":{"rendered":"<p>En la tarde de este martes, 14 familias del distrito de Tornquist firmaron el t\u00edtulo de propiedad de sus viviendas, mediante el programa \u2018Mi escritura, mi casa\u2019 del Gobierno de la Provincia de Buenos Aires. La jornada fue encabezada por el Intendente Municipal, Sergio Bordoni, y personal de la Escriban\u00eda General de Gobierno, y tuvo [&hellip;]<\/p>\n","protected":false},"author":5,"featured_media":87112,"comment_status":"closed","ping_status":"closed","sticky":false,"template":"","format":"standard","meta":{"footnotes":""},"categories":[59],"tags":[],"class_list":["post-87110","post","type-post","status-publish","format-standard","has-post-thumbnail","hentry","category-municipales"],"yoast_head":"<!-- This site is optimized with the Yoast SEO plugin v19.7.1 - https:\/\/yoast.com\/wordpress\/plugins\/seo\/ -->\n<title>14 familias del distrito firmaron la escritura de su vivienda - CELTTV<\/title>\n<meta name=\"description\" content=\"Sitio web de noticias de la localidad de Tornquist, provincia de Buenos Aires, Rep\u00fablica Argentina. Contenido propio originado por periodistas de CELTTV, el canal de TV local de la Cooperativa El\u00e9ctrica de Tornquist. Turismo, Pol\u00edtica, Sociedad, Deporte, Cultura y todo el contenido de inter\u00e9s general que la gente del pueblo y la regi\u00f3n debe conocer.\" \/>\n<meta name=\"robots\" content=\"index, follow, max-snippet:-1, max-image-preview:large, max-video-preview:-1\" \/>\n<link rel=\"canonical\" href=\"https:\/\/www.celttv.com.ar\/index.php\/2024\/12\/17\/14-familias-del-distrito-firmaron-la-escritura-de-su-vivienda\/\" \/>\n<meta property=\"og:locale\" content=\"es_ES\" \/>\n<meta property=\"og:type\" content=\"article\" \/>\n<meta property=\"og:title\" content=\"14 familias del distrito firmaron la escritura de su vivienda - CELTTV\" \/>\n<meta property=\"og:description\" content=\"Sitio web de noticias de la localidad de Tornquist, provincia de Buenos Aires, Rep\u00fablica Argentina. Contenido propio originado por periodistas de CELTTV, el canal de TV local de la Cooperativa El\u00e9ctrica de Tornquist. Turismo, Pol\u00edtica, Sociedad, Deporte, Cultura y todo el contenido de inter\u00e9s general que la gente del pueblo y la regi\u00f3n debe conocer.\" \/>\n<meta property=\"og:url\" content=\"https:\/\/www.celttv.com.ar\/index.php\/2024\/12\/17\/14-familias-del-distrito-firmaron-la-escritura-de-su-vivienda\/\" \/>\n<meta property=\"og:site_name\" content=\"CELTTV\" \/>\n<meta property=\"article:publisher\" content=\"https:\/\/www.facebook.com\/celtTV\/\" \/>\n<meta property=\"article:published_time\" content=\"2024-12-18T00:09:55+00:00\" \/>\n<meta property=\"og:image\" content=\"https:\/\/www.celttv.com.ar\/wp-content\/uploads\/2024\/12\/Firma-escrituras-17-12-2.jpg\" \/>\n\t<meta property=\"og:image:width\" content=\"2300\" \/>\n\t<meta property=\"og:image:height\" content=\"1534\" \/>\n\t<meta property=\"og:image:type\" content=\"image\/jpeg\" \/>\n<meta name=\"author\" content=\"Miguel Herrada\" \/>\n<meta name=\"twitter:card\" content=\"summary_large_image\" \/>\n<meta name=\"twitter:label1\" content=\"Escrito por\" \/>\n\t<meta name=\"twitter:data1\" content=\"Miguel Herrada\" \/>\n\t<meta name=\"twitter:label2\" content=\"Tiempo de lectura\" \/>\n\t<meta name=\"twitter:data2\" content=\"1 minuto\" \/>\n<script type=\"application\/ld+json\" class=\"yoast-schema-graph\">{\"@context\":\"https:\/\/schema.org\",\"@graph\":[{\"@type\":\"NewsArticle\",\"@id\":\"https:\/\/www.celttv.com.ar\/index.php\/2024\/12\/17\/14-familias-del-distrito-firmaron-la-escritura-de-su-vivienda\/#article\",\"isPartOf\":{\"@id\":\"https:\/\/www.celttv.com.ar\/index.php\/2024\/12\/17\/14-familias-del-distrito-firmaron-la-escritura-de-su-vivienda\/\"},\"author\":{\"name\":\"Miguel Herrada\",\"@id\":\"https:\/\/www.celttv.com.ar\/#\/schema\/person\/9059dc91dc7204ef4182cdb65225f07d\"},\"headline\":\"14 familias del distrito firmaron la escritura de su vivienda\",\"datePublished\":\"2024-12-18T00:09:55+00:00\",\"dateModified\":\"2024-12-18T00:09:55+00:00\",\"mainEntityOfPage\":{\"@id\":\"https:\/\/www.celttv.com.ar\/index.php\/2024\/12\/17\/14-familias-del-distrito-firmaron-la-escritura-de-su-vivienda\/\"},\"wordCount\":249,\"publisher\":{\"@id\":\"https:\/\/www.celttv.com.ar\/#organization\"},\"articleSection\":[\"Municipales\"],\"inLanguage\":\"es\"},{\"@type\":\"WebPage\",\"@id\":\"https:\/\/www.celttv.com.ar\/index.php\/2024\/12\/17\/14-familias-del-distrito-firmaron-la-escritura-de-su-vivienda\/\",\"url\":\"https:\/\/www.celttv.com.ar\/index.php\/2024\/12\/17\/14-familias-del-distrito-firmaron-la-escritura-de-su-vivienda\/\",\"name\":\"14 familias del distrito firmaron la escritura de su vivienda - CELTTV\",\"isPartOf\":{\"@id\":\"https:\/\/www.celttv.com.ar\/#website\"},\"datePublished\":\"2024-12-18T00:09:55+00:00\",\"dateModified\":\"2024-12-18T00:09:55+00:00\",\"description\":\"Sitio web de noticias de la localidad de Tornquist, provincia de Buenos Aires, Rep\u00fablica Argentina. Contenido propio originado por periodistas de CELTTV, el canal de TV local de la Cooperativa El\u00e9ctrica de Tornquist. Turismo, Pol\u00edtica, Sociedad, Deporte, Cultura y todo el contenido de inter\u00e9s general que la gente del pueblo y la regi\u00f3n debe conocer.\",\"breadcrumb\":{\"@id\":\"https:\/\/www.celttv.com.ar\/index.php\/2024\/12\/17\/14-familias-del-distrito-firmaron-la-escritura-de-su-vivienda\/#breadcrumb\"},\"inLanguage\":\"es\",\"potentialAction\":[{\"@type\":\"ReadAction\",\"target\":[\"https:\/\/www.celttv.com.ar\/index.php\/2024\/12\/17\/14-familias-del-distrito-firmaron-la-escritura-de-su-vivienda\/\"]}]},{\"@type\":\"BreadcrumbList\",\"@id\":\"https:\/\/www.celttv.com.ar\/index.php\/2024\/12\/17\/14-familias-del-distrito-firmaron-la-escritura-de-su-vivienda\/#breadcrumb\",\"itemListElement\":[{\"@type\":\"ListItem\",\"position\":1,\"name\":\"Inicio\",\"item\":\"https:\/\/www.celttv.com.ar\/\"},{\"@type\":\"ListItem\",\"position\":2,\"name\":\"14 familias del distrito firmaron la escritura de su vivienda\"}]},{\"@type\":\"WebSite\",\"@id\":\"https:\/\/www.celttv.com.ar\/#website\",\"url\":\"https:\/\/www.celttv.com.ar\/\",\"name\":\"CELTTV\",\"description\":\"Cooperativa El\u00e9ctrica de Tornquist\",\"publisher\":{\"@id\":\"https:\/\/www.celttv.com.ar\/#organization\"},\"potentialAction\":[{\"@type\":\"SearchAction\",\"target\":{\"@type\":\"EntryPoint\",\"urlTemplate\":\"https:\/\/www.celttv.com.ar\/?s={search_term_string}\"},\"query-input\":\"required name=search_term_string\"}],\"inLanguage\":\"es\"},{\"@type\":\"Organization\",\"@id\":\"https:\/\/www.celttv.com.ar\/#organization\",\"name\":\"CELTTV\",\"url\":\"https:\/\/www.celttv.com.ar\/\",\"sameAs\":[\"https:\/\/www.youtube.com\/channel\/UCz_oIt8Hig64Ub-EmcNPIhg\",\"https:\/\/www.facebook.com\/celtTV\/\"],\"logo\":{\"@type\":\"ImageObject\",\"inLanguage\":\"es\",\"@id\":\"https:\/\/www.celttv.com.ar\/#\/schema\/logo\/image\/\",\"url\":\"http:\/\/www.celttv.com.ar\/wp-content\/uploads\/2022\/08\/logo-1.png\",\"contentUrl\":\"http:\/\/www.celttv.com.ar\/wp-content\/uploads\/2022\/08\/logo-1.png\",\"width\":461,\"height\":159,\"caption\":\"CELTTV\"},\"image\":{\"@id\":\"https:\/\/www.celttv.com.ar\/#\/schema\/logo\/image\/\"}},{\"@type\":\"Person\",\"@id\":\"https:\/\/www.celttv.com.ar\/#\/schema\/person\/9059dc91dc7204ef4182cdb65225f07d\",\"name\":\"Miguel Herrada\",\"image\":{\"@type\":\"ImageObject\",\"inLanguage\":\"es\",\"@id\":\"https:\/\/www.celttv.com.ar\/#\/schema\/person\/image\/\",\"url\":\"https:\/\/secure.gravatar.com\/avatar\/67724d5b3c716623ffd76bec7e45841a442ac3b456e914dbba90b0fad2b8e0b1?s=96&d=mm&r=g\",\"contentUrl\":\"https:\/\/secure.gravatar.com\/avatar\/67724d5b3c716623ffd76bec7e45841a442ac3b456e914dbba90b0fad2b8e0b1?s=96&d=mm&r=g\",\"caption\":\"Miguel Herrada\"}}]}<\/script>\n<!-- \/ Yoast SEO plugin. -->","yoast_head_json":{"title":"14 familias del distrito firmaron la escritura de su vivienda - CELTTV","description":"Sitio web de noticias de la localidad de Tornquist, provincia de Buenos Aires, Rep\u00fablica Argentina. Contenido propio originado por periodistas de CELTTV, el canal de TV local de la Cooperativa El\u00e9ctrica de Tornquist. Turismo, Pol\u00edtica, Sociedad, Deporte, Cultura y todo el contenido de inter\u00e9s general que la gente del pueblo y la regi\u00f3n debe conocer.","robots":{"index":"index","follow":"follow","max-snippet":"max-snippet:-1","max-image-preview":"max-image-preview:large","max-video-preview":"max-video-preview:-1"},"canonical":"https:\/\/www.celttv.com.ar\/index.php\/2024\/12\/17\/14-familias-del-distrito-firmaron-la-escritura-de-su-vivienda\/","og_locale":"es_ES","og_type":"article","og_title":"14 familias del distrito firmaron la escritura de su vivienda - CELTTV","og_description":"Sitio web de noticias de la localidad de Tornquist, provincia de Buenos Aires, Rep\u00fablica Argentina. Contenido propio originado por periodistas de CELTTV, el canal de TV local de la Cooperativa El\u00e9ctrica de Tornquist. Turismo, Pol\u00edtica, Sociedad, Deporte, Cultura y todo el contenido de inter\u00e9s general que la gente del pueblo y la regi\u00f3n debe conocer.","og_url":"https:\/\/www.celttv.com.ar\/index.php\/2024\/12\/17\/14-familias-del-distrito-firmaron-la-escritura-de-su-vivienda\/","og_site_name":"CELTTV","article_publisher":"https:\/\/www.facebook.com\/celtTV\/","article_published_time":"2024-12-18T00:09:55+00:00","og_image":[{"width":2300,"height":1534,"url":"https:\/\/www.celttv.com.ar\/wp-content\/uploads\/2024\/12\/Firma-escrituras-17-12-2.jpg","type":"image\/jpeg"}],"author":"Miguel Herrada","twitter_card":"summary_large_image","twitter_misc":{"Escrito por":"Miguel Herrada","Tiempo de lectura":"1 minuto"},"schema":{"@context":"https:\/\/schema.org","@graph":[{"@type":"NewsArticle","@id":"https:\/\/www.celttv.com.ar\/index.php\/2024\/12\/17\/14-familias-del-distrito-firmaron-la-escritura-de-su-vivienda\/#article","isPartOf":{"@id":"https:\/\/www.celttv.com.ar\/index.php\/2024\/12\/17\/14-familias-del-distrito-firmaron-la-escritura-de-su-vivienda\/"},"author":{"name":"Miguel Herrada","@id":"https:\/\/www.celttv.com.ar\/#\/schema\/person\/9059dc91dc7204ef4182cdb65225f07d"},"headline":"14 familias del distrito firmaron la escritura de su vivienda","datePublished":"2024-12-18T00:09:55+00:00","dateModified":"2024-12-18T00:09:55+00:00","mainEntityOfPage":{"@id":"https:\/\/www.celttv.com.ar\/index.php\/2024\/12\/17\/14-familias-del-distrito-firmaron-la-escritura-de-su-vivienda\/"},"wordCount":249,"publisher":{"@id":"https:\/\/www.celttv.com.ar\/#organization"},"articleSection":["Municipales"],"inLanguage":"es"},{"@type":"WebPage","@id":"https:\/\/www.celttv.com.ar\/index.php\/2024\/12\/17\/14-familias-del-distrito-firmaron-la-escritura-de-su-vivienda\/","url":"https:\/\/www.celttv.com.ar\/index.php\/2024\/12\/17\/14-familias-del-distrito-firmaron-la-escritura-de-su-vivienda\/","name":"14 familias del distrito firmaron la escritura de su vivienda - CELTTV","isPartOf":{"@id":"https:\/\/www.celttv.com.ar\/#website"},"datePublished":"2024-12-18T00:09:55+00:00","dateModified":"2024-12-18T00:09:55+00:00","description":"Sitio web de noticias de la localidad de Tornquist, provincia de Buenos Aires, Rep\u00fablica Argentina. Contenido propio originado por periodistas de CELTTV, el canal de TV local de la Cooperativa El\u00e9ctrica de Tornquist. Turismo, Pol\u00edtica, Sociedad, Deporte, Cultura y todo el contenido de inter\u00e9s general que la gente del pueblo y la regi\u00f3n debe conocer.","breadcrumb":{"@id":"https:\/\/www.celttv.com.ar\/index.php\/2024\/12\/17\/14-familias-del-distrito-firmaron-la-escritura-de-su-vivienda\/#breadcrumb"},"inLanguage":"es","potentialAction":[{"@type":"ReadAction","target":["https:\/\/www.celttv.com.ar\/index.php\/2024\/12\/17\/14-familias-del-distrito-firmaron-la-escritura-de-su-vivienda\/"]}]},{"@type":"BreadcrumbList","@id":"https:\/\/www.celttv.com.ar\/index.php\/2024\/12\/17\/14-familias-del-distrito-firmaron-la-escritura-de-su-vivienda\/#breadcrumb","itemListElement":[{"@type":"ListItem","position":1,"name":"Inicio","item":"https:\/\/www.celttv.com.ar\/"},{"@type":"ListItem","position":2,"name":"14 familias del distrito firmaron la escritura de su vivienda"}]},{"@type":"WebSite","@id":"https:\/\/www.celttv.com.ar\/#website","url":"https:\/\/www.celttv.com.ar\/","name":"CELTTV","description":"Cooperativa El\u00e9ctrica de Tornquist","publisher":{"@id":"https:\/\/www.celttv.com.ar\/#organization"},"potentialAction":[{"@type":"SearchAction","target":{"@type":"EntryPoint","urlTemplate":"https:\/\/www.celttv.com.ar\/?s={search_term_string}"},"query-input":"required name=search_term_string"}],"inLanguage":"es"},{"@type":"Organization","@id":"https:\/\/www.celttv.com.ar\/#organization","name":"CELTTV","url":"https:\/\/www.celttv.com.ar\/","sameAs":["https:\/\/www.youtube.com\/channel\/UCz_oIt8Hig64Ub-EmcNPIhg","https:\/\/www.facebook.com\/celtTV\/"],"logo":{"@type":"ImageObject","inLanguage":"es","@id":"https:\/\/www.celttv.com.ar\/#\/schema\/logo\/image\/","url":"http:\/\/www.celttv.com.ar\/wp-content\/uploads\/2022\/08\/logo-1.png","contentUrl":"http:\/\/www.celttv.com.ar\/wp-content\/uploads\/2022\/08\/logo-1.png","width":461,"height":159,"caption":"CELTTV"},"image":{"@id":"https:\/\/www.celttv.com.ar\/#\/schema\/logo\/image\/"}},{"@type":"Person","@id":"https:\/\/www.celttv.com.ar\/#\/schema\/person\/9059dc91dc7204ef4182cdb65225f07d","name":"Miguel Herrada","image":{"@type":"ImageObject","inLanguage":"es","@id":"https:\/\/www.celttv.com.ar\/#\/schema\/person\/image\/","url":"https:\/\/secure.gravatar.com\/avatar\/67724d5b3c716623ffd76bec7e45841a442ac3b456e914dbba90b0fad2b8e0b1?s=96&d=mm&r=g","contentUrl":"https:\/\/secure.gravatar.com\/avatar\/67724d5b3c716623ffd76bec7e45841a442ac3b456e914dbba90b0fad2b8e0b1?s=96&d=mm&r=g","caption":"Miguel Herrada"}}]}},"_links":{"self":[{"href":"https:\/\/www.celttv.com.ar\/index.php\/wp-json\/wp\/v2\/posts\/87110","targetHints":{"allow":["GET"]}}],"collection":[{"href":"https:\/\/www.celttv.com.ar\/index.php\/wp-json\/wp\/v2\/posts"}],"about":[{"href":"https:\/\/www.celttv.com.ar\/index.php\/wp-json\/wp\/v2\/types\/post"}],"author":[{"embeddable":true,"href":"https:\/\/www.celttv.com.ar\/index.php\/wp-json\/wp\/v2\/users\/5"}],"replies":[{"embeddable":true,"href":"https:\/\/www.celttv.com.ar\/index.php\/wp-json\/wp\/v2\/comments?post=87110"}],"version-history":[{"count":1,"href":"https:\/\/www.celttv.com.ar\/index.php\/wp-json\/wp\/v2\/posts\/87110\/revisions"}],"predecessor-version":[{"id":87119,"href":"https:\/\/www.celttv.com.ar\/index.php\/wp-json\/wp\/v2\/posts\/87110\/revisions\/87119"}],"wp:featuredmedia":[{"embeddable":true,"href":"https:\/\/www.celttv.com.ar\/index.php\/wp-json\/wp\/v2\/media\/87112"}],"wp:attachment":[{"href":"https:\/\/www.celttv.com.ar\/index.php\/wp-json\/wp\/v2\/media?parent=87110"}],"wp:term":[{"taxonomy":"category","embeddable":true,"href":"https:\/\/www.celttv.com.ar\/index.php\/wp-json\/wp\/v2\/categories?post=87110"},{"taxonomy":"post_tag","embeddable":true,"href":"https:\/\/www.celttv.com.ar\/index.php\/wp-json\/wp\/v2\/tags?post=87110"}],"curies":[{"name":"wp","href":"https:\/\/api.w.org\/{rel}","templated":true}]}}