{"id":87120,"date":"2024-12-17T22:57:21","date_gmt":"2024-12-18T01:57:21","guid":{"rendered":"https:\/\/www.celttv.com.ar\/?p=87120"},"modified":"2024-12-17T22:57:21","modified_gmt":"2024-12-18T01:57:21","slug":"se-realizo-la-asamblea-anual-de-la-cooperativa-electrica-limitada-de-tornquist","status":"publish","type":"post","link":"https:\/\/www.celttv.com.ar\/index.php\/2024\/12\/17\/se-realizo-la-asamblea-anual-de-la-cooperativa-electrica-limitada-de-tornquist\/","title":{"rendered":"Se realiz\u00f3 la asamblea anual de la Cooperativa El\u00e9ctrica Limitada de Tornquist"},"content":{"rendered":"<div class=\"text\">\n<p>Se realiz\u00f3 este lunes la asamblea anual de la Cooperativa El\u00e9ctrica Limitada de Tornquist, en el fog\u00f3n del Centro de Jubilados y Pensionados.<\/p>\n<p>El encuentro, fue encabezado por el presidente del Consejo Ignacio Bucchi acompa\u00f1ado por los consejeros Emmanuel Holzmann, Mirta Rold\u00e1n, el S\u00edndico Norberto Garc\u00eda y los asesores externos. Dra. Sonia Leuemberger y Cra. Karina Valent\u00edni.<\/p>\n<p>Se hicieron presentes tambi\u00e9n la Secretaria Ver\u00f3nica Villalba, el gerente de la instituci\u00f3n Ruben Lazcano y el Cr. Horacio Lopez, como as\u00ed tambi\u00e9n asociados de localidades vecinas y de Tornquist.<\/p>\n<p>Se designaron dos asamble\u00edstas para firmar el acta y se consider\u00f3 la memoria y balance como as\u00ed tambi\u00e9n el informe del s\u00edndico y auditor para el ejercicio comprendido entre el 1 de setiembre de 2023 y 31 de Agosto de 2024.<\/p>\n<p>El resultado fue m\u00e1s que satisfactorio con una cooperativa saneada aunque deben equipararse las p\u00e9rdidas desde 2021 que arrojaron ejercicios anteriores.<\/p>\n<p>Se trat\u00f3 el destino de ajuste de capital y se aprob\u00f3 tener en cuenta una capitalizaci\u00f3n en caso de ser necesaria para que esa herramienta, la pueda utilizar la entidad.<\/p>\n<p>Tambi\u00e9n se puso a consideraci\u00f3n la venta de un inmueble ubicado en San Mart\u00edn y Avenida Moreno, galp\u00f3n propiedad de la CELT, se aprob\u00f3 para que se disponga del mismo si fuese necesario<\/p>\n<p>Se mostraron en pantalla gigante los trabajos que se realizan en la modernizaci\u00f3n del edificio de la administraci\u00f3n y lo que ser\u00e1 la futura refacci\u00f3n de la sala de servicios sociales ubicada en calle Guemes.<\/p>\n<p>Se habl\u00f3 adem\u00e1s de la incorporaci\u00f3n del nuevo parque automotor y la futura adquisici\u00f3n de los nuevos veh\u00edculos en el \u00e1rea social.<\/p>\n<p>Se tocaron temas como la ampliaci\u00f3n de la fibra \u00f3ptica en Villa Ventana y las futuras obras en otras localidades como as\u00ed tambi\u00e9n en Tornquist.<\/p>\n<p>Una vez finalizada la asamblea Ignacio Bucchi destac\u00f3 al \u201cFlaco\u201d Ruben Verdinelli, gestor de la nueva etapa de la Cooperativa El\u00e9ctrica que ya no est\u00e1 entre nosotros.<\/p>\n<p><strong>Consejo 2024\/2025<\/strong><\/p>\n<p>Presidente Ignacio Bucchi<\/p>\n<p>vice Juan Miguel Echeguia,<\/p>\n<p>Secretario Emmanuel Holzmann<\/p>\n<p>Prosecretario: Blas Saric.<\/p>\n<p>Tesorera, Mirta Rold\u00e1n.<\/p>\n<p>protesorero H\u00e9ctor Perrando.<\/p>\n<p>Vocales titulares:<\/p>\n<p>Sebasti\u00e1n Mancinelli,<\/p>\n<p>Juan Iraldi,\u00a0Jos\u00e9 Sard,<\/p>\n<p>Sergio Fraga,<\/p>\n<p>Javier Gentileschi,<\/p>\n<p>Roberto Elizari.<\/p>\n<p>Vocales suplentes :<\/p>\n<p>Jos\u00e9 Calvismonti,<\/p>\n<p>Guido Sgammini,<\/p>\n<p>Pablo Fl\u00f3rez,<\/p>\n<p>Claudia Dom\u00ednguez.<\/p>\n<p>S\u00edndico titular<\/p>\n<p>Norberto Garc\u00eda<\/p>\n<p>Suplente Jorge Schmidt.<\/p>\n<p><img loading=\"lazy\" decoding=\"async\" class=\"alignnone wp-image-87122 size-large\" src=\"https:\/\/www.celttv.com.ar\/wp-content\/uploads\/2024\/12\/asamblea-1-Medium-1024x683.jpg\" alt=\"\" width=\"1024\" height=\"683\" srcset=\"https:\/\/www.celttv.com.ar\/wp-content\/uploads\/2024\/12\/asamblea-1-Medium-1024x683.jpg 1024w, https:\/\/www.celttv.com.ar\/wp-content\/uploads\/2024\/12\/asamblea-1-Medium-300x200.jpg 300w, https:\/\/www.celttv.com.ar\/wp-content\/uploads\/2024\/12\/asamblea-1-Medium-768x512.jpg 768w, https:\/\/www.celttv.com.ar\/wp-content\/uploads\/2024\/12\/asamblea-1-Medium-750x500.jpg 750w, https:\/\/www.celttv.com.ar\/wp-content\/uploads\/2024\/12\/asamblea-1-Medium-1140x760.jpg 1140w, https:\/\/www.celttv.com.ar\/wp-content\/uploads\/2024\/12\/asamblea-1-Medium.jpg 1152w\" sizes=\"auto, (max-width: 1024px) 100vw, 1024px\" \/> <img loading=\"lazy\" decoding=\"async\" class=\"alignnone wp-image-87123 size-large\" src=\"https:\/\/www.celttv.com.ar\/wp-content\/uploads\/2024\/12\/asamblea-2-Medium-1024x683.jpg\" alt=\"\" width=\"1024\" height=\"683\" srcset=\"https:\/\/www.celttv.com.ar\/wp-content\/uploads\/2024\/12\/asamblea-2-Medium-1024x683.jpg 1024w, https:\/\/www.celttv.com.ar\/wp-content\/uploads\/2024\/12\/asamblea-2-Medium-300x200.jpg 300w, https:\/\/www.celttv.com.ar\/wp-content\/uploads\/2024\/12\/asamblea-2-Medium-768x512.jpg 768w, https:\/\/www.celttv.com.ar\/wp-content\/uploads\/2024\/12\/asamblea-2-Medium-750x500.jpg 750w, https:\/\/www.celttv.com.ar\/wp-content\/uploads\/2024\/12\/asamblea-2-Medium-1140x760.jpg 1140w, https:\/\/www.celttv.com.ar\/wp-content\/uploads\/2024\/12\/asamblea-2-Medium.jpg 1152w\" sizes=\"auto, (max-width: 1024px) 100vw, 1024px\" \/> <img loading=\"lazy\" decoding=\"async\" class=\"alignnone wp-image-87124 size-large\" src=\"https:\/\/www.celttv.com.ar\/wp-content\/uploads\/2024\/12\/asamblea-3-Medium-1024x683.jpg\" alt=\"\" width=\"1024\" height=\"683\" srcset=\"https:\/\/www.celttv.com.ar\/wp-content\/uploads\/2024\/12\/asamblea-3-Medium-1024x683.jpg 1024w, https:\/\/www.celttv.com.ar\/wp-content\/uploads\/2024\/12\/asamblea-3-Medium-300x200.jpg 300w, https:\/\/www.celttv.com.ar\/wp-content\/uploads\/2024\/12\/asamblea-3-Medium-768x512.jpg 768w, https:\/\/www.celttv.com.ar\/wp-content\/uploads\/2024\/12\/asamblea-3-Medium-750x500.jpg 750w, https:\/\/www.celttv.com.ar\/wp-content\/uploads\/2024\/12\/asamblea-3-Medium-1140x760.jpg 1140w, https:\/\/www.celttv.com.ar\/wp-content\/uploads\/2024\/12\/asamblea-3-Medium.jpg 1152w\" sizes=\"auto, (max-width: 1024px) 100vw, 1024px\" \/> <img loading=\"lazy\" decoding=\"async\" class=\"alignnone wp-image-87125 size-large\" src=\"https:\/\/www.celttv.com.ar\/wp-content\/uploads\/2024\/12\/asamblea-4-Medium-1024x683.jpg\" alt=\"\" width=\"1024\" height=\"683\" srcset=\"https:\/\/www.celttv.com.ar\/wp-content\/uploads\/2024\/12\/asamblea-4-Medium-1024x683.jpg 1024w, https:\/\/www.celttv.com.ar\/wp-content\/uploads\/2024\/12\/asamblea-4-Medium-300x200.jpg 300w, https:\/\/www.celttv.com.ar\/wp-content\/uploads\/2024\/12\/asamblea-4-Medium-768x512.jpg 768w, https:\/\/www.celttv.com.ar\/wp-content\/uploads\/2024\/12\/asamblea-4-Medium-750x500.jpg 750w, https:\/\/www.celttv.com.ar\/wp-content\/uploads\/2024\/12\/asamblea-4-Medium-1140x760.jpg 1140w, https:\/\/www.celttv.com.ar\/wp-content\/uploads\/2024\/12\/asamblea-4-Medium.jpg 1152w\" sizes=\"auto, (max-width: 1024px) 100vw, 1024px\" \/> <img loading=\"lazy\" decoding=\"async\" class=\"alignnone wp-image-87126 size-large\" src=\"https:\/\/www.celttv.com.ar\/wp-content\/uploads\/2024\/12\/asamblea-5-Medium-1024x683.jpg\" alt=\"\" width=\"1024\" height=\"683\" srcset=\"https:\/\/www.celttv.com.ar\/wp-content\/uploads\/2024\/12\/asamblea-5-Medium-1024x683.jpg 1024w, https:\/\/www.celttv.com.ar\/wp-content\/uploads\/2024\/12\/asamblea-5-Medium-300x200.jpg 300w, https:\/\/www.celttv.com.ar\/wp-content\/uploads\/2024\/12\/asamblea-5-Medium-768x512.jpg 768w, https:\/\/www.celttv.com.ar\/wp-content\/uploads\/2024\/12\/asamblea-5-Medium-750x500.jpg 750w, https:\/\/www.celttv.com.ar\/wp-content\/uploads\/2024\/12\/asamblea-5-Medium-1140x760.jpg 1140w, https:\/\/www.celttv.com.ar\/wp-content\/uploads\/2024\/12\/asamblea-5-Medium.jpg 1152w\" sizes=\"auto, (max-width: 1024px) 100vw, 1024px\" \/> <img loading=\"lazy\" decoding=\"async\" class=\"alignnone wp-image-87127 size-large\" src=\"https:\/\/www.celttv.com.ar\/wp-content\/uploads\/2024\/12\/asamblea-6-Medium-1024x683.jpg\" alt=\"\" width=\"1024\" height=\"683\" srcset=\"https:\/\/www.celttv.com.ar\/wp-content\/uploads\/2024\/12\/asamblea-6-Medium-1024x683.jpg 1024w, https:\/\/www.celttv.com.ar\/wp-content\/uploads\/2024\/12\/asamblea-6-Medium-300x200.jpg 300w, https:\/\/www.celttv.com.ar\/wp-content\/uploads\/2024\/12\/asamblea-6-Medium-768x512.jpg 768w, https:\/\/www.celttv.com.ar\/wp-content\/uploads\/2024\/12\/asamblea-6-Medium-750x500.jpg 750w, https:\/\/www.celttv.com.ar\/wp-content\/uploads\/2024\/12\/asamblea-6-Medium-1140x760.jpg 1140w, https:\/\/www.celttv.com.ar\/wp-content\/uploads\/2024\/12\/asamblea-6-Medium.jpg 1152w\" sizes=\"auto, (max-width: 1024px) 100vw, 1024px\" \/><\/p>\n<p><img loading=\"lazy\" decoding=\"async\" class=\"alignnone wp-image-87128 size-large\" src=\"https:\/\/www.celttv.com.ar\/wp-content\/uploads\/2024\/12\/asamblea-7-1024x683.jpg\" alt=\"\" width=\"1024\" height=\"683\" srcset=\"https:\/\/www.celttv.com.ar\/wp-content\/uploads\/2024\/12\/asamblea-7-1024x683.jpg 1024w, https:\/\/www.celttv.com.ar\/wp-content\/uploads\/2024\/12\/asamblea-7-300x200.jpg 300w, https:\/\/www.celttv.com.ar\/wp-content\/uploads\/2024\/12\/asamblea-7-768x512.jpg 768w, https:\/\/www.celttv.com.ar\/wp-content\/uploads\/2024\/12\/asamblea-7-1536x1024.jpg 1536w, https:\/\/www.celttv.com.ar\/wp-content\/uploads\/2024\/12\/asamblea-7-2048x1365.jpg 2048w, https:\/\/www.celttv.com.ar\/wp-content\/uploads\/2024\/12\/asamblea-7-750x500.jpg 750w, https:\/\/www.celttv.com.ar\/wp-content\/uploads\/2024\/12\/asamblea-7-1140x760.jpg 1140w\" sizes=\"auto, (max-width: 1024px) 100vw, 1024px\" \/><\/p>\n<\/div>\n","protected":false},"excerpt":{"rendered":"<p>Se realiz\u00f3 este lunes la asamblea anual de la Cooperativa El\u00e9ctrica Limitada de Tornquist, en el fog\u00f3n del Centro de Jubilados y Pensionados. El encuentro, fue encabezado por el presidente del Consejo Ignacio Bucchi acompa\u00f1ado por los consejeros Emmanuel Holzmann, Mirta Rold\u00e1n, el S\u00edndico Norberto Garc\u00eda y los asesores externos. Dra. Sonia Leuemberger y Cra. [&hellip;]<\/p>\n","protected":false},"author":5,"featured_media":87122,"comment_status":"closed","ping_status":"closed","sticky":false,"template":"","format":"standard","meta":{"footnotes":""},"categories":[51],"tags":[],"class_list":["post-87120","post","type-post","status-publish","format-standard","has-post-thumbnail","hentry","category-comunidad"],"yoast_head":"<!-- This site is optimized with the Yoast SEO plugin v19.7.1 - https:\/\/yoast.com\/wordpress\/plugins\/seo\/ -->\n<title>Se realiz\u00f3 la asamblea anual de la Cooperativa El\u00e9ctrica Limitada de Tornquist - CELTTV<\/title>\n<meta name=\"description\" content=\"Sitio web de noticias de la localidad de Tornquist, provincia de Buenos Aires, Rep\u00fablica Argentina. Contenido propio originado por periodistas de CELTTV, el canal de TV local de la Cooperativa El\u00e9ctrica de Tornquist. Turismo, Pol\u00edtica, Sociedad, Deporte, Cultura y todo el contenido de inter\u00e9s general que la gente del pueblo y la regi\u00f3n debe conocer.\" \/>\n<meta name=\"robots\" content=\"index, follow, max-snippet:-1, max-image-preview:large, max-video-preview:-1\" \/>\n<link rel=\"canonical\" href=\"https:\/\/www.celttv.com.ar\/index.php\/2024\/12\/17\/se-realizo-la-asamblea-anual-de-la-cooperativa-electrica-limitada-de-tornquist\/\" \/>\n<meta property=\"og:locale\" content=\"es_ES\" \/>\n<meta property=\"og:type\" content=\"article\" \/>\n<meta property=\"og:title\" content=\"Se realiz\u00f3 la asamblea anual de la Cooperativa El\u00e9ctrica Limitada de Tornquist - CELTTV\" \/>\n<meta property=\"og:description\" content=\"Sitio web de noticias de la localidad de Tornquist, provincia de Buenos Aires, Rep\u00fablica Argentina. Contenido propio originado por periodistas de CELTTV, el canal de TV local de la Cooperativa El\u00e9ctrica de Tornquist. Turismo, Pol\u00edtica, Sociedad, Deporte, Cultura y todo el contenido de inter\u00e9s general que la gente del pueblo y la regi\u00f3n debe conocer.\" \/>\n<meta property=\"og:url\" content=\"https:\/\/www.celttv.com.ar\/index.php\/2024\/12\/17\/se-realizo-la-asamblea-anual-de-la-cooperativa-electrica-limitada-de-tornquist\/\" \/>\n<meta property=\"og:site_name\" content=\"CELTTV\" \/>\n<meta property=\"article:publisher\" content=\"https:\/\/www.facebook.com\/celtTV\/\" \/>\n<meta property=\"article:published_time\" content=\"2024-12-18T01:57:21+00:00\" \/>\n<meta property=\"og:image\" content=\"https:\/\/www.celttv.com.ar\/wp-content\/uploads\/2024\/12\/asamblea-1-Medium.jpg\" \/>\n\t<meta property=\"og:image:width\" content=\"1152\" \/>\n\t<meta property=\"og:image:height\" content=\"768\" \/>\n\t<meta property=\"og:image:type\" content=\"image\/jpeg\" \/>\n<meta name=\"author\" content=\"Miguel Herrada\" \/>\n<meta name=\"twitter:card\" content=\"summary_large_image\" \/>\n<meta name=\"twitter:label1\" content=\"Escrito por\" \/>\n\t<meta name=\"twitter:data1\" content=\"Miguel Herrada\" \/>\n\t<meta name=\"twitter:label2\" content=\"Tiempo de lectura\" \/>\n\t<meta name=\"twitter:data2\" content=\"2 minutos\" \/>\n<script type=\"application\/ld+json\" class=\"yoast-schema-graph\">{\"@context\":\"https:\/\/schema.org\",\"@graph\":[{\"@type\":\"NewsArticle\",\"@id\":\"https:\/\/www.celttv.com.ar\/index.php\/2024\/12\/17\/se-realizo-la-asamblea-anual-de-la-cooperativa-electrica-limitada-de-tornquist\/#article\",\"isPartOf\":{\"@id\":\"https:\/\/www.celttv.com.ar\/index.php\/2024\/12\/17\/se-realizo-la-asamblea-anual-de-la-cooperativa-electrica-limitada-de-tornquist\/\"},\"author\":{\"name\":\"Miguel Herrada\",\"@id\":\"https:\/\/www.celttv.com.ar\/#\/schema\/person\/9059dc91dc7204ef4182cdb65225f07d\"},\"headline\":\"Se realiz\u00f3 la asamblea anual de la Cooperativa El\u00e9ctrica Limitada de Tornquist\",\"datePublished\":\"2024-12-18T01:57:21+00:00\",\"dateModified\":\"2024-12-18T01:57:21+00:00\",\"mainEntityOfPage\":{\"@id\":\"https:\/\/www.celttv.com.ar\/index.php\/2024\/12\/17\/se-realizo-la-asamblea-anual-de-la-cooperativa-electrica-limitada-de-tornquist\/\"},\"wordCount\":418,\"publisher\":{\"@id\":\"https:\/\/www.celttv.com.ar\/#organization\"},\"articleSection\":[\"Comunidad\"],\"inLanguage\":\"es\"},{\"@type\":\"WebPage\",\"@id\":\"https:\/\/www.celttv.com.ar\/index.php\/2024\/12\/17\/se-realizo-la-asamblea-anual-de-la-cooperativa-electrica-limitada-de-tornquist\/\",\"url\":\"https:\/\/www.celttv.com.ar\/index.php\/2024\/12\/17\/se-realizo-la-asamblea-anual-de-la-cooperativa-electrica-limitada-de-tornquist\/\",\"name\":\"Se realiz\u00f3 la asamblea anual de la Cooperativa El\u00e9ctrica Limitada de Tornquist - CELTTV\",\"isPartOf\":{\"@id\":\"https:\/\/www.celttv.com.ar\/#website\"},\"datePublished\":\"2024-12-18T01:57:21+00:00\",\"dateModified\":\"2024-12-18T01:57:21+00:00\",\"description\":\"Sitio web de noticias de la localidad de Tornquist, provincia de Buenos Aires, Rep\u00fablica Argentina. Contenido propio originado por periodistas de CELTTV, el canal de TV local de la Cooperativa El\u00e9ctrica de Tornquist. Turismo, Pol\u00edtica, Sociedad, Deporte, Cultura y todo el contenido de inter\u00e9s general que la gente del pueblo y la regi\u00f3n debe conocer.\",\"breadcrumb\":{\"@id\":\"https:\/\/www.celttv.com.ar\/index.php\/2024\/12\/17\/se-realizo-la-asamblea-anual-de-la-cooperativa-electrica-limitada-de-tornquist\/#breadcrumb\"},\"inLanguage\":\"es\",\"potentialAction\":[{\"@type\":\"ReadAction\",\"target\":[\"https:\/\/www.celttv.com.ar\/index.php\/2024\/12\/17\/se-realizo-la-asamblea-anual-de-la-cooperativa-electrica-limitada-de-tornquist\/\"]}]},{\"@type\":\"BreadcrumbList\",\"@id\":\"https:\/\/www.celttv.com.ar\/index.php\/2024\/12\/17\/se-realizo-la-asamblea-anual-de-la-cooperativa-electrica-limitada-de-tornquist\/#breadcrumb\",\"itemListElement\":[{\"@type\":\"ListItem\",\"position\":1,\"name\":\"Inicio\",\"item\":\"https:\/\/www.celttv.com.ar\/\"},{\"@type\":\"ListItem\",\"position\":2,\"name\":\"Se realiz\u00f3 la asamblea anual de la Cooperativa El\u00e9ctrica Limitada de Tornquist\"}]},{\"@type\":\"WebSite\",\"@id\":\"https:\/\/www.celttv.com.ar\/#website\",\"url\":\"https:\/\/www.celttv.com.ar\/\",\"name\":\"CELTTV\",\"description\":\"Cooperativa El\u00e9ctrica de Tornquist\",\"publisher\":{\"@id\":\"https:\/\/www.celttv.com.ar\/#organization\"},\"potentialAction\":[{\"@type\":\"SearchAction\",\"target\":{\"@type\":\"EntryPoint\",\"urlTemplate\":\"https:\/\/www.celttv.com.ar\/?s={search_term_string}\"},\"query-input\":\"required name=search_term_string\"}],\"inLanguage\":\"es\"},{\"@type\":\"Organization\",\"@id\":\"https:\/\/www.celttv.com.ar\/#organization\",\"name\":\"CELTTV\",\"url\":\"https:\/\/www.celttv.com.ar\/\",\"sameAs\":[\"https:\/\/www.youtube.com\/channel\/UCz_oIt8Hig64Ub-EmcNPIhg\",\"https:\/\/www.facebook.com\/celtTV\/\"],\"logo\":{\"@type\":\"ImageObject\",\"inLanguage\":\"es\",\"@id\":\"https:\/\/www.celttv.com.ar\/#\/schema\/logo\/image\/\",\"url\":\"http:\/\/www.celttv.com.ar\/wp-content\/uploads\/2022\/08\/logo-1.png\",\"contentUrl\":\"http:\/\/www.celttv.com.ar\/wp-content\/uploads\/2022\/08\/logo-1.png\",\"width\":461,\"height\":159,\"caption\":\"CELTTV\"},\"image\":{\"@id\":\"https:\/\/www.celttv.com.ar\/#\/schema\/logo\/image\/\"}},{\"@type\":\"Person\",\"@id\":\"https:\/\/www.celttv.com.ar\/#\/schema\/person\/9059dc91dc7204ef4182cdb65225f07d\",\"name\":\"Miguel Herrada\",\"image\":{\"@type\":\"ImageObject\",\"inLanguage\":\"es\",\"@id\":\"https:\/\/www.celttv.com.ar\/#\/schema\/person\/image\/\",\"url\":\"https:\/\/secure.gravatar.com\/avatar\/67724d5b3c716623ffd76bec7e45841a442ac3b456e914dbba90b0fad2b8e0b1?s=96&d=mm&r=g\",\"contentUrl\":\"https:\/\/secure.gravatar.com\/avatar\/67724d5b3c716623ffd76bec7e45841a442ac3b456e914dbba90b0fad2b8e0b1?s=96&d=mm&r=g\",\"caption\":\"Miguel Herrada\"}}]}<\/script>\n<!-- \/ Yoast SEO plugin. -->","yoast_head_json":{"title":"Se realiz\u00f3 la asamblea anual de la Cooperativa El\u00e9ctrica Limitada de Tornquist - CELTTV","description":"Sitio web de noticias de la localidad de Tornquist, provincia de Buenos Aires, Rep\u00fablica Argentina. Contenido propio originado por periodistas de CELTTV, el canal de TV local de la Cooperativa El\u00e9ctrica de Tornquist. Turismo, Pol\u00edtica, Sociedad, Deporte, Cultura y todo el contenido de inter\u00e9s general que la gente del pueblo y la regi\u00f3n debe conocer.","robots":{"index":"index","follow":"follow","max-snippet":"max-snippet:-1","max-image-preview":"max-image-preview:large","max-video-preview":"max-video-preview:-1"},"canonical":"https:\/\/www.celttv.com.ar\/index.php\/2024\/12\/17\/se-realizo-la-asamblea-anual-de-la-cooperativa-electrica-limitada-de-tornquist\/","og_locale":"es_ES","og_type":"article","og_title":"Se realiz\u00f3 la asamblea anual de la Cooperativa El\u00e9ctrica Limitada de Tornquist - CELTTV","og_description":"Sitio web de noticias de la localidad de Tornquist, provincia de Buenos Aires, Rep\u00fablica Argentina. Contenido propio originado por periodistas de CELTTV, el canal de TV local de la Cooperativa El\u00e9ctrica de Tornquist. Turismo, Pol\u00edtica, Sociedad, Deporte, Cultura y todo el contenido de inter\u00e9s general que la gente del pueblo y la regi\u00f3n debe conocer.","og_url":"https:\/\/www.celttv.com.ar\/index.php\/2024\/12\/17\/se-realizo-la-asamblea-anual-de-la-cooperativa-electrica-limitada-de-tornquist\/","og_site_name":"CELTTV","article_publisher":"https:\/\/www.facebook.com\/celtTV\/","article_published_time":"2024-12-18T01:57:21+00:00","og_image":[{"width":1152,"height":768,"url":"https:\/\/www.celttv.com.ar\/wp-content\/uploads\/2024\/12\/asamblea-1-Medium.jpg","type":"image\/jpeg"}],"author":"Miguel Herrada","twitter_card":"summary_large_image","twitter_misc":{"Escrito por":"Miguel Herrada","Tiempo de lectura":"2 minutos"},"schema":{"@context":"https:\/\/schema.org","@graph":[{"@type":"NewsArticle","@id":"https:\/\/www.celttv.com.ar\/index.php\/2024\/12\/17\/se-realizo-la-asamblea-anual-de-la-cooperativa-electrica-limitada-de-tornquist\/#article","isPartOf":{"@id":"https:\/\/www.celttv.com.ar\/index.php\/2024\/12\/17\/se-realizo-la-asamblea-anual-de-la-cooperativa-electrica-limitada-de-tornquist\/"},"author":{"name":"Miguel Herrada","@id":"https:\/\/www.celttv.com.ar\/#\/schema\/person\/9059dc91dc7204ef4182cdb65225f07d"},"headline":"Se realiz\u00f3 la asamblea anual de la Cooperativa El\u00e9ctrica Limitada de Tornquist","datePublished":"2024-12-18T01:57:21+00:00","dateModified":"2024-12-18T01:57:21+00:00","mainEntityOfPage":{"@id":"https:\/\/www.celttv.com.ar\/index.php\/2024\/12\/17\/se-realizo-la-asamblea-anual-de-la-cooperativa-electrica-limitada-de-tornquist\/"},"wordCount":418,"publisher":{"@id":"https:\/\/www.celttv.com.ar\/#organization"},"articleSection":["Comunidad"],"inLanguage":"es"},{"@type":"WebPage","@id":"https:\/\/www.celttv.com.ar\/index.php\/2024\/12\/17\/se-realizo-la-asamblea-anual-de-la-cooperativa-electrica-limitada-de-tornquist\/","url":"https:\/\/www.celttv.com.ar\/index.php\/2024\/12\/17\/se-realizo-la-asamblea-anual-de-la-cooperativa-electrica-limitada-de-tornquist\/","name":"Se realiz\u00f3 la asamblea anual de la Cooperativa El\u00e9ctrica Limitada de Tornquist - CELTTV","isPartOf":{"@id":"https:\/\/www.celttv.com.ar\/#website"},"datePublished":"2024-12-18T01:57:21+00:00","dateModified":"2024-12-18T01:57:21+00:00","description":"Sitio web de noticias de la localidad de Tornquist, provincia de Buenos Aires, Rep\u00fablica Argentina. Contenido propio originado por periodistas de CELTTV, el canal de TV local de la Cooperativa El\u00e9ctrica de Tornquist. Turismo, Pol\u00edtica, Sociedad, Deporte, Cultura y todo el contenido de inter\u00e9s general que la gente del pueblo y la regi\u00f3n debe conocer.","breadcrumb":{"@id":"https:\/\/www.celttv.com.ar\/index.php\/2024\/12\/17\/se-realizo-la-asamblea-anual-de-la-cooperativa-electrica-limitada-de-tornquist\/#breadcrumb"},"inLanguage":"es","potentialAction":[{"@type":"ReadAction","target":["https:\/\/www.celttv.com.ar\/index.php\/2024\/12\/17\/se-realizo-la-asamblea-anual-de-la-cooperativa-electrica-limitada-de-tornquist\/"]}]},{"@type":"BreadcrumbList","@id":"https:\/\/www.celttv.com.ar\/index.php\/2024\/12\/17\/se-realizo-la-asamblea-anual-de-la-cooperativa-electrica-limitada-de-tornquist\/#breadcrumb","itemListElement":[{"@type":"ListItem","position":1,"name":"Inicio","item":"https:\/\/www.celttv.com.ar\/"},{"@type":"ListItem","position":2,"name":"Se realiz\u00f3 la asamblea anual de la Cooperativa El\u00e9ctrica Limitada de Tornquist"}]},{"@type":"WebSite","@id":"https:\/\/www.celttv.com.ar\/#website","url":"https:\/\/www.celttv.com.ar\/","name":"CELTTV","description":"Cooperativa El\u00e9ctrica de Tornquist","publisher":{"@id":"https:\/\/www.celttv.com.ar\/#organization"},"potentialAction":[{"@type":"SearchAction","target":{"@type":"EntryPoint","urlTemplate":"https:\/\/www.celttv.com.ar\/?s={search_term_string}"},"query-input":"required name=search_term_string"}],"inLanguage":"es"},{"@type":"Organization","@id":"https:\/\/www.celttv.com.ar\/#organization","name":"CELTTV","url":"https:\/\/www.celttv.com.ar\/","sameAs":["https:\/\/www.youtube.com\/channel\/UCz_oIt8Hig64Ub-EmcNPIhg","https:\/\/www.facebook.com\/celtTV\/"],"logo":{"@type":"ImageObject","inLanguage":"es","@id":"https:\/\/www.celttv.com.ar\/#\/schema\/logo\/image\/","url":"http:\/\/www.celttv.com.ar\/wp-content\/uploads\/2022\/08\/logo-1.png","contentUrl":"http:\/\/www.celttv.com.ar\/wp-content\/uploads\/2022\/08\/logo-1.png","width":461,"height":159,"caption":"CELTTV"},"image":{"@id":"https:\/\/www.celttv.com.ar\/#\/schema\/logo\/image\/"}},{"@type":"Person","@id":"https:\/\/www.celttv.com.ar\/#\/schema\/person\/9059dc91dc7204ef4182cdb65225f07d","name":"Miguel Herrada","image":{"@type":"ImageObject","inLanguage":"es","@id":"https:\/\/www.celttv.com.ar\/#\/schema\/person\/image\/","url":"https:\/\/secure.gravatar.com\/avatar\/67724d5b3c716623ffd76bec7e45841a442ac3b456e914dbba90b0fad2b8e0b1?s=96&d=mm&r=g","contentUrl":"https:\/\/secure.gravatar.com\/avatar\/67724d5b3c716623ffd76bec7e45841a442ac3b456e914dbba90b0fad2b8e0b1?s=96&d=mm&r=g","caption":"Miguel Herrada"}}]}},"_links":{"self":[{"href":"https:\/\/www.celttv.com.ar\/index.php\/wp-json\/wp\/v2\/posts\/87120","targetHints":{"allow":["GET"]}}],"collection":[{"href":"https:\/\/www.celttv.com.ar\/index.php\/wp-json\/wp\/v2\/posts"}],"about":[{"href":"https:\/\/www.celttv.com.ar\/index.php\/wp-json\/wp\/v2\/types\/post"}],"author":[{"embeddable":true,"href":"https:\/\/www.celttv.com.ar\/index.php\/wp-json\/wp\/v2\/users\/5"}],"replies":[{"embeddable":true,"href":"https:\/\/www.celttv.com.ar\/index.php\/wp-json\/wp\/v2\/comments?post=87120"}],"version-history":[{"count":2,"href":"https:\/\/www.celttv.com.ar\/index.php\/wp-json\/wp\/v2\/posts\/87120\/revisions"}],"predecessor-version":[{"id":87129,"href":"https:\/\/www.celttv.com.ar\/index.php\/wp-json\/wp\/v2\/posts\/87120\/revisions\/87129"}],"wp:featuredmedia":[{"embeddable":true,"href":"https:\/\/www.celttv.com.ar\/index.php\/wp-json\/wp\/v2\/media\/87122"}],"wp:attachment":[{"href":"https:\/\/www.celttv.com.ar\/index.php\/wp-json\/wp\/v2\/media?parent=87120"}],"wp:term":[{"taxonomy":"category","embeddable":true,"href":"https:\/\/www.celttv.com.ar\/index.php\/wp-json\/wp\/v2\/categories?post=87120"},{"taxonomy":"post_tag","embeddable":true,"href":"https:\/\/www.celttv.com.ar\/index.php\/wp-json\/wp\/v2\/tags?post=87120"}],"curies":[{"name":"wp","href":"https:\/\/api.w.org\/{rel}","templated":true}]}}