{"id":87239,"date":"2025-01-03T20:13:40","date_gmt":"2025-01-03T23:13:40","guid":{"rendered":"https:\/\/www.celttv.com.ar\/?p=87239"},"modified":"2025-01-03T23:28:58","modified_gmt":"2025-01-04T02:28:58","slug":"disponible-la-vacuna-contra-el-virus-sincicial-respiratorio-para-embarazadas","status":"publish","type":"post","link":"https:\/\/www.celttv.com.ar\/index.php\/2025\/01\/03\/disponible-la-vacuna-contra-el-virus-sincicial-respiratorio-para-embarazadas\/","title":{"rendered":"Disponible la vacuna contra el Virus Sincicial Respiratorio para embarazadas"},"content":{"rendered":"<p>La Secretar\u00eda de Salud de Tornquist Municipio, informa que ya se encuentra disponible la vacuna contra el Virus Sincicial Respiratorio 2025, para personas embarazadas.<\/p>\n<p>El virus es la principal causa de bronquiolitis que afecta principalmente a menores de un a\u00f1o, por lo que la vacuna previene las formas graves de esta patolog\u00eda.<\/p>\n<p>La inoculaci\u00f3n se aplica en mujeres embarazadas que se encuentren entre las semanas 32 y 36 de gestaci\u00f3n y, con una sola dosis, se protege tanto a la madre como al beb\u00e9.<\/p>\n<p>En Tornquist, la inmunizaci\u00f3n se realiza en la Centro de Atenci\u00f3n Primaria de la Salud \u2018Rosa Bual\u00f3\u2019, mientras que, a partir de la semana pr\u00f3xima, habr\u00e1 dosis disponibles en las unidades sanitarias del resto de las localidades del distrito.<\/p>\n<p><img loading=\"lazy\" decoding=\"async\" class=\"alignnone wp-image-87240 size-large\" src=\"https:\/\/www.celttv.com.ar\/wp-content\/uploads\/2025\/01\/Vacuna-VSR-1-1024x1024.png\" alt=\"\" width=\"1024\" height=\"1024\" srcset=\"https:\/\/www.celttv.com.ar\/wp-content\/uploads\/2025\/01\/Vacuna-VSR-1-1024x1024.png 1024w, https:\/\/www.celttv.com.ar\/wp-content\/uploads\/2025\/01\/Vacuna-VSR-1-300x300.png 300w, https:\/\/www.celttv.com.ar\/wp-content\/uploads\/2025\/01\/Vacuna-VSR-1-150x150.png 150w, https:\/\/www.celttv.com.ar\/wp-content\/uploads\/2025\/01\/Vacuna-VSR-1-768x768.png 768w, https:\/\/www.celttv.com.ar\/wp-content\/uploads\/2025\/01\/Vacuna-VSR-1-1536x1536.png 1536w, https:\/\/www.celttv.com.ar\/wp-content\/uploads\/2025\/01\/Vacuna-VSR-1-75x75.png 75w, https:\/\/www.celttv.com.ar\/wp-content\/uploads\/2025\/01\/Vacuna-VSR-1-750x750.png 750w, https:\/\/www.celttv.com.ar\/wp-content\/uploads\/2025\/01\/Vacuna-VSR-1-1140x1140.png 1140w, https:\/\/www.celttv.com.ar\/wp-content\/uploads\/2025\/01\/Vacuna-VSR-1.png 1600w\" sizes=\"auto, (max-width: 1024px) 100vw, 1024px\" \/> <img loading=\"lazy\" decoding=\"async\" class=\"alignnone wp-image-87241 size-large\" src=\"https:\/\/www.celttv.com.ar\/wp-content\/uploads\/2025\/01\/Vacuna-VSR-2-1024x1024.png\" alt=\"\" width=\"1024\" height=\"1024\" srcset=\"https:\/\/www.celttv.com.ar\/wp-content\/uploads\/2025\/01\/Vacuna-VSR-2-1024x1024.png 1024w, https:\/\/www.celttv.com.ar\/wp-content\/uploads\/2025\/01\/Vacuna-VSR-2-300x300.png 300w, https:\/\/www.celttv.com.ar\/wp-content\/uploads\/2025\/01\/Vacuna-VSR-2-150x150.png 150w, https:\/\/www.celttv.com.ar\/wp-content\/uploads\/2025\/01\/Vacuna-VSR-2-768x768.png 768w, https:\/\/www.celttv.com.ar\/wp-content\/uploads\/2025\/01\/Vacuna-VSR-2-1536x1536.png 1536w, https:\/\/www.celttv.com.ar\/wp-content\/uploads\/2025\/01\/Vacuna-VSR-2-75x75.png 75w, https:\/\/www.celttv.com.ar\/wp-content\/uploads\/2025\/01\/Vacuna-VSR-2-750x750.png 750w, https:\/\/www.celttv.com.ar\/wp-content\/uploads\/2025\/01\/Vacuna-VSR-2-1140x1140.png 1140w, https:\/\/www.celttv.com.ar\/wp-content\/uploads\/2025\/01\/Vacuna-VSR-2.png 1600w\" sizes=\"auto, (max-width: 1024px) 100vw, 1024px\" \/> <img loading=\"lazy\" decoding=\"async\" class=\"alignnone wp-image-87242 size-large\" src=\"https:\/\/www.celttv.com.ar\/wp-content\/uploads\/2025\/01\/Vacuna-VSR-3-1024x1024.png\" alt=\"\" width=\"1024\" height=\"1024\" srcset=\"https:\/\/www.celttv.com.ar\/wp-content\/uploads\/2025\/01\/Vacuna-VSR-3-1024x1024.png 1024w, https:\/\/www.celttv.com.ar\/wp-content\/uploads\/2025\/01\/Vacuna-VSR-3-300x300.png 300w, https:\/\/www.celttv.com.ar\/wp-content\/uploads\/2025\/01\/Vacuna-VSR-3-150x150.png 150w, https:\/\/www.celttv.com.ar\/wp-content\/uploads\/2025\/01\/Vacuna-VSR-3-768x768.png 768w, https:\/\/www.celttv.com.ar\/wp-content\/uploads\/2025\/01\/Vacuna-VSR-3-1536x1536.png 1536w, https:\/\/www.celttv.com.ar\/wp-content\/uploads\/2025\/01\/Vacuna-VSR-3-75x75.png 75w, https:\/\/www.celttv.com.ar\/wp-content\/uploads\/2025\/01\/Vacuna-VSR-3-750x750.png 750w, https:\/\/www.celttv.com.ar\/wp-content\/uploads\/2025\/01\/Vacuna-VSR-3-1140x1140.png 1140w, https:\/\/www.celttv.com.ar\/wp-content\/uploads\/2025\/01\/Vacuna-VSR-3.png 1600w\" sizes=\"auto, (max-width: 1024px) 100vw, 1024px\" \/> <img loading=\"lazy\" decoding=\"async\" class=\"alignnone wp-image-87243 size-large\" src=\"https:\/\/www.celttv.com.ar\/wp-content\/uploads\/2025\/01\/Vacuna-VSR-4-1024x1024.png\" alt=\"\" width=\"1024\" height=\"1024\" srcset=\"https:\/\/www.celttv.com.ar\/wp-content\/uploads\/2025\/01\/Vacuna-VSR-4-1024x1024.png 1024w, https:\/\/www.celttv.com.ar\/wp-content\/uploads\/2025\/01\/Vacuna-VSR-4-300x300.png 300w, https:\/\/www.celttv.com.ar\/wp-content\/uploads\/2025\/01\/Vacuna-VSR-4-150x150.png 150w, https:\/\/www.celttv.com.ar\/wp-content\/uploads\/2025\/01\/Vacuna-VSR-4-768x768.png 768w, https:\/\/www.celttv.com.ar\/wp-content\/uploads\/2025\/01\/Vacuna-VSR-4-1536x1536.png 1536w, https:\/\/www.celttv.com.ar\/wp-content\/uploads\/2025\/01\/Vacuna-VSR-4-75x75.png 75w, https:\/\/www.celttv.com.ar\/wp-content\/uploads\/2025\/01\/Vacuna-VSR-4-750x750.png 750w, https:\/\/www.celttv.com.ar\/wp-content\/uploads\/2025\/01\/Vacuna-VSR-4-1140x1140.png 1140w, https:\/\/www.celttv.com.ar\/wp-content\/uploads\/2025\/01\/Vacuna-VSR-4.png 1600w\" sizes=\"auto, (max-width: 1024px) 100vw, 1024px\" \/><\/p>\n","protected":false},"excerpt":{"rendered":"<p>La Secretar\u00eda de Salud de Tornquist Municipio, informa que ya se encuentra disponible la vacuna contra el Virus Sincicial Respiratorio 2025, para personas embarazadas. El virus es la principal causa de bronquiolitis que afecta principalmente a menores de un a\u00f1o, por lo que la vacuna previene las formas graves de esta patolog\u00eda. La inoculaci\u00f3n se [&hellip;]<\/p>\n","protected":false},"author":5,"featured_media":87240,"comment_status":"closed","ping_status":"closed","sticky":false,"template":"","format":"standard","meta":{"footnotes":""},"categories":[59],"tags":[],"class_list":["post-87239","post","type-post","status-publish","format-standard","has-post-thumbnail","hentry","category-municipales"],"yoast_head":"<!-- This site is optimized with the Yoast SEO plugin v19.7.1 - https:\/\/yoast.com\/wordpress\/plugins\/seo\/ -->\n<title>Disponible la vacuna contra el Virus Sincicial Respiratorio para embarazadas - CELTTV<\/title>\n<meta name=\"description\" content=\"Sitio web de noticias de la localidad de Tornquist, provincia de Buenos Aires, Rep\u00fablica Argentina. Contenido propio originado por periodistas de CELTTV, el canal de TV local de la Cooperativa El\u00e9ctrica de Tornquist. Turismo, Pol\u00edtica, Sociedad, Deporte, Cultura y todo el contenido de inter\u00e9s general que la gente del pueblo y la regi\u00f3n debe conocer.\" \/>\n<meta name=\"robots\" content=\"index, follow, max-snippet:-1, max-image-preview:large, max-video-preview:-1\" \/>\n<link rel=\"canonical\" href=\"https:\/\/www.celttv.com.ar\/index.php\/2025\/01\/03\/disponible-la-vacuna-contra-el-virus-sincicial-respiratorio-para-embarazadas\/\" \/>\n<meta property=\"og:locale\" content=\"es_ES\" \/>\n<meta property=\"og:type\" content=\"article\" \/>\n<meta property=\"og:title\" content=\"Disponible la vacuna contra el Virus Sincicial Respiratorio para embarazadas - CELTTV\" \/>\n<meta property=\"og:description\" content=\"Sitio web de noticias de la localidad de Tornquist, provincia de Buenos Aires, Rep\u00fablica Argentina. Contenido propio originado por periodistas de CELTTV, el canal de TV local de la Cooperativa El\u00e9ctrica de Tornquist. Turismo, Pol\u00edtica, Sociedad, Deporte, Cultura y todo el contenido de inter\u00e9s general que la gente del pueblo y la regi\u00f3n debe conocer.\" \/>\n<meta property=\"og:url\" content=\"https:\/\/www.celttv.com.ar\/index.php\/2025\/01\/03\/disponible-la-vacuna-contra-el-virus-sincicial-respiratorio-para-embarazadas\/\" \/>\n<meta property=\"og:site_name\" content=\"CELTTV\" \/>\n<meta property=\"article:publisher\" content=\"https:\/\/www.facebook.com\/celtTV\/\" \/>\n<meta property=\"article:published_time\" content=\"2025-01-03T23:13:40+00:00\" \/>\n<meta property=\"article:modified_time\" content=\"2025-01-04T02:28:58+00:00\" \/>\n<meta property=\"og:image\" content=\"https:\/\/www.celttv.com.ar\/wp-content\/uploads\/2025\/01\/Vacuna-VSR-1.png\" \/>\n\t<meta property=\"og:image:width\" content=\"1600\" \/>\n\t<meta property=\"og:image:height\" content=\"1600\" \/>\n\t<meta property=\"og:image:type\" content=\"image\/png\" \/>\n<meta name=\"author\" content=\"Miguel Herrada\" \/>\n<meta name=\"twitter:card\" content=\"summary_large_image\" \/>\n<meta name=\"twitter:label1\" content=\"Escrito por\" \/>\n\t<meta name=\"twitter:data1\" content=\"Miguel Herrada\" \/>\n\t<meta name=\"twitter:label2\" content=\"Tiempo de lectura\" \/>\n\t<meta name=\"twitter:data2\" content=\"1 minuto\" \/>\n<script type=\"application\/ld+json\" class=\"yoast-schema-graph\">{\"@context\":\"https:\/\/schema.org\",\"@graph\":[{\"@type\":\"NewsArticle\",\"@id\":\"https:\/\/www.celttv.com.ar\/index.php\/2025\/01\/03\/disponible-la-vacuna-contra-el-virus-sincicial-respiratorio-para-embarazadas\/#article\",\"isPartOf\":{\"@id\":\"https:\/\/www.celttv.com.ar\/index.php\/2025\/01\/03\/disponible-la-vacuna-contra-el-virus-sincicial-respiratorio-para-embarazadas\/\"},\"author\":{\"name\":\"Miguel Herrada\",\"@id\":\"https:\/\/www.celttv.com.ar\/#\/schema\/person\/9059dc91dc7204ef4182cdb65225f07d\"},\"headline\":\"Disponible la vacuna contra el Virus Sincicial Respiratorio para embarazadas\",\"datePublished\":\"2025-01-03T23:13:40+00:00\",\"dateModified\":\"2025-01-04T02:28:58+00:00\",\"mainEntityOfPage\":{\"@id\":\"https:\/\/www.celttv.com.ar\/index.php\/2025\/01\/03\/disponible-la-vacuna-contra-el-virus-sincicial-respiratorio-para-embarazadas\/\"},\"wordCount\":138,\"publisher\":{\"@id\":\"https:\/\/www.celttv.com.ar\/#organization\"},\"articleSection\":[\"Municipales\"],\"inLanguage\":\"es\"},{\"@type\":\"WebPage\",\"@id\":\"https:\/\/www.celttv.com.ar\/index.php\/2025\/01\/03\/disponible-la-vacuna-contra-el-virus-sincicial-respiratorio-para-embarazadas\/\",\"url\":\"https:\/\/www.celttv.com.ar\/index.php\/2025\/01\/03\/disponible-la-vacuna-contra-el-virus-sincicial-respiratorio-para-embarazadas\/\",\"name\":\"Disponible la vacuna contra el Virus Sincicial Respiratorio para embarazadas - CELTTV\",\"isPartOf\":{\"@id\":\"https:\/\/www.celttv.com.ar\/#website\"},\"datePublished\":\"2025-01-03T23:13:40+00:00\",\"dateModified\":\"2025-01-04T02:28:58+00:00\",\"description\":\"Sitio web de noticias de la localidad de Tornquist, provincia de Buenos Aires, Rep\u00fablica Argentina. Contenido propio originado por periodistas de CELTTV, el canal de TV local de la Cooperativa El\u00e9ctrica de Tornquist. Turismo, Pol\u00edtica, Sociedad, Deporte, Cultura y todo el contenido de inter\u00e9s general que la gente del pueblo y la regi\u00f3n debe conocer.\",\"breadcrumb\":{\"@id\":\"https:\/\/www.celttv.com.ar\/index.php\/2025\/01\/03\/disponible-la-vacuna-contra-el-virus-sincicial-respiratorio-para-embarazadas\/#breadcrumb\"},\"inLanguage\":\"es\",\"potentialAction\":[{\"@type\":\"ReadAction\",\"target\":[\"https:\/\/www.celttv.com.ar\/index.php\/2025\/01\/03\/disponible-la-vacuna-contra-el-virus-sincicial-respiratorio-para-embarazadas\/\"]}]},{\"@type\":\"BreadcrumbList\",\"@id\":\"https:\/\/www.celttv.com.ar\/index.php\/2025\/01\/03\/disponible-la-vacuna-contra-el-virus-sincicial-respiratorio-para-embarazadas\/#breadcrumb\",\"itemListElement\":[{\"@type\":\"ListItem\",\"position\":1,\"name\":\"Inicio\",\"item\":\"https:\/\/www.celttv.com.ar\/\"},{\"@type\":\"ListItem\",\"position\":2,\"name\":\"Disponible la vacuna contra el Virus Sincicial Respiratorio para embarazadas\"}]},{\"@type\":\"WebSite\",\"@id\":\"https:\/\/www.celttv.com.ar\/#website\",\"url\":\"https:\/\/www.celttv.com.ar\/\",\"name\":\"CELTTV\",\"description\":\"Cooperativa El\u00e9ctrica de Tornquist\",\"publisher\":{\"@id\":\"https:\/\/www.celttv.com.ar\/#organization\"},\"potentialAction\":[{\"@type\":\"SearchAction\",\"target\":{\"@type\":\"EntryPoint\",\"urlTemplate\":\"https:\/\/www.celttv.com.ar\/?s={search_term_string}\"},\"query-input\":\"required name=search_term_string\"}],\"inLanguage\":\"es\"},{\"@type\":\"Organization\",\"@id\":\"https:\/\/www.celttv.com.ar\/#organization\",\"name\":\"CELTTV\",\"url\":\"https:\/\/www.celttv.com.ar\/\",\"sameAs\":[\"https:\/\/www.youtube.com\/channel\/UCz_oIt8Hig64Ub-EmcNPIhg\",\"https:\/\/www.facebook.com\/celtTV\/\"],\"logo\":{\"@type\":\"ImageObject\",\"inLanguage\":\"es\",\"@id\":\"https:\/\/www.celttv.com.ar\/#\/schema\/logo\/image\/\",\"url\":\"http:\/\/www.celttv.com.ar\/wp-content\/uploads\/2022\/08\/logo-1.png\",\"contentUrl\":\"http:\/\/www.celttv.com.ar\/wp-content\/uploads\/2022\/08\/logo-1.png\",\"width\":461,\"height\":159,\"caption\":\"CELTTV\"},\"image\":{\"@id\":\"https:\/\/www.celttv.com.ar\/#\/schema\/logo\/image\/\"}},{\"@type\":\"Person\",\"@id\":\"https:\/\/www.celttv.com.ar\/#\/schema\/person\/9059dc91dc7204ef4182cdb65225f07d\",\"name\":\"Miguel Herrada\",\"image\":{\"@type\":\"ImageObject\",\"inLanguage\":\"es\",\"@id\":\"https:\/\/www.celttv.com.ar\/#\/schema\/person\/image\/\",\"url\":\"https:\/\/secure.gravatar.com\/avatar\/67724d5b3c716623ffd76bec7e45841a442ac3b456e914dbba90b0fad2b8e0b1?s=96&d=mm&r=g\",\"contentUrl\":\"https:\/\/secure.gravatar.com\/avatar\/67724d5b3c716623ffd76bec7e45841a442ac3b456e914dbba90b0fad2b8e0b1?s=96&d=mm&r=g\",\"caption\":\"Miguel Herrada\"}}]}<\/script>\n<!-- \/ Yoast SEO plugin. -->","yoast_head_json":{"title":"Disponible la vacuna contra el Virus Sincicial Respiratorio para embarazadas - CELTTV","description":"Sitio web de noticias de la localidad de Tornquist, provincia de Buenos Aires, Rep\u00fablica Argentina. Contenido propio originado por periodistas de CELTTV, el canal de TV local de la Cooperativa El\u00e9ctrica de Tornquist. Turismo, Pol\u00edtica, Sociedad, Deporte, Cultura y todo el contenido de inter\u00e9s general que la gente del pueblo y la regi\u00f3n debe conocer.","robots":{"index":"index","follow":"follow","max-snippet":"max-snippet:-1","max-image-preview":"max-image-preview:large","max-video-preview":"max-video-preview:-1"},"canonical":"https:\/\/www.celttv.com.ar\/index.php\/2025\/01\/03\/disponible-la-vacuna-contra-el-virus-sincicial-respiratorio-para-embarazadas\/","og_locale":"es_ES","og_type":"article","og_title":"Disponible la vacuna contra el Virus Sincicial Respiratorio para embarazadas - CELTTV","og_description":"Sitio web de noticias de la localidad de Tornquist, provincia de Buenos Aires, Rep\u00fablica Argentina. Contenido propio originado por periodistas de CELTTV, el canal de TV local de la Cooperativa El\u00e9ctrica de Tornquist. Turismo, Pol\u00edtica, Sociedad, Deporte, Cultura y todo el contenido de inter\u00e9s general que la gente del pueblo y la regi\u00f3n debe conocer.","og_url":"https:\/\/www.celttv.com.ar\/index.php\/2025\/01\/03\/disponible-la-vacuna-contra-el-virus-sincicial-respiratorio-para-embarazadas\/","og_site_name":"CELTTV","article_publisher":"https:\/\/www.facebook.com\/celtTV\/","article_published_time":"2025-01-03T23:13:40+00:00","article_modified_time":"2025-01-04T02:28:58+00:00","og_image":[{"width":1600,"height":1600,"url":"https:\/\/www.celttv.com.ar\/wp-content\/uploads\/2025\/01\/Vacuna-VSR-1.png","type":"image\/png"}],"author":"Miguel Herrada","twitter_card":"summary_large_image","twitter_misc":{"Escrito por":"Miguel Herrada","Tiempo de lectura":"1 minuto"},"schema":{"@context":"https:\/\/schema.org","@graph":[{"@type":"NewsArticle","@id":"https:\/\/www.celttv.com.ar\/index.php\/2025\/01\/03\/disponible-la-vacuna-contra-el-virus-sincicial-respiratorio-para-embarazadas\/#article","isPartOf":{"@id":"https:\/\/www.celttv.com.ar\/index.php\/2025\/01\/03\/disponible-la-vacuna-contra-el-virus-sincicial-respiratorio-para-embarazadas\/"},"author":{"name":"Miguel Herrada","@id":"https:\/\/www.celttv.com.ar\/#\/schema\/person\/9059dc91dc7204ef4182cdb65225f07d"},"headline":"Disponible la vacuna contra el Virus Sincicial Respiratorio para embarazadas","datePublished":"2025-01-03T23:13:40+00:00","dateModified":"2025-01-04T02:28:58+00:00","mainEntityOfPage":{"@id":"https:\/\/www.celttv.com.ar\/index.php\/2025\/01\/03\/disponible-la-vacuna-contra-el-virus-sincicial-respiratorio-para-embarazadas\/"},"wordCount":138,"publisher":{"@id":"https:\/\/www.celttv.com.ar\/#organization"},"articleSection":["Municipales"],"inLanguage":"es"},{"@type":"WebPage","@id":"https:\/\/www.celttv.com.ar\/index.php\/2025\/01\/03\/disponible-la-vacuna-contra-el-virus-sincicial-respiratorio-para-embarazadas\/","url":"https:\/\/www.celttv.com.ar\/index.php\/2025\/01\/03\/disponible-la-vacuna-contra-el-virus-sincicial-respiratorio-para-embarazadas\/","name":"Disponible la vacuna contra el Virus Sincicial Respiratorio para embarazadas - CELTTV","isPartOf":{"@id":"https:\/\/www.celttv.com.ar\/#website"},"datePublished":"2025-01-03T23:13:40+00:00","dateModified":"2025-01-04T02:28:58+00:00","description":"Sitio web de noticias de la localidad de Tornquist, provincia de Buenos Aires, Rep\u00fablica Argentina. Contenido propio originado por periodistas de CELTTV, el canal de TV local de la Cooperativa El\u00e9ctrica de Tornquist. Turismo, Pol\u00edtica, Sociedad, Deporte, Cultura y todo el contenido de inter\u00e9s general que la gente del pueblo y la regi\u00f3n debe conocer.","breadcrumb":{"@id":"https:\/\/www.celttv.com.ar\/index.php\/2025\/01\/03\/disponible-la-vacuna-contra-el-virus-sincicial-respiratorio-para-embarazadas\/#breadcrumb"},"inLanguage":"es","potentialAction":[{"@type":"ReadAction","target":["https:\/\/www.celttv.com.ar\/index.php\/2025\/01\/03\/disponible-la-vacuna-contra-el-virus-sincicial-respiratorio-para-embarazadas\/"]}]},{"@type":"BreadcrumbList","@id":"https:\/\/www.celttv.com.ar\/index.php\/2025\/01\/03\/disponible-la-vacuna-contra-el-virus-sincicial-respiratorio-para-embarazadas\/#breadcrumb","itemListElement":[{"@type":"ListItem","position":1,"name":"Inicio","item":"https:\/\/www.celttv.com.ar\/"},{"@type":"ListItem","position":2,"name":"Disponible la vacuna contra el Virus Sincicial Respiratorio para embarazadas"}]},{"@type":"WebSite","@id":"https:\/\/www.celttv.com.ar\/#website","url":"https:\/\/www.celttv.com.ar\/","name":"CELTTV","description":"Cooperativa El\u00e9ctrica de Tornquist","publisher":{"@id":"https:\/\/www.celttv.com.ar\/#organization"},"potentialAction":[{"@type":"SearchAction","target":{"@type":"EntryPoint","urlTemplate":"https:\/\/www.celttv.com.ar\/?s={search_term_string}"},"query-input":"required name=search_term_string"}],"inLanguage":"es"},{"@type":"Organization","@id":"https:\/\/www.celttv.com.ar\/#organization","name":"CELTTV","url":"https:\/\/www.celttv.com.ar\/","sameAs":["https:\/\/www.youtube.com\/channel\/UCz_oIt8Hig64Ub-EmcNPIhg","https:\/\/www.facebook.com\/celtTV\/"],"logo":{"@type":"ImageObject","inLanguage":"es","@id":"https:\/\/www.celttv.com.ar\/#\/schema\/logo\/image\/","url":"http:\/\/www.celttv.com.ar\/wp-content\/uploads\/2022\/08\/logo-1.png","contentUrl":"http:\/\/www.celttv.com.ar\/wp-content\/uploads\/2022\/08\/logo-1.png","width":461,"height":159,"caption":"CELTTV"},"image":{"@id":"https:\/\/www.celttv.com.ar\/#\/schema\/logo\/image\/"}},{"@type":"Person","@id":"https:\/\/www.celttv.com.ar\/#\/schema\/person\/9059dc91dc7204ef4182cdb65225f07d","name":"Miguel Herrada","image":{"@type":"ImageObject","inLanguage":"es","@id":"https:\/\/www.celttv.com.ar\/#\/schema\/person\/image\/","url":"https:\/\/secure.gravatar.com\/avatar\/67724d5b3c716623ffd76bec7e45841a442ac3b456e914dbba90b0fad2b8e0b1?s=96&d=mm&r=g","contentUrl":"https:\/\/secure.gravatar.com\/avatar\/67724d5b3c716623ffd76bec7e45841a442ac3b456e914dbba90b0fad2b8e0b1?s=96&d=mm&r=g","caption":"Miguel Herrada"}}]}},"_links":{"self":[{"href":"https:\/\/www.celttv.com.ar\/index.php\/wp-json\/wp\/v2\/posts\/87239","targetHints":{"allow":["GET"]}}],"collection":[{"href":"https:\/\/www.celttv.com.ar\/index.php\/wp-json\/wp\/v2\/posts"}],"about":[{"href":"https:\/\/www.celttv.com.ar\/index.php\/wp-json\/wp\/v2\/types\/post"}],"author":[{"embeddable":true,"href":"https:\/\/www.celttv.com.ar\/index.php\/wp-json\/wp\/v2\/users\/5"}],"replies":[{"embeddable":true,"href":"https:\/\/www.celttv.com.ar\/index.php\/wp-json\/wp\/v2\/comments?post=87239"}],"version-history":[{"count":1,"href":"https:\/\/www.celttv.com.ar\/index.php\/wp-json\/wp\/v2\/posts\/87239\/revisions"}],"predecessor-version":[{"id":87244,"href":"https:\/\/www.celttv.com.ar\/index.php\/wp-json\/wp\/v2\/posts\/87239\/revisions\/87244"}],"wp:featuredmedia":[{"embeddable":true,"href":"https:\/\/www.celttv.com.ar\/index.php\/wp-json\/wp\/v2\/media\/87240"}],"wp:attachment":[{"href":"https:\/\/www.celttv.com.ar\/index.php\/wp-json\/wp\/v2\/media?parent=87239"}],"wp:term":[{"taxonomy":"category","embeddable":true,"href":"https:\/\/www.celttv.com.ar\/index.php\/wp-json\/wp\/v2\/categories?post=87239"},{"taxonomy":"post_tag","embeddable":true,"href":"https:\/\/www.celttv.com.ar\/index.php\/wp-json\/wp\/v2\/tags?post=87239"}],"curies":[{"name":"wp","href":"https:\/\/api.w.org\/{rel}","templated":true}]}}