{"id":87259,"date":"2025-01-10T14:04:46","date_gmt":"2025-01-10T17:04:46","guid":{"rendered":"https:\/\/www.celttv.com.ar\/?p=87259"},"modified":"2025-01-10T14:04:46","modified_gmt":"2025-01-10T17:04:46","slug":"parte-de-prensa-de-la-secretaria-de-seguridad-4","status":"publish","type":"post","link":"https:\/\/www.celttv.com.ar\/index.php\/2025\/01\/10\/parte-de-prensa-de-la-secretaria-de-seguridad-4\/","title":{"rendered":"Parte de prensa de la Secretar\u00eda de Seguridad"},"content":{"rendered":"<p>La secretaria de Seguridad del Municipio de Tornquist, lleva a conocimiento a la comunidad que, en el marco del Operativo de Sol a Sol 2024\/2025, el personal policial de Sierra de la Ventana, el d\u00eda 9 de enero, en horas de la tarde, procedi\u00f3 a la aprehensi\u00f3n por del delito de Robo a MOLLER WALTER OMAR ALBERTO (37), NO residente, oriundo de Coronel Dorrego. Quien momentos previos ingresa al domicilio de calle Diego Meyer 371 propiedad de QUI\u00d1ONEZ YESICA ANAHI (28), bombero voluntario de nuestra localidad, la cual se encontraba sofocando un foco \u00edgneo de pastizales en el ex club hotel.<\/p>\n<p>Aprovechando la ausencia de morador, violent\u00f3 el ventiluz, sustrayendo del interior una billetera con documentaci\u00f3n, la suma de 200.000 pesos, un tel\u00e9fono celular Samsung J7 y una linterna, siendo interceptado a 100 metros del lugar del hecho.<\/p>\n<p>Base a esta aprehensi\u00f3n, personal policial procede a recuperar elementos sustra\u00eddos en relaci\u00f3n a tres hechos de misma modalidad:<\/p>\n<p>Hecho N\u00ba1: denunciante VARILLAS JORGE LUIS, fecha de denuncia \u00a029\/12\/24, le sustraen partencias de su domicilio de calle Meyer S\/N, Caratula Hurto, se recupera totalidad de elementos sustra\u00eddos.<\/p>\n<p>Hecho N\u00ba2: De localidad de Saldugaray, denunciado por MARIELA BEGEDZA (52), con fecha 07\/01\/25, le sustraen de su almac\u00e9n, calle Victoria 142 Saldungaray, la suma de $40.000. Recuperando la totalidad de la suma de menci\u00f3n y se procede al secuestro de las prendas que utiliz\u00f3 MOLLER al momento de cometer el il\u00edcito, siendo captado por c\u00e1maras de monitoreo del municipio de Tornquist.<\/p>\n<p>Hecho N\u00ba3: denuncia radicada por CASQUERO ADRIAN ARIEL (55), delito ROBO, con fecha 15\/12\/24, de calle G\u00fcemes 89 Sierra de la Ventana, empresa de trasporte \u00a0Norte Bus, se recupera totalidad de lo sustra\u00eddo.-<\/p>\n<p><img loading=\"lazy\" decoding=\"async\" class=\"alignnone wp-image-87260 size-full\" src=\"https:\/\/www.celttv.com.ar\/wp-content\/uploads\/2025\/01\/132215_54_parte101-1.jpeg_720.jpeg\" alt=\"\" width=\"720\" height=\"1266\" srcset=\"https:\/\/www.celttv.com.ar\/wp-content\/uploads\/2025\/01\/132215_54_parte101-1.jpeg_720.jpeg 720w, https:\/\/www.celttv.com.ar\/wp-content\/uploads\/2025\/01\/132215_54_parte101-1.jpeg_720-171x300.jpeg 171w, https:\/\/www.celttv.com.ar\/wp-content\/uploads\/2025\/01\/132215_54_parte101-1.jpeg_720-582x1024.jpeg 582w\" sizes=\"auto, (max-width: 720px) 100vw, 720px\" \/> <img loading=\"lazy\" decoding=\"async\" class=\"alignnone wp-image-87261 size-full\" src=\"https:\/\/www.celttv.com.ar\/wp-content\/uploads\/2025\/01\/132215_54_parte101-2.jpeg_720.jpeg\" alt=\"\" width=\"720\" height=\"1600\" srcset=\"https:\/\/www.celttv.com.ar\/wp-content\/uploads\/2025\/01\/132215_54_parte101-2.jpeg_720.jpeg 720w, https:\/\/www.celttv.com.ar\/wp-content\/uploads\/2025\/01\/132215_54_parte101-2.jpeg_720-135x300.jpeg 135w, https:\/\/www.celttv.com.ar\/wp-content\/uploads\/2025\/01\/132215_54_parte101-2.jpeg_720-461x1024.jpeg 461w, https:\/\/www.celttv.com.ar\/wp-content\/uploads\/2025\/01\/132215_54_parte101-2.jpeg_720-691x1536.jpeg 691w\" sizes=\"auto, (max-width: 720px) 100vw, 720px\" \/><\/p>\n","protected":false},"excerpt":{"rendered":"<p>La secretaria de Seguridad del Municipio de Tornquist, lleva a conocimiento a la comunidad que, en el marco del Operativo de Sol a Sol 2024\/2025, el personal policial de Sierra de la Ventana, el d\u00eda 9 de enero, en horas de la tarde, procedi\u00f3 a la aprehensi\u00f3n por del delito de Robo a MOLLER WALTER [&hellip;]<\/p>\n","protected":false},"author":3,"featured_media":87261,"comment_status":"closed","ping_status":"closed","sticky":false,"template":"","format":"standard","meta":{"footnotes":""},"categories":[61],"tags":[],"class_list":["post-87259","post","type-post","status-publish","format-standard","has-post-thumbnail","hentry","category-policiales"],"yoast_head":"<!-- This site is optimized with the Yoast SEO plugin v19.7.1 - https:\/\/yoast.com\/wordpress\/plugins\/seo\/ -->\n<title>Parte de prensa de la Secretar\u00eda de Seguridad - CELTTV<\/title>\n<meta name=\"description\" content=\"Sitio web de noticias de la localidad de Tornquist, provincia de Buenos Aires, Rep\u00fablica Argentina. Contenido propio originado por periodistas de CELTTV, el canal de TV local de la Cooperativa El\u00e9ctrica de Tornquist. Turismo, Pol\u00edtica, Sociedad, Deporte, Cultura y todo el contenido de inter\u00e9s general que la gente del pueblo y la regi\u00f3n debe conocer.\" \/>\n<meta name=\"robots\" content=\"index, follow, max-snippet:-1, max-image-preview:large, max-video-preview:-1\" \/>\n<link rel=\"canonical\" href=\"https:\/\/www.celttv.com.ar\/index.php\/2025\/01\/10\/parte-de-prensa-de-la-secretaria-de-seguridad-4\/\" \/>\n<meta property=\"og:locale\" content=\"es_ES\" \/>\n<meta property=\"og:type\" content=\"article\" \/>\n<meta property=\"og:title\" content=\"Parte de prensa de la Secretar\u00eda de Seguridad - CELTTV\" \/>\n<meta property=\"og:description\" content=\"Sitio web de noticias de la localidad de Tornquist, provincia de Buenos Aires, Rep\u00fablica Argentina. Contenido propio originado por periodistas de CELTTV, el canal de TV local de la Cooperativa El\u00e9ctrica de Tornquist. Turismo, Pol\u00edtica, Sociedad, Deporte, Cultura y todo el contenido de inter\u00e9s general que la gente del pueblo y la regi\u00f3n debe conocer.\" \/>\n<meta property=\"og:url\" content=\"https:\/\/www.celttv.com.ar\/index.php\/2025\/01\/10\/parte-de-prensa-de-la-secretaria-de-seguridad-4\/\" \/>\n<meta property=\"og:site_name\" content=\"CELTTV\" \/>\n<meta property=\"article:publisher\" content=\"https:\/\/www.facebook.com\/celtTV\/\" \/>\n<meta property=\"article:published_time\" content=\"2025-01-10T17:04:46+00:00\" \/>\n<meta property=\"og:image\" content=\"https:\/\/www.celttv.com.ar\/wp-content\/uploads\/2025\/01\/132215_54_parte101-2.jpeg_720.jpeg\" \/>\n\t<meta property=\"og:image:width\" content=\"720\" \/>\n\t<meta property=\"og:image:height\" content=\"1600\" \/>\n\t<meta property=\"og:image:type\" content=\"image\/jpeg\" \/>\n<meta name=\"author\" content=\"Rodrigo Sgammini\" \/>\n<meta name=\"twitter:card\" content=\"summary_large_image\" \/>\n<meta name=\"twitter:label1\" content=\"Escrito por\" \/>\n\t<meta name=\"twitter:data1\" content=\"Rodrigo Sgammini\" \/>\n\t<meta name=\"twitter:label2\" content=\"Tiempo de lectura\" \/>\n\t<meta name=\"twitter:data2\" content=\"1 minuto\" \/>\n<script type=\"application\/ld+json\" class=\"yoast-schema-graph\">{\"@context\":\"https:\/\/schema.org\",\"@graph\":[{\"@type\":\"NewsArticle\",\"@id\":\"https:\/\/www.celttv.com.ar\/index.php\/2025\/01\/10\/parte-de-prensa-de-la-secretaria-de-seguridad-4\/#article\",\"isPartOf\":{\"@id\":\"https:\/\/www.celttv.com.ar\/index.php\/2025\/01\/10\/parte-de-prensa-de-la-secretaria-de-seguridad-4\/\"},\"author\":{\"name\":\"Rodrigo Sgammini\",\"@id\":\"https:\/\/www.celttv.com.ar\/#\/schema\/person\/495be51d064edd971d8457f8f64eb172\"},\"headline\":\"Parte de prensa de la Secretar\u00eda de Seguridad\",\"datePublished\":\"2025-01-10T17:04:46+00:00\",\"dateModified\":\"2025-01-10T17:04:46+00:00\",\"mainEntityOfPage\":{\"@id\":\"https:\/\/www.celttv.com.ar\/index.php\/2025\/01\/10\/parte-de-prensa-de-la-secretaria-de-seguridad-4\/\"},\"wordCount\":290,\"publisher\":{\"@id\":\"https:\/\/www.celttv.com.ar\/#organization\"},\"articleSection\":[\"Policiales\"],\"inLanguage\":\"es\"},{\"@type\":\"WebPage\",\"@id\":\"https:\/\/www.celttv.com.ar\/index.php\/2025\/01\/10\/parte-de-prensa-de-la-secretaria-de-seguridad-4\/\",\"url\":\"https:\/\/www.celttv.com.ar\/index.php\/2025\/01\/10\/parte-de-prensa-de-la-secretaria-de-seguridad-4\/\",\"name\":\"Parte de prensa de la Secretar\u00eda de Seguridad - CELTTV\",\"isPartOf\":{\"@id\":\"https:\/\/www.celttv.com.ar\/#website\"},\"datePublished\":\"2025-01-10T17:04:46+00:00\",\"dateModified\":\"2025-01-10T17:04:46+00:00\",\"description\":\"Sitio web de noticias de la localidad de Tornquist, provincia de Buenos Aires, Rep\u00fablica Argentina. Contenido propio originado por periodistas de CELTTV, el canal de TV local de la Cooperativa El\u00e9ctrica de Tornquist. Turismo, Pol\u00edtica, Sociedad, Deporte, Cultura y todo el contenido de inter\u00e9s general que la gente del pueblo y la regi\u00f3n debe conocer.\",\"breadcrumb\":{\"@id\":\"https:\/\/www.celttv.com.ar\/index.php\/2025\/01\/10\/parte-de-prensa-de-la-secretaria-de-seguridad-4\/#breadcrumb\"},\"inLanguage\":\"es\",\"potentialAction\":[{\"@type\":\"ReadAction\",\"target\":[\"https:\/\/www.celttv.com.ar\/index.php\/2025\/01\/10\/parte-de-prensa-de-la-secretaria-de-seguridad-4\/\"]}]},{\"@type\":\"BreadcrumbList\",\"@id\":\"https:\/\/www.celttv.com.ar\/index.php\/2025\/01\/10\/parte-de-prensa-de-la-secretaria-de-seguridad-4\/#breadcrumb\",\"itemListElement\":[{\"@type\":\"ListItem\",\"position\":1,\"name\":\"Inicio\",\"item\":\"https:\/\/www.celttv.com.ar\/\"},{\"@type\":\"ListItem\",\"position\":2,\"name\":\"Parte de prensa de la Secretar\u00eda de Seguridad\"}]},{\"@type\":\"WebSite\",\"@id\":\"https:\/\/www.celttv.com.ar\/#website\",\"url\":\"https:\/\/www.celttv.com.ar\/\",\"name\":\"CELTTV\",\"description\":\"Cooperativa El\u00e9ctrica de Tornquist\",\"publisher\":{\"@id\":\"https:\/\/www.celttv.com.ar\/#organization\"},\"potentialAction\":[{\"@type\":\"SearchAction\",\"target\":{\"@type\":\"EntryPoint\",\"urlTemplate\":\"https:\/\/www.celttv.com.ar\/?s={search_term_string}\"},\"query-input\":\"required name=search_term_string\"}],\"inLanguage\":\"es\"},{\"@type\":\"Organization\",\"@id\":\"https:\/\/www.celttv.com.ar\/#organization\",\"name\":\"CELTTV\",\"url\":\"https:\/\/www.celttv.com.ar\/\",\"sameAs\":[\"https:\/\/www.youtube.com\/channel\/UCz_oIt8Hig64Ub-EmcNPIhg\",\"https:\/\/www.facebook.com\/celtTV\/\"],\"logo\":{\"@type\":\"ImageObject\",\"inLanguage\":\"es\",\"@id\":\"https:\/\/www.celttv.com.ar\/#\/schema\/logo\/image\/\",\"url\":\"http:\/\/www.celttv.com.ar\/wp-content\/uploads\/2022\/08\/logo-1.png\",\"contentUrl\":\"http:\/\/www.celttv.com.ar\/wp-content\/uploads\/2022\/08\/logo-1.png\",\"width\":461,\"height\":159,\"caption\":\"CELTTV\"},\"image\":{\"@id\":\"https:\/\/www.celttv.com.ar\/#\/schema\/logo\/image\/\"}},{\"@type\":\"Person\",\"@id\":\"https:\/\/www.celttv.com.ar\/#\/schema\/person\/495be51d064edd971d8457f8f64eb172\",\"name\":\"Rodrigo Sgammini\",\"image\":{\"@type\":\"ImageObject\",\"inLanguage\":\"es\",\"@id\":\"https:\/\/www.celttv.com.ar\/#\/schema\/person\/image\/\",\"url\":\"https:\/\/secure.gravatar.com\/avatar\/68f7848d42735e7a9276b47cd6e606327d88f521c51ae39d88888b76902e2987?s=96&d=mm&r=g\",\"contentUrl\":\"https:\/\/secure.gravatar.com\/avatar\/68f7848d42735e7a9276b47cd6e606327d88f521c51ae39d88888b76902e2987?s=96&d=mm&r=g\",\"caption\":\"Rodrigo Sgammini\"}}]}<\/script>\n<!-- \/ Yoast SEO plugin. -->","yoast_head_json":{"title":"Parte de prensa de la Secretar\u00eda de Seguridad - CELTTV","description":"Sitio web de noticias de la localidad de Tornquist, provincia de Buenos Aires, Rep\u00fablica Argentina. Contenido propio originado por periodistas de CELTTV, el canal de TV local de la Cooperativa El\u00e9ctrica de Tornquist. Turismo, Pol\u00edtica, Sociedad, Deporte, Cultura y todo el contenido de inter\u00e9s general que la gente del pueblo y la regi\u00f3n debe conocer.","robots":{"index":"index","follow":"follow","max-snippet":"max-snippet:-1","max-image-preview":"max-image-preview:large","max-video-preview":"max-video-preview:-1"},"canonical":"https:\/\/www.celttv.com.ar\/index.php\/2025\/01\/10\/parte-de-prensa-de-la-secretaria-de-seguridad-4\/","og_locale":"es_ES","og_type":"article","og_title":"Parte de prensa de la Secretar\u00eda de Seguridad - CELTTV","og_description":"Sitio web de noticias de la localidad de Tornquist, provincia de Buenos Aires, Rep\u00fablica Argentina. Contenido propio originado por periodistas de CELTTV, el canal de TV local de la Cooperativa El\u00e9ctrica de Tornquist. Turismo, Pol\u00edtica, Sociedad, Deporte, Cultura y todo el contenido de inter\u00e9s general que la gente del pueblo y la regi\u00f3n debe conocer.","og_url":"https:\/\/www.celttv.com.ar\/index.php\/2025\/01\/10\/parte-de-prensa-de-la-secretaria-de-seguridad-4\/","og_site_name":"CELTTV","article_publisher":"https:\/\/www.facebook.com\/celtTV\/","article_published_time":"2025-01-10T17:04:46+00:00","og_image":[{"width":720,"height":1600,"url":"https:\/\/www.celttv.com.ar\/wp-content\/uploads\/2025\/01\/132215_54_parte101-2.jpeg_720.jpeg","type":"image\/jpeg"}],"author":"Rodrigo Sgammini","twitter_card":"summary_large_image","twitter_misc":{"Escrito por":"Rodrigo Sgammini","Tiempo de lectura":"1 minuto"},"schema":{"@context":"https:\/\/schema.org","@graph":[{"@type":"NewsArticle","@id":"https:\/\/www.celttv.com.ar\/index.php\/2025\/01\/10\/parte-de-prensa-de-la-secretaria-de-seguridad-4\/#article","isPartOf":{"@id":"https:\/\/www.celttv.com.ar\/index.php\/2025\/01\/10\/parte-de-prensa-de-la-secretaria-de-seguridad-4\/"},"author":{"name":"Rodrigo Sgammini","@id":"https:\/\/www.celttv.com.ar\/#\/schema\/person\/495be51d064edd971d8457f8f64eb172"},"headline":"Parte de prensa de la Secretar\u00eda de Seguridad","datePublished":"2025-01-10T17:04:46+00:00","dateModified":"2025-01-10T17:04:46+00:00","mainEntityOfPage":{"@id":"https:\/\/www.celttv.com.ar\/index.php\/2025\/01\/10\/parte-de-prensa-de-la-secretaria-de-seguridad-4\/"},"wordCount":290,"publisher":{"@id":"https:\/\/www.celttv.com.ar\/#organization"},"articleSection":["Policiales"],"inLanguage":"es"},{"@type":"WebPage","@id":"https:\/\/www.celttv.com.ar\/index.php\/2025\/01\/10\/parte-de-prensa-de-la-secretaria-de-seguridad-4\/","url":"https:\/\/www.celttv.com.ar\/index.php\/2025\/01\/10\/parte-de-prensa-de-la-secretaria-de-seguridad-4\/","name":"Parte de prensa de la Secretar\u00eda de Seguridad - CELTTV","isPartOf":{"@id":"https:\/\/www.celttv.com.ar\/#website"},"datePublished":"2025-01-10T17:04:46+00:00","dateModified":"2025-01-10T17:04:46+00:00","description":"Sitio web de noticias de la localidad de Tornquist, provincia de Buenos Aires, Rep\u00fablica Argentina. Contenido propio originado por periodistas de CELTTV, el canal de TV local de la Cooperativa El\u00e9ctrica de Tornquist. Turismo, Pol\u00edtica, Sociedad, Deporte, Cultura y todo el contenido de inter\u00e9s general que la gente del pueblo y la regi\u00f3n debe conocer.","breadcrumb":{"@id":"https:\/\/www.celttv.com.ar\/index.php\/2025\/01\/10\/parte-de-prensa-de-la-secretaria-de-seguridad-4\/#breadcrumb"},"inLanguage":"es","potentialAction":[{"@type":"ReadAction","target":["https:\/\/www.celttv.com.ar\/index.php\/2025\/01\/10\/parte-de-prensa-de-la-secretaria-de-seguridad-4\/"]}]},{"@type":"BreadcrumbList","@id":"https:\/\/www.celttv.com.ar\/index.php\/2025\/01\/10\/parte-de-prensa-de-la-secretaria-de-seguridad-4\/#breadcrumb","itemListElement":[{"@type":"ListItem","position":1,"name":"Inicio","item":"https:\/\/www.celttv.com.ar\/"},{"@type":"ListItem","position":2,"name":"Parte de prensa de la Secretar\u00eda de Seguridad"}]},{"@type":"WebSite","@id":"https:\/\/www.celttv.com.ar\/#website","url":"https:\/\/www.celttv.com.ar\/","name":"CELTTV","description":"Cooperativa El\u00e9ctrica de Tornquist","publisher":{"@id":"https:\/\/www.celttv.com.ar\/#organization"},"potentialAction":[{"@type":"SearchAction","target":{"@type":"EntryPoint","urlTemplate":"https:\/\/www.celttv.com.ar\/?s={search_term_string}"},"query-input":"required name=search_term_string"}],"inLanguage":"es"},{"@type":"Organization","@id":"https:\/\/www.celttv.com.ar\/#organization","name":"CELTTV","url":"https:\/\/www.celttv.com.ar\/","sameAs":["https:\/\/www.youtube.com\/channel\/UCz_oIt8Hig64Ub-EmcNPIhg","https:\/\/www.facebook.com\/celtTV\/"],"logo":{"@type":"ImageObject","inLanguage":"es","@id":"https:\/\/www.celttv.com.ar\/#\/schema\/logo\/image\/","url":"http:\/\/www.celttv.com.ar\/wp-content\/uploads\/2022\/08\/logo-1.png","contentUrl":"http:\/\/www.celttv.com.ar\/wp-content\/uploads\/2022\/08\/logo-1.png","width":461,"height":159,"caption":"CELTTV"},"image":{"@id":"https:\/\/www.celttv.com.ar\/#\/schema\/logo\/image\/"}},{"@type":"Person","@id":"https:\/\/www.celttv.com.ar\/#\/schema\/person\/495be51d064edd971d8457f8f64eb172","name":"Rodrigo Sgammini","image":{"@type":"ImageObject","inLanguage":"es","@id":"https:\/\/www.celttv.com.ar\/#\/schema\/person\/image\/","url":"https:\/\/secure.gravatar.com\/avatar\/68f7848d42735e7a9276b47cd6e606327d88f521c51ae39d88888b76902e2987?s=96&d=mm&r=g","contentUrl":"https:\/\/secure.gravatar.com\/avatar\/68f7848d42735e7a9276b47cd6e606327d88f521c51ae39d88888b76902e2987?s=96&d=mm&r=g","caption":"Rodrigo Sgammini"}}]}},"_links":{"self":[{"href":"https:\/\/www.celttv.com.ar\/index.php\/wp-json\/wp\/v2\/posts\/87259","targetHints":{"allow":["GET"]}}],"collection":[{"href":"https:\/\/www.celttv.com.ar\/index.php\/wp-json\/wp\/v2\/posts"}],"about":[{"href":"https:\/\/www.celttv.com.ar\/index.php\/wp-json\/wp\/v2\/types\/post"}],"author":[{"embeddable":true,"href":"https:\/\/www.celttv.com.ar\/index.php\/wp-json\/wp\/v2\/users\/3"}],"replies":[{"embeddable":true,"href":"https:\/\/www.celttv.com.ar\/index.php\/wp-json\/wp\/v2\/comments?post=87259"}],"version-history":[{"count":1,"href":"https:\/\/www.celttv.com.ar\/index.php\/wp-json\/wp\/v2\/posts\/87259\/revisions"}],"predecessor-version":[{"id":87262,"href":"https:\/\/www.celttv.com.ar\/index.php\/wp-json\/wp\/v2\/posts\/87259\/revisions\/87262"}],"wp:featuredmedia":[{"embeddable":true,"href":"https:\/\/www.celttv.com.ar\/index.php\/wp-json\/wp\/v2\/media\/87261"}],"wp:attachment":[{"href":"https:\/\/www.celttv.com.ar\/index.php\/wp-json\/wp\/v2\/media?parent=87259"}],"wp:term":[{"taxonomy":"category","embeddable":true,"href":"https:\/\/www.celttv.com.ar\/index.php\/wp-json\/wp\/v2\/categories?post=87259"},{"taxonomy":"post_tag","embeddable":true,"href":"https:\/\/www.celttv.com.ar\/index.php\/wp-json\/wp\/v2\/tags?post=87259"}],"curies":[{"name":"wp","href":"https:\/\/api.w.org\/{rel}","templated":true}]}}