{"id":8727,"date":"2012-10-25T23:21:07","date_gmt":"2012-10-25T23:21:07","guid":{"rendered":"http:\/\/www.tvcnoticias.com.ar\/?p=8727"},"modified":"2012-10-25T23:21:07","modified_gmt":"2012-10-25T23:21:07","slug":"el-municipio-fue-sede-de-la-presentacion-del-bapin","status":"publish","type":"post","link":"https:\/\/www.celttv.com.ar\/index.php\/2012\/10\/25\/el-municipio-fue-sede-de-la-presentacion-del-bapin\/","title":{"rendered":"EL MUNICIPIO DE TORNQUIST FUE SEDE DE LA PRESENTACION DEL BAPIN"},"content":{"rendered":"<p><a href=\"http:\/\/www.youtube.com\/watch?v=GKayFqOMYw8\">httpv:\/\/www.youtube.com\/watch?v=GKayFqOMYw8<\/a><br \/>\n<a>httpv:\/\/www.youtube.com\/watch?v=hYUY4iZI0C4<\/a><br \/>\nCon la presencia de municipios de la regi\u00f3n, se realiz\u00f3 en la ma\u00f1ana de hoy la presentaci\u00f3n del sistema del Banco de Proyectos de Inversi\u00f3n (BAPIN III), impulsado por la Direcci\u00f3n de Inversi\u00f3n P\u00fablica de la Subsecretar\u00eda de Coordinaci\u00f3n con Estados y Organismos de Cr\u00e9dito Internacionales del Ministerio de Econom\u00eda de la Provincia de Buenos Aires.<br \/>\n\u00a0\u00a0 La jornada cont\u00f3 con la presencia de la directora de Inversi\u00f3n P\u00fablica bonaerense, licenciada Jimena Das Neves, quien luego de la bienvenida realizada por la intendente interina del distrito de Tornquist, profesora Mar\u00eda Ofelia Skolak, desarroll\u00f3 las bondades del sistema que incluir\u00e1 todos los proyectos y las obras que se encuentran en ejecuci\u00f3n en el \u00e1mbito provincial.<br \/>\n\u00a0\u00a0 \u201cQuiero agradecerle a Gimena Das Neves por acompa\u00f1arnos, al igual que a todo su equipo de trabajo y a Diego Rivas, coordinador nacional de Inversi\u00f3n P\u00fablica. Ellos nos est\u00e1n presentando este sistema, que es una herramienta muy importante para el crecimiento del Estado. Hoy debo recibirlos en nombre del intendente Gustavo Trankels, por eso quiero destacar el aporte y reconocer el trabajo en este sentido de la ministra de Econom\u00eda, Silvina Batakis, y el gobernador Daniel Scioli\u201d, afirm\u00f3 Skolak.<br \/>\n\u00a0\u00a0 Das Neves profundiz\u00f3 respecto de la importancia del BAPIN y la implicancia que tendr\u00e1 en un futuro cercano para los municipios.<br \/>\n\u00a0\u00a0 \u201cLa idea fue presentar cu\u00e1les son los aspectos m\u00e1s importantes del sistema, que es provincial y se reglamentar\u00e1 pr\u00f3ximamente con un decreto del gobernador Daniel Scioli, para todos los organismos y municipios. Nosotros estamos mostrando el sistema, que ser\u00e1 \u00fatil para la gesti\u00f3n, en toda la provincia. Luego concretaremos tres capacitaciones en el mes de noviembre en La Plata, con un taller m\u00e1s intensivo\u201d, explic\u00f3.<br \/>\n\u00a0\u00a0 \u201cEs un banco de proyectos, cuyo objetivo es centralizar todas las necesidades de los organismos o los municipios, tanto de infraestructura como de repavimentaci\u00f3n de calles, construcci\u00f3n de escuelas, pintura en salas m\u00e9dicas y todos los programas de fortalecimiento, como salud, capacitaci\u00f3n a docentes y planes tur\u00edsticos. La intenci\u00f3n es que todas las comunas lo carguen en el sistema\u201d, confi\u00f3.<br \/>\n\u00a0\u00a0 \u201cSabemos que formular un proyecto es clave y entendemos que los municipios no cuentan con los recursos de un equipo t\u00e9cnico para formular proyectos o bien el d\u00eda a d\u00eda hace que uno no pueda pensar de ac\u00e1 al a\u00f1o que viene. Por eso tambi\u00e9n pusimos a disposici\u00f3n nuestro equipo\u201d, confi\u00f3.<br \/>\n\u00a0\u00a0 Mediante este sistema, cada municipio no solo podr\u00e1 cargar todos los planes que pretende cristalizar a futuro, sino tambi\u00e9n seguir la evoluci\u00f3n de las obras provinciales que se encuentran en ejecuci\u00f3n.<br \/>\n\u00a0\u00a0 Adem\u00e1s de funcionarios de la comuna anfitriona, entre ellos el de Gobierno y Hacienda, Guillermo L\u00f6ffler, de la presentaci\u00f3n participaron representantes de Villarino, Bah\u00eda Blanca, Coronel Su\u00e1rez, Adolfo Alsina, Puan y Monter Hermoso.<\/p>\n","protected":false},"excerpt":{"rendered":"<p>httpv:\/\/www.youtube.com\/watch?v=GKayFqOMYw8 httpv:\/\/www.youtube.com\/watch?v=hYUY4iZI0C4 Con la presencia de municipios de la regi\u00f3n, se realiz\u00f3 en la ma\u00f1ana de hoy la presentaci\u00f3n del sistema del Banco de Proyectos de Inversi\u00f3n (BAPIN III), impulsado por la Direcci\u00f3n de Inversi\u00f3n P\u00fablica de la Subsecretar\u00eda de Coordinaci\u00f3n con Estados y Organismos de Cr\u00e9dito Internacionales del Ministerio de Econom\u00eda de la Provincia [&hellip;]<\/p>\n","protected":false},"author":1,"featured_media":0,"comment_status":"closed","ping_status":"open","sticky":false,"template":"","format":"standard","meta":{"footnotes":""},"categories":[51,53,64],"tags":[],"class_list":["post-8727","post","type-post","status-publish","format-standard","hentry","category-comunidad","category-politica","category-videos-destacados"],"yoast_head":"<!-- This site is optimized with the Yoast SEO plugin v19.7.1 - https:\/\/yoast.com\/wordpress\/plugins\/seo\/ -->\n<title>EL MUNICIPIO DE TORNQUIST FUE SEDE DE LA PRESENTACION DEL BAPIN - CELTTV<\/title>\n<meta name=\"description\" content=\"Sitio web de noticias de la localidad de Tornquist, provincia de Buenos Aires, Rep\u00fablica Argentina. Contenido propio originado por periodistas de CELTTV, el canal de TV local de la Cooperativa El\u00e9ctrica de Tornquist. Turismo, Pol\u00edtica, Sociedad, Deporte, Cultura y todo el contenido de inter\u00e9s general que la gente del pueblo y la regi\u00f3n debe conocer.\" \/>\n<meta name=\"robots\" content=\"index, follow, max-snippet:-1, max-image-preview:large, max-video-preview:-1\" \/>\n<link rel=\"canonical\" href=\"https:\/\/www.celttv.com.ar\/index.php\/2012\/10\/25\/el-municipio-fue-sede-de-la-presentacion-del-bapin\/\" \/>\n<meta property=\"og:locale\" content=\"es_ES\" \/>\n<meta property=\"og:type\" content=\"article\" \/>\n<meta property=\"og:title\" content=\"EL MUNICIPIO DE TORNQUIST FUE SEDE DE LA PRESENTACION DEL BAPIN - CELTTV\" \/>\n<meta property=\"og:description\" content=\"Sitio web de noticias de la localidad de Tornquist, provincia de Buenos Aires, Rep\u00fablica Argentina. Contenido propio originado por periodistas de CELTTV, el canal de TV local de la Cooperativa El\u00e9ctrica de Tornquist. Turismo, Pol\u00edtica, Sociedad, Deporte, Cultura y todo el contenido de inter\u00e9s general que la gente del pueblo y la regi\u00f3n debe conocer.\" \/>\n<meta property=\"og:url\" content=\"https:\/\/www.celttv.com.ar\/index.php\/2012\/10\/25\/el-municipio-fue-sede-de-la-presentacion-del-bapin\/\" \/>\n<meta property=\"og:site_name\" content=\"CELTTV\" \/>\n<meta property=\"article:publisher\" content=\"https:\/\/www.facebook.com\/celtTV\/\" \/>\n<meta property=\"article:published_time\" content=\"2012-10-25T23:21:07+00:00\" \/>\n<meta name=\"author\" content=\"ulises\" \/>\n<meta name=\"twitter:card\" content=\"summary_large_image\" \/>\n<meta name=\"twitter:label1\" content=\"Escrito por\" \/>\n\t<meta name=\"twitter:data1\" content=\"ulises\" \/>\n\t<meta name=\"twitter:label2\" content=\"Tiempo de lectura\" \/>\n\t<meta name=\"twitter:data2\" content=\"3 minutos\" \/>\n<script type=\"application\/ld+json\" class=\"yoast-schema-graph\">{\"@context\":\"https:\/\/schema.org\",\"@graph\":[{\"@type\":\"NewsArticle\",\"@id\":\"https:\/\/www.celttv.com.ar\/index.php\/2012\/10\/25\/el-municipio-fue-sede-de-la-presentacion-del-bapin\/#article\",\"isPartOf\":{\"@id\":\"https:\/\/www.celttv.com.ar\/index.php\/2012\/10\/25\/el-municipio-fue-sede-de-la-presentacion-del-bapin\/\"},\"author\":{\"name\":\"ulises\",\"@id\":\"https:\/\/www.celttv.com.ar\/#\/schema\/person\/6d99c072dba59953809c81446e9d0ace\"},\"headline\":\"EL MUNICIPIO DE TORNQUIST FUE SEDE DE LA PRESENTACION DEL BAPIN\",\"datePublished\":\"2012-10-25T23:21:07+00:00\",\"dateModified\":\"2012-10-25T23:21:07+00:00\",\"mainEntityOfPage\":{\"@id\":\"https:\/\/www.celttv.com.ar\/index.php\/2012\/10\/25\/el-municipio-fue-sede-de-la-presentacion-del-bapin\/\"},\"wordCount\":525,\"publisher\":{\"@id\":\"https:\/\/www.celttv.com.ar\/#organization\"},\"articleSection\":[\"Comunidad\",\"Pol\u00edtica\",\"Videos Destacados\"],\"inLanguage\":\"es\"},{\"@type\":\"WebPage\",\"@id\":\"https:\/\/www.celttv.com.ar\/index.php\/2012\/10\/25\/el-municipio-fue-sede-de-la-presentacion-del-bapin\/\",\"url\":\"https:\/\/www.celttv.com.ar\/index.php\/2012\/10\/25\/el-municipio-fue-sede-de-la-presentacion-del-bapin\/\",\"name\":\"EL MUNICIPIO DE TORNQUIST FUE SEDE DE LA PRESENTACION DEL BAPIN - CELTTV\",\"isPartOf\":{\"@id\":\"https:\/\/www.celttv.com.ar\/#website\"},\"datePublished\":\"2012-10-25T23:21:07+00:00\",\"dateModified\":\"2012-10-25T23:21:07+00:00\",\"description\":\"Sitio web de noticias de la localidad de Tornquist, provincia de Buenos Aires, Rep\u00fablica Argentina. Contenido propio originado por periodistas de CELTTV, el canal de TV local de la Cooperativa El\u00e9ctrica de Tornquist. Turismo, Pol\u00edtica, Sociedad, Deporte, Cultura y todo el contenido de inter\u00e9s general que la gente del pueblo y la regi\u00f3n debe conocer.\",\"breadcrumb\":{\"@id\":\"https:\/\/www.celttv.com.ar\/index.php\/2012\/10\/25\/el-municipio-fue-sede-de-la-presentacion-del-bapin\/#breadcrumb\"},\"inLanguage\":\"es\",\"potentialAction\":[{\"@type\":\"ReadAction\",\"target\":[\"https:\/\/www.celttv.com.ar\/index.php\/2012\/10\/25\/el-municipio-fue-sede-de-la-presentacion-del-bapin\/\"]}]},{\"@type\":\"BreadcrumbList\",\"@id\":\"https:\/\/www.celttv.com.ar\/index.php\/2012\/10\/25\/el-municipio-fue-sede-de-la-presentacion-del-bapin\/#breadcrumb\",\"itemListElement\":[{\"@type\":\"ListItem\",\"position\":1,\"name\":\"Inicio\",\"item\":\"https:\/\/www.celttv.com.ar\/\"},{\"@type\":\"ListItem\",\"position\":2,\"name\":\"EL MUNICIPIO DE TORNQUIST FUE SEDE DE LA PRESENTACION DEL BAPIN\"}]},{\"@type\":\"WebSite\",\"@id\":\"https:\/\/www.celttv.com.ar\/#website\",\"url\":\"https:\/\/www.celttv.com.ar\/\",\"name\":\"CELTTV\",\"description\":\"Cooperativa El\u00e9ctrica de Tornquist\",\"publisher\":{\"@id\":\"https:\/\/www.celttv.com.ar\/#organization\"},\"potentialAction\":[{\"@type\":\"SearchAction\",\"target\":{\"@type\":\"EntryPoint\",\"urlTemplate\":\"https:\/\/www.celttv.com.ar\/?s={search_term_string}\"},\"query-input\":\"required name=search_term_string\"}],\"inLanguage\":\"es\"},{\"@type\":\"Organization\",\"@id\":\"https:\/\/www.celttv.com.ar\/#organization\",\"name\":\"CELTTV\",\"url\":\"https:\/\/www.celttv.com.ar\/\",\"sameAs\":[\"https:\/\/www.youtube.com\/channel\/UCz_oIt8Hig64Ub-EmcNPIhg\",\"https:\/\/www.facebook.com\/celtTV\/\"],\"logo\":{\"@type\":\"ImageObject\",\"inLanguage\":\"es\",\"@id\":\"https:\/\/www.celttv.com.ar\/#\/schema\/logo\/image\/\",\"url\":\"http:\/\/www.celttv.com.ar\/wp-content\/uploads\/2022\/08\/logo-1.png\",\"contentUrl\":\"http:\/\/www.celttv.com.ar\/wp-content\/uploads\/2022\/08\/logo-1.png\",\"width\":461,\"height\":159,\"caption\":\"CELTTV\"},\"image\":{\"@id\":\"https:\/\/www.celttv.com.ar\/#\/schema\/logo\/image\/\"}},{\"@type\":\"Person\",\"@id\":\"https:\/\/www.celttv.com.ar\/#\/schema\/person\/6d99c072dba59953809c81446e9d0ace\",\"name\":\"ulises\",\"image\":{\"@type\":\"ImageObject\",\"inLanguage\":\"es\",\"@id\":\"https:\/\/www.celttv.com.ar\/#\/schema\/person\/image\/\",\"url\":\"https:\/\/secure.gravatar.com\/avatar\/7f2c48bdc33b30088f941fb6082e555f2874c98e20cb159d7b92b50eadfce793?s=96&d=mm&r=g\",\"contentUrl\":\"https:\/\/secure.gravatar.com\/avatar\/7f2c48bdc33b30088f941fb6082e555f2874c98e20cb159d7b92b50eadfce793?s=96&d=mm&r=g\",\"caption\":\"ulises\"},\"sameAs\":[\"http:\/\/www.celttv.com.ar\"]}]}<\/script>\n<!-- \/ Yoast SEO plugin. -->","yoast_head_json":{"title":"EL MUNICIPIO DE TORNQUIST FUE SEDE DE LA PRESENTACION DEL BAPIN - CELTTV","description":"Sitio web de noticias de la localidad de Tornquist, provincia de Buenos Aires, Rep\u00fablica Argentina. Contenido propio originado por periodistas de CELTTV, el canal de TV local de la Cooperativa El\u00e9ctrica de Tornquist. Turismo, Pol\u00edtica, Sociedad, Deporte, Cultura y todo el contenido de inter\u00e9s general que la gente del pueblo y la regi\u00f3n debe conocer.","robots":{"index":"index","follow":"follow","max-snippet":"max-snippet:-1","max-image-preview":"max-image-preview:large","max-video-preview":"max-video-preview:-1"},"canonical":"https:\/\/www.celttv.com.ar\/index.php\/2012\/10\/25\/el-municipio-fue-sede-de-la-presentacion-del-bapin\/","og_locale":"es_ES","og_type":"article","og_title":"EL MUNICIPIO DE TORNQUIST FUE SEDE DE LA PRESENTACION DEL BAPIN - CELTTV","og_description":"Sitio web de noticias de la localidad de Tornquist, provincia de Buenos Aires, Rep\u00fablica Argentina. Contenido propio originado por periodistas de CELTTV, el canal de TV local de la Cooperativa El\u00e9ctrica de Tornquist. Turismo, Pol\u00edtica, Sociedad, Deporte, Cultura y todo el contenido de inter\u00e9s general que la gente del pueblo y la regi\u00f3n debe conocer.","og_url":"https:\/\/www.celttv.com.ar\/index.php\/2012\/10\/25\/el-municipio-fue-sede-de-la-presentacion-del-bapin\/","og_site_name":"CELTTV","article_publisher":"https:\/\/www.facebook.com\/celtTV\/","article_published_time":"2012-10-25T23:21:07+00:00","author":"ulises","twitter_card":"summary_large_image","twitter_misc":{"Escrito por":"ulises","Tiempo de lectura":"3 minutos"},"schema":{"@context":"https:\/\/schema.org","@graph":[{"@type":"NewsArticle","@id":"https:\/\/www.celttv.com.ar\/index.php\/2012\/10\/25\/el-municipio-fue-sede-de-la-presentacion-del-bapin\/#article","isPartOf":{"@id":"https:\/\/www.celttv.com.ar\/index.php\/2012\/10\/25\/el-municipio-fue-sede-de-la-presentacion-del-bapin\/"},"author":{"name":"ulises","@id":"https:\/\/www.celttv.com.ar\/#\/schema\/person\/6d99c072dba59953809c81446e9d0ace"},"headline":"EL MUNICIPIO DE TORNQUIST FUE SEDE DE LA PRESENTACION DEL BAPIN","datePublished":"2012-10-25T23:21:07+00:00","dateModified":"2012-10-25T23:21:07+00:00","mainEntityOfPage":{"@id":"https:\/\/www.celttv.com.ar\/index.php\/2012\/10\/25\/el-municipio-fue-sede-de-la-presentacion-del-bapin\/"},"wordCount":525,"publisher":{"@id":"https:\/\/www.celttv.com.ar\/#organization"},"articleSection":["Comunidad","Pol\u00edtica","Videos Destacados"],"inLanguage":"es"},{"@type":"WebPage","@id":"https:\/\/www.celttv.com.ar\/index.php\/2012\/10\/25\/el-municipio-fue-sede-de-la-presentacion-del-bapin\/","url":"https:\/\/www.celttv.com.ar\/index.php\/2012\/10\/25\/el-municipio-fue-sede-de-la-presentacion-del-bapin\/","name":"EL MUNICIPIO DE TORNQUIST FUE SEDE DE LA PRESENTACION DEL BAPIN - CELTTV","isPartOf":{"@id":"https:\/\/www.celttv.com.ar\/#website"},"datePublished":"2012-10-25T23:21:07+00:00","dateModified":"2012-10-25T23:21:07+00:00","description":"Sitio web de noticias de la localidad de Tornquist, provincia de Buenos Aires, Rep\u00fablica Argentina. Contenido propio originado por periodistas de CELTTV, el canal de TV local de la Cooperativa El\u00e9ctrica de Tornquist. Turismo, Pol\u00edtica, Sociedad, Deporte, Cultura y todo el contenido de inter\u00e9s general que la gente del pueblo y la regi\u00f3n debe conocer.","breadcrumb":{"@id":"https:\/\/www.celttv.com.ar\/index.php\/2012\/10\/25\/el-municipio-fue-sede-de-la-presentacion-del-bapin\/#breadcrumb"},"inLanguage":"es","potentialAction":[{"@type":"ReadAction","target":["https:\/\/www.celttv.com.ar\/index.php\/2012\/10\/25\/el-municipio-fue-sede-de-la-presentacion-del-bapin\/"]}]},{"@type":"BreadcrumbList","@id":"https:\/\/www.celttv.com.ar\/index.php\/2012\/10\/25\/el-municipio-fue-sede-de-la-presentacion-del-bapin\/#breadcrumb","itemListElement":[{"@type":"ListItem","position":1,"name":"Inicio","item":"https:\/\/www.celttv.com.ar\/"},{"@type":"ListItem","position":2,"name":"EL MUNICIPIO DE TORNQUIST FUE SEDE DE LA PRESENTACION DEL BAPIN"}]},{"@type":"WebSite","@id":"https:\/\/www.celttv.com.ar\/#website","url":"https:\/\/www.celttv.com.ar\/","name":"CELTTV","description":"Cooperativa El\u00e9ctrica de Tornquist","publisher":{"@id":"https:\/\/www.celttv.com.ar\/#organization"},"potentialAction":[{"@type":"SearchAction","target":{"@type":"EntryPoint","urlTemplate":"https:\/\/www.celttv.com.ar\/?s={search_term_string}"},"query-input":"required name=search_term_string"}],"inLanguage":"es"},{"@type":"Organization","@id":"https:\/\/www.celttv.com.ar\/#organization","name":"CELTTV","url":"https:\/\/www.celttv.com.ar\/","sameAs":["https:\/\/www.youtube.com\/channel\/UCz_oIt8Hig64Ub-EmcNPIhg","https:\/\/www.facebook.com\/celtTV\/"],"logo":{"@type":"ImageObject","inLanguage":"es","@id":"https:\/\/www.celttv.com.ar\/#\/schema\/logo\/image\/","url":"http:\/\/www.celttv.com.ar\/wp-content\/uploads\/2022\/08\/logo-1.png","contentUrl":"http:\/\/www.celttv.com.ar\/wp-content\/uploads\/2022\/08\/logo-1.png","width":461,"height":159,"caption":"CELTTV"},"image":{"@id":"https:\/\/www.celttv.com.ar\/#\/schema\/logo\/image\/"}},{"@type":"Person","@id":"https:\/\/www.celttv.com.ar\/#\/schema\/person\/6d99c072dba59953809c81446e9d0ace","name":"ulises","image":{"@type":"ImageObject","inLanguage":"es","@id":"https:\/\/www.celttv.com.ar\/#\/schema\/person\/image\/","url":"https:\/\/secure.gravatar.com\/avatar\/7f2c48bdc33b30088f941fb6082e555f2874c98e20cb159d7b92b50eadfce793?s=96&d=mm&r=g","contentUrl":"https:\/\/secure.gravatar.com\/avatar\/7f2c48bdc33b30088f941fb6082e555f2874c98e20cb159d7b92b50eadfce793?s=96&d=mm&r=g","caption":"ulises"},"sameAs":["http:\/\/www.celttv.com.ar"]}]}},"_links":{"self":[{"href":"https:\/\/www.celttv.com.ar\/index.php\/wp-json\/wp\/v2\/posts\/8727","targetHints":{"allow":["GET"]}}],"collection":[{"href":"https:\/\/www.celttv.com.ar\/index.php\/wp-json\/wp\/v2\/posts"}],"about":[{"href":"https:\/\/www.celttv.com.ar\/index.php\/wp-json\/wp\/v2\/types\/post"}],"author":[{"embeddable":true,"href":"https:\/\/www.celttv.com.ar\/index.php\/wp-json\/wp\/v2\/users\/1"}],"replies":[{"embeddable":true,"href":"https:\/\/www.celttv.com.ar\/index.php\/wp-json\/wp\/v2\/comments?post=8727"}],"version-history":[{"count":0,"href":"https:\/\/www.celttv.com.ar\/index.php\/wp-json\/wp\/v2\/posts\/8727\/revisions"}],"wp:attachment":[{"href":"https:\/\/www.celttv.com.ar\/index.php\/wp-json\/wp\/v2\/media?parent=8727"}],"wp:term":[{"taxonomy":"category","embeddable":true,"href":"https:\/\/www.celttv.com.ar\/index.php\/wp-json\/wp\/v2\/categories?post=8727"},{"taxonomy":"post_tag","embeddable":true,"href":"https:\/\/www.celttv.com.ar\/index.php\/wp-json\/wp\/v2\/tags?post=8727"}],"curies":[{"name":"wp","href":"https:\/\/api.w.org\/{rel}","templated":true}]}}