{"id":87433,"date":"2025-01-23T17:13:03","date_gmt":"2025-01-23T20:13:03","guid":{"rendered":"https:\/\/www.celttv.com.ar\/?p=87433"},"modified":"2025-01-23T17:13:03","modified_gmt":"2025-01-23T20:13:03","slug":"parte-de-prensa-de-la-secretaria-de-seguridad-5","status":"publish","type":"post","link":"https:\/\/www.celttv.com.ar\/index.php\/2025\/01\/23\/parte-de-prensa-de-la-secretaria-de-seguridad-5\/","title":{"rendered":"Parte de prensa de la Secretar\u00eda de Seguridad"},"content":{"rendered":"<p><strong>LLAMO A LOS BOMBEROS POR UN INCENDIO INEXISTENTE<\/strong><\/p>\n<p>La Secretaria de Seguridad del Partido de Tornquist, lleva a conocimiento que la Estaci\u00f3n Polic\u00eda de Seguridad Comunal Tornquist, inici\u00f3 de oficio actuaciones contravencionales por INF. ART 81 BIS INC A Y B LEY 8031, al ciudadano SCIALABBA BRAIAN oriundo de Coronel Suarez, por comprobarse que el mismo el d\u00eda 10 de enero del corriente, hab\u00eda realizado llamado telef\u00f3nico a los Bomberos Voluntarios de Tornquist, solicitando presencia de bomberos por un incendio de una vivienda en Calle Rivadavia 232, corroborase luego por Personal de Bomberos falsa alarma e incendio inexistente. Dado que toda persona que provoque enga\u00f1osamente la concurrencia de servicios de emergencia, con intervenci\u00f3n del Juzgado de Paz Letrado de Tornquist.<\/p>\n<p><strong>COMPRA AMBULANTE DE BATERIAS<\/strong><\/p>\n<p>Como as\u00ed tambi\u00e9n, Personal de la Estaci\u00f3n de Policial de Seguridad Comunal Tornquist juntamente con el Cuerpo de Inspectores Municipales, labraron INFRACCION a la ORDENANZA MUNICIPAL 3375\/21, por compra ambulante de bater\u00edas de autom\u00f3viles al ciudadano BOGADO ALEXIS NICOLAS oriundo de Ituzaing\u00f3, procedi\u00e9ndose al SECUESTRO de ocho (8) bater\u00edas de autom\u00f3vil usadas. Interviene Juzgado de Faltas de Tornquist.<\/p>\n<p><strong>VENDEDORES AMBULANTES EN INFRACCION<\/strong><\/p>\n<p>Asimismo, se realiz\u00f3 INFRACCION a la ORDENANZA MUNICIPAL 3375\/21 por venta ambulante a los ciudadanos GONZALEZ LEANDRO ADRIAN; MEZA JONATHAN; PELLEGRINI CARLOS y LEIVA DAMIAN ALEJANDRO; oriundos de Jos\u00e9 C. Paz, los cuales fueran interceptados en diferentes puntos de este medio, procedi\u00e9ndose al SECUESTRO de ciento sesenta y cinco (165) pares de medias y dos (02) boxers. Interviene Juzgado de Faltas de Tornquist.<\/p>\n<p><strong>SECUESTRAN UN VEHICULO QUE TENIA PROHIBICION DE CIRCULAR<\/strong><\/p>\n<p>Por otro lado, el d\u00eda jueves 23 del corriente,se procede a interceptar veh\u00edculo Volkswagen gol\u00a0 dominio colocado AYG569, al mando de Machado Ra\u00fal Orlando (45) DNI N\u00b0 27.407.288 (No residente), dicho veh\u00edculo al ser cursado por sala inform\u00e1tica , arroja resultado positivo para PROHIBICION DE CIRCULAR medida solicitada por registro de la propiedad del automotor de General Acha, La Pampa, atento a esta medida se procede al secuestro de tarjeta verde y veh\u00edculo quedando a alojado en esta dependencia a disposici\u00f3n del Reg. Aut. De Gral. Acha Secc. 11001.<\/p>\n<p><strong>LABRAN INFRACCIONES EN LOCAL COMERCIAL POR CARECER DE HABILITACION<\/strong><\/p>\n<p>Tambi\u00e9n en forma conjunta se llevaron controles de locales comerciales, procedi\u00e9ndose en Saldungaray a la clausura de un local comercial sito en calle Mitre s\/nro., por Infracci\u00f3n a la Ordenanza Municipal 3733 y Ley Provincial 13178, por carecer de Habilitaci\u00f3n Municipal y falta de REBA para venta de bebidas alcoh\u00f3licas.<\/p>\n<p>Desde la cartera Seguridad de Tornquist Municipio se viene trabajando en conjunto Cuerpo de Inspectores Municipales y Personal de la Polic\u00eda Comunal Tornquist, llev\u00e1ndose a cabo operativos de control vehicular en el ejido urbano de la localidad de Tornquist, Villa Ventana, Sierra de la Ventana y Saldungaray, en donde se procedi\u00f3 al secuestro de veh\u00edculos por distintas infracciones.<\/p>\n<p><img loading=\"lazy\" decoding=\"async\" class=\"alignnone wp-image-87434 size-full\" src=\"https:\/\/www.celttv.com.ar\/wp-content\/uploads\/2025\/01\/parte23-1-1.jpg\" alt=\"\" width=\"550\" height=\"628\" srcset=\"https:\/\/www.celttv.com.ar\/wp-content\/uploads\/2025\/01\/parte23-1-1.jpg 550w, https:\/\/www.celttv.com.ar\/wp-content\/uploads\/2025\/01\/parte23-1-1-263x300.jpg 263w\" sizes=\"auto, (max-width: 550px) 100vw, 550px\" \/> <img loading=\"lazy\" decoding=\"async\" class=\"alignnone wp-image-87435 size-full\" src=\"https:\/\/www.celttv.com.ar\/wp-content\/uploads\/2025\/01\/parte23-1-2.jpg\" alt=\"\" width=\"366\" height=\"526\" srcset=\"https:\/\/www.celttv.com.ar\/wp-content\/uploads\/2025\/01\/parte23-1-2.jpg 366w, https:\/\/www.celttv.com.ar\/wp-content\/uploads\/2025\/01\/parte23-1-2-209x300.jpg 209w\" sizes=\"auto, (max-width: 366px) 100vw, 366px\" \/> <img loading=\"lazy\" decoding=\"async\" class=\"alignnone wp-image-87436 size-full\" src=\"https:\/\/www.celttv.com.ar\/wp-content\/uploads\/2025\/01\/parte23-1.jpeg\" alt=\"\" width=\"960\" height=\"765\" srcset=\"https:\/\/www.celttv.com.ar\/wp-content\/uploads\/2025\/01\/parte23-1.jpeg 960w, https:\/\/www.celttv.com.ar\/wp-content\/uploads\/2025\/01\/parte23-1-300x239.jpeg 300w, https:\/\/www.celttv.com.ar\/wp-content\/uploads\/2025\/01\/parte23-1-768x612.jpeg 768w, https:\/\/www.celttv.com.ar\/wp-content\/uploads\/2025\/01\/parte23-1-750x598.jpeg 750w\" sizes=\"auto, (max-width: 960px) 100vw, 960px\" \/> <img loading=\"lazy\" decoding=\"async\" class=\"alignnone wp-image-87437 size-full\" src=\"https:\/\/www.celttv.com.ar\/wp-content\/uploads\/2025\/01\/parte23-1.jpg\" alt=\"\" width=\"408\" height=\"489\" srcset=\"https:\/\/www.celttv.com.ar\/wp-content\/uploads\/2025\/01\/parte23-1.jpg 408w, https:\/\/www.celttv.com.ar\/wp-content\/uploads\/2025\/01\/parte23-1-250x300.jpg 250w\" sizes=\"auto, (max-width: 408px) 100vw, 408px\" \/><\/p>\n","protected":false},"excerpt":{"rendered":"<p>LLAMO A LOS BOMBEROS POR UN INCENDIO INEXISTENTE La Secretaria de Seguridad del Partido de Tornquist, lleva a conocimiento que la Estaci\u00f3n Polic\u00eda de Seguridad Comunal Tornquist, inici\u00f3 de oficio actuaciones contravencionales por INF. ART 81 BIS INC A Y B LEY 8031, al ciudadano SCIALABBA BRAIAN oriundo de Coronel Suarez, por comprobarse que el [&hellip;]<\/p>\n","protected":false},"author":5,"featured_media":87436,"comment_status":"closed","ping_status":"closed","sticky":false,"template":"","format":"standard","meta":{"footnotes":""},"categories":[61],"tags":[],"class_list":["post-87433","post","type-post","status-publish","format-standard","has-post-thumbnail","hentry","category-policiales"],"yoast_head":"<!-- This site is optimized with the Yoast SEO plugin v19.7.1 - https:\/\/yoast.com\/wordpress\/plugins\/seo\/ -->\n<title>Parte de prensa de la Secretar\u00eda de Seguridad - CELTTV<\/title>\n<meta name=\"description\" content=\"Sitio web de noticias de la localidad de Tornquist, provincia de Buenos Aires, Rep\u00fablica Argentina. Contenido propio originado por periodistas de CELTTV, el canal de TV local de la Cooperativa El\u00e9ctrica de Tornquist. Turismo, Pol\u00edtica, Sociedad, Deporte, Cultura y todo el contenido de inter\u00e9s general que la gente del pueblo y la regi\u00f3n debe conocer.\" \/>\n<meta name=\"robots\" content=\"index, follow, max-snippet:-1, max-image-preview:large, max-video-preview:-1\" \/>\n<link rel=\"canonical\" href=\"https:\/\/www.celttv.com.ar\/index.php\/2025\/01\/23\/parte-de-prensa-de-la-secretaria-de-seguridad-5\/\" \/>\n<meta property=\"og:locale\" content=\"es_ES\" \/>\n<meta property=\"og:type\" content=\"article\" \/>\n<meta property=\"og:title\" content=\"Parte de prensa de la Secretar\u00eda de Seguridad - CELTTV\" \/>\n<meta property=\"og:description\" content=\"Sitio web de noticias de la localidad de Tornquist, provincia de Buenos Aires, Rep\u00fablica Argentina. Contenido propio originado por periodistas de CELTTV, el canal de TV local de la Cooperativa El\u00e9ctrica de Tornquist. Turismo, Pol\u00edtica, Sociedad, Deporte, Cultura y todo el contenido de inter\u00e9s general que la gente del pueblo y la regi\u00f3n debe conocer.\" \/>\n<meta property=\"og:url\" content=\"https:\/\/www.celttv.com.ar\/index.php\/2025\/01\/23\/parte-de-prensa-de-la-secretaria-de-seguridad-5\/\" \/>\n<meta property=\"og:site_name\" content=\"CELTTV\" \/>\n<meta property=\"article:publisher\" content=\"https:\/\/www.facebook.com\/celtTV\/\" \/>\n<meta property=\"article:published_time\" content=\"2025-01-23T20:13:03+00:00\" \/>\n<meta property=\"og:image\" content=\"https:\/\/www.celttv.com.ar\/wp-content\/uploads\/2025\/01\/parte23-1.jpeg\" \/>\n\t<meta property=\"og:image:width\" content=\"960\" \/>\n\t<meta property=\"og:image:height\" content=\"765\" \/>\n\t<meta property=\"og:image:type\" content=\"image\/jpeg\" \/>\n<meta name=\"author\" content=\"Miguel Herrada\" \/>\n<meta name=\"twitter:card\" content=\"summary_large_image\" \/>\n<meta name=\"twitter:label1\" content=\"Escrito por\" \/>\n\t<meta name=\"twitter:data1\" content=\"Miguel Herrada\" \/>\n\t<meta name=\"twitter:label2\" content=\"Tiempo de lectura\" \/>\n\t<meta name=\"twitter:data2\" content=\"2 minutos\" \/>\n<script type=\"application\/ld+json\" class=\"yoast-schema-graph\">{\"@context\":\"https:\/\/schema.org\",\"@graph\":[{\"@type\":\"NewsArticle\",\"@id\":\"https:\/\/www.celttv.com.ar\/index.php\/2025\/01\/23\/parte-de-prensa-de-la-secretaria-de-seguridad-5\/#article\",\"isPartOf\":{\"@id\":\"https:\/\/www.celttv.com.ar\/index.php\/2025\/01\/23\/parte-de-prensa-de-la-secretaria-de-seguridad-5\/\"},\"author\":{\"name\":\"Miguel Herrada\",\"@id\":\"https:\/\/www.celttv.com.ar\/#\/schema\/person\/9059dc91dc7204ef4182cdb65225f07d\"},\"headline\":\"Parte de prensa de la Secretar\u00eda de Seguridad\",\"datePublished\":\"2025-01-23T20:13:03+00:00\",\"dateModified\":\"2025-01-23T20:13:03+00:00\",\"mainEntityOfPage\":{\"@id\":\"https:\/\/www.celttv.com.ar\/index.php\/2025\/01\/23\/parte-de-prensa-de-la-secretaria-de-seguridad-5\/\"},\"wordCount\":488,\"publisher\":{\"@id\":\"https:\/\/www.celttv.com.ar\/#organization\"},\"articleSection\":[\"Policiales\"],\"inLanguage\":\"es\"},{\"@type\":\"WebPage\",\"@id\":\"https:\/\/www.celttv.com.ar\/index.php\/2025\/01\/23\/parte-de-prensa-de-la-secretaria-de-seguridad-5\/\",\"url\":\"https:\/\/www.celttv.com.ar\/index.php\/2025\/01\/23\/parte-de-prensa-de-la-secretaria-de-seguridad-5\/\",\"name\":\"Parte de prensa de la Secretar\u00eda de Seguridad - CELTTV\",\"isPartOf\":{\"@id\":\"https:\/\/www.celttv.com.ar\/#website\"},\"datePublished\":\"2025-01-23T20:13:03+00:00\",\"dateModified\":\"2025-01-23T20:13:03+00:00\",\"description\":\"Sitio web de noticias de la localidad de Tornquist, provincia de Buenos Aires, Rep\u00fablica Argentina. Contenido propio originado por periodistas de CELTTV, el canal de TV local de la Cooperativa El\u00e9ctrica de Tornquist. Turismo, Pol\u00edtica, Sociedad, Deporte, Cultura y todo el contenido de inter\u00e9s general que la gente del pueblo y la regi\u00f3n debe conocer.\",\"breadcrumb\":{\"@id\":\"https:\/\/www.celttv.com.ar\/index.php\/2025\/01\/23\/parte-de-prensa-de-la-secretaria-de-seguridad-5\/#breadcrumb\"},\"inLanguage\":\"es\",\"potentialAction\":[{\"@type\":\"ReadAction\",\"target\":[\"https:\/\/www.celttv.com.ar\/index.php\/2025\/01\/23\/parte-de-prensa-de-la-secretaria-de-seguridad-5\/\"]}]},{\"@type\":\"BreadcrumbList\",\"@id\":\"https:\/\/www.celttv.com.ar\/index.php\/2025\/01\/23\/parte-de-prensa-de-la-secretaria-de-seguridad-5\/#breadcrumb\",\"itemListElement\":[{\"@type\":\"ListItem\",\"position\":1,\"name\":\"Inicio\",\"item\":\"https:\/\/www.celttv.com.ar\/\"},{\"@type\":\"ListItem\",\"position\":2,\"name\":\"Parte de prensa de la Secretar\u00eda de Seguridad\"}]},{\"@type\":\"WebSite\",\"@id\":\"https:\/\/www.celttv.com.ar\/#website\",\"url\":\"https:\/\/www.celttv.com.ar\/\",\"name\":\"CELTTV\",\"description\":\"Cooperativa El\u00e9ctrica de Tornquist\",\"publisher\":{\"@id\":\"https:\/\/www.celttv.com.ar\/#organization\"},\"potentialAction\":[{\"@type\":\"SearchAction\",\"target\":{\"@type\":\"EntryPoint\",\"urlTemplate\":\"https:\/\/www.celttv.com.ar\/?s={search_term_string}\"},\"query-input\":\"required name=search_term_string\"}],\"inLanguage\":\"es\"},{\"@type\":\"Organization\",\"@id\":\"https:\/\/www.celttv.com.ar\/#organization\",\"name\":\"CELTTV\",\"url\":\"https:\/\/www.celttv.com.ar\/\",\"sameAs\":[\"https:\/\/www.youtube.com\/channel\/UCz_oIt8Hig64Ub-EmcNPIhg\",\"https:\/\/www.facebook.com\/celtTV\/\"],\"logo\":{\"@type\":\"ImageObject\",\"inLanguage\":\"es\",\"@id\":\"https:\/\/www.celttv.com.ar\/#\/schema\/logo\/image\/\",\"url\":\"http:\/\/www.celttv.com.ar\/wp-content\/uploads\/2022\/08\/logo-1.png\",\"contentUrl\":\"http:\/\/www.celttv.com.ar\/wp-content\/uploads\/2022\/08\/logo-1.png\",\"width\":461,\"height\":159,\"caption\":\"CELTTV\"},\"image\":{\"@id\":\"https:\/\/www.celttv.com.ar\/#\/schema\/logo\/image\/\"}},{\"@type\":\"Person\",\"@id\":\"https:\/\/www.celttv.com.ar\/#\/schema\/person\/9059dc91dc7204ef4182cdb65225f07d\",\"name\":\"Miguel Herrada\",\"image\":{\"@type\":\"ImageObject\",\"inLanguage\":\"es\",\"@id\":\"https:\/\/www.celttv.com.ar\/#\/schema\/person\/image\/\",\"url\":\"https:\/\/secure.gravatar.com\/avatar\/67724d5b3c716623ffd76bec7e45841a442ac3b456e914dbba90b0fad2b8e0b1?s=96&d=mm&r=g\",\"contentUrl\":\"https:\/\/secure.gravatar.com\/avatar\/67724d5b3c716623ffd76bec7e45841a442ac3b456e914dbba90b0fad2b8e0b1?s=96&d=mm&r=g\",\"caption\":\"Miguel Herrada\"}}]}<\/script>\n<!-- \/ Yoast SEO plugin. -->","yoast_head_json":{"title":"Parte de prensa de la Secretar\u00eda de Seguridad - CELTTV","description":"Sitio web de noticias de la localidad de Tornquist, provincia de Buenos Aires, Rep\u00fablica Argentina. Contenido propio originado por periodistas de CELTTV, el canal de TV local de la Cooperativa El\u00e9ctrica de Tornquist. Turismo, Pol\u00edtica, Sociedad, Deporte, Cultura y todo el contenido de inter\u00e9s general que la gente del pueblo y la regi\u00f3n debe conocer.","robots":{"index":"index","follow":"follow","max-snippet":"max-snippet:-1","max-image-preview":"max-image-preview:large","max-video-preview":"max-video-preview:-1"},"canonical":"https:\/\/www.celttv.com.ar\/index.php\/2025\/01\/23\/parte-de-prensa-de-la-secretaria-de-seguridad-5\/","og_locale":"es_ES","og_type":"article","og_title":"Parte de prensa de la Secretar\u00eda de Seguridad - CELTTV","og_description":"Sitio web de noticias de la localidad de Tornquist, provincia de Buenos Aires, Rep\u00fablica Argentina. Contenido propio originado por periodistas de CELTTV, el canal de TV local de la Cooperativa El\u00e9ctrica de Tornquist. Turismo, Pol\u00edtica, Sociedad, Deporte, Cultura y todo el contenido de inter\u00e9s general que la gente del pueblo y la regi\u00f3n debe conocer.","og_url":"https:\/\/www.celttv.com.ar\/index.php\/2025\/01\/23\/parte-de-prensa-de-la-secretaria-de-seguridad-5\/","og_site_name":"CELTTV","article_publisher":"https:\/\/www.facebook.com\/celtTV\/","article_published_time":"2025-01-23T20:13:03+00:00","og_image":[{"width":960,"height":765,"url":"https:\/\/www.celttv.com.ar\/wp-content\/uploads\/2025\/01\/parte23-1.jpeg","type":"image\/jpeg"}],"author":"Miguel Herrada","twitter_card":"summary_large_image","twitter_misc":{"Escrito por":"Miguel Herrada","Tiempo de lectura":"2 minutos"},"schema":{"@context":"https:\/\/schema.org","@graph":[{"@type":"NewsArticle","@id":"https:\/\/www.celttv.com.ar\/index.php\/2025\/01\/23\/parte-de-prensa-de-la-secretaria-de-seguridad-5\/#article","isPartOf":{"@id":"https:\/\/www.celttv.com.ar\/index.php\/2025\/01\/23\/parte-de-prensa-de-la-secretaria-de-seguridad-5\/"},"author":{"name":"Miguel Herrada","@id":"https:\/\/www.celttv.com.ar\/#\/schema\/person\/9059dc91dc7204ef4182cdb65225f07d"},"headline":"Parte de prensa de la Secretar\u00eda de Seguridad","datePublished":"2025-01-23T20:13:03+00:00","dateModified":"2025-01-23T20:13:03+00:00","mainEntityOfPage":{"@id":"https:\/\/www.celttv.com.ar\/index.php\/2025\/01\/23\/parte-de-prensa-de-la-secretaria-de-seguridad-5\/"},"wordCount":488,"publisher":{"@id":"https:\/\/www.celttv.com.ar\/#organization"},"articleSection":["Policiales"],"inLanguage":"es"},{"@type":"WebPage","@id":"https:\/\/www.celttv.com.ar\/index.php\/2025\/01\/23\/parte-de-prensa-de-la-secretaria-de-seguridad-5\/","url":"https:\/\/www.celttv.com.ar\/index.php\/2025\/01\/23\/parte-de-prensa-de-la-secretaria-de-seguridad-5\/","name":"Parte de prensa de la Secretar\u00eda de Seguridad - CELTTV","isPartOf":{"@id":"https:\/\/www.celttv.com.ar\/#website"},"datePublished":"2025-01-23T20:13:03+00:00","dateModified":"2025-01-23T20:13:03+00:00","description":"Sitio web de noticias de la localidad de Tornquist, provincia de Buenos Aires, Rep\u00fablica Argentina. Contenido propio originado por periodistas de CELTTV, el canal de TV local de la Cooperativa El\u00e9ctrica de Tornquist. Turismo, Pol\u00edtica, Sociedad, Deporte, Cultura y todo el contenido de inter\u00e9s general que la gente del pueblo y la regi\u00f3n debe conocer.","breadcrumb":{"@id":"https:\/\/www.celttv.com.ar\/index.php\/2025\/01\/23\/parte-de-prensa-de-la-secretaria-de-seguridad-5\/#breadcrumb"},"inLanguage":"es","potentialAction":[{"@type":"ReadAction","target":["https:\/\/www.celttv.com.ar\/index.php\/2025\/01\/23\/parte-de-prensa-de-la-secretaria-de-seguridad-5\/"]}]},{"@type":"BreadcrumbList","@id":"https:\/\/www.celttv.com.ar\/index.php\/2025\/01\/23\/parte-de-prensa-de-la-secretaria-de-seguridad-5\/#breadcrumb","itemListElement":[{"@type":"ListItem","position":1,"name":"Inicio","item":"https:\/\/www.celttv.com.ar\/"},{"@type":"ListItem","position":2,"name":"Parte de prensa de la Secretar\u00eda de Seguridad"}]},{"@type":"WebSite","@id":"https:\/\/www.celttv.com.ar\/#website","url":"https:\/\/www.celttv.com.ar\/","name":"CELTTV","description":"Cooperativa El\u00e9ctrica de Tornquist","publisher":{"@id":"https:\/\/www.celttv.com.ar\/#organization"},"potentialAction":[{"@type":"SearchAction","target":{"@type":"EntryPoint","urlTemplate":"https:\/\/www.celttv.com.ar\/?s={search_term_string}"},"query-input":"required name=search_term_string"}],"inLanguage":"es"},{"@type":"Organization","@id":"https:\/\/www.celttv.com.ar\/#organization","name":"CELTTV","url":"https:\/\/www.celttv.com.ar\/","sameAs":["https:\/\/www.youtube.com\/channel\/UCz_oIt8Hig64Ub-EmcNPIhg","https:\/\/www.facebook.com\/celtTV\/"],"logo":{"@type":"ImageObject","inLanguage":"es","@id":"https:\/\/www.celttv.com.ar\/#\/schema\/logo\/image\/","url":"http:\/\/www.celttv.com.ar\/wp-content\/uploads\/2022\/08\/logo-1.png","contentUrl":"http:\/\/www.celttv.com.ar\/wp-content\/uploads\/2022\/08\/logo-1.png","width":461,"height":159,"caption":"CELTTV"},"image":{"@id":"https:\/\/www.celttv.com.ar\/#\/schema\/logo\/image\/"}},{"@type":"Person","@id":"https:\/\/www.celttv.com.ar\/#\/schema\/person\/9059dc91dc7204ef4182cdb65225f07d","name":"Miguel Herrada","image":{"@type":"ImageObject","inLanguage":"es","@id":"https:\/\/www.celttv.com.ar\/#\/schema\/person\/image\/","url":"https:\/\/secure.gravatar.com\/avatar\/67724d5b3c716623ffd76bec7e45841a442ac3b456e914dbba90b0fad2b8e0b1?s=96&d=mm&r=g","contentUrl":"https:\/\/secure.gravatar.com\/avatar\/67724d5b3c716623ffd76bec7e45841a442ac3b456e914dbba90b0fad2b8e0b1?s=96&d=mm&r=g","caption":"Miguel Herrada"}}]}},"_links":{"self":[{"href":"https:\/\/www.celttv.com.ar\/index.php\/wp-json\/wp\/v2\/posts\/87433","targetHints":{"allow":["GET"]}}],"collection":[{"href":"https:\/\/www.celttv.com.ar\/index.php\/wp-json\/wp\/v2\/posts"}],"about":[{"href":"https:\/\/www.celttv.com.ar\/index.php\/wp-json\/wp\/v2\/types\/post"}],"author":[{"embeddable":true,"href":"https:\/\/www.celttv.com.ar\/index.php\/wp-json\/wp\/v2\/users\/5"}],"replies":[{"embeddable":true,"href":"https:\/\/www.celttv.com.ar\/index.php\/wp-json\/wp\/v2\/comments?post=87433"}],"version-history":[{"count":1,"href":"https:\/\/www.celttv.com.ar\/index.php\/wp-json\/wp\/v2\/posts\/87433\/revisions"}],"predecessor-version":[{"id":87438,"href":"https:\/\/www.celttv.com.ar\/index.php\/wp-json\/wp\/v2\/posts\/87433\/revisions\/87438"}],"wp:featuredmedia":[{"embeddable":true,"href":"https:\/\/www.celttv.com.ar\/index.php\/wp-json\/wp\/v2\/media\/87436"}],"wp:attachment":[{"href":"https:\/\/www.celttv.com.ar\/index.php\/wp-json\/wp\/v2\/media?parent=87433"}],"wp:term":[{"taxonomy":"category","embeddable":true,"href":"https:\/\/www.celttv.com.ar\/index.php\/wp-json\/wp\/v2\/categories?post=87433"},{"taxonomy":"post_tag","embeddable":true,"href":"https:\/\/www.celttv.com.ar\/index.php\/wp-json\/wp\/v2\/tags?post=87433"}],"curies":[{"name":"wp","href":"https:\/\/api.w.org\/{rel}","templated":true}]}}