{"id":87511,"date":"2025-02-04T23:27:05","date_gmt":"2025-02-05T02:27:05","guid":{"rendered":"https:\/\/www.celttv.com.ar\/?p=87511"},"modified":"2025-02-04T23:27:05","modified_gmt":"2025-02-05T02:27:05","slug":"sergio-bordoni-se-reunio-con-la-ministra-de-ambiente-para-avanzar-en-proyectos-ambientales-clave","status":"publish","type":"post","link":"https:\/\/www.celttv.com.ar\/index.php\/2025\/02\/04\/sergio-bordoni-se-reunio-con-la-ministra-de-ambiente-para-avanzar-en-proyectos-ambientales-clave\/","title":{"rendered":"Sergio Bordoni se reuni\u00f3 con la Ministra de Ambiente para avanzar en proyectos ambientales clave"},"content":{"rendered":"<p>El Intendente Sergio Bordoni, mantuvo esta tarde, una reuni\u00f3n de trabajo con la Ministra de Ambiente de la Provincia de Buenos Aires, Daniela Vilar, con el objetivo de gestionar financiamiento para importantes iniciativas ambientales en el distrito.<\/p>\n<p>Durante el encuentro, se abord\u00f3 la necesidad de contar con fondos para la finalizaci\u00f3n de la Planta de Transferencia de Sierra de la Ventana, un paso fundamental para continuar con el proyecto de erradicaci\u00f3n del basural a cielo abierto. Asimismo, se dialog\u00f3 sobre la posibilidad de obtener financiamiento destinado al mantenimiento del arbolado p\u00fablico, una acci\u00f3n clave para mitigar el cambio clim\u00e1tico y mejorar la calidad ambiental del distrito.<\/p>\n<p>Este encuentro refuerza el compromiso del Municipio y la Provincia en el trabajo conjunto para continuar impulsando pol\u00edticas ambientales sostenibles que beneficien a la comunidad y el entorno, fundadas por sobre todo en la educaci\u00f3n ambiental.<\/p>\n<p>Estuvieron presentes, por el organismo provincial, la Subsecretar\u00eda de Pol\u00edtica Ambiental, Tamara Basteiro; y la Responsable de la Regi\u00f3n Sexta del Ministerio de Ambiente, Carolina Digiani; y por el municipio, el Secretario de Gobierno y Gesti\u00f3n P\u00fablica, Bruno Zacconi y el Secretario de Obras y Servicios P\u00fablicos, Bruno P\u00e1ez.<\/p>\n<p><img loading=\"lazy\" decoding=\"async\" class=\"alignnone wp-image-87512 size-large\" src=\"https:\/\/www.celttv.com.ar\/wp-content\/uploads\/2025\/02\/GestionAmbiente-1024x682.jpeg\" alt=\"\" width=\"1024\" height=\"682\" srcset=\"https:\/\/www.celttv.com.ar\/wp-content\/uploads\/2025\/02\/GestionAmbiente-1024x682.jpeg 1024w, https:\/\/www.celttv.com.ar\/wp-content\/uploads\/2025\/02\/GestionAmbiente-300x200.jpeg 300w, https:\/\/www.celttv.com.ar\/wp-content\/uploads\/2025\/02\/GestionAmbiente-768x512.jpeg 768w, https:\/\/www.celttv.com.ar\/wp-content\/uploads\/2025\/02\/GestionAmbiente-750x500.jpeg 750w, https:\/\/www.celttv.com.ar\/wp-content\/uploads\/2025\/02\/GestionAmbiente-1140x760.jpeg 1140w, https:\/\/www.celttv.com.ar\/wp-content\/uploads\/2025\/02\/GestionAmbiente.jpeg 1280w\" sizes=\"auto, (max-width: 1024px) 100vw, 1024px\" \/> <img loading=\"lazy\" decoding=\"async\" class=\"alignnone wp-image-87513 size-large\" src=\"https:\/\/www.celttv.com.ar\/wp-content\/uploads\/2025\/02\/GestionAmbiente1-1024x682.jpeg\" alt=\"\" width=\"1024\" height=\"682\" srcset=\"https:\/\/www.celttv.com.ar\/wp-content\/uploads\/2025\/02\/GestionAmbiente1-1024x682.jpeg 1024w, https:\/\/www.celttv.com.ar\/wp-content\/uploads\/2025\/02\/GestionAmbiente1-300x200.jpeg 300w, https:\/\/www.celttv.com.ar\/wp-content\/uploads\/2025\/02\/GestionAmbiente1-768x512.jpeg 768w, https:\/\/www.celttv.com.ar\/wp-content\/uploads\/2025\/02\/GestionAmbiente1-750x500.jpeg 750w, https:\/\/www.celttv.com.ar\/wp-content\/uploads\/2025\/02\/GestionAmbiente1-1140x760.jpeg 1140w, https:\/\/www.celttv.com.ar\/wp-content\/uploads\/2025\/02\/GestionAmbiente1.jpeg 1280w\" sizes=\"auto, (max-width: 1024px) 100vw, 1024px\" \/><\/p>\n","protected":false},"excerpt":{"rendered":"<p>El Intendente Sergio Bordoni, mantuvo esta tarde, una reuni\u00f3n de trabajo con la Ministra de Ambiente de la Provincia de Buenos Aires, Daniela Vilar, con el objetivo de gestionar financiamiento para importantes iniciativas ambientales en el distrito. Durante el encuentro, se abord\u00f3 la necesidad de contar con fondos para la finalizaci\u00f3n de la Planta de [&hellip;]<\/p>\n","protected":false},"author":5,"featured_media":87513,"comment_status":"closed","ping_status":"closed","sticky":false,"template":"","format":"standard","meta":{"footnotes":""},"categories":[59,65],"tags":[],"class_list":["post-87511","post","type-post","status-publish","format-standard","has-post-thumbnail","hentry","category-municipales","category-produccion"],"yoast_head":"<!-- This site is optimized with the Yoast SEO plugin v19.7.1 - https:\/\/yoast.com\/wordpress\/plugins\/seo\/ -->\n<title>Sergio Bordoni se reuni\u00f3 con la Ministra de Ambiente para avanzar en proyectos ambientales clave - CELTTV<\/title>\n<meta name=\"description\" content=\"Sitio web de noticias de la localidad de Tornquist, provincia de Buenos Aires, Rep\u00fablica Argentina. Contenido propio originado por periodistas de CELTTV, el canal de TV local de la Cooperativa El\u00e9ctrica de Tornquist. Turismo, Pol\u00edtica, Sociedad, Deporte, Cultura y todo el contenido de inter\u00e9s general que la gente del pueblo y la regi\u00f3n debe conocer.\" \/>\n<meta name=\"robots\" content=\"index, follow, max-snippet:-1, max-image-preview:large, max-video-preview:-1\" \/>\n<link rel=\"canonical\" href=\"https:\/\/www.celttv.com.ar\/index.php\/2025\/02\/04\/sergio-bordoni-se-reunio-con-la-ministra-de-ambiente-para-avanzar-en-proyectos-ambientales-clave\/\" \/>\n<meta property=\"og:locale\" content=\"es_ES\" \/>\n<meta property=\"og:type\" content=\"article\" \/>\n<meta property=\"og:title\" content=\"Sergio Bordoni se reuni\u00f3 con la Ministra de Ambiente para avanzar en proyectos ambientales clave - CELTTV\" \/>\n<meta property=\"og:description\" content=\"Sitio web de noticias de la localidad de Tornquist, provincia de Buenos Aires, Rep\u00fablica Argentina. Contenido propio originado por periodistas de CELTTV, el canal de TV local de la Cooperativa El\u00e9ctrica de Tornquist. Turismo, Pol\u00edtica, Sociedad, Deporte, Cultura y todo el contenido de inter\u00e9s general que la gente del pueblo y la regi\u00f3n debe conocer.\" \/>\n<meta property=\"og:url\" content=\"https:\/\/www.celttv.com.ar\/index.php\/2025\/02\/04\/sergio-bordoni-se-reunio-con-la-ministra-de-ambiente-para-avanzar-en-proyectos-ambientales-clave\/\" \/>\n<meta property=\"og:site_name\" content=\"CELTTV\" \/>\n<meta property=\"article:publisher\" content=\"https:\/\/www.facebook.com\/celtTV\/\" \/>\n<meta property=\"article:published_time\" content=\"2025-02-05T02:27:05+00:00\" \/>\n<meta property=\"og:image\" content=\"https:\/\/www.celttv.com.ar\/wp-content\/uploads\/2025\/02\/GestionAmbiente1.jpeg\" \/>\n\t<meta property=\"og:image:width\" content=\"1280\" \/>\n\t<meta property=\"og:image:height\" content=\"853\" \/>\n\t<meta property=\"og:image:type\" content=\"image\/jpeg\" \/>\n<meta name=\"author\" content=\"Miguel Herrada\" \/>\n<meta name=\"twitter:card\" content=\"summary_large_image\" \/>\n<meta name=\"twitter:label1\" content=\"Escrito por\" \/>\n\t<meta name=\"twitter:data1\" content=\"Miguel Herrada\" \/>\n\t<meta name=\"twitter:label2\" content=\"Tiempo de lectura\" \/>\n\t<meta name=\"twitter:data2\" content=\"1 minuto\" \/>\n<script type=\"application\/ld+json\" class=\"yoast-schema-graph\">{\"@context\":\"https:\/\/schema.org\",\"@graph\":[{\"@type\":\"NewsArticle\",\"@id\":\"https:\/\/www.celttv.com.ar\/index.php\/2025\/02\/04\/sergio-bordoni-se-reunio-con-la-ministra-de-ambiente-para-avanzar-en-proyectos-ambientales-clave\/#article\",\"isPartOf\":{\"@id\":\"https:\/\/www.celttv.com.ar\/index.php\/2025\/02\/04\/sergio-bordoni-se-reunio-con-la-ministra-de-ambiente-para-avanzar-en-proyectos-ambientales-clave\/\"},\"author\":{\"name\":\"Miguel Herrada\",\"@id\":\"https:\/\/www.celttv.com.ar\/#\/schema\/person\/9059dc91dc7204ef4182cdb65225f07d\"},\"headline\":\"Sergio Bordoni se reuni\u00f3 con la Ministra de Ambiente para avanzar en proyectos ambientales clave\",\"datePublished\":\"2025-02-05T02:27:05+00:00\",\"dateModified\":\"2025-02-05T02:27:05+00:00\",\"mainEntityOfPage\":{\"@id\":\"https:\/\/www.celttv.com.ar\/index.php\/2025\/02\/04\/sergio-bordoni-se-reunio-con-la-ministra-de-ambiente-para-avanzar-en-proyectos-ambientales-clave\/\"},\"wordCount\":221,\"publisher\":{\"@id\":\"https:\/\/www.celttv.com.ar\/#organization\"},\"articleSection\":[\"Municipales\",\"Producci\u00f3n y Medio Ambiente\"],\"inLanguage\":\"es\"},{\"@type\":\"WebPage\",\"@id\":\"https:\/\/www.celttv.com.ar\/index.php\/2025\/02\/04\/sergio-bordoni-se-reunio-con-la-ministra-de-ambiente-para-avanzar-en-proyectos-ambientales-clave\/\",\"url\":\"https:\/\/www.celttv.com.ar\/index.php\/2025\/02\/04\/sergio-bordoni-se-reunio-con-la-ministra-de-ambiente-para-avanzar-en-proyectos-ambientales-clave\/\",\"name\":\"Sergio Bordoni se reuni\u00f3 con la Ministra de Ambiente para avanzar en proyectos ambientales clave - CELTTV\",\"isPartOf\":{\"@id\":\"https:\/\/www.celttv.com.ar\/#website\"},\"datePublished\":\"2025-02-05T02:27:05+00:00\",\"dateModified\":\"2025-02-05T02:27:05+00:00\",\"description\":\"Sitio web de noticias de la localidad de Tornquist, provincia de Buenos Aires, Rep\u00fablica Argentina. Contenido propio originado por periodistas de CELTTV, el canal de TV local de la Cooperativa El\u00e9ctrica de Tornquist. Turismo, Pol\u00edtica, Sociedad, Deporte, Cultura y todo el contenido de inter\u00e9s general que la gente del pueblo y la regi\u00f3n debe conocer.\",\"breadcrumb\":{\"@id\":\"https:\/\/www.celttv.com.ar\/index.php\/2025\/02\/04\/sergio-bordoni-se-reunio-con-la-ministra-de-ambiente-para-avanzar-en-proyectos-ambientales-clave\/#breadcrumb\"},\"inLanguage\":\"es\",\"potentialAction\":[{\"@type\":\"ReadAction\",\"target\":[\"https:\/\/www.celttv.com.ar\/index.php\/2025\/02\/04\/sergio-bordoni-se-reunio-con-la-ministra-de-ambiente-para-avanzar-en-proyectos-ambientales-clave\/\"]}]},{\"@type\":\"BreadcrumbList\",\"@id\":\"https:\/\/www.celttv.com.ar\/index.php\/2025\/02\/04\/sergio-bordoni-se-reunio-con-la-ministra-de-ambiente-para-avanzar-en-proyectos-ambientales-clave\/#breadcrumb\",\"itemListElement\":[{\"@type\":\"ListItem\",\"position\":1,\"name\":\"Inicio\",\"item\":\"https:\/\/www.celttv.com.ar\/\"},{\"@type\":\"ListItem\",\"position\":2,\"name\":\"Sergio Bordoni se reuni\u00f3 con la Ministra de Ambiente para avanzar en proyectos ambientales clave\"}]},{\"@type\":\"WebSite\",\"@id\":\"https:\/\/www.celttv.com.ar\/#website\",\"url\":\"https:\/\/www.celttv.com.ar\/\",\"name\":\"CELTTV\",\"description\":\"Cooperativa El\u00e9ctrica de Tornquist\",\"publisher\":{\"@id\":\"https:\/\/www.celttv.com.ar\/#organization\"},\"potentialAction\":[{\"@type\":\"SearchAction\",\"target\":{\"@type\":\"EntryPoint\",\"urlTemplate\":\"https:\/\/www.celttv.com.ar\/?s={search_term_string}\"},\"query-input\":\"required name=search_term_string\"}],\"inLanguage\":\"es\"},{\"@type\":\"Organization\",\"@id\":\"https:\/\/www.celttv.com.ar\/#organization\",\"name\":\"CELTTV\",\"url\":\"https:\/\/www.celttv.com.ar\/\",\"sameAs\":[\"https:\/\/www.youtube.com\/channel\/UCz_oIt8Hig64Ub-EmcNPIhg\",\"https:\/\/www.facebook.com\/celtTV\/\"],\"logo\":{\"@type\":\"ImageObject\",\"inLanguage\":\"es\",\"@id\":\"https:\/\/www.celttv.com.ar\/#\/schema\/logo\/image\/\",\"url\":\"http:\/\/www.celttv.com.ar\/wp-content\/uploads\/2022\/08\/logo-1.png\",\"contentUrl\":\"http:\/\/www.celttv.com.ar\/wp-content\/uploads\/2022\/08\/logo-1.png\",\"width\":461,\"height\":159,\"caption\":\"CELTTV\"},\"image\":{\"@id\":\"https:\/\/www.celttv.com.ar\/#\/schema\/logo\/image\/\"}},{\"@type\":\"Person\",\"@id\":\"https:\/\/www.celttv.com.ar\/#\/schema\/person\/9059dc91dc7204ef4182cdb65225f07d\",\"name\":\"Miguel Herrada\",\"image\":{\"@type\":\"ImageObject\",\"inLanguage\":\"es\",\"@id\":\"https:\/\/www.celttv.com.ar\/#\/schema\/person\/image\/\",\"url\":\"https:\/\/secure.gravatar.com\/avatar\/67724d5b3c716623ffd76bec7e45841a442ac3b456e914dbba90b0fad2b8e0b1?s=96&d=mm&r=g\",\"contentUrl\":\"https:\/\/secure.gravatar.com\/avatar\/67724d5b3c716623ffd76bec7e45841a442ac3b456e914dbba90b0fad2b8e0b1?s=96&d=mm&r=g\",\"caption\":\"Miguel Herrada\"}}]}<\/script>\n<!-- \/ Yoast SEO plugin. -->","yoast_head_json":{"title":"Sergio Bordoni se reuni\u00f3 con la Ministra de Ambiente para avanzar en proyectos ambientales clave - CELTTV","description":"Sitio web de noticias de la localidad de Tornquist, provincia de Buenos Aires, Rep\u00fablica Argentina. Contenido propio originado por periodistas de CELTTV, el canal de TV local de la Cooperativa El\u00e9ctrica de Tornquist. Turismo, Pol\u00edtica, Sociedad, Deporte, Cultura y todo el contenido de inter\u00e9s general que la gente del pueblo y la regi\u00f3n debe conocer.","robots":{"index":"index","follow":"follow","max-snippet":"max-snippet:-1","max-image-preview":"max-image-preview:large","max-video-preview":"max-video-preview:-1"},"canonical":"https:\/\/www.celttv.com.ar\/index.php\/2025\/02\/04\/sergio-bordoni-se-reunio-con-la-ministra-de-ambiente-para-avanzar-en-proyectos-ambientales-clave\/","og_locale":"es_ES","og_type":"article","og_title":"Sergio Bordoni se reuni\u00f3 con la Ministra de Ambiente para avanzar en proyectos ambientales clave - CELTTV","og_description":"Sitio web de noticias de la localidad de Tornquist, provincia de Buenos Aires, Rep\u00fablica Argentina. Contenido propio originado por periodistas de CELTTV, el canal de TV local de la Cooperativa El\u00e9ctrica de Tornquist. Turismo, Pol\u00edtica, Sociedad, Deporte, Cultura y todo el contenido de inter\u00e9s general que la gente del pueblo y la regi\u00f3n debe conocer.","og_url":"https:\/\/www.celttv.com.ar\/index.php\/2025\/02\/04\/sergio-bordoni-se-reunio-con-la-ministra-de-ambiente-para-avanzar-en-proyectos-ambientales-clave\/","og_site_name":"CELTTV","article_publisher":"https:\/\/www.facebook.com\/celtTV\/","article_published_time":"2025-02-05T02:27:05+00:00","og_image":[{"width":1280,"height":853,"url":"https:\/\/www.celttv.com.ar\/wp-content\/uploads\/2025\/02\/GestionAmbiente1.jpeg","type":"image\/jpeg"}],"author":"Miguel Herrada","twitter_card":"summary_large_image","twitter_misc":{"Escrito por":"Miguel Herrada","Tiempo de lectura":"1 minuto"},"schema":{"@context":"https:\/\/schema.org","@graph":[{"@type":"NewsArticle","@id":"https:\/\/www.celttv.com.ar\/index.php\/2025\/02\/04\/sergio-bordoni-se-reunio-con-la-ministra-de-ambiente-para-avanzar-en-proyectos-ambientales-clave\/#article","isPartOf":{"@id":"https:\/\/www.celttv.com.ar\/index.php\/2025\/02\/04\/sergio-bordoni-se-reunio-con-la-ministra-de-ambiente-para-avanzar-en-proyectos-ambientales-clave\/"},"author":{"name":"Miguel Herrada","@id":"https:\/\/www.celttv.com.ar\/#\/schema\/person\/9059dc91dc7204ef4182cdb65225f07d"},"headline":"Sergio Bordoni se reuni\u00f3 con la Ministra de Ambiente para avanzar en proyectos ambientales clave","datePublished":"2025-02-05T02:27:05+00:00","dateModified":"2025-02-05T02:27:05+00:00","mainEntityOfPage":{"@id":"https:\/\/www.celttv.com.ar\/index.php\/2025\/02\/04\/sergio-bordoni-se-reunio-con-la-ministra-de-ambiente-para-avanzar-en-proyectos-ambientales-clave\/"},"wordCount":221,"publisher":{"@id":"https:\/\/www.celttv.com.ar\/#organization"},"articleSection":["Municipales","Producci\u00f3n y Medio Ambiente"],"inLanguage":"es"},{"@type":"WebPage","@id":"https:\/\/www.celttv.com.ar\/index.php\/2025\/02\/04\/sergio-bordoni-se-reunio-con-la-ministra-de-ambiente-para-avanzar-en-proyectos-ambientales-clave\/","url":"https:\/\/www.celttv.com.ar\/index.php\/2025\/02\/04\/sergio-bordoni-se-reunio-con-la-ministra-de-ambiente-para-avanzar-en-proyectos-ambientales-clave\/","name":"Sergio Bordoni se reuni\u00f3 con la Ministra de Ambiente para avanzar en proyectos ambientales clave - CELTTV","isPartOf":{"@id":"https:\/\/www.celttv.com.ar\/#website"},"datePublished":"2025-02-05T02:27:05+00:00","dateModified":"2025-02-05T02:27:05+00:00","description":"Sitio web de noticias de la localidad de Tornquist, provincia de Buenos Aires, Rep\u00fablica Argentina. Contenido propio originado por periodistas de CELTTV, el canal de TV local de la Cooperativa El\u00e9ctrica de Tornquist. Turismo, Pol\u00edtica, Sociedad, Deporte, Cultura y todo el contenido de inter\u00e9s general que la gente del pueblo y la regi\u00f3n debe conocer.","breadcrumb":{"@id":"https:\/\/www.celttv.com.ar\/index.php\/2025\/02\/04\/sergio-bordoni-se-reunio-con-la-ministra-de-ambiente-para-avanzar-en-proyectos-ambientales-clave\/#breadcrumb"},"inLanguage":"es","potentialAction":[{"@type":"ReadAction","target":["https:\/\/www.celttv.com.ar\/index.php\/2025\/02\/04\/sergio-bordoni-se-reunio-con-la-ministra-de-ambiente-para-avanzar-en-proyectos-ambientales-clave\/"]}]},{"@type":"BreadcrumbList","@id":"https:\/\/www.celttv.com.ar\/index.php\/2025\/02\/04\/sergio-bordoni-se-reunio-con-la-ministra-de-ambiente-para-avanzar-en-proyectos-ambientales-clave\/#breadcrumb","itemListElement":[{"@type":"ListItem","position":1,"name":"Inicio","item":"https:\/\/www.celttv.com.ar\/"},{"@type":"ListItem","position":2,"name":"Sergio Bordoni se reuni\u00f3 con la Ministra de Ambiente para avanzar en proyectos ambientales clave"}]},{"@type":"WebSite","@id":"https:\/\/www.celttv.com.ar\/#website","url":"https:\/\/www.celttv.com.ar\/","name":"CELTTV","description":"Cooperativa El\u00e9ctrica de Tornquist","publisher":{"@id":"https:\/\/www.celttv.com.ar\/#organization"},"potentialAction":[{"@type":"SearchAction","target":{"@type":"EntryPoint","urlTemplate":"https:\/\/www.celttv.com.ar\/?s={search_term_string}"},"query-input":"required name=search_term_string"}],"inLanguage":"es"},{"@type":"Organization","@id":"https:\/\/www.celttv.com.ar\/#organization","name":"CELTTV","url":"https:\/\/www.celttv.com.ar\/","sameAs":["https:\/\/www.youtube.com\/channel\/UCz_oIt8Hig64Ub-EmcNPIhg","https:\/\/www.facebook.com\/celtTV\/"],"logo":{"@type":"ImageObject","inLanguage":"es","@id":"https:\/\/www.celttv.com.ar\/#\/schema\/logo\/image\/","url":"http:\/\/www.celttv.com.ar\/wp-content\/uploads\/2022\/08\/logo-1.png","contentUrl":"http:\/\/www.celttv.com.ar\/wp-content\/uploads\/2022\/08\/logo-1.png","width":461,"height":159,"caption":"CELTTV"},"image":{"@id":"https:\/\/www.celttv.com.ar\/#\/schema\/logo\/image\/"}},{"@type":"Person","@id":"https:\/\/www.celttv.com.ar\/#\/schema\/person\/9059dc91dc7204ef4182cdb65225f07d","name":"Miguel Herrada","image":{"@type":"ImageObject","inLanguage":"es","@id":"https:\/\/www.celttv.com.ar\/#\/schema\/person\/image\/","url":"https:\/\/secure.gravatar.com\/avatar\/67724d5b3c716623ffd76bec7e45841a442ac3b456e914dbba90b0fad2b8e0b1?s=96&d=mm&r=g","contentUrl":"https:\/\/secure.gravatar.com\/avatar\/67724d5b3c716623ffd76bec7e45841a442ac3b456e914dbba90b0fad2b8e0b1?s=96&d=mm&r=g","caption":"Miguel Herrada"}}]}},"_links":{"self":[{"href":"https:\/\/www.celttv.com.ar\/index.php\/wp-json\/wp\/v2\/posts\/87511","targetHints":{"allow":["GET"]}}],"collection":[{"href":"https:\/\/www.celttv.com.ar\/index.php\/wp-json\/wp\/v2\/posts"}],"about":[{"href":"https:\/\/www.celttv.com.ar\/index.php\/wp-json\/wp\/v2\/types\/post"}],"author":[{"embeddable":true,"href":"https:\/\/www.celttv.com.ar\/index.php\/wp-json\/wp\/v2\/users\/5"}],"replies":[{"embeddable":true,"href":"https:\/\/www.celttv.com.ar\/index.php\/wp-json\/wp\/v2\/comments?post=87511"}],"version-history":[{"count":1,"href":"https:\/\/www.celttv.com.ar\/index.php\/wp-json\/wp\/v2\/posts\/87511\/revisions"}],"predecessor-version":[{"id":87514,"href":"https:\/\/www.celttv.com.ar\/index.php\/wp-json\/wp\/v2\/posts\/87511\/revisions\/87514"}],"wp:featuredmedia":[{"embeddable":true,"href":"https:\/\/www.celttv.com.ar\/index.php\/wp-json\/wp\/v2\/media\/87513"}],"wp:attachment":[{"href":"https:\/\/www.celttv.com.ar\/index.php\/wp-json\/wp\/v2\/media?parent=87511"}],"wp:term":[{"taxonomy":"category","embeddable":true,"href":"https:\/\/www.celttv.com.ar\/index.php\/wp-json\/wp\/v2\/categories?post=87511"},{"taxonomy":"post_tag","embeddable":true,"href":"https:\/\/www.celttv.com.ar\/index.php\/wp-json\/wp\/v2\/tags?post=87511"}],"curies":[{"name":"wp","href":"https:\/\/api.w.org\/{rel}","templated":true}]}}