{"id":87515,"date":"2025-02-05T16:13:41","date_gmt":"2025-02-05T19:13:41","guid":{"rendered":"https:\/\/www.celttv.com.ar\/?p=87515"},"modified":"2025-02-05T16:13:41","modified_gmt":"2025-02-05T19:13:41","slug":"dia-internacional-de-la-mujer-trabajadora-invitacion-especial-rumbo-al-8m","status":"publish","type":"post","link":"https:\/\/www.celttv.com.ar\/index.php\/2025\/02\/05\/dia-internacional-de-la-mujer-trabajadora-invitacion-especial-rumbo-al-8m\/","title":{"rendered":"D\u00eda Internacional de la Mujer Trabajadora: INVITACION ESPECIAL RUMBO AL 8M"},"content":{"rendered":"<p style=\"font-weight: 400;\">Para que el D\u00eda Internacional de la Mujer trabajadora sea un aporte en la \u00a0visibilizaci\u00f3n de nuestras necesidades y en la toma de conciencia sobre la importancia de la igualdad de g\u00e9nero, el Consejo de las Mujeres Tornquist junto con la Campa\u00f1a Nacional por el Derecho al Aborto Legal, Seguro y Gratuito Tornquist\u00a0 y la Red de Vecinas convocamos a:<\/p>\n<p style=\"font-weight: 400;\">\n<p style=\"font-weight: 400;\">\u00fc\u00a0\u00a0las mujeres y diversidades,<\/p>\n<p style=\"font-weight: 400;\">\u00fc\u00a0\u00a0las organizaciones de la comunidad,<\/p>\n<p style=\"font-weight: 400;\">\u00fc\u00a0\u00a0\u00a0toda expresi\u00f3n art\u00edstica serrana<\/p>\n<p style=\"font-weight: 400;\">\n<p style=\"font-weight: 400;\">al PRIMER ENCUENTRO ORGANIZATIVO DEL 8M<\/p>\n<p style=\"font-weight: 400;\">el \u00a0S\u00c1BADO 8 DE FEBRERO,<\/p>\n<p style=\"font-weight: 400;\">a las 18.30<\/p>\n<p style=\"font-weight: 400;\">en la \u201cBIBLIO-MOVIL COMUNITARIA\u201d<\/p>\n<p style=\"font-weight: 400;\">ubicada en el predio DEL CENTRO CULTURAL<\/p>\n<p style=\"font-weight: 400;\">de Sierra de la Ventana.<\/p>\n<p style=\"font-weight: 400;\">\n<p style=\"font-weight: 400;\">TE ESPERAMOS. TU PRESENCIA ES MUY IMPORTANTE<\/p>\n<p style=\"font-weight: 400;\">\u00a1NO FALTES!<\/p>\n<p><img loading=\"lazy\" decoding=\"async\" class=\"alignnone wp-image-87516 size-full\" src=\"https:\/\/www.celttv.com.ar\/wp-content\/uploads\/2025\/02\/CONSEJO-MUNICIPAL-DE-MUJERES.png\" alt=\"\" width=\"363\" height=\"351\" srcset=\"https:\/\/www.celttv.com.ar\/wp-content\/uploads\/2025\/02\/CONSEJO-MUNICIPAL-DE-MUJERES.png 363w, https:\/\/www.celttv.com.ar\/wp-content\/uploads\/2025\/02\/CONSEJO-MUNICIPAL-DE-MUJERES-300x290.png 300w\" sizes=\"auto, (max-width: 363px) 100vw, 363px\" \/> <img loading=\"lazy\" decoding=\"async\" class=\"alignnone wp-image-87517 size-full\" src=\"https:\/\/www.celttv.com.ar\/wp-content\/uploads\/2025\/02\/RUMBO-AL-8M.jpg\" alt=\"\" width=\"630\" height=\"569\" srcset=\"https:\/\/www.celttv.com.ar\/wp-content\/uploads\/2025\/02\/RUMBO-AL-8M.jpg 630w, https:\/\/www.celttv.com.ar\/wp-content\/uploads\/2025\/02\/RUMBO-AL-8M-300x271.jpg 300w\" sizes=\"auto, (max-width: 630px) 100vw, 630px\" \/><\/p>\n","protected":false},"excerpt":{"rendered":"<p>Para que el D\u00eda Internacional de la Mujer trabajadora sea un aporte en la \u00a0visibilizaci\u00f3n de nuestras necesidades y en la toma de conciencia sobre la importancia de la igualdad de g\u00e9nero, el Consejo de las Mujeres Tornquist junto con la Campa\u00f1a Nacional por el Derecho al Aborto Legal, Seguro y Gratuito Tornquist\u00a0 y la [&hellip;]<\/p>\n","protected":false},"author":5,"featured_media":87517,"comment_status":"closed","ping_status":"closed","sticky":false,"template":"","format":"standard","meta":{"footnotes":""},"categories":[51],"tags":[],"class_list":["post-87515","post","type-post","status-publish","format-standard","has-post-thumbnail","hentry","category-comunidad"],"yoast_head":"<!-- This site is optimized with the Yoast SEO plugin v19.7.1 - https:\/\/yoast.com\/wordpress\/plugins\/seo\/ -->\n<title>D\u00eda Internacional de la Mujer Trabajadora: INVITACION ESPECIAL RUMBO AL 8M - CELTTV<\/title>\n<meta name=\"description\" content=\"Sitio web de noticias de la localidad de Tornquist, provincia de Buenos Aires, Rep\u00fablica Argentina. Contenido propio originado por periodistas de CELTTV, el canal de TV local de la Cooperativa El\u00e9ctrica de Tornquist. Turismo, Pol\u00edtica, Sociedad, Deporte, Cultura y todo el contenido de inter\u00e9s general que la gente del pueblo y la regi\u00f3n debe conocer.\" \/>\n<meta name=\"robots\" content=\"index, follow, max-snippet:-1, max-image-preview:large, max-video-preview:-1\" \/>\n<link rel=\"canonical\" href=\"https:\/\/www.celttv.com.ar\/index.php\/2025\/02\/05\/dia-internacional-de-la-mujer-trabajadora-invitacion-especial-rumbo-al-8m\/\" \/>\n<meta property=\"og:locale\" content=\"es_ES\" \/>\n<meta property=\"og:type\" content=\"article\" \/>\n<meta property=\"og:title\" content=\"D\u00eda Internacional de la Mujer Trabajadora: INVITACION ESPECIAL RUMBO AL 8M - CELTTV\" \/>\n<meta property=\"og:description\" content=\"Sitio web de noticias de la localidad de Tornquist, provincia de Buenos Aires, Rep\u00fablica Argentina. Contenido propio originado por periodistas de CELTTV, el canal de TV local de la Cooperativa El\u00e9ctrica de Tornquist. Turismo, Pol\u00edtica, Sociedad, Deporte, Cultura y todo el contenido de inter\u00e9s general que la gente del pueblo y la regi\u00f3n debe conocer.\" \/>\n<meta property=\"og:url\" content=\"https:\/\/www.celttv.com.ar\/index.php\/2025\/02\/05\/dia-internacional-de-la-mujer-trabajadora-invitacion-especial-rumbo-al-8m\/\" \/>\n<meta property=\"og:site_name\" content=\"CELTTV\" \/>\n<meta property=\"article:publisher\" content=\"https:\/\/www.facebook.com\/celtTV\/\" \/>\n<meta property=\"article:published_time\" content=\"2025-02-05T19:13:41+00:00\" \/>\n<meta property=\"og:image\" content=\"https:\/\/www.celttv.com.ar\/wp-content\/uploads\/2025\/02\/RUMBO-AL-8M.jpg\" \/>\n\t<meta property=\"og:image:width\" content=\"630\" \/>\n\t<meta property=\"og:image:height\" content=\"569\" \/>\n\t<meta property=\"og:image:type\" content=\"image\/jpeg\" \/>\n<meta name=\"author\" content=\"Miguel Herrada\" \/>\n<meta name=\"twitter:card\" content=\"summary_large_image\" \/>\n<meta name=\"twitter:label1\" content=\"Escrito por\" \/>\n\t<meta name=\"twitter:data1\" content=\"Miguel Herrada\" \/>\n\t<meta name=\"twitter:label2\" content=\"Tiempo de lectura\" \/>\n\t<meta name=\"twitter:data2\" content=\"1 minuto\" \/>\n<script type=\"application\/ld+json\" class=\"yoast-schema-graph\">{\"@context\":\"https:\/\/schema.org\",\"@graph\":[{\"@type\":\"NewsArticle\",\"@id\":\"https:\/\/www.celttv.com.ar\/index.php\/2025\/02\/05\/dia-internacional-de-la-mujer-trabajadora-invitacion-especial-rumbo-al-8m\/#article\",\"isPartOf\":{\"@id\":\"https:\/\/www.celttv.com.ar\/index.php\/2025\/02\/05\/dia-internacional-de-la-mujer-trabajadora-invitacion-especial-rumbo-al-8m\/\"},\"author\":{\"name\":\"Miguel Herrada\",\"@id\":\"https:\/\/www.celttv.com.ar\/#\/schema\/person\/9059dc91dc7204ef4182cdb65225f07d\"},\"headline\":\"D\u00eda Internacional de la Mujer Trabajadora: INVITACION ESPECIAL RUMBO AL 8M\",\"datePublished\":\"2025-02-05T19:13:41+00:00\",\"dateModified\":\"2025-02-05T19:13:41+00:00\",\"mainEntityOfPage\":{\"@id\":\"https:\/\/www.celttv.com.ar\/index.php\/2025\/02\/05\/dia-internacional-de-la-mujer-trabajadora-invitacion-especial-rumbo-al-8m\/\"},\"wordCount\":129,\"publisher\":{\"@id\":\"https:\/\/www.celttv.com.ar\/#organization\"},\"articleSection\":[\"Comunidad\"],\"inLanguage\":\"es\"},{\"@type\":\"WebPage\",\"@id\":\"https:\/\/www.celttv.com.ar\/index.php\/2025\/02\/05\/dia-internacional-de-la-mujer-trabajadora-invitacion-especial-rumbo-al-8m\/\",\"url\":\"https:\/\/www.celttv.com.ar\/index.php\/2025\/02\/05\/dia-internacional-de-la-mujer-trabajadora-invitacion-especial-rumbo-al-8m\/\",\"name\":\"D\u00eda Internacional de la Mujer Trabajadora: INVITACION ESPECIAL RUMBO AL 8M - CELTTV\",\"isPartOf\":{\"@id\":\"https:\/\/www.celttv.com.ar\/#website\"},\"datePublished\":\"2025-02-05T19:13:41+00:00\",\"dateModified\":\"2025-02-05T19:13:41+00:00\",\"description\":\"Sitio web de noticias de la localidad de Tornquist, provincia de Buenos Aires, Rep\u00fablica Argentina. Contenido propio originado por periodistas de CELTTV, el canal de TV local de la Cooperativa El\u00e9ctrica de Tornquist. Turismo, Pol\u00edtica, Sociedad, Deporte, Cultura y todo el contenido de inter\u00e9s general que la gente del pueblo y la regi\u00f3n debe conocer.\",\"breadcrumb\":{\"@id\":\"https:\/\/www.celttv.com.ar\/index.php\/2025\/02\/05\/dia-internacional-de-la-mujer-trabajadora-invitacion-especial-rumbo-al-8m\/#breadcrumb\"},\"inLanguage\":\"es\",\"potentialAction\":[{\"@type\":\"ReadAction\",\"target\":[\"https:\/\/www.celttv.com.ar\/index.php\/2025\/02\/05\/dia-internacional-de-la-mujer-trabajadora-invitacion-especial-rumbo-al-8m\/\"]}]},{\"@type\":\"BreadcrumbList\",\"@id\":\"https:\/\/www.celttv.com.ar\/index.php\/2025\/02\/05\/dia-internacional-de-la-mujer-trabajadora-invitacion-especial-rumbo-al-8m\/#breadcrumb\",\"itemListElement\":[{\"@type\":\"ListItem\",\"position\":1,\"name\":\"Inicio\",\"item\":\"https:\/\/www.celttv.com.ar\/\"},{\"@type\":\"ListItem\",\"position\":2,\"name\":\"D\u00eda Internacional de la Mujer Trabajadora: INVITACION ESPECIAL RUMBO AL 8M\"}]},{\"@type\":\"WebSite\",\"@id\":\"https:\/\/www.celttv.com.ar\/#website\",\"url\":\"https:\/\/www.celttv.com.ar\/\",\"name\":\"CELTTV\",\"description\":\"Cooperativa El\u00e9ctrica de Tornquist\",\"publisher\":{\"@id\":\"https:\/\/www.celttv.com.ar\/#organization\"},\"potentialAction\":[{\"@type\":\"SearchAction\",\"target\":{\"@type\":\"EntryPoint\",\"urlTemplate\":\"https:\/\/www.celttv.com.ar\/?s={search_term_string}\"},\"query-input\":\"required name=search_term_string\"}],\"inLanguage\":\"es\"},{\"@type\":\"Organization\",\"@id\":\"https:\/\/www.celttv.com.ar\/#organization\",\"name\":\"CELTTV\",\"url\":\"https:\/\/www.celttv.com.ar\/\",\"sameAs\":[\"https:\/\/www.youtube.com\/channel\/UCz_oIt8Hig64Ub-EmcNPIhg\",\"https:\/\/www.facebook.com\/celtTV\/\"],\"logo\":{\"@type\":\"ImageObject\",\"inLanguage\":\"es\",\"@id\":\"https:\/\/www.celttv.com.ar\/#\/schema\/logo\/image\/\",\"url\":\"http:\/\/www.celttv.com.ar\/wp-content\/uploads\/2022\/08\/logo-1.png\",\"contentUrl\":\"http:\/\/www.celttv.com.ar\/wp-content\/uploads\/2022\/08\/logo-1.png\",\"width\":461,\"height\":159,\"caption\":\"CELTTV\"},\"image\":{\"@id\":\"https:\/\/www.celttv.com.ar\/#\/schema\/logo\/image\/\"}},{\"@type\":\"Person\",\"@id\":\"https:\/\/www.celttv.com.ar\/#\/schema\/person\/9059dc91dc7204ef4182cdb65225f07d\",\"name\":\"Miguel Herrada\",\"image\":{\"@type\":\"ImageObject\",\"inLanguage\":\"es\",\"@id\":\"https:\/\/www.celttv.com.ar\/#\/schema\/person\/image\/\",\"url\":\"https:\/\/secure.gravatar.com\/avatar\/67724d5b3c716623ffd76bec7e45841a442ac3b456e914dbba90b0fad2b8e0b1?s=96&d=mm&r=g\",\"contentUrl\":\"https:\/\/secure.gravatar.com\/avatar\/67724d5b3c716623ffd76bec7e45841a442ac3b456e914dbba90b0fad2b8e0b1?s=96&d=mm&r=g\",\"caption\":\"Miguel Herrada\"}}]}<\/script>\n<!-- \/ Yoast SEO plugin. -->","yoast_head_json":{"title":"D\u00eda Internacional de la Mujer Trabajadora: INVITACION ESPECIAL RUMBO AL 8M - CELTTV","description":"Sitio web de noticias de la localidad de Tornquist, provincia de Buenos Aires, Rep\u00fablica Argentina. Contenido propio originado por periodistas de CELTTV, el canal de TV local de la Cooperativa El\u00e9ctrica de Tornquist. Turismo, Pol\u00edtica, Sociedad, Deporte, Cultura y todo el contenido de inter\u00e9s general que la gente del pueblo y la regi\u00f3n debe conocer.","robots":{"index":"index","follow":"follow","max-snippet":"max-snippet:-1","max-image-preview":"max-image-preview:large","max-video-preview":"max-video-preview:-1"},"canonical":"https:\/\/www.celttv.com.ar\/index.php\/2025\/02\/05\/dia-internacional-de-la-mujer-trabajadora-invitacion-especial-rumbo-al-8m\/","og_locale":"es_ES","og_type":"article","og_title":"D\u00eda Internacional de la Mujer Trabajadora: INVITACION ESPECIAL RUMBO AL 8M - CELTTV","og_description":"Sitio web de noticias de la localidad de Tornquist, provincia de Buenos Aires, Rep\u00fablica Argentina. Contenido propio originado por periodistas de CELTTV, el canal de TV local de la Cooperativa El\u00e9ctrica de Tornquist. Turismo, Pol\u00edtica, Sociedad, Deporte, Cultura y todo el contenido de inter\u00e9s general que la gente del pueblo y la regi\u00f3n debe conocer.","og_url":"https:\/\/www.celttv.com.ar\/index.php\/2025\/02\/05\/dia-internacional-de-la-mujer-trabajadora-invitacion-especial-rumbo-al-8m\/","og_site_name":"CELTTV","article_publisher":"https:\/\/www.facebook.com\/celtTV\/","article_published_time":"2025-02-05T19:13:41+00:00","og_image":[{"width":630,"height":569,"url":"https:\/\/www.celttv.com.ar\/wp-content\/uploads\/2025\/02\/RUMBO-AL-8M.jpg","type":"image\/jpeg"}],"author":"Miguel Herrada","twitter_card":"summary_large_image","twitter_misc":{"Escrito por":"Miguel Herrada","Tiempo de lectura":"1 minuto"},"schema":{"@context":"https:\/\/schema.org","@graph":[{"@type":"NewsArticle","@id":"https:\/\/www.celttv.com.ar\/index.php\/2025\/02\/05\/dia-internacional-de-la-mujer-trabajadora-invitacion-especial-rumbo-al-8m\/#article","isPartOf":{"@id":"https:\/\/www.celttv.com.ar\/index.php\/2025\/02\/05\/dia-internacional-de-la-mujer-trabajadora-invitacion-especial-rumbo-al-8m\/"},"author":{"name":"Miguel Herrada","@id":"https:\/\/www.celttv.com.ar\/#\/schema\/person\/9059dc91dc7204ef4182cdb65225f07d"},"headline":"D\u00eda Internacional de la Mujer Trabajadora: INVITACION ESPECIAL RUMBO AL 8M","datePublished":"2025-02-05T19:13:41+00:00","dateModified":"2025-02-05T19:13:41+00:00","mainEntityOfPage":{"@id":"https:\/\/www.celttv.com.ar\/index.php\/2025\/02\/05\/dia-internacional-de-la-mujer-trabajadora-invitacion-especial-rumbo-al-8m\/"},"wordCount":129,"publisher":{"@id":"https:\/\/www.celttv.com.ar\/#organization"},"articleSection":["Comunidad"],"inLanguage":"es"},{"@type":"WebPage","@id":"https:\/\/www.celttv.com.ar\/index.php\/2025\/02\/05\/dia-internacional-de-la-mujer-trabajadora-invitacion-especial-rumbo-al-8m\/","url":"https:\/\/www.celttv.com.ar\/index.php\/2025\/02\/05\/dia-internacional-de-la-mujer-trabajadora-invitacion-especial-rumbo-al-8m\/","name":"D\u00eda Internacional de la Mujer Trabajadora: INVITACION ESPECIAL RUMBO AL 8M - CELTTV","isPartOf":{"@id":"https:\/\/www.celttv.com.ar\/#website"},"datePublished":"2025-02-05T19:13:41+00:00","dateModified":"2025-02-05T19:13:41+00:00","description":"Sitio web de noticias de la localidad de Tornquist, provincia de Buenos Aires, Rep\u00fablica Argentina. Contenido propio originado por periodistas de CELTTV, el canal de TV local de la Cooperativa El\u00e9ctrica de Tornquist. Turismo, Pol\u00edtica, Sociedad, Deporte, Cultura y todo el contenido de inter\u00e9s general que la gente del pueblo y la regi\u00f3n debe conocer.","breadcrumb":{"@id":"https:\/\/www.celttv.com.ar\/index.php\/2025\/02\/05\/dia-internacional-de-la-mujer-trabajadora-invitacion-especial-rumbo-al-8m\/#breadcrumb"},"inLanguage":"es","potentialAction":[{"@type":"ReadAction","target":["https:\/\/www.celttv.com.ar\/index.php\/2025\/02\/05\/dia-internacional-de-la-mujer-trabajadora-invitacion-especial-rumbo-al-8m\/"]}]},{"@type":"BreadcrumbList","@id":"https:\/\/www.celttv.com.ar\/index.php\/2025\/02\/05\/dia-internacional-de-la-mujer-trabajadora-invitacion-especial-rumbo-al-8m\/#breadcrumb","itemListElement":[{"@type":"ListItem","position":1,"name":"Inicio","item":"https:\/\/www.celttv.com.ar\/"},{"@type":"ListItem","position":2,"name":"D\u00eda Internacional de la Mujer Trabajadora: INVITACION ESPECIAL RUMBO AL 8M"}]},{"@type":"WebSite","@id":"https:\/\/www.celttv.com.ar\/#website","url":"https:\/\/www.celttv.com.ar\/","name":"CELTTV","description":"Cooperativa El\u00e9ctrica de Tornquist","publisher":{"@id":"https:\/\/www.celttv.com.ar\/#organization"},"potentialAction":[{"@type":"SearchAction","target":{"@type":"EntryPoint","urlTemplate":"https:\/\/www.celttv.com.ar\/?s={search_term_string}"},"query-input":"required name=search_term_string"}],"inLanguage":"es"},{"@type":"Organization","@id":"https:\/\/www.celttv.com.ar\/#organization","name":"CELTTV","url":"https:\/\/www.celttv.com.ar\/","sameAs":["https:\/\/www.youtube.com\/channel\/UCz_oIt8Hig64Ub-EmcNPIhg","https:\/\/www.facebook.com\/celtTV\/"],"logo":{"@type":"ImageObject","inLanguage":"es","@id":"https:\/\/www.celttv.com.ar\/#\/schema\/logo\/image\/","url":"http:\/\/www.celttv.com.ar\/wp-content\/uploads\/2022\/08\/logo-1.png","contentUrl":"http:\/\/www.celttv.com.ar\/wp-content\/uploads\/2022\/08\/logo-1.png","width":461,"height":159,"caption":"CELTTV"},"image":{"@id":"https:\/\/www.celttv.com.ar\/#\/schema\/logo\/image\/"}},{"@type":"Person","@id":"https:\/\/www.celttv.com.ar\/#\/schema\/person\/9059dc91dc7204ef4182cdb65225f07d","name":"Miguel Herrada","image":{"@type":"ImageObject","inLanguage":"es","@id":"https:\/\/www.celttv.com.ar\/#\/schema\/person\/image\/","url":"https:\/\/secure.gravatar.com\/avatar\/67724d5b3c716623ffd76bec7e45841a442ac3b456e914dbba90b0fad2b8e0b1?s=96&d=mm&r=g","contentUrl":"https:\/\/secure.gravatar.com\/avatar\/67724d5b3c716623ffd76bec7e45841a442ac3b456e914dbba90b0fad2b8e0b1?s=96&d=mm&r=g","caption":"Miguel Herrada"}}]}},"_links":{"self":[{"href":"https:\/\/www.celttv.com.ar\/index.php\/wp-json\/wp\/v2\/posts\/87515","targetHints":{"allow":["GET"]}}],"collection":[{"href":"https:\/\/www.celttv.com.ar\/index.php\/wp-json\/wp\/v2\/posts"}],"about":[{"href":"https:\/\/www.celttv.com.ar\/index.php\/wp-json\/wp\/v2\/types\/post"}],"author":[{"embeddable":true,"href":"https:\/\/www.celttv.com.ar\/index.php\/wp-json\/wp\/v2\/users\/5"}],"replies":[{"embeddable":true,"href":"https:\/\/www.celttv.com.ar\/index.php\/wp-json\/wp\/v2\/comments?post=87515"}],"version-history":[{"count":1,"href":"https:\/\/www.celttv.com.ar\/index.php\/wp-json\/wp\/v2\/posts\/87515\/revisions"}],"predecessor-version":[{"id":87518,"href":"https:\/\/www.celttv.com.ar\/index.php\/wp-json\/wp\/v2\/posts\/87515\/revisions\/87518"}],"wp:featuredmedia":[{"embeddable":true,"href":"https:\/\/www.celttv.com.ar\/index.php\/wp-json\/wp\/v2\/media\/87517"}],"wp:attachment":[{"href":"https:\/\/www.celttv.com.ar\/index.php\/wp-json\/wp\/v2\/media?parent=87515"}],"wp:term":[{"taxonomy":"category","embeddable":true,"href":"https:\/\/www.celttv.com.ar\/index.php\/wp-json\/wp\/v2\/categories?post=87515"},{"taxonomy":"post_tag","embeddable":true,"href":"https:\/\/www.celttv.com.ar\/index.php\/wp-json\/wp\/v2\/tags?post=87515"}],"curies":[{"name":"wp","href":"https:\/\/api.w.org\/{rel}","templated":true}]}}