{"id":87529,"date":"2025-02-06T10:12:49","date_gmt":"2025-02-06T13:12:49","guid":{"rendered":"https:\/\/www.celttv.com.ar\/?p=87529"},"modified":"2025-02-07T10:05:18","modified_gmt":"2025-02-07T13:05:18","slug":"celt-informa-continua-la-instalacion-de-fibra-optica-en-la-ciudad","status":"publish","type":"post","link":"https:\/\/www.celttv.com.ar\/index.php\/2025\/02\/06\/celt-informa-continua-la-instalacion-de-fibra-optica-en-la-ciudad\/","title":{"rendered":"CELT Informa: Contin\u00faa la instalaci\u00f3n de fibra \u00f3ptica en la ciudad"},"content":{"rendered":"<p><b>Desde el \u00e1rea de Telecomunicaciones de la CELT. se informa a la comunidad que en el d\u00eda de la fecha personal de la empresa 3RED, quien est\u00e1 ejecutando la obra de fibra \u00f3ptica , se encuentra trabajando en el sector sur de la ciudad en\u00a0 las calles\u00a0 Moreno, Espa\u00f1a, Sarmiento y Alem.<\/b><\/p>\n<p><img loading=\"lazy\" decoding=\"async\" class=\"alignnone wp-image-87502 size-large\" src=\"https:\/\/www.celttv.com.ar\/wp-content\/uploads\/2025\/02\/CARTEL-FIBRE-OPTICA-1024x687.jpg\" alt=\"\" width=\"1024\" height=\"687\" srcset=\"https:\/\/www.celttv.com.ar\/wp-content\/uploads\/2025\/02\/CARTEL-FIBRE-OPTICA-1024x687.jpg 1024w, https:\/\/www.celttv.com.ar\/wp-content\/uploads\/2025\/02\/CARTEL-FIBRE-OPTICA-300x201.jpg 300w, https:\/\/www.celttv.com.ar\/wp-content\/uploads\/2025\/02\/CARTEL-FIBRE-OPTICA-768x515.jpg 768w, https:\/\/www.celttv.com.ar\/wp-content\/uploads\/2025\/02\/CARTEL-FIBRE-OPTICA-750x503.jpg 750w, https:\/\/www.celttv.com.ar\/wp-content\/uploads\/2025\/02\/CARTEL-FIBRE-OPTICA.jpg 1070w\" sizes=\"auto, (max-width: 1024px) 100vw, 1024px\" \/><\/p>\n<p><img loading=\"lazy\" decoding=\"async\" class=\"alignnone wp-image-87530 size-full\" src=\"https:\/\/www.celttv.com.ar\/wp-content\/uploads\/2025\/02\/fibra-dia-06-02-25.jpg\" alt=\"\" width=\"897\" height=\"768\" srcset=\"https:\/\/www.celttv.com.ar\/wp-content\/uploads\/2025\/02\/fibra-dia-06-02-25.jpg 897w, https:\/\/www.celttv.com.ar\/wp-content\/uploads\/2025\/02\/fibra-dia-06-02-25-300x257.jpg 300w, https:\/\/www.celttv.com.ar\/wp-content\/uploads\/2025\/02\/fibra-dia-06-02-25-768x658.jpg 768w, https:\/\/www.celttv.com.ar\/wp-content\/uploads\/2025\/02\/fibra-dia-06-02-25-750x642.jpg 750w\" sizes=\"auto, (max-width: 897px) 100vw, 897px\" \/><\/p>\n","protected":false},"excerpt":{"rendered":"<p>Desde el \u00e1rea de Telecomunicaciones de la CELT. se informa a la comunidad que en el d\u00eda de la fecha personal de la empresa 3RED, quien est\u00e1 ejecutando la obra de fibra \u00f3ptica , se encuentra trabajando en el sector sur de la ciudad en\u00a0 las calles\u00a0 Moreno, Espa\u00f1a, Sarmiento y Alem.<\/p>\n","protected":false},"author":5,"featured_media":87502,"comment_status":"closed","ping_status":"closed","sticky":false,"template":"","format":"standard","meta":{"footnotes":""},"categories":[51],"tags":[],"class_list":["post-87529","post","type-post","status-publish","format-standard","has-post-thumbnail","hentry","category-comunidad"],"yoast_head":"<!-- This site is optimized with the Yoast SEO plugin v19.7.1 - https:\/\/yoast.com\/wordpress\/plugins\/seo\/ -->\n<title>CELT Informa: Contin\u00faa la instalaci\u00f3n de fibra \u00f3ptica en la ciudad - CELTTV<\/title>\n<meta name=\"description\" content=\"Sitio web de noticias de la localidad de Tornquist, provincia de Buenos Aires, Rep\u00fablica Argentina. Contenido propio originado por periodistas de CELTTV, el canal de TV local de la Cooperativa El\u00e9ctrica de Tornquist. Turismo, Pol\u00edtica, Sociedad, Deporte, Cultura y todo el contenido de inter\u00e9s general que la gente del pueblo y la regi\u00f3n debe conocer.\" \/>\n<meta name=\"robots\" content=\"index, follow, max-snippet:-1, max-image-preview:large, max-video-preview:-1\" \/>\n<link rel=\"canonical\" href=\"https:\/\/www.celttv.com.ar\/index.php\/2025\/02\/06\/celt-informa-continua-la-instalacion-de-fibra-optica-en-la-ciudad\/\" \/>\n<meta property=\"og:locale\" content=\"es_ES\" \/>\n<meta property=\"og:type\" content=\"article\" \/>\n<meta property=\"og:title\" content=\"CELT Informa: Contin\u00faa la instalaci\u00f3n de fibra \u00f3ptica en la ciudad - CELTTV\" \/>\n<meta property=\"og:description\" content=\"Sitio web de noticias de la localidad de Tornquist, provincia de Buenos Aires, Rep\u00fablica Argentina. Contenido propio originado por periodistas de CELTTV, el canal de TV local de la Cooperativa El\u00e9ctrica de Tornquist. Turismo, Pol\u00edtica, Sociedad, Deporte, Cultura y todo el contenido de inter\u00e9s general que la gente del pueblo y la regi\u00f3n debe conocer.\" \/>\n<meta property=\"og:url\" content=\"https:\/\/www.celttv.com.ar\/index.php\/2025\/02\/06\/celt-informa-continua-la-instalacion-de-fibra-optica-en-la-ciudad\/\" \/>\n<meta property=\"og:site_name\" content=\"CELTTV\" \/>\n<meta property=\"article:publisher\" content=\"https:\/\/www.facebook.com\/celtTV\/\" \/>\n<meta property=\"article:published_time\" content=\"2025-02-06T13:12:49+00:00\" \/>\n<meta property=\"article:modified_time\" content=\"2025-02-07T13:05:18+00:00\" \/>\n<meta property=\"og:image\" content=\"https:\/\/www.celttv.com.ar\/wp-content\/uploads\/2025\/02\/CARTEL-FIBRE-OPTICA.jpg\" \/>\n\t<meta property=\"og:image:width\" content=\"1070\" \/>\n\t<meta property=\"og:image:height\" content=\"718\" \/>\n\t<meta property=\"og:image:type\" content=\"image\/jpeg\" \/>\n<meta name=\"author\" content=\"Miguel Herrada\" \/>\n<meta name=\"twitter:card\" content=\"summary_large_image\" \/>\n<meta name=\"twitter:label1\" content=\"Escrito por\" \/>\n\t<meta name=\"twitter:data1\" content=\"Miguel Herrada\" \/>\n<script type=\"application\/ld+json\" class=\"yoast-schema-graph\">{\"@context\":\"https:\/\/schema.org\",\"@graph\":[{\"@type\":\"NewsArticle\",\"@id\":\"https:\/\/www.celttv.com.ar\/index.php\/2025\/02\/06\/celt-informa-continua-la-instalacion-de-fibra-optica-en-la-ciudad\/#article\",\"isPartOf\":{\"@id\":\"https:\/\/www.celttv.com.ar\/index.php\/2025\/02\/06\/celt-informa-continua-la-instalacion-de-fibra-optica-en-la-ciudad\/\"},\"author\":{\"name\":\"Miguel Herrada\",\"@id\":\"https:\/\/www.celttv.com.ar\/#\/schema\/person\/9059dc91dc7204ef4182cdb65225f07d\"},\"headline\":\"CELT Informa: Contin\u00faa la instalaci\u00f3n de fibra \u00f3ptica en la ciudad\",\"datePublished\":\"2025-02-06T13:12:49+00:00\",\"dateModified\":\"2025-02-07T13:05:18+00:00\",\"mainEntityOfPage\":{\"@id\":\"https:\/\/www.celttv.com.ar\/index.php\/2025\/02\/06\/celt-informa-continua-la-instalacion-de-fibra-optica-en-la-ciudad\/\"},\"wordCount\":66,\"publisher\":{\"@id\":\"https:\/\/www.celttv.com.ar\/#organization\"},\"articleSection\":[\"Comunidad\"],\"inLanguage\":\"es\"},{\"@type\":\"WebPage\",\"@id\":\"https:\/\/www.celttv.com.ar\/index.php\/2025\/02\/06\/celt-informa-continua-la-instalacion-de-fibra-optica-en-la-ciudad\/\",\"url\":\"https:\/\/www.celttv.com.ar\/index.php\/2025\/02\/06\/celt-informa-continua-la-instalacion-de-fibra-optica-en-la-ciudad\/\",\"name\":\"CELT Informa: Contin\u00faa la instalaci\u00f3n de fibra \u00f3ptica en la ciudad - CELTTV\",\"isPartOf\":{\"@id\":\"https:\/\/www.celttv.com.ar\/#website\"},\"datePublished\":\"2025-02-06T13:12:49+00:00\",\"dateModified\":\"2025-02-07T13:05:18+00:00\",\"description\":\"Sitio web de noticias de la localidad de Tornquist, provincia de Buenos Aires, Rep\u00fablica Argentina. Contenido propio originado por periodistas de CELTTV, el canal de TV local de la Cooperativa El\u00e9ctrica de Tornquist. Turismo, Pol\u00edtica, Sociedad, Deporte, Cultura y todo el contenido de inter\u00e9s general que la gente del pueblo y la regi\u00f3n debe conocer.\",\"breadcrumb\":{\"@id\":\"https:\/\/www.celttv.com.ar\/index.php\/2025\/02\/06\/celt-informa-continua-la-instalacion-de-fibra-optica-en-la-ciudad\/#breadcrumb\"},\"inLanguage\":\"es\",\"potentialAction\":[{\"@type\":\"ReadAction\",\"target\":[\"https:\/\/www.celttv.com.ar\/index.php\/2025\/02\/06\/celt-informa-continua-la-instalacion-de-fibra-optica-en-la-ciudad\/\"]}]},{\"@type\":\"BreadcrumbList\",\"@id\":\"https:\/\/www.celttv.com.ar\/index.php\/2025\/02\/06\/celt-informa-continua-la-instalacion-de-fibra-optica-en-la-ciudad\/#breadcrumb\",\"itemListElement\":[{\"@type\":\"ListItem\",\"position\":1,\"name\":\"Inicio\",\"item\":\"https:\/\/www.celttv.com.ar\/\"},{\"@type\":\"ListItem\",\"position\":2,\"name\":\"CELT Informa: Contin\u00faa la instalaci\u00f3n de fibra \u00f3ptica en la ciudad\"}]},{\"@type\":\"WebSite\",\"@id\":\"https:\/\/www.celttv.com.ar\/#website\",\"url\":\"https:\/\/www.celttv.com.ar\/\",\"name\":\"CELTTV\",\"description\":\"Cooperativa El\u00e9ctrica de Tornquist\",\"publisher\":{\"@id\":\"https:\/\/www.celttv.com.ar\/#organization\"},\"potentialAction\":[{\"@type\":\"SearchAction\",\"target\":{\"@type\":\"EntryPoint\",\"urlTemplate\":\"https:\/\/www.celttv.com.ar\/?s={search_term_string}\"},\"query-input\":\"required name=search_term_string\"}],\"inLanguage\":\"es\"},{\"@type\":\"Organization\",\"@id\":\"https:\/\/www.celttv.com.ar\/#organization\",\"name\":\"CELTTV\",\"url\":\"https:\/\/www.celttv.com.ar\/\",\"sameAs\":[\"https:\/\/www.youtube.com\/channel\/UCz_oIt8Hig64Ub-EmcNPIhg\",\"https:\/\/www.facebook.com\/celtTV\/\"],\"logo\":{\"@type\":\"ImageObject\",\"inLanguage\":\"es\",\"@id\":\"https:\/\/www.celttv.com.ar\/#\/schema\/logo\/image\/\",\"url\":\"http:\/\/www.celttv.com.ar\/wp-content\/uploads\/2022\/08\/logo-1.png\",\"contentUrl\":\"http:\/\/www.celttv.com.ar\/wp-content\/uploads\/2022\/08\/logo-1.png\",\"width\":461,\"height\":159,\"caption\":\"CELTTV\"},\"image\":{\"@id\":\"https:\/\/www.celttv.com.ar\/#\/schema\/logo\/image\/\"}},{\"@type\":\"Person\",\"@id\":\"https:\/\/www.celttv.com.ar\/#\/schema\/person\/9059dc91dc7204ef4182cdb65225f07d\",\"name\":\"Miguel Herrada\",\"image\":{\"@type\":\"ImageObject\",\"inLanguage\":\"es\",\"@id\":\"https:\/\/www.celttv.com.ar\/#\/schema\/person\/image\/\",\"url\":\"https:\/\/secure.gravatar.com\/avatar\/67724d5b3c716623ffd76bec7e45841a442ac3b456e914dbba90b0fad2b8e0b1?s=96&d=mm&r=g\",\"contentUrl\":\"https:\/\/secure.gravatar.com\/avatar\/67724d5b3c716623ffd76bec7e45841a442ac3b456e914dbba90b0fad2b8e0b1?s=96&d=mm&r=g\",\"caption\":\"Miguel Herrada\"}}]}<\/script>\n<!-- \/ Yoast SEO plugin. -->","yoast_head_json":{"title":"CELT Informa: Contin\u00faa la instalaci\u00f3n de fibra \u00f3ptica en la ciudad - CELTTV","description":"Sitio web de noticias de la localidad de Tornquist, provincia de Buenos Aires, Rep\u00fablica Argentina. Contenido propio originado por periodistas de CELTTV, el canal de TV local de la Cooperativa El\u00e9ctrica de Tornquist. Turismo, Pol\u00edtica, Sociedad, Deporte, Cultura y todo el contenido de inter\u00e9s general que la gente del pueblo y la regi\u00f3n debe conocer.","robots":{"index":"index","follow":"follow","max-snippet":"max-snippet:-1","max-image-preview":"max-image-preview:large","max-video-preview":"max-video-preview:-1"},"canonical":"https:\/\/www.celttv.com.ar\/index.php\/2025\/02\/06\/celt-informa-continua-la-instalacion-de-fibra-optica-en-la-ciudad\/","og_locale":"es_ES","og_type":"article","og_title":"CELT Informa: Contin\u00faa la instalaci\u00f3n de fibra \u00f3ptica en la ciudad - CELTTV","og_description":"Sitio web de noticias de la localidad de Tornquist, provincia de Buenos Aires, Rep\u00fablica Argentina. Contenido propio originado por periodistas de CELTTV, el canal de TV local de la Cooperativa El\u00e9ctrica de Tornquist. Turismo, Pol\u00edtica, Sociedad, Deporte, Cultura y todo el contenido de inter\u00e9s general que la gente del pueblo y la regi\u00f3n debe conocer.","og_url":"https:\/\/www.celttv.com.ar\/index.php\/2025\/02\/06\/celt-informa-continua-la-instalacion-de-fibra-optica-en-la-ciudad\/","og_site_name":"CELTTV","article_publisher":"https:\/\/www.facebook.com\/celtTV\/","article_published_time":"2025-02-06T13:12:49+00:00","article_modified_time":"2025-02-07T13:05:18+00:00","og_image":[{"width":1070,"height":718,"url":"https:\/\/www.celttv.com.ar\/wp-content\/uploads\/2025\/02\/CARTEL-FIBRE-OPTICA.jpg","type":"image\/jpeg"}],"author":"Miguel Herrada","twitter_card":"summary_large_image","twitter_misc":{"Escrito por":"Miguel Herrada"},"schema":{"@context":"https:\/\/schema.org","@graph":[{"@type":"NewsArticle","@id":"https:\/\/www.celttv.com.ar\/index.php\/2025\/02\/06\/celt-informa-continua-la-instalacion-de-fibra-optica-en-la-ciudad\/#article","isPartOf":{"@id":"https:\/\/www.celttv.com.ar\/index.php\/2025\/02\/06\/celt-informa-continua-la-instalacion-de-fibra-optica-en-la-ciudad\/"},"author":{"name":"Miguel Herrada","@id":"https:\/\/www.celttv.com.ar\/#\/schema\/person\/9059dc91dc7204ef4182cdb65225f07d"},"headline":"CELT Informa: Contin\u00faa la instalaci\u00f3n de fibra \u00f3ptica en la ciudad","datePublished":"2025-02-06T13:12:49+00:00","dateModified":"2025-02-07T13:05:18+00:00","mainEntityOfPage":{"@id":"https:\/\/www.celttv.com.ar\/index.php\/2025\/02\/06\/celt-informa-continua-la-instalacion-de-fibra-optica-en-la-ciudad\/"},"wordCount":66,"publisher":{"@id":"https:\/\/www.celttv.com.ar\/#organization"},"articleSection":["Comunidad"],"inLanguage":"es"},{"@type":"WebPage","@id":"https:\/\/www.celttv.com.ar\/index.php\/2025\/02\/06\/celt-informa-continua-la-instalacion-de-fibra-optica-en-la-ciudad\/","url":"https:\/\/www.celttv.com.ar\/index.php\/2025\/02\/06\/celt-informa-continua-la-instalacion-de-fibra-optica-en-la-ciudad\/","name":"CELT Informa: Contin\u00faa la instalaci\u00f3n de fibra \u00f3ptica en la ciudad - CELTTV","isPartOf":{"@id":"https:\/\/www.celttv.com.ar\/#website"},"datePublished":"2025-02-06T13:12:49+00:00","dateModified":"2025-02-07T13:05:18+00:00","description":"Sitio web de noticias de la localidad de Tornquist, provincia de Buenos Aires, Rep\u00fablica Argentina. Contenido propio originado por periodistas de CELTTV, el canal de TV local de la Cooperativa El\u00e9ctrica de Tornquist. Turismo, Pol\u00edtica, Sociedad, Deporte, Cultura y todo el contenido de inter\u00e9s general que la gente del pueblo y la regi\u00f3n debe conocer.","breadcrumb":{"@id":"https:\/\/www.celttv.com.ar\/index.php\/2025\/02\/06\/celt-informa-continua-la-instalacion-de-fibra-optica-en-la-ciudad\/#breadcrumb"},"inLanguage":"es","potentialAction":[{"@type":"ReadAction","target":["https:\/\/www.celttv.com.ar\/index.php\/2025\/02\/06\/celt-informa-continua-la-instalacion-de-fibra-optica-en-la-ciudad\/"]}]},{"@type":"BreadcrumbList","@id":"https:\/\/www.celttv.com.ar\/index.php\/2025\/02\/06\/celt-informa-continua-la-instalacion-de-fibra-optica-en-la-ciudad\/#breadcrumb","itemListElement":[{"@type":"ListItem","position":1,"name":"Inicio","item":"https:\/\/www.celttv.com.ar\/"},{"@type":"ListItem","position":2,"name":"CELT Informa: Contin\u00faa la instalaci\u00f3n de fibra \u00f3ptica en la ciudad"}]},{"@type":"WebSite","@id":"https:\/\/www.celttv.com.ar\/#website","url":"https:\/\/www.celttv.com.ar\/","name":"CELTTV","description":"Cooperativa El\u00e9ctrica de Tornquist","publisher":{"@id":"https:\/\/www.celttv.com.ar\/#organization"},"potentialAction":[{"@type":"SearchAction","target":{"@type":"EntryPoint","urlTemplate":"https:\/\/www.celttv.com.ar\/?s={search_term_string}"},"query-input":"required name=search_term_string"}],"inLanguage":"es"},{"@type":"Organization","@id":"https:\/\/www.celttv.com.ar\/#organization","name":"CELTTV","url":"https:\/\/www.celttv.com.ar\/","sameAs":["https:\/\/www.youtube.com\/channel\/UCz_oIt8Hig64Ub-EmcNPIhg","https:\/\/www.facebook.com\/celtTV\/"],"logo":{"@type":"ImageObject","inLanguage":"es","@id":"https:\/\/www.celttv.com.ar\/#\/schema\/logo\/image\/","url":"http:\/\/www.celttv.com.ar\/wp-content\/uploads\/2022\/08\/logo-1.png","contentUrl":"http:\/\/www.celttv.com.ar\/wp-content\/uploads\/2022\/08\/logo-1.png","width":461,"height":159,"caption":"CELTTV"},"image":{"@id":"https:\/\/www.celttv.com.ar\/#\/schema\/logo\/image\/"}},{"@type":"Person","@id":"https:\/\/www.celttv.com.ar\/#\/schema\/person\/9059dc91dc7204ef4182cdb65225f07d","name":"Miguel Herrada","image":{"@type":"ImageObject","inLanguage":"es","@id":"https:\/\/www.celttv.com.ar\/#\/schema\/person\/image\/","url":"https:\/\/secure.gravatar.com\/avatar\/67724d5b3c716623ffd76bec7e45841a442ac3b456e914dbba90b0fad2b8e0b1?s=96&d=mm&r=g","contentUrl":"https:\/\/secure.gravatar.com\/avatar\/67724d5b3c716623ffd76bec7e45841a442ac3b456e914dbba90b0fad2b8e0b1?s=96&d=mm&r=g","caption":"Miguel Herrada"}}]}},"_links":{"self":[{"href":"https:\/\/www.celttv.com.ar\/index.php\/wp-json\/wp\/v2\/posts\/87529","targetHints":{"allow":["GET"]}}],"collection":[{"href":"https:\/\/www.celttv.com.ar\/index.php\/wp-json\/wp\/v2\/posts"}],"about":[{"href":"https:\/\/www.celttv.com.ar\/index.php\/wp-json\/wp\/v2\/types\/post"}],"author":[{"embeddable":true,"href":"https:\/\/www.celttv.com.ar\/index.php\/wp-json\/wp\/v2\/users\/5"}],"replies":[{"embeddable":true,"href":"https:\/\/www.celttv.com.ar\/index.php\/wp-json\/wp\/v2\/comments?post=87529"}],"version-history":[{"count":2,"href":"https:\/\/www.celttv.com.ar\/index.php\/wp-json\/wp\/v2\/posts\/87529\/revisions"}],"predecessor-version":[{"id":87542,"href":"https:\/\/www.celttv.com.ar\/index.php\/wp-json\/wp\/v2\/posts\/87529\/revisions\/87542"}],"wp:featuredmedia":[{"embeddable":true,"href":"https:\/\/www.celttv.com.ar\/index.php\/wp-json\/wp\/v2\/media\/87502"}],"wp:attachment":[{"href":"https:\/\/www.celttv.com.ar\/index.php\/wp-json\/wp\/v2\/media?parent=87529"}],"wp:term":[{"taxonomy":"category","embeddable":true,"href":"https:\/\/www.celttv.com.ar\/index.php\/wp-json\/wp\/v2\/categories?post=87529"},{"taxonomy":"post_tag","embeddable":true,"href":"https:\/\/www.celttv.com.ar\/index.php\/wp-json\/wp\/v2\/tags?post=87529"}],"curies":[{"name":"wp","href":"https:\/\/api.w.org\/{rel}","templated":true}]}}