{"id":8757,"date":"2012-10-26T19:36:28","date_gmt":"2012-10-26T19:36:28","guid":{"rendered":"http:\/\/www.tvcnoticias.com.ar\/?p=8757"},"modified":"2012-10-26T19:36:28","modified_gmt":"2012-10-26T19:36:28","slug":"el-municipio-agradece-a-la-comunidad-por-el-acompanamiento-en-la-tematica-ambiental","status":"publish","type":"post","link":"https:\/\/www.celttv.com.ar\/index.php\/2012\/10\/26\/el-municipio-agradece-a-la-comunidad-por-el-acompanamiento-en-la-tematica-ambiental\/","title":{"rendered":"EL MUNICIPIO AGRADECE A LA COMUNIDAD POR EL ACOMPA\u00d1AMIENTO EN LA TEMATICA AMBIENTAL"},"content":{"rendered":"<p><br \/>\nUn relevamiento efectuado por integrantes de la Secretar\u00eda de Producci\u00f3n y Medio Ambiente de la Municipalidad de Tornquist permiti\u00f3 comprobar el compromiso asumido por los vecinos, empleados municipales y delegados de las diferentes localidades en los programas de separaci\u00f3n de residuos s\u00f3lidos urbanos, Puntos Limpios y Tu Manzana Recicla.<br \/>\n\u00a0\u00a0 Uno de los aspectos salientes de la recorrida result\u00f3 que, a diferencia de oportunidades anteriores, los lugares de dep\u00f3sitos de residuos reciclables (Puntos Limpios) se encontraron en muy buenas condiciones, en lo que respecta a su cuidado y a la correcta colocaci\u00f3n de residuos.<br \/>\n\u00a0\u00a0 Es importante destacar que desde el inicio de los mencionados programas ya se lograron recuperar m\u00e1s de 8 toneladas de pl\u00e1sticos, m\u00e1s de 35 toneladas de cart\u00f3n y m\u00e1s de 80 toneladas de vidrios, lo que redondea una cantidad superior a las 120 toneladas de residuos que se eliminaron de los basurales a cielo abierto del distrito.<\/p>\n","protected":false},"excerpt":{"rendered":"<p>Un relevamiento efectuado por integrantes de la Secretar\u00eda de Producci\u00f3n y Medio Ambiente de la Municipalidad de Tornquist permiti\u00f3 comprobar el compromiso asumido por los vecinos, empleados municipales y delegados de las diferentes localidades en los programas de separaci\u00f3n de residuos s\u00f3lidos urbanos, Puntos Limpios y Tu Manzana Recicla. \u00a0\u00a0 Uno de los aspectos salientes [&hellip;]<\/p>\n","protected":false},"author":1,"featured_media":0,"comment_status":"closed","ping_status":"open","sticky":false,"template":"","format":"standard","meta":{"footnotes":""},"categories":[51,52,53],"tags":[],"class_list":["post-8757","post","type-post","status-publish","format-standard","hentry","category-comunidad","category-destacadas","category-politica"],"yoast_head":"<!-- This site is optimized with the Yoast SEO plugin v19.7.1 - https:\/\/yoast.com\/wordpress\/plugins\/seo\/ -->\n<title>EL MUNICIPIO AGRADECE A LA COMUNIDAD POR EL ACOMPA\u00d1AMIENTO EN LA TEMATICA AMBIENTAL - CELTTV<\/title>\n<meta name=\"description\" content=\"Sitio web de noticias de la localidad de Tornquist, provincia de Buenos Aires, Rep\u00fablica Argentina. Contenido propio originado por periodistas de CELTTV, el canal de TV local de la Cooperativa El\u00e9ctrica de Tornquist. Turismo, Pol\u00edtica, Sociedad, Deporte, Cultura y todo el contenido de inter\u00e9s general que la gente del pueblo y la regi\u00f3n debe conocer.\" \/>\n<meta name=\"robots\" content=\"index, follow, max-snippet:-1, max-image-preview:large, max-video-preview:-1\" \/>\n<link rel=\"canonical\" href=\"https:\/\/www.celttv.com.ar\/index.php\/2012\/10\/26\/el-municipio-agradece-a-la-comunidad-por-el-acompanamiento-en-la-tematica-ambiental\/\" \/>\n<meta property=\"og:locale\" content=\"es_ES\" \/>\n<meta property=\"og:type\" content=\"article\" \/>\n<meta property=\"og:title\" content=\"EL MUNICIPIO AGRADECE A LA COMUNIDAD POR EL ACOMPA\u00d1AMIENTO EN LA TEMATICA AMBIENTAL - CELTTV\" \/>\n<meta property=\"og:description\" content=\"Sitio web de noticias de la localidad de Tornquist, provincia de Buenos Aires, Rep\u00fablica Argentina. Contenido propio originado por periodistas de CELTTV, el canal de TV local de la Cooperativa El\u00e9ctrica de Tornquist. Turismo, Pol\u00edtica, Sociedad, Deporte, Cultura y todo el contenido de inter\u00e9s general que la gente del pueblo y la regi\u00f3n debe conocer.\" \/>\n<meta property=\"og:url\" content=\"https:\/\/www.celttv.com.ar\/index.php\/2012\/10\/26\/el-municipio-agradece-a-la-comunidad-por-el-acompanamiento-en-la-tematica-ambiental\/\" \/>\n<meta property=\"og:site_name\" content=\"CELTTV\" \/>\n<meta property=\"article:publisher\" content=\"https:\/\/www.facebook.com\/celtTV\/\" \/>\n<meta property=\"article:published_time\" content=\"2012-10-26T19:36:28+00:00\" \/>\n<meta name=\"author\" content=\"ulises\" \/>\n<meta name=\"twitter:card\" content=\"summary_large_image\" \/>\n<meta name=\"twitter:label1\" content=\"Escrito por\" \/>\n\t<meta name=\"twitter:data1\" content=\"ulises\" \/>\n\t<meta name=\"twitter:label2\" content=\"Tiempo de lectura\" \/>\n\t<meta name=\"twitter:data2\" content=\"1 minuto\" \/>\n<script type=\"application\/ld+json\" class=\"yoast-schema-graph\">{\"@context\":\"https:\/\/schema.org\",\"@graph\":[{\"@type\":\"NewsArticle\",\"@id\":\"https:\/\/www.celttv.com.ar\/index.php\/2012\/10\/26\/el-municipio-agradece-a-la-comunidad-por-el-acompanamiento-en-la-tematica-ambiental\/#article\",\"isPartOf\":{\"@id\":\"https:\/\/www.celttv.com.ar\/index.php\/2012\/10\/26\/el-municipio-agradece-a-la-comunidad-por-el-acompanamiento-en-la-tematica-ambiental\/\"},\"author\":{\"name\":\"ulises\",\"@id\":\"https:\/\/www.celttv.com.ar\/#\/schema\/person\/6d99c072dba59953809c81446e9d0ace\"},\"headline\":\"EL MUNICIPIO AGRADECE A LA COMUNIDAD POR EL ACOMPA\u00d1AMIENTO EN LA TEMATICA AMBIENTAL\",\"datePublished\":\"2012-10-26T19:36:28+00:00\",\"dateModified\":\"2012-10-26T19:36:28+00:00\",\"mainEntityOfPage\":{\"@id\":\"https:\/\/www.celttv.com.ar\/index.php\/2012\/10\/26\/el-municipio-agradece-a-la-comunidad-por-el-acompanamiento-en-la-tematica-ambiental\/\"},\"wordCount\":175,\"publisher\":{\"@id\":\"https:\/\/www.celttv.com.ar\/#organization\"},\"articleSection\":[\"Comunidad\",\"Destacadas\",\"Pol\u00edtica\"],\"inLanguage\":\"es\"},{\"@type\":\"WebPage\",\"@id\":\"https:\/\/www.celttv.com.ar\/index.php\/2012\/10\/26\/el-municipio-agradece-a-la-comunidad-por-el-acompanamiento-en-la-tematica-ambiental\/\",\"url\":\"https:\/\/www.celttv.com.ar\/index.php\/2012\/10\/26\/el-municipio-agradece-a-la-comunidad-por-el-acompanamiento-en-la-tematica-ambiental\/\",\"name\":\"EL MUNICIPIO AGRADECE A LA COMUNIDAD POR EL ACOMPA\u00d1AMIENTO EN LA TEMATICA AMBIENTAL - CELTTV\",\"isPartOf\":{\"@id\":\"https:\/\/www.celttv.com.ar\/#website\"},\"datePublished\":\"2012-10-26T19:36:28+00:00\",\"dateModified\":\"2012-10-26T19:36:28+00:00\",\"description\":\"Sitio web de noticias de la localidad de Tornquist, provincia de Buenos Aires, Rep\u00fablica Argentina. Contenido propio originado por periodistas de CELTTV, el canal de TV local de la Cooperativa El\u00e9ctrica de Tornquist. Turismo, Pol\u00edtica, Sociedad, Deporte, Cultura y todo el contenido de inter\u00e9s general que la gente del pueblo y la regi\u00f3n debe conocer.\",\"breadcrumb\":{\"@id\":\"https:\/\/www.celttv.com.ar\/index.php\/2012\/10\/26\/el-municipio-agradece-a-la-comunidad-por-el-acompanamiento-en-la-tematica-ambiental\/#breadcrumb\"},\"inLanguage\":\"es\",\"potentialAction\":[{\"@type\":\"ReadAction\",\"target\":[\"https:\/\/www.celttv.com.ar\/index.php\/2012\/10\/26\/el-municipio-agradece-a-la-comunidad-por-el-acompanamiento-en-la-tematica-ambiental\/\"]}]},{\"@type\":\"BreadcrumbList\",\"@id\":\"https:\/\/www.celttv.com.ar\/index.php\/2012\/10\/26\/el-municipio-agradece-a-la-comunidad-por-el-acompanamiento-en-la-tematica-ambiental\/#breadcrumb\",\"itemListElement\":[{\"@type\":\"ListItem\",\"position\":1,\"name\":\"Inicio\",\"item\":\"https:\/\/www.celttv.com.ar\/\"},{\"@type\":\"ListItem\",\"position\":2,\"name\":\"EL MUNICIPIO AGRADECE A LA COMUNIDAD POR EL ACOMPA\u00d1AMIENTO EN LA TEMATICA AMBIENTAL\"}]},{\"@type\":\"WebSite\",\"@id\":\"https:\/\/www.celttv.com.ar\/#website\",\"url\":\"https:\/\/www.celttv.com.ar\/\",\"name\":\"CELTTV\",\"description\":\"Cooperativa El\u00e9ctrica de Tornquist\",\"publisher\":{\"@id\":\"https:\/\/www.celttv.com.ar\/#organization\"},\"potentialAction\":[{\"@type\":\"SearchAction\",\"target\":{\"@type\":\"EntryPoint\",\"urlTemplate\":\"https:\/\/www.celttv.com.ar\/?s={search_term_string}\"},\"query-input\":\"required name=search_term_string\"}],\"inLanguage\":\"es\"},{\"@type\":\"Organization\",\"@id\":\"https:\/\/www.celttv.com.ar\/#organization\",\"name\":\"CELTTV\",\"url\":\"https:\/\/www.celttv.com.ar\/\",\"sameAs\":[\"https:\/\/www.youtube.com\/channel\/UCz_oIt8Hig64Ub-EmcNPIhg\",\"https:\/\/www.facebook.com\/celtTV\/\"],\"logo\":{\"@type\":\"ImageObject\",\"inLanguage\":\"es\",\"@id\":\"https:\/\/www.celttv.com.ar\/#\/schema\/logo\/image\/\",\"url\":\"http:\/\/www.celttv.com.ar\/wp-content\/uploads\/2022\/08\/logo-1.png\",\"contentUrl\":\"http:\/\/www.celttv.com.ar\/wp-content\/uploads\/2022\/08\/logo-1.png\",\"width\":461,\"height\":159,\"caption\":\"CELTTV\"},\"image\":{\"@id\":\"https:\/\/www.celttv.com.ar\/#\/schema\/logo\/image\/\"}},{\"@type\":\"Person\",\"@id\":\"https:\/\/www.celttv.com.ar\/#\/schema\/person\/6d99c072dba59953809c81446e9d0ace\",\"name\":\"ulises\",\"image\":{\"@type\":\"ImageObject\",\"inLanguage\":\"es\",\"@id\":\"https:\/\/www.celttv.com.ar\/#\/schema\/person\/image\/\",\"url\":\"https:\/\/secure.gravatar.com\/avatar\/7f2c48bdc33b30088f941fb6082e555f2874c98e20cb159d7b92b50eadfce793?s=96&d=mm&r=g\",\"contentUrl\":\"https:\/\/secure.gravatar.com\/avatar\/7f2c48bdc33b30088f941fb6082e555f2874c98e20cb159d7b92b50eadfce793?s=96&d=mm&r=g\",\"caption\":\"ulises\"},\"sameAs\":[\"http:\/\/www.celttv.com.ar\"]}]}<\/script>\n<!-- \/ Yoast SEO plugin. -->","yoast_head_json":{"title":"EL MUNICIPIO AGRADECE A LA COMUNIDAD POR EL ACOMPA\u00d1AMIENTO EN LA TEMATICA AMBIENTAL - CELTTV","description":"Sitio web de noticias de la localidad de Tornquist, provincia de Buenos Aires, Rep\u00fablica Argentina. Contenido propio originado por periodistas de CELTTV, el canal de TV local de la Cooperativa El\u00e9ctrica de Tornquist. Turismo, Pol\u00edtica, Sociedad, Deporte, Cultura y todo el contenido de inter\u00e9s general que la gente del pueblo y la regi\u00f3n debe conocer.","robots":{"index":"index","follow":"follow","max-snippet":"max-snippet:-1","max-image-preview":"max-image-preview:large","max-video-preview":"max-video-preview:-1"},"canonical":"https:\/\/www.celttv.com.ar\/index.php\/2012\/10\/26\/el-municipio-agradece-a-la-comunidad-por-el-acompanamiento-en-la-tematica-ambiental\/","og_locale":"es_ES","og_type":"article","og_title":"EL MUNICIPIO AGRADECE A LA COMUNIDAD POR EL ACOMPA\u00d1AMIENTO EN LA TEMATICA AMBIENTAL - CELTTV","og_description":"Sitio web de noticias de la localidad de Tornquist, provincia de Buenos Aires, Rep\u00fablica Argentina. Contenido propio originado por periodistas de CELTTV, el canal de TV local de la Cooperativa El\u00e9ctrica de Tornquist. Turismo, Pol\u00edtica, Sociedad, Deporte, Cultura y todo el contenido de inter\u00e9s general que la gente del pueblo y la regi\u00f3n debe conocer.","og_url":"https:\/\/www.celttv.com.ar\/index.php\/2012\/10\/26\/el-municipio-agradece-a-la-comunidad-por-el-acompanamiento-en-la-tematica-ambiental\/","og_site_name":"CELTTV","article_publisher":"https:\/\/www.facebook.com\/celtTV\/","article_published_time":"2012-10-26T19:36:28+00:00","author":"ulises","twitter_card":"summary_large_image","twitter_misc":{"Escrito por":"ulises","Tiempo de lectura":"1 minuto"},"schema":{"@context":"https:\/\/schema.org","@graph":[{"@type":"NewsArticle","@id":"https:\/\/www.celttv.com.ar\/index.php\/2012\/10\/26\/el-municipio-agradece-a-la-comunidad-por-el-acompanamiento-en-la-tematica-ambiental\/#article","isPartOf":{"@id":"https:\/\/www.celttv.com.ar\/index.php\/2012\/10\/26\/el-municipio-agradece-a-la-comunidad-por-el-acompanamiento-en-la-tematica-ambiental\/"},"author":{"name":"ulises","@id":"https:\/\/www.celttv.com.ar\/#\/schema\/person\/6d99c072dba59953809c81446e9d0ace"},"headline":"EL MUNICIPIO AGRADECE A LA COMUNIDAD POR EL ACOMPA\u00d1AMIENTO EN LA TEMATICA AMBIENTAL","datePublished":"2012-10-26T19:36:28+00:00","dateModified":"2012-10-26T19:36:28+00:00","mainEntityOfPage":{"@id":"https:\/\/www.celttv.com.ar\/index.php\/2012\/10\/26\/el-municipio-agradece-a-la-comunidad-por-el-acompanamiento-en-la-tematica-ambiental\/"},"wordCount":175,"publisher":{"@id":"https:\/\/www.celttv.com.ar\/#organization"},"articleSection":["Comunidad","Destacadas","Pol\u00edtica"],"inLanguage":"es"},{"@type":"WebPage","@id":"https:\/\/www.celttv.com.ar\/index.php\/2012\/10\/26\/el-municipio-agradece-a-la-comunidad-por-el-acompanamiento-en-la-tematica-ambiental\/","url":"https:\/\/www.celttv.com.ar\/index.php\/2012\/10\/26\/el-municipio-agradece-a-la-comunidad-por-el-acompanamiento-en-la-tematica-ambiental\/","name":"EL MUNICIPIO AGRADECE A LA COMUNIDAD POR EL ACOMPA\u00d1AMIENTO EN LA TEMATICA AMBIENTAL - CELTTV","isPartOf":{"@id":"https:\/\/www.celttv.com.ar\/#website"},"datePublished":"2012-10-26T19:36:28+00:00","dateModified":"2012-10-26T19:36:28+00:00","description":"Sitio web de noticias de la localidad de Tornquist, provincia de Buenos Aires, Rep\u00fablica Argentina. Contenido propio originado por periodistas de CELTTV, el canal de TV local de la Cooperativa El\u00e9ctrica de Tornquist. Turismo, Pol\u00edtica, Sociedad, Deporte, Cultura y todo el contenido de inter\u00e9s general que la gente del pueblo y la regi\u00f3n debe conocer.","breadcrumb":{"@id":"https:\/\/www.celttv.com.ar\/index.php\/2012\/10\/26\/el-municipio-agradece-a-la-comunidad-por-el-acompanamiento-en-la-tematica-ambiental\/#breadcrumb"},"inLanguage":"es","potentialAction":[{"@type":"ReadAction","target":["https:\/\/www.celttv.com.ar\/index.php\/2012\/10\/26\/el-municipio-agradece-a-la-comunidad-por-el-acompanamiento-en-la-tematica-ambiental\/"]}]},{"@type":"BreadcrumbList","@id":"https:\/\/www.celttv.com.ar\/index.php\/2012\/10\/26\/el-municipio-agradece-a-la-comunidad-por-el-acompanamiento-en-la-tematica-ambiental\/#breadcrumb","itemListElement":[{"@type":"ListItem","position":1,"name":"Inicio","item":"https:\/\/www.celttv.com.ar\/"},{"@type":"ListItem","position":2,"name":"EL MUNICIPIO AGRADECE A LA COMUNIDAD POR EL ACOMPA\u00d1AMIENTO EN LA TEMATICA AMBIENTAL"}]},{"@type":"WebSite","@id":"https:\/\/www.celttv.com.ar\/#website","url":"https:\/\/www.celttv.com.ar\/","name":"CELTTV","description":"Cooperativa El\u00e9ctrica de Tornquist","publisher":{"@id":"https:\/\/www.celttv.com.ar\/#organization"},"potentialAction":[{"@type":"SearchAction","target":{"@type":"EntryPoint","urlTemplate":"https:\/\/www.celttv.com.ar\/?s={search_term_string}"},"query-input":"required name=search_term_string"}],"inLanguage":"es"},{"@type":"Organization","@id":"https:\/\/www.celttv.com.ar\/#organization","name":"CELTTV","url":"https:\/\/www.celttv.com.ar\/","sameAs":["https:\/\/www.youtube.com\/channel\/UCz_oIt8Hig64Ub-EmcNPIhg","https:\/\/www.facebook.com\/celtTV\/"],"logo":{"@type":"ImageObject","inLanguage":"es","@id":"https:\/\/www.celttv.com.ar\/#\/schema\/logo\/image\/","url":"http:\/\/www.celttv.com.ar\/wp-content\/uploads\/2022\/08\/logo-1.png","contentUrl":"http:\/\/www.celttv.com.ar\/wp-content\/uploads\/2022\/08\/logo-1.png","width":461,"height":159,"caption":"CELTTV"},"image":{"@id":"https:\/\/www.celttv.com.ar\/#\/schema\/logo\/image\/"}},{"@type":"Person","@id":"https:\/\/www.celttv.com.ar\/#\/schema\/person\/6d99c072dba59953809c81446e9d0ace","name":"ulises","image":{"@type":"ImageObject","inLanguage":"es","@id":"https:\/\/www.celttv.com.ar\/#\/schema\/person\/image\/","url":"https:\/\/secure.gravatar.com\/avatar\/7f2c48bdc33b30088f941fb6082e555f2874c98e20cb159d7b92b50eadfce793?s=96&d=mm&r=g","contentUrl":"https:\/\/secure.gravatar.com\/avatar\/7f2c48bdc33b30088f941fb6082e555f2874c98e20cb159d7b92b50eadfce793?s=96&d=mm&r=g","caption":"ulises"},"sameAs":["http:\/\/www.celttv.com.ar"]}]}},"_links":{"self":[{"href":"https:\/\/www.celttv.com.ar\/index.php\/wp-json\/wp\/v2\/posts\/8757","targetHints":{"allow":["GET"]}}],"collection":[{"href":"https:\/\/www.celttv.com.ar\/index.php\/wp-json\/wp\/v2\/posts"}],"about":[{"href":"https:\/\/www.celttv.com.ar\/index.php\/wp-json\/wp\/v2\/types\/post"}],"author":[{"embeddable":true,"href":"https:\/\/www.celttv.com.ar\/index.php\/wp-json\/wp\/v2\/users\/1"}],"replies":[{"embeddable":true,"href":"https:\/\/www.celttv.com.ar\/index.php\/wp-json\/wp\/v2\/comments?post=8757"}],"version-history":[{"count":0,"href":"https:\/\/www.celttv.com.ar\/index.php\/wp-json\/wp\/v2\/posts\/8757\/revisions"}],"wp:attachment":[{"href":"https:\/\/www.celttv.com.ar\/index.php\/wp-json\/wp\/v2\/media?parent=8757"}],"wp:term":[{"taxonomy":"category","embeddable":true,"href":"https:\/\/www.celttv.com.ar\/index.php\/wp-json\/wp\/v2\/categories?post=8757"},{"taxonomy":"post_tag","embeddable":true,"href":"https:\/\/www.celttv.com.ar\/index.php\/wp-json\/wp\/v2\/tags?post=8757"}],"curies":[{"name":"wp","href":"https:\/\/api.w.org\/{rel}","templated":true}]}}