{"id":87636,"date":"2025-02-14T18:04:37","date_gmt":"2025-02-14T21:04:37","guid":{"rendered":"https:\/\/www.celttv.com.ar\/?p=87636"},"modified":"2025-02-14T18:04:37","modified_gmt":"2025-02-14T21:04:37","slug":"codigo-tributarioagradecemos-a-los-concejales-por-el-gesto-de-mediar-y-dialogar-dijo-sergio-bordoni","status":"publish","type":"post","link":"https:\/\/www.celttv.com.ar\/index.php\/2025\/02\/14\/codigo-tributarioagradecemos-a-los-concejales-por-el-gesto-de-mediar-y-dialogar-dijo-sergio-bordoni\/","title":{"rendered":"C\u00f3digo Tributario:&#8221;Agradecemos a los concejales por el gesto de mediar y dialogar&#8221; dijo Sergio Bordoni"},"content":{"rendered":"<p><strong>Acuerdo sobre el C\u00f3digo Tributario<\/strong><\/p>\n<p>&#8220;Ayer me reun\u00ed con Susana Marcolini y Luis Castro, y hemos llegado a un acuerdo para reducir la tasa de 150 a 120% de aumento, junto con la aplicaci\u00f3n del \u00edndice inflacionario que se aprobar\u00e1 a partir de enero&#8221; se\u00f1al\u00f3 el intendente Bordoni al ser consultado este mediod\u00eda en conferencia de prensa.<\/p>\n<p>Adem\u00e1s, acordamos un 5% de bonificaci\u00f3n para los buenos contribuyentes de la red vial. En cuanto a la tasa de salud y su relaci\u00f3n con la red vial, se estableci\u00f3 que, para la gente del campo, se aplicar\u00e1 un monto fijo en lugar de un porcentaje sobre la red.<\/p>\n<p>Por otro lado, me confirmaron que se inscribieron hoy y que est\u00e1n de acuerdo con el C\u00f3digo Tributario. Seg\u00fan la palabra que me dieron, esta noche lo tratar\u00e1n y lo acompa\u00f1ar\u00e1n. Si cumplen con ese compromiso, estimamos que en diez d\u00edas estar\u00e1 aprobado.&#8221;<\/p>\n<p><strong>Importancia del di\u00e1logo y consenso para el C\u00f3digo Tributario<\/strong><\/p>\n<p>&#8220;Agradecemos a los concejales por el gesto de mediar y dialogar. Como dije ayer, la puerta de mi despacho siempre estuvo abierta. Sin un presupuesto aprobado, no puedo otorgar aumentos salariales a los empleados ni sentarme con los m\u00e9dicos para renovar los acuerdos que sol\u00edamos definir en enero. Tampoco se pueden garantizar ciertos aportes, lo que inevitablemente afecta el funcionamiento del sistema.<\/p>\n<p>Me parece importante destacar que nuestro distrito es el \u00fanico de la Sexta Secci\u00f3n Electoral que a\u00fan no ten\u00eda el presupuesto aprobado, cuando en otros municipios ya se aprobaron aumentos de tasas del 120 al 150 por ciento, e incluso en San Andr\u00e9s de Giles llegaron al 200 por ciento. No estamos hablando de un impuestazo, sino de una actualizaci\u00f3n de tasas para la prestaci\u00f3n de servicios. Un claro ejemplo es el gasoil: el a\u00f1o pasado, cuando cerramos el presupuesto 2023-2024, costaba $350, y hoy est\u00e1 en $1.500. Si alguien tiene una soluci\u00f3n para afrontar esta situaci\u00f3n sin actualizar las tasas, que me la haga saber.<\/p>\n<p>Es fundamental entender que la democracia se construye con di\u00e1logo y participaci\u00f3n. No se trata de qui\u00e9n asume el costo pol\u00edtico, porque si alguien quiere adjudicarlo, que lo haga conmigo, que soy el intendente y quien define el aumento de tasas junto con el Ejecutivo. Pero al menos era necesario que los concejales se sentaran a dar qu\u00f3rum, m\u00e1s all\u00e1 de si votan a favor o en contra. Eso es democracia: hay mayor\u00eda y hay minor\u00eda, pero el debate debe existir. Ayer logramos sentarnos a dialogar de manera civilizada, y creo que esta noche se podr\u00e1 sesionar y llegar a un acuerdo.&#8221; Finaliz\u00f3.<\/p>\n","protected":false},"excerpt":{"rendered":"<p>Acuerdo sobre el C\u00f3digo Tributario &#8220;Ayer me reun\u00ed con Susana Marcolini y Luis Castro, y hemos llegado a un acuerdo para reducir la tasa de 150 a 120% de aumento, junto con la aplicaci\u00f3n del \u00edndice inflacionario que se aprobar\u00e1 a partir de enero&#8221; se\u00f1al\u00f3 el intendente Bordoni al ser consultado este mediod\u00eda en conferencia [&hellip;]<\/p>\n","protected":false},"author":5,"featured_media":87637,"comment_status":"closed","ping_status":"closed","sticky":false,"template":"","format":"standard","meta":{"footnotes":""},"categories":[53],"tags":[],"class_list":["post-87636","post","type-post","status-publish","format-standard","has-post-thumbnail","hentry","category-politica"],"yoast_head":"<!-- This site is optimized with the Yoast SEO plugin v19.7.1 - https:\/\/yoast.com\/wordpress\/plugins\/seo\/ -->\n<title>C\u00f3digo Tributario:&quot;Agradecemos a los concejales por el gesto de mediar y dialogar&quot; dijo Sergio Bordoni - CELTTV<\/title>\n<meta name=\"description\" content=\"Sitio web de noticias de la localidad de Tornquist, provincia de Buenos Aires, Rep\u00fablica Argentina. Contenido propio originado por periodistas de CELTTV, el canal de TV local de la Cooperativa El\u00e9ctrica de Tornquist. Turismo, Pol\u00edtica, Sociedad, Deporte, Cultura y todo el contenido de inter\u00e9s general que la gente del pueblo y la regi\u00f3n debe conocer.\" \/>\n<meta name=\"robots\" content=\"index, follow, max-snippet:-1, max-image-preview:large, max-video-preview:-1\" \/>\n<link rel=\"canonical\" href=\"https:\/\/www.celttv.com.ar\/index.php\/2025\/02\/14\/codigo-tributarioagradecemos-a-los-concejales-por-el-gesto-de-mediar-y-dialogar-dijo-sergio-bordoni\/\" \/>\n<meta property=\"og:locale\" content=\"es_ES\" \/>\n<meta property=\"og:type\" content=\"article\" \/>\n<meta property=\"og:title\" content=\"C\u00f3digo Tributario:&quot;Agradecemos a los concejales por el gesto de mediar y dialogar&quot; dijo Sergio Bordoni - CELTTV\" \/>\n<meta property=\"og:description\" content=\"Sitio web de noticias de la localidad de Tornquist, provincia de Buenos Aires, Rep\u00fablica Argentina. Contenido propio originado por periodistas de CELTTV, el canal de TV local de la Cooperativa El\u00e9ctrica de Tornquist. Turismo, Pol\u00edtica, Sociedad, Deporte, Cultura y todo el contenido de inter\u00e9s general que la gente del pueblo y la regi\u00f3n debe conocer.\" \/>\n<meta property=\"og:url\" content=\"https:\/\/www.celttv.com.ar\/index.php\/2025\/02\/14\/codigo-tributarioagradecemos-a-los-concejales-por-el-gesto-de-mediar-y-dialogar-dijo-sergio-bordoni\/\" \/>\n<meta property=\"og:site_name\" content=\"CELTTV\" \/>\n<meta property=\"article:publisher\" content=\"https:\/\/www.facebook.com\/celtTV\/\" \/>\n<meta property=\"article:published_time\" content=\"2025-02-14T21:04:37+00:00\" \/>\n<meta property=\"og:image\" content=\"https:\/\/www.celttv.com.ar\/wp-content\/uploads\/2025\/02\/codigo.jpg\" \/>\n\t<meta property=\"og:image:width\" content=\"901\" \/>\n\t<meta property=\"og:image:height\" content=\"682\" \/>\n\t<meta property=\"og:image:type\" content=\"image\/jpeg\" \/>\n<meta name=\"author\" content=\"Miguel Herrada\" \/>\n<meta name=\"twitter:card\" content=\"summary_large_image\" \/>\n<meta name=\"twitter:label1\" content=\"Escrito por\" \/>\n\t<meta name=\"twitter:data1\" content=\"Miguel Herrada\" \/>\n\t<meta name=\"twitter:label2\" content=\"Tiempo de lectura\" \/>\n\t<meta name=\"twitter:data2\" content=\"2 minutos\" \/>\n<script type=\"application\/ld+json\" class=\"yoast-schema-graph\">{\"@context\":\"https:\/\/schema.org\",\"@graph\":[{\"@type\":\"NewsArticle\",\"@id\":\"https:\/\/www.celttv.com.ar\/index.php\/2025\/02\/14\/codigo-tributarioagradecemos-a-los-concejales-por-el-gesto-de-mediar-y-dialogar-dijo-sergio-bordoni\/#article\",\"isPartOf\":{\"@id\":\"https:\/\/www.celttv.com.ar\/index.php\/2025\/02\/14\/codigo-tributarioagradecemos-a-los-concejales-por-el-gesto-de-mediar-y-dialogar-dijo-sergio-bordoni\/\"},\"author\":{\"name\":\"Miguel Herrada\",\"@id\":\"https:\/\/www.celttv.com.ar\/#\/schema\/person\/9059dc91dc7204ef4182cdb65225f07d\"},\"headline\":\"C\u00f3digo Tributario:&#8221;Agradecemos a los concejales por el gesto de mediar y dialogar&#8221; dijo Sergio Bordoni\",\"datePublished\":\"2025-02-14T21:04:37+00:00\",\"dateModified\":\"2025-02-14T21:04:37+00:00\",\"mainEntityOfPage\":{\"@id\":\"https:\/\/www.celttv.com.ar\/index.php\/2025\/02\/14\/codigo-tributarioagradecemos-a-los-concejales-por-el-gesto-de-mediar-y-dialogar-dijo-sergio-bordoni\/\"},\"wordCount\":473,\"publisher\":{\"@id\":\"https:\/\/www.celttv.com.ar\/#organization\"},\"articleSection\":[\"Pol\u00edtica\"],\"inLanguage\":\"es\"},{\"@type\":\"WebPage\",\"@id\":\"https:\/\/www.celttv.com.ar\/index.php\/2025\/02\/14\/codigo-tributarioagradecemos-a-los-concejales-por-el-gesto-de-mediar-y-dialogar-dijo-sergio-bordoni\/\",\"url\":\"https:\/\/www.celttv.com.ar\/index.php\/2025\/02\/14\/codigo-tributarioagradecemos-a-los-concejales-por-el-gesto-de-mediar-y-dialogar-dijo-sergio-bordoni\/\",\"name\":\"C\u00f3digo Tributario:\\\"Agradecemos a los concejales por el gesto de mediar y dialogar\\\" dijo Sergio Bordoni - CELTTV\",\"isPartOf\":{\"@id\":\"https:\/\/www.celttv.com.ar\/#website\"},\"datePublished\":\"2025-02-14T21:04:37+00:00\",\"dateModified\":\"2025-02-14T21:04:37+00:00\",\"description\":\"Sitio web de noticias de la localidad de Tornquist, provincia de Buenos Aires, Rep\u00fablica Argentina. Contenido propio originado por periodistas de CELTTV, el canal de TV local de la Cooperativa El\u00e9ctrica de Tornquist. Turismo, Pol\u00edtica, Sociedad, Deporte, Cultura y todo el contenido de inter\u00e9s general que la gente del pueblo y la regi\u00f3n debe conocer.\",\"breadcrumb\":{\"@id\":\"https:\/\/www.celttv.com.ar\/index.php\/2025\/02\/14\/codigo-tributarioagradecemos-a-los-concejales-por-el-gesto-de-mediar-y-dialogar-dijo-sergio-bordoni\/#breadcrumb\"},\"inLanguage\":\"es\",\"potentialAction\":[{\"@type\":\"ReadAction\",\"target\":[\"https:\/\/www.celttv.com.ar\/index.php\/2025\/02\/14\/codigo-tributarioagradecemos-a-los-concejales-por-el-gesto-de-mediar-y-dialogar-dijo-sergio-bordoni\/\"]}]},{\"@type\":\"BreadcrumbList\",\"@id\":\"https:\/\/www.celttv.com.ar\/index.php\/2025\/02\/14\/codigo-tributarioagradecemos-a-los-concejales-por-el-gesto-de-mediar-y-dialogar-dijo-sergio-bordoni\/#breadcrumb\",\"itemListElement\":[{\"@type\":\"ListItem\",\"position\":1,\"name\":\"Inicio\",\"item\":\"https:\/\/www.celttv.com.ar\/\"},{\"@type\":\"ListItem\",\"position\":2,\"name\":\"C\u00f3digo Tributario:&#8221;Agradecemos a los concejales por el gesto de mediar y dialogar&#8221; dijo Sergio Bordoni\"}]},{\"@type\":\"WebSite\",\"@id\":\"https:\/\/www.celttv.com.ar\/#website\",\"url\":\"https:\/\/www.celttv.com.ar\/\",\"name\":\"CELTTV\",\"description\":\"Cooperativa El\u00e9ctrica de Tornquist\",\"publisher\":{\"@id\":\"https:\/\/www.celttv.com.ar\/#organization\"},\"potentialAction\":[{\"@type\":\"SearchAction\",\"target\":{\"@type\":\"EntryPoint\",\"urlTemplate\":\"https:\/\/www.celttv.com.ar\/?s={search_term_string}\"},\"query-input\":\"required name=search_term_string\"}],\"inLanguage\":\"es\"},{\"@type\":\"Organization\",\"@id\":\"https:\/\/www.celttv.com.ar\/#organization\",\"name\":\"CELTTV\",\"url\":\"https:\/\/www.celttv.com.ar\/\",\"sameAs\":[\"https:\/\/www.youtube.com\/channel\/UCz_oIt8Hig64Ub-EmcNPIhg\",\"https:\/\/www.facebook.com\/celtTV\/\"],\"logo\":{\"@type\":\"ImageObject\",\"inLanguage\":\"es\",\"@id\":\"https:\/\/www.celttv.com.ar\/#\/schema\/logo\/image\/\",\"url\":\"http:\/\/www.celttv.com.ar\/wp-content\/uploads\/2022\/08\/logo-1.png\",\"contentUrl\":\"http:\/\/www.celttv.com.ar\/wp-content\/uploads\/2022\/08\/logo-1.png\",\"width\":461,\"height\":159,\"caption\":\"CELTTV\"},\"image\":{\"@id\":\"https:\/\/www.celttv.com.ar\/#\/schema\/logo\/image\/\"}},{\"@type\":\"Person\",\"@id\":\"https:\/\/www.celttv.com.ar\/#\/schema\/person\/9059dc91dc7204ef4182cdb65225f07d\",\"name\":\"Miguel Herrada\",\"image\":{\"@type\":\"ImageObject\",\"inLanguage\":\"es\",\"@id\":\"https:\/\/www.celttv.com.ar\/#\/schema\/person\/image\/\",\"url\":\"https:\/\/secure.gravatar.com\/avatar\/67724d5b3c716623ffd76bec7e45841a442ac3b456e914dbba90b0fad2b8e0b1?s=96&d=mm&r=g\",\"contentUrl\":\"https:\/\/secure.gravatar.com\/avatar\/67724d5b3c716623ffd76bec7e45841a442ac3b456e914dbba90b0fad2b8e0b1?s=96&d=mm&r=g\",\"caption\":\"Miguel Herrada\"}}]}<\/script>\n<!-- \/ Yoast SEO plugin. -->","yoast_head_json":{"title":"C\u00f3digo Tributario:\"Agradecemos a los concejales por el gesto de mediar y dialogar\" dijo Sergio Bordoni - CELTTV","description":"Sitio web de noticias de la localidad de Tornquist, provincia de Buenos Aires, Rep\u00fablica Argentina. Contenido propio originado por periodistas de CELTTV, el canal de TV local de la Cooperativa El\u00e9ctrica de Tornquist. Turismo, Pol\u00edtica, Sociedad, Deporte, Cultura y todo el contenido de inter\u00e9s general que la gente del pueblo y la regi\u00f3n debe conocer.","robots":{"index":"index","follow":"follow","max-snippet":"max-snippet:-1","max-image-preview":"max-image-preview:large","max-video-preview":"max-video-preview:-1"},"canonical":"https:\/\/www.celttv.com.ar\/index.php\/2025\/02\/14\/codigo-tributarioagradecemos-a-los-concejales-por-el-gesto-de-mediar-y-dialogar-dijo-sergio-bordoni\/","og_locale":"es_ES","og_type":"article","og_title":"C\u00f3digo Tributario:\"Agradecemos a los concejales por el gesto de mediar y dialogar\" dijo Sergio Bordoni - CELTTV","og_description":"Sitio web de noticias de la localidad de Tornquist, provincia de Buenos Aires, Rep\u00fablica Argentina. Contenido propio originado por periodistas de CELTTV, el canal de TV local de la Cooperativa El\u00e9ctrica de Tornquist. Turismo, Pol\u00edtica, Sociedad, Deporte, Cultura y todo el contenido de inter\u00e9s general que la gente del pueblo y la regi\u00f3n debe conocer.","og_url":"https:\/\/www.celttv.com.ar\/index.php\/2025\/02\/14\/codigo-tributarioagradecemos-a-los-concejales-por-el-gesto-de-mediar-y-dialogar-dijo-sergio-bordoni\/","og_site_name":"CELTTV","article_publisher":"https:\/\/www.facebook.com\/celtTV\/","article_published_time":"2025-02-14T21:04:37+00:00","og_image":[{"width":901,"height":682,"url":"https:\/\/www.celttv.com.ar\/wp-content\/uploads\/2025\/02\/codigo.jpg","type":"image\/jpeg"}],"author":"Miguel Herrada","twitter_card":"summary_large_image","twitter_misc":{"Escrito por":"Miguel Herrada","Tiempo de lectura":"2 minutos"},"schema":{"@context":"https:\/\/schema.org","@graph":[{"@type":"NewsArticle","@id":"https:\/\/www.celttv.com.ar\/index.php\/2025\/02\/14\/codigo-tributarioagradecemos-a-los-concejales-por-el-gesto-de-mediar-y-dialogar-dijo-sergio-bordoni\/#article","isPartOf":{"@id":"https:\/\/www.celttv.com.ar\/index.php\/2025\/02\/14\/codigo-tributarioagradecemos-a-los-concejales-por-el-gesto-de-mediar-y-dialogar-dijo-sergio-bordoni\/"},"author":{"name":"Miguel Herrada","@id":"https:\/\/www.celttv.com.ar\/#\/schema\/person\/9059dc91dc7204ef4182cdb65225f07d"},"headline":"C\u00f3digo Tributario:&#8221;Agradecemos a los concejales por el gesto de mediar y dialogar&#8221; dijo Sergio Bordoni","datePublished":"2025-02-14T21:04:37+00:00","dateModified":"2025-02-14T21:04:37+00:00","mainEntityOfPage":{"@id":"https:\/\/www.celttv.com.ar\/index.php\/2025\/02\/14\/codigo-tributarioagradecemos-a-los-concejales-por-el-gesto-de-mediar-y-dialogar-dijo-sergio-bordoni\/"},"wordCount":473,"publisher":{"@id":"https:\/\/www.celttv.com.ar\/#organization"},"articleSection":["Pol\u00edtica"],"inLanguage":"es"},{"@type":"WebPage","@id":"https:\/\/www.celttv.com.ar\/index.php\/2025\/02\/14\/codigo-tributarioagradecemos-a-los-concejales-por-el-gesto-de-mediar-y-dialogar-dijo-sergio-bordoni\/","url":"https:\/\/www.celttv.com.ar\/index.php\/2025\/02\/14\/codigo-tributarioagradecemos-a-los-concejales-por-el-gesto-de-mediar-y-dialogar-dijo-sergio-bordoni\/","name":"C\u00f3digo Tributario:\"Agradecemos a los concejales por el gesto de mediar y dialogar\" dijo Sergio Bordoni - CELTTV","isPartOf":{"@id":"https:\/\/www.celttv.com.ar\/#website"},"datePublished":"2025-02-14T21:04:37+00:00","dateModified":"2025-02-14T21:04:37+00:00","description":"Sitio web de noticias de la localidad de Tornquist, provincia de Buenos Aires, Rep\u00fablica Argentina. Contenido propio originado por periodistas de CELTTV, el canal de TV local de la Cooperativa El\u00e9ctrica de Tornquist. Turismo, Pol\u00edtica, Sociedad, Deporte, Cultura y todo el contenido de inter\u00e9s general que la gente del pueblo y la regi\u00f3n debe conocer.","breadcrumb":{"@id":"https:\/\/www.celttv.com.ar\/index.php\/2025\/02\/14\/codigo-tributarioagradecemos-a-los-concejales-por-el-gesto-de-mediar-y-dialogar-dijo-sergio-bordoni\/#breadcrumb"},"inLanguage":"es","potentialAction":[{"@type":"ReadAction","target":["https:\/\/www.celttv.com.ar\/index.php\/2025\/02\/14\/codigo-tributarioagradecemos-a-los-concejales-por-el-gesto-de-mediar-y-dialogar-dijo-sergio-bordoni\/"]}]},{"@type":"BreadcrumbList","@id":"https:\/\/www.celttv.com.ar\/index.php\/2025\/02\/14\/codigo-tributarioagradecemos-a-los-concejales-por-el-gesto-de-mediar-y-dialogar-dijo-sergio-bordoni\/#breadcrumb","itemListElement":[{"@type":"ListItem","position":1,"name":"Inicio","item":"https:\/\/www.celttv.com.ar\/"},{"@type":"ListItem","position":2,"name":"C\u00f3digo Tributario:&#8221;Agradecemos a los concejales por el gesto de mediar y dialogar&#8221; dijo Sergio Bordoni"}]},{"@type":"WebSite","@id":"https:\/\/www.celttv.com.ar\/#website","url":"https:\/\/www.celttv.com.ar\/","name":"CELTTV","description":"Cooperativa El\u00e9ctrica de Tornquist","publisher":{"@id":"https:\/\/www.celttv.com.ar\/#organization"},"potentialAction":[{"@type":"SearchAction","target":{"@type":"EntryPoint","urlTemplate":"https:\/\/www.celttv.com.ar\/?s={search_term_string}"},"query-input":"required name=search_term_string"}],"inLanguage":"es"},{"@type":"Organization","@id":"https:\/\/www.celttv.com.ar\/#organization","name":"CELTTV","url":"https:\/\/www.celttv.com.ar\/","sameAs":["https:\/\/www.youtube.com\/channel\/UCz_oIt8Hig64Ub-EmcNPIhg","https:\/\/www.facebook.com\/celtTV\/"],"logo":{"@type":"ImageObject","inLanguage":"es","@id":"https:\/\/www.celttv.com.ar\/#\/schema\/logo\/image\/","url":"http:\/\/www.celttv.com.ar\/wp-content\/uploads\/2022\/08\/logo-1.png","contentUrl":"http:\/\/www.celttv.com.ar\/wp-content\/uploads\/2022\/08\/logo-1.png","width":461,"height":159,"caption":"CELTTV"},"image":{"@id":"https:\/\/www.celttv.com.ar\/#\/schema\/logo\/image\/"}},{"@type":"Person","@id":"https:\/\/www.celttv.com.ar\/#\/schema\/person\/9059dc91dc7204ef4182cdb65225f07d","name":"Miguel Herrada","image":{"@type":"ImageObject","inLanguage":"es","@id":"https:\/\/www.celttv.com.ar\/#\/schema\/person\/image\/","url":"https:\/\/secure.gravatar.com\/avatar\/67724d5b3c716623ffd76bec7e45841a442ac3b456e914dbba90b0fad2b8e0b1?s=96&d=mm&r=g","contentUrl":"https:\/\/secure.gravatar.com\/avatar\/67724d5b3c716623ffd76bec7e45841a442ac3b456e914dbba90b0fad2b8e0b1?s=96&d=mm&r=g","caption":"Miguel Herrada"}}]}},"_links":{"self":[{"href":"https:\/\/www.celttv.com.ar\/index.php\/wp-json\/wp\/v2\/posts\/87636","targetHints":{"allow":["GET"]}}],"collection":[{"href":"https:\/\/www.celttv.com.ar\/index.php\/wp-json\/wp\/v2\/posts"}],"about":[{"href":"https:\/\/www.celttv.com.ar\/index.php\/wp-json\/wp\/v2\/types\/post"}],"author":[{"embeddable":true,"href":"https:\/\/www.celttv.com.ar\/index.php\/wp-json\/wp\/v2\/users\/5"}],"replies":[{"embeddable":true,"href":"https:\/\/www.celttv.com.ar\/index.php\/wp-json\/wp\/v2\/comments?post=87636"}],"version-history":[{"count":1,"href":"https:\/\/www.celttv.com.ar\/index.php\/wp-json\/wp\/v2\/posts\/87636\/revisions"}],"predecessor-version":[{"id":87638,"href":"https:\/\/www.celttv.com.ar\/index.php\/wp-json\/wp\/v2\/posts\/87636\/revisions\/87638"}],"wp:featuredmedia":[{"embeddable":true,"href":"https:\/\/www.celttv.com.ar\/index.php\/wp-json\/wp\/v2\/media\/87637"}],"wp:attachment":[{"href":"https:\/\/www.celttv.com.ar\/index.php\/wp-json\/wp\/v2\/media?parent=87636"}],"wp:term":[{"taxonomy":"category","embeddable":true,"href":"https:\/\/www.celttv.com.ar\/index.php\/wp-json\/wp\/v2\/categories?post=87636"},{"taxonomy":"post_tag","embeddable":true,"href":"https:\/\/www.celttv.com.ar\/index.php\/wp-json\/wp\/v2\/tags?post=87636"}],"curies":[{"name":"wp","href":"https:\/\/api.w.org\/{rel}","templated":true}]}}