{"id":87801,"date":"2025-03-05T18:09:43","date_gmt":"2025-03-05T21:09:43","guid":{"rendered":"https:\/\/www.celttv.com.ar\/?p=87801"},"modified":"2025-03-05T18:09:43","modified_gmt":"2025-03-05T21:09:43","slug":"proponen-ciudadana-distinguida-a-dorys-davis-primera-y-unica-mujer-aviadora-de-saldungaray","status":"publish","type":"post","link":"https:\/\/www.celttv.com.ar\/index.php\/2025\/03\/05\/proponen-ciudadana-distinguida-a-dorys-davis-primera-y-unica-mujer-aviadora-de-saldungaray\/","title":{"rendered":"Proponen ciudadana distinguida a &#8220;DORYS&#8221; DAVIS, primera y \u00fanica mujer aviadora de Saldungaray"},"content":{"rendered":"<p>&nbsp;<\/p>\n<p><strong><u>VISTO:<\/u><\/strong><\/p>\n<p>&nbsp;<\/p>\n<p>La Ordenanza Municipal N\u00b0 3419\/21,Sistema de Distinciones H.C.D;<\/p>\n<p>La trayectoria de la vecina Sra.\u00a0 Dora Esther Davis \u201cDorys\u201d,primera y \u00fanica mujer aviadora de la localidad de Saldungaray, y;<\/p>\n<p><strong><u>\u00a0<\/u><\/strong><\/p>\n<p><strong><u>CONSIDERANDO:<\/u><\/strong><\/p>\n<p>&nbsp;<\/p>\n<p>Que en el mes de marzo se conmemora el d\u00eda de la mujer;<\/p>\n<p>Que es transcendental reconocer a mujeres que han hecho historia o se han destacado en sus acciones;<\/p>\n<p>Que, en nuestro Distrito, contamos con mujeres que merecen el reconocimiento de este Cuerpo y de la comunidad;<\/p>\n<p>Que, de muy joven, Dorys, sinti\u00f3 el llamado de la aviaci\u00f3n. Pidi\u00f3 entonces el apoyo del fundador y presidente del Aeroclub Saldungaray, Sr. Basilio Bernardino, para que obtuviera el permiso de sus padres, y poder as\u00ed sumarse al curso de Piloto Comercial que dicha instituci\u00f3n hab\u00eda programado lanzar pr\u00f3ximamente;<\/p>\n<p>Que, nunca cont\u00f3 con la autorizaci\u00f3n de su madre, Josefina Goetz, pero si recibi\u00f3 el apoyo incondicional de su padrastro, Pedro Pardo;<\/p>\n<p>Que, al poco tiempo, tras algunos vuelos de instrucci\u00f3n, \u201cDorys\u201d se convert\u00eda en la <strong>primera y \u00fanica mujer piloto de Saldungaray<\/strong>, obteniendo su carnet habilitante, con el que lleg\u00f3 a volar m\u00e1s de 300 horas;<\/p>\n<p>Que, todos la conoc\u00edan como \u201cLa loca Pardo\u201d por su devoci\u00f3n no solo a pilotear aeronaves, sino a hacer riesgosas acrobacias, ten\u00eda una destreza incre\u00edble;<\/p>\n<p>Que, m\u00e1s all\u00e1 de la capacitaci\u00f3n, \u201cDorys\u201d sent\u00eda una pasi\u00f3n inmensa por volar;<\/p>\n<p>Que, se recibi\u00f3 en la primera camada de pilotos del aeroclub Saldungaray, conocida como Las \u00e1guilas de plata, junto a Perico Micheletto, Juan Carlos Geloz, Juan Carlos Cejas, Mois\u00e9s Benatuil, Omar Constantino, Roberto Tacchetti, Jos\u00e9 Bernardini, Tito Arias, Lino Bernardini, Arnaldo Alonso, Torcuato Tacchetti, Quinto Girolami, Atilio Porras, Pedro Rivera y Jos\u00e9 Bretti;<\/p>\n<p>&nbsp;<\/p>\n<p>Por ello:<\/p>\n<p><strong><u>LOS BLOQUES DE JUNTOS Y JUNTOS POR EL CAMBIO<\/u><\/strong><\/p>\n<p><strong><u>PROPONEN EL SIGUIENTE PROYECTO DE DECRETO<\/u><\/strong><\/p>\n<p><u>\u00a0<\/u><\/p>\n<p><strong><u>ARTICULO 1<\/u><\/strong><strong>\u00b0:<\/strong>Decl\u00e1rese a la vecina<strong>,Sra. Dora Esther Davis \u201cDorys\u201d, \u201cCiudadana Distinguida\u201d del Distrito<\/strong>, por su trayectoria e historia en la aviaci\u00f3n de la localidad de Saldungaray, habiendo sido la primer y \u00fanica aviadora.<\/p>\n<p><strong><u>\u00a0<\/u><\/strong><\/p>\n<p><strong><u>ARTICULO 2\u00b0:<\/u><\/strong>Entregar la mencionada distinci\u00f3n, en d\u00eda y horario determinado por la Presidencia de este Honorable Cuerpo.<\/p>\n<p><strong><u>\u00a0<\/u><\/strong><\/p>\n<p><strong><u>ART\u00cdCULO 3\u00b0:<\/u><\/strong> Enviar copia de la presente al Sra. Dora Esther Davis.<\/p>\n<p><img loading=\"lazy\" decoding=\"async\" class=\"alignnone wp-image-87802 size-large\" src=\"https:\/\/www.celttv.com.ar\/wp-content\/uploads\/2025\/03\/DORYS-DAVIS-CIUDADANA-DISTIGUIDA-1024x1024.png\" alt=\"\" width=\"1024\" height=\"1024\" srcset=\"https:\/\/www.celttv.com.ar\/wp-content\/uploads\/2025\/03\/DORYS-DAVIS-CIUDADANA-DISTIGUIDA-1024x1024.png 1024w, https:\/\/www.celttv.com.ar\/wp-content\/uploads\/2025\/03\/DORYS-DAVIS-CIUDADANA-DISTIGUIDA-300x300.png 300w, https:\/\/www.celttv.com.ar\/wp-content\/uploads\/2025\/03\/DORYS-DAVIS-CIUDADANA-DISTIGUIDA-150x150.png 150w, https:\/\/www.celttv.com.ar\/wp-content\/uploads\/2025\/03\/DORYS-DAVIS-CIUDADANA-DISTIGUIDA-768x768.png 768w, https:\/\/www.celttv.com.ar\/wp-content\/uploads\/2025\/03\/DORYS-DAVIS-CIUDADANA-DISTIGUIDA-75x75.png 75w, https:\/\/www.celttv.com.ar\/wp-content\/uploads\/2025\/03\/DORYS-DAVIS-CIUDADANA-DISTIGUIDA-750x750.png 750w, https:\/\/www.celttv.com.ar\/wp-content\/uploads\/2025\/03\/DORYS-DAVIS-CIUDADANA-DISTIGUIDA.png 1080w\" sizes=\"auto, (max-width: 1024px) 100vw, 1024px\" \/><\/p>\n<p>&nbsp;<\/p>\n<p>&nbsp;<\/p>\n<p>&nbsp;<\/p>\n","protected":false},"excerpt":{"rendered":"<p>&nbsp; VISTO: &nbsp; La Ordenanza Municipal N\u00b0 3419\/21,Sistema de Distinciones H.C.D; La trayectoria de la vecina Sra.\u00a0 Dora Esther Davis \u201cDorys\u201d,primera y \u00fanica mujer aviadora de la localidad de Saldungaray, y; \u00a0 CONSIDERANDO: &nbsp; Que en el mes de marzo se conmemora el d\u00eda de la mujer; Que es transcendental reconocer a mujeres que han [&hellip;]<\/p>\n","protected":false},"author":5,"featured_media":87802,"comment_status":"closed","ping_status":"closed","sticky":false,"template":"","format":"standard","meta":{"footnotes":""},"categories":[51,53],"tags":[],"class_list":["post-87801","post","type-post","status-publish","format-standard","has-post-thumbnail","hentry","category-comunidad","category-politica"],"yoast_head":"<!-- This site is optimized with the Yoast SEO plugin v19.7.1 - https:\/\/yoast.com\/wordpress\/plugins\/seo\/ -->\n<title>Proponen ciudadana distinguida a &quot;DORYS&quot; DAVIS, primera y \u00fanica mujer aviadora de Saldungaray - CELTTV<\/title>\n<meta name=\"description\" content=\"Sitio web de noticias de la localidad de Tornquist, provincia de Buenos Aires, Rep\u00fablica Argentina. Contenido propio originado por periodistas de CELTTV, el canal de TV local de la Cooperativa El\u00e9ctrica de Tornquist. Turismo, Pol\u00edtica, Sociedad, Deporte, Cultura y todo el contenido de inter\u00e9s general que la gente del pueblo y la regi\u00f3n debe conocer.\" \/>\n<meta name=\"robots\" content=\"index, follow, max-snippet:-1, max-image-preview:large, max-video-preview:-1\" \/>\n<link rel=\"canonical\" href=\"https:\/\/www.celttv.com.ar\/index.php\/2025\/03\/05\/proponen-ciudadana-distinguida-a-dorys-davis-primera-y-unica-mujer-aviadora-de-saldungaray\/\" \/>\n<meta property=\"og:locale\" content=\"es_ES\" \/>\n<meta property=\"og:type\" content=\"article\" \/>\n<meta property=\"og:title\" content=\"Proponen ciudadana distinguida a &quot;DORYS&quot; DAVIS, primera y \u00fanica mujer aviadora de Saldungaray - CELTTV\" \/>\n<meta property=\"og:description\" content=\"Sitio web de noticias de la localidad de Tornquist, provincia de Buenos Aires, Rep\u00fablica Argentina. Contenido propio originado por periodistas de CELTTV, el canal de TV local de la Cooperativa El\u00e9ctrica de Tornquist. Turismo, Pol\u00edtica, Sociedad, Deporte, Cultura y todo el contenido de inter\u00e9s general que la gente del pueblo y la regi\u00f3n debe conocer.\" \/>\n<meta property=\"og:url\" content=\"https:\/\/www.celttv.com.ar\/index.php\/2025\/03\/05\/proponen-ciudadana-distinguida-a-dorys-davis-primera-y-unica-mujer-aviadora-de-saldungaray\/\" \/>\n<meta property=\"og:site_name\" content=\"CELTTV\" \/>\n<meta property=\"article:publisher\" content=\"https:\/\/www.facebook.com\/celtTV\/\" \/>\n<meta property=\"article:published_time\" content=\"2025-03-05T21:09:43+00:00\" \/>\n<meta property=\"og:image\" content=\"https:\/\/www.celttv.com.ar\/wp-content\/uploads\/2025\/03\/DORYS-DAVIS-CIUDADANA-DISTIGUIDA.png\" \/>\n\t<meta property=\"og:image:width\" content=\"1080\" \/>\n\t<meta property=\"og:image:height\" content=\"1080\" \/>\n\t<meta property=\"og:image:type\" content=\"image\/png\" \/>\n<meta name=\"author\" content=\"Miguel Herrada\" \/>\n<meta name=\"twitter:card\" content=\"summary_large_image\" \/>\n<meta name=\"twitter:label1\" content=\"Escrito por\" \/>\n\t<meta name=\"twitter:data1\" content=\"Miguel Herrada\" \/>\n\t<meta name=\"twitter:label2\" content=\"Tiempo de lectura\" \/>\n\t<meta name=\"twitter:data2\" content=\"2 minutos\" \/>\n<script type=\"application\/ld+json\" class=\"yoast-schema-graph\">{\"@context\":\"https:\/\/schema.org\",\"@graph\":[{\"@type\":\"NewsArticle\",\"@id\":\"https:\/\/www.celttv.com.ar\/index.php\/2025\/03\/05\/proponen-ciudadana-distinguida-a-dorys-davis-primera-y-unica-mujer-aviadora-de-saldungaray\/#article\",\"isPartOf\":{\"@id\":\"https:\/\/www.celttv.com.ar\/index.php\/2025\/03\/05\/proponen-ciudadana-distinguida-a-dorys-davis-primera-y-unica-mujer-aviadora-de-saldungaray\/\"},\"author\":{\"name\":\"Miguel Herrada\",\"@id\":\"https:\/\/www.celttv.com.ar\/#\/schema\/person\/9059dc91dc7204ef4182cdb65225f07d\"},\"headline\":\"Proponen ciudadana distinguida a &#8220;DORYS&#8221; DAVIS, primera y \u00fanica mujer aviadora de Saldungaray\",\"datePublished\":\"2025-03-05T21:09:43+00:00\",\"dateModified\":\"2025-03-05T21:09:43+00:00\",\"mainEntityOfPage\":{\"@id\":\"https:\/\/www.celttv.com.ar\/index.php\/2025\/03\/05\/proponen-ciudadana-distinguida-a-dorys-davis-primera-y-unica-mujer-aviadora-de-saldungaray\/\"},\"wordCount\":399,\"publisher\":{\"@id\":\"https:\/\/www.celttv.com.ar\/#organization\"},\"articleSection\":[\"Comunidad\",\"Pol\u00edtica\"],\"inLanguage\":\"es\"},{\"@type\":\"WebPage\",\"@id\":\"https:\/\/www.celttv.com.ar\/index.php\/2025\/03\/05\/proponen-ciudadana-distinguida-a-dorys-davis-primera-y-unica-mujer-aviadora-de-saldungaray\/\",\"url\":\"https:\/\/www.celttv.com.ar\/index.php\/2025\/03\/05\/proponen-ciudadana-distinguida-a-dorys-davis-primera-y-unica-mujer-aviadora-de-saldungaray\/\",\"name\":\"Proponen ciudadana distinguida a \\\"DORYS\\\" DAVIS, primera y \u00fanica mujer aviadora de Saldungaray - CELTTV\",\"isPartOf\":{\"@id\":\"https:\/\/www.celttv.com.ar\/#website\"},\"datePublished\":\"2025-03-05T21:09:43+00:00\",\"dateModified\":\"2025-03-05T21:09:43+00:00\",\"description\":\"Sitio web de noticias de la localidad de Tornquist, provincia de Buenos Aires, Rep\u00fablica Argentina. Contenido propio originado por periodistas de CELTTV, el canal de TV local de la Cooperativa El\u00e9ctrica de Tornquist. Turismo, Pol\u00edtica, Sociedad, Deporte, Cultura y todo el contenido de inter\u00e9s general que la gente del pueblo y la regi\u00f3n debe conocer.\",\"breadcrumb\":{\"@id\":\"https:\/\/www.celttv.com.ar\/index.php\/2025\/03\/05\/proponen-ciudadana-distinguida-a-dorys-davis-primera-y-unica-mujer-aviadora-de-saldungaray\/#breadcrumb\"},\"inLanguage\":\"es\",\"potentialAction\":[{\"@type\":\"ReadAction\",\"target\":[\"https:\/\/www.celttv.com.ar\/index.php\/2025\/03\/05\/proponen-ciudadana-distinguida-a-dorys-davis-primera-y-unica-mujer-aviadora-de-saldungaray\/\"]}]},{\"@type\":\"BreadcrumbList\",\"@id\":\"https:\/\/www.celttv.com.ar\/index.php\/2025\/03\/05\/proponen-ciudadana-distinguida-a-dorys-davis-primera-y-unica-mujer-aviadora-de-saldungaray\/#breadcrumb\",\"itemListElement\":[{\"@type\":\"ListItem\",\"position\":1,\"name\":\"Inicio\",\"item\":\"https:\/\/www.celttv.com.ar\/\"},{\"@type\":\"ListItem\",\"position\":2,\"name\":\"Proponen ciudadana distinguida a &#8220;DORYS&#8221; DAVIS, primera y \u00fanica mujer aviadora de Saldungaray\"}]},{\"@type\":\"WebSite\",\"@id\":\"https:\/\/www.celttv.com.ar\/#website\",\"url\":\"https:\/\/www.celttv.com.ar\/\",\"name\":\"CELTTV\",\"description\":\"Cooperativa El\u00e9ctrica de Tornquist\",\"publisher\":{\"@id\":\"https:\/\/www.celttv.com.ar\/#organization\"},\"potentialAction\":[{\"@type\":\"SearchAction\",\"target\":{\"@type\":\"EntryPoint\",\"urlTemplate\":\"https:\/\/www.celttv.com.ar\/?s={search_term_string}\"},\"query-input\":\"required name=search_term_string\"}],\"inLanguage\":\"es\"},{\"@type\":\"Organization\",\"@id\":\"https:\/\/www.celttv.com.ar\/#organization\",\"name\":\"CELTTV\",\"url\":\"https:\/\/www.celttv.com.ar\/\",\"sameAs\":[\"https:\/\/www.youtube.com\/channel\/UCz_oIt8Hig64Ub-EmcNPIhg\",\"https:\/\/www.facebook.com\/celtTV\/\"],\"logo\":{\"@type\":\"ImageObject\",\"inLanguage\":\"es\",\"@id\":\"https:\/\/www.celttv.com.ar\/#\/schema\/logo\/image\/\",\"url\":\"http:\/\/www.celttv.com.ar\/wp-content\/uploads\/2022\/08\/logo-1.png\",\"contentUrl\":\"http:\/\/www.celttv.com.ar\/wp-content\/uploads\/2022\/08\/logo-1.png\",\"width\":461,\"height\":159,\"caption\":\"CELTTV\"},\"image\":{\"@id\":\"https:\/\/www.celttv.com.ar\/#\/schema\/logo\/image\/\"}},{\"@type\":\"Person\",\"@id\":\"https:\/\/www.celttv.com.ar\/#\/schema\/person\/9059dc91dc7204ef4182cdb65225f07d\",\"name\":\"Miguel Herrada\",\"image\":{\"@type\":\"ImageObject\",\"inLanguage\":\"es\",\"@id\":\"https:\/\/www.celttv.com.ar\/#\/schema\/person\/image\/\",\"url\":\"https:\/\/secure.gravatar.com\/avatar\/67724d5b3c716623ffd76bec7e45841a442ac3b456e914dbba90b0fad2b8e0b1?s=96&d=mm&r=g\",\"contentUrl\":\"https:\/\/secure.gravatar.com\/avatar\/67724d5b3c716623ffd76bec7e45841a442ac3b456e914dbba90b0fad2b8e0b1?s=96&d=mm&r=g\",\"caption\":\"Miguel Herrada\"}}]}<\/script>\n<!-- \/ Yoast SEO plugin. -->","yoast_head_json":{"title":"Proponen ciudadana distinguida a \"DORYS\" DAVIS, primera y \u00fanica mujer aviadora de Saldungaray - CELTTV","description":"Sitio web de noticias de la localidad de Tornquist, provincia de Buenos Aires, Rep\u00fablica Argentina. Contenido propio originado por periodistas de CELTTV, el canal de TV local de la Cooperativa El\u00e9ctrica de Tornquist. Turismo, Pol\u00edtica, Sociedad, Deporte, Cultura y todo el contenido de inter\u00e9s general que la gente del pueblo y la regi\u00f3n debe conocer.","robots":{"index":"index","follow":"follow","max-snippet":"max-snippet:-1","max-image-preview":"max-image-preview:large","max-video-preview":"max-video-preview:-1"},"canonical":"https:\/\/www.celttv.com.ar\/index.php\/2025\/03\/05\/proponen-ciudadana-distinguida-a-dorys-davis-primera-y-unica-mujer-aviadora-de-saldungaray\/","og_locale":"es_ES","og_type":"article","og_title":"Proponen ciudadana distinguida a \"DORYS\" DAVIS, primera y \u00fanica mujer aviadora de Saldungaray - CELTTV","og_description":"Sitio web de noticias de la localidad de Tornquist, provincia de Buenos Aires, Rep\u00fablica Argentina. Contenido propio originado por periodistas de CELTTV, el canal de TV local de la Cooperativa El\u00e9ctrica de Tornquist. Turismo, Pol\u00edtica, Sociedad, Deporte, Cultura y todo el contenido de inter\u00e9s general que la gente del pueblo y la regi\u00f3n debe conocer.","og_url":"https:\/\/www.celttv.com.ar\/index.php\/2025\/03\/05\/proponen-ciudadana-distinguida-a-dorys-davis-primera-y-unica-mujer-aviadora-de-saldungaray\/","og_site_name":"CELTTV","article_publisher":"https:\/\/www.facebook.com\/celtTV\/","article_published_time":"2025-03-05T21:09:43+00:00","og_image":[{"width":1080,"height":1080,"url":"https:\/\/www.celttv.com.ar\/wp-content\/uploads\/2025\/03\/DORYS-DAVIS-CIUDADANA-DISTIGUIDA.png","type":"image\/png"}],"author":"Miguel Herrada","twitter_card":"summary_large_image","twitter_misc":{"Escrito por":"Miguel Herrada","Tiempo de lectura":"2 minutos"},"schema":{"@context":"https:\/\/schema.org","@graph":[{"@type":"NewsArticle","@id":"https:\/\/www.celttv.com.ar\/index.php\/2025\/03\/05\/proponen-ciudadana-distinguida-a-dorys-davis-primera-y-unica-mujer-aviadora-de-saldungaray\/#article","isPartOf":{"@id":"https:\/\/www.celttv.com.ar\/index.php\/2025\/03\/05\/proponen-ciudadana-distinguida-a-dorys-davis-primera-y-unica-mujer-aviadora-de-saldungaray\/"},"author":{"name":"Miguel Herrada","@id":"https:\/\/www.celttv.com.ar\/#\/schema\/person\/9059dc91dc7204ef4182cdb65225f07d"},"headline":"Proponen ciudadana distinguida a &#8220;DORYS&#8221; DAVIS, primera y \u00fanica mujer aviadora de Saldungaray","datePublished":"2025-03-05T21:09:43+00:00","dateModified":"2025-03-05T21:09:43+00:00","mainEntityOfPage":{"@id":"https:\/\/www.celttv.com.ar\/index.php\/2025\/03\/05\/proponen-ciudadana-distinguida-a-dorys-davis-primera-y-unica-mujer-aviadora-de-saldungaray\/"},"wordCount":399,"publisher":{"@id":"https:\/\/www.celttv.com.ar\/#organization"},"articleSection":["Comunidad","Pol\u00edtica"],"inLanguage":"es"},{"@type":"WebPage","@id":"https:\/\/www.celttv.com.ar\/index.php\/2025\/03\/05\/proponen-ciudadana-distinguida-a-dorys-davis-primera-y-unica-mujer-aviadora-de-saldungaray\/","url":"https:\/\/www.celttv.com.ar\/index.php\/2025\/03\/05\/proponen-ciudadana-distinguida-a-dorys-davis-primera-y-unica-mujer-aviadora-de-saldungaray\/","name":"Proponen ciudadana distinguida a \"DORYS\" DAVIS, primera y \u00fanica mujer aviadora de Saldungaray - CELTTV","isPartOf":{"@id":"https:\/\/www.celttv.com.ar\/#website"},"datePublished":"2025-03-05T21:09:43+00:00","dateModified":"2025-03-05T21:09:43+00:00","description":"Sitio web de noticias de la localidad de Tornquist, provincia de Buenos Aires, Rep\u00fablica Argentina. Contenido propio originado por periodistas de CELTTV, el canal de TV local de la Cooperativa El\u00e9ctrica de Tornquist. Turismo, Pol\u00edtica, Sociedad, Deporte, Cultura y todo el contenido de inter\u00e9s general que la gente del pueblo y la regi\u00f3n debe conocer.","breadcrumb":{"@id":"https:\/\/www.celttv.com.ar\/index.php\/2025\/03\/05\/proponen-ciudadana-distinguida-a-dorys-davis-primera-y-unica-mujer-aviadora-de-saldungaray\/#breadcrumb"},"inLanguage":"es","potentialAction":[{"@type":"ReadAction","target":["https:\/\/www.celttv.com.ar\/index.php\/2025\/03\/05\/proponen-ciudadana-distinguida-a-dorys-davis-primera-y-unica-mujer-aviadora-de-saldungaray\/"]}]},{"@type":"BreadcrumbList","@id":"https:\/\/www.celttv.com.ar\/index.php\/2025\/03\/05\/proponen-ciudadana-distinguida-a-dorys-davis-primera-y-unica-mujer-aviadora-de-saldungaray\/#breadcrumb","itemListElement":[{"@type":"ListItem","position":1,"name":"Inicio","item":"https:\/\/www.celttv.com.ar\/"},{"@type":"ListItem","position":2,"name":"Proponen ciudadana distinguida a &#8220;DORYS&#8221; DAVIS, primera y \u00fanica mujer aviadora de Saldungaray"}]},{"@type":"WebSite","@id":"https:\/\/www.celttv.com.ar\/#website","url":"https:\/\/www.celttv.com.ar\/","name":"CELTTV","description":"Cooperativa El\u00e9ctrica de Tornquist","publisher":{"@id":"https:\/\/www.celttv.com.ar\/#organization"},"potentialAction":[{"@type":"SearchAction","target":{"@type":"EntryPoint","urlTemplate":"https:\/\/www.celttv.com.ar\/?s={search_term_string}"},"query-input":"required name=search_term_string"}],"inLanguage":"es"},{"@type":"Organization","@id":"https:\/\/www.celttv.com.ar\/#organization","name":"CELTTV","url":"https:\/\/www.celttv.com.ar\/","sameAs":["https:\/\/www.youtube.com\/channel\/UCz_oIt8Hig64Ub-EmcNPIhg","https:\/\/www.facebook.com\/celtTV\/"],"logo":{"@type":"ImageObject","inLanguage":"es","@id":"https:\/\/www.celttv.com.ar\/#\/schema\/logo\/image\/","url":"http:\/\/www.celttv.com.ar\/wp-content\/uploads\/2022\/08\/logo-1.png","contentUrl":"http:\/\/www.celttv.com.ar\/wp-content\/uploads\/2022\/08\/logo-1.png","width":461,"height":159,"caption":"CELTTV"},"image":{"@id":"https:\/\/www.celttv.com.ar\/#\/schema\/logo\/image\/"}},{"@type":"Person","@id":"https:\/\/www.celttv.com.ar\/#\/schema\/person\/9059dc91dc7204ef4182cdb65225f07d","name":"Miguel Herrada","image":{"@type":"ImageObject","inLanguage":"es","@id":"https:\/\/www.celttv.com.ar\/#\/schema\/person\/image\/","url":"https:\/\/secure.gravatar.com\/avatar\/67724d5b3c716623ffd76bec7e45841a442ac3b456e914dbba90b0fad2b8e0b1?s=96&d=mm&r=g","contentUrl":"https:\/\/secure.gravatar.com\/avatar\/67724d5b3c716623ffd76bec7e45841a442ac3b456e914dbba90b0fad2b8e0b1?s=96&d=mm&r=g","caption":"Miguel Herrada"}}]}},"_links":{"self":[{"href":"https:\/\/www.celttv.com.ar\/index.php\/wp-json\/wp\/v2\/posts\/87801","targetHints":{"allow":["GET"]}}],"collection":[{"href":"https:\/\/www.celttv.com.ar\/index.php\/wp-json\/wp\/v2\/posts"}],"about":[{"href":"https:\/\/www.celttv.com.ar\/index.php\/wp-json\/wp\/v2\/types\/post"}],"author":[{"embeddable":true,"href":"https:\/\/www.celttv.com.ar\/index.php\/wp-json\/wp\/v2\/users\/5"}],"replies":[{"embeddable":true,"href":"https:\/\/www.celttv.com.ar\/index.php\/wp-json\/wp\/v2\/comments?post=87801"}],"version-history":[{"count":1,"href":"https:\/\/www.celttv.com.ar\/index.php\/wp-json\/wp\/v2\/posts\/87801\/revisions"}],"predecessor-version":[{"id":87803,"href":"https:\/\/www.celttv.com.ar\/index.php\/wp-json\/wp\/v2\/posts\/87801\/revisions\/87803"}],"wp:featuredmedia":[{"embeddable":true,"href":"https:\/\/www.celttv.com.ar\/index.php\/wp-json\/wp\/v2\/media\/87802"}],"wp:attachment":[{"href":"https:\/\/www.celttv.com.ar\/index.php\/wp-json\/wp\/v2\/media?parent=87801"}],"wp:term":[{"taxonomy":"category","embeddable":true,"href":"https:\/\/www.celttv.com.ar\/index.php\/wp-json\/wp\/v2\/categories?post=87801"},{"taxonomy":"post_tag","embeddable":true,"href":"https:\/\/www.celttv.com.ar\/index.php\/wp-json\/wp\/v2\/tags?post=87801"}],"curies":[{"name":"wp","href":"https:\/\/api.w.org\/{rel}","templated":true}]}}