{"id":87866,"date":"2025-03-07T19:02:09","date_gmt":"2025-03-07T22:02:09","guid":{"rendered":"https:\/\/www.celttv.com.ar\/?p=87866"},"modified":"2025-03-07T19:02:09","modified_gmt":"2025-03-07T22:02:09","slug":"bomberos-de-tornquist-viajaron-a-bahia-blanca-para-colaborar-ante-el-desastre-climatico","status":"publish","type":"post","link":"https:\/\/www.celttv.com.ar\/index.php\/2025\/03\/07\/bomberos-de-tornquist-viajaron-a-bahia-blanca-para-colaborar-ante-el-desastre-climatico\/","title":{"rendered":"Bomberos de Tornquist viajaron a Bah\u00eda Blanca para colaborar ante el desastre clim\u00e1tico"},"content":{"rendered":"<p>Bomberos de <strong>Tornquist<\/strong> viajaron a Bah\u00eda Blanca para colaborar con el operativo de b\u00fasqueda y rescate ante el desastre clim\u00e1tico registrado en Bah\u00eda Blanca y Gral. Cerri, dejando como saldo seis v\u00edctimas fatales y zonas gravemente afectadas demandando la evacuaci\u00f3n de cientos de vecinos.<\/p>\n<p>El grupo de Bomberos de nuestra ciudad viaj\u00f3 en una camioneta de la instituci\u00f3n y un m\u00f3vil de la FCSABV , con un total seis personas entre los que se encuentra el Comandante General <strong>Mart\u00edn Haag,<\/strong> el segundo jefe del Cuerpo de Bomberos <strong>Walter Beker<\/strong> y cuatro integrantes de la brigada acu\u00e1tica quienes trasladan una lancha de la instituci\u00f3n y dos kayak.<\/p>\n<p>Los bomberos de una basta regi\u00f3n forman parte de una columna de recursos, convocados por el Ministerio de Seguridad, que ser\u00e1n desplegados en diversas zonas.<\/p>\n<p>El Ministerio de Seguridad bonaerense refuerza el operativo con 44 efectivos especializados en rescate y seguridad siniestral, adem\u00e1s de ocho agentes de Defensa Civil, ocho lanchas de rescate urbano, cinco botes semirr\u00edgidos, seis botes (uno con motor) y diez kayaks. Se incluyen tambi\u00e9n tres camiones de carga con materiales y recursos operativos, 120 cuchetas, una carpa, dos drones para reconocimiento barrial con c\u00e1maras infrarrojas, 17 camionetas, un minib\u00fas, una torre de iluminaci\u00f3n, un equipo de transferencia y dos helic\u00f3pteros.<\/p>\n<p>El Ministerio de Desarrollo de la Comunidad complementa la asistencia enviando colchones, frazadas, kits de limpieza, zapatillas, ropa, alimentos secos y pallets de agua, adem\u00e1s de activar la Mesa de Respuesta Comunitaria en la Emergencia para coordinar la asistencia en los centros de evacuaci\u00f3n.<\/p>\n<p>En el \u00e1mbito sanitario, el Ministerio de Salud ha puesto a disposici\u00f3n ambulancias 4&#215;4, un comit\u00e9 de emergencias m\u00f3vil y una Unidad de Terapia Intensiva m\u00f3vil, con personal especializado, mientras que un helic\u00f3ptero sanitario se encuentra en espera para ser desplegado en caso de ser necesario.<\/p>\n<p>El Ministerio de Transporte refuerza el operativo con veh\u00edculos de seguridad vial para el ordenamiento, y el Ministerio de Ambiente suma a la operaci\u00f3n dos gomones inflables, ocho motosierras, ocho podadoras y 16 motoguada\u00f1as, adem\u00e1s de proporcionar indumentaria y elementos de seguridad para el personal de asistencia.<\/p>\n<p>Desde OPISU se aportar\u00e1 personal para labores de limpieza y mantenimiento, camiones vactors, equipos atmosf\u00e9ricos, agua potable y cuadrillas de alba\u00f1iles, carpinteros y electricistas, una vez que se logre un drenaje m\u00e1s efectivo de las aguas.<\/p>\n<p>Por su parte, ABSA ha dispuesto once camiones cisterna para la distribuci\u00f3n de agua potable, seis cisternas fijas, tres camiones desobstructores y un cami\u00f3n Unimog con cisterna, adem\u00e1s de suministrar agua en sachets para las zonas afectadas.<\/p>\n<p>La\u00a0<strong>Vialidad Provincial<\/strong>\u00a0realiz\u00f3 cortes preventivos en RN3, RP65 y RN35 y puso a disposici\u00f3n diez camiones con chasis, un cami\u00f3n con acoplado, tres palas cargadoras, dos retropalas y una retroexcavadora para facilitar la intervenci\u00f3n en las \u00e1reas anegadas.<\/p>\n<p>La\u00a0<strong>Armada Argentina<\/strong>\u00a0ha enviado un veh\u00edculo liviano, un Jeep grande, tres botes, dos camiones, un carret\u00f3n, un cami\u00f3n taller, 30 efectivos y dos veh\u00edculos anfibios, destinados principalmente a la zona de Parque Boronat, con uno de los anfibios asignado a\u00a0<strong>Cerri<\/strong>.<\/p>\n<p>El\u00a0<strong>Ej\u00e9rcito Argentino<\/strong>\u00a0colabora en la zona del canal Maldonado, en la evacuaci\u00f3n del Hogar del Anciano y en el traslado de pacientes de la Unidad de Terapia Intensiva del Hospital Penna. Asimismo, el Gobierno Nacional ha dispuesto la Brigada H\u00fasares y un hospital de campa\u00f1a de 100 camas, y se informa que la ministra de Seguridad, Patricia Bullrich, junto con el ministro de Defensa, Luis Petri, ya est\u00e1n en camino a la ciudad.<\/p>\n<p>Las zonas m\u00e1s afectadas hasta el momento incluyen\u00a0<strong>General Daniel Cerri<\/strong>,\u00a0<strong>Canal Maldonado<\/strong>\u00a0y sus \u00e1reas de influencia,\u00a0<strong>Arroyo Napost\u00e1<\/strong>\u00a0y la zona del\u00a0<strong>Parque Boronat<\/strong>. Las autoridades contin\u00faan coordinando las acciones para atender a la poblaci\u00f3n afectada y mitigar los efectos del temporal, mientras se trabaja en el rescate y la asistencia de los vecinos.<\/p>\n<p><img loading=\"lazy\" decoding=\"async\" class=\"alignnone wp-image-72717 size-full\" src=\"https:\/\/www.celttv.com.ar\/wp-content\/uploads\/2023\/01\/cuartel.jpg\" alt=\"\" width=\"769\" height=\"456\" srcset=\"https:\/\/www.celttv.com.ar\/wp-content\/uploads\/2023\/01\/cuartel.jpg 769w, https:\/\/www.celttv.com.ar\/wp-content\/uploads\/2023\/01\/cuartel-300x178.jpg 300w, https:\/\/www.celttv.com.ar\/wp-content\/uploads\/2023\/01\/cuartel-750x445.jpg 750w\" sizes=\"auto, (max-width: 769px) 100vw, 769px\" \/><\/p>\n","protected":false},"excerpt":{"rendered":"<p>Bomberos de Tornquist viajaron a Bah\u00eda Blanca para colaborar con el operativo de b\u00fasqueda y rescate ante el desastre clim\u00e1tico registrado en Bah\u00eda Blanca y Gral. Cerri, dejando como saldo seis v\u00edctimas fatales y zonas gravemente afectadas demandando la evacuaci\u00f3n de cientos de vecinos. El grupo de Bomberos de nuestra ciudad viaj\u00f3 en una camioneta [&hellip;]<\/p>\n","protected":false},"author":5,"featured_media":72717,"comment_status":"closed","ping_status":"closed","sticky":false,"template":"","format":"standard","meta":{"footnotes":""},"categories":[51,1],"tags":[],"class_list":["post-87866","post","type-post","status-publish","format-standard","has-post-thumbnail","hentry","category-comunidad","category-sin-categoria"],"yoast_head":"<!-- This site is optimized with the Yoast SEO plugin v19.7.1 - https:\/\/yoast.com\/wordpress\/plugins\/seo\/ -->\n<title>Bomberos de Tornquist viajaron a Bah\u00eda Blanca para colaborar ante el desastre clim\u00e1tico - CELTTV<\/title>\n<meta name=\"description\" content=\"Sitio web de noticias de la localidad de Tornquist, provincia de Buenos Aires, Rep\u00fablica Argentina. Contenido propio originado por periodistas de CELTTV, el canal de TV local de la Cooperativa El\u00e9ctrica de Tornquist. Turismo, Pol\u00edtica, Sociedad, Deporte, Cultura y todo el contenido de inter\u00e9s general que la gente del pueblo y la regi\u00f3n debe conocer.\" \/>\n<meta name=\"robots\" content=\"index, follow, max-snippet:-1, max-image-preview:large, max-video-preview:-1\" \/>\n<link rel=\"canonical\" href=\"https:\/\/www.celttv.com.ar\/index.php\/2025\/03\/07\/bomberos-de-tornquist-viajaron-a-bahia-blanca-para-colaborar-ante-el-desastre-climatico\/\" \/>\n<meta property=\"og:locale\" content=\"es_ES\" \/>\n<meta property=\"og:type\" content=\"article\" \/>\n<meta property=\"og:title\" content=\"Bomberos de Tornquist viajaron a Bah\u00eda Blanca para colaborar ante el desastre clim\u00e1tico - CELTTV\" \/>\n<meta property=\"og:description\" content=\"Sitio web de noticias de la localidad de Tornquist, provincia de Buenos Aires, Rep\u00fablica Argentina. Contenido propio originado por periodistas de CELTTV, el canal de TV local de la Cooperativa El\u00e9ctrica de Tornquist. Turismo, Pol\u00edtica, Sociedad, Deporte, Cultura y todo el contenido de inter\u00e9s general que la gente del pueblo y la regi\u00f3n debe conocer.\" \/>\n<meta property=\"og:url\" content=\"https:\/\/www.celttv.com.ar\/index.php\/2025\/03\/07\/bomberos-de-tornquist-viajaron-a-bahia-blanca-para-colaborar-ante-el-desastre-climatico\/\" \/>\n<meta property=\"og:site_name\" content=\"CELTTV\" \/>\n<meta property=\"article:publisher\" content=\"https:\/\/www.facebook.com\/celtTV\/\" \/>\n<meta property=\"article:published_time\" content=\"2025-03-07T22:02:09+00:00\" \/>\n<meta property=\"og:image\" content=\"https:\/\/www.celttv.com.ar\/wp-content\/uploads\/2023\/01\/cuartel.jpg\" \/>\n\t<meta property=\"og:image:width\" content=\"769\" \/>\n\t<meta property=\"og:image:height\" content=\"456\" \/>\n\t<meta property=\"og:image:type\" content=\"image\/jpeg\" \/>\n<meta name=\"author\" content=\"Miguel Herrada\" \/>\n<meta name=\"twitter:card\" content=\"summary_large_image\" \/>\n<meta name=\"twitter:label1\" content=\"Escrito por\" \/>\n\t<meta name=\"twitter:data1\" content=\"Miguel Herrada\" \/>\n\t<meta name=\"twitter:label2\" content=\"Tiempo de lectura\" \/>\n\t<meta name=\"twitter:data2\" content=\"3 minutos\" \/>\n<script type=\"application\/ld+json\" class=\"yoast-schema-graph\">{\"@context\":\"https:\/\/schema.org\",\"@graph\":[{\"@type\":\"NewsArticle\",\"@id\":\"https:\/\/www.celttv.com.ar\/index.php\/2025\/03\/07\/bomberos-de-tornquist-viajaron-a-bahia-blanca-para-colaborar-ante-el-desastre-climatico\/#article\",\"isPartOf\":{\"@id\":\"https:\/\/www.celttv.com.ar\/index.php\/2025\/03\/07\/bomberos-de-tornquist-viajaron-a-bahia-blanca-para-colaborar-ante-el-desastre-climatico\/\"},\"author\":{\"name\":\"Miguel Herrada\",\"@id\":\"https:\/\/www.celttv.com.ar\/#\/schema\/person\/9059dc91dc7204ef4182cdb65225f07d\"},\"headline\":\"Bomberos de Tornquist viajaron a Bah\u00eda Blanca para colaborar ante el desastre clim\u00e1tico\",\"datePublished\":\"2025-03-07T22:02:09+00:00\",\"dateModified\":\"2025-03-07T22:02:09+00:00\",\"mainEntityOfPage\":{\"@id\":\"https:\/\/www.celttv.com.ar\/index.php\/2025\/03\/07\/bomberos-de-tornquist-viajaron-a-bahia-blanca-para-colaborar-ante-el-desastre-climatico\/\"},\"wordCount\":690,\"publisher\":{\"@id\":\"https:\/\/www.celttv.com.ar\/#organization\"},\"articleSection\":[\"Comunidad\"],\"inLanguage\":\"es\"},{\"@type\":\"WebPage\",\"@id\":\"https:\/\/www.celttv.com.ar\/index.php\/2025\/03\/07\/bomberos-de-tornquist-viajaron-a-bahia-blanca-para-colaborar-ante-el-desastre-climatico\/\",\"url\":\"https:\/\/www.celttv.com.ar\/index.php\/2025\/03\/07\/bomberos-de-tornquist-viajaron-a-bahia-blanca-para-colaborar-ante-el-desastre-climatico\/\",\"name\":\"Bomberos de Tornquist viajaron a Bah\u00eda Blanca para colaborar ante el desastre clim\u00e1tico - CELTTV\",\"isPartOf\":{\"@id\":\"https:\/\/www.celttv.com.ar\/#website\"},\"datePublished\":\"2025-03-07T22:02:09+00:00\",\"dateModified\":\"2025-03-07T22:02:09+00:00\",\"description\":\"Sitio web de noticias de la localidad de Tornquist, provincia de Buenos Aires, Rep\u00fablica Argentina. Contenido propio originado por periodistas de CELTTV, el canal de TV local de la Cooperativa El\u00e9ctrica de Tornquist. Turismo, Pol\u00edtica, Sociedad, Deporte, Cultura y todo el contenido de inter\u00e9s general que la gente del pueblo y la regi\u00f3n debe conocer.\",\"breadcrumb\":{\"@id\":\"https:\/\/www.celttv.com.ar\/index.php\/2025\/03\/07\/bomberos-de-tornquist-viajaron-a-bahia-blanca-para-colaborar-ante-el-desastre-climatico\/#breadcrumb\"},\"inLanguage\":\"es\",\"potentialAction\":[{\"@type\":\"ReadAction\",\"target\":[\"https:\/\/www.celttv.com.ar\/index.php\/2025\/03\/07\/bomberos-de-tornquist-viajaron-a-bahia-blanca-para-colaborar-ante-el-desastre-climatico\/\"]}]},{\"@type\":\"BreadcrumbList\",\"@id\":\"https:\/\/www.celttv.com.ar\/index.php\/2025\/03\/07\/bomberos-de-tornquist-viajaron-a-bahia-blanca-para-colaborar-ante-el-desastre-climatico\/#breadcrumb\",\"itemListElement\":[{\"@type\":\"ListItem\",\"position\":1,\"name\":\"Inicio\",\"item\":\"https:\/\/www.celttv.com.ar\/\"},{\"@type\":\"ListItem\",\"position\":2,\"name\":\"Bomberos de Tornquist viajaron a Bah\u00eda Blanca para colaborar ante el desastre clim\u00e1tico\"}]},{\"@type\":\"WebSite\",\"@id\":\"https:\/\/www.celttv.com.ar\/#website\",\"url\":\"https:\/\/www.celttv.com.ar\/\",\"name\":\"CELTTV\",\"description\":\"Cooperativa El\u00e9ctrica de Tornquist\",\"publisher\":{\"@id\":\"https:\/\/www.celttv.com.ar\/#organization\"},\"potentialAction\":[{\"@type\":\"SearchAction\",\"target\":{\"@type\":\"EntryPoint\",\"urlTemplate\":\"https:\/\/www.celttv.com.ar\/?s={search_term_string}\"},\"query-input\":\"required name=search_term_string\"}],\"inLanguage\":\"es\"},{\"@type\":\"Organization\",\"@id\":\"https:\/\/www.celttv.com.ar\/#organization\",\"name\":\"CELTTV\",\"url\":\"https:\/\/www.celttv.com.ar\/\",\"sameAs\":[\"https:\/\/www.youtube.com\/channel\/UCz_oIt8Hig64Ub-EmcNPIhg\",\"https:\/\/www.facebook.com\/celtTV\/\"],\"logo\":{\"@type\":\"ImageObject\",\"inLanguage\":\"es\",\"@id\":\"https:\/\/www.celttv.com.ar\/#\/schema\/logo\/image\/\",\"url\":\"http:\/\/www.celttv.com.ar\/wp-content\/uploads\/2022\/08\/logo-1.png\",\"contentUrl\":\"http:\/\/www.celttv.com.ar\/wp-content\/uploads\/2022\/08\/logo-1.png\",\"width\":461,\"height\":159,\"caption\":\"CELTTV\"},\"image\":{\"@id\":\"https:\/\/www.celttv.com.ar\/#\/schema\/logo\/image\/\"}},{\"@type\":\"Person\",\"@id\":\"https:\/\/www.celttv.com.ar\/#\/schema\/person\/9059dc91dc7204ef4182cdb65225f07d\",\"name\":\"Miguel Herrada\",\"image\":{\"@type\":\"ImageObject\",\"inLanguage\":\"es\",\"@id\":\"https:\/\/www.celttv.com.ar\/#\/schema\/person\/image\/\",\"url\":\"https:\/\/secure.gravatar.com\/avatar\/67724d5b3c716623ffd76bec7e45841a442ac3b456e914dbba90b0fad2b8e0b1?s=96&d=mm&r=g\",\"contentUrl\":\"https:\/\/secure.gravatar.com\/avatar\/67724d5b3c716623ffd76bec7e45841a442ac3b456e914dbba90b0fad2b8e0b1?s=96&d=mm&r=g\",\"caption\":\"Miguel Herrada\"}}]}<\/script>\n<!-- \/ Yoast SEO plugin. -->","yoast_head_json":{"title":"Bomberos de Tornquist viajaron a Bah\u00eda Blanca para colaborar ante el desastre clim\u00e1tico - CELTTV","description":"Sitio web de noticias de la localidad de Tornquist, provincia de Buenos Aires, Rep\u00fablica Argentina. Contenido propio originado por periodistas de CELTTV, el canal de TV local de la Cooperativa El\u00e9ctrica de Tornquist. Turismo, Pol\u00edtica, Sociedad, Deporte, Cultura y todo el contenido de inter\u00e9s general que la gente del pueblo y la regi\u00f3n debe conocer.","robots":{"index":"index","follow":"follow","max-snippet":"max-snippet:-1","max-image-preview":"max-image-preview:large","max-video-preview":"max-video-preview:-1"},"canonical":"https:\/\/www.celttv.com.ar\/index.php\/2025\/03\/07\/bomberos-de-tornquist-viajaron-a-bahia-blanca-para-colaborar-ante-el-desastre-climatico\/","og_locale":"es_ES","og_type":"article","og_title":"Bomberos de Tornquist viajaron a Bah\u00eda Blanca para colaborar ante el desastre clim\u00e1tico - CELTTV","og_description":"Sitio web de noticias de la localidad de Tornquist, provincia de Buenos Aires, Rep\u00fablica Argentina. Contenido propio originado por periodistas de CELTTV, el canal de TV local de la Cooperativa El\u00e9ctrica de Tornquist. Turismo, Pol\u00edtica, Sociedad, Deporte, Cultura y todo el contenido de inter\u00e9s general que la gente del pueblo y la regi\u00f3n debe conocer.","og_url":"https:\/\/www.celttv.com.ar\/index.php\/2025\/03\/07\/bomberos-de-tornquist-viajaron-a-bahia-blanca-para-colaborar-ante-el-desastre-climatico\/","og_site_name":"CELTTV","article_publisher":"https:\/\/www.facebook.com\/celtTV\/","article_published_time":"2025-03-07T22:02:09+00:00","og_image":[{"width":769,"height":456,"url":"https:\/\/www.celttv.com.ar\/wp-content\/uploads\/2023\/01\/cuartel.jpg","type":"image\/jpeg"}],"author":"Miguel Herrada","twitter_card":"summary_large_image","twitter_misc":{"Escrito por":"Miguel Herrada","Tiempo de lectura":"3 minutos"},"schema":{"@context":"https:\/\/schema.org","@graph":[{"@type":"NewsArticle","@id":"https:\/\/www.celttv.com.ar\/index.php\/2025\/03\/07\/bomberos-de-tornquist-viajaron-a-bahia-blanca-para-colaborar-ante-el-desastre-climatico\/#article","isPartOf":{"@id":"https:\/\/www.celttv.com.ar\/index.php\/2025\/03\/07\/bomberos-de-tornquist-viajaron-a-bahia-blanca-para-colaborar-ante-el-desastre-climatico\/"},"author":{"name":"Miguel Herrada","@id":"https:\/\/www.celttv.com.ar\/#\/schema\/person\/9059dc91dc7204ef4182cdb65225f07d"},"headline":"Bomberos de Tornquist viajaron a Bah\u00eda Blanca para colaborar ante el desastre clim\u00e1tico","datePublished":"2025-03-07T22:02:09+00:00","dateModified":"2025-03-07T22:02:09+00:00","mainEntityOfPage":{"@id":"https:\/\/www.celttv.com.ar\/index.php\/2025\/03\/07\/bomberos-de-tornquist-viajaron-a-bahia-blanca-para-colaborar-ante-el-desastre-climatico\/"},"wordCount":690,"publisher":{"@id":"https:\/\/www.celttv.com.ar\/#organization"},"articleSection":["Comunidad"],"inLanguage":"es"},{"@type":"WebPage","@id":"https:\/\/www.celttv.com.ar\/index.php\/2025\/03\/07\/bomberos-de-tornquist-viajaron-a-bahia-blanca-para-colaborar-ante-el-desastre-climatico\/","url":"https:\/\/www.celttv.com.ar\/index.php\/2025\/03\/07\/bomberos-de-tornquist-viajaron-a-bahia-blanca-para-colaborar-ante-el-desastre-climatico\/","name":"Bomberos de Tornquist viajaron a Bah\u00eda Blanca para colaborar ante el desastre clim\u00e1tico - CELTTV","isPartOf":{"@id":"https:\/\/www.celttv.com.ar\/#website"},"datePublished":"2025-03-07T22:02:09+00:00","dateModified":"2025-03-07T22:02:09+00:00","description":"Sitio web de noticias de la localidad de Tornquist, provincia de Buenos Aires, Rep\u00fablica Argentina. Contenido propio originado por periodistas de CELTTV, el canal de TV local de la Cooperativa El\u00e9ctrica de Tornquist. Turismo, Pol\u00edtica, Sociedad, Deporte, Cultura y todo el contenido de inter\u00e9s general que la gente del pueblo y la regi\u00f3n debe conocer.","breadcrumb":{"@id":"https:\/\/www.celttv.com.ar\/index.php\/2025\/03\/07\/bomberos-de-tornquist-viajaron-a-bahia-blanca-para-colaborar-ante-el-desastre-climatico\/#breadcrumb"},"inLanguage":"es","potentialAction":[{"@type":"ReadAction","target":["https:\/\/www.celttv.com.ar\/index.php\/2025\/03\/07\/bomberos-de-tornquist-viajaron-a-bahia-blanca-para-colaborar-ante-el-desastre-climatico\/"]}]},{"@type":"BreadcrumbList","@id":"https:\/\/www.celttv.com.ar\/index.php\/2025\/03\/07\/bomberos-de-tornquist-viajaron-a-bahia-blanca-para-colaborar-ante-el-desastre-climatico\/#breadcrumb","itemListElement":[{"@type":"ListItem","position":1,"name":"Inicio","item":"https:\/\/www.celttv.com.ar\/"},{"@type":"ListItem","position":2,"name":"Bomberos de Tornquist viajaron a Bah\u00eda Blanca para colaborar ante el desastre clim\u00e1tico"}]},{"@type":"WebSite","@id":"https:\/\/www.celttv.com.ar\/#website","url":"https:\/\/www.celttv.com.ar\/","name":"CELTTV","description":"Cooperativa El\u00e9ctrica de Tornquist","publisher":{"@id":"https:\/\/www.celttv.com.ar\/#organization"},"potentialAction":[{"@type":"SearchAction","target":{"@type":"EntryPoint","urlTemplate":"https:\/\/www.celttv.com.ar\/?s={search_term_string}"},"query-input":"required name=search_term_string"}],"inLanguage":"es"},{"@type":"Organization","@id":"https:\/\/www.celttv.com.ar\/#organization","name":"CELTTV","url":"https:\/\/www.celttv.com.ar\/","sameAs":["https:\/\/www.youtube.com\/channel\/UCz_oIt8Hig64Ub-EmcNPIhg","https:\/\/www.facebook.com\/celtTV\/"],"logo":{"@type":"ImageObject","inLanguage":"es","@id":"https:\/\/www.celttv.com.ar\/#\/schema\/logo\/image\/","url":"http:\/\/www.celttv.com.ar\/wp-content\/uploads\/2022\/08\/logo-1.png","contentUrl":"http:\/\/www.celttv.com.ar\/wp-content\/uploads\/2022\/08\/logo-1.png","width":461,"height":159,"caption":"CELTTV"},"image":{"@id":"https:\/\/www.celttv.com.ar\/#\/schema\/logo\/image\/"}},{"@type":"Person","@id":"https:\/\/www.celttv.com.ar\/#\/schema\/person\/9059dc91dc7204ef4182cdb65225f07d","name":"Miguel Herrada","image":{"@type":"ImageObject","inLanguage":"es","@id":"https:\/\/www.celttv.com.ar\/#\/schema\/person\/image\/","url":"https:\/\/secure.gravatar.com\/avatar\/67724d5b3c716623ffd76bec7e45841a442ac3b456e914dbba90b0fad2b8e0b1?s=96&d=mm&r=g","contentUrl":"https:\/\/secure.gravatar.com\/avatar\/67724d5b3c716623ffd76bec7e45841a442ac3b456e914dbba90b0fad2b8e0b1?s=96&d=mm&r=g","caption":"Miguel Herrada"}}]}},"_links":{"self":[{"href":"https:\/\/www.celttv.com.ar\/index.php\/wp-json\/wp\/v2\/posts\/87866","targetHints":{"allow":["GET"]}}],"collection":[{"href":"https:\/\/www.celttv.com.ar\/index.php\/wp-json\/wp\/v2\/posts"}],"about":[{"href":"https:\/\/www.celttv.com.ar\/index.php\/wp-json\/wp\/v2\/types\/post"}],"author":[{"embeddable":true,"href":"https:\/\/www.celttv.com.ar\/index.php\/wp-json\/wp\/v2\/users\/5"}],"replies":[{"embeddable":true,"href":"https:\/\/www.celttv.com.ar\/index.php\/wp-json\/wp\/v2\/comments?post=87866"}],"version-history":[{"count":2,"href":"https:\/\/www.celttv.com.ar\/index.php\/wp-json\/wp\/v2\/posts\/87866\/revisions"}],"predecessor-version":[{"id":87868,"href":"https:\/\/www.celttv.com.ar\/index.php\/wp-json\/wp\/v2\/posts\/87866\/revisions\/87868"}],"wp:featuredmedia":[{"embeddable":true,"href":"https:\/\/www.celttv.com.ar\/index.php\/wp-json\/wp\/v2\/media\/72717"}],"wp:attachment":[{"href":"https:\/\/www.celttv.com.ar\/index.php\/wp-json\/wp\/v2\/media?parent=87866"}],"wp:term":[{"taxonomy":"category","embeddable":true,"href":"https:\/\/www.celttv.com.ar\/index.php\/wp-json\/wp\/v2\/categories?post=87866"},{"taxonomy":"post_tag","embeddable":true,"href":"https:\/\/www.celttv.com.ar\/index.php\/wp-json\/wp\/v2\/tags?post=87866"}],"curies":[{"name":"wp","href":"https:\/\/api.w.org\/{rel}","templated":true}]}}