{"id":87922,"date":"2025-03-18T10:06:36","date_gmt":"2025-03-18T13:06:36","guid":{"rendered":"https:\/\/www.celttv.com.ar\/?p=87922"},"modified":"2025-03-18T10:06:36","modified_gmt":"2025-03-18T13:06:36","slug":"se-realizo-con-exito-la-4-expo-mostrarte-mujer-en-tornquist","status":"publish","type":"post","link":"https:\/\/www.celttv.com.ar\/index.php\/2025\/03\/18\/se-realizo-con-exito-la-4-expo-mostrarte-mujer-en-tornquist\/","title":{"rendered":"Se realiz\u00f3 con \u00e9xito la 4\u00b0 &#8220;Expo MostrArte mujer&#8221; en Tornquist"},"content":{"rendered":"<p>En el marco de la conmemoraci\u00f3n del 8 de Marzo D\u00eda internacional de la Mujer, se realiz\u00f3 la 4\u00aa \u00a0Feria MostrArte Mujer, en la plaza \u201cErnesto Tornquist\u201d, frente al Teatro Municipal \u201cRodolfo Funke\u201d, que por razones clim\u00e1ticas se traslad\u00f3 a esta fecha.<\/p>\n<p>La misma, fue organizada por el Municipio de Tornquist, a trav\u00e9s \u00a0de la Subsecretar\u00eda de Cultura a y la Oficina de Violencia por Razones de G\u00e9nero que depende de la Secretar\u00eda de Desarrollo a cargo de Daniela Aguilar.<\/p>\n<p>La jornada busc\u00f3 ofrecer un espacio de visibilizaci\u00f3n para emprendedoras, artesanas y artistas, que deseen fomentar la independencia econ\u00f3mica y fortalecer redes dentro de la comunidad.<\/p>\n<p>En un d\u00eda donde el clima acompa\u00f1\u00f3 el evento, muchos asistentes, y sobre todo familias pudieron disfrutar y \u00a0adem\u00e1s adquirir productos y conocer a las emprendedoras en sus puestos, como as\u00ed disfrutar actividades art\u00edsticas, y musicales.<\/p>\n<p>Hubo muchas propuestas y tambi\u00e9n carros gastron\u00f3micos con deliciosos manjares. A la hora de los espect\u00e1culos Dana Alvarez le puso toda la energ\u00eda con ritmos que fueron acompa\u00f1ados por las asistentes del evento.<\/p>\n<p>La voz de Jennifer Chavarr\u00eda, tambi\u00e9n cautiv\u00f3 a los presentes y tuvo momentos emotivos durante las interpretaciones ante el p\u00fablico que aplaudi\u00f3 lo realizado.<\/p>\n<p>Un espacio de pintura para poder crear sobre bolsas y banderines, llev\u00f3 adelante Flor Venancio.<\/p>\n<p>Julieta Braun, llev\u00f3 adelante el evento y acompa\u00f1aron toda la movida Daniela Aguilar, Berenice Braun, Agustina Candal, Martina Schwab y Mayra Delfino.<\/p>\n<p>Las mujeres han cambiado la historia con fuerza, con determinaci\u00f3n, con inteligencia, con trabajo, y sobre todo con pasi\u00f3n. As\u00ed se las vi\u00f3 hoy, transitar la vida con pasi\u00f3n por lo que hacen.<\/p>\n<p>En MostrArte hubo \u00a0participaci\u00f3n de mujeres emprendedoras, ligadas al arte, a la gastronom\u00eda, al canto y al baile.<\/p>\n<p>&nbsp;<\/p>\n<div class=\"jeg_video_container jeg_video_content\"><iframe loading=\"lazy\" title=\"2025 03 18 EXPO MOSTRATE MUJER\" width=\"500\" height=\"281\" src=\"https:\/\/www.youtube.com\/embed\/Qtm03aL7shc?feature=oembed\" frameborder=\"0\" allow=\"accelerometer; autoplay; clipboard-write; encrypted-media; gyroscope; picture-in-picture; web-share\" referrerpolicy=\"strict-origin-when-cross-origin\" allowfullscreen><\/iframe><\/div>\n","protected":false},"excerpt":{"rendered":"<p>En el marco de la conmemoraci\u00f3n del 8 de Marzo D\u00eda internacional de la Mujer, se realiz\u00f3 la 4\u00aa \u00a0Feria MostrArte Mujer, en la plaza \u201cErnesto Tornquist\u201d, frente al Teatro Municipal \u201cRodolfo Funke\u201d, que por razones clim\u00e1ticas se traslad\u00f3 a esta fecha. La misma, fue organizada por el Municipio de Tornquist, a trav\u00e9s \u00a0de la [&hellip;]<\/p>\n","protected":false},"author":5,"featured_media":87923,"comment_status":"closed","ping_status":"closed","sticky":false,"template":"","format":"standard","meta":{"footnotes":""},"categories":[1],"tags":[],"class_list":["post-87922","post","type-post","status-publish","format-standard","has-post-thumbnail","hentry","category-sin-categoria"],"yoast_head":"<!-- This site is optimized with the Yoast SEO plugin v19.7.1 - https:\/\/yoast.com\/wordpress\/plugins\/seo\/ -->\n<title>Se realiz\u00f3 con \u00e9xito la 4\u00b0 &quot;Expo MostrArte mujer&quot; en Tornquist - CELTTV<\/title>\n<meta name=\"description\" content=\"Sitio web de noticias de la localidad de Tornquist, provincia de Buenos Aires, Rep\u00fablica Argentina. Contenido propio originado por periodistas de CELTTV, el canal de TV local de la Cooperativa El\u00e9ctrica de Tornquist. Turismo, Pol\u00edtica, Sociedad, Deporte, Cultura y todo el contenido de inter\u00e9s general que la gente del pueblo y la regi\u00f3n debe conocer.\" \/>\n<meta name=\"robots\" content=\"index, follow, max-snippet:-1, max-image-preview:large, max-video-preview:-1\" \/>\n<link rel=\"canonical\" href=\"https:\/\/www.celttv.com.ar\/index.php\/2025\/03\/18\/se-realizo-con-exito-la-4-expo-mostrarte-mujer-en-tornquist\/\" \/>\n<meta property=\"og:locale\" content=\"es_ES\" \/>\n<meta property=\"og:type\" content=\"article\" \/>\n<meta property=\"og:title\" content=\"Se realiz\u00f3 con \u00e9xito la 4\u00b0 &quot;Expo MostrArte mujer&quot; en Tornquist - CELTTV\" \/>\n<meta property=\"og:description\" content=\"Sitio web de noticias de la localidad de Tornquist, provincia de Buenos Aires, Rep\u00fablica Argentina. Contenido propio originado por periodistas de CELTTV, el canal de TV local de la Cooperativa El\u00e9ctrica de Tornquist. Turismo, Pol\u00edtica, Sociedad, Deporte, Cultura y todo el contenido de inter\u00e9s general que la gente del pueblo y la regi\u00f3n debe conocer.\" \/>\n<meta property=\"og:url\" content=\"https:\/\/www.celttv.com.ar\/index.php\/2025\/03\/18\/se-realizo-con-exito-la-4-expo-mostrarte-mujer-en-tornquist\/\" \/>\n<meta property=\"og:site_name\" content=\"CELTTV\" \/>\n<meta property=\"article:publisher\" content=\"https:\/\/www.facebook.com\/celtTV\/\" \/>\n<meta property=\"article:published_time\" content=\"2025-03-18T13:06:36+00:00\" \/>\n<meta property=\"og:image\" content=\"https:\/\/www.celttv.com.ar\/wp-content\/uploads\/2025\/03\/feria.jpg\" \/>\n\t<meta property=\"og:image:width\" content=\"1066\" \/>\n\t<meta property=\"og:image:height\" content=\"600\" \/>\n\t<meta property=\"og:image:type\" content=\"image\/jpeg\" \/>\n<meta name=\"author\" content=\"Miguel Herrada\" \/>\n<meta name=\"twitter:card\" content=\"summary_large_image\" \/>\n<meta name=\"twitter:label1\" content=\"Escrito por\" \/>\n\t<meta name=\"twitter:data1\" content=\"Miguel Herrada\" \/>\n\t<meta name=\"twitter:label2\" content=\"Tiempo de lectura\" \/>\n\t<meta name=\"twitter:data2\" content=\"2 minutos\" \/>\n<script type=\"application\/ld+json\" class=\"yoast-schema-graph\">{\"@context\":\"https:\/\/schema.org\",\"@graph\":[{\"@type\":\"NewsArticle\",\"@id\":\"https:\/\/www.celttv.com.ar\/index.php\/2025\/03\/18\/se-realizo-con-exito-la-4-expo-mostrarte-mujer-en-tornquist\/#article\",\"isPartOf\":{\"@id\":\"https:\/\/www.celttv.com.ar\/index.php\/2025\/03\/18\/se-realizo-con-exito-la-4-expo-mostrarte-mujer-en-tornquist\/\"},\"author\":{\"name\":\"Miguel Herrada\",\"@id\":\"https:\/\/www.celttv.com.ar\/#\/schema\/person\/9059dc91dc7204ef4182cdb65225f07d\"},\"headline\":\"Se realiz\u00f3 con \u00e9xito la 4\u00b0 &#8220;Expo MostrArte mujer&#8221; en Tornquist\",\"datePublished\":\"2025-03-18T13:06:36+00:00\",\"dateModified\":\"2025-03-18T13:06:36+00:00\",\"mainEntityOfPage\":{\"@id\":\"https:\/\/www.celttv.com.ar\/index.php\/2025\/03\/18\/se-realizo-con-exito-la-4-expo-mostrarte-mujer-en-tornquist\/\"},\"wordCount\":331,\"publisher\":{\"@id\":\"https:\/\/www.celttv.com.ar\/#organization\"},\"inLanguage\":\"es\"},{\"@type\":\"WebPage\",\"@id\":\"https:\/\/www.celttv.com.ar\/index.php\/2025\/03\/18\/se-realizo-con-exito-la-4-expo-mostrarte-mujer-en-tornquist\/\",\"url\":\"https:\/\/www.celttv.com.ar\/index.php\/2025\/03\/18\/se-realizo-con-exito-la-4-expo-mostrarte-mujer-en-tornquist\/\",\"name\":\"Se realiz\u00f3 con \u00e9xito la 4\u00b0 \\\"Expo MostrArte mujer\\\" en Tornquist - CELTTV\",\"isPartOf\":{\"@id\":\"https:\/\/www.celttv.com.ar\/#website\"},\"datePublished\":\"2025-03-18T13:06:36+00:00\",\"dateModified\":\"2025-03-18T13:06:36+00:00\",\"description\":\"Sitio web de noticias de la localidad de Tornquist, provincia de Buenos Aires, Rep\u00fablica Argentina. Contenido propio originado por periodistas de CELTTV, el canal de TV local de la Cooperativa El\u00e9ctrica de Tornquist. Turismo, Pol\u00edtica, Sociedad, Deporte, Cultura y todo el contenido de inter\u00e9s general que la gente del pueblo y la regi\u00f3n debe conocer.\",\"breadcrumb\":{\"@id\":\"https:\/\/www.celttv.com.ar\/index.php\/2025\/03\/18\/se-realizo-con-exito-la-4-expo-mostrarte-mujer-en-tornquist\/#breadcrumb\"},\"inLanguage\":\"es\",\"potentialAction\":[{\"@type\":\"ReadAction\",\"target\":[\"https:\/\/www.celttv.com.ar\/index.php\/2025\/03\/18\/se-realizo-con-exito-la-4-expo-mostrarte-mujer-en-tornquist\/\"]}]},{\"@type\":\"BreadcrumbList\",\"@id\":\"https:\/\/www.celttv.com.ar\/index.php\/2025\/03\/18\/se-realizo-con-exito-la-4-expo-mostrarte-mujer-en-tornquist\/#breadcrumb\",\"itemListElement\":[{\"@type\":\"ListItem\",\"position\":1,\"name\":\"Inicio\",\"item\":\"https:\/\/www.celttv.com.ar\/\"},{\"@type\":\"ListItem\",\"position\":2,\"name\":\"Se realiz\u00f3 con \u00e9xito la 4\u00b0 &#8220;Expo MostrArte mujer&#8221; en Tornquist\"}]},{\"@type\":\"WebSite\",\"@id\":\"https:\/\/www.celttv.com.ar\/#website\",\"url\":\"https:\/\/www.celttv.com.ar\/\",\"name\":\"CELTTV\",\"description\":\"Cooperativa El\u00e9ctrica de Tornquist\",\"publisher\":{\"@id\":\"https:\/\/www.celttv.com.ar\/#organization\"},\"potentialAction\":[{\"@type\":\"SearchAction\",\"target\":{\"@type\":\"EntryPoint\",\"urlTemplate\":\"https:\/\/www.celttv.com.ar\/?s={search_term_string}\"},\"query-input\":\"required name=search_term_string\"}],\"inLanguage\":\"es\"},{\"@type\":\"Organization\",\"@id\":\"https:\/\/www.celttv.com.ar\/#organization\",\"name\":\"CELTTV\",\"url\":\"https:\/\/www.celttv.com.ar\/\",\"sameAs\":[\"https:\/\/www.youtube.com\/channel\/UCz_oIt8Hig64Ub-EmcNPIhg\",\"https:\/\/www.facebook.com\/celtTV\/\"],\"logo\":{\"@type\":\"ImageObject\",\"inLanguage\":\"es\",\"@id\":\"https:\/\/www.celttv.com.ar\/#\/schema\/logo\/image\/\",\"url\":\"http:\/\/www.celttv.com.ar\/wp-content\/uploads\/2022\/08\/logo-1.png\",\"contentUrl\":\"http:\/\/www.celttv.com.ar\/wp-content\/uploads\/2022\/08\/logo-1.png\",\"width\":461,\"height\":159,\"caption\":\"CELTTV\"},\"image\":{\"@id\":\"https:\/\/www.celttv.com.ar\/#\/schema\/logo\/image\/\"}},{\"@type\":\"Person\",\"@id\":\"https:\/\/www.celttv.com.ar\/#\/schema\/person\/9059dc91dc7204ef4182cdb65225f07d\",\"name\":\"Miguel Herrada\",\"image\":{\"@type\":\"ImageObject\",\"inLanguage\":\"es\",\"@id\":\"https:\/\/www.celttv.com.ar\/#\/schema\/person\/image\/\",\"url\":\"https:\/\/secure.gravatar.com\/avatar\/67724d5b3c716623ffd76bec7e45841a442ac3b456e914dbba90b0fad2b8e0b1?s=96&d=mm&r=g\",\"contentUrl\":\"https:\/\/secure.gravatar.com\/avatar\/67724d5b3c716623ffd76bec7e45841a442ac3b456e914dbba90b0fad2b8e0b1?s=96&d=mm&r=g\",\"caption\":\"Miguel Herrada\"}}]}<\/script>\n<!-- \/ Yoast SEO plugin. -->","yoast_head_json":{"title":"Se realiz\u00f3 con \u00e9xito la 4\u00b0 \"Expo MostrArte mujer\" en Tornquist - CELTTV","description":"Sitio web de noticias de la localidad de Tornquist, provincia de Buenos Aires, Rep\u00fablica Argentina. Contenido propio originado por periodistas de CELTTV, el canal de TV local de la Cooperativa El\u00e9ctrica de Tornquist. Turismo, Pol\u00edtica, Sociedad, Deporte, Cultura y todo el contenido de inter\u00e9s general que la gente del pueblo y la regi\u00f3n debe conocer.","robots":{"index":"index","follow":"follow","max-snippet":"max-snippet:-1","max-image-preview":"max-image-preview:large","max-video-preview":"max-video-preview:-1"},"canonical":"https:\/\/www.celttv.com.ar\/index.php\/2025\/03\/18\/se-realizo-con-exito-la-4-expo-mostrarte-mujer-en-tornquist\/","og_locale":"es_ES","og_type":"article","og_title":"Se realiz\u00f3 con \u00e9xito la 4\u00b0 \"Expo MostrArte mujer\" en Tornquist - CELTTV","og_description":"Sitio web de noticias de la localidad de Tornquist, provincia de Buenos Aires, Rep\u00fablica Argentina. Contenido propio originado por periodistas de CELTTV, el canal de TV local de la Cooperativa El\u00e9ctrica de Tornquist. Turismo, Pol\u00edtica, Sociedad, Deporte, Cultura y todo el contenido de inter\u00e9s general que la gente del pueblo y la regi\u00f3n debe conocer.","og_url":"https:\/\/www.celttv.com.ar\/index.php\/2025\/03\/18\/se-realizo-con-exito-la-4-expo-mostrarte-mujer-en-tornquist\/","og_site_name":"CELTTV","article_publisher":"https:\/\/www.facebook.com\/celtTV\/","article_published_time":"2025-03-18T13:06:36+00:00","og_image":[{"width":1066,"height":600,"url":"https:\/\/www.celttv.com.ar\/wp-content\/uploads\/2025\/03\/feria.jpg","type":"image\/jpeg"}],"author":"Miguel Herrada","twitter_card":"summary_large_image","twitter_misc":{"Escrito por":"Miguel Herrada","Tiempo de lectura":"2 minutos"},"schema":{"@context":"https:\/\/schema.org","@graph":[{"@type":"NewsArticle","@id":"https:\/\/www.celttv.com.ar\/index.php\/2025\/03\/18\/se-realizo-con-exito-la-4-expo-mostrarte-mujer-en-tornquist\/#article","isPartOf":{"@id":"https:\/\/www.celttv.com.ar\/index.php\/2025\/03\/18\/se-realizo-con-exito-la-4-expo-mostrarte-mujer-en-tornquist\/"},"author":{"name":"Miguel Herrada","@id":"https:\/\/www.celttv.com.ar\/#\/schema\/person\/9059dc91dc7204ef4182cdb65225f07d"},"headline":"Se realiz\u00f3 con \u00e9xito la 4\u00b0 &#8220;Expo MostrArte mujer&#8221; en Tornquist","datePublished":"2025-03-18T13:06:36+00:00","dateModified":"2025-03-18T13:06:36+00:00","mainEntityOfPage":{"@id":"https:\/\/www.celttv.com.ar\/index.php\/2025\/03\/18\/se-realizo-con-exito-la-4-expo-mostrarte-mujer-en-tornquist\/"},"wordCount":331,"publisher":{"@id":"https:\/\/www.celttv.com.ar\/#organization"},"inLanguage":"es"},{"@type":"WebPage","@id":"https:\/\/www.celttv.com.ar\/index.php\/2025\/03\/18\/se-realizo-con-exito-la-4-expo-mostrarte-mujer-en-tornquist\/","url":"https:\/\/www.celttv.com.ar\/index.php\/2025\/03\/18\/se-realizo-con-exito-la-4-expo-mostrarte-mujer-en-tornquist\/","name":"Se realiz\u00f3 con \u00e9xito la 4\u00b0 \"Expo MostrArte mujer\" en Tornquist - CELTTV","isPartOf":{"@id":"https:\/\/www.celttv.com.ar\/#website"},"datePublished":"2025-03-18T13:06:36+00:00","dateModified":"2025-03-18T13:06:36+00:00","description":"Sitio web de noticias de la localidad de Tornquist, provincia de Buenos Aires, Rep\u00fablica Argentina. Contenido propio originado por periodistas de CELTTV, el canal de TV local de la Cooperativa El\u00e9ctrica de Tornquist. Turismo, Pol\u00edtica, Sociedad, Deporte, Cultura y todo el contenido de inter\u00e9s general que la gente del pueblo y la regi\u00f3n debe conocer.","breadcrumb":{"@id":"https:\/\/www.celttv.com.ar\/index.php\/2025\/03\/18\/se-realizo-con-exito-la-4-expo-mostrarte-mujer-en-tornquist\/#breadcrumb"},"inLanguage":"es","potentialAction":[{"@type":"ReadAction","target":["https:\/\/www.celttv.com.ar\/index.php\/2025\/03\/18\/se-realizo-con-exito-la-4-expo-mostrarte-mujer-en-tornquist\/"]}]},{"@type":"BreadcrumbList","@id":"https:\/\/www.celttv.com.ar\/index.php\/2025\/03\/18\/se-realizo-con-exito-la-4-expo-mostrarte-mujer-en-tornquist\/#breadcrumb","itemListElement":[{"@type":"ListItem","position":1,"name":"Inicio","item":"https:\/\/www.celttv.com.ar\/"},{"@type":"ListItem","position":2,"name":"Se realiz\u00f3 con \u00e9xito la 4\u00b0 &#8220;Expo MostrArte mujer&#8221; en Tornquist"}]},{"@type":"WebSite","@id":"https:\/\/www.celttv.com.ar\/#website","url":"https:\/\/www.celttv.com.ar\/","name":"CELTTV","description":"Cooperativa El\u00e9ctrica de Tornquist","publisher":{"@id":"https:\/\/www.celttv.com.ar\/#organization"},"potentialAction":[{"@type":"SearchAction","target":{"@type":"EntryPoint","urlTemplate":"https:\/\/www.celttv.com.ar\/?s={search_term_string}"},"query-input":"required name=search_term_string"}],"inLanguage":"es"},{"@type":"Organization","@id":"https:\/\/www.celttv.com.ar\/#organization","name":"CELTTV","url":"https:\/\/www.celttv.com.ar\/","sameAs":["https:\/\/www.youtube.com\/channel\/UCz_oIt8Hig64Ub-EmcNPIhg","https:\/\/www.facebook.com\/celtTV\/"],"logo":{"@type":"ImageObject","inLanguage":"es","@id":"https:\/\/www.celttv.com.ar\/#\/schema\/logo\/image\/","url":"http:\/\/www.celttv.com.ar\/wp-content\/uploads\/2022\/08\/logo-1.png","contentUrl":"http:\/\/www.celttv.com.ar\/wp-content\/uploads\/2022\/08\/logo-1.png","width":461,"height":159,"caption":"CELTTV"},"image":{"@id":"https:\/\/www.celttv.com.ar\/#\/schema\/logo\/image\/"}},{"@type":"Person","@id":"https:\/\/www.celttv.com.ar\/#\/schema\/person\/9059dc91dc7204ef4182cdb65225f07d","name":"Miguel Herrada","image":{"@type":"ImageObject","inLanguage":"es","@id":"https:\/\/www.celttv.com.ar\/#\/schema\/person\/image\/","url":"https:\/\/secure.gravatar.com\/avatar\/67724d5b3c716623ffd76bec7e45841a442ac3b456e914dbba90b0fad2b8e0b1?s=96&d=mm&r=g","contentUrl":"https:\/\/secure.gravatar.com\/avatar\/67724d5b3c716623ffd76bec7e45841a442ac3b456e914dbba90b0fad2b8e0b1?s=96&d=mm&r=g","caption":"Miguel Herrada"}}]}},"_links":{"self":[{"href":"https:\/\/www.celttv.com.ar\/index.php\/wp-json\/wp\/v2\/posts\/87922","targetHints":{"allow":["GET"]}}],"collection":[{"href":"https:\/\/www.celttv.com.ar\/index.php\/wp-json\/wp\/v2\/posts"}],"about":[{"href":"https:\/\/www.celttv.com.ar\/index.php\/wp-json\/wp\/v2\/types\/post"}],"author":[{"embeddable":true,"href":"https:\/\/www.celttv.com.ar\/index.php\/wp-json\/wp\/v2\/users\/5"}],"replies":[{"embeddable":true,"href":"https:\/\/www.celttv.com.ar\/index.php\/wp-json\/wp\/v2\/comments?post=87922"}],"version-history":[{"count":1,"href":"https:\/\/www.celttv.com.ar\/index.php\/wp-json\/wp\/v2\/posts\/87922\/revisions"}],"predecessor-version":[{"id":87924,"href":"https:\/\/www.celttv.com.ar\/index.php\/wp-json\/wp\/v2\/posts\/87922\/revisions\/87924"}],"wp:featuredmedia":[{"embeddable":true,"href":"https:\/\/www.celttv.com.ar\/index.php\/wp-json\/wp\/v2\/media\/87923"}],"wp:attachment":[{"href":"https:\/\/www.celttv.com.ar\/index.php\/wp-json\/wp\/v2\/media?parent=87922"}],"wp:term":[{"taxonomy":"category","embeddable":true,"href":"https:\/\/www.celttv.com.ar\/index.php\/wp-json\/wp\/v2\/categories?post=87922"},{"taxonomy":"post_tag","embeddable":true,"href":"https:\/\/www.celttv.com.ar\/index.php\/wp-json\/wp\/v2\/tags?post=87922"}],"curies":[{"name":"wp","href":"https:\/\/api.w.org\/{rel}","templated":true}]}}