{"id":8794,"date":"2012-10-30T13:42:38","date_gmt":"2012-10-30T13:42:38","guid":{"rendered":"http:\/\/www.tvcnoticias.com.ar\/?p=8794"},"modified":"2012-10-30T13:42:38","modified_gmt":"2012-10-30T13:42:38","slug":"a-29-anos-del-regreso-a-la-democracia","status":"publish","type":"post","link":"https:\/\/www.celttv.com.ar\/index.php\/2012\/10\/30\/a-29-anos-del-regreso-a-la-democracia\/","title":{"rendered":"A 29 A\u00d1OS DEL REGRESO A LA DEMOCRACIA"},"content":{"rendered":"<p>\u00a0<\/p>\n<p class=\"MsoNormal\" style=\"margin: 0cm 0cm 10pt; text-align: justify;\">\u00a0<\/p>\n<p class=\"MsoNormal\" style=\"margin: 0cm 0cm 10pt; text-align: justify;\"><a rel=\"attachment wp-att-8796\" href=\"http:\/\/www.tvcnoticias.com.ar\/?attachment_id=8796\"><img loading=\"lazy\" decoding=\"async\" class=\"aligncenter size-full wp-image-8796\" title=\"ALFONSIN copia (Small)\" src=\"http:\/\/www.tvcnoticias.com.ar\/wp-content\/uploads\/2012\/10\/ALFONSIN-copia-Small1.jpg\" alt=\"\" width=\"640\" height=\"377\" \/><\/a>\u00a0<\/p>\n<p class=\"MsoNormal\" style=\"margin: 0cm 0cm 10pt; text-align: justify;\"><span style=\"font-size: small;\"><span style=\"font-family: 'Verdana','sans-serif'; mso-bidi-font-weight: bold;\" lang=\"ES-AR\">Casi no hay argentino que no recuerde con emoci\u00f3n, el <span class=\"ilad\">vibrante<\/span><span class=\"apple-converted-space\">\u00a0<\/span>discurso de<span class=\"apple-converted-space\">\u00a0<\/span><\/span><span lang=\"ES-AR\"><a href=\"http:\/\/www.avizora.com\/publicaciones\/biografias\/textos\/textos_a\/0061_alfonsin_raul.htm\"><span style=\"color: windowtext; font-family: 'Verdana','sans-serif'; text-decoration: none; mso-ansi-language: ES; text-underline: none; mso-bidi-font-weight: bold;\" lang=\"ES\">Ra\u00fal Alfons\u00edn<\/span><\/a><\/span><span class=\"apple-converted-space\"><span style=\"font-family: 'Verdana','sans-serif'; mso-bidi-font-weight: bold;\" lang=\"ES-AR\">\u00a0<\/span><\/span><span style=\"font-family: 'Verdana','sans-serif'; mso-bidi-font-weight: bold;\" lang=\"ES-AR\">que lo llev\u00f3 <span class=\"apple-converted-space\">\u00a0<\/span><span class=\"ilad\">directo<\/span><span class=\"apple-converted-space\">\u00a0<\/span>a la Presidencia. Fue el 27 de octubre de 1983, en la Plaza de la Rep\u00fablica, ante un mill\u00f3n de personas. Esta es parte de ese discurso del primer presidente de la restauraci\u00f3n de la democracia<span class=\"apple-converted-space\">\u00a0<\/span><\/span><span lang=\"ES-AR\"><a href=\"http:\/\/www.avizora.com\/atajo\/informes\/argentina_0001.htm\"><span style=\"color: windowtext; font-family: 'Verdana','sans-serif'; text-decoration: none; text-underline: none; mso-bidi-font-weight: bold;\">Argentina<\/span><\/a><\/span><span class=\"apple-converted-space\"><span style=\"font-family: 'Verdana','sans-serif'; mso-bidi-font-weight: bold;\" lang=\"ES-AR\">\u00a0<\/span><\/span><span style=\"font-family: 'Verdana','sans-serif'; mso-bidi-font-weight: bold;\" lang=\"ES-AR\">de los \u00faltimos tiempos.<\/span><\/span><\/p>\n<p class=\"MsoNormal\" style=\"margin: 0cm 0cm 10pt; text-align: justify;\"><span style=\"font-size: small;\"><strong><span style=\"font-family: 'Verdana','sans-serif';\" lang=\"ES-AR\">\u201c\u2026<\/span><\/strong><strong style=\"mso-bidi-font-weight: normal;\"><span style=\"color: black; font-family: 'Verdana','sans-serif';\" lang=\"ES-AR\">Los argentinos, casi todos los argentinos, tenemos en nuestra boca el amargo regusto de trabajar en vano, de arar en el mar porque peri\u00f3dicamente asistimos a la destrucci\u00f3n de nuestros esfuerzos.<\/span><\/strong><\/span><\/p>\n<p class=\"MsoNormal\" style=\"margin: 0cm 0cm 10pt; text-align: justify;\"><strong style=\"mso-bidi-font-weight: normal;\"><span style=\"color: black; font-family: 'Verdana','sans-serif';\" lang=\"ES-AR\"><span style=\"font-size: small;\">Y todo esto ocurre porque el poder que se puede obtener con la violencia y la prepotencia s\u00f3lo sirve para lo que ellas sirvan, es decir para destruir. Es poco o nada lo que se puede construir con la violencia y la prepotencia. Y as\u00ed es como est\u00e1 nuestra desgraciada Naci\u00f3n.<\/span><\/span><\/strong><\/p>\n<p class=\"MsoNormal\" style=\"margin: 0cm 0cm 10pt; text-align: justify;\"><strong style=\"mso-bidi-font-weight: normal;\"><span style=\"color: black; font-family: 'Verdana','sans-serif';\" lang=\"ES-AR\"><span style=\"font-size: small;\">La crisis de autoridad s\u00f3lo ser\u00e1 resuelta restableciendo la autoridad, es decir la capacidad para conciliar, la aptitud para convencer y no para vencer.<br \/>\nTendremos autoridad porque seremos capaces de convencer, porque estamos proponiendo lo que todos los argentinos sabemos que necesitamos: la paz y la tranquilidad de una convivencia en la que se respeten las discrepancias y en la que los esfuerzos para construir que hagamos cada d\u00eda no sean destruidos ma\u00f1ana por la intolerancia y la violencia.<\/span><\/span><\/strong><\/p>\n<p class=\"MsoNormal\" style=\"margin: 0cm 0cm 10pt; text-align: justify;\"><strong style=\"mso-bidi-font-weight: normal;\"><span style=\"color: black; font-family: 'Verdana','sans-serif';\" lang=\"ES-AR\"><span style=\"font-size: small;\">Proponerse convencer s\u00f3lo tiene sentido si estamos dispuestos tambi\u00e9n a que otros nos puedan convencer a nosotros, si aseguramos la libertad y la tolerancia entre los argentinos. Proclamamos estas ideas no s\u00f3lo porque nos parecen mejores, sino \u2013y sobre todo\u2013 porque sabemos que constituyen el \u00fanico m\u00e9todo para que los argentinos nos pongamos a construir de una vez por todas nuestro futuro. Esto es, simplemente, la democracia\u2026\u201d<\/span><\/span><\/strong><\/p>\n<p class=\"MsoNormal\" style=\"margin: 0cm 0cm 10pt; text-align: justify;\"><strong style=\"mso-bidi-font-weight: normal;\"><span style=\"color: black; font-family: 'Verdana','sans-serif';\" lang=\"ES-AR\"><span style=\"font-size: small;\"><strong>COMIT\u00c9 DISTRITO TORNQUIST \u2013 SUBCOMIT\u00c9 SALDUNGARAY<\/strong><\/span><\/span><\/strong><\/p>\n","protected":false},"excerpt":{"rendered":"<p>\u00a0 \u00a0 \u00a0 Casi no hay argentino que no recuerde con emoci\u00f3n, el vibrante\u00a0discurso de\u00a0Ra\u00fal Alfons\u00edn\u00a0que lo llev\u00f3 \u00a0directo\u00a0a la Presidencia. Fue el 27 de octubre de 1983, en la Plaza de la Rep\u00fablica, ante un mill\u00f3n de personas. Esta es parte de ese discurso del primer presidente de la restauraci\u00f3n de la democracia\u00a0Argentina\u00a0de los [&hellip;]<\/p>\n","protected":false},"author":1,"featured_media":0,"comment_status":"closed","ping_status":"open","sticky":false,"template":"","format":"standard","meta":{"footnotes":""},"categories":[51,52,53],"tags":[],"class_list":["post-8794","post","type-post","status-publish","format-standard","hentry","category-comunidad","category-destacadas","category-politica"],"yoast_head":"<!-- This site is optimized with the Yoast SEO plugin v19.7.1 - https:\/\/yoast.com\/wordpress\/plugins\/seo\/ -->\n<title>A 29 A\u00d1OS DEL REGRESO A LA DEMOCRACIA - CELTTV<\/title>\n<meta name=\"description\" content=\"Sitio web de noticias de la localidad de Tornquist, provincia de Buenos Aires, Rep\u00fablica Argentina. Contenido propio originado por periodistas de CELTTV, el canal de TV local de la Cooperativa El\u00e9ctrica de Tornquist. Turismo, Pol\u00edtica, Sociedad, Deporte, Cultura y todo el contenido de inter\u00e9s general que la gente del pueblo y la regi\u00f3n debe conocer.\" \/>\n<meta name=\"robots\" content=\"index, follow, max-snippet:-1, max-image-preview:large, max-video-preview:-1\" \/>\n<link rel=\"canonical\" href=\"https:\/\/www.celttv.com.ar\/index.php\/2012\/10\/30\/a-29-anos-del-regreso-a-la-democracia\/\" \/>\n<meta property=\"og:locale\" content=\"es_ES\" \/>\n<meta property=\"og:type\" content=\"article\" \/>\n<meta property=\"og:title\" content=\"A 29 A\u00d1OS DEL REGRESO A LA DEMOCRACIA - CELTTV\" \/>\n<meta property=\"og:description\" content=\"Sitio web de noticias de la localidad de Tornquist, provincia de Buenos Aires, Rep\u00fablica Argentina. Contenido propio originado por periodistas de CELTTV, el canal de TV local de la Cooperativa El\u00e9ctrica de Tornquist. Turismo, Pol\u00edtica, Sociedad, Deporte, Cultura y todo el contenido de inter\u00e9s general que la gente del pueblo y la regi\u00f3n debe conocer.\" \/>\n<meta property=\"og:url\" content=\"https:\/\/www.celttv.com.ar\/index.php\/2012\/10\/30\/a-29-anos-del-regreso-a-la-democracia\/\" \/>\n<meta property=\"og:site_name\" content=\"CELTTV\" \/>\n<meta property=\"article:publisher\" content=\"https:\/\/www.facebook.com\/celtTV\/\" \/>\n<meta property=\"article:published_time\" content=\"2012-10-30T13:42:38+00:00\" \/>\n<meta property=\"og:image\" content=\"http:\/\/www.tvcnoticias.com.ar\/wp-content\/uploads\/2012\/10\/ALFONSIN-copia-Small1.jpg\" \/>\n<meta name=\"author\" content=\"ulises\" \/>\n<meta name=\"twitter:card\" content=\"summary_large_image\" \/>\n<meta name=\"twitter:label1\" content=\"Escrito por\" \/>\n\t<meta name=\"twitter:data1\" content=\"ulises\" \/>\n\t<meta name=\"twitter:label2\" content=\"Tiempo de lectura\" \/>\n\t<meta name=\"twitter:data2\" content=\"2 minutos\" \/>\n<script type=\"application\/ld+json\" class=\"yoast-schema-graph\">{\"@context\":\"https:\/\/schema.org\",\"@graph\":[{\"@type\":\"NewsArticle\",\"@id\":\"https:\/\/www.celttv.com.ar\/index.php\/2012\/10\/30\/a-29-anos-del-regreso-a-la-democracia\/#article\",\"isPartOf\":{\"@id\":\"https:\/\/www.celttv.com.ar\/index.php\/2012\/10\/30\/a-29-anos-del-regreso-a-la-democracia\/\"},\"author\":{\"name\":\"ulises\",\"@id\":\"https:\/\/www.celttv.com.ar\/#\/schema\/person\/6d99c072dba59953809c81446e9d0ace\"},\"headline\":\"A 29 A\u00d1OS DEL REGRESO A LA DEMOCRACIA\",\"datePublished\":\"2012-10-30T13:42:38+00:00\",\"dateModified\":\"2012-10-30T13:42:38+00:00\",\"mainEntityOfPage\":{\"@id\":\"https:\/\/www.celttv.com.ar\/index.php\/2012\/10\/30\/a-29-anos-del-regreso-a-la-democracia\/\"},\"wordCount\":316,\"publisher\":{\"@id\":\"https:\/\/www.celttv.com.ar\/#organization\"},\"articleSection\":[\"Comunidad\",\"Destacadas\",\"Pol\u00edtica\"],\"inLanguage\":\"es\"},{\"@type\":\"WebPage\",\"@id\":\"https:\/\/www.celttv.com.ar\/index.php\/2012\/10\/30\/a-29-anos-del-regreso-a-la-democracia\/\",\"url\":\"https:\/\/www.celttv.com.ar\/index.php\/2012\/10\/30\/a-29-anos-del-regreso-a-la-democracia\/\",\"name\":\"A 29 A\u00d1OS DEL REGRESO A LA DEMOCRACIA - CELTTV\",\"isPartOf\":{\"@id\":\"https:\/\/www.celttv.com.ar\/#website\"},\"datePublished\":\"2012-10-30T13:42:38+00:00\",\"dateModified\":\"2012-10-30T13:42:38+00:00\",\"description\":\"Sitio web de noticias de la localidad de Tornquist, provincia de Buenos Aires, Rep\u00fablica Argentina. Contenido propio originado por periodistas de CELTTV, el canal de TV local de la Cooperativa El\u00e9ctrica de Tornquist. Turismo, Pol\u00edtica, Sociedad, Deporte, Cultura y todo el contenido de inter\u00e9s general que la gente del pueblo y la regi\u00f3n debe conocer.\",\"breadcrumb\":{\"@id\":\"https:\/\/www.celttv.com.ar\/index.php\/2012\/10\/30\/a-29-anos-del-regreso-a-la-democracia\/#breadcrumb\"},\"inLanguage\":\"es\",\"potentialAction\":[{\"@type\":\"ReadAction\",\"target\":[\"https:\/\/www.celttv.com.ar\/index.php\/2012\/10\/30\/a-29-anos-del-regreso-a-la-democracia\/\"]}]},{\"@type\":\"BreadcrumbList\",\"@id\":\"https:\/\/www.celttv.com.ar\/index.php\/2012\/10\/30\/a-29-anos-del-regreso-a-la-democracia\/#breadcrumb\",\"itemListElement\":[{\"@type\":\"ListItem\",\"position\":1,\"name\":\"Inicio\",\"item\":\"https:\/\/www.celttv.com.ar\/\"},{\"@type\":\"ListItem\",\"position\":2,\"name\":\"A 29 A\u00d1OS DEL REGRESO A LA DEMOCRACIA\"}]},{\"@type\":\"WebSite\",\"@id\":\"https:\/\/www.celttv.com.ar\/#website\",\"url\":\"https:\/\/www.celttv.com.ar\/\",\"name\":\"CELTTV\",\"description\":\"Cooperativa El\u00e9ctrica de Tornquist\",\"publisher\":{\"@id\":\"https:\/\/www.celttv.com.ar\/#organization\"},\"potentialAction\":[{\"@type\":\"SearchAction\",\"target\":{\"@type\":\"EntryPoint\",\"urlTemplate\":\"https:\/\/www.celttv.com.ar\/?s={search_term_string}\"},\"query-input\":\"required name=search_term_string\"}],\"inLanguage\":\"es\"},{\"@type\":\"Organization\",\"@id\":\"https:\/\/www.celttv.com.ar\/#organization\",\"name\":\"CELTTV\",\"url\":\"https:\/\/www.celttv.com.ar\/\",\"sameAs\":[\"https:\/\/www.youtube.com\/channel\/UCz_oIt8Hig64Ub-EmcNPIhg\",\"https:\/\/www.facebook.com\/celtTV\/\"],\"logo\":{\"@type\":\"ImageObject\",\"inLanguage\":\"es\",\"@id\":\"https:\/\/www.celttv.com.ar\/#\/schema\/logo\/image\/\",\"url\":\"http:\/\/www.celttv.com.ar\/wp-content\/uploads\/2022\/08\/logo-1.png\",\"contentUrl\":\"http:\/\/www.celttv.com.ar\/wp-content\/uploads\/2022\/08\/logo-1.png\",\"width\":461,\"height\":159,\"caption\":\"CELTTV\"},\"image\":{\"@id\":\"https:\/\/www.celttv.com.ar\/#\/schema\/logo\/image\/\"}},{\"@type\":\"Person\",\"@id\":\"https:\/\/www.celttv.com.ar\/#\/schema\/person\/6d99c072dba59953809c81446e9d0ace\",\"name\":\"ulises\",\"image\":{\"@type\":\"ImageObject\",\"inLanguage\":\"es\",\"@id\":\"https:\/\/www.celttv.com.ar\/#\/schema\/person\/image\/\",\"url\":\"https:\/\/secure.gravatar.com\/avatar\/7f2c48bdc33b30088f941fb6082e555f2874c98e20cb159d7b92b50eadfce793?s=96&d=mm&r=g\",\"contentUrl\":\"https:\/\/secure.gravatar.com\/avatar\/7f2c48bdc33b30088f941fb6082e555f2874c98e20cb159d7b92b50eadfce793?s=96&d=mm&r=g\",\"caption\":\"ulises\"},\"sameAs\":[\"http:\/\/www.celttv.com.ar\"]}]}<\/script>\n<!-- \/ Yoast SEO plugin. -->","yoast_head_json":{"title":"A 29 A\u00d1OS DEL REGRESO A LA DEMOCRACIA - CELTTV","description":"Sitio web de noticias de la localidad de Tornquist, provincia de Buenos Aires, Rep\u00fablica Argentina. Contenido propio originado por periodistas de CELTTV, el canal de TV local de la Cooperativa El\u00e9ctrica de Tornquist. Turismo, Pol\u00edtica, Sociedad, Deporte, Cultura y todo el contenido de inter\u00e9s general que la gente del pueblo y la regi\u00f3n debe conocer.","robots":{"index":"index","follow":"follow","max-snippet":"max-snippet:-1","max-image-preview":"max-image-preview:large","max-video-preview":"max-video-preview:-1"},"canonical":"https:\/\/www.celttv.com.ar\/index.php\/2012\/10\/30\/a-29-anos-del-regreso-a-la-democracia\/","og_locale":"es_ES","og_type":"article","og_title":"A 29 A\u00d1OS DEL REGRESO A LA DEMOCRACIA - CELTTV","og_description":"Sitio web de noticias de la localidad de Tornquist, provincia de Buenos Aires, Rep\u00fablica Argentina. Contenido propio originado por periodistas de CELTTV, el canal de TV local de la Cooperativa El\u00e9ctrica de Tornquist. Turismo, Pol\u00edtica, Sociedad, Deporte, Cultura y todo el contenido de inter\u00e9s general que la gente del pueblo y la regi\u00f3n debe conocer.","og_url":"https:\/\/www.celttv.com.ar\/index.php\/2012\/10\/30\/a-29-anos-del-regreso-a-la-democracia\/","og_site_name":"CELTTV","article_publisher":"https:\/\/www.facebook.com\/celtTV\/","article_published_time":"2012-10-30T13:42:38+00:00","og_image":[{"url":"http:\/\/www.tvcnoticias.com.ar\/wp-content\/uploads\/2012\/10\/ALFONSIN-copia-Small1.jpg"}],"author":"ulises","twitter_card":"summary_large_image","twitter_misc":{"Escrito por":"ulises","Tiempo de lectura":"2 minutos"},"schema":{"@context":"https:\/\/schema.org","@graph":[{"@type":"NewsArticle","@id":"https:\/\/www.celttv.com.ar\/index.php\/2012\/10\/30\/a-29-anos-del-regreso-a-la-democracia\/#article","isPartOf":{"@id":"https:\/\/www.celttv.com.ar\/index.php\/2012\/10\/30\/a-29-anos-del-regreso-a-la-democracia\/"},"author":{"name":"ulises","@id":"https:\/\/www.celttv.com.ar\/#\/schema\/person\/6d99c072dba59953809c81446e9d0ace"},"headline":"A 29 A\u00d1OS DEL REGRESO A LA DEMOCRACIA","datePublished":"2012-10-30T13:42:38+00:00","dateModified":"2012-10-30T13:42:38+00:00","mainEntityOfPage":{"@id":"https:\/\/www.celttv.com.ar\/index.php\/2012\/10\/30\/a-29-anos-del-regreso-a-la-democracia\/"},"wordCount":316,"publisher":{"@id":"https:\/\/www.celttv.com.ar\/#organization"},"articleSection":["Comunidad","Destacadas","Pol\u00edtica"],"inLanguage":"es"},{"@type":"WebPage","@id":"https:\/\/www.celttv.com.ar\/index.php\/2012\/10\/30\/a-29-anos-del-regreso-a-la-democracia\/","url":"https:\/\/www.celttv.com.ar\/index.php\/2012\/10\/30\/a-29-anos-del-regreso-a-la-democracia\/","name":"A 29 A\u00d1OS DEL REGRESO A LA DEMOCRACIA - CELTTV","isPartOf":{"@id":"https:\/\/www.celttv.com.ar\/#website"},"datePublished":"2012-10-30T13:42:38+00:00","dateModified":"2012-10-30T13:42:38+00:00","description":"Sitio web de noticias de la localidad de Tornquist, provincia de Buenos Aires, Rep\u00fablica Argentina. Contenido propio originado por periodistas de CELTTV, el canal de TV local de la Cooperativa El\u00e9ctrica de Tornquist. Turismo, Pol\u00edtica, Sociedad, Deporte, Cultura y todo el contenido de inter\u00e9s general que la gente del pueblo y la regi\u00f3n debe conocer.","breadcrumb":{"@id":"https:\/\/www.celttv.com.ar\/index.php\/2012\/10\/30\/a-29-anos-del-regreso-a-la-democracia\/#breadcrumb"},"inLanguage":"es","potentialAction":[{"@type":"ReadAction","target":["https:\/\/www.celttv.com.ar\/index.php\/2012\/10\/30\/a-29-anos-del-regreso-a-la-democracia\/"]}]},{"@type":"BreadcrumbList","@id":"https:\/\/www.celttv.com.ar\/index.php\/2012\/10\/30\/a-29-anos-del-regreso-a-la-democracia\/#breadcrumb","itemListElement":[{"@type":"ListItem","position":1,"name":"Inicio","item":"https:\/\/www.celttv.com.ar\/"},{"@type":"ListItem","position":2,"name":"A 29 A\u00d1OS DEL REGRESO A LA DEMOCRACIA"}]},{"@type":"WebSite","@id":"https:\/\/www.celttv.com.ar\/#website","url":"https:\/\/www.celttv.com.ar\/","name":"CELTTV","description":"Cooperativa El\u00e9ctrica de Tornquist","publisher":{"@id":"https:\/\/www.celttv.com.ar\/#organization"},"potentialAction":[{"@type":"SearchAction","target":{"@type":"EntryPoint","urlTemplate":"https:\/\/www.celttv.com.ar\/?s={search_term_string}"},"query-input":"required name=search_term_string"}],"inLanguage":"es"},{"@type":"Organization","@id":"https:\/\/www.celttv.com.ar\/#organization","name":"CELTTV","url":"https:\/\/www.celttv.com.ar\/","sameAs":["https:\/\/www.youtube.com\/channel\/UCz_oIt8Hig64Ub-EmcNPIhg","https:\/\/www.facebook.com\/celtTV\/"],"logo":{"@type":"ImageObject","inLanguage":"es","@id":"https:\/\/www.celttv.com.ar\/#\/schema\/logo\/image\/","url":"http:\/\/www.celttv.com.ar\/wp-content\/uploads\/2022\/08\/logo-1.png","contentUrl":"http:\/\/www.celttv.com.ar\/wp-content\/uploads\/2022\/08\/logo-1.png","width":461,"height":159,"caption":"CELTTV"},"image":{"@id":"https:\/\/www.celttv.com.ar\/#\/schema\/logo\/image\/"}},{"@type":"Person","@id":"https:\/\/www.celttv.com.ar\/#\/schema\/person\/6d99c072dba59953809c81446e9d0ace","name":"ulises","image":{"@type":"ImageObject","inLanguage":"es","@id":"https:\/\/www.celttv.com.ar\/#\/schema\/person\/image\/","url":"https:\/\/secure.gravatar.com\/avatar\/7f2c48bdc33b30088f941fb6082e555f2874c98e20cb159d7b92b50eadfce793?s=96&d=mm&r=g","contentUrl":"https:\/\/secure.gravatar.com\/avatar\/7f2c48bdc33b30088f941fb6082e555f2874c98e20cb159d7b92b50eadfce793?s=96&d=mm&r=g","caption":"ulises"},"sameAs":["http:\/\/www.celttv.com.ar"]}]}},"_links":{"self":[{"href":"https:\/\/www.celttv.com.ar\/index.php\/wp-json\/wp\/v2\/posts\/8794","targetHints":{"allow":["GET"]}}],"collection":[{"href":"https:\/\/www.celttv.com.ar\/index.php\/wp-json\/wp\/v2\/posts"}],"about":[{"href":"https:\/\/www.celttv.com.ar\/index.php\/wp-json\/wp\/v2\/types\/post"}],"author":[{"embeddable":true,"href":"https:\/\/www.celttv.com.ar\/index.php\/wp-json\/wp\/v2\/users\/1"}],"replies":[{"embeddable":true,"href":"https:\/\/www.celttv.com.ar\/index.php\/wp-json\/wp\/v2\/comments?post=8794"}],"version-history":[{"count":0,"href":"https:\/\/www.celttv.com.ar\/index.php\/wp-json\/wp\/v2\/posts\/8794\/revisions"}],"wp:attachment":[{"href":"https:\/\/www.celttv.com.ar\/index.php\/wp-json\/wp\/v2\/media?parent=8794"}],"wp:term":[{"taxonomy":"category","embeddable":true,"href":"https:\/\/www.celttv.com.ar\/index.php\/wp-json\/wp\/v2\/categories?post=8794"},{"taxonomy":"post_tag","embeddable":true,"href":"https:\/\/www.celttv.com.ar\/index.php\/wp-json\/wp\/v2\/tags?post=8794"}],"curies":[{"name":"wp","href":"https:\/\/api.w.org\/{rel}","templated":true}]}}