{"id":87942,"date":"2025-03-19T10:29:19","date_gmt":"2025-03-19T13:29:19","guid":{"rendered":"https:\/\/www.celttv.com.ar\/?p=87942"},"modified":"2025-03-19T10:30:22","modified_gmt":"2025-03-19T13:30:22","slug":"estado-de-las-rutas-en-bahia-blanca","status":"publish","type":"post","link":"https:\/\/www.celttv.com.ar\/index.php\/2025\/03\/19\/estado-de-las-rutas-en-bahia-blanca\/","title":{"rendered":"Estado de las rutas en Bah\u00eda Blanca"},"content":{"rendered":"<p>Recordamos que el estado actual de los caminos es complejo y requerir\u00e1 labores intensas para restablecerlos, por ende, la situaci\u00f3n es la que se detalla a continuaci\u00f3n hasta nuevos avisos que se enviar\u00e1n por los medios oficiales de difusi\u00f3n de Vialidad Nacional:<br \/>\n* RN 3:<br \/>\n* Tramo: Azul &#8211; RN 229: Transitable con normalidad.<br \/>\n* Tramo: RN 229 &#8211; El Tri\u00e1ngulo Transitable con precauci\u00f3n.<br \/>\n* Tramo: El Tri\u00e1ngulo &#8211; Calle Charlone (km 691,400) Transitable con precauci\u00f3n<br \/>\n* Tramo: Canal Maldonado (km 692,01) &#8211; Emp. RN 33: Corte Total.<br \/>\n* Tramo: Emp. RN 33 &#8211; Emp. RN 22: Transitable con precauci\u00f3n.<br \/>\n* Tramo: Emp. RN 22 &#8211; Patagones: Transitable con normalidad.<br \/>\n* RN 22 &#8211; Tramo Emp. RN 3 &#8211; R\u00edo Colorado: Transitable con normalidad.<br \/>\n* RN33:<br \/>\n* Tramo Emp. RN 3 &#8211; La Vit\u00edcola: Transitable con precauci\u00f3n.<br \/>\n* Tramo La Vit\u00edcola &#8211; Pig\u00fc\u00e9: Transitable con normalidad.<br \/>\n* Tramo Pig\u00fc\u00e9 &#8211; Trenque Lauquen: Transitable con precauci\u00f3n.<\/p>\n<p>&nbsp;<\/p>\n<p><img loading=\"lazy\" decoding=\"async\" class=\"alignnone wp-image-87943\" src=\"https:\/\/www.celttv.com.ar\/wp-content\/uploads\/2025\/03\/WhatsApp-Image-2025-03-19-at-10.21.03-AM-169x300.jpeg\" alt=\"\" width=\"671\" height=\"1192\" srcset=\"https:\/\/www.celttv.com.ar\/wp-content\/uploads\/2025\/03\/WhatsApp-Image-2025-03-19-at-10.21.03-AM-169x300.jpeg 169w, https:\/\/www.celttv.com.ar\/wp-content\/uploads\/2025\/03\/WhatsApp-Image-2025-03-19-at-10.21.03-AM-576x1024.jpeg 576w, https:\/\/www.celttv.com.ar\/wp-content\/uploads\/2025\/03\/WhatsApp-Image-2025-03-19-at-10.21.03-AM-768x1365.jpeg 768w, https:\/\/www.celttv.com.ar\/wp-content\/uploads\/2025\/03\/WhatsApp-Image-2025-03-19-at-10.21.03-AM-864x1536.jpeg 864w, https:\/\/www.celttv.com.ar\/wp-content\/uploads\/2025\/03\/WhatsApp-Image-2025-03-19-at-10.21.03-AM-750x1333.jpeg 750w, https:\/\/www.celttv.com.ar\/wp-content\/uploads\/2025\/03\/WhatsApp-Image-2025-03-19-at-10.21.03-AM.jpeg 900w\" sizes=\"auto, (max-width: 671px) 100vw, 671px\" \/><\/p>\n","protected":false},"excerpt":{"rendered":"<p>Recordamos que el estado actual de los caminos es complejo y requerir\u00e1 labores intensas para restablecerlos, por ende, la situaci\u00f3n es la que se detalla a continuaci\u00f3n hasta nuevos avisos que se enviar\u00e1n por los medios oficiales de difusi\u00f3n de Vialidad Nacional: * RN 3: * Tramo: Azul &#8211; RN 229: Transitable con normalidad. * [&hellip;]<\/p>\n","protected":false},"author":5,"featured_media":87943,"comment_status":"closed","ping_status":"closed","sticky":false,"template":"","format":"standard","meta":{"footnotes":""},"categories":[1],"tags":[],"class_list":["post-87942","post","type-post","status-publish","format-standard","has-post-thumbnail","hentry","category-sin-categoria"],"yoast_head":"<!-- This site is optimized with the Yoast SEO plugin v19.7.1 - https:\/\/yoast.com\/wordpress\/plugins\/seo\/ -->\n<title>Estado de las rutas en Bah\u00eda Blanca - CELTTV<\/title>\n<meta name=\"description\" content=\"Sitio web de noticias de la localidad de Tornquist, provincia de Buenos Aires, Rep\u00fablica Argentina. Contenido propio originado por periodistas de CELTTV, el canal de TV local de la Cooperativa El\u00e9ctrica de Tornquist. Turismo, Pol\u00edtica, Sociedad, Deporte, Cultura y todo el contenido de inter\u00e9s general que la gente del pueblo y la regi\u00f3n debe conocer.\" \/>\n<meta name=\"robots\" content=\"index, follow, max-snippet:-1, max-image-preview:large, max-video-preview:-1\" \/>\n<link rel=\"canonical\" href=\"https:\/\/www.celttv.com.ar\/index.php\/2025\/03\/19\/estado-de-las-rutas-en-bahia-blanca\/\" \/>\n<meta property=\"og:locale\" content=\"es_ES\" \/>\n<meta property=\"og:type\" content=\"article\" \/>\n<meta property=\"og:title\" content=\"Estado de las rutas en Bah\u00eda Blanca - CELTTV\" \/>\n<meta property=\"og:description\" content=\"Sitio web de noticias de la localidad de Tornquist, provincia de Buenos Aires, Rep\u00fablica Argentina. Contenido propio originado por periodistas de CELTTV, el canal de TV local de la Cooperativa El\u00e9ctrica de Tornquist. Turismo, Pol\u00edtica, Sociedad, Deporte, Cultura y todo el contenido de inter\u00e9s general que la gente del pueblo y la regi\u00f3n debe conocer.\" \/>\n<meta property=\"og:url\" content=\"https:\/\/www.celttv.com.ar\/index.php\/2025\/03\/19\/estado-de-las-rutas-en-bahia-blanca\/\" \/>\n<meta property=\"og:site_name\" content=\"CELTTV\" \/>\n<meta property=\"article:publisher\" content=\"https:\/\/www.facebook.com\/celtTV\/\" \/>\n<meta property=\"article:published_time\" content=\"2025-03-19T13:29:19+00:00\" \/>\n<meta property=\"article:modified_time\" content=\"2025-03-19T13:30:22+00:00\" \/>\n<meta property=\"og:image\" content=\"https:\/\/www.celttv.com.ar\/wp-content\/uploads\/2025\/03\/WhatsApp-Image-2025-03-19-at-10.21.03-AM.jpeg\" \/>\n\t<meta property=\"og:image:width\" content=\"900\" \/>\n\t<meta property=\"og:image:height\" content=\"1600\" \/>\n\t<meta property=\"og:image:type\" content=\"image\/jpeg\" \/>\n<meta name=\"author\" content=\"Miguel Herrada\" \/>\n<meta name=\"twitter:card\" content=\"summary_large_image\" \/>\n<meta name=\"twitter:label1\" content=\"Escrito por\" \/>\n\t<meta name=\"twitter:data1\" content=\"Miguel Herrada\" \/>\n\t<meta name=\"twitter:label2\" content=\"Tiempo de lectura\" \/>\n\t<meta name=\"twitter:data2\" content=\"1 minuto\" \/>\n<script type=\"application\/ld+json\" class=\"yoast-schema-graph\">{\"@context\":\"https:\/\/schema.org\",\"@graph\":[{\"@type\":\"NewsArticle\",\"@id\":\"https:\/\/www.celttv.com.ar\/index.php\/2025\/03\/19\/estado-de-las-rutas-en-bahia-blanca\/#article\",\"isPartOf\":{\"@id\":\"https:\/\/www.celttv.com.ar\/index.php\/2025\/03\/19\/estado-de-las-rutas-en-bahia-blanca\/\"},\"author\":{\"name\":\"Miguel Herrada\",\"@id\":\"https:\/\/www.celttv.com.ar\/#\/schema\/person\/9059dc91dc7204ef4182cdb65225f07d\"},\"headline\":\"Estado de las rutas en Bah\u00eda Blanca\",\"datePublished\":\"2025-03-19T13:29:19+00:00\",\"dateModified\":\"2025-03-19T13:30:22+00:00\",\"mainEntityOfPage\":{\"@id\":\"https:\/\/www.celttv.com.ar\/index.php\/2025\/03\/19\/estado-de-las-rutas-en-bahia-blanca\/\"},\"wordCount\":154,\"publisher\":{\"@id\":\"https:\/\/www.celttv.com.ar\/#organization\"},\"inLanguage\":\"es\"},{\"@type\":\"WebPage\",\"@id\":\"https:\/\/www.celttv.com.ar\/index.php\/2025\/03\/19\/estado-de-las-rutas-en-bahia-blanca\/\",\"url\":\"https:\/\/www.celttv.com.ar\/index.php\/2025\/03\/19\/estado-de-las-rutas-en-bahia-blanca\/\",\"name\":\"Estado de las rutas en Bah\u00eda Blanca - CELTTV\",\"isPartOf\":{\"@id\":\"https:\/\/www.celttv.com.ar\/#website\"},\"datePublished\":\"2025-03-19T13:29:19+00:00\",\"dateModified\":\"2025-03-19T13:30:22+00:00\",\"description\":\"Sitio web de noticias de la localidad de Tornquist, provincia de Buenos Aires, Rep\u00fablica Argentina. Contenido propio originado por periodistas de CELTTV, el canal de TV local de la Cooperativa El\u00e9ctrica de Tornquist. Turismo, Pol\u00edtica, Sociedad, Deporte, Cultura y todo el contenido de inter\u00e9s general que la gente del pueblo y la regi\u00f3n debe conocer.\",\"breadcrumb\":{\"@id\":\"https:\/\/www.celttv.com.ar\/index.php\/2025\/03\/19\/estado-de-las-rutas-en-bahia-blanca\/#breadcrumb\"},\"inLanguage\":\"es\",\"potentialAction\":[{\"@type\":\"ReadAction\",\"target\":[\"https:\/\/www.celttv.com.ar\/index.php\/2025\/03\/19\/estado-de-las-rutas-en-bahia-blanca\/\"]}]},{\"@type\":\"BreadcrumbList\",\"@id\":\"https:\/\/www.celttv.com.ar\/index.php\/2025\/03\/19\/estado-de-las-rutas-en-bahia-blanca\/#breadcrumb\",\"itemListElement\":[{\"@type\":\"ListItem\",\"position\":1,\"name\":\"Inicio\",\"item\":\"https:\/\/www.celttv.com.ar\/\"},{\"@type\":\"ListItem\",\"position\":2,\"name\":\"Estado de las rutas en Bah\u00eda Blanca\"}]},{\"@type\":\"WebSite\",\"@id\":\"https:\/\/www.celttv.com.ar\/#website\",\"url\":\"https:\/\/www.celttv.com.ar\/\",\"name\":\"CELTTV\",\"description\":\"Cooperativa El\u00e9ctrica de Tornquist\",\"publisher\":{\"@id\":\"https:\/\/www.celttv.com.ar\/#organization\"},\"potentialAction\":[{\"@type\":\"SearchAction\",\"target\":{\"@type\":\"EntryPoint\",\"urlTemplate\":\"https:\/\/www.celttv.com.ar\/?s={search_term_string}\"},\"query-input\":\"required name=search_term_string\"}],\"inLanguage\":\"es\"},{\"@type\":\"Organization\",\"@id\":\"https:\/\/www.celttv.com.ar\/#organization\",\"name\":\"CELTTV\",\"url\":\"https:\/\/www.celttv.com.ar\/\",\"sameAs\":[\"https:\/\/www.youtube.com\/channel\/UCz_oIt8Hig64Ub-EmcNPIhg\",\"https:\/\/www.facebook.com\/celtTV\/\"],\"logo\":{\"@type\":\"ImageObject\",\"inLanguage\":\"es\",\"@id\":\"https:\/\/www.celttv.com.ar\/#\/schema\/logo\/image\/\",\"url\":\"http:\/\/www.celttv.com.ar\/wp-content\/uploads\/2022\/08\/logo-1.png\",\"contentUrl\":\"http:\/\/www.celttv.com.ar\/wp-content\/uploads\/2022\/08\/logo-1.png\",\"width\":461,\"height\":159,\"caption\":\"CELTTV\"},\"image\":{\"@id\":\"https:\/\/www.celttv.com.ar\/#\/schema\/logo\/image\/\"}},{\"@type\":\"Person\",\"@id\":\"https:\/\/www.celttv.com.ar\/#\/schema\/person\/9059dc91dc7204ef4182cdb65225f07d\",\"name\":\"Miguel Herrada\",\"image\":{\"@type\":\"ImageObject\",\"inLanguage\":\"es\",\"@id\":\"https:\/\/www.celttv.com.ar\/#\/schema\/person\/image\/\",\"url\":\"https:\/\/secure.gravatar.com\/avatar\/67724d5b3c716623ffd76bec7e45841a442ac3b456e914dbba90b0fad2b8e0b1?s=96&d=mm&r=g\",\"contentUrl\":\"https:\/\/secure.gravatar.com\/avatar\/67724d5b3c716623ffd76bec7e45841a442ac3b456e914dbba90b0fad2b8e0b1?s=96&d=mm&r=g\",\"caption\":\"Miguel Herrada\"}}]}<\/script>\n<!-- \/ Yoast SEO plugin. -->","yoast_head_json":{"title":"Estado de las rutas en Bah\u00eda Blanca - CELTTV","description":"Sitio web de noticias de la localidad de Tornquist, provincia de Buenos Aires, Rep\u00fablica Argentina. Contenido propio originado por periodistas de CELTTV, el canal de TV local de la Cooperativa El\u00e9ctrica de Tornquist. Turismo, Pol\u00edtica, Sociedad, Deporte, Cultura y todo el contenido de inter\u00e9s general que la gente del pueblo y la regi\u00f3n debe conocer.","robots":{"index":"index","follow":"follow","max-snippet":"max-snippet:-1","max-image-preview":"max-image-preview:large","max-video-preview":"max-video-preview:-1"},"canonical":"https:\/\/www.celttv.com.ar\/index.php\/2025\/03\/19\/estado-de-las-rutas-en-bahia-blanca\/","og_locale":"es_ES","og_type":"article","og_title":"Estado de las rutas en Bah\u00eda Blanca - CELTTV","og_description":"Sitio web de noticias de la localidad de Tornquist, provincia de Buenos Aires, Rep\u00fablica Argentina. Contenido propio originado por periodistas de CELTTV, el canal de TV local de la Cooperativa El\u00e9ctrica de Tornquist. Turismo, Pol\u00edtica, Sociedad, Deporte, Cultura y todo el contenido de inter\u00e9s general que la gente del pueblo y la regi\u00f3n debe conocer.","og_url":"https:\/\/www.celttv.com.ar\/index.php\/2025\/03\/19\/estado-de-las-rutas-en-bahia-blanca\/","og_site_name":"CELTTV","article_publisher":"https:\/\/www.facebook.com\/celtTV\/","article_published_time":"2025-03-19T13:29:19+00:00","article_modified_time":"2025-03-19T13:30:22+00:00","og_image":[{"width":900,"height":1600,"url":"https:\/\/www.celttv.com.ar\/wp-content\/uploads\/2025\/03\/WhatsApp-Image-2025-03-19-at-10.21.03-AM.jpeg","type":"image\/jpeg"}],"author":"Miguel Herrada","twitter_card":"summary_large_image","twitter_misc":{"Escrito por":"Miguel Herrada","Tiempo de lectura":"1 minuto"},"schema":{"@context":"https:\/\/schema.org","@graph":[{"@type":"NewsArticle","@id":"https:\/\/www.celttv.com.ar\/index.php\/2025\/03\/19\/estado-de-las-rutas-en-bahia-blanca\/#article","isPartOf":{"@id":"https:\/\/www.celttv.com.ar\/index.php\/2025\/03\/19\/estado-de-las-rutas-en-bahia-blanca\/"},"author":{"name":"Miguel Herrada","@id":"https:\/\/www.celttv.com.ar\/#\/schema\/person\/9059dc91dc7204ef4182cdb65225f07d"},"headline":"Estado de las rutas en Bah\u00eda Blanca","datePublished":"2025-03-19T13:29:19+00:00","dateModified":"2025-03-19T13:30:22+00:00","mainEntityOfPage":{"@id":"https:\/\/www.celttv.com.ar\/index.php\/2025\/03\/19\/estado-de-las-rutas-en-bahia-blanca\/"},"wordCount":154,"publisher":{"@id":"https:\/\/www.celttv.com.ar\/#organization"},"inLanguage":"es"},{"@type":"WebPage","@id":"https:\/\/www.celttv.com.ar\/index.php\/2025\/03\/19\/estado-de-las-rutas-en-bahia-blanca\/","url":"https:\/\/www.celttv.com.ar\/index.php\/2025\/03\/19\/estado-de-las-rutas-en-bahia-blanca\/","name":"Estado de las rutas en Bah\u00eda Blanca - CELTTV","isPartOf":{"@id":"https:\/\/www.celttv.com.ar\/#website"},"datePublished":"2025-03-19T13:29:19+00:00","dateModified":"2025-03-19T13:30:22+00:00","description":"Sitio web de noticias de la localidad de Tornquist, provincia de Buenos Aires, Rep\u00fablica Argentina. Contenido propio originado por periodistas de CELTTV, el canal de TV local de la Cooperativa El\u00e9ctrica de Tornquist. Turismo, Pol\u00edtica, Sociedad, Deporte, Cultura y todo el contenido de inter\u00e9s general que la gente del pueblo y la regi\u00f3n debe conocer.","breadcrumb":{"@id":"https:\/\/www.celttv.com.ar\/index.php\/2025\/03\/19\/estado-de-las-rutas-en-bahia-blanca\/#breadcrumb"},"inLanguage":"es","potentialAction":[{"@type":"ReadAction","target":["https:\/\/www.celttv.com.ar\/index.php\/2025\/03\/19\/estado-de-las-rutas-en-bahia-blanca\/"]}]},{"@type":"BreadcrumbList","@id":"https:\/\/www.celttv.com.ar\/index.php\/2025\/03\/19\/estado-de-las-rutas-en-bahia-blanca\/#breadcrumb","itemListElement":[{"@type":"ListItem","position":1,"name":"Inicio","item":"https:\/\/www.celttv.com.ar\/"},{"@type":"ListItem","position":2,"name":"Estado de las rutas en Bah\u00eda Blanca"}]},{"@type":"WebSite","@id":"https:\/\/www.celttv.com.ar\/#website","url":"https:\/\/www.celttv.com.ar\/","name":"CELTTV","description":"Cooperativa El\u00e9ctrica de Tornquist","publisher":{"@id":"https:\/\/www.celttv.com.ar\/#organization"},"potentialAction":[{"@type":"SearchAction","target":{"@type":"EntryPoint","urlTemplate":"https:\/\/www.celttv.com.ar\/?s={search_term_string}"},"query-input":"required name=search_term_string"}],"inLanguage":"es"},{"@type":"Organization","@id":"https:\/\/www.celttv.com.ar\/#organization","name":"CELTTV","url":"https:\/\/www.celttv.com.ar\/","sameAs":["https:\/\/www.youtube.com\/channel\/UCz_oIt8Hig64Ub-EmcNPIhg","https:\/\/www.facebook.com\/celtTV\/"],"logo":{"@type":"ImageObject","inLanguage":"es","@id":"https:\/\/www.celttv.com.ar\/#\/schema\/logo\/image\/","url":"http:\/\/www.celttv.com.ar\/wp-content\/uploads\/2022\/08\/logo-1.png","contentUrl":"http:\/\/www.celttv.com.ar\/wp-content\/uploads\/2022\/08\/logo-1.png","width":461,"height":159,"caption":"CELTTV"},"image":{"@id":"https:\/\/www.celttv.com.ar\/#\/schema\/logo\/image\/"}},{"@type":"Person","@id":"https:\/\/www.celttv.com.ar\/#\/schema\/person\/9059dc91dc7204ef4182cdb65225f07d","name":"Miguel Herrada","image":{"@type":"ImageObject","inLanguage":"es","@id":"https:\/\/www.celttv.com.ar\/#\/schema\/person\/image\/","url":"https:\/\/secure.gravatar.com\/avatar\/67724d5b3c716623ffd76bec7e45841a442ac3b456e914dbba90b0fad2b8e0b1?s=96&d=mm&r=g","contentUrl":"https:\/\/secure.gravatar.com\/avatar\/67724d5b3c716623ffd76bec7e45841a442ac3b456e914dbba90b0fad2b8e0b1?s=96&d=mm&r=g","caption":"Miguel Herrada"}}]}},"_links":{"self":[{"href":"https:\/\/www.celttv.com.ar\/index.php\/wp-json\/wp\/v2\/posts\/87942","targetHints":{"allow":["GET"]}}],"collection":[{"href":"https:\/\/www.celttv.com.ar\/index.php\/wp-json\/wp\/v2\/posts"}],"about":[{"href":"https:\/\/www.celttv.com.ar\/index.php\/wp-json\/wp\/v2\/types\/post"}],"author":[{"embeddable":true,"href":"https:\/\/www.celttv.com.ar\/index.php\/wp-json\/wp\/v2\/users\/5"}],"replies":[{"embeddable":true,"href":"https:\/\/www.celttv.com.ar\/index.php\/wp-json\/wp\/v2\/comments?post=87942"}],"version-history":[{"count":3,"href":"https:\/\/www.celttv.com.ar\/index.php\/wp-json\/wp\/v2\/posts\/87942\/revisions"}],"predecessor-version":[{"id":87946,"href":"https:\/\/www.celttv.com.ar\/index.php\/wp-json\/wp\/v2\/posts\/87942\/revisions\/87946"}],"wp:featuredmedia":[{"embeddable":true,"href":"https:\/\/www.celttv.com.ar\/index.php\/wp-json\/wp\/v2\/media\/87943"}],"wp:attachment":[{"href":"https:\/\/www.celttv.com.ar\/index.php\/wp-json\/wp\/v2\/media?parent=87942"}],"wp:term":[{"taxonomy":"category","embeddable":true,"href":"https:\/\/www.celttv.com.ar\/index.php\/wp-json\/wp\/v2\/categories?post=87942"},{"taxonomy":"post_tag","embeddable":true,"href":"https:\/\/www.celttv.com.ar\/index.php\/wp-json\/wp\/v2\/tags?post=87942"}],"curies":[{"name":"wp","href":"https:\/\/api.w.org\/{rel}","templated":true}]}}