{"id":87986,"date":"2025-03-25T11:53:55","date_gmt":"2025-03-25T14:53:55","guid":{"rendered":"https:\/\/www.celttv.com.ar\/?p=87986"},"modified":"2025-03-25T11:53:55","modified_gmt":"2025-03-25T14:53:55","slug":"numero-alternativo-para-comunicarse-con-atencion-ciudadana","status":"publish","type":"post","link":"https:\/\/www.celttv.com.ar\/index.php\/2025\/03\/25\/numero-alternativo-para-comunicarse-con-atencion-ciudadana\/","title":{"rendered":"N\u00famero alternativo para comunicarse con Atenci\u00f3n Ciudadana"},"content":{"rendered":"<p align=\"JUSTIFY\"><span style=\"font-family: Arial, serif;\"><span lang=\"es-ES\"><b>N\u00famero alternativo para comunicarse con Atenci\u00f3n Ciudadana<\/b><\/span><\/span><\/p>\n<p align=\"JUSTIFY\"><span style=\"font-family: Arial, serif;\">Tornquist Municipio informa que, ante el no funcionamiento de la l\u00ednea telef\u00f3nica habitual, se encuentra habilitado un n\u00famero alternativo para comunicarse con Atenci\u00f3n Ciudadana: 2914137411.<\/span><\/p>\n","protected":false},"excerpt":{"rendered":"<p>N\u00famero alternativo para comunicarse con Atenci\u00f3n Ciudadana Tornquist Municipio informa que, ante el no funcionamiento de la l\u00ednea telef\u00f3nica habitual, se encuentra habilitado un n\u00famero alternativo para comunicarse con Atenci\u00f3n Ciudadana: 2914137411.<\/p>\n","protected":false},"author":5,"featured_media":84243,"comment_status":"closed","ping_status":"closed","sticky":false,"template":"","format":"standard","meta":{"footnotes":""},"categories":[59],"tags":[],"class_list":["post-87986","post","type-post","status-publish","format-standard","has-post-thumbnail","hentry","category-municipales"],"yoast_head":"<!-- This site is optimized with the Yoast SEO plugin v19.7.1 - https:\/\/yoast.com\/wordpress\/plugins\/seo\/ -->\n<title>N\u00famero alternativo para comunicarse con Atenci\u00f3n Ciudadana - CELTTV<\/title>\n<meta name=\"description\" content=\"Sitio web de noticias de la localidad de Tornquist, provincia de Buenos Aires, Rep\u00fablica Argentina. Contenido propio originado por periodistas de CELTTV, el canal de TV local de la Cooperativa El\u00e9ctrica de Tornquist. Turismo, Pol\u00edtica, Sociedad, Deporte, Cultura y todo el contenido de inter\u00e9s general que la gente del pueblo y la regi\u00f3n debe conocer.\" \/>\n<meta name=\"robots\" content=\"index, follow, max-snippet:-1, max-image-preview:large, max-video-preview:-1\" \/>\n<link rel=\"canonical\" href=\"https:\/\/www.celttv.com.ar\/index.php\/2025\/03\/25\/numero-alternativo-para-comunicarse-con-atencion-ciudadana\/\" \/>\n<meta property=\"og:locale\" content=\"es_ES\" \/>\n<meta property=\"og:type\" content=\"article\" \/>\n<meta property=\"og:title\" content=\"N\u00famero alternativo para comunicarse con Atenci\u00f3n Ciudadana - CELTTV\" \/>\n<meta property=\"og:description\" content=\"Sitio web de noticias de la localidad de Tornquist, provincia de Buenos Aires, Rep\u00fablica Argentina. Contenido propio originado por periodistas de CELTTV, el canal de TV local de la Cooperativa El\u00e9ctrica de Tornquist. Turismo, Pol\u00edtica, Sociedad, Deporte, Cultura y todo el contenido de inter\u00e9s general que la gente del pueblo y la regi\u00f3n debe conocer.\" \/>\n<meta property=\"og:url\" content=\"https:\/\/www.celttv.com.ar\/index.php\/2025\/03\/25\/numero-alternativo-para-comunicarse-con-atencion-ciudadana\/\" \/>\n<meta property=\"og:site_name\" content=\"CELTTV\" \/>\n<meta property=\"article:publisher\" content=\"https:\/\/www.facebook.com\/celtTV\/\" \/>\n<meta property=\"article:published_time\" content=\"2025-03-25T14:53:55+00:00\" \/>\n<meta property=\"og:image\" content=\"https:\/\/www.celttv.com.ar\/wp-content\/uploads\/2024\/06\/Muni.jpg\" \/>\n\t<meta property=\"og:image:width\" content=\"1080\" \/>\n\t<meta property=\"og:image:height\" content=\"810\" \/>\n\t<meta property=\"og:image:type\" content=\"image\/jpeg\" \/>\n<meta name=\"author\" content=\"Miguel Herrada\" \/>\n<meta name=\"twitter:card\" content=\"summary_large_image\" \/>\n<meta name=\"twitter:label1\" content=\"Escrito por\" \/>\n\t<meta name=\"twitter:data1\" content=\"Miguel Herrada\" \/>\n<script type=\"application\/ld+json\" class=\"yoast-schema-graph\">{\"@context\":\"https:\/\/schema.org\",\"@graph\":[{\"@type\":\"NewsArticle\",\"@id\":\"https:\/\/www.celttv.com.ar\/index.php\/2025\/03\/25\/numero-alternativo-para-comunicarse-con-atencion-ciudadana\/#article\",\"isPartOf\":{\"@id\":\"https:\/\/www.celttv.com.ar\/index.php\/2025\/03\/25\/numero-alternativo-para-comunicarse-con-atencion-ciudadana\/\"},\"author\":{\"name\":\"Miguel Herrada\",\"@id\":\"https:\/\/www.celttv.com.ar\/#\/schema\/person\/9059dc91dc7204ef4182cdb65225f07d\"},\"headline\":\"N\u00famero alternativo para comunicarse con Atenci\u00f3n Ciudadana\",\"datePublished\":\"2025-03-25T14:53:55+00:00\",\"dateModified\":\"2025-03-25T14:53:55+00:00\",\"mainEntityOfPage\":{\"@id\":\"https:\/\/www.celttv.com.ar\/index.php\/2025\/03\/25\/numero-alternativo-para-comunicarse-con-atencion-ciudadana\/\"},\"wordCount\":46,\"publisher\":{\"@id\":\"https:\/\/www.celttv.com.ar\/#organization\"},\"articleSection\":[\"Municipales\"],\"inLanguage\":\"es\"},{\"@type\":\"WebPage\",\"@id\":\"https:\/\/www.celttv.com.ar\/index.php\/2025\/03\/25\/numero-alternativo-para-comunicarse-con-atencion-ciudadana\/\",\"url\":\"https:\/\/www.celttv.com.ar\/index.php\/2025\/03\/25\/numero-alternativo-para-comunicarse-con-atencion-ciudadana\/\",\"name\":\"N\u00famero alternativo para comunicarse con Atenci\u00f3n Ciudadana - CELTTV\",\"isPartOf\":{\"@id\":\"https:\/\/www.celttv.com.ar\/#website\"},\"datePublished\":\"2025-03-25T14:53:55+00:00\",\"dateModified\":\"2025-03-25T14:53:55+00:00\",\"description\":\"Sitio web de noticias de la localidad de Tornquist, provincia de Buenos Aires, Rep\u00fablica Argentina. Contenido propio originado por periodistas de CELTTV, el canal de TV local de la Cooperativa El\u00e9ctrica de Tornquist. Turismo, Pol\u00edtica, Sociedad, Deporte, Cultura y todo el contenido de inter\u00e9s general que la gente del pueblo y la regi\u00f3n debe conocer.\",\"breadcrumb\":{\"@id\":\"https:\/\/www.celttv.com.ar\/index.php\/2025\/03\/25\/numero-alternativo-para-comunicarse-con-atencion-ciudadana\/#breadcrumb\"},\"inLanguage\":\"es\",\"potentialAction\":[{\"@type\":\"ReadAction\",\"target\":[\"https:\/\/www.celttv.com.ar\/index.php\/2025\/03\/25\/numero-alternativo-para-comunicarse-con-atencion-ciudadana\/\"]}]},{\"@type\":\"BreadcrumbList\",\"@id\":\"https:\/\/www.celttv.com.ar\/index.php\/2025\/03\/25\/numero-alternativo-para-comunicarse-con-atencion-ciudadana\/#breadcrumb\",\"itemListElement\":[{\"@type\":\"ListItem\",\"position\":1,\"name\":\"Inicio\",\"item\":\"https:\/\/www.celttv.com.ar\/\"},{\"@type\":\"ListItem\",\"position\":2,\"name\":\"N\u00famero alternativo para comunicarse con Atenci\u00f3n Ciudadana\"}]},{\"@type\":\"WebSite\",\"@id\":\"https:\/\/www.celttv.com.ar\/#website\",\"url\":\"https:\/\/www.celttv.com.ar\/\",\"name\":\"CELTTV\",\"description\":\"Cooperativa El\u00e9ctrica de Tornquist\",\"publisher\":{\"@id\":\"https:\/\/www.celttv.com.ar\/#organization\"},\"potentialAction\":[{\"@type\":\"SearchAction\",\"target\":{\"@type\":\"EntryPoint\",\"urlTemplate\":\"https:\/\/www.celttv.com.ar\/?s={search_term_string}\"},\"query-input\":\"required name=search_term_string\"}],\"inLanguage\":\"es\"},{\"@type\":\"Organization\",\"@id\":\"https:\/\/www.celttv.com.ar\/#organization\",\"name\":\"CELTTV\",\"url\":\"https:\/\/www.celttv.com.ar\/\",\"sameAs\":[\"https:\/\/www.youtube.com\/channel\/UCz_oIt8Hig64Ub-EmcNPIhg\",\"https:\/\/www.facebook.com\/celtTV\/\"],\"logo\":{\"@type\":\"ImageObject\",\"inLanguage\":\"es\",\"@id\":\"https:\/\/www.celttv.com.ar\/#\/schema\/logo\/image\/\",\"url\":\"http:\/\/www.celttv.com.ar\/wp-content\/uploads\/2022\/08\/logo-1.png\",\"contentUrl\":\"http:\/\/www.celttv.com.ar\/wp-content\/uploads\/2022\/08\/logo-1.png\",\"width\":461,\"height\":159,\"caption\":\"CELTTV\"},\"image\":{\"@id\":\"https:\/\/www.celttv.com.ar\/#\/schema\/logo\/image\/\"}},{\"@type\":\"Person\",\"@id\":\"https:\/\/www.celttv.com.ar\/#\/schema\/person\/9059dc91dc7204ef4182cdb65225f07d\",\"name\":\"Miguel Herrada\",\"image\":{\"@type\":\"ImageObject\",\"inLanguage\":\"es\",\"@id\":\"https:\/\/www.celttv.com.ar\/#\/schema\/person\/image\/\",\"url\":\"https:\/\/secure.gravatar.com\/avatar\/67724d5b3c716623ffd76bec7e45841a442ac3b456e914dbba90b0fad2b8e0b1?s=96&d=mm&r=g\",\"contentUrl\":\"https:\/\/secure.gravatar.com\/avatar\/67724d5b3c716623ffd76bec7e45841a442ac3b456e914dbba90b0fad2b8e0b1?s=96&d=mm&r=g\",\"caption\":\"Miguel Herrada\"}}]}<\/script>\n<!-- \/ Yoast SEO plugin. -->","yoast_head_json":{"title":"N\u00famero alternativo para comunicarse con Atenci\u00f3n Ciudadana - CELTTV","description":"Sitio web de noticias de la localidad de Tornquist, provincia de Buenos Aires, Rep\u00fablica Argentina. Contenido propio originado por periodistas de CELTTV, el canal de TV local de la Cooperativa El\u00e9ctrica de Tornquist. Turismo, Pol\u00edtica, Sociedad, Deporte, Cultura y todo el contenido de inter\u00e9s general que la gente del pueblo y la regi\u00f3n debe conocer.","robots":{"index":"index","follow":"follow","max-snippet":"max-snippet:-1","max-image-preview":"max-image-preview:large","max-video-preview":"max-video-preview:-1"},"canonical":"https:\/\/www.celttv.com.ar\/index.php\/2025\/03\/25\/numero-alternativo-para-comunicarse-con-atencion-ciudadana\/","og_locale":"es_ES","og_type":"article","og_title":"N\u00famero alternativo para comunicarse con Atenci\u00f3n Ciudadana - CELTTV","og_description":"Sitio web de noticias de la localidad de Tornquist, provincia de Buenos Aires, Rep\u00fablica Argentina. Contenido propio originado por periodistas de CELTTV, el canal de TV local de la Cooperativa El\u00e9ctrica de Tornquist. Turismo, Pol\u00edtica, Sociedad, Deporte, Cultura y todo el contenido de inter\u00e9s general que la gente del pueblo y la regi\u00f3n debe conocer.","og_url":"https:\/\/www.celttv.com.ar\/index.php\/2025\/03\/25\/numero-alternativo-para-comunicarse-con-atencion-ciudadana\/","og_site_name":"CELTTV","article_publisher":"https:\/\/www.facebook.com\/celtTV\/","article_published_time":"2025-03-25T14:53:55+00:00","og_image":[{"width":1080,"height":810,"url":"https:\/\/www.celttv.com.ar\/wp-content\/uploads\/2024\/06\/Muni.jpg","type":"image\/jpeg"}],"author":"Miguel Herrada","twitter_card":"summary_large_image","twitter_misc":{"Escrito por":"Miguel Herrada"},"schema":{"@context":"https:\/\/schema.org","@graph":[{"@type":"NewsArticle","@id":"https:\/\/www.celttv.com.ar\/index.php\/2025\/03\/25\/numero-alternativo-para-comunicarse-con-atencion-ciudadana\/#article","isPartOf":{"@id":"https:\/\/www.celttv.com.ar\/index.php\/2025\/03\/25\/numero-alternativo-para-comunicarse-con-atencion-ciudadana\/"},"author":{"name":"Miguel Herrada","@id":"https:\/\/www.celttv.com.ar\/#\/schema\/person\/9059dc91dc7204ef4182cdb65225f07d"},"headline":"N\u00famero alternativo para comunicarse con Atenci\u00f3n Ciudadana","datePublished":"2025-03-25T14:53:55+00:00","dateModified":"2025-03-25T14:53:55+00:00","mainEntityOfPage":{"@id":"https:\/\/www.celttv.com.ar\/index.php\/2025\/03\/25\/numero-alternativo-para-comunicarse-con-atencion-ciudadana\/"},"wordCount":46,"publisher":{"@id":"https:\/\/www.celttv.com.ar\/#organization"},"articleSection":["Municipales"],"inLanguage":"es"},{"@type":"WebPage","@id":"https:\/\/www.celttv.com.ar\/index.php\/2025\/03\/25\/numero-alternativo-para-comunicarse-con-atencion-ciudadana\/","url":"https:\/\/www.celttv.com.ar\/index.php\/2025\/03\/25\/numero-alternativo-para-comunicarse-con-atencion-ciudadana\/","name":"N\u00famero alternativo para comunicarse con Atenci\u00f3n Ciudadana - CELTTV","isPartOf":{"@id":"https:\/\/www.celttv.com.ar\/#website"},"datePublished":"2025-03-25T14:53:55+00:00","dateModified":"2025-03-25T14:53:55+00:00","description":"Sitio web de noticias de la localidad de Tornquist, provincia de Buenos Aires, Rep\u00fablica Argentina. Contenido propio originado por periodistas de CELTTV, el canal de TV local de la Cooperativa El\u00e9ctrica de Tornquist. Turismo, Pol\u00edtica, Sociedad, Deporte, Cultura y todo el contenido de inter\u00e9s general que la gente del pueblo y la regi\u00f3n debe conocer.","breadcrumb":{"@id":"https:\/\/www.celttv.com.ar\/index.php\/2025\/03\/25\/numero-alternativo-para-comunicarse-con-atencion-ciudadana\/#breadcrumb"},"inLanguage":"es","potentialAction":[{"@type":"ReadAction","target":["https:\/\/www.celttv.com.ar\/index.php\/2025\/03\/25\/numero-alternativo-para-comunicarse-con-atencion-ciudadana\/"]}]},{"@type":"BreadcrumbList","@id":"https:\/\/www.celttv.com.ar\/index.php\/2025\/03\/25\/numero-alternativo-para-comunicarse-con-atencion-ciudadana\/#breadcrumb","itemListElement":[{"@type":"ListItem","position":1,"name":"Inicio","item":"https:\/\/www.celttv.com.ar\/"},{"@type":"ListItem","position":2,"name":"N\u00famero alternativo para comunicarse con Atenci\u00f3n Ciudadana"}]},{"@type":"WebSite","@id":"https:\/\/www.celttv.com.ar\/#website","url":"https:\/\/www.celttv.com.ar\/","name":"CELTTV","description":"Cooperativa El\u00e9ctrica de Tornquist","publisher":{"@id":"https:\/\/www.celttv.com.ar\/#organization"},"potentialAction":[{"@type":"SearchAction","target":{"@type":"EntryPoint","urlTemplate":"https:\/\/www.celttv.com.ar\/?s={search_term_string}"},"query-input":"required name=search_term_string"}],"inLanguage":"es"},{"@type":"Organization","@id":"https:\/\/www.celttv.com.ar\/#organization","name":"CELTTV","url":"https:\/\/www.celttv.com.ar\/","sameAs":["https:\/\/www.youtube.com\/channel\/UCz_oIt8Hig64Ub-EmcNPIhg","https:\/\/www.facebook.com\/celtTV\/"],"logo":{"@type":"ImageObject","inLanguage":"es","@id":"https:\/\/www.celttv.com.ar\/#\/schema\/logo\/image\/","url":"http:\/\/www.celttv.com.ar\/wp-content\/uploads\/2022\/08\/logo-1.png","contentUrl":"http:\/\/www.celttv.com.ar\/wp-content\/uploads\/2022\/08\/logo-1.png","width":461,"height":159,"caption":"CELTTV"},"image":{"@id":"https:\/\/www.celttv.com.ar\/#\/schema\/logo\/image\/"}},{"@type":"Person","@id":"https:\/\/www.celttv.com.ar\/#\/schema\/person\/9059dc91dc7204ef4182cdb65225f07d","name":"Miguel Herrada","image":{"@type":"ImageObject","inLanguage":"es","@id":"https:\/\/www.celttv.com.ar\/#\/schema\/person\/image\/","url":"https:\/\/secure.gravatar.com\/avatar\/67724d5b3c716623ffd76bec7e45841a442ac3b456e914dbba90b0fad2b8e0b1?s=96&d=mm&r=g","contentUrl":"https:\/\/secure.gravatar.com\/avatar\/67724d5b3c716623ffd76bec7e45841a442ac3b456e914dbba90b0fad2b8e0b1?s=96&d=mm&r=g","caption":"Miguel Herrada"}}]}},"_links":{"self":[{"href":"https:\/\/www.celttv.com.ar\/index.php\/wp-json\/wp\/v2\/posts\/87986","targetHints":{"allow":["GET"]}}],"collection":[{"href":"https:\/\/www.celttv.com.ar\/index.php\/wp-json\/wp\/v2\/posts"}],"about":[{"href":"https:\/\/www.celttv.com.ar\/index.php\/wp-json\/wp\/v2\/types\/post"}],"author":[{"embeddable":true,"href":"https:\/\/www.celttv.com.ar\/index.php\/wp-json\/wp\/v2\/users\/5"}],"replies":[{"embeddable":true,"href":"https:\/\/www.celttv.com.ar\/index.php\/wp-json\/wp\/v2\/comments?post=87986"}],"version-history":[{"count":1,"href":"https:\/\/www.celttv.com.ar\/index.php\/wp-json\/wp\/v2\/posts\/87986\/revisions"}],"predecessor-version":[{"id":87987,"href":"https:\/\/www.celttv.com.ar\/index.php\/wp-json\/wp\/v2\/posts\/87986\/revisions\/87987"}],"wp:featuredmedia":[{"embeddable":true,"href":"https:\/\/www.celttv.com.ar\/index.php\/wp-json\/wp\/v2\/media\/84243"}],"wp:attachment":[{"href":"https:\/\/www.celttv.com.ar\/index.php\/wp-json\/wp\/v2\/media?parent=87986"}],"wp:term":[{"taxonomy":"category","embeddable":true,"href":"https:\/\/www.celttv.com.ar\/index.php\/wp-json\/wp\/v2\/categories?post=87986"},{"taxonomy":"post_tag","embeddable":true,"href":"https:\/\/www.celttv.com.ar\/index.php\/wp-json\/wp\/v2\/tags?post=87986"}],"curies":[{"name":"wp","href":"https:\/\/api.w.org\/{rel}","templated":true}]}}