{"id":87988,"date":"2025-03-25T12:20:57","date_gmt":"2025-03-25T15:20:57","guid":{"rendered":"https:\/\/www.celttv.com.ar\/?p=87988"},"modified":"2025-03-25T12:20:57","modified_gmt":"2025-03-25T15:20:57","slug":"memoria-verdad-y-justicia-tornquist-honro-a-las-victimas-de-la-ultima-dictadura-militar-fotos-y-videos","status":"publish","type":"post","link":"https:\/\/www.celttv.com.ar\/index.php\/2025\/03\/25\/memoria-verdad-y-justicia-tornquist-honro-a-las-victimas-de-la-ultima-dictadura-militar-fotos-y-videos\/","title":{"rendered":"Memoria, Verdad y Justicia: Tornquist honr\u00f3 a las v\u00edctimas de la \u00faltima dictadura militar (fotos y videos)"},"content":{"rendered":"<p align=\"JUSTIFY\"><span style=\"font-family: Arial, serif;\">Este lunes, en el Monumento de la Memoria de la Plaza \u2018Ernesto Tornquist\u2019, se realiz\u00f3 el acto de conmemoraci\u00f3n de un nuevo aniversario del golpe militar de 1976, en el D\u00eda de la Memoria, por la Verdad y la Justicia. <\/span><\/p>\n<p align=\"JUSTIFY\"><span style=\"font-family: Arial, serif;\">La jornada, destinada a recordar a las v\u00edctimas de la \u00faltima dictadura c\u00edvico-militar y a reafirmar el compromiso con los valores democr\u00e1ticos, cont\u00f3 con la participaci\u00f3n de integrantes del Gabinete Ejecutivo Municipal, concejales y vecinos.<\/span><\/p>\n<p align=\"JUSTIFY\"><span style=\"font-family: Arial, serif;\">Durante el evento, se resalt\u00f3 la importancia de mantener viva la memoria colectiva, promoviendo el respeto por los derechos humanos y la construcci\u00f3n de una sociedad m\u00e1s justa. <\/span><\/p>\n<p align=\"JUSTIFY\"><a name=\"Bookmark\"><\/a><span style=\"font-family: Arial, serif;\">En ese sentido, hizo uso de la palabra la Secretaria de Desarrollo, Daniela Aguilar, quien estuvo en representaci\u00f3n del intendente Sergio Bordoni y subray\u00f3 la lucha de quienes fueron v\u00edctimas del terrorismo de Estado y el compromiso con la verdad y la justicia como valores fundamentales para la democracia. <\/span><\/p>\n<p align=\"JUSTIFY\"><span style=\"font-family: Arial, serif;\">Asimismo, se presentaron en vivo el artista local Pumx, interpretando dos canciones alusivas a la fecha; y la Escuela Folkl\u00f3rica Municipal, con una emotiva intervenci\u00f3n homenaje a v\u00edctimas del oscuro per\u00edodo nacional entre 1976 y 1983.<\/span><\/p>\n<p><iframe loading=\"lazy\" title=\"2025 03 25 ACTO DIA DE LA MEMORIA 4 ESCUELA FOLKLORICA MUNICIPAL\" width=\"500\" height=\"281\" src=\"https:\/\/www.youtube.com\/embed\/lsi265t1nTo?feature=oembed\" frameborder=\"0\" allow=\"accelerometer; autoplay; clipboard-write; encrypted-media; gyroscope; picture-in-picture; web-share\" referrerpolicy=\"strict-origin-when-cross-origin\" allowfullscreen><\/iframe><\/p>\n<p><iframe loading=\"lazy\" title=\"2025 03 25 ACTO DIA DE LA MEMORIA 1 DANIELA AGUILAR\" width=\"500\" height=\"281\" src=\"https:\/\/www.youtube.com\/embed\/dK13-ncy2sM?feature=oembed\" frameborder=\"0\" allow=\"accelerometer; autoplay; clipboard-write; encrypted-media; gyroscope; picture-in-picture; web-share\" referrerpolicy=\"strict-origin-when-cross-origin\" allowfullscreen><\/iframe><\/p>\n<p><iframe loading=\"lazy\" title=\"2025 03 25 ACTO DIA DE LA MEMORIA 3 PUMX\" width=\"500\" height=\"281\" src=\"https:\/\/www.youtube.com\/embed\/CIjIQidDlY0?feature=oembed\" frameborder=\"0\" allow=\"accelerometer; autoplay; clipboard-write; encrypted-media; gyroscope; picture-in-picture; web-share\" referrerpolicy=\"strict-origin-when-cross-origin\" allowfullscreen><\/iframe><\/p>\n<p><iframe loading=\"lazy\" title=\"2025 03 25 ACTO DIA DE LA MEMORIA 2 PUMX\" width=\"500\" height=\"281\" src=\"https:\/\/www.youtube.com\/embed\/EuwjLSuR8YA?feature=oembed\" frameborder=\"0\" allow=\"accelerometer; autoplay; clipboard-write; encrypted-media; gyroscope; picture-in-picture; web-share\" referrerpolicy=\"strict-origin-when-cross-origin\" allowfullscreen><\/iframe><\/p>\n<p>&nbsp;<\/p>\n<figure id=\"attachment_87989\" aria-describedby=\"caption-attachment-87989\" style=\"width: 1024px\" class=\"wp-caption alignnone\"><img loading=\"lazy\" decoding=\"async\" class=\"wp-image-87989 size-large\" src=\"https:\/\/www.celttv.com.ar\/wp-content\/uploads\/2025\/03\/Acto-24m-1-1024x683.jpg\" alt=\"\" width=\"1024\" height=\"683\" srcset=\"https:\/\/www.celttv.com.ar\/wp-content\/uploads\/2025\/03\/Acto-24m-1-1024x683.jpg 1024w, https:\/\/www.celttv.com.ar\/wp-content\/uploads\/2025\/03\/Acto-24m-1-300x200.jpg 300w, https:\/\/www.celttv.com.ar\/wp-content\/uploads\/2025\/03\/Acto-24m-1-768x512.jpg 768w, https:\/\/www.celttv.com.ar\/wp-content\/uploads\/2025\/03\/Acto-24m-1-1536x1024.jpg 1536w, https:\/\/www.celttv.com.ar\/wp-content\/uploads\/2025\/03\/Acto-24m-1-2048x1366.jpg 2048w, https:\/\/www.celttv.com.ar\/wp-content\/uploads\/2025\/03\/Acto-24m-1-750x500.jpg 750w, https:\/\/www.celttv.com.ar\/wp-content\/uploads\/2025\/03\/Acto-24m-1-1140x760.jpg 1140w\" sizes=\"auto, (max-width: 1024px) 100vw, 1024px\" \/><figcaption id=\"caption-attachment-87989\" class=\"wp-caption-text\">GZab<\/figcaption><\/figure>\n<figure id=\"attachment_87990\" aria-describedby=\"caption-attachment-87990\" style=\"width: 1024px\" class=\"wp-caption alignnone\"><img loading=\"lazy\" decoding=\"async\" class=\"wp-image-87990 size-large\" src=\"https:\/\/www.celttv.com.ar\/wp-content\/uploads\/2025\/03\/Acto-24m-2-1024x683.jpg\" alt=\"\" width=\"1024\" height=\"683\" srcset=\"https:\/\/www.celttv.com.ar\/wp-content\/uploads\/2025\/03\/Acto-24m-2-1024x683.jpg 1024w, https:\/\/www.celttv.com.ar\/wp-content\/uploads\/2025\/03\/Acto-24m-2-300x200.jpg 300w, https:\/\/www.celttv.com.ar\/wp-content\/uploads\/2025\/03\/Acto-24m-2-768x512.jpg 768w, https:\/\/www.celttv.com.ar\/wp-content\/uploads\/2025\/03\/Acto-24m-2-1536x1024.jpg 1536w, https:\/\/www.celttv.com.ar\/wp-content\/uploads\/2025\/03\/Acto-24m-2-2048x1366.jpg 2048w, https:\/\/www.celttv.com.ar\/wp-content\/uploads\/2025\/03\/Acto-24m-2-750x500.jpg 750w, https:\/\/www.celttv.com.ar\/wp-content\/uploads\/2025\/03\/Acto-24m-2-1140x760.jpg 1140w\" sizes=\"auto, (max-width: 1024px) 100vw, 1024px\" \/><figcaption id=\"caption-attachment-87990\" class=\"wp-caption-text\">GZab<\/figcaption><\/figure>\n<figure id=\"attachment_87991\" aria-describedby=\"caption-attachment-87991\" style=\"width: 1024px\" class=\"wp-caption alignnone\"><img loading=\"lazy\" decoding=\"async\" class=\"wp-image-87991 size-large\" src=\"https:\/\/www.celttv.com.ar\/wp-content\/uploads\/2025\/03\/Acto-24m-3-1024x682.jpg\" alt=\"\" width=\"1024\" height=\"682\" srcset=\"https:\/\/www.celttv.com.ar\/wp-content\/uploads\/2025\/03\/Acto-24m-3-1024x682.jpg 1024w, https:\/\/www.celttv.com.ar\/wp-content\/uploads\/2025\/03\/Acto-24m-3-300x200.jpg 300w, https:\/\/www.celttv.com.ar\/wp-content\/uploads\/2025\/03\/Acto-24m-3-768x511.jpg 768w, https:\/\/www.celttv.com.ar\/wp-content\/uploads\/2025\/03\/Acto-24m-3-1536x1022.jpg 1536w, https:\/\/www.celttv.com.ar\/wp-content\/uploads\/2025\/03\/Acto-24m-3-2048x1363.jpg 2048w, https:\/\/www.celttv.com.ar\/wp-content\/uploads\/2025\/03\/Acto-24m-3-750x499.jpg 750w, https:\/\/www.celttv.com.ar\/wp-content\/uploads\/2025\/03\/Acto-24m-3-1140x759.jpg 1140w\" sizes=\"auto, (max-width: 1024px) 100vw, 1024px\" \/><figcaption id=\"caption-attachment-87991\" class=\"wp-caption-text\">GZab<\/figcaption><\/figure>\n<figure id=\"attachment_87992\" aria-describedby=\"caption-attachment-87992\" style=\"width: 1024px\" class=\"wp-caption alignnone\"><img loading=\"lazy\" decoding=\"async\" class=\"wp-image-87992 size-large\" src=\"https:\/\/www.celttv.com.ar\/wp-content\/uploads\/2025\/03\/Acto-24m-4-1024x683.jpg\" alt=\"\" width=\"1024\" height=\"683\" srcset=\"https:\/\/www.celttv.com.ar\/wp-content\/uploads\/2025\/03\/Acto-24m-4-1024x683.jpg 1024w, https:\/\/www.celttv.com.ar\/wp-content\/uploads\/2025\/03\/Acto-24m-4-300x200.jpg 300w, https:\/\/www.celttv.com.ar\/wp-content\/uploads\/2025\/03\/Acto-24m-4-768x512.jpg 768w, https:\/\/www.celttv.com.ar\/wp-content\/uploads\/2025\/03\/Acto-24m-4-1536x1024.jpg 1536w, https:\/\/www.celttv.com.ar\/wp-content\/uploads\/2025\/03\/Acto-24m-4-2048x1366.jpg 2048w, https:\/\/www.celttv.com.ar\/wp-content\/uploads\/2025\/03\/Acto-24m-4-750x500.jpg 750w, https:\/\/www.celttv.com.ar\/wp-content\/uploads\/2025\/03\/Acto-24m-4-1140x760.jpg 1140w\" sizes=\"auto, (max-width: 1024px) 100vw, 1024px\" \/><figcaption id=\"caption-attachment-87992\" class=\"wp-caption-text\">GZab<\/figcaption><\/figure>\n<figure id=\"attachment_87993\" aria-describedby=\"caption-attachment-87993\" style=\"width: 1024px\" class=\"wp-caption alignnone\"><img loading=\"lazy\" decoding=\"async\" class=\"wp-image-87993 size-large\" src=\"https:\/\/www.celttv.com.ar\/wp-content\/uploads\/2025\/03\/Acto-24m-5-1024x683.jpg\" alt=\"\" width=\"1024\" height=\"683\" srcset=\"https:\/\/www.celttv.com.ar\/wp-content\/uploads\/2025\/03\/Acto-24m-5-1024x683.jpg 1024w, https:\/\/www.celttv.com.ar\/wp-content\/uploads\/2025\/03\/Acto-24m-5-300x200.jpg 300w, https:\/\/www.celttv.com.ar\/wp-content\/uploads\/2025\/03\/Acto-24m-5-768x512.jpg 768w, https:\/\/www.celttv.com.ar\/wp-content\/uploads\/2025\/03\/Acto-24m-5-1536x1024.jpg 1536w, https:\/\/www.celttv.com.ar\/wp-content\/uploads\/2025\/03\/Acto-24m-5-2048x1366.jpg 2048w, https:\/\/www.celttv.com.ar\/wp-content\/uploads\/2025\/03\/Acto-24m-5-750x500.jpg 750w, https:\/\/www.celttv.com.ar\/wp-content\/uploads\/2025\/03\/Acto-24m-5-1140x760.jpg 1140w\" sizes=\"auto, (max-width: 1024px) 100vw, 1024px\" \/><figcaption id=\"caption-attachment-87993\" class=\"wp-caption-text\">GZab<\/figcaption><\/figure>\n<figure id=\"attachment_87994\" aria-describedby=\"caption-attachment-87994\" style=\"width: 1024px\" class=\"wp-caption alignnone\"><img loading=\"lazy\" decoding=\"async\" class=\"wp-image-87994 size-large\" src=\"https:\/\/www.celttv.com.ar\/wp-content\/uploads\/2025\/03\/Acto-24m-6-1024x683.jpg\" alt=\"\" width=\"1024\" height=\"683\" srcset=\"https:\/\/www.celttv.com.ar\/wp-content\/uploads\/2025\/03\/Acto-24m-6-1024x683.jpg 1024w, https:\/\/www.celttv.com.ar\/wp-content\/uploads\/2025\/03\/Acto-24m-6-300x200.jpg 300w, https:\/\/www.celttv.com.ar\/wp-content\/uploads\/2025\/03\/Acto-24m-6-768x512.jpg 768w, https:\/\/www.celttv.com.ar\/wp-content\/uploads\/2025\/03\/Acto-24m-6-1536x1024.jpg 1536w, https:\/\/www.celttv.com.ar\/wp-content\/uploads\/2025\/03\/Acto-24m-6-2048x1366.jpg 2048w, https:\/\/www.celttv.com.ar\/wp-content\/uploads\/2025\/03\/Acto-24m-6-750x500.jpg 750w, https:\/\/www.celttv.com.ar\/wp-content\/uploads\/2025\/03\/Acto-24m-6-1140x760.jpg 1140w\" sizes=\"auto, (max-width: 1024px) 100vw, 1024px\" \/><figcaption id=\"caption-attachment-87994\" class=\"wp-caption-text\">GZab<\/figcaption><\/figure>\n<figure id=\"attachment_87995\" aria-describedby=\"caption-attachment-87995\" style=\"width: 1024px\" class=\"wp-caption alignnone\"><img loading=\"lazy\" decoding=\"async\" class=\"wp-image-87995 size-large\" src=\"https:\/\/www.celttv.com.ar\/wp-content\/uploads\/2025\/03\/Acto-24m-7-1024x683.jpg\" alt=\"\" width=\"1024\" height=\"683\" srcset=\"https:\/\/www.celttv.com.ar\/wp-content\/uploads\/2025\/03\/Acto-24m-7-1024x683.jpg 1024w, https:\/\/www.celttv.com.ar\/wp-content\/uploads\/2025\/03\/Acto-24m-7-300x200.jpg 300w, https:\/\/www.celttv.com.ar\/wp-content\/uploads\/2025\/03\/Acto-24m-7-768x512.jpg 768w, https:\/\/www.celttv.com.ar\/wp-content\/uploads\/2025\/03\/Acto-24m-7-1536x1024.jpg 1536w, https:\/\/www.celttv.com.ar\/wp-content\/uploads\/2025\/03\/Acto-24m-7-2048x1366.jpg 2048w, https:\/\/www.celttv.com.ar\/wp-content\/uploads\/2025\/03\/Acto-24m-7-750x500.jpg 750w, https:\/\/www.celttv.com.ar\/wp-content\/uploads\/2025\/03\/Acto-24m-7-1140x760.jpg 1140w\" sizes=\"auto, (max-width: 1024px) 100vw, 1024px\" \/><figcaption id=\"caption-attachment-87995\" class=\"wp-caption-text\">GZab<\/figcaption><\/figure>\n","protected":false},"excerpt":{"rendered":"<p>Este lunes, en el Monumento de la Memoria de la Plaza \u2018Ernesto Tornquist\u2019, se realiz\u00f3 el acto de conmemoraci\u00f3n de un nuevo aniversario del golpe militar de 1976, en el D\u00eda de la Memoria, por la Verdad y la Justicia. La jornada, destinada a recordar a las v\u00edctimas de la \u00faltima dictadura c\u00edvico-militar y a [&hellip;]<\/p>\n","protected":false},"author":5,"featured_media":87990,"comment_status":"closed","ping_status":"closed","sticky":false,"template":"","format":"standard","meta":{"footnotes":""},"categories":[51,59],"tags":[],"class_list":["post-87988","post","type-post","status-publish","format-standard","has-post-thumbnail","hentry","category-comunidad","category-municipales"],"yoast_head":"<!-- This site is optimized with the Yoast SEO plugin v19.7.1 - https:\/\/yoast.com\/wordpress\/plugins\/seo\/ -->\n<title>Memoria, Verdad y Justicia: Tornquist honr\u00f3 a las v\u00edctimas de la \u00faltima dictadura militar (fotos y videos) - CELTTV<\/title>\n<meta name=\"description\" content=\"Sitio web de noticias de la localidad de Tornquist, provincia de Buenos Aires, Rep\u00fablica Argentina. Contenido propio originado por periodistas de CELTTV, el canal de TV local de la Cooperativa El\u00e9ctrica de Tornquist. Turismo, Pol\u00edtica, Sociedad, Deporte, Cultura y todo el contenido de inter\u00e9s general que la gente del pueblo y la regi\u00f3n debe conocer.\" \/>\n<meta name=\"robots\" content=\"index, follow, max-snippet:-1, max-image-preview:large, max-video-preview:-1\" \/>\n<link rel=\"canonical\" href=\"https:\/\/www.celttv.com.ar\/index.php\/2025\/03\/25\/memoria-verdad-y-justicia-tornquist-honro-a-las-victimas-de-la-ultima-dictadura-militar-fotos-y-videos\/\" \/>\n<meta property=\"og:locale\" content=\"es_ES\" \/>\n<meta property=\"og:type\" content=\"article\" \/>\n<meta property=\"og:title\" content=\"Memoria, Verdad y Justicia: Tornquist honr\u00f3 a las v\u00edctimas de la \u00faltima dictadura militar (fotos y videos) - CELTTV\" \/>\n<meta property=\"og:description\" content=\"Sitio web de noticias de la localidad de Tornquist, provincia de Buenos Aires, Rep\u00fablica Argentina. Contenido propio originado por periodistas de CELTTV, el canal de TV local de la Cooperativa El\u00e9ctrica de Tornquist. Turismo, Pol\u00edtica, Sociedad, Deporte, Cultura y todo el contenido de inter\u00e9s general que la gente del pueblo y la regi\u00f3n debe conocer.\" \/>\n<meta property=\"og:url\" content=\"https:\/\/www.celttv.com.ar\/index.php\/2025\/03\/25\/memoria-verdad-y-justicia-tornquist-honro-a-las-victimas-de-la-ultima-dictadura-militar-fotos-y-videos\/\" \/>\n<meta property=\"og:site_name\" content=\"CELTTV\" \/>\n<meta property=\"article:publisher\" content=\"https:\/\/www.facebook.com\/celtTV\/\" \/>\n<meta property=\"article:published_time\" content=\"2025-03-25T15:20:57+00:00\" \/>\n<meta property=\"og:image\" content=\"https:\/\/www.celttv.com.ar\/wp-content\/uploads\/2025\/03\/Acto-24m-2.jpg\" \/>\n\t<meta property=\"og:image:width\" content=\"2500\" \/>\n\t<meta property=\"og:image:height\" content=\"1667\" \/>\n\t<meta property=\"og:image:type\" content=\"image\/jpeg\" \/>\n<meta name=\"author\" content=\"Miguel Herrada\" \/>\n<meta name=\"twitter:card\" content=\"summary_large_image\" \/>\n<meta name=\"twitter:label1\" content=\"Escrito por\" \/>\n\t<meta name=\"twitter:data1\" content=\"Miguel Herrada\" \/>\n\t<meta name=\"twitter:label2\" content=\"Tiempo de lectura\" \/>\n\t<meta name=\"twitter:data2\" content=\"1 minuto\" \/>\n<script type=\"application\/ld+json\" class=\"yoast-schema-graph\">{\"@context\":\"https:\/\/schema.org\",\"@graph\":[{\"@type\":\"NewsArticle\",\"@id\":\"https:\/\/www.celttv.com.ar\/index.php\/2025\/03\/25\/memoria-verdad-y-justicia-tornquist-honro-a-las-victimas-de-la-ultima-dictadura-militar-fotos-y-videos\/#article\",\"isPartOf\":{\"@id\":\"https:\/\/www.celttv.com.ar\/index.php\/2025\/03\/25\/memoria-verdad-y-justicia-tornquist-honro-a-las-victimas-de-la-ultima-dictadura-militar-fotos-y-videos\/\"},\"author\":{\"name\":\"Miguel Herrada\",\"@id\":\"https:\/\/www.celttv.com.ar\/#\/schema\/person\/9059dc91dc7204ef4182cdb65225f07d\"},\"headline\":\"Memoria, Verdad y Justicia: Tornquist honr\u00f3 a las v\u00edctimas de la \u00faltima dictadura militar (fotos y videos)\",\"datePublished\":\"2025-03-25T15:20:57+00:00\",\"dateModified\":\"2025-03-25T15:20:57+00:00\",\"mainEntityOfPage\":{\"@id\":\"https:\/\/www.celttv.com.ar\/index.php\/2025\/03\/25\/memoria-verdad-y-justicia-tornquist-honro-a-las-victimas-de-la-ultima-dictadura-militar-fotos-y-videos\/\"},\"wordCount\":295,\"publisher\":{\"@id\":\"https:\/\/www.celttv.com.ar\/#organization\"},\"articleSection\":[\"Comunidad\",\"Municipales\"],\"inLanguage\":\"es\"},{\"@type\":\"WebPage\",\"@id\":\"https:\/\/www.celttv.com.ar\/index.php\/2025\/03\/25\/memoria-verdad-y-justicia-tornquist-honro-a-las-victimas-de-la-ultima-dictadura-militar-fotos-y-videos\/\",\"url\":\"https:\/\/www.celttv.com.ar\/index.php\/2025\/03\/25\/memoria-verdad-y-justicia-tornquist-honro-a-las-victimas-de-la-ultima-dictadura-militar-fotos-y-videos\/\",\"name\":\"Memoria, Verdad y Justicia: Tornquist honr\u00f3 a las v\u00edctimas de la \u00faltima dictadura militar (fotos y videos) - CELTTV\",\"isPartOf\":{\"@id\":\"https:\/\/www.celttv.com.ar\/#website\"},\"datePublished\":\"2025-03-25T15:20:57+00:00\",\"dateModified\":\"2025-03-25T15:20:57+00:00\",\"description\":\"Sitio web de noticias de la localidad de Tornquist, provincia de Buenos Aires, Rep\u00fablica Argentina. Contenido propio originado por periodistas de CELTTV, el canal de TV local de la Cooperativa El\u00e9ctrica de Tornquist. Turismo, Pol\u00edtica, Sociedad, Deporte, Cultura y todo el contenido de inter\u00e9s general que la gente del pueblo y la regi\u00f3n debe conocer.\",\"breadcrumb\":{\"@id\":\"https:\/\/www.celttv.com.ar\/index.php\/2025\/03\/25\/memoria-verdad-y-justicia-tornquist-honro-a-las-victimas-de-la-ultima-dictadura-militar-fotos-y-videos\/#breadcrumb\"},\"inLanguage\":\"es\",\"potentialAction\":[{\"@type\":\"ReadAction\",\"target\":[\"https:\/\/www.celttv.com.ar\/index.php\/2025\/03\/25\/memoria-verdad-y-justicia-tornquist-honro-a-las-victimas-de-la-ultima-dictadura-militar-fotos-y-videos\/\"]}]},{\"@type\":\"BreadcrumbList\",\"@id\":\"https:\/\/www.celttv.com.ar\/index.php\/2025\/03\/25\/memoria-verdad-y-justicia-tornquist-honro-a-las-victimas-de-la-ultima-dictadura-militar-fotos-y-videos\/#breadcrumb\",\"itemListElement\":[{\"@type\":\"ListItem\",\"position\":1,\"name\":\"Inicio\",\"item\":\"https:\/\/www.celttv.com.ar\/\"},{\"@type\":\"ListItem\",\"position\":2,\"name\":\"Memoria, Verdad y Justicia: Tornquist honr\u00f3 a las v\u00edctimas de la \u00faltima dictadura militar (fotos y videos)\"}]},{\"@type\":\"WebSite\",\"@id\":\"https:\/\/www.celttv.com.ar\/#website\",\"url\":\"https:\/\/www.celttv.com.ar\/\",\"name\":\"CELTTV\",\"description\":\"Cooperativa El\u00e9ctrica de Tornquist\",\"publisher\":{\"@id\":\"https:\/\/www.celttv.com.ar\/#organization\"},\"potentialAction\":[{\"@type\":\"SearchAction\",\"target\":{\"@type\":\"EntryPoint\",\"urlTemplate\":\"https:\/\/www.celttv.com.ar\/?s={search_term_string}\"},\"query-input\":\"required name=search_term_string\"}],\"inLanguage\":\"es\"},{\"@type\":\"Organization\",\"@id\":\"https:\/\/www.celttv.com.ar\/#organization\",\"name\":\"CELTTV\",\"url\":\"https:\/\/www.celttv.com.ar\/\",\"sameAs\":[\"https:\/\/www.youtube.com\/channel\/UCz_oIt8Hig64Ub-EmcNPIhg\",\"https:\/\/www.facebook.com\/celtTV\/\"],\"logo\":{\"@type\":\"ImageObject\",\"inLanguage\":\"es\",\"@id\":\"https:\/\/www.celttv.com.ar\/#\/schema\/logo\/image\/\",\"url\":\"http:\/\/www.celttv.com.ar\/wp-content\/uploads\/2022\/08\/logo-1.png\",\"contentUrl\":\"http:\/\/www.celttv.com.ar\/wp-content\/uploads\/2022\/08\/logo-1.png\",\"width\":461,\"height\":159,\"caption\":\"CELTTV\"},\"image\":{\"@id\":\"https:\/\/www.celttv.com.ar\/#\/schema\/logo\/image\/\"}},{\"@type\":\"Person\",\"@id\":\"https:\/\/www.celttv.com.ar\/#\/schema\/person\/9059dc91dc7204ef4182cdb65225f07d\",\"name\":\"Miguel Herrada\",\"image\":{\"@type\":\"ImageObject\",\"inLanguage\":\"es\",\"@id\":\"https:\/\/www.celttv.com.ar\/#\/schema\/person\/image\/\",\"url\":\"https:\/\/secure.gravatar.com\/avatar\/67724d5b3c716623ffd76bec7e45841a442ac3b456e914dbba90b0fad2b8e0b1?s=96&d=mm&r=g\",\"contentUrl\":\"https:\/\/secure.gravatar.com\/avatar\/67724d5b3c716623ffd76bec7e45841a442ac3b456e914dbba90b0fad2b8e0b1?s=96&d=mm&r=g\",\"caption\":\"Miguel Herrada\"}}]}<\/script>\n<!-- \/ Yoast SEO plugin. -->","yoast_head_json":{"title":"Memoria, Verdad y Justicia: Tornquist honr\u00f3 a las v\u00edctimas de la \u00faltima dictadura militar (fotos y videos) - CELTTV","description":"Sitio web de noticias de la localidad de Tornquist, provincia de Buenos Aires, Rep\u00fablica Argentina. Contenido propio originado por periodistas de CELTTV, el canal de TV local de la Cooperativa El\u00e9ctrica de Tornquist. Turismo, Pol\u00edtica, Sociedad, Deporte, Cultura y todo el contenido de inter\u00e9s general que la gente del pueblo y la regi\u00f3n debe conocer.","robots":{"index":"index","follow":"follow","max-snippet":"max-snippet:-1","max-image-preview":"max-image-preview:large","max-video-preview":"max-video-preview:-1"},"canonical":"https:\/\/www.celttv.com.ar\/index.php\/2025\/03\/25\/memoria-verdad-y-justicia-tornquist-honro-a-las-victimas-de-la-ultima-dictadura-militar-fotos-y-videos\/","og_locale":"es_ES","og_type":"article","og_title":"Memoria, Verdad y Justicia: Tornquist honr\u00f3 a las v\u00edctimas de la \u00faltima dictadura militar (fotos y videos) - CELTTV","og_description":"Sitio web de noticias de la localidad de Tornquist, provincia de Buenos Aires, Rep\u00fablica Argentina. Contenido propio originado por periodistas de CELTTV, el canal de TV local de la Cooperativa El\u00e9ctrica de Tornquist. Turismo, Pol\u00edtica, Sociedad, Deporte, Cultura y todo el contenido de inter\u00e9s general que la gente del pueblo y la regi\u00f3n debe conocer.","og_url":"https:\/\/www.celttv.com.ar\/index.php\/2025\/03\/25\/memoria-verdad-y-justicia-tornquist-honro-a-las-victimas-de-la-ultima-dictadura-militar-fotos-y-videos\/","og_site_name":"CELTTV","article_publisher":"https:\/\/www.facebook.com\/celtTV\/","article_published_time":"2025-03-25T15:20:57+00:00","og_image":[{"width":2500,"height":1667,"url":"https:\/\/www.celttv.com.ar\/wp-content\/uploads\/2025\/03\/Acto-24m-2.jpg","type":"image\/jpeg"}],"author":"Miguel Herrada","twitter_card":"summary_large_image","twitter_misc":{"Escrito por":"Miguel Herrada","Tiempo de lectura":"1 minuto"},"schema":{"@context":"https:\/\/schema.org","@graph":[{"@type":"NewsArticle","@id":"https:\/\/www.celttv.com.ar\/index.php\/2025\/03\/25\/memoria-verdad-y-justicia-tornquist-honro-a-las-victimas-de-la-ultima-dictadura-militar-fotos-y-videos\/#article","isPartOf":{"@id":"https:\/\/www.celttv.com.ar\/index.php\/2025\/03\/25\/memoria-verdad-y-justicia-tornquist-honro-a-las-victimas-de-la-ultima-dictadura-militar-fotos-y-videos\/"},"author":{"name":"Miguel Herrada","@id":"https:\/\/www.celttv.com.ar\/#\/schema\/person\/9059dc91dc7204ef4182cdb65225f07d"},"headline":"Memoria, Verdad y Justicia: Tornquist honr\u00f3 a las v\u00edctimas de la \u00faltima dictadura militar (fotos y videos)","datePublished":"2025-03-25T15:20:57+00:00","dateModified":"2025-03-25T15:20:57+00:00","mainEntityOfPage":{"@id":"https:\/\/www.celttv.com.ar\/index.php\/2025\/03\/25\/memoria-verdad-y-justicia-tornquist-honro-a-las-victimas-de-la-ultima-dictadura-militar-fotos-y-videos\/"},"wordCount":295,"publisher":{"@id":"https:\/\/www.celttv.com.ar\/#organization"},"articleSection":["Comunidad","Municipales"],"inLanguage":"es"},{"@type":"WebPage","@id":"https:\/\/www.celttv.com.ar\/index.php\/2025\/03\/25\/memoria-verdad-y-justicia-tornquist-honro-a-las-victimas-de-la-ultima-dictadura-militar-fotos-y-videos\/","url":"https:\/\/www.celttv.com.ar\/index.php\/2025\/03\/25\/memoria-verdad-y-justicia-tornquist-honro-a-las-victimas-de-la-ultima-dictadura-militar-fotos-y-videos\/","name":"Memoria, Verdad y Justicia: Tornquist honr\u00f3 a las v\u00edctimas de la \u00faltima dictadura militar (fotos y videos) - CELTTV","isPartOf":{"@id":"https:\/\/www.celttv.com.ar\/#website"},"datePublished":"2025-03-25T15:20:57+00:00","dateModified":"2025-03-25T15:20:57+00:00","description":"Sitio web de noticias de la localidad de Tornquist, provincia de Buenos Aires, Rep\u00fablica Argentina. Contenido propio originado por periodistas de CELTTV, el canal de TV local de la Cooperativa El\u00e9ctrica de Tornquist. Turismo, Pol\u00edtica, Sociedad, Deporte, Cultura y todo el contenido de inter\u00e9s general que la gente del pueblo y la regi\u00f3n debe conocer.","breadcrumb":{"@id":"https:\/\/www.celttv.com.ar\/index.php\/2025\/03\/25\/memoria-verdad-y-justicia-tornquist-honro-a-las-victimas-de-la-ultima-dictadura-militar-fotos-y-videos\/#breadcrumb"},"inLanguage":"es","potentialAction":[{"@type":"ReadAction","target":["https:\/\/www.celttv.com.ar\/index.php\/2025\/03\/25\/memoria-verdad-y-justicia-tornquist-honro-a-las-victimas-de-la-ultima-dictadura-militar-fotos-y-videos\/"]}]},{"@type":"BreadcrumbList","@id":"https:\/\/www.celttv.com.ar\/index.php\/2025\/03\/25\/memoria-verdad-y-justicia-tornquist-honro-a-las-victimas-de-la-ultima-dictadura-militar-fotos-y-videos\/#breadcrumb","itemListElement":[{"@type":"ListItem","position":1,"name":"Inicio","item":"https:\/\/www.celttv.com.ar\/"},{"@type":"ListItem","position":2,"name":"Memoria, Verdad y Justicia: Tornquist honr\u00f3 a las v\u00edctimas de la \u00faltima dictadura militar (fotos y videos)"}]},{"@type":"WebSite","@id":"https:\/\/www.celttv.com.ar\/#website","url":"https:\/\/www.celttv.com.ar\/","name":"CELTTV","description":"Cooperativa El\u00e9ctrica de Tornquist","publisher":{"@id":"https:\/\/www.celttv.com.ar\/#organization"},"potentialAction":[{"@type":"SearchAction","target":{"@type":"EntryPoint","urlTemplate":"https:\/\/www.celttv.com.ar\/?s={search_term_string}"},"query-input":"required name=search_term_string"}],"inLanguage":"es"},{"@type":"Organization","@id":"https:\/\/www.celttv.com.ar\/#organization","name":"CELTTV","url":"https:\/\/www.celttv.com.ar\/","sameAs":["https:\/\/www.youtube.com\/channel\/UCz_oIt8Hig64Ub-EmcNPIhg","https:\/\/www.facebook.com\/celtTV\/"],"logo":{"@type":"ImageObject","inLanguage":"es","@id":"https:\/\/www.celttv.com.ar\/#\/schema\/logo\/image\/","url":"http:\/\/www.celttv.com.ar\/wp-content\/uploads\/2022\/08\/logo-1.png","contentUrl":"http:\/\/www.celttv.com.ar\/wp-content\/uploads\/2022\/08\/logo-1.png","width":461,"height":159,"caption":"CELTTV"},"image":{"@id":"https:\/\/www.celttv.com.ar\/#\/schema\/logo\/image\/"}},{"@type":"Person","@id":"https:\/\/www.celttv.com.ar\/#\/schema\/person\/9059dc91dc7204ef4182cdb65225f07d","name":"Miguel Herrada","image":{"@type":"ImageObject","inLanguage":"es","@id":"https:\/\/www.celttv.com.ar\/#\/schema\/person\/image\/","url":"https:\/\/secure.gravatar.com\/avatar\/67724d5b3c716623ffd76bec7e45841a442ac3b456e914dbba90b0fad2b8e0b1?s=96&d=mm&r=g","contentUrl":"https:\/\/secure.gravatar.com\/avatar\/67724d5b3c716623ffd76bec7e45841a442ac3b456e914dbba90b0fad2b8e0b1?s=96&d=mm&r=g","caption":"Miguel Herrada"}}]}},"_links":{"self":[{"href":"https:\/\/www.celttv.com.ar\/index.php\/wp-json\/wp\/v2\/posts\/87988","targetHints":{"allow":["GET"]}}],"collection":[{"href":"https:\/\/www.celttv.com.ar\/index.php\/wp-json\/wp\/v2\/posts"}],"about":[{"href":"https:\/\/www.celttv.com.ar\/index.php\/wp-json\/wp\/v2\/types\/post"}],"author":[{"embeddable":true,"href":"https:\/\/www.celttv.com.ar\/index.php\/wp-json\/wp\/v2\/users\/5"}],"replies":[{"embeddable":true,"href":"https:\/\/www.celttv.com.ar\/index.php\/wp-json\/wp\/v2\/comments?post=87988"}],"version-history":[{"count":3,"href":"https:\/\/www.celttv.com.ar\/index.php\/wp-json\/wp\/v2\/posts\/87988\/revisions"}],"predecessor-version":[{"id":87998,"href":"https:\/\/www.celttv.com.ar\/index.php\/wp-json\/wp\/v2\/posts\/87988\/revisions\/87998"}],"wp:featuredmedia":[{"embeddable":true,"href":"https:\/\/www.celttv.com.ar\/index.php\/wp-json\/wp\/v2\/media\/87990"}],"wp:attachment":[{"href":"https:\/\/www.celttv.com.ar\/index.php\/wp-json\/wp\/v2\/media?parent=87988"}],"wp:term":[{"taxonomy":"category","embeddable":true,"href":"https:\/\/www.celttv.com.ar\/index.php\/wp-json\/wp\/v2\/categories?post=87988"},{"taxonomy":"post_tag","embeddable":true,"href":"https:\/\/www.celttv.com.ar\/index.php\/wp-json\/wp\/v2\/tags?post=87988"}],"curies":[{"name":"wp","href":"https:\/\/api.w.org\/{rel}","templated":true}]}}