{"id":8804,"date":"2012-10-30T19:57:33","date_gmt":"2012-10-30T19:57:33","guid":{"rendered":"http:\/\/www.tvcnoticias.com.ar\/?p=8804"},"modified":"2012-10-30T19:57:33","modified_gmt":"2012-10-30T19:57:33","slug":"union-goleo-en-el-bosque-y-recupero-la-sonrisa-compacto-goles-y-notas","status":"publish","type":"post","link":"https:\/\/www.celttv.com.ar\/index.php\/2012\/10\/30\/union-goleo-en-el-bosque-y-recupero-la-sonrisa-compacto-goles-y-notas\/","title":{"rendered":"UNION GOLEO EN EL BOSQUE Y RECUPERO LA SONRISA (compacto, goles y notas)"},"content":{"rendered":"<p><a href=\"http:\/\/www.youtube.com\/watch?v=mDFg5FvBRbQ\">httpv:\/\/www.youtube.com\/watch?v=mDFg5FvBRbQ<\/a><br \/>\n<a href=\"http:\/\/www.youtube.com\/watch?v=Qf1jznCp70c\">httpv:\/\/www.youtube.com\/watch?v=Qf1jznCp70c<\/a><\/p>\n<div id=\"html-message\">\nEn la \u00faltima fecha de la primera ronda el objetivo era sumar de a tres y lo consigui\u00f3. Miguel Castro, Diego Minor y Mat\u00edas Juan fueron los autores de las conquistas locales.<br \/>\nEl encuentro comenz\u00f3 con San Martin mejor parado en el campo de juego y teniendo las primeras acciones como a los 2 cuando Ackerman habilitaba a Caldera que intent\u00f3 picarla pero Flores gan\u00f3 el duelo y la mando al tiro de esquina. A los 7 hubo un penal dudoso a favor de Uni\u00f3n que Del Rio no cobr\u00f3 y todo el banco local protest\u00f3. Uno mas tarde fue nuevamente Caldera el que prob\u00f3 de cabeza y se fue cerca. En la primera clara de Uni\u00f3n llegar\u00eda el gol. A las 13, Bauer mand\u00f3 un c\u00f3rner al primer palo que <strong><em>Miguel Castro<\/em><\/strong> anticip\u00f3 a todos y con la punta del bot\u00edn la empuj\u00f3 al fondo del arco. A los 17 fue Bauer el que intent\u00f3 de lejos pero control\u00f3 el uno saavedrense. Ackerman a los 18 intent\u00f3 desde afuera pero muy desviado. Fermanelli intent\u00f3, mediante un tiro libre, que pas\u00f3 a un metro del palo derecho de Flores. A los 24, Laureano Flores sac\u00f3 un bombazo a la carrera que Schmidt mand\u00f3 al c\u00f3rner. En la jugada siguiente Laumann se lo perdi\u00f3 de cabeza y la mand\u00f3 por arriba. A los 34 Gonz\u00e1lez prob\u00f3 a Flores que resolvi\u00f3 tranquilo. Cuatro mas tarde, Caldera tambi\u00e9n buscaba el empate pero no pod\u00eda con el uno local.<br \/>\nEn el complemento, a los 4 Moyano mand\u00f3 un tiro de esquina que Laumann gan\u00f3 en el aire y exigi\u00f3 a Schmidt. Uno mas tarde, Olagaray desvi\u00f3 su disparo. Ackerman, a los 15, entr\u00f3 por el coraz\u00f3n del \u00e1rea y no supo como definirlo. A los 20 llegar\u00eda el segundo cuando Bauer habilitaba con pase perfecto a Castro, este habilitaba a <strong><em>Diego Minor<\/em><\/strong> que remat\u00f3, Schmidt no pudo controlar y el bal\u00f3n termin\u00f3 en el fondo de la red. A los 25, el ingresado Acosta busc\u00f3, mediante un remate, pero termin\u00f3 en nada. Luego un tiro libre jugado con toque corto de Moyano a Banegas que disparo desde el v\u00e9rtice del \u00e1rea y se fue muy cerca. Caldera no puedo terminar la jugada de Ackerman a los 29 y se perdi\u00f3 el descuento. Mat\u00edas Juan prob\u00f3 de tiro libre y Schmidt, con los pu\u00f1os, la mand\u00f3 al lateral. A los 38 y con la visita jugando con l\u00ednea de tres, nuevamente Minor, sac\u00f3 un latigazo que exigi\u00f3 al uno saavedrense. Uno mas tarde, <strong><em>Mat\u00edas Juan<\/em><\/strong> la pele\u00f3 ante su defensor, le gan\u00f3 la posici\u00f3n y en un peque\u00f1o hueco sac\u00f3 su remate que cambi\u00f3 por gol, 3 a 0 y partido liquidado. A los 42, Fermanelli ejecut\u00f3 un tiro libre que Flores sac\u00f3 con los pu\u00f1os. Minor se anticip\u00f3 a un tiro libre que lleg\u00f3 desde la derecha a los 44 y se fue muy cerca. En la \u00faltima del partido, Juan busc\u00f3 el cuarto pero sin destino de red.<br \/>\nEl local volvi\u00f3 a la victoria, sum\u00f3 puntos necesarios y volver\u00e1 a tener dos local\u00edas ante rivales fuertes. San Martin que llegaba de ganarle al puntero Club Sarmiento no pudo encontrarle la vuelta al encuentro.<br \/>\nClaudio Schaffner<br \/>\n<strong>Uni\u00f3n T 3<\/strong><br \/>\nJos\u00e9 Flores<br \/>\nHern\u00e1n Delgado<br \/>\nAlexis Espinosa<br \/>\nSebasti\u00e1n Callava<br \/>\nRoberto Laumann (c)<br \/>\nPaulo Bauer<br \/>\nLeonel Moyano<br \/>\nLaureano Flores<br \/>\nMaximiliano Banegas<br \/>\nMiguel Castro<br \/>\nMat\u00edas Juan<br \/>\nD.T.: Carlos Graff<br \/>\n<em><strong>Cambios:<\/strong><\/em> ST 16m. Diego Minor por Flores, 35m. Alejandro Gim\u00e9nez por Moyano y 40m. Ezequiel Schmidt por Banegas.<br \/>\n<strong><em>Suplentes:<\/em><\/strong> Javier Rubio y Emir Cleppe.<br \/>\n<strong>San Mart\u00edn de Saavedra 0<\/strong><br \/>\nPablo Schmidt<br \/>\nEdgardo Novillo<br \/>\nGabriel Arg\u00fcello<br \/>\nMartin Galgano<br \/>\nRodrigo G\u00f3mez (c)<br \/>\nMarcelo Bender<br \/>\nHugo Fermanelli<br \/>\nJuan Olagaray<br \/>\nGast\u00f3n Ackerman<br \/>\nMat\u00edas Caldera<br \/>\nClaudio Gonz\u00e1lez<br \/>\nD.T.: Mario Caldera<br \/>\n<strong>Cambios: <\/strong>ST 10m. Fernando Bellido por Bender, 24m. Enzo Agosta por Novillo y 29m. Ram\u00f3n Aller por Olagaray.<br \/>\n<strong>Suplentes: <\/strong>Nicol\u00e1s Cleppe y Maximiliano Casquero.<br \/>\n<strong>GOLES.<\/strong> PT: 13m. Castro (U). ST: 20m. Minor (U) y 39m. Juan (U).<br \/>\n<strong>AMONESTADOS:<\/strong> PT: 35m. Novillo (SM), 46m. Ackerman (SM) y Laumann (U). ST: 30m. Aller (SM), 31m. Galgano (SM) y 43m. Fermanelli (SM).<br \/>\n<strong>EXPULSADOS: <\/strong>No hubo.<br \/>\n<strong>ARBITRO: <\/strong>Jorge Del Rio (7).<br \/>\n<strong>L\u00cdNEAS:<\/strong> Claudio Graff y Manuel Mu\u00f1oz.<br \/>\n<strong>RESERVA:<\/strong> Uni\u00f3n T 1 (Rohlmann) vs. San Martin S 1 (Gonz\u00e1lez).<br \/>\n<strong>CANCHA:<\/strong> Estadio \u201cJuan Jos\u00e9 Bolletta\u201d del Club Uni\u00f3n de Tornquist.\n<\/div>\n","protected":false},"excerpt":{"rendered":"<p>httpv:\/\/www.youtube.com\/watch?v=mDFg5FvBRbQ httpv:\/\/www.youtube.com\/watch?v=Qf1jznCp70c En la \u00faltima fecha de la primera ronda el objetivo era sumar de a tres y lo consigui\u00f3. Miguel Castro, Diego Minor y Mat\u00edas Juan fueron los autores de las conquistas locales. El encuentro comenz\u00f3 con San Martin mejor parado en el campo de juego y teniendo las primeras acciones como a los [&hellip;]<\/p>\n","protected":false},"author":1,"featured_media":0,"comment_status":"closed","ping_status":"open","sticky":false,"template":"","format":"standard","meta":{"footnotes":""},"categories":[60,52,64],"tags":[],"class_list":["post-8804","post","type-post","status-publish","format-standard","hentry","category-deporte","category-destacadas","category-videos-destacados"],"yoast_head":"<!-- This site is optimized with the Yoast SEO plugin v19.7.1 - https:\/\/yoast.com\/wordpress\/plugins\/seo\/ -->\n<title>UNION GOLEO EN EL BOSQUE Y RECUPERO LA SONRISA (compacto, goles y notas) - CELTTV<\/title>\n<meta name=\"description\" content=\"Sitio web de noticias de la localidad de Tornquist, provincia de Buenos Aires, Rep\u00fablica Argentina. Contenido propio originado por periodistas de CELTTV, el canal de TV local de la Cooperativa El\u00e9ctrica de Tornquist. Turismo, Pol\u00edtica, Sociedad, Deporte, Cultura y todo el contenido de inter\u00e9s general que la gente del pueblo y la regi\u00f3n debe conocer.\" \/>\n<meta name=\"robots\" content=\"index, follow, max-snippet:-1, max-image-preview:large, max-video-preview:-1\" \/>\n<link rel=\"canonical\" href=\"https:\/\/www.celttv.com.ar\/index.php\/2012\/10\/30\/union-goleo-en-el-bosque-y-recupero-la-sonrisa-compacto-goles-y-notas\/\" \/>\n<meta property=\"og:locale\" content=\"es_ES\" \/>\n<meta property=\"og:type\" content=\"article\" \/>\n<meta property=\"og:title\" content=\"UNION GOLEO EN EL BOSQUE Y RECUPERO LA SONRISA (compacto, goles y notas) - CELTTV\" \/>\n<meta property=\"og:description\" content=\"Sitio web de noticias de la localidad de Tornquist, provincia de Buenos Aires, Rep\u00fablica Argentina. Contenido propio originado por periodistas de CELTTV, el canal de TV local de la Cooperativa El\u00e9ctrica de Tornquist. Turismo, Pol\u00edtica, Sociedad, Deporte, Cultura y todo el contenido de inter\u00e9s general que la gente del pueblo y la regi\u00f3n debe conocer.\" \/>\n<meta property=\"og:url\" content=\"https:\/\/www.celttv.com.ar\/index.php\/2012\/10\/30\/union-goleo-en-el-bosque-y-recupero-la-sonrisa-compacto-goles-y-notas\/\" \/>\n<meta property=\"og:site_name\" content=\"CELTTV\" \/>\n<meta property=\"article:publisher\" content=\"https:\/\/www.facebook.com\/celtTV\/\" \/>\n<meta property=\"article:published_time\" content=\"2012-10-30T19:57:33+00:00\" \/>\n<meta name=\"author\" content=\"ulises\" \/>\n<meta name=\"twitter:card\" content=\"summary_large_image\" \/>\n<meta name=\"twitter:label1\" content=\"Escrito por\" \/>\n\t<meta name=\"twitter:data1\" content=\"ulises\" \/>\n\t<meta name=\"twitter:label2\" content=\"Tiempo de lectura\" \/>\n\t<meta name=\"twitter:data2\" content=\"4 minutos\" \/>\n<script type=\"application\/ld+json\" class=\"yoast-schema-graph\">{\"@context\":\"https:\/\/schema.org\",\"@graph\":[{\"@type\":\"NewsArticle\",\"@id\":\"https:\/\/www.celttv.com.ar\/index.php\/2012\/10\/30\/union-goleo-en-el-bosque-y-recupero-la-sonrisa-compacto-goles-y-notas\/#article\",\"isPartOf\":{\"@id\":\"https:\/\/www.celttv.com.ar\/index.php\/2012\/10\/30\/union-goleo-en-el-bosque-y-recupero-la-sonrisa-compacto-goles-y-notas\/\"},\"author\":{\"name\":\"ulises\",\"@id\":\"https:\/\/www.celttv.com.ar\/#\/schema\/person\/6d99c072dba59953809c81446e9d0ace\"},\"headline\":\"UNION GOLEO EN EL BOSQUE Y RECUPERO LA SONRISA (compacto, goles y notas)\",\"datePublished\":\"2012-10-30T19:57:33+00:00\",\"dateModified\":\"2012-10-30T19:57:33+00:00\",\"mainEntityOfPage\":{\"@id\":\"https:\/\/www.celttv.com.ar\/index.php\/2012\/10\/30\/union-goleo-en-el-bosque-y-recupero-la-sonrisa-compacto-goles-y-notas\/\"},\"wordCount\":760,\"publisher\":{\"@id\":\"https:\/\/www.celttv.com.ar\/#organization\"},\"articleSection\":[\"Deporte\",\"Destacadas\",\"Videos Destacados\"],\"inLanguage\":\"es\"},{\"@type\":\"WebPage\",\"@id\":\"https:\/\/www.celttv.com.ar\/index.php\/2012\/10\/30\/union-goleo-en-el-bosque-y-recupero-la-sonrisa-compacto-goles-y-notas\/\",\"url\":\"https:\/\/www.celttv.com.ar\/index.php\/2012\/10\/30\/union-goleo-en-el-bosque-y-recupero-la-sonrisa-compacto-goles-y-notas\/\",\"name\":\"UNION GOLEO EN EL BOSQUE Y RECUPERO LA SONRISA (compacto, goles y notas) - CELTTV\",\"isPartOf\":{\"@id\":\"https:\/\/www.celttv.com.ar\/#website\"},\"datePublished\":\"2012-10-30T19:57:33+00:00\",\"dateModified\":\"2012-10-30T19:57:33+00:00\",\"description\":\"Sitio web de noticias de la localidad de Tornquist, provincia de Buenos Aires, Rep\u00fablica Argentina. Contenido propio originado por periodistas de CELTTV, el canal de TV local de la Cooperativa El\u00e9ctrica de Tornquist. Turismo, Pol\u00edtica, Sociedad, Deporte, Cultura y todo el contenido de inter\u00e9s general que la gente del pueblo y la regi\u00f3n debe conocer.\",\"breadcrumb\":{\"@id\":\"https:\/\/www.celttv.com.ar\/index.php\/2012\/10\/30\/union-goleo-en-el-bosque-y-recupero-la-sonrisa-compacto-goles-y-notas\/#breadcrumb\"},\"inLanguage\":\"es\",\"potentialAction\":[{\"@type\":\"ReadAction\",\"target\":[\"https:\/\/www.celttv.com.ar\/index.php\/2012\/10\/30\/union-goleo-en-el-bosque-y-recupero-la-sonrisa-compacto-goles-y-notas\/\"]}]},{\"@type\":\"BreadcrumbList\",\"@id\":\"https:\/\/www.celttv.com.ar\/index.php\/2012\/10\/30\/union-goleo-en-el-bosque-y-recupero-la-sonrisa-compacto-goles-y-notas\/#breadcrumb\",\"itemListElement\":[{\"@type\":\"ListItem\",\"position\":1,\"name\":\"Inicio\",\"item\":\"https:\/\/www.celttv.com.ar\/\"},{\"@type\":\"ListItem\",\"position\":2,\"name\":\"UNION GOLEO EN EL BOSQUE Y RECUPERO LA SONRISA (compacto, goles y notas)\"}]},{\"@type\":\"WebSite\",\"@id\":\"https:\/\/www.celttv.com.ar\/#website\",\"url\":\"https:\/\/www.celttv.com.ar\/\",\"name\":\"CELTTV\",\"description\":\"Cooperativa El\u00e9ctrica de Tornquist\",\"publisher\":{\"@id\":\"https:\/\/www.celttv.com.ar\/#organization\"},\"potentialAction\":[{\"@type\":\"SearchAction\",\"target\":{\"@type\":\"EntryPoint\",\"urlTemplate\":\"https:\/\/www.celttv.com.ar\/?s={search_term_string}\"},\"query-input\":\"required name=search_term_string\"}],\"inLanguage\":\"es\"},{\"@type\":\"Organization\",\"@id\":\"https:\/\/www.celttv.com.ar\/#organization\",\"name\":\"CELTTV\",\"url\":\"https:\/\/www.celttv.com.ar\/\",\"sameAs\":[\"https:\/\/www.youtube.com\/channel\/UCz_oIt8Hig64Ub-EmcNPIhg\",\"https:\/\/www.facebook.com\/celtTV\/\"],\"logo\":{\"@type\":\"ImageObject\",\"inLanguage\":\"es\",\"@id\":\"https:\/\/www.celttv.com.ar\/#\/schema\/logo\/image\/\",\"url\":\"http:\/\/www.celttv.com.ar\/wp-content\/uploads\/2022\/08\/logo-1.png\",\"contentUrl\":\"http:\/\/www.celttv.com.ar\/wp-content\/uploads\/2022\/08\/logo-1.png\",\"width\":461,\"height\":159,\"caption\":\"CELTTV\"},\"image\":{\"@id\":\"https:\/\/www.celttv.com.ar\/#\/schema\/logo\/image\/\"}},{\"@type\":\"Person\",\"@id\":\"https:\/\/www.celttv.com.ar\/#\/schema\/person\/6d99c072dba59953809c81446e9d0ace\",\"name\":\"ulises\",\"image\":{\"@type\":\"ImageObject\",\"inLanguage\":\"es\",\"@id\":\"https:\/\/www.celttv.com.ar\/#\/schema\/person\/image\/\",\"url\":\"https:\/\/secure.gravatar.com\/avatar\/7f2c48bdc33b30088f941fb6082e555f2874c98e20cb159d7b92b50eadfce793?s=96&d=mm&r=g\",\"contentUrl\":\"https:\/\/secure.gravatar.com\/avatar\/7f2c48bdc33b30088f941fb6082e555f2874c98e20cb159d7b92b50eadfce793?s=96&d=mm&r=g\",\"caption\":\"ulises\"},\"sameAs\":[\"http:\/\/www.celttv.com.ar\"]}]}<\/script>\n<!-- \/ Yoast SEO plugin. -->","yoast_head_json":{"title":"UNION GOLEO EN EL BOSQUE Y RECUPERO LA SONRISA (compacto, goles y notas) - CELTTV","description":"Sitio web de noticias de la localidad de Tornquist, provincia de Buenos Aires, Rep\u00fablica Argentina. Contenido propio originado por periodistas de CELTTV, el canal de TV local de la Cooperativa El\u00e9ctrica de Tornquist. Turismo, Pol\u00edtica, Sociedad, Deporte, Cultura y todo el contenido de inter\u00e9s general que la gente del pueblo y la regi\u00f3n debe conocer.","robots":{"index":"index","follow":"follow","max-snippet":"max-snippet:-1","max-image-preview":"max-image-preview:large","max-video-preview":"max-video-preview:-1"},"canonical":"https:\/\/www.celttv.com.ar\/index.php\/2012\/10\/30\/union-goleo-en-el-bosque-y-recupero-la-sonrisa-compacto-goles-y-notas\/","og_locale":"es_ES","og_type":"article","og_title":"UNION GOLEO EN EL BOSQUE Y RECUPERO LA SONRISA (compacto, goles y notas) - CELTTV","og_description":"Sitio web de noticias de la localidad de Tornquist, provincia de Buenos Aires, Rep\u00fablica Argentina. Contenido propio originado por periodistas de CELTTV, el canal de TV local de la Cooperativa El\u00e9ctrica de Tornquist. Turismo, Pol\u00edtica, Sociedad, Deporte, Cultura y todo el contenido de inter\u00e9s general que la gente del pueblo y la regi\u00f3n debe conocer.","og_url":"https:\/\/www.celttv.com.ar\/index.php\/2012\/10\/30\/union-goleo-en-el-bosque-y-recupero-la-sonrisa-compacto-goles-y-notas\/","og_site_name":"CELTTV","article_publisher":"https:\/\/www.facebook.com\/celtTV\/","article_published_time":"2012-10-30T19:57:33+00:00","author":"ulises","twitter_card":"summary_large_image","twitter_misc":{"Escrito por":"ulises","Tiempo de lectura":"4 minutos"},"schema":{"@context":"https:\/\/schema.org","@graph":[{"@type":"NewsArticle","@id":"https:\/\/www.celttv.com.ar\/index.php\/2012\/10\/30\/union-goleo-en-el-bosque-y-recupero-la-sonrisa-compacto-goles-y-notas\/#article","isPartOf":{"@id":"https:\/\/www.celttv.com.ar\/index.php\/2012\/10\/30\/union-goleo-en-el-bosque-y-recupero-la-sonrisa-compacto-goles-y-notas\/"},"author":{"name":"ulises","@id":"https:\/\/www.celttv.com.ar\/#\/schema\/person\/6d99c072dba59953809c81446e9d0ace"},"headline":"UNION GOLEO EN EL BOSQUE Y RECUPERO LA SONRISA (compacto, goles y notas)","datePublished":"2012-10-30T19:57:33+00:00","dateModified":"2012-10-30T19:57:33+00:00","mainEntityOfPage":{"@id":"https:\/\/www.celttv.com.ar\/index.php\/2012\/10\/30\/union-goleo-en-el-bosque-y-recupero-la-sonrisa-compacto-goles-y-notas\/"},"wordCount":760,"publisher":{"@id":"https:\/\/www.celttv.com.ar\/#organization"},"articleSection":["Deporte","Destacadas","Videos Destacados"],"inLanguage":"es"},{"@type":"WebPage","@id":"https:\/\/www.celttv.com.ar\/index.php\/2012\/10\/30\/union-goleo-en-el-bosque-y-recupero-la-sonrisa-compacto-goles-y-notas\/","url":"https:\/\/www.celttv.com.ar\/index.php\/2012\/10\/30\/union-goleo-en-el-bosque-y-recupero-la-sonrisa-compacto-goles-y-notas\/","name":"UNION GOLEO EN EL BOSQUE Y RECUPERO LA SONRISA (compacto, goles y notas) - CELTTV","isPartOf":{"@id":"https:\/\/www.celttv.com.ar\/#website"},"datePublished":"2012-10-30T19:57:33+00:00","dateModified":"2012-10-30T19:57:33+00:00","description":"Sitio web de noticias de la localidad de Tornquist, provincia de Buenos Aires, Rep\u00fablica Argentina. Contenido propio originado por periodistas de CELTTV, el canal de TV local de la Cooperativa El\u00e9ctrica de Tornquist. Turismo, Pol\u00edtica, Sociedad, Deporte, Cultura y todo el contenido de inter\u00e9s general que la gente del pueblo y la regi\u00f3n debe conocer.","breadcrumb":{"@id":"https:\/\/www.celttv.com.ar\/index.php\/2012\/10\/30\/union-goleo-en-el-bosque-y-recupero-la-sonrisa-compacto-goles-y-notas\/#breadcrumb"},"inLanguage":"es","potentialAction":[{"@type":"ReadAction","target":["https:\/\/www.celttv.com.ar\/index.php\/2012\/10\/30\/union-goleo-en-el-bosque-y-recupero-la-sonrisa-compacto-goles-y-notas\/"]}]},{"@type":"BreadcrumbList","@id":"https:\/\/www.celttv.com.ar\/index.php\/2012\/10\/30\/union-goleo-en-el-bosque-y-recupero-la-sonrisa-compacto-goles-y-notas\/#breadcrumb","itemListElement":[{"@type":"ListItem","position":1,"name":"Inicio","item":"https:\/\/www.celttv.com.ar\/"},{"@type":"ListItem","position":2,"name":"UNION GOLEO EN EL BOSQUE Y RECUPERO LA SONRISA (compacto, goles y notas)"}]},{"@type":"WebSite","@id":"https:\/\/www.celttv.com.ar\/#website","url":"https:\/\/www.celttv.com.ar\/","name":"CELTTV","description":"Cooperativa El\u00e9ctrica de Tornquist","publisher":{"@id":"https:\/\/www.celttv.com.ar\/#organization"},"potentialAction":[{"@type":"SearchAction","target":{"@type":"EntryPoint","urlTemplate":"https:\/\/www.celttv.com.ar\/?s={search_term_string}"},"query-input":"required name=search_term_string"}],"inLanguage":"es"},{"@type":"Organization","@id":"https:\/\/www.celttv.com.ar\/#organization","name":"CELTTV","url":"https:\/\/www.celttv.com.ar\/","sameAs":["https:\/\/www.youtube.com\/channel\/UCz_oIt8Hig64Ub-EmcNPIhg","https:\/\/www.facebook.com\/celtTV\/"],"logo":{"@type":"ImageObject","inLanguage":"es","@id":"https:\/\/www.celttv.com.ar\/#\/schema\/logo\/image\/","url":"http:\/\/www.celttv.com.ar\/wp-content\/uploads\/2022\/08\/logo-1.png","contentUrl":"http:\/\/www.celttv.com.ar\/wp-content\/uploads\/2022\/08\/logo-1.png","width":461,"height":159,"caption":"CELTTV"},"image":{"@id":"https:\/\/www.celttv.com.ar\/#\/schema\/logo\/image\/"}},{"@type":"Person","@id":"https:\/\/www.celttv.com.ar\/#\/schema\/person\/6d99c072dba59953809c81446e9d0ace","name":"ulises","image":{"@type":"ImageObject","inLanguage":"es","@id":"https:\/\/www.celttv.com.ar\/#\/schema\/person\/image\/","url":"https:\/\/secure.gravatar.com\/avatar\/7f2c48bdc33b30088f941fb6082e555f2874c98e20cb159d7b92b50eadfce793?s=96&d=mm&r=g","contentUrl":"https:\/\/secure.gravatar.com\/avatar\/7f2c48bdc33b30088f941fb6082e555f2874c98e20cb159d7b92b50eadfce793?s=96&d=mm&r=g","caption":"ulises"},"sameAs":["http:\/\/www.celttv.com.ar"]}]}},"_links":{"self":[{"href":"https:\/\/www.celttv.com.ar\/index.php\/wp-json\/wp\/v2\/posts\/8804","targetHints":{"allow":["GET"]}}],"collection":[{"href":"https:\/\/www.celttv.com.ar\/index.php\/wp-json\/wp\/v2\/posts"}],"about":[{"href":"https:\/\/www.celttv.com.ar\/index.php\/wp-json\/wp\/v2\/types\/post"}],"author":[{"embeddable":true,"href":"https:\/\/www.celttv.com.ar\/index.php\/wp-json\/wp\/v2\/users\/1"}],"replies":[{"embeddable":true,"href":"https:\/\/www.celttv.com.ar\/index.php\/wp-json\/wp\/v2\/comments?post=8804"}],"version-history":[{"count":0,"href":"https:\/\/www.celttv.com.ar\/index.php\/wp-json\/wp\/v2\/posts\/8804\/revisions"}],"wp:attachment":[{"href":"https:\/\/www.celttv.com.ar\/index.php\/wp-json\/wp\/v2\/media?parent=8804"}],"wp:term":[{"taxonomy":"category","embeddable":true,"href":"https:\/\/www.celttv.com.ar\/index.php\/wp-json\/wp\/v2\/categories?post=8804"},{"taxonomy":"post_tag","embeddable":true,"href":"https:\/\/www.celttv.com.ar\/index.php\/wp-json\/wp\/v2\/tags?post=8804"}],"curies":[{"name":"wp","href":"https:\/\/api.w.org\/{rel}","templated":true}]}}