{"id":8807,"date":"2012-10-30T21:40:40","date_gmt":"2012-10-30T21:40:40","guid":{"rendered":"http:\/\/www.tvcnoticias.com.ar\/?p=8807"},"modified":"2012-10-30T21:40:40","modified_gmt":"2012-10-30T21:40:40","slug":"se-realiza-la-semana-de-prevencion-del-infarto-2012","status":"publish","type":"post","link":"https:\/\/www.celttv.com.ar\/index.php\/2012\/10\/30\/se-realiza-la-semana-de-prevencion-del-infarto-2012\/","title":{"rendered":"SE REALIZA EN EL DISTRITO LA SEMANA DE PREVENCION DEL INFARTO 2012"},"content":{"rendered":"<p><a rel=\"attachment wp-att-8808\" href=\"http:\/\/www.tvcnoticias.com.ar\/?attachment_id=8808\"><img loading=\"lazy\" decoding=\"async\" class=\"aligncenter size-full wp-image-8808\" title=\"prevencio infarto\" src=\"http:\/\/www.tvcnoticias.com.ar\/wp-content\/uploads\/2012\/10\/prevencio-infarto.jpg\" alt=\"\" width=\"195\" height=\"283\" \/><\/a><br \/>\nEl centro de educaci\u00f3n F\u00edsica n\u00b0 9 invita a la comunidad del distrito de Tornquist a participar del mismo en los d\u00edas y horarios que a continuaci\u00f3n se detallan.<br \/>\nEste proyecto tiene como finalidad concientizar a la comunidad sobre las enfermedades no trasmisibles y la importancia de llevar una vida saludable, fomentando la buena alimentaci\u00f3n y promover la puesta en pr\u00e1ctica de actividad f\u00edsica en forma regular.<br \/>\nEn el 2010 ha estado destinado a la poblaci\u00f3n de 40 a\u00f1os en delante de la localidad de Villa Ventana. Finalizando con charlas a la comunidad y participando de la caminata a beneficio de la sala de Villa Ventana Dr. &#8220;Julio Pugliese&#8221;.<br \/>\n2\u00aa etapa \u2013 a\u00f1o 2011: se implemento Saldungaray, Sierra de la Ventana y ciudad cabecera de Tornquist, adem\u00e1s de Villa Ventana.<br \/>\n3\u00b0 etapas 2012 &#8211;Dando continuidad a este proyecto, este a\u00f1o se incluye las edades de 25 a\u00f1os en adelante, realiz\u00e1ndose la semana del 4 al 9 de noviembre y el d\u00eda 11 se realizara el cierre invitando a participar de la caminata aer\u00f3bica organizada por la asociaci\u00f3n cooperadora de la Unidad Sanitaria de Villa Ventana.<br \/>\nPor tal motivo se invita a la poblaci\u00f3n a acercarse, y que se realice un control de la tensi\u00f3n arterial, un an\u00e1lisis de colesterol, conozca su peso, talla y conteste una encuesta sobre h\u00e1bitos alimentarios, nivel de sedentarismo, consumo de alcohol, nivel de estr\u00e9s y tabaquismo.<br \/>\nPermitiendo a su vez hacer una estad\u00edstica de los datos obtenidos.<br \/>\nEste proyecto es implementado a trav\u00e9s de los docentes del Cef n\u00b0 9 : Rey Marcela, Paloma C\u00e1rdenas, Victor Duarte; y la colaboraci\u00f3n de: Directivo y docentes de la Instituci\u00f3n ,y Alumnos de la Carrera de Enfermer\u00eda ISFD y T n\u00b0 162- A cargo de la Secretaria de Salud y docente Sra . Mirta Avila.<br \/>\nCronograma de Actividades<br \/>\nDIA LOCALIDAD HORARIO LUGAR<br \/>\nDomingo 4\/11 Tornquist 14 a 19 aprox. hs. Parque lineal<br \/>\nLunes 5 \/11 Villa Ventana 16 a 18,30 hs. Plaza Salerno<br \/>\n17,10 a 18 Caminata aer\u00f3bica a cargo docente Cef.<br \/>\nMartes 6 \/11 Sierra de la Ventana 16 a 18,30 hs. Plazoleta del Reloj<br \/>\nMi\u00e9rcoles 7 \/11 Saldungaray 11 a 13,30 hs. Plaza<br \/>\nViernes 9 \/11 Tornquist 10 a 12 hs. Plaza<br \/>\nDomingo 11\/ 11 Villa Ventana en la Carrera Aventura 9,30 hs a 14 hs<br \/>\naprox. Plaza<br \/>\nLos Esperamos<\/p>\n","protected":false},"excerpt":{"rendered":"<p>El centro de educaci\u00f3n F\u00edsica n\u00b0 9 invita a la comunidad del distrito de Tornquist a participar del mismo en los d\u00edas y horarios que a continuaci\u00f3n se detallan. Este proyecto tiene como finalidad concientizar a la comunidad sobre las enfermedades no trasmisibles y la importancia de llevar una vida saludable, fomentando la buena alimentaci\u00f3n [&hellip;]<\/p>\n","protected":false},"author":1,"featured_media":0,"comment_status":"closed","ping_status":"open","sticky":false,"template":"","format":"standard","meta":{"footnotes":""},"categories":[51,60,52],"tags":[],"class_list":["post-8807","post","type-post","status-publish","format-standard","hentry","category-comunidad","category-deporte","category-destacadas"],"yoast_head":"<!-- This site is optimized with the Yoast SEO plugin v19.7.1 - https:\/\/yoast.com\/wordpress\/plugins\/seo\/ -->\n<title>SE REALIZA EN EL DISTRITO LA SEMANA DE PREVENCION DEL INFARTO 2012 - CELTTV<\/title>\n<meta name=\"description\" content=\"Sitio web de noticias de la localidad de Tornquist, provincia de Buenos Aires, Rep\u00fablica Argentina. Contenido propio originado por periodistas de CELTTV, el canal de TV local de la Cooperativa El\u00e9ctrica de Tornquist. Turismo, Pol\u00edtica, Sociedad, Deporte, Cultura y todo el contenido de inter\u00e9s general que la gente del pueblo y la regi\u00f3n debe conocer.\" \/>\n<meta name=\"robots\" content=\"index, follow, max-snippet:-1, max-image-preview:large, max-video-preview:-1\" \/>\n<link rel=\"canonical\" href=\"https:\/\/www.celttv.com.ar\/index.php\/2012\/10\/30\/se-realiza-la-semana-de-prevencion-del-infarto-2012\/\" \/>\n<meta property=\"og:locale\" content=\"es_ES\" \/>\n<meta property=\"og:type\" content=\"article\" \/>\n<meta property=\"og:title\" content=\"SE REALIZA EN EL DISTRITO LA SEMANA DE PREVENCION DEL INFARTO 2012 - CELTTV\" \/>\n<meta property=\"og:description\" content=\"Sitio web de noticias de la localidad de Tornquist, provincia de Buenos Aires, Rep\u00fablica Argentina. Contenido propio originado por periodistas de CELTTV, el canal de TV local de la Cooperativa El\u00e9ctrica de Tornquist. Turismo, Pol\u00edtica, Sociedad, Deporte, Cultura y todo el contenido de inter\u00e9s general que la gente del pueblo y la regi\u00f3n debe conocer.\" \/>\n<meta property=\"og:url\" content=\"https:\/\/www.celttv.com.ar\/index.php\/2012\/10\/30\/se-realiza-la-semana-de-prevencion-del-infarto-2012\/\" \/>\n<meta property=\"og:site_name\" content=\"CELTTV\" \/>\n<meta property=\"article:publisher\" content=\"https:\/\/www.facebook.com\/celtTV\/\" \/>\n<meta property=\"article:published_time\" content=\"2012-10-30T21:40:40+00:00\" \/>\n<meta property=\"og:image\" content=\"http:\/\/www.tvcnoticias.com.ar\/wp-content\/uploads\/2012\/10\/prevencio-infarto.jpg\" \/>\n<meta name=\"author\" content=\"ulises\" \/>\n<meta name=\"twitter:card\" content=\"summary_large_image\" \/>\n<meta name=\"twitter:label1\" content=\"Escrito por\" \/>\n\t<meta name=\"twitter:data1\" content=\"ulises\" \/>\n\t<meta name=\"twitter:label2\" content=\"Tiempo de lectura\" \/>\n\t<meta name=\"twitter:data2\" content=\"2 minutos\" \/>\n<script type=\"application\/ld+json\" class=\"yoast-schema-graph\">{\"@context\":\"https:\/\/schema.org\",\"@graph\":[{\"@type\":\"NewsArticle\",\"@id\":\"https:\/\/www.celttv.com.ar\/index.php\/2012\/10\/30\/se-realiza-la-semana-de-prevencion-del-infarto-2012\/#article\",\"isPartOf\":{\"@id\":\"https:\/\/www.celttv.com.ar\/index.php\/2012\/10\/30\/se-realiza-la-semana-de-prevencion-del-infarto-2012\/\"},\"author\":{\"name\":\"ulises\",\"@id\":\"https:\/\/www.celttv.com.ar\/#\/schema\/person\/6d99c072dba59953809c81446e9d0ace\"},\"headline\":\"SE REALIZA EN EL DISTRITO LA SEMANA DE PREVENCION DEL INFARTO 2012\",\"datePublished\":\"2012-10-30T21:40:40+00:00\",\"dateModified\":\"2012-10-30T21:40:40+00:00\",\"mainEntityOfPage\":{\"@id\":\"https:\/\/www.celttv.com.ar\/index.php\/2012\/10\/30\/se-realiza-la-semana-de-prevencion-del-infarto-2012\/\"},\"wordCount\":385,\"publisher\":{\"@id\":\"https:\/\/www.celttv.com.ar\/#organization\"},\"articleSection\":[\"Comunidad\",\"Deporte\",\"Destacadas\"],\"inLanguage\":\"es\"},{\"@type\":\"WebPage\",\"@id\":\"https:\/\/www.celttv.com.ar\/index.php\/2012\/10\/30\/se-realiza-la-semana-de-prevencion-del-infarto-2012\/\",\"url\":\"https:\/\/www.celttv.com.ar\/index.php\/2012\/10\/30\/se-realiza-la-semana-de-prevencion-del-infarto-2012\/\",\"name\":\"SE REALIZA EN EL DISTRITO LA SEMANA DE PREVENCION DEL INFARTO 2012 - CELTTV\",\"isPartOf\":{\"@id\":\"https:\/\/www.celttv.com.ar\/#website\"},\"datePublished\":\"2012-10-30T21:40:40+00:00\",\"dateModified\":\"2012-10-30T21:40:40+00:00\",\"description\":\"Sitio web de noticias de la localidad de Tornquist, provincia de Buenos Aires, Rep\u00fablica Argentina. Contenido propio originado por periodistas de CELTTV, el canal de TV local de la Cooperativa El\u00e9ctrica de Tornquist. Turismo, Pol\u00edtica, Sociedad, Deporte, Cultura y todo el contenido de inter\u00e9s general que la gente del pueblo y la regi\u00f3n debe conocer.\",\"breadcrumb\":{\"@id\":\"https:\/\/www.celttv.com.ar\/index.php\/2012\/10\/30\/se-realiza-la-semana-de-prevencion-del-infarto-2012\/#breadcrumb\"},\"inLanguage\":\"es\",\"potentialAction\":[{\"@type\":\"ReadAction\",\"target\":[\"https:\/\/www.celttv.com.ar\/index.php\/2012\/10\/30\/se-realiza-la-semana-de-prevencion-del-infarto-2012\/\"]}]},{\"@type\":\"BreadcrumbList\",\"@id\":\"https:\/\/www.celttv.com.ar\/index.php\/2012\/10\/30\/se-realiza-la-semana-de-prevencion-del-infarto-2012\/#breadcrumb\",\"itemListElement\":[{\"@type\":\"ListItem\",\"position\":1,\"name\":\"Inicio\",\"item\":\"https:\/\/www.celttv.com.ar\/\"},{\"@type\":\"ListItem\",\"position\":2,\"name\":\"SE REALIZA EN EL DISTRITO LA SEMANA DE PREVENCION DEL INFARTO 2012\"}]},{\"@type\":\"WebSite\",\"@id\":\"https:\/\/www.celttv.com.ar\/#website\",\"url\":\"https:\/\/www.celttv.com.ar\/\",\"name\":\"CELTTV\",\"description\":\"Cooperativa El\u00e9ctrica de Tornquist\",\"publisher\":{\"@id\":\"https:\/\/www.celttv.com.ar\/#organization\"},\"potentialAction\":[{\"@type\":\"SearchAction\",\"target\":{\"@type\":\"EntryPoint\",\"urlTemplate\":\"https:\/\/www.celttv.com.ar\/?s={search_term_string}\"},\"query-input\":\"required name=search_term_string\"}],\"inLanguage\":\"es\"},{\"@type\":\"Organization\",\"@id\":\"https:\/\/www.celttv.com.ar\/#organization\",\"name\":\"CELTTV\",\"url\":\"https:\/\/www.celttv.com.ar\/\",\"sameAs\":[\"https:\/\/www.youtube.com\/channel\/UCz_oIt8Hig64Ub-EmcNPIhg\",\"https:\/\/www.facebook.com\/celtTV\/\"],\"logo\":{\"@type\":\"ImageObject\",\"inLanguage\":\"es\",\"@id\":\"https:\/\/www.celttv.com.ar\/#\/schema\/logo\/image\/\",\"url\":\"http:\/\/www.celttv.com.ar\/wp-content\/uploads\/2022\/08\/logo-1.png\",\"contentUrl\":\"http:\/\/www.celttv.com.ar\/wp-content\/uploads\/2022\/08\/logo-1.png\",\"width\":461,\"height\":159,\"caption\":\"CELTTV\"},\"image\":{\"@id\":\"https:\/\/www.celttv.com.ar\/#\/schema\/logo\/image\/\"}},{\"@type\":\"Person\",\"@id\":\"https:\/\/www.celttv.com.ar\/#\/schema\/person\/6d99c072dba59953809c81446e9d0ace\",\"name\":\"ulises\",\"image\":{\"@type\":\"ImageObject\",\"inLanguage\":\"es\",\"@id\":\"https:\/\/www.celttv.com.ar\/#\/schema\/person\/image\/\",\"url\":\"https:\/\/secure.gravatar.com\/avatar\/7f2c48bdc33b30088f941fb6082e555f2874c98e20cb159d7b92b50eadfce793?s=96&d=mm&r=g\",\"contentUrl\":\"https:\/\/secure.gravatar.com\/avatar\/7f2c48bdc33b30088f941fb6082e555f2874c98e20cb159d7b92b50eadfce793?s=96&d=mm&r=g\",\"caption\":\"ulises\"},\"sameAs\":[\"http:\/\/www.celttv.com.ar\"]}]}<\/script>\n<!-- \/ Yoast SEO plugin. -->","yoast_head_json":{"title":"SE REALIZA EN EL DISTRITO LA SEMANA DE PREVENCION DEL INFARTO 2012 - CELTTV","description":"Sitio web de noticias de la localidad de Tornquist, provincia de Buenos Aires, Rep\u00fablica Argentina. Contenido propio originado por periodistas de CELTTV, el canal de TV local de la Cooperativa El\u00e9ctrica de Tornquist. Turismo, Pol\u00edtica, Sociedad, Deporte, Cultura y todo el contenido de inter\u00e9s general que la gente del pueblo y la regi\u00f3n debe conocer.","robots":{"index":"index","follow":"follow","max-snippet":"max-snippet:-1","max-image-preview":"max-image-preview:large","max-video-preview":"max-video-preview:-1"},"canonical":"https:\/\/www.celttv.com.ar\/index.php\/2012\/10\/30\/se-realiza-la-semana-de-prevencion-del-infarto-2012\/","og_locale":"es_ES","og_type":"article","og_title":"SE REALIZA EN EL DISTRITO LA SEMANA DE PREVENCION DEL INFARTO 2012 - CELTTV","og_description":"Sitio web de noticias de la localidad de Tornquist, provincia de Buenos Aires, Rep\u00fablica Argentina. Contenido propio originado por periodistas de CELTTV, el canal de TV local de la Cooperativa El\u00e9ctrica de Tornquist. Turismo, Pol\u00edtica, Sociedad, Deporte, Cultura y todo el contenido de inter\u00e9s general que la gente del pueblo y la regi\u00f3n debe conocer.","og_url":"https:\/\/www.celttv.com.ar\/index.php\/2012\/10\/30\/se-realiza-la-semana-de-prevencion-del-infarto-2012\/","og_site_name":"CELTTV","article_publisher":"https:\/\/www.facebook.com\/celtTV\/","article_published_time":"2012-10-30T21:40:40+00:00","og_image":[{"url":"http:\/\/www.tvcnoticias.com.ar\/wp-content\/uploads\/2012\/10\/prevencio-infarto.jpg"}],"author":"ulises","twitter_card":"summary_large_image","twitter_misc":{"Escrito por":"ulises","Tiempo de lectura":"2 minutos"},"schema":{"@context":"https:\/\/schema.org","@graph":[{"@type":"NewsArticle","@id":"https:\/\/www.celttv.com.ar\/index.php\/2012\/10\/30\/se-realiza-la-semana-de-prevencion-del-infarto-2012\/#article","isPartOf":{"@id":"https:\/\/www.celttv.com.ar\/index.php\/2012\/10\/30\/se-realiza-la-semana-de-prevencion-del-infarto-2012\/"},"author":{"name":"ulises","@id":"https:\/\/www.celttv.com.ar\/#\/schema\/person\/6d99c072dba59953809c81446e9d0ace"},"headline":"SE REALIZA EN EL DISTRITO LA SEMANA DE PREVENCION DEL INFARTO 2012","datePublished":"2012-10-30T21:40:40+00:00","dateModified":"2012-10-30T21:40:40+00:00","mainEntityOfPage":{"@id":"https:\/\/www.celttv.com.ar\/index.php\/2012\/10\/30\/se-realiza-la-semana-de-prevencion-del-infarto-2012\/"},"wordCount":385,"publisher":{"@id":"https:\/\/www.celttv.com.ar\/#organization"},"articleSection":["Comunidad","Deporte","Destacadas"],"inLanguage":"es"},{"@type":"WebPage","@id":"https:\/\/www.celttv.com.ar\/index.php\/2012\/10\/30\/se-realiza-la-semana-de-prevencion-del-infarto-2012\/","url":"https:\/\/www.celttv.com.ar\/index.php\/2012\/10\/30\/se-realiza-la-semana-de-prevencion-del-infarto-2012\/","name":"SE REALIZA EN EL DISTRITO LA SEMANA DE PREVENCION DEL INFARTO 2012 - CELTTV","isPartOf":{"@id":"https:\/\/www.celttv.com.ar\/#website"},"datePublished":"2012-10-30T21:40:40+00:00","dateModified":"2012-10-30T21:40:40+00:00","description":"Sitio web de noticias de la localidad de Tornquist, provincia de Buenos Aires, Rep\u00fablica Argentina. Contenido propio originado por periodistas de CELTTV, el canal de TV local de la Cooperativa El\u00e9ctrica de Tornquist. Turismo, Pol\u00edtica, Sociedad, Deporte, Cultura y todo el contenido de inter\u00e9s general que la gente del pueblo y la regi\u00f3n debe conocer.","breadcrumb":{"@id":"https:\/\/www.celttv.com.ar\/index.php\/2012\/10\/30\/se-realiza-la-semana-de-prevencion-del-infarto-2012\/#breadcrumb"},"inLanguage":"es","potentialAction":[{"@type":"ReadAction","target":["https:\/\/www.celttv.com.ar\/index.php\/2012\/10\/30\/se-realiza-la-semana-de-prevencion-del-infarto-2012\/"]}]},{"@type":"BreadcrumbList","@id":"https:\/\/www.celttv.com.ar\/index.php\/2012\/10\/30\/se-realiza-la-semana-de-prevencion-del-infarto-2012\/#breadcrumb","itemListElement":[{"@type":"ListItem","position":1,"name":"Inicio","item":"https:\/\/www.celttv.com.ar\/"},{"@type":"ListItem","position":2,"name":"SE REALIZA EN EL DISTRITO LA SEMANA DE PREVENCION DEL INFARTO 2012"}]},{"@type":"WebSite","@id":"https:\/\/www.celttv.com.ar\/#website","url":"https:\/\/www.celttv.com.ar\/","name":"CELTTV","description":"Cooperativa El\u00e9ctrica de Tornquist","publisher":{"@id":"https:\/\/www.celttv.com.ar\/#organization"},"potentialAction":[{"@type":"SearchAction","target":{"@type":"EntryPoint","urlTemplate":"https:\/\/www.celttv.com.ar\/?s={search_term_string}"},"query-input":"required name=search_term_string"}],"inLanguage":"es"},{"@type":"Organization","@id":"https:\/\/www.celttv.com.ar\/#organization","name":"CELTTV","url":"https:\/\/www.celttv.com.ar\/","sameAs":["https:\/\/www.youtube.com\/channel\/UCz_oIt8Hig64Ub-EmcNPIhg","https:\/\/www.facebook.com\/celtTV\/"],"logo":{"@type":"ImageObject","inLanguage":"es","@id":"https:\/\/www.celttv.com.ar\/#\/schema\/logo\/image\/","url":"http:\/\/www.celttv.com.ar\/wp-content\/uploads\/2022\/08\/logo-1.png","contentUrl":"http:\/\/www.celttv.com.ar\/wp-content\/uploads\/2022\/08\/logo-1.png","width":461,"height":159,"caption":"CELTTV"},"image":{"@id":"https:\/\/www.celttv.com.ar\/#\/schema\/logo\/image\/"}},{"@type":"Person","@id":"https:\/\/www.celttv.com.ar\/#\/schema\/person\/6d99c072dba59953809c81446e9d0ace","name":"ulises","image":{"@type":"ImageObject","inLanguage":"es","@id":"https:\/\/www.celttv.com.ar\/#\/schema\/person\/image\/","url":"https:\/\/secure.gravatar.com\/avatar\/7f2c48bdc33b30088f941fb6082e555f2874c98e20cb159d7b92b50eadfce793?s=96&d=mm&r=g","contentUrl":"https:\/\/secure.gravatar.com\/avatar\/7f2c48bdc33b30088f941fb6082e555f2874c98e20cb159d7b92b50eadfce793?s=96&d=mm&r=g","caption":"ulises"},"sameAs":["http:\/\/www.celttv.com.ar"]}]}},"_links":{"self":[{"href":"https:\/\/www.celttv.com.ar\/index.php\/wp-json\/wp\/v2\/posts\/8807","targetHints":{"allow":["GET"]}}],"collection":[{"href":"https:\/\/www.celttv.com.ar\/index.php\/wp-json\/wp\/v2\/posts"}],"about":[{"href":"https:\/\/www.celttv.com.ar\/index.php\/wp-json\/wp\/v2\/types\/post"}],"author":[{"embeddable":true,"href":"https:\/\/www.celttv.com.ar\/index.php\/wp-json\/wp\/v2\/users\/1"}],"replies":[{"embeddable":true,"href":"https:\/\/www.celttv.com.ar\/index.php\/wp-json\/wp\/v2\/comments?post=8807"}],"version-history":[{"count":0,"href":"https:\/\/www.celttv.com.ar\/index.php\/wp-json\/wp\/v2\/posts\/8807\/revisions"}],"wp:attachment":[{"href":"https:\/\/www.celttv.com.ar\/index.php\/wp-json\/wp\/v2\/media?parent=8807"}],"wp:term":[{"taxonomy":"category","embeddable":true,"href":"https:\/\/www.celttv.com.ar\/index.php\/wp-json\/wp\/v2\/categories?post=8807"},{"taxonomy":"post_tag","embeddable":true,"href":"https:\/\/www.celttv.com.ar\/index.php\/wp-json\/wp\/v2\/tags?post=8807"}],"curies":[{"name":"wp","href":"https:\/\/api.w.org\/{rel}","templated":true}]}}