{"id":88192,"date":"2025-04-13T20:44:51","date_gmt":"2025-04-13T23:44:51","guid":{"rendered":"https:\/\/www.celttv.com.ar\/?p=88192"},"modified":"2025-04-13T20:44:51","modified_gmt":"2025-04-13T23:44:51","slug":"alerta-amarillo-por-tormentas-para-tornquist-y-la-region","status":"publish","type":"post","link":"https:\/\/www.celttv.com.ar\/index.php\/2025\/04\/13\/alerta-amarillo-por-tormentas-para-tornquist-y-la-region\/","title":{"rendered":"Alerta amarillo por tormentas para Tornquist y la regi\u00f3n"},"content":{"rendered":"<p>El Servicio Meteorol\u00f3gico Nacional extendi\u00f3 hasta el mediod\u00eda del martes el alerta amarilla que reg\u00eda para toda nuestra regi\u00f3n para la noche del lunes.<\/p>\n<p>Seg\u00fan se indic\u00f3 desde el ente, entre la tarde de ma\u00f1ana y gran parte de la jornada siguiente, buena parte del Sudoeste Bonaerense, incluida Bah\u00eda Blanca, adem\u00e1s de otros sectores de la provincia, se ver\u00e1n afectados por tormentas de variada intensidad.<\/p>\n<p>Entre esas horas, una amplia zona \u201cser\u00e1 afectada por lluvias y tormentas aisladas, algunas localmente fuertes\u201d.<\/p>\n<p>\u201cLas mismas podr\u00e1n estar acompa\u00f1adas principalmente por abundante ca\u00edda de agua en cortos periodos, fuerte actividad el\u00e9ctrica, ocasional ca\u00edda de granizo y r\u00e1fagas que pueden superar los 60 kil\u00f3metros por hora\u201d, se aclar\u00f3.<\/p>\n<p>En ese sentido, se indic\u00f3 que se prev\u00e9n valores de precipitaci\u00f3n acumulada entre 30 y 50 mil\u00edmetros, que podr\u00edan ser superados en forma puntual.<\/p>\n<p>Los distritos afectados ser\u00e1n Patagones, Villarino, Puan, Adolfo Alsina, Guamin\u00ed, Coronel Su\u00e1rez, Saavedra, Coronel Pringles, Tornquist, Bah\u00eda Blanca, Coronel Rosales, Monte Hermoso y Coronel Dorrego. La advertencia se extiende tambi\u00e9n a parte de La Pampa y R\u00edo Negro. Incluso, para el noreste rionegrino se estableci\u00f3 un alerta naranja para la tarde del lunes.<\/p>\n<p>Por ello, desde el SMN se emiti\u00f3 una serie de advertencias, como no sacar la basura y retirar objetos que impidan que el agua escurra; evitar actividades al aire libre, y no refugiarse cerca de \u00e1rboles y postes de electricidad que puedan caerse.<\/p>\n<p>Adem\u00e1s, para minimizar el riesgo de ser alcanzado por un rayo, no permanecer en playas, r\u00edos, lagunas o piletas; estar atento ante la posible ca\u00edda de granizo, e informarse por las autoridades. Por ello, tener siempre lista una mochila de emergencias con linterna, radio, documentos y tel\u00e9fono.<\/p>\n<p>Para ma\u00f1ana, Satelmet anunci\u00f3 una jornada con precipitaciones, con registros t\u00e9rmicos que oscilar\u00e1n entre los 11 y los 16 \u00baC.<\/p>\n<p><img loading=\"lazy\" decoding=\"async\" class=\"alignnone wp-image-88193 size-full\" src=\"https:\/\/www.celttv.com.ar\/wp-content\/uploads\/2025\/04\/alerta-13-4.png\" alt=\"\" width=\"467\" height=\"726\" srcset=\"https:\/\/www.celttv.com.ar\/wp-content\/uploads\/2025\/04\/alerta-13-4.png 467w, https:\/\/www.celttv.com.ar\/wp-content\/uploads\/2025\/04\/alerta-13-4-193x300.png 193w\" sizes=\"auto, (max-width: 467px) 100vw, 467px\" \/><\/p>\n","protected":false},"excerpt":{"rendered":"<p>El Servicio Meteorol\u00f3gico Nacional extendi\u00f3 hasta el mediod\u00eda del martes el alerta amarilla que reg\u00eda para toda nuestra regi\u00f3n para la noche del lunes. Seg\u00fan se indic\u00f3 desde el ente, entre la tarde de ma\u00f1ana y gran parte de la jornada siguiente, buena parte del Sudoeste Bonaerense, incluida Bah\u00eda Blanca, adem\u00e1s de otros sectores de [&hellip;]<\/p>\n","protected":false},"author":5,"featured_media":88193,"comment_status":"closed","ping_status":"closed","sticky":false,"template":"","format":"standard","meta":{"footnotes":""},"categories":[51,52],"tags":[],"class_list":["post-88192","post","type-post","status-publish","format-standard","has-post-thumbnail","hentry","category-comunidad","category-destacadas"],"yoast_head":"<!-- This site is optimized with the Yoast SEO plugin v19.7.1 - https:\/\/yoast.com\/wordpress\/plugins\/seo\/ -->\n<title>Alerta amarillo por tormentas para Tornquist y la regi\u00f3n - CELTTV<\/title>\n<meta name=\"description\" content=\"Sitio web de noticias de la localidad de Tornquist, provincia de Buenos Aires, Rep\u00fablica Argentina. Contenido propio originado por periodistas de CELTTV, el canal de TV local de la Cooperativa El\u00e9ctrica de Tornquist. Turismo, Pol\u00edtica, Sociedad, Deporte, Cultura y todo el contenido de inter\u00e9s general que la gente del pueblo y la regi\u00f3n debe conocer.\" \/>\n<meta name=\"robots\" content=\"index, follow, max-snippet:-1, max-image-preview:large, max-video-preview:-1\" \/>\n<link rel=\"canonical\" href=\"https:\/\/www.celttv.com.ar\/index.php\/2025\/04\/13\/alerta-amarillo-por-tormentas-para-tornquist-y-la-region\/\" \/>\n<meta property=\"og:locale\" content=\"es_ES\" \/>\n<meta property=\"og:type\" content=\"article\" \/>\n<meta property=\"og:title\" content=\"Alerta amarillo por tormentas para Tornquist y la regi\u00f3n - CELTTV\" \/>\n<meta property=\"og:description\" content=\"Sitio web de noticias de la localidad de Tornquist, provincia de Buenos Aires, Rep\u00fablica Argentina. Contenido propio originado por periodistas de CELTTV, el canal de TV local de la Cooperativa El\u00e9ctrica de Tornquist. Turismo, Pol\u00edtica, Sociedad, Deporte, Cultura y todo el contenido de inter\u00e9s general que la gente del pueblo y la regi\u00f3n debe conocer.\" \/>\n<meta property=\"og:url\" content=\"https:\/\/www.celttv.com.ar\/index.php\/2025\/04\/13\/alerta-amarillo-por-tormentas-para-tornquist-y-la-region\/\" \/>\n<meta property=\"og:site_name\" content=\"CELTTV\" \/>\n<meta property=\"article:publisher\" content=\"https:\/\/www.facebook.com\/celtTV\/\" \/>\n<meta property=\"article:published_time\" content=\"2025-04-13T23:44:51+00:00\" \/>\n<meta property=\"og:image\" content=\"https:\/\/www.celttv.com.ar\/wp-content\/uploads\/2025\/04\/alerta-13-4.png\" \/>\n\t<meta property=\"og:image:width\" content=\"467\" \/>\n\t<meta property=\"og:image:height\" content=\"726\" \/>\n\t<meta property=\"og:image:type\" content=\"image\/png\" \/>\n<meta name=\"author\" content=\"Miguel Herrada\" \/>\n<meta name=\"twitter:card\" content=\"summary_large_image\" \/>\n<meta name=\"twitter:label1\" content=\"Escrito por\" \/>\n\t<meta name=\"twitter:data1\" content=\"Miguel Herrada\" \/>\n\t<meta name=\"twitter:label2\" content=\"Tiempo de lectura\" \/>\n\t<meta name=\"twitter:data2\" content=\"2 minutos\" \/>\n<script type=\"application\/ld+json\" class=\"yoast-schema-graph\">{\"@context\":\"https:\/\/schema.org\",\"@graph\":[{\"@type\":\"NewsArticle\",\"@id\":\"https:\/\/www.celttv.com.ar\/index.php\/2025\/04\/13\/alerta-amarillo-por-tormentas-para-tornquist-y-la-region\/#article\",\"isPartOf\":{\"@id\":\"https:\/\/www.celttv.com.ar\/index.php\/2025\/04\/13\/alerta-amarillo-por-tormentas-para-tornquist-y-la-region\/\"},\"author\":{\"name\":\"Miguel Herrada\",\"@id\":\"https:\/\/www.celttv.com.ar\/#\/schema\/person\/9059dc91dc7204ef4182cdb65225f07d\"},\"headline\":\"Alerta amarillo por tormentas para Tornquist y la regi\u00f3n\",\"datePublished\":\"2025-04-13T23:44:51+00:00\",\"dateModified\":\"2025-04-13T23:44:51+00:00\",\"mainEntityOfPage\":{\"@id\":\"https:\/\/www.celttv.com.ar\/index.php\/2025\/04\/13\/alerta-amarillo-por-tormentas-para-tornquist-y-la-region\/\"},\"wordCount\":338,\"publisher\":{\"@id\":\"https:\/\/www.celttv.com.ar\/#organization\"},\"articleSection\":[\"Comunidad\",\"Destacadas\"],\"inLanguage\":\"es\"},{\"@type\":\"WebPage\",\"@id\":\"https:\/\/www.celttv.com.ar\/index.php\/2025\/04\/13\/alerta-amarillo-por-tormentas-para-tornquist-y-la-region\/\",\"url\":\"https:\/\/www.celttv.com.ar\/index.php\/2025\/04\/13\/alerta-amarillo-por-tormentas-para-tornquist-y-la-region\/\",\"name\":\"Alerta amarillo por tormentas para Tornquist y la regi\u00f3n - CELTTV\",\"isPartOf\":{\"@id\":\"https:\/\/www.celttv.com.ar\/#website\"},\"datePublished\":\"2025-04-13T23:44:51+00:00\",\"dateModified\":\"2025-04-13T23:44:51+00:00\",\"description\":\"Sitio web de noticias de la localidad de Tornquist, provincia de Buenos Aires, Rep\u00fablica Argentina. Contenido propio originado por periodistas de CELTTV, el canal de TV local de la Cooperativa El\u00e9ctrica de Tornquist. Turismo, Pol\u00edtica, Sociedad, Deporte, Cultura y todo el contenido de inter\u00e9s general que la gente del pueblo y la regi\u00f3n debe conocer.\",\"breadcrumb\":{\"@id\":\"https:\/\/www.celttv.com.ar\/index.php\/2025\/04\/13\/alerta-amarillo-por-tormentas-para-tornquist-y-la-region\/#breadcrumb\"},\"inLanguage\":\"es\",\"potentialAction\":[{\"@type\":\"ReadAction\",\"target\":[\"https:\/\/www.celttv.com.ar\/index.php\/2025\/04\/13\/alerta-amarillo-por-tormentas-para-tornquist-y-la-region\/\"]}]},{\"@type\":\"BreadcrumbList\",\"@id\":\"https:\/\/www.celttv.com.ar\/index.php\/2025\/04\/13\/alerta-amarillo-por-tormentas-para-tornquist-y-la-region\/#breadcrumb\",\"itemListElement\":[{\"@type\":\"ListItem\",\"position\":1,\"name\":\"Inicio\",\"item\":\"https:\/\/www.celttv.com.ar\/\"},{\"@type\":\"ListItem\",\"position\":2,\"name\":\"Alerta amarillo por tormentas para Tornquist y la regi\u00f3n\"}]},{\"@type\":\"WebSite\",\"@id\":\"https:\/\/www.celttv.com.ar\/#website\",\"url\":\"https:\/\/www.celttv.com.ar\/\",\"name\":\"CELTTV\",\"description\":\"Cooperativa El\u00e9ctrica de Tornquist\",\"publisher\":{\"@id\":\"https:\/\/www.celttv.com.ar\/#organization\"},\"potentialAction\":[{\"@type\":\"SearchAction\",\"target\":{\"@type\":\"EntryPoint\",\"urlTemplate\":\"https:\/\/www.celttv.com.ar\/?s={search_term_string}\"},\"query-input\":\"required name=search_term_string\"}],\"inLanguage\":\"es\"},{\"@type\":\"Organization\",\"@id\":\"https:\/\/www.celttv.com.ar\/#organization\",\"name\":\"CELTTV\",\"url\":\"https:\/\/www.celttv.com.ar\/\",\"sameAs\":[\"https:\/\/www.youtube.com\/channel\/UCz_oIt8Hig64Ub-EmcNPIhg\",\"https:\/\/www.facebook.com\/celtTV\/\"],\"logo\":{\"@type\":\"ImageObject\",\"inLanguage\":\"es\",\"@id\":\"https:\/\/www.celttv.com.ar\/#\/schema\/logo\/image\/\",\"url\":\"http:\/\/www.celttv.com.ar\/wp-content\/uploads\/2022\/08\/logo-1.png\",\"contentUrl\":\"http:\/\/www.celttv.com.ar\/wp-content\/uploads\/2022\/08\/logo-1.png\",\"width\":461,\"height\":159,\"caption\":\"CELTTV\"},\"image\":{\"@id\":\"https:\/\/www.celttv.com.ar\/#\/schema\/logo\/image\/\"}},{\"@type\":\"Person\",\"@id\":\"https:\/\/www.celttv.com.ar\/#\/schema\/person\/9059dc91dc7204ef4182cdb65225f07d\",\"name\":\"Miguel Herrada\",\"image\":{\"@type\":\"ImageObject\",\"inLanguage\":\"es\",\"@id\":\"https:\/\/www.celttv.com.ar\/#\/schema\/person\/image\/\",\"url\":\"https:\/\/secure.gravatar.com\/avatar\/67724d5b3c716623ffd76bec7e45841a442ac3b456e914dbba90b0fad2b8e0b1?s=96&d=mm&r=g\",\"contentUrl\":\"https:\/\/secure.gravatar.com\/avatar\/67724d5b3c716623ffd76bec7e45841a442ac3b456e914dbba90b0fad2b8e0b1?s=96&d=mm&r=g\",\"caption\":\"Miguel Herrada\"}}]}<\/script>\n<!-- \/ Yoast SEO plugin. -->","yoast_head_json":{"title":"Alerta amarillo por tormentas para Tornquist y la regi\u00f3n - CELTTV","description":"Sitio web de noticias de la localidad de Tornquist, provincia de Buenos Aires, Rep\u00fablica Argentina. Contenido propio originado por periodistas de CELTTV, el canal de TV local de la Cooperativa El\u00e9ctrica de Tornquist. Turismo, Pol\u00edtica, Sociedad, Deporte, Cultura y todo el contenido de inter\u00e9s general que la gente del pueblo y la regi\u00f3n debe conocer.","robots":{"index":"index","follow":"follow","max-snippet":"max-snippet:-1","max-image-preview":"max-image-preview:large","max-video-preview":"max-video-preview:-1"},"canonical":"https:\/\/www.celttv.com.ar\/index.php\/2025\/04\/13\/alerta-amarillo-por-tormentas-para-tornquist-y-la-region\/","og_locale":"es_ES","og_type":"article","og_title":"Alerta amarillo por tormentas para Tornquist y la regi\u00f3n - CELTTV","og_description":"Sitio web de noticias de la localidad de Tornquist, provincia de Buenos Aires, Rep\u00fablica Argentina. Contenido propio originado por periodistas de CELTTV, el canal de TV local de la Cooperativa El\u00e9ctrica de Tornquist. Turismo, Pol\u00edtica, Sociedad, Deporte, Cultura y todo el contenido de inter\u00e9s general que la gente del pueblo y la regi\u00f3n debe conocer.","og_url":"https:\/\/www.celttv.com.ar\/index.php\/2025\/04\/13\/alerta-amarillo-por-tormentas-para-tornquist-y-la-region\/","og_site_name":"CELTTV","article_publisher":"https:\/\/www.facebook.com\/celtTV\/","article_published_time":"2025-04-13T23:44:51+00:00","og_image":[{"width":467,"height":726,"url":"https:\/\/www.celttv.com.ar\/wp-content\/uploads\/2025\/04\/alerta-13-4.png","type":"image\/png"}],"author":"Miguel Herrada","twitter_card":"summary_large_image","twitter_misc":{"Escrito por":"Miguel Herrada","Tiempo de lectura":"2 minutos"},"schema":{"@context":"https:\/\/schema.org","@graph":[{"@type":"NewsArticle","@id":"https:\/\/www.celttv.com.ar\/index.php\/2025\/04\/13\/alerta-amarillo-por-tormentas-para-tornquist-y-la-region\/#article","isPartOf":{"@id":"https:\/\/www.celttv.com.ar\/index.php\/2025\/04\/13\/alerta-amarillo-por-tormentas-para-tornquist-y-la-region\/"},"author":{"name":"Miguel Herrada","@id":"https:\/\/www.celttv.com.ar\/#\/schema\/person\/9059dc91dc7204ef4182cdb65225f07d"},"headline":"Alerta amarillo por tormentas para Tornquist y la regi\u00f3n","datePublished":"2025-04-13T23:44:51+00:00","dateModified":"2025-04-13T23:44:51+00:00","mainEntityOfPage":{"@id":"https:\/\/www.celttv.com.ar\/index.php\/2025\/04\/13\/alerta-amarillo-por-tormentas-para-tornquist-y-la-region\/"},"wordCount":338,"publisher":{"@id":"https:\/\/www.celttv.com.ar\/#organization"},"articleSection":["Comunidad","Destacadas"],"inLanguage":"es"},{"@type":"WebPage","@id":"https:\/\/www.celttv.com.ar\/index.php\/2025\/04\/13\/alerta-amarillo-por-tormentas-para-tornquist-y-la-region\/","url":"https:\/\/www.celttv.com.ar\/index.php\/2025\/04\/13\/alerta-amarillo-por-tormentas-para-tornquist-y-la-region\/","name":"Alerta amarillo por tormentas para Tornquist y la regi\u00f3n - CELTTV","isPartOf":{"@id":"https:\/\/www.celttv.com.ar\/#website"},"datePublished":"2025-04-13T23:44:51+00:00","dateModified":"2025-04-13T23:44:51+00:00","description":"Sitio web de noticias de la localidad de Tornquist, provincia de Buenos Aires, Rep\u00fablica Argentina. Contenido propio originado por periodistas de CELTTV, el canal de TV local de la Cooperativa El\u00e9ctrica de Tornquist. Turismo, Pol\u00edtica, Sociedad, Deporte, Cultura y todo el contenido de inter\u00e9s general que la gente del pueblo y la regi\u00f3n debe conocer.","breadcrumb":{"@id":"https:\/\/www.celttv.com.ar\/index.php\/2025\/04\/13\/alerta-amarillo-por-tormentas-para-tornquist-y-la-region\/#breadcrumb"},"inLanguage":"es","potentialAction":[{"@type":"ReadAction","target":["https:\/\/www.celttv.com.ar\/index.php\/2025\/04\/13\/alerta-amarillo-por-tormentas-para-tornquist-y-la-region\/"]}]},{"@type":"BreadcrumbList","@id":"https:\/\/www.celttv.com.ar\/index.php\/2025\/04\/13\/alerta-amarillo-por-tormentas-para-tornquist-y-la-region\/#breadcrumb","itemListElement":[{"@type":"ListItem","position":1,"name":"Inicio","item":"https:\/\/www.celttv.com.ar\/"},{"@type":"ListItem","position":2,"name":"Alerta amarillo por tormentas para Tornquist y la regi\u00f3n"}]},{"@type":"WebSite","@id":"https:\/\/www.celttv.com.ar\/#website","url":"https:\/\/www.celttv.com.ar\/","name":"CELTTV","description":"Cooperativa El\u00e9ctrica de Tornquist","publisher":{"@id":"https:\/\/www.celttv.com.ar\/#organization"},"potentialAction":[{"@type":"SearchAction","target":{"@type":"EntryPoint","urlTemplate":"https:\/\/www.celttv.com.ar\/?s={search_term_string}"},"query-input":"required name=search_term_string"}],"inLanguage":"es"},{"@type":"Organization","@id":"https:\/\/www.celttv.com.ar\/#organization","name":"CELTTV","url":"https:\/\/www.celttv.com.ar\/","sameAs":["https:\/\/www.youtube.com\/channel\/UCz_oIt8Hig64Ub-EmcNPIhg","https:\/\/www.facebook.com\/celtTV\/"],"logo":{"@type":"ImageObject","inLanguage":"es","@id":"https:\/\/www.celttv.com.ar\/#\/schema\/logo\/image\/","url":"http:\/\/www.celttv.com.ar\/wp-content\/uploads\/2022\/08\/logo-1.png","contentUrl":"http:\/\/www.celttv.com.ar\/wp-content\/uploads\/2022\/08\/logo-1.png","width":461,"height":159,"caption":"CELTTV"},"image":{"@id":"https:\/\/www.celttv.com.ar\/#\/schema\/logo\/image\/"}},{"@type":"Person","@id":"https:\/\/www.celttv.com.ar\/#\/schema\/person\/9059dc91dc7204ef4182cdb65225f07d","name":"Miguel Herrada","image":{"@type":"ImageObject","inLanguage":"es","@id":"https:\/\/www.celttv.com.ar\/#\/schema\/person\/image\/","url":"https:\/\/secure.gravatar.com\/avatar\/67724d5b3c716623ffd76bec7e45841a442ac3b456e914dbba90b0fad2b8e0b1?s=96&d=mm&r=g","contentUrl":"https:\/\/secure.gravatar.com\/avatar\/67724d5b3c716623ffd76bec7e45841a442ac3b456e914dbba90b0fad2b8e0b1?s=96&d=mm&r=g","caption":"Miguel Herrada"}}]}},"_links":{"self":[{"href":"https:\/\/www.celttv.com.ar\/index.php\/wp-json\/wp\/v2\/posts\/88192","targetHints":{"allow":["GET"]}}],"collection":[{"href":"https:\/\/www.celttv.com.ar\/index.php\/wp-json\/wp\/v2\/posts"}],"about":[{"href":"https:\/\/www.celttv.com.ar\/index.php\/wp-json\/wp\/v2\/types\/post"}],"author":[{"embeddable":true,"href":"https:\/\/www.celttv.com.ar\/index.php\/wp-json\/wp\/v2\/users\/5"}],"replies":[{"embeddable":true,"href":"https:\/\/www.celttv.com.ar\/index.php\/wp-json\/wp\/v2\/comments?post=88192"}],"version-history":[{"count":1,"href":"https:\/\/www.celttv.com.ar\/index.php\/wp-json\/wp\/v2\/posts\/88192\/revisions"}],"predecessor-version":[{"id":88194,"href":"https:\/\/www.celttv.com.ar\/index.php\/wp-json\/wp\/v2\/posts\/88192\/revisions\/88194"}],"wp:featuredmedia":[{"embeddable":true,"href":"https:\/\/www.celttv.com.ar\/index.php\/wp-json\/wp\/v2\/media\/88193"}],"wp:attachment":[{"href":"https:\/\/www.celttv.com.ar\/index.php\/wp-json\/wp\/v2\/media?parent=88192"}],"wp:term":[{"taxonomy":"category","embeddable":true,"href":"https:\/\/www.celttv.com.ar\/index.php\/wp-json\/wp\/v2\/categories?post=88192"},{"taxonomy":"post_tag","embeddable":true,"href":"https:\/\/www.celttv.com.ar\/index.php\/wp-json\/wp\/v2\/tags?post=88192"}],"curies":[{"name":"wp","href":"https:\/\/api.w.org\/{rel}","templated":true}]}}