{"id":88272,"date":"2025-04-22T17:29:52","date_gmt":"2025-04-22T20:29:52","guid":{"rendered":"https:\/\/www.celttv.com.ar\/?p=88272"},"modified":"2025-04-22T17:29:52","modified_gmt":"2025-04-22T20:29:52","slug":"la-oficina-de-empleo-atendera-en-sierra-de-la-ventana-y-saldungaray","status":"publish","type":"post","link":"https:\/\/www.celttv.com.ar\/index.php\/2025\/04\/22\/la-oficina-de-empleo-atendera-en-sierra-de-la-ventana-y-saldungaray\/","title":{"rendered":"La Oficina de Empleo atender\u00e1 en Sierra de la Ventana y Saldungaray"},"content":{"rendered":"<p>La Secretar\u00eda de Ambiente y Desarrollo Productivo de Tornquist Municipio informa que, este viernes 25, la Oficina de Empleo atender\u00e1 en Sierra de la Ventana y Saldungaray.<\/p>\n<p>All\u00ed, los vecinos podr\u00e1n llevar y\/o actualizar su Curr\u00edculum Vitae y conocer los diferentes programas de empleo. Asimismo, quienes deseen renovar su inclusi\u00f3n en la Ley ALAS, deben llevar sus constancias de inscripci\u00f3n de ARCA y ARBA.<\/p>\n<p>Horarios:<\/p>\n<p>-Saldungaray (Oficina Desarrollo Social): 9 a 11 hs<\/p>\n<p>-Sierra de la Ventana (Oficina Desarrollo Social): 11.10 a 13 hs.<\/p>\n<p><img loading=\"lazy\" decoding=\"async\" class=\"alignnone wp-image-88273 size-large\" src=\"https:\/\/www.celttv.com.ar\/wp-content\/uploads\/2025\/04\/OFICINA-DE-EMPLEO-819x1024.jpg\" alt=\"\" width=\"819\" height=\"1024\" srcset=\"https:\/\/www.celttv.com.ar\/wp-content\/uploads\/2025\/04\/OFICINA-DE-EMPLEO-819x1024.jpg 819w, https:\/\/www.celttv.com.ar\/wp-content\/uploads\/2025\/04\/OFICINA-DE-EMPLEO-240x300.jpg 240w, https:\/\/www.celttv.com.ar\/wp-content\/uploads\/2025\/04\/OFICINA-DE-EMPLEO-768x960.jpg 768w, https:\/\/www.celttv.com.ar\/wp-content\/uploads\/2025\/04\/OFICINA-DE-EMPLEO-750x938.jpg 750w, https:\/\/www.celttv.com.ar\/wp-content\/uploads\/2025\/04\/OFICINA-DE-EMPLEO.jpg 1080w\" sizes=\"auto, (max-width: 819px) 100vw, 819px\" \/><\/p>\n","protected":false},"excerpt":{"rendered":"<p>La Secretar\u00eda de Ambiente y Desarrollo Productivo de Tornquist Municipio informa que, este viernes 25, la Oficina de Empleo atender\u00e1 en Sierra de la Ventana y Saldungaray. All\u00ed, los vecinos podr\u00e1n llevar y\/o actualizar su Curr\u00edculum Vitae y conocer los diferentes programas de empleo. Asimismo, quienes deseen renovar su inclusi\u00f3n en la Ley ALAS, deben [&hellip;]<\/p>\n","protected":false},"author":5,"featured_media":88273,"comment_status":"closed","ping_status":"closed","sticky":false,"template":"","format":"standard","meta":{"footnotes":""},"categories":[59],"tags":[],"class_list":["post-88272","post","type-post","status-publish","format-standard","has-post-thumbnail","hentry","category-municipales"],"yoast_head":"<!-- This site is optimized with the Yoast SEO plugin v19.7.1 - https:\/\/yoast.com\/wordpress\/plugins\/seo\/ -->\n<title>La Oficina de Empleo atender\u00e1 en Sierra de la Ventana y Saldungaray - CELTTV<\/title>\n<meta name=\"description\" content=\"Sitio web de noticias de la localidad de Tornquist, provincia de Buenos Aires, Rep\u00fablica Argentina. Contenido propio originado por periodistas de CELTTV, el canal de TV local de la Cooperativa El\u00e9ctrica de Tornquist. Turismo, Pol\u00edtica, Sociedad, Deporte, Cultura y todo el contenido de inter\u00e9s general que la gente del pueblo y la regi\u00f3n debe conocer.\" \/>\n<meta name=\"robots\" content=\"index, follow, max-snippet:-1, max-image-preview:large, max-video-preview:-1\" \/>\n<link rel=\"canonical\" href=\"https:\/\/www.celttv.com.ar\/index.php\/2025\/04\/22\/la-oficina-de-empleo-atendera-en-sierra-de-la-ventana-y-saldungaray\/\" \/>\n<meta property=\"og:locale\" content=\"es_ES\" \/>\n<meta property=\"og:type\" content=\"article\" \/>\n<meta property=\"og:title\" content=\"La Oficina de Empleo atender\u00e1 en Sierra de la Ventana y Saldungaray - CELTTV\" \/>\n<meta property=\"og:description\" content=\"Sitio web de noticias de la localidad de Tornquist, provincia de Buenos Aires, Rep\u00fablica Argentina. Contenido propio originado por periodistas de CELTTV, el canal de TV local de la Cooperativa El\u00e9ctrica de Tornquist. Turismo, Pol\u00edtica, Sociedad, Deporte, Cultura y todo el contenido de inter\u00e9s general que la gente del pueblo y la regi\u00f3n debe conocer.\" \/>\n<meta property=\"og:url\" content=\"https:\/\/www.celttv.com.ar\/index.php\/2025\/04\/22\/la-oficina-de-empleo-atendera-en-sierra-de-la-ventana-y-saldungaray\/\" \/>\n<meta property=\"og:site_name\" content=\"CELTTV\" \/>\n<meta property=\"article:publisher\" content=\"https:\/\/www.facebook.com\/celtTV\/\" \/>\n<meta property=\"article:published_time\" content=\"2025-04-22T20:29:52+00:00\" \/>\n<meta property=\"og:image\" content=\"https:\/\/www.celttv.com.ar\/wp-content\/uploads\/2025\/04\/OFICINA-DE-EMPLEO.jpg\" \/>\n\t<meta property=\"og:image:width\" content=\"1080\" \/>\n\t<meta property=\"og:image:height\" content=\"1350\" \/>\n\t<meta property=\"og:image:type\" content=\"image\/jpeg\" \/>\n<meta name=\"author\" content=\"Miguel Herrada\" \/>\n<meta name=\"twitter:card\" content=\"summary_large_image\" \/>\n<meta name=\"twitter:label1\" content=\"Escrito por\" \/>\n\t<meta name=\"twitter:data1\" content=\"Miguel Herrada\" \/>\n<script type=\"application\/ld+json\" class=\"yoast-schema-graph\">{\"@context\":\"https:\/\/schema.org\",\"@graph\":[{\"@type\":\"NewsArticle\",\"@id\":\"https:\/\/www.celttv.com.ar\/index.php\/2025\/04\/22\/la-oficina-de-empleo-atendera-en-sierra-de-la-ventana-y-saldungaray\/#article\",\"isPartOf\":{\"@id\":\"https:\/\/www.celttv.com.ar\/index.php\/2025\/04\/22\/la-oficina-de-empleo-atendera-en-sierra-de-la-ventana-y-saldungaray\/\"},\"author\":{\"name\":\"Miguel Herrada\",\"@id\":\"https:\/\/www.celttv.com.ar\/#\/schema\/person\/9059dc91dc7204ef4182cdb65225f07d\"},\"headline\":\"La Oficina de Empleo atender\u00e1 en Sierra de la Ventana y Saldungaray\",\"datePublished\":\"2025-04-22T20:29:52+00:00\",\"dateModified\":\"2025-04-22T20:29:52+00:00\",\"mainEntityOfPage\":{\"@id\":\"https:\/\/www.celttv.com.ar\/index.php\/2025\/04\/22\/la-oficina-de-empleo-atendera-en-sierra-de-la-ventana-y-saldungaray\/\"},\"wordCount\":97,\"publisher\":{\"@id\":\"https:\/\/www.celttv.com.ar\/#organization\"},\"articleSection\":[\"Municipales\"],\"inLanguage\":\"es\"},{\"@type\":\"WebPage\",\"@id\":\"https:\/\/www.celttv.com.ar\/index.php\/2025\/04\/22\/la-oficina-de-empleo-atendera-en-sierra-de-la-ventana-y-saldungaray\/\",\"url\":\"https:\/\/www.celttv.com.ar\/index.php\/2025\/04\/22\/la-oficina-de-empleo-atendera-en-sierra-de-la-ventana-y-saldungaray\/\",\"name\":\"La Oficina de Empleo atender\u00e1 en Sierra de la Ventana y Saldungaray - CELTTV\",\"isPartOf\":{\"@id\":\"https:\/\/www.celttv.com.ar\/#website\"},\"datePublished\":\"2025-04-22T20:29:52+00:00\",\"dateModified\":\"2025-04-22T20:29:52+00:00\",\"description\":\"Sitio web de noticias de la localidad de Tornquist, provincia de Buenos Aires, Rep\u00fablica Argentina. Contenido propio originado por periodistas de CELTTV, el canal de TV local de la Cooperativa El\u00e9ctrica de Tornquist. Turismo, Pol\u00edtica, Sociedad, Deporte, Cultura y todo el contenido de inter\u00e9s general que la gente del pueblo y la regi\u00f3n debe conocer.\",\"breadcrumb\":{\"@id\":\"https:\/\/www.celttv.com.ar\/index.php\/2025\/04\/22\/la-oficina-de-empleo-atendera-en-sierra-de-la-ventana-y-saldungaray\/#breadcrumb\"},\"inLanguage\":\"es\",\"potentialAction\":[{\"@type\":\"ReadAction\",\"target\":[\"https:\/\/www.celttv.com.ar\/index.php\/2025\/04\/22\/la-oficina-de-empleo-atendera-en-sierra-de-la-ventana-y-saldungaray\/\"]}]},{\"@type\":\"BreadcrumbList\",\"@id\":\"https:\/\/www.celttv.com.ar\/index.php\/2025\/04\/22\/la-oficina-de-empleo-atendera-en-sierra-de-la-ventana-y-saldungaray\/#breadcrumb\",\"itemListElement\":[{\"@type\":\"ListItem\",\"position\":1,\"name\":\"Inicio\",\"item\":\"https:\/\/www.celttv.com.ar\/\"},{\"@type\":\"ListItem\",\"position\":2,\"name\":\"La Oficina de Empleo atender\u00e1 en Sierra de la Ventana y Saldungaray\"}]},{\"@type\":\"WebSite\",\"@id\":\"https:\/\/www.celttv.com.ar\/#website\",\"url\":\"https:\/\/www.celttv.com.ar\/\",\"name\":\"CELTTV\",\"description\":\"Cooperativa El\u00e9ctrica de Tornquist\",\"publisher\":{\"@id\":\"https:\/\/www.celttv.com.ar\/#organization\"},\"potentialAction\":[{\"@type\":\"SearchAction\",\"target\":{\"@type\":\"EntryPoint\",\"urlTemplate\":\"https:\/\/www.celttv.com.ar\/?s={search_term_string}\"},\"query-input\":\"required name=search_term_string\"}],\"inLanguage\":\"es\"},{\"@type\":\"Organization\",\"@id\":\"https:\/\/www.celttv.com.ar\/#organization\",\"name\":\"CELTTV\",\"url\":\"https:\/\/www.celttv.com.ar\/\",\"sameAs\":[\"https:\/\/www.youtube.com\/channel\/UCz_oIt8Hig64Ub-EmcNPIhg\",\"https:\/\/www.facebook.com\/celtTV\/\"],\"logo\":{\"@type\":\"ImageObject\",\"inLanguage\":\"es\",\"@id\":\"https:\/\/www.celttv.com.ar\/#\/schema\/logo\/image\/\",\"url\":\"http:\/\/www.celttv.com.ar\/wp-content\/uploads\/2022\/08\/logo-1.png\",\"contentUrl\":\"http:\/\/www.celttv.com.ar\/wp-content\/uploads\/2022\/08\/logo-1.png\",\"width\":461,\"height\":159,\"caption\":\"CELTTV\"},\"image\":{\"@id\":\"https:\/\/www.celttv.com.ar\/#\/schema\/logo\/image\/\"}},{\"@type\":\"Person\",\"@id\":\"https:\/\/www.celttv.com.ar\/#\/schema\/person\/9059dc91dc7204ef4182cdb65225f07d\",\"name\":\"Miguel Herrada\",\"image\":{\"@type\":\"ImageObject\",\"inLanguage\":\"es\",\"@id\":\"https:\/\/www.celttv.com.ar\/#\/schema\/person\/image\/\",\"url\":\"https:\/\/secure.gravatar.com\/avatar\/67724d5b3c716623ffd76bec7e45841a442ac3b456e914dbba90b0fad2b8e0b1?s=96&d=mm&r=g\",\"contentUrl\":\"https:\/\/secure.gravatar.com\/avatar\/67724d5b3c716623ffd76bec7e45841a442ac3b456e914dbba90b0fad2b8e0b1?s=96&d=mm&r=g\",\"caption\":\"Miguel Herrada\"}}]}<\/script>\n<!-- \/ Yoast SEO plugin. -->","yoast_head_json":{"title":"La Oficina de Empleo atender\u00e1 en Sierra de la Ventana y Saldungaray - CELTTV","description":"Sitio web de noticias de la localidad de Tornquist, provincia de Buenos Aires, Rep\u00fablica Argentina. Contenido propio originado por periodistas de CELTTV, el canal de TV local de la Cooperativa El\u00e9ctrica de Tornquist. Turismo, Pol\u00edtica, Sociedad, Deporte, Cultura y todo el contenido de inter\u00e9s general que la gente del pueblo y la regi\u00f3n debe conocer.","robots":{"index":"index","follow":"follow","max-snippet":"max-snippet:-1","max-image-preview":"max-image-preview:large","max-video-preview":"max-video-preview:-1"},"canonical":"https:\/\/www.celttv.com.ar\/index.php\/2025\/04\/22\/la-oficina-de-empleo-atendera-en-sierra-de-la-ventana-y-saldungaray\/","og_locale":"es_ES","og_type":"article","og_title":"La Oficina de Empleo atender\u00e1 en Sierra de la Ventana y Saldungaray - CELTTV","og_description":"Sitio web de noticias de la localidad de Tornquist, provincia de Buenos Aires, Rep\u00fablica Argentina. Contenido propio originado por periodistas de CELTTV, el canal de TV local de la Cooperativa El\u00e9ctrica de Tornquist. Turismo, Pol\u00edtica, Sociedad, Deporte, Cultura y todo el contenido de inter\u00e9s general que la gente del pueblo y la regi\u00f3n debe conocer.","og_url":"https:\/\/www.celttv.com.ar\/index.php\/2025\/04\/22\/la-oficina-de-empleo-atendera-en-sierra-de-la-ventana-y-saldungaray\/","og_site_name":"CELTTV","article_publisher":"https:\/\/www.facebook.com\/celtTV\/","article_published_time":"2025-04-22T20:29:52+00:00","og_image":[{"width":1080,"height":1350,"url":"https:\/\/www.celttv.com.ar\/wp-content\/uploads\/2025\/04\/OFICINA-DE-EMPLEO.jpg","type":"image\/jpeg"}],"author":"Miguel Herrada","twitter_card":"summary_large_image","twitter_misc":{"Escrito por":"Miguel Herrada"},"schema":{"@context":"https:\/\/schema.org","@graph":[{"@type":"NewsArticle","@id":"https:\/\/www.celttv.com.ar\/index.php\/2025\/04\/22\/la-oficina-de-empleo-atendera-en-sierra-de-la-ventana-y-saldungaray\/#article","isPartOf":{"@id":"https:\/\/www.celttv.com.ar\/index.php\/2025\/04\/22\/la-oficina-de-empleo-atendera-en-sierra-de-la-ventana-y-saldungaray\/"},"author":{"name":"Miguel Herrada","@id":"https:\/\/www.celttv.com.ar\/#\/schema\/person\/9059dc91dc7204ef4182cdb65225f07d"},"headline":"La Oficina de Empleo atender\u00e1 en Sierra de la Ventana y Saldungaray","datePublished":"2025-04-22T20:29:52+00:00","dateModified":"2025-04-22T20:29:52+00:00","mainEntityOfPage":{"@id":"https:\/\/www.celttv.com.ar\/index.php\/2025\/04\/22\/la-oficina-de-empleo-atendera-en-sierra-de-la-ventana-y-saldungaray\/"},"wordCount":97,"publisher":{"@id":"https:\/\/www.celttv.com.ar\/#organization"},"articleSection":["Municipales"],"inLanguage":"es"},{"@type":"WebPage","@id":"https:\/\/www.celttv.com.ar\/index.php\/2025\/04\/22\/la-oficina-de-empleo-atendera-en-sierra-de-la-ventana-y-saldungaray\/","url":"https:\/\/www.celttv.com.ar\/index.php\/2025\/04\/22\/la-oficina-de-empleo-atendera-en-sierra-de-la-ventana-y-saldungaray\/","name":"La Oficina de Empleo atender\u00e1 en Sierra de la Ventana y Saldungaray - CELTTV","isPartOf":{"@id":"https:\/\/www.celttv.com.ar\/#website"},"datePublished":"2025-04-22T20:29:52+00:00","dateModified":"2025-04-22T20:29:52+00:00","description":"Sitio web de noticias de la localidad de Tornquist, provincia de Buenos Aires, Rep\u00fablica Argentina. Contenido propio originado por periodistas de CELTTV, el canal de TV local de la Cooperativa El\u00e9ctrica de Tornquist. Turismo, Pol\u00edtica, Sociedad, Deporte, Cultura y todo el contenido de inter\u00e9s general que la gente del pueblo y la regi\u00f3n debe conocer.","breadcrumb":{"@id":"https:\/\/www.celttv.com.ar\/index.php\/2025\/04\/22\/la-oficina-de-empleo-atendera-en-sierra-de-la-ventana-y-saldungaray\/#breadcrumb"},"inLanguage":"es","potentialAction":[{"@type":"ReadAction","target":["https:\/\/www.celttv.com.ar\/index.php\/2025\/04\/22\/la-oficina-de-empleo-atendera-en-sierra-de-la-ventana-y-saldungaray\/"]}]},{"@type":"BreadcrumbList","@id":"https:\/\/www.celttv.com.ar\/index.php\/2025\/04\/22\/la-oficina-de-empleo-atendera-en-sierra-de-la-ventana-y-saldungaray\/#breadcrumb","itemListElement":[{"@type":"ListItem","position":1,"name":"Inicio","item":"https:\/\/www.celttv.com.ar\/"},{"@type":"ListItem","position":2,"name":"La Oficina de Empleo atender\u00e1 en Sierra de la Ventana y Saldungaray"}]},{"@type":"WebSite","@id":"https:\/\/www.celttv.com.ar\/#website","url":"https:\/\/www.celttv.com.ar\/","name":"CELTTV","description":"Cooperativa El\u00e9ctrica de Tornquist","publisher":{"@id":"https:\/\/www.celttv.com.ar\/#organization"},"potentialAction":[{"@type":"SearchAction","target":{"@type":"EntryPoint","urlTemplate":"https:\/\/www.celttv.com.ar\/?s={search_term_string}"},"query-input":"required name=search_term_string"}],"inLanguage":"es"},{"@type":"Organization","@id":"https:\/\/www.celttv.com.ar\/#organization","name":"CELTTV","url":"https:\/\/www.celttv.com.ar\/","sameAs":["https:\/\/www.youtube.com\/channel\/UCz_oIt8Hig64Ub-EmcNPIhg","https:\/\/www.facebook.com\/celtTV\/"],"logo":{"@type":"ImageObject","inLanguage":"es","@id":"https:\/\/www.celttv.com.ar\/#\/schema\/logo\/image\/","url":"http:\/\/www.celttv.com.ar\/wp-content\/uploads\/2022\/08\/logo-1.png","contentUrl":"http:\/\/www.celttv.com.ar\/wp-content\/uploads\/2022\/08\/logo-1.png","width":461,"height":159,"caption":"CELTTV"},"image":{"@id":"https:\/\/www.celttv.com.ar\/#\/schema\/logo\/image\/"}},{"@type":"Person","@id":"https:\/\/www.celttv.com.ar\/#\/schema\/person\/9059dc91dc7204ef4182cdb65225f07d","name":"Miguel Herrada","image":{"@type":"ImageObject","inLanguage":"es","@id":"https:\/\/www.celttv.com.ar\/#\/schema\/person\/image\/","url":"https:\/\/secure.gravatar.com\/avatar\/67724d5b3c716623ffd76bec7e45841a442ac3b456e914dbba90b0fad2b8e0b1?s=96&d=mm&r=g","contentUrl":"https:\/\/secure.gravatar.com\/avatar\/67724d5b3c716623ffd76bec7e45841a442ac3b456e914dbba90b0fad2b8e0b1?s=96&d=mm&r=g","caption":"Miguel Herrada"}}]}},"_links":{"self":[{"href":"https:\/\/www.celttv.com.ar\/index.php\/wp-json\/wp\/v2\/posts\/88272","targetHints":{"allow":["GET"]}}],"collection":[{"href":"https:\/\/www.celttv.com.ar\/index.php\/wp-json\/wp\/v2\/posts"}],"about":[{"href":"https:\/\/www.celttv.com.ar\/index.php\/wp-json\/wp\/v2\/types\/post"}],"author":[{"embeddable":true,"href":"https:\/\/www.celttv.com.ar\/index.php\/wp-json\/wp\/v2\/users\/5"}],"replies":[{"embeddable":true,"href":"https:\/\/www.celttv.com.ar\/index.php\/wp-json\/wp\/v2\/comments?post=88272"}],"version-history":[{"count":1,"href":"https:\/\/www.celttv.com.ar\/index.php\/wp-json\/wp\/v2\/posts\/88272\/revisions"}],"predecessor-version":[{"id":88274,"href":"https:\/\/www.celttv.com.ar\/index.php\/wp-json\/wp\/v2\/posts\/88272\/revisions\/88274"}],"wp:featuredmedia":[{"embeddable":true,"href":"https:\/\/www.celttv.com.ar\/index.php\/wp-json\/wp\/v2\/media\/88273"}],"wp:attachment":[{"href":"https:\/\/www.celttv.com.ar\/index.php\/wp-json\/wp\/v2\/media?parent=88272"}],"wp:term":[{"taxonomy":"category","embeddable":true,"href":"https:\/\/www.celttv.com.ar\/index.php\/wp-json\/wp\/v2\/categories?post=88272"},{"taxonomy":"post_tag","embeddable":true,"href":"https:\/\/www.celttv.com.ar\/index.php\/wp-json\/wp\/v2\/tags?post=88272"}],"curies":[{"name":"wp","href":"https:\/\/api.w.org\/{rel}","templated":true}]}}