{"id":88283,"date":"2025-04-23T17:47:19","date_gmt":"2025-04-23T20:47:19","guid":{"rendered":"https:\/\/www.celttv.com.ar\/?p=88283"},"modified":"2025-04-23T17:47:19","modified_gmt":"2025-04-23T20:47:19","slug":"busquedas-laborales-activas-de-la-oficina-de-empleo","status":"publish","type":"post","link":"https:\/\/www.celttv.com.ar\/index.php\/2025\/04\/23\/busquedas-laborales-activas-de-la-oficina-de-empleo\/","title":{"rendered":"B\u00fasquedas laborales activas de la Oficina de Empleo"},"content":{"rendered":"<p>La Oficina de Empleo de Tornquist Municipio informa las b\u00fasquedas laborales activas en la localidad cabecera del distrito:<\/p>\n<p>-Personal de ventas y atenci\u00f3n al p\u00fablico \u2013 Referencia: \u2018Ventas al p\u00fablico\u2019;<\/p>\n<p>-Vendedor de productos en la regi\u00f3n \u2013 Referencia: \u2018Vendedor para la regi\u00f3n\u2019;<\/p>\n<p>-Persona para limpieza de espacio (temporal) \u2013 Referencia: \u2018Limpieza espacio\u2019;<\/p>\n<p>-Persona para mantenimiento (temporal) \u2013 Referencia: \u2018Electricista y plomero\u2019.<\/p>\n<p>Los requisitos para cada vacante, se encuentran descriptos en las im\u00e1genes que acompa\u00f1an a la nota.<\/p>\n<p>Los interesados deben enviar CV con la referencia correspondiente, a <a href=\"mailto:empleotornquist@gmail.com\">empleotornquist@gmail.com<\/a>, por WhatsApp al 2914747062 o personalmente en Av. San Mart\u00edn 268.<\/p>\n<p><img loading=\"lazy\" decoding=\"async\" class=\"alignnone wp-image-88284 size-large\" src=\"https:\/\/www.celttv.com.ar\/wp-content\/uploads\/2025\/04\/Busquedas-laborales-23-4-1-819x1024.jpg\" alt=\"\" width=\"819\" height=\"1024\" srcset=\"https:\/\/www.celttv.com.ar\/wp-content\/uploads\/2025\/04\/Busquedas-laborales-23-4-1-819x1024.jpg 819w, https:\/\/www.celttv.com.ar\/wp-content\/uploads\/2025\/04\/Busquedas-laborales-23-4-1-240x300.jpg 240w, https:\/\/www.celttv.com.ar\/wp-content\/uploads\/2025\/04\/Busquedas-laborales-23-4-1-768x960.jpg 768w, https:\/\/www.celttv.com.ar\/wp-content\/uploads\/2025\/04\/Busquedas-laborales-23-4-1-750x938.jpg 750w, https:\/\/www.celttv.com.ar\/wp-content\/uploads\/2025\/04\/Busquedas-laborales-23-4-1.jpg 1080w\" sizes=\"auto, (max-width: 819px) 100vw, 819px\" \/> <img loading=\"lazy\" decoding=\"async\" class=\"alignnone wp-image-88285 size-large\" src=\"https:\/\/www.celttv.com.ar\/wp-content\/uploads\/2025\/04\/Busquedas-laborales-23-4-2-819x1024.jpg\" alt=\"\" width=\"819\" height=\"1024\" srcset=\"https:\/\/www.celttv.com.ar\/wp-content\/uploads\/2025\/04\/Busquedas-laborales-23-4-2-819x1024.jpg 819w, https:\/\/www.celttv.com.ar\/wp-content\/uploads\/2025\/04\/Busquedas-laborales-23-4-2-240x300.jpg 240w, https:\/\/www.celttv.com.ar\/wp-content\/uploads\/2025\/04\/Busquedas-laborales-23-4-2-768x960.jpg 768w, https:\/\/www.celttv.com.ar\/wp-content\/uploads\/2025\/04\/Busquedas-laborales-23-4-2-750x938.jpg 750w, https:\/\/www.celttv.com.ar\/wp-content\/uploads\/2025\/04\/Busquedas-laborales-23-4-2.jpg 1080w\" sizes=\"auto, (max-width: 819px) 100vw, 819px\" \/> <img loading=\"lazy\" decoding=\"async\" class=\"alignnone wp-image-88286 size-large\" src=\"https:\/\/www.celttv.com.ar\/wp-content\/uploads\/2025\/04\/Busquedas-laborales-23-4-3-819x1024.jpg\" alt=\"\" width=\"819\" height=\"1024\" srcset=\"https:\/\/www.celttv.com.ar\/wp-content\/uploads\/2025\/04\/Busquedas-laborales-23-4-3-819x1024.jpg 819w, https:\/\/www.celttv.com.ar\/wp-content\/uploads\/2025\/04\/Busquedas-laborales-23-4-3-240x300.jpg 240w, https:\/\/www.celttv.com.ar\/wp-content\/uploads\/2025\/04\/Busquedas-laborales-23-4-3-768x960.jpg 768w, https:\/\/www.celttv.com.ar\/wp-content\/uploads\/2025\/04\/Busquedas-laborales-23-4-3-750x938.jpg 750w, https:\/\/www.celttv.com.ar\/wp-content\/uploads\/2025\/04\/Busquedas-laborales-23-4-3.jpg 1080w\" sizes=\"auto, (max-width: 819px) 100vw, 819px\" \/> <img loading=\"lazy\" decoding=\"async\" class=\"alignnone wp-image-88287 size-large\" src=\"https:\/\/www.celttv.com.ar\/wp-content\/uploads\/2025\/04\/Busquedas-laborales-23-4-4-819x1024.jpg\" alt=\"\" width=\"819\" height=\"1024\" srcset=\"https:\/\/www.celttv.com.ar\/wp-content\/uploads\/2025\/04\/Busquedas-laborales-23-4-4-819x1024.jpg 819w, https:\/\/www.celttv.com.ar\/wp-content\/uploads\/2025\/04\/Busquedas-laborales-23-4-4-240x300.jpg 240w, https:\/\/www.celttv.com.ar\/wp-content\/uploads\/2025\/04\/Busquedas-laborales-23-4-4-768x960.jpg 768w, https:\/\/www.celttv.com.ar\/wp-content\/uploads\/2025\/04\/Busquedas-laborales-23-4-4-750x938.jpg 750w, https:\/\/www.celttv.com.ar\/wp-content\/uploads\/2025\/04\/Busquedas-laborales-23-4-4.jpg 1080w\" sizes=\"auto, (max-width: 819px) 100vw, 819px\" \/><\/p>\n","protected":false},"excerpt":{"rendered":"<p>La Oficina de Empleo de Tornquist Municipio informa las b\u00fasquedas laborales activas en la localidad cabecera del distrito: -Personal de ventas y atenci\u00f3n al p\u00fablico \u2013 Referencia: \u2018Ventas al p\u00fablico\u2019; -Vendedor de productos en la regi\u00f3n \u2013 Referencia: \u2018Vendedor para la regi\u00f3n\u2019; -Persona para limpieza de espacio (temporal) \u2013 Referencia: \u2018Limpieza espacio\u2019; -Persona para mantenimiento [&hellip;]<\/p>\n","protected":false},"author":5,"featured_media":88284,"comment_status":"closed","ping_status":"closed","sticky":false,"template":"","format":"standard","meta":{"footnotes":""},"categories":[51,59],"tags":[],"class_list":["post-88283","post","type-post","status-publish","format-standard","has-post-thumbnail","hentry","category-comunidad","category-municipales"],"yoast_head":"<!-- This site is optimized with the Yoast SEO plugin v19.7.1 - https:\/\/yoast.com\/wordpress\/plugins\/seo\/ -->\n<title>B\u00fasquedas laborales activas de la Oficina de Empleo - CELTTV<\/title>\n<meta name=\"description\" content=\"Sitio web de noticias de la localidad de Tornquist, provincia de Buenos Aires, Rep\u00fablica Argentina. Contenido propio originado por periodistas de CELTTV, el canal de TV local de la Cooperativa El\u00e9ctrica de Tornquist. Turismo, Pol\u00edtica, Sociedad, Deporte, Cultura y todo el contenido de inter\u00e9s general que la gente del pueblo y la regi\u00f3n debe conocer.\" \/>\n<meta name=\"robots\" content=\"index, follow, max-snippet:-1, max-image-preview:large, max-video-preview:-1\" \/>\n<link rel=\"canonical\" href=\"https:\/\/www.celttv.com.ar\/index.php\/2025\/04\/23\/busquedas-laborales-activas-de-la-oficina-de-empleo\/\" \/>\n<meta property=\"og:locale\" content=\"es_ES\" \/>\n<meta property=\"og:type\" content=\"article\" \/>\n<meta property=\"og:title\" content=\"B\u00fasquedas laborales activas de la Oficina de Empleo - CELTTV\" \/>\n<meta property=\"og:description\" content=\"Sitio web de noticias de la localidad de Tornquist, provincia de Buenos Aires, Rep\u00fablica Argentina. Contenido propio originado por periodistas de CELTTV, el canal de TV local de la Cooperativa El\u00e9ctrica de Tornquist. Turismo, Pol\u00edtica, Sociedad, Deporte, Cultura y todo el contenido de inter\u00e9s general que la gente del pueblo y la regi\u00f3n debe conocer.\" \/>\n<meta property=\"og:url\" content=\"https:\/\/www.celttv.com.ar\/index.php\/2025\/04\/23\/busquedas-laborales-activas-de-la-oficina-de-empleo\/\" \/>\n<meta property=\"og:site_name\" content=\"CELTTV\" \/>\n<meta property=\"article:publisher\" content=\"https:\/\/www.facebook.com\/celtTV\/\" \/>\n<meta property=\"article:published_time\" content=\"2025-04-23T20:47:19+00:00\" \/>\n<meta property=\"og:image\" content=\"https:\/\/www.celttv.com.ar\/wp-content\/uploads\/2025\/04\/Busquedas-laborales-23-4-1.jpg\" \/>\n\t<meta property=\"og:image:width\" content=\"1080\" \/>\n\t<meta property=\"og:image:height\" content=\"1350\" \/>\n\t<meta property=\"og:image:type\" content=\"image\/jpeg\" \/>\n<meta name=\"author\" content=\"Miguel Herrada\" \/>\n<meta name=\"twitter:card\" content=\"summary_large_image\" \/>\n<meta name=\"twitter:label1\" content=\"Escrito por\" \/>\n\t<meta name=\"twitter:data1\" content=\"Miguel Herrada\" \/>\n\t<meta name=\"twitter:label2\" content=\"Tiempo de lectura\" \/>\n\t<meta name=\"twitter:data2\" content=\"1 minuto\" \/>\n<script type=\"application\/ld+json\" class=\"yoast-schema-graph\">{\"@context\":\"https:\/\/schema.org\",\"@graph\":[{\"@type\":\"NewsArticle\",\"@id\":\"https:\/\/www.celttv.com.ar\/index.php\/2025\/04\/23\/busquedas-laborales-activas-de-la-oficina-de-empleo\/#article\",\"isPartOf\":{\"@id\":\"https:\/\/www.celttv.com.ar\/index.php\/2025\/04\/23\/busquedas-laborales-activas-de-la-oficina-de-empleo\/\"},\"author\":{\"name\":\"Miguel Herrada\",\"@id\":\"https:\/\/www.celttv.com.ar\/#\/schema\/person\/9059dc91dc7204ef4182cdb65225f07d\"},\"headline\":\"B\u00fasquedas laborales activas de la Oficina de Empleo\",\"datePublished\":\"2025-04-23T20:47:19+00:00\",\"dateModified\":\"2025-04-23T20:47:19+00:00\",\"mainEntityOfPage\":{\"@id\":\"https:\/\/www.celttv.com.ar\/index.php\/2025\/04\/23\/busquedas-laborales-activas-de-la-oficina-de-empleo\/\"},\"wordCount\":113,\"publisher\":{\"@id\":\"https:\/\/www.celttv.com.ar\/#organization\"},\"articleSection\":[\"Comunidad\",\"Municipales\"],\"inLanguage\":\"es\"},{\"@type\":\"WebPage\",\"@id\":\"https:\/\/www.celttv.com.ar\/index.php\/2025\/04\/23\/busquedas-laborales-activas-de-la-oficina-de-empleo\/\",\"url\":\"https:\/\/www.celttv.com.ar\/index.php\/2025\/04\/23\/busquedas-laborales-activas-de-la-oficina-de-empleo\/\",\"name\":\"B\u00fasquedas laborales activas de la Oficina de Empleo - CELTTV\",\"isPartOf\":{\"@id\":\"https:\/\/www.celttv.com.ar\/#website\"},\"datePublished\":\"2025-04-23T20:47:19+00:00\",\"dateModified\":\"2025-04-23T20:47:19+00:00\",\"description\":\"Sitio web de noticias de la localidad de Tornquist, provincia de Buenos Aires, Rep\u00fablica Argentina. Contenido propio originado por periodistas de CELTTV, el canal de TV local de la Cooperativa El\u00e9ctrica de Tornquist. Turismo, Pol\u00edtica, Sociedad, Deporte, Cultura y todo el contenido de inter\u00e9s general que la gente del pueblo y la regi\u00f3n debe conocer.\",\"breadcrumb\":{\"@id\":\"https:\/\/www.celttv.com.ar\/index.php\/2025\/04\/23\/busquedas-laborales-activas-de-la-oficina-de-empleo\/#breadcrumb\"},\"inLanguage\":\"es\",\"potentialAction\":[{\"@type\":\"ReadAction\",\"target\":[\"https:\/\/www.celttv.com.ar\/index.php\/2025\/04\/23\/busquedas-laborales-activas-de-la-oficina-de-empleo\/\"]}]},{\"@type\":\"BreadcrumbList\",\"@id\":\"https:\/\/www.celttv.com.ar\/index.php\/2025\/04\/23\/busquedas-laborales-activas-de-la-oficina-de-empleo\/#breadcrumb\",\"itemListElement\":[{\"@type\":\"ListItem\",\"position\":1,\"name\":\"Inicio\",\"item\":\"https:\/\/www.celttv.com.ar\/\"},{\"@type\":\"ListItem\",\"position\":2,\"name\":\"B\u00fasquedas laborales activas de la Oficina de Empleo\"}]},{\"@type\":\"WebSite\",\"@id\":\"https:\/\/www.celttv.com.ar\/#website\",\"url\":\"https:\/\/www.celttv.com.ar\/\",\"name\":\"CELTTV\",\"description\":\"Cooperativa El\u00e9ctrica de Tornquist\",\"publisher\":{\"@id\":\"https:\/\/www.celttv.com.ar\/#organization\"},\"potentialAction\":[{\"@type\":\"SearchAction\",\"target\":{\"@type\":\"EntryPoint\",\"urlTemplate\":\"https:\/\/www.celttv.com.ar\/?s={search_term_string}\"},\"query-input\":\"required name=search_term_string\"}],\"inLanguage\":\"es\"},{\"@type\":\"Organization\",\"@id\":\"https:\/\/www.celttv.com.ar\/#organization\",\"name\":\"CELTTV\",\"url\":\"https:\/\/www.celttv.com.ar\/\",\"sameAs\":[\"https:\/\/www.youtube.com\/channel\/UCz_oIt8Hig64Ub-EmcNPIhg\",\"https:\/\/www.facebook.com\/celtTV\/\"],\"logo\":{\"@type\":\"ImageObject\",\"inLanguage\":\"es\",\"@id\":\"https:\/\/www.celttv.com.ar\/#\/schema\/logo\/image\/\",\"url\":\"http:\/\/www.celttv.com.ar\/wp-content\/uploads\/2022\/08\/logo-1.png\",\"contentUrl\":\"http:\/\/www.celttv.com.ar\/wp-content\/uploads\/2022\/08\/logo-1.png\",\"width\":461,\"height\":159,\"caption\":\"CELTTV\"},\"image\":{\"@id\":\"https:\/\/www.celttv.com.ar\/#\/schema\/logo\/image\/\"}},{\"@type\":\"Person\",\"@id\":\"https:\/\/www.celttv.com.ar\/#\/schema\/person\/9059dc91dc7204ef4182cdb65225f07d\",\"name\":\"Miguel Herrada\",\"image\":{\"@type\":\"ImageObject\",\"inLanguage\":\"es\",\"@id\":\"https:\/\/www.celttv.com.ar\/#\/schema\/person\/image\/\",\"url\":\"https:\/\/secure.gravatar.com\/avatar\/67724d5b3c716623ffd76bec7e45841a442ac3b456e914dbba90b0fad2b8e0b1?s=96&d=mm&r=g\",\"contentUrl\":\"https:\/\/secure.gravatar.com\/avatar\/67724d5b3c716623ffd76bec7e45841a442ac3b456e914dbba90b0fad2b8e0b1?s=96&d=mm&r=g\",\"caption\":\"Miguel Herrada\"}}]}<\/script>\n<!-- \/ Yoast SEO plugin. -->","yoast_head_json":{"title":"B\u00fasquedas laborales activas de la Oficina de Empleo - CELTTV","description":"Sitio web de noticias de la localidad de Tornquist, provincia de Buenos Aires, Rep\u00fablica Argentina. Contenido propio originado por periodistas de CELTTV, el canal de TV local de la Cooperativa El\u00e9ctrica de Tornquist. Turismo, Pol\u00edtica, Sociedad, Deporte, Cultura y todo el contenido de inter\u00e9s general que la gente del pueblo y la regi\u00f3n debe conocer.","robots":{"index":"index","follow":"follow","max-snippet":"max-snippet:-1","max-image-preview":"max-image-preview:large","max-video-preview":"max-video-preview:-1"},"canonical":"https:\/\/www.celttv.com.ar\/index.php\/2025\/04\/23\/busquedas-laborales-activas-de-la-oficina-de-empleo\/","og_locale":"es_ES","og_type":"article","og_title":"B\u00fasquedas laborales activas de la Oficina de Empleo - CELTTV","og_description":"Sitio web de noticias de la localidad de Tornquist, provincia de Buenos Aires, Rep\u00fablica Argentina. Contenido propio originado por periodistas de CELTTV, el canal de TV local de la Cooperativa El\u00e9ctrica de Tornquist. Turismo, Pol\u00edtica, Sociedad, Deporte, Cultura y todo el contenido de inter\u00e9s general que la gente del pueblo y la regi\u00f3n debe conocer.","og_url":"https:\/\/www.celttv.com.ar\/index.php\/2025\/04\/23\/busquedas-laborales-activas-de-la-oficina-de-empleo\/","og_site_name":"CELTTV","article_publisher":"https:\/\/www.facebook.com\/celtTV\/","article_published_time":"2025-04-23T20:47:19+00:00","og_image":[{"width":1080,"height":1350,"url":"https:\/\/www.celttv.com.ar\/wp-content\/uploads\/2025\/04\/Busquedas-laborales-23-4-1.jpg","type":"image\/jpeg"}],"author":"Miguel Herrada","twitter_card":"summary_large_image","twitter_misc":{"Escrito por":"Miguel Herrada","Tiempo de lectura":"1 minuto"},"schema":{"@context":"https:\/\/schema.org","@graph":[{"@type":"NewsArticle","@id":"https:\/\/www.celttv.com.ar\/index.php\/2025\/04\/23\/busquedas-laborales-activas-de-la-oficina-de-empleo\/#article","isPartOf":{"@id":"https:\/\/www.celttv.com.ar\/index.php\/2025\/04\/23\/busquedas-laborales-activas-de-la-oficina-de-empleo\/"},"author":{"name":"Miguel Herrada","@id":"https:\/\/www.celttv.com.ar\/#\/schema\/person\/9059dc91dc7204ef4182cdb65225f07d"},"headline":"B\u00fasquedas laborales activas de la Oficina de Empleo","datePublished":"2025-04-23T20:47:19+00:00","dateModified":"2025-04-23T20:47:19+00:00","mainEntityOfPage":{"@id":"https:\/\/www.celttv.com.ar\/index.php\/2025\/04\/23\/busquedas-laborales-activas-de-la-oficina-de-empleo\/"},"wordCount":113,"publisher":{"@id":"https:\/\/www.celttv.com.ar\/#organization"},"articleSection":["Comunidad","Municipales"],"inLanguage":"es"},{"@type":"WebPage","@id":"https:\/\/www.celttv.com.ar\/index.php\/2025\/04\/23\/busquedas-laborales-activas-de-la-oficina-de-empleo\/","url":"https:\/\/www.celttv.com.ar\/index.php\/2025\/04\/23\/busquedas-laborales-activas-de-la-oficina-de-empleo\/","name":"B\u00fasquedas laborales activas de la Oficina de Empleo - CELTTV","isPartOf":{"@id":"https:\/\/www.celttv.com.ar\/#website"},"datePublished":"2025-04-23T20:47:19+00:00","dateModified":"2025-04-23T20:47:19+00:00","description":"Sitio web de noticias de la localidad de Tornquist, provincia de Buenos Aires, Rep\u00fablica Argentina. Contenido propio originado por periodistas de CELTTV, el canal de TV local de la Cooperativa El\u00e9ctrica de Tornquist. Turismo, Pol\u00edtica, Sociedad, Deporte, Cultura y todo el contenido de inter\u00e9s general que la gente del pueblo y la regi\u00f3n debe conocer.","breadcrumb":{"@id":"https:\/\/www.celttv.com.ar\/index.php\/2025\/04\/23\/busquedas-laborales-activas-de-la-oficina-de-empleo\/#breadcrumb"},"inLanguage":"es","potentialAction":[{"@type":"ReadAction","target":["https:\/\/www.celttv.com.ar\/index.php\/2025\/04\/23\/busquedas-laborales-activas-de-la-oficina-de-empleo\/"]}]},{"@type":"BreadcrumbList","@id":"https:\/\/www.celttv.com.ar\/index.php\/2025\/04\/23\/busquedas-laborales-activas-de-la-oficina-de-empleo\/#breadcrumb","itemListElement":[{"@type":"ListItem","position":1,"name":"Inicio","item":"https:\/\/www.celttv.com.ar\/"},{"@type":"ListItem","position":2,"name":"B\u00fasquedas laborales activas de la Oficina de Empleo"}]},{"@type":"WebSite","@id":"https:\/\/www.celttv.com.ar\/#website","url":"https:\/\/www.celttv.com.ar\/","name":"CELTTV","description":"Cooperativa El\u00e9ctrica de Tornquist","publisher":{"@id":"https:\/\/www.celttv.com.ar\/#organization"},"potentialAction":[{"@type":"SearchAction","target":{"@type":"EntryPoint","urlTemplate":"https:\/\/www.celttv.com.ar\/?s={search_term_string}"},"query-input":"required name=search_term_string"}],"inLanguage":"es"},{"@type":"Organization","@id":"https:\/\/www.celttv.com.ar\/#organization","name":"CELTTV","url":"https:\/\/www.celttv.com.ar\/","sameAs":["https:\/\/www.youtube.com\/channel\/UCz_oIt8Hig64Ub-EmcNPIhg","https:\/\/www.facebook.com\/celtTV\/"],"logo":{"@type":"ImageObject","inLanguage":"es","@id":"https:\/\/www.celttv.com.ar\/#\/schema\/logo\/image\/","url":"http:\/\/www.celttv.com.ar\/wp-content\/uploads\/2022\/08\/logo-1.png","contentUrl":"http:\/\/www.celttv.com.ar\/wp-content\/uploads\/2022\/08\/logo-1.png","width":461,"height":159,"caption":"CELTTV"},"image":{"@id":"https:\/\/www.celttv.com.ar\/#\/schema\/logo\/image\/"}},{"@type":"Person","@id":"https:\/\/www.celttv.com.ar\/#\/schema\/person\/9059dc91dc7204ef4182cdb65225f07d","name":"Miguel Herrada","image":{"@type":"ImageObject","inLanguage":"es","@id":"https:\/\/www.celttv.com.ar\/#\/schema\/person\/image\/","url":"https:\/\/secure.gravatar.com\/avatar\/67724d5b3c716623ffd76bec7e45841a442ac3b456e914dbba90b0fad2b8e0b1?s=96&d=mm&r=g","contentUrl":"https:\/\/secure.gravatar.com\/avatar\/67724d5b3c716623ffd76bec7e45841a442ac3b456e914dbba90b0fad2b8e0b1?s=96&d=mm&r=g","caption":"Miguel Herrada"}}]}},"_links":{"self":[{"href":"https:\/\/www.celttv.com.ar\/index.php\/wp-json\/wp\/v2\/posts\/88283","targetHints":{"allow":["GET"]}}],"collection":[{"href":"https:\/\/www.celttv.com.ar\/index.php\/wp-json\/wp\/v2\/posts"}],"about":[{"href":"https:\/\/www.celttv.com.ar\/index.php\/wp-json\/wp\/v2\/types\/post"}],"author":[{"embeddable":true,"href":"https:\/\/www.celttv.com.ar\/index.php\/wp-json\/wp\/v2\/users\/5"}],"replies":[{"embeddable":true,"href":"https:\/\/www.celttv.com.ar\/index.php\/wp-json\/wp\/v2\/comments?post=88283"}],"version-history":[{"count":1,"href":"https:\/\/www.celttv.com.ar\/index.php\/wp-json\/wp\/v2\/posts\/88283\/revisions"}],"predecessor-version":[{"id":88288,"href":"https:\/\/www.celttv.com.ar\/index.php\/wp-json\/wp\/v2\/posts\/88283\/revisions\/88288"}],"wp:featuredmedia":[{"embeddable":true,"href":"https:\/\/www.celttv.com.ar\/index.php\/wp-json\/wp\/v2\/media\/88284"}],"wp:attachment":[{"href":"https:\/\/www.celttv.com.ar\/index.php\/wp-json\/wp\/v2\/media?parent=88283"}],"wp:term":[{"taxonomy":"category","embeddable":true,"href":"https:\/\/www.celttv.com.ar\/index.php\/wp-json\/wp\/v2\/categories?post=88283"},{"taxonomy":"post_tag","embeddable":true,"href":"https:\/\/www.celttv.com.ar\/index.php\/wp-json\/wp\/v2\/tags?post=88283"}],"curies":[{"name":"wp","href":"https:\/\/api.w.org\/{rel}","templated":true}]}}