{"id":88343,"date":"2025-05-02T11:07:17","date_gmt":"2025-05-02T14:07:17","guid":{"rendered":"https:\/\/www.celttv.com.ar\/?p=88343"},"modified":"2025-05-02T12:37:12","modified_gmt":"2025-05-02T15:37:12","slug":"celt-informa-corte-de-energia-programado-para-este-sabado-en-el-nuevo-barrioel","status":"publish","type":"post","link":"https:\/\/www.celttv.com.ar\/index.php\/2025\/05\/02\/celt-informa-corte-de-energia-programado-para-este-sabado-en-el-nuevo-barrioel\/","title":{"rendered":"CELT Informa: Corte de energ\u00eda programado que afect\u00f3 al nuevo barrio de viviendas"},"content":{"rendered":"<h4>La Cooperativa El\u00e9ctrica de Tornquist informa que este viernes 2 de mayo se realiz\u00f3 un corte programado\u00a0 de energ\u00eda que afect\u00f3 \u00fanicamente al nuevo barrio de viviendas construido en el sector sur de la ciudad.<\/h4>\n<h4>A partir de las 10 hs. personal de la CELT realiz\u00f3 la conexi\u00f3n del tendido de la nueva l\u00ednea compacta recientemente instalada en ese sector de la ciudad.<\/h4>\n<p><img loading=\"lazy\" decoding=\"async\" class=\"alignnone wp-image-88344 size-large\" src=\"https:\/\/www.celttv.com.ar\/wp-content\/uploads\/2025\/05\/IMG_1524-1024x768.jpg\" alt=\"\" width=\"1024\" height=\"768\" srcset=\"https:\/\/www.celttv.com.ar\/wp-content\/uploads\/2025\/05\/IMG_1524-1024x768.jpg 1024w, https:\/\/www.celttv.com.ar\/wp-content\/uploads\/2025\/05\/IMG_1524-300x225.jpg 300w, https:\/\/www.celttv.com.ar\/wp-content\/uploads\/2025\/05\/IMG_1524-768x576.jpg 768w, https:\/\/www.celttv.com.ar\/wp-content\/uploads\/2025\/05\/IMG_1524-1536x1152.jpg 1536w, https:\/\/www.celttv.com.ar\/wp-content\/uploads\/2025\/05\/IMG_1524-2048x1536.jpg 2048w, https:\/\/www.celttv.com.ar\/wp-content\/uploads\/2025\/05\/IMG_1524-750x563.jpg 750w, https:\/\/www.celttv.com.ar\/wp-content\/uploads\/2025\/05\/IMG_1524-1140x855.jpg 1140w\" sizes=\"auto, (max-width: 1024px) 100vw, 1024px\" \/><\/p>\n","protected":false},"excerpt":{"rendered":"<p>La Cooperativa El\u00e9ctrica de Tornquist informa que este viernes 2 de mayo se realiz\u00f3 un corte programado\u00a0 de energ\u00eda que afect\u00f3 \u00fanicamente al nuevo barrio de viviendas construido en el sector sur de la ciudad. A partir de las 10 hs. personal de la CELT realiz\u00f3 la conexi\u00f3n del tendido de la nueva l\u00ednea compacta [&hellip;]<\/p>\n","protected":false},"author":5,"featured_media":88344,"comment_status":"closed","ping_status":"closed","sticky":false,"template":"","format":"standard","meta":{"footnotes":""},"categories":[989,51],"tags":[],"class_list":["post-88343","post","type-post","status-publish","format-standard","has-post-thumbnail","hentry","category-celttv-y-el-cooperativismo","category-comunidad"],"yoast_head":"<!-- This site is optimized with the Yoast SEO plugin v19.7.1 - https:\/\/yoast.com\/wordpress\/plugins\/seo\/ -->\n<title>CELT Informa: Corte de energ\u00eda programado que afect\u00f3 al nuevo barrio de viviendas - CELTTV<\/title>\n<meta name=\"description\" content=\"Sitio web de noticias de la localidad de Tornquist, provincia de Buenos Aires, Rep\u00fablica Argentina. Contenido propio originado por periodistas de CELTTV, el canal de TV local de la Cooperativa El\u00e9ctrica de Tornquist. Turismo, Pol\u00edtica, Sociedad, Deporte, Cultura y todo el contenido de inter\u00e9s general que la gente del pueblo y la regi\u00f3n debe conocer.\" \/>\n<meta name=\"robots\" content=\"index, follow, max-snippet:-1, max-image-preview:large, max-video-preview:-1\" \/>\n<link rel=\"canonical\" href=\"https:\/\/www.celttv.com.ar\/index.php\/2025\/05\/02\/celt-informa-corte-de-energia-programado-para-este-sabado-en-el-nuevo-barrioel\/\" \/>\n<meta property=\"og:locale\" content=\"es_ES\" \/>\n<meta property=\"og:type\" content=\"article\" \/>\n<meta property=\"og:title\" content=\"CELT Informa: Corte de energ\u00eda programado que afect\u00f3 al nuevo barrio de viviendas - CELTTV\" \/>\n<meta property=\"og:description\" content=\"Sitio web de noticias de la localidad de Tornquist, provincia de Buenos Aires, Rep\u00fablica Argentina. Contenido propio originado por periodistas de CELTTV, el canal de TV local de la Cooperativa El\u00e9ctrica de Tornquist. Turismo, Pol\u00edtica, Sociedad, Deporte, Cultura y todo el contenido de inter\u00e9s general que la gente del pueblo y la regi\u00f3n debe conocer.\" \/>\n<meta property=\"og:url\" content=\"https:\/\/www.celttv.com.ar\/index.php\/2025\/05\/02\/celt-informa-corte-de-energia-programado-para-este-sabado-en-el-nuevo-barrioel\/\" \/>\n<meta property=\"og:site_name\" content=\"CELTTV\" \/>\n<meta property=\"article:publisher\" content=\"https:\/\/www.facebook.com\/celtTV\/\" \/>\n<meta property=\"article:published_time\" content=\"2025-05-02T14:07:17+00:00\" \/>\n<meta property=\"article:modified_time\" content=\"2025-05-02T15:37:12+00:00\" \/>\n<meta property=\"og:image\" content=\"https:\/\/www.celttv.com.ar\/wp-content\/uploads\/2025\/05\/IMG_1524-scaled.jpg\" \/>\n\t<meta property=\"og:image:width\" content=\"2560\" \/>\n\t<meta property=\"og:image:height\" content=\"1920\" \/>\n\t<meta property=\"og:image:type\" content=\"image\/jpeg\" \/>\n<meta name=\"author\" content=\"Miguel Herrada\" \/>\n<meta name=\"twitter:card\" content=\"summary_large_image\" \/>\n<meta name=\"twitter:label1\" content=\"Escrito por\" \/>\n\t<meta name=\"twitter:data1\" content=\"Miguel Herrada\" \/>\n<script type=\"application\/ld+json\" class=\"yoast-schema-graph\">{\"@context\":\"https:\/\/schema.org\",\"@graph\":[{\"@type\":\"NewsArticle\",\"@id\":\"https:\/\/www.celttv.com.ar\/index.php\/2025\/05\/02\/celt-informa-corte-de-energia-programado-para-este-sabado-en-el-nuevo-barrioel\/#article\",\"isPartOf\":{\"@id\":\"https:\/\/www.celttv.com.ar\/index.php\/2025\/05\/02\/celt-informa-corte-de-energia-programado-para-este-sabado-en-el-nuevo-barrioel\/\"},\"author\":{\"name\":\"Miguel Herrada\",\"@id\":\"https:\/\/www.celttv.com.ar\/#\/schema\/person\/9059dc91dc7204ef4182cdb65225f07d\"},\"headline\":\"CELT Informa: Corte de energ\u00eda programado que afect\u00f3 al nuevo barrio de viviendas\",\"datePublished\":\"2025-05-02T14:07:17+00:00\",\"dateModified\":\"2025-05-02T15:37:12+00:00\",\"mainEntityOfPage\":{\"@id\":\"https:\/\/www.celttv.com.ar\/index.php\/2025\/05\/02\/celt-informa-corte-de-energia-programado-para-este-sabado-en-el-nuevo-barrioel\/\"},\"wordCount\":79,\"publisher\":{\"@id\":\"https:\/\/www.celttv.com.ar\/#organization\"},\"articleSection\":[\"CELTTV y el cooperativismo\",\"Comunidad\"],\"inLanguage\":\"es\"},{\"@type\":\"WebPage\",\"@id\":\"https:\/\/www.celttv.com.ar\/index.php\/2025\/05\/02\/celt-informa-corte-de-energia-programado-para-este-sabado-en-el-nuevo-barrioel\/\",\"url\":\"https:\/\/www.celttv.com.ar\/index.php\/2025\/05\/02\/celt-informa-corte-de-energia-programado-para-este-sabado-en-el-nuevo-barrioel\/\",\"name\":\"CELT Informa: Corte de energ\u00eda programado que afect\u00f3 al nuevo barrio de viviendas - CELTTV\",\"isPartOf\":{\"@id\":\"https:\/\/www.celttv.com.ar\/#website\"},\"datePublished\":\"2025-05-02T14:07:17+00:00\",\"dateModified\":\"2025-05-02T15:37:12+00:00\",\"description\":\"Sitio web de noticias de la localidad de Tornquist, provincia de Buenos Aires, Rep\u00fablica Argentina. Contenido propio originado por periodistas de CELTTV, el canal de TV local de la Cooperativa El\u00e9ctrica de Tornquist. Turismo, Pol\u00edtica, Sociedad, Deporte, Cultura y todo el contenido de inter\u00e9s general que la gente del pueblo y la regi\u00f3n debe conocer.\",\"breadcrumb\":{\"@id\":\"https:\/\/www.celttv.com.ar\/index.php\/2025\/05\/02\/celt-informa-corte-de-energia-programado-para-este-sabado-en-el-nuevo-barrioel\/#breadcrumb\"},\"inLanguage\":\"es\",\"potentialAction\":[{\"@type\":\"ReadAction\",\"target\":[\"https:\/\/www.celttv.com.ar\/index.php\/2025\/05\/02\/celt-informa-corte-de-energia-programado-para-este-sabado-en-el-nuevo-barrioel\/\"]}]},{\"@type\":\"BreadcrumbList\",\"@id\":\"https:\/\/www.celttv.com.ar\/index.php\/2025\/05\/02\/celt-informa-corte-de-energia-programado-para-este-sabado-en-el-nuevo-barrioel\/#breadcrumb\",\"itemListElement\":[{\"@type\":\"ListItem\",\"position\":1,\"name\":\"Inicio\",\"item\":\"https:\/\/www.celttv.com.ar\/\"},{\"@type\":\"ListItem\",\"position\":2,\"name\":\"CELT Informa: Corte de energ\u00eda programado que afect\u00f3 al nuevo barrio de viviendas\"}]},{\"@type\":\"WebSite\",\"@id\":\"https:\/\/www.celttv.com.ar\/#website\",\"url\":\"https:\/\/www.celttv.com.ar\/\",\"name\":\"CELTTV\",\"description\":\"Cooperativa El\u00e9ctrica de Tornquist\",\"publisher\":{\"@id\":\"https:\/\/www.celttv.com.ar\/#organization\"},\"potentialAction\":[{\"@type\":\"SearchAction\",\"target\":{\"@type\":\"EntryPoint\",\"urlTemplate\":\"https:\/\/www.celttv.com.ar\/?s={search_term_string}\"},\"query-input\":\"required name=search_term_string\"}],\"inLanguage\":\"es\"},{\"@type\":\"Organization\",\"@id\":\"https:\/\/www.celttv.com.ar\/#organization\",\"name\":\"CELTTV\",\"url\":\"https:\/\/www.celttv.com.ar\/\",\"sameAs\":[\"https:\/\/www.youtube.com\/channel\/UCz_oIt8Hig64Ub-EmcNPIhg\",\"https:\/\/www.facebook.com\/celtTV\/\"],\"logo\":{\"@type\":\"ImageObject\",\"inLanguage\":\"es\",\"@id\":\"https:\/\/www.celttv.com.ar\/#\/schema\/logo\/image\/\",\"url\":\"http:\/\/www.celttv.com.ar\/wp-content\/uploads\/2022\/08\/logo-1.png\",\"contentUrl\":\"http:\/\/www.celttv.com.ar\/wp-content\/uploads\/2022\/08\/logo-1.png\",\"width\":461,\"height\":159,\"caption\":\"CELTTV\"},\"image\":{\"@id\":\"https:\/\/www.celttv.com.ar\/#\/schema\/logo\/image\/\"}},{\"@type\":\"Person\",\"@id\":\"https:\/\/www.celttv.com.ar\/#\/schema\/person\/9059dc91dc7204ef4182cdb65225f07d\",\"name\":\"Miguel Herrada\",\"image\":{\"@type\":\"ImageObject\",\"inLanguage\":\"es\",\"@id\":\"https:\/\/www.celttv.com.ar\/#\/schema\/person\/image\/\",\"url\":\"https:\/\/secure.gravatar.com\/avatar\/67724d5b3c716623ffd76bec7e45841a442ac3b456e914dbba90b0fad2b8e0b1?s=96&d=mm&r=g\",\"contentUrl\":\"https:\/\/secure.gravatar.com\/avatar\/67724d5b3c716623ffd76bec7e45841a442ac3b456e914dbba90b0fad2b8e0b1?s=96&d=mm&r=g\",\"caption\":\"Miguel Herrada\"}}]}<\/script>\n<!-- \/ Yoast SEO plugin. -->","yoast_head_json":{"title":"CELT Informa: Corte de energ\u00eda programado que afect\u00f3 al nuevo barrio de viviendas - CELTTV","description":"Sitio web de noticias de la localidad de Tornquist, provincia de Buenos Aires, Rep\u00fablica Argentina. Contenido propio originado por periodistas de CELTTV, el canal de TV local de la Cooperativa El\u00e9ctrica de Tornquist. Turismo, Pol\u00edtica, Sociedad, Deporte, Cultura y todo el contenido de inter\u00e9s general que la gente del pueblo y la regi\u00f3n debe conocer.","robots":{"index":"index","follow":"follow","max-snippet":"max-snippet:-1","max-image-preview":"max-image-preview:large","max-video-preview":"max-video-preview:-1"},"canonical":"https:\/\/www.celttv.com.ar\/index.php\/2025\/05\/02\/celt-informa-corte-de-energia-programado-para-este-sabado-en-el-nuevo-barrioel\/","og_locale":"es_ES","og_type":"article","og_title":"CELT Informa: Corte de energ\u00eda programado que afect\u00f3 al nuevo barrio de viviendas - CELTTV","og_description":"Sitio web de noticias de la localidad de Tornquist, provincia de Buenos Aires, Rep\u00fablica Argentina. Contenido propio originado por periodistas de CELTTV, el canal de TV local de la Cooperativa El\u00e9ctrica de Tornquist. Turismo, Pol\u00edtica, Sociedad, Deporte, Cultura y todo el contenido de inter\u00e9s general que la gente del pueblo y la regi\u00f3n debe conocer.","og_url":"https:\/\/www.celttv.com.ar\/index.php\/2025\/05\/02\/celt-informa-corte-de-energia-programado-para-este-sabado-en-el-nuevo-barrioel\/","og_site_name":"CELTTV","article_publisher":"https:\/\/www.facebook.com\/celtTV\/","article_published_time":"2025-05-02T14:07:17+00:00","article_modified_time":"2025-05-02T15:37:12+00:00","og_image":[{"width":2560,"height":1920,"url":"https:\/\/www.celttv.com.ar\/wp-content\/uploads\/2025\/05\/IMG_1524-scaled.jpg","type":"image\/jpeg"}],"author":"Miguel Herrada","twitter_card":"summary_large_image","twitter_misc":{"Escrito por":"Miguel Herrada"},"schema":{"@context":"https:\/\/schema.org","@graph":[{"@type":"NewsArticle","@id":"https:\/\/www.celttv.com.ar\/index.php\/2025\/05\/02\/celt-informa-corte-de-energia-programado-para-este-sabado-en-el-nuevo-barrioel\/#article","isPartOf":{"@id":"https:\/\/www.celttv.com.ar\/index.php\/2025\/05\/02\/celt-informa-corte-de-energia-programado-para-este-sabado-en-el-nuevo-barrioel\/"},"author":{"name":"Miguel Herrada","@id":"https:\/\/www.celttv.com.ar\/#\/schema\/person\/9059dc91dc7204ef4182cdb65225f07d"},"headline":"CELT Informa: Corte de energ\u00eda programado que afect\u00f3 al nuevo barrio de viviendas","datePublished":"2025-05-02T14:07:17+00:00","dateModified":"2025-05-02T15:37:12+00:00","mainEntityOfPage":{"@id":"https:\/\/www.celttv.com.ar\/index.php\/2025\/05\/02\/celt-informa-corte-de-energia-programado-para-este-sabado-en-el-nuevo-barrioel\/"},"wordCount":79,"publisher":{"@id":"https:\/\/www.celttv.com.ar\/#organization"},"articleSection":["CELTTV y el cooperativismo","Comunidad"],"inLanguage":"es"},{"@type":"WebPage","@id":"https:\/\/www.celttv.com.ar\/index.php\/2025\/05\/02\/celt-informa-corte-de-energia-programado-para-este-sabado-en-el-nuevo-barrioel\/","url":"https:\/\/www.celttv.com.ar\/index.php\/2025\/05\/02\/celt-informa-corte-de-energia-programado-para-este-sabado-en-el-nuevo-barrioel\/","name":"CELT Informa: Corte de energ\u00eda programado que afect\u00f3 al nuevo barrio de viviendas - CELTTV","isPartOf":{"@id":"https:\/\/www.celttv.com.ar\/#website"},"datePublished":"2025-05-02T14:07:17+00:00","dateModified":"2025-05-02T15:37:12+00:00","description":"Sitio web de noticias de la localidad de Tornquist, provincia de Buenos Aires, Rep\u00fablica Argentina. Contenido propio originado por periodistas de CELTTV, el canal de TV local de la Cooperativa El\u00e9ctrica de Tornquist. Turismo, Pol\u00edtica, Sociedad, Deporte, Cultura y todo el contenido de inter\u00e9s general que la gente del pueblo y la regi\u00f3n debe conocer.","breadcrumb":{"@id":"https:\/\/www.celttv.com.ar\/index.php\/2025\/05\/02\/celt-informa-corte-de-energia-programado-para-este-sabado-en-el-nuevo-barrioel\/#breadcrumb"},"inLanguage":"es","potentialAction":[{"@type":"ReadAction","target":["https:\/\/www.celttv.com.ar\/index.php\/2025\/05\/02\/celt-informa-corte-de-energia-programado-para-este-sabado-en-el-nuevo-barrioel\/"]}]},{"@type":"BreadcrumbList","@id":"https:\/\/www.celttv.com.ar\/index.php\/2025\/05\/02\/celt-informa-corte-de-energia-programado-para-este-sabado-en-el-nuevo-barrioel\/#breadcrumb","itemListElement":[{"@type":"ListItem","position":1,"name":"Inicio","item":"https:\/\/www.celttv.com.ar\/"},{"@type":"ListItem","position":2,"name":"CELT Informa: Corte de energ\u00eda programado que afect\u00f3 al nuevo barrio de viviendas"}]},{"@type":"WebSite","@id":"https:\/\/www.celttv.com.ar\/#website","url":"https:\/\/www.celttv.com.ar\/","name":"CELTTV","description":"Cooperativa El\u00e9ctrica de Tornquist","publisher":{"@id":"https:\/\/www.celttv.com.ar\/#organization"},"potentialAction":[{"@type":"SearchAction","target":{"@type":"EntryPoint","urlTemplate":"https:\/\/www.celttv.com.ar\/?s={search_term_string}"},"query-input":"required name=search_term_string"}],"inLanguage":"es"},{"@type":"Organization","@id":"https:\/\/www.celttv.com.ar\/#organization","name":"CELTTV","url":"https:\/\/www.celttv.com.ar\/","sameAs":["https:\/\/www.youtube.com\/channel\/UCz_oIt8Hig64Ub-EmcNPIhg","https:\/\/www.facebook.com\/celtTV\/"],"logo":{"@type":"ImageObject","inLanguage":"es","@id":"https:\/\/www.celttv.com.ar\/#\/schema\/logo\/image\/","url":"http:\/\/www.celttv.com.ar\/wp-content\/uploads\/2022\/08\/logo-1.png","contentUrl":"http:\/\/www.celttv.com.ar\/wp-content\/uploads\/2022\/08\/logo-1.png","width":461,"height":159,"caption":"CELTTV"},"image":{"@id":"https:\/\/www.celttv.com.ar\/#\/schema\/logo\/image\/"}},{"@type":"Person","@id":"https:\/\/www.celttv.com.ar\/#\/schema\/person\/9059dc91dc7204ef4182cdb65225f07d","name":"Miguel Herrada","image":{"@type":"ImageObject","inLanguage":"es","@id":"https:\/\/www.celttv.com.ar\/#\/schema\/person\/image\/","url":"https:\/\/secure.gravatar.com\/avatar\/67724d5b3c716623ffd76bec7e45841a442ac3b456e914dbba90b0fad2b8e0b1?s=96&d=mm&r=g","contentUrl":"https:\/\/secure.gravatar.com\/avatar\/67724d5b3c716623ffd76bec7e45841a442ac3b456e914dbba90b0fad2b8e0b1?s=96&d=mm&r=g","caption":"Miguel Herrada"}}]}},"_links":{"self":[{"href":"https:\/\/www.celttv.com.ar\/index.php\/wp-json\/wp\/v2\/posts\/88343","targetHints":{"allow":["GET"]}}],"collection":[{"href":"https:\/\/www.celttv.com.ar\/index.php\/wp-json\/wp\/v2\/posts"}],"about":[{"href":"https:\/\/www.celttv.com.ar\/index.php\/wp-json\/wp\/v2\/types\/post"}],"author":[{"embeddable":true,"href":"https:\/\/www.celttv.com.ar\/index.php\/wp-json\/wp\/v2\/users\/5"}],"replies":[{"embeddable":true,"href":"https:\/\/www.celttv.com.ar\/index.php\/wp-json\/wp\/v2\/comments?post=88343"}],"version-history":[{"count":6,"href":"https:\/\/www.celttv.com.ar\/index.php\/wp-json\/wp\/v2\/posts\/88343\/revisions"}],"predecessor-version":[{"id":88350,"href":"https:\/\/www.celttv.com.ar\/index.php\/wp-json\/wp\/v2\/posts\/88343\/revisions\/88350"}],"wp:featuredmedia":[{"embeddable":true,"href":"https:\/\/www.celttv.com.ar\/index.php\/wp-json\/wp\/v2\/media\/88344"}],"wp:attachment":[{"href":"https:\/\/www.celttv.com.ar\/index.php\/wp-json\/wp\/v2\/media?parent=88343"}],"wp:term":[{"taxonomy":"category","embeddable":true,"href":"https:\/\/www.celttv.com.ar\/index.php\/wp-json\/wp\/v2\/categories?post=88343"},{"taxonomy":"post_tag","embeddable":true,"href":"https:\/\/www.celttv.com.ar\/index.php\/wp-json\/wp\/v2\/tags?post=88343"}],"curies":[{"name":"wp","href":"https:\/\/api.w.org\/{rel}","templated":true}]}}