{"id":88568,"date":"2025-05-31T15:38:22","date_gmt":"2025-05-31T18:38:22","guid":{"rendered":"https:\/\/www.celttv.com.ar\/?p=88568"},"modified":"2025-05-31T15:38:22","modified_gmt":"2025-05-31T18:38:22","slug":"el-municipio-presento-el-proyecto-de-revalorizacion-del-predio-del-club-hotel-de-la-ventana","status":"publish","type":"post","link":"https:\/\/www.celttv.com.ar\/index.php\/2025\/05\/31\/el-municipio-presento-el-proyecto-de-revalorizacion-del-predio-del-club-hotel-de-la-ventana\/","title":{"rendered":"El municipio present\u00f3 el proyecto de revalorizaci\u00f3n del predio del Club Hotel de la Ventana"},"content":{"rendered":"<p>En una jornada hist\u00f3rica para el distrito, Tornquist Municipio present\u00f3 el proyecto de acci\u00f3n y revalorizaci\u00f3n del predio del Club Hotel de la Ventana, cuya titularidad fue recuperada legalmente en febrero de este a\u00f1o.<br \/>\nEl lanzamiento estuvo encabezado por el Intendente Municipal, Sergio Bordoni, y el Secretario de Turismo, Enrique Alessandrini, quienes brindaron detalles de los avances iniciales, las intervenciones que se llevar\u00e1n adelante y las proyecciones para el lugar situado en Villa Ventana.<br \/>\nLa principal propuesta contempla la creaci\u00f3n de una Reserva Municipal Tur\u00edstica, mediante la cual se trabaje como un parque tem\u00e1tico con participaci\u00f3n ciudadana, institucional y privada, a trav\u00e9s de la creaci\u00f3n de una mesa de trabajo local.<br \/>\nEn ese marco, se anunciaron los primeros pasos de la intervenci\u00f3n del sitio, como la apertura local controlada del predio a partir del 4 de junio, de mi\u00e9rcoles a domingos d 10 a 17 hs para caminatas y running; y el comienzo de la recepci\u00f3n de proyectos de gu\u00edas tur\u00edsticos con propuestas para el lugar.<br \/>\nAsimismo, detallaron las acciones de la siguiente etapa de revalorizaci\u00f3n, que incluye la recuperaci\u00f3n de la l\u00ednea el\u00e9ctrica, realizaci\u00f3n de profundos trabajos de limpieza, reconocimiento minucioso del \u00e1rea, colocaci\u00f3n de bancos de salud y la instalaci\u00f3n de servicio de internet.<br \/>\nDel encuentro, desarrollado en el Cuartel de Bomberos Voluntarios de Villa Ventana, participaron la Secretaria de Hacienda, Estefania Bordoni; la Subsecretaria de Turismo, Ludmila Corvatta; el delegado Bernardo Chiuca; prestadores tur\u00edsticos, representantes de instituciones y vecinos de la comunidad.<\/p>\n<p><img loading=\"lazy\" decoding=\"async\" class=\"alignnone wp-image-88569 size-full\" src=\"https:\/\/www.celttv.com.ar\/wp-content\/uploads\/2025\/05\/1-4.jpg\" alt=\"\" width=\"983\" height=\"737\" srcset=\"https:\/\/www.celttv.com.ar\/wp-content\/uploads\/2025\/05\/1-4.jpg 983w, https:\/\/www.celttv.com.ar\/wp-content\/uploads\/2025\/05\/1-4-300x225.jpg 300w, https:\/\/www.celttv.com.ar\/wp-content\/uploads\/2025\/05\/1-4-768x576.jpg 768w, https:\/\/www.celttv.com.ar\/wp-content\/uploads\/2025\/05\/1-4-750x562.jpg 750w\" sizes=\"auto, (max-width: 983px) 100vw, 983px\" \/> <img loading=\"lazy\" decoding=\"async\" class=\"alignnone wp-image-88570 size-full\" src=\"https:\/\/www.celttv.com.ar\/wp-content\/uploads\/2025\/05\/2-4.jpg\" alt=\"\" width=\"983\" height=\"734\" srcset=\"https:\/\/www.celttv.com.ar\/wp-content\/uploads\/2025\/05\/2-4.jpg 983w, https:\/\/www.celttv.com.ar\/wp-content\/uploads\/2025\/05\/2-4-300x224.jpg 300w, https:\/\/www.celttv.com.ar\/wp-content\/uploads\/2025\/05\/2-4-768x573.jpg 768w, https:\/\/www.celttv.com.ar\/wp-content\/uploads\/2025\/05\/2-4-750x560.jpg 750w\" sizes=\"auto, (max-width: 983px) 100vw, 983px\" \/> <img loading=\"lazy\" decoding=\"async\" class=\"alignnone wp-image-88571 size-full\" src=\"https:\/\/www.celttv.com.ar\/wp-content\/uploads\/2025\/05\/3-3.jpg\" alt=\"\" width=\"979\" height=\"741\" srcset=\"https:\/\/www.celttv.com.ar\/wp-content\/uploads\/2025\/05\/3-3.jpg 979w, https:\/\/www.celttv.com.ar\/wp-content\/uploads\/2025\/05\/3-3-300x227.jpg 300w, https:\/\/www.celttv.com.ar\/wp-content\/uploads\/2025\/05\/3-3-768x581.jpg 768w, https:\/\/www.celttv.com.ar\/wp-content\/uploads\/2025\/05\/3-3-750x568.jpg 750w\" sizes=\"auto, (max-width: 979px) 100vw, 979px\" \/> <img loading=\"lazy\" decoding=\"async\" class=\"alignnone wp-image-88572 size-full\" src=\"https:\/\/www.celttv.com.ar\/wp-content\/uploads\/2025\/05\/4-3.jpg\" alt=\"\" width=\"980\" height=\"732\" srcset=\"https:\/\/www.celttv.com.ar\/wp-content\/uploads\/2025\/05\/4-3.jpg 980w, https:\/\/www.celttv.com.ar\/wp-content\/uploads\/2025\/05\/4-3-300x224.jpg 300w, https:\/\/www.celttv.com.ar\/wp-content\/uploads\/2025\/05\/4-3-768x574.jpg 768w, https:\/\/www.celttv.com.ar\/wp-content\/uploads\/2025\/05\/4-3-750x560.jpg 750w\" sizes=\"auto, (max-width: 980px) 100vw, 980px\" \/> <img loading=\"lazy\" decoding=\"async\" class=\"alignnone wp-image-88573 size-full\" src=\"https:\/\/www.celttv.com.ar\/wp-content\/uploads\/2025\/05\/5-1.jpg\" alt=\"\" width=\"977\" height=\"729\" srcset=\"https:\/\/www.celttv.com.ar\/wp-content\/uploads\/2025\/05\/5-1.jpg 977w, https:\/\/www.celttv.com.ar\/wp-content\/uploads\/2025\/05\/5-1-300x224.jpg 300w, https:\/\/www.celttv.com.ar\/wp-content\/uploads\/2025\/05\/5-1-768x573.jpg 768w, https:\/\/www.celttv.com.ar\/wp-content\/uploads\/2025\/05\/5-1-750x560.jpg 750w\" sizes=\"auto, (max-width: 977px) 100vw, 977px\" \/> <img loading=\"lazy\" decoding=\"async\" class=\"alignnone wp-image-88574 size-full\" src=\"https:\/\/www.celttv.com.ar\/wp-content\/uploads\/2025\/05\/6.jpg\" alt=\"\" width=\"979\" height=\"733\" srcset=\"https:\/\/www.celttv.com.ar\/wp-content\/uploads\/2025\/05\/6.jpg 979w, https:\/\/www.celttv.com.ar\/wp-content\/uploads\/2025\/05\/6-300x225.jpg 300w, https:\/\/www.celttv.com.ar\/wp-content\/uploads\/2025\/05\/6-768x575.jpg 768w, https:\/\/www.celttv.com.ar\/wp-content\/uploads\/2025\/05\/6-750x562.jpg 750w\" sizes=\"auto, (max-width: 979px) 100vw, 979px\" \/> <img loading=\"lazy\" decoding=\"async\" class=\"alignnone wp-image-88575 size-full\" src=\"https:\/\/www.celttv.com.ar\/wp-content\/uploads\/2025\/05\/7.jpg\" alt=\"\" width=\"970\" height=\"730\" srcset=\"https:\/\/www.celttv.com.ar\/wp-content\/uploads\/2025\/05\/7.jpg 970w, https:\/\/www.celttv.com.ar\/wp-content\/uploads\/2025\/05\/7-300x226.jpg 300w, https:\/\/www.celttv.com.ar\/wp-content\/uploads\/2025\/05\/7-768x578.jpg 768w, https:\/\/www.celttv.com.ar\/wp-content\/uploads\/2025\/05\/7-750x564.jpg 750w\" sizes=\"auto, (max-width: 970px) 100vw, 970px\" \/><\/p>\n<p><img loading=\"lazy\" decoding=\"async\" class=\"alignnone wp-image-88576 size-large\" src=\"https:\/\/www.celttv.com.ar\/wp-content\/uploads\/2025\/05\/9-Medium-1024x683.jpg\" alt=\"\" width=\"1024\" height=\"683\" srcset=\"https:\/\/www.celttv.com.ar\/wp-content\/uploads\/2025\/05\/9-Medium-1024x683.jpg 1024w, https:\/\/www.celttv.com.ar\/wp-content\/uploads\/2025\/05\/9-Medium-300x200.jpg 300w, https:\/\/www.celttv.com.ar\/wp-content\/uploads\/2025\/05\/9-Medium-768x512.jpg 768w, https:\/\/www.celttv.com.ar\/wp-content\/uploads\/2025\/05\/9-Medium-750x500.jpg 750w, https:\/\/www.celttv.com.ar\/wp-content\/uploads\/2025\/05\/9-Medium-1140x760.jpg 1140w, https:\/\/www.celttv.com.ar\/wp-content\/uploads\/2025\/05\/9-Medium.jpg 1152w\" sizes=\"auto, (max-width: 1024px) 100vw, 1024px\" \/> <img loading=\"lazy\" decoding=\"async\" class=\"alignnone wp-image-88577 size-large\" src=\"https:\/\/www.celttv.com.ar\/wp-content\/uploads\/2025\/05\/10-Medium-1024x683.jpg\" alt=\"\" width=\"1024\" height=\"683\" srcset=\"https:\/\/www.celttv.com.ar\/wp-content\/uploads\/2025\/05\/10-Medium-1024x683.jpg 1024w, https:\/\/www.celttv.com.ar\/wp-content\/uploads\/2025\/05\/10-Medium-300x200.jpg 300w, https:\/\/www.celttv.com.ar\/wp-content\/uploads\/2025\/05\/10-Medium-768x512.jpg 768w, https:\/\/www.celttv.com.ar\/wp-content\/uploads\/2025\/05\/10-Medium-750x500.jpg 750w, https:\/\/www.celttv.com.ar\/wp-content\/uploads\/2025\/05\/10-Medium-1140x760.jpg 1140w, https:\/\/www.celttv.com.ar\/wp-content\/uploads\/2025\/05\/10-Medium.jpg 1152w\" sizes=\"auto, (max-width: 1024px) 100vw, 1024px\" \/> <img loading=\"lazy\" decoding=\"async\" class=\"alignnone wp-image-88578 size-large\" src=\"https:\/\/www.celttv.com.ar\/wp-content\/uploads\/2025\/05\/11-Medium-1024x683.jpg\" alt=\"\" width=\"1024\" height=\"683\" srcset=\"https:\/\/www.celttv.com.ar\/wp-content\/uploads\/2025\/05\/11-Medium-1024x683.jpg 1024w, https:\/\/www.celttv.com.ar\/wp-content\/uploads\/2025\/05\/11-Medium-300x200.jpg 300w, https:\/\/www.celttv.com.ar\/wp-content\/uploads\/2025\/05\/11-Medium-768x512.jpg 768w, https:\/\/www.celttv.com.ar\/wp-content\/uploads\/2025\/05\/11-Medium-750x500.jpg 750w, https:\/\/www.celttv.com.ar\/wp-content\/uploads\/2025\/05\/11-Medium-1140x760.jpg 1140w, https:\/\/www.celttv.com.ar\/wp-content\/uploads\/2025\/05\/11-Medium.jpg 1152w\" sizes=\"auto, (max-width: 1024px) 100vw, 1024px\" \/> <img loading=\"lazy\" decoding=\"async\" class=\"alignnone wp-image-88579 size-large\" src=\"https:\/\/www.celttv.com.ar\/wp-content\/uploads\/2025\/05\/12-Medium-1024x683.jpg\" alt=\"\" width=\"1024\" height=\"683\" srcset=\"https:\/\/www.celttv.com.ar\/wp-content\/uploads\/2025\/05\/12-Medium-1024x683.jpg 1024w, https:\/\/www.celttv.com.ar\/wp-content\/uploads\/2025\/05\/12-Medium-300x200.jpg 300w, https:\/\/www.celttv.com.ar\/wp-content\/uploads\/2025\/05\/12-Medium-768x512.jpg 768w, https:\/\/www.celttv.com.ar\/wp-content\/uploads\/2025\/05\/12-Medium-750x500.jpg 750w, https:\/\/www.celttv.com.ar\/wp-content\/uploads\/2025\/05\/12-Medium-1140x760.jpg 1140w, https:\/\/www.celttv.com.ar\/wp-content\/uploads\/2025\/05\/12-Medium.jpg 1152w\" sizes=\"auto, (max-width: 1024px) 100vw, 1024px\" \/> <img loading=\"lazy\" decoding=\"async\" class=\"alignnone wp-image-88580 size-large\" src=\"https:\/\/www.celttv.com.ar\/wp-content\/uploads\/2025\/05\/13-Medium-1024x683.jpg\" alt=\"\" width=\"1024\" height=\"683\" srcset=\"https:\/\/www.celttv.com.ar\/wp-content\/uploads\/2025\/05\/13-Medium-1024x683.jpg 1024w, https:\/\/www.celttv.com.ar\/wp-content\/uploads\/2025\/05\/13-Medium-300x200.jpg 300w, https:\/\/www.celttv.com.ar\/wp-content\/uploads\/2025\/05\/13-Medium-768x512.jpg 768w, https:\/\/www.celttv.com.ar\/wp-content\/uploads\/2025\/05\/13-Medium-750x500.jpg 750w, https:\/\/www.celttv.com.ar\/wp-content\/uploads\/2025\/05\/13-Medium-1140x760.jpg 1140w, https:\/\/www.celttv.com.ar\/wp-content\/uploads\/2025\/05\/13-Medium.jpg 1152w\" sizes=\"auto, (max-width: 1024px) 100vw, 1024px\" \/> <img loading=\"lazy\" decoding=\"async\" class=\"alignnone wp-image-88581 size-large\" src=\"https:\/\/www.celttv.com.ar\/wp-content\/uploads\/2025\/05\/14-Medium-1024x683.jpg\" alt=\"\" width=\"1024\" height=\"683\" srcset=\"https:\/\/www.celttv.com.ar\/wp-content\/uploads\/2025\/05\/14-Medium-1024x683.jpg 1024w, https:\/\/www.celttv.com.ar\/wp-content\/uploads\/2025\/05\/14-Medium-300x200.jpg 300w, https:\/\/www.celttv.com.ar\/wp-content\/uploads\/2025\/05\/14-Medium-768x512.jpg 768w, https:\/\/www.celttv.com.ar\/wp-content\/uploads\/2025\/05\/14-Medium-750x500.jpg 750w, https:\/\/www.celttv.com.ar\/wp-content\/uploads\/2025\/05\/14-Medium-1140x760.jpg 1140w, https:\/\/www.celttv.com.ar\/wp-content\/uploads\/2025\/05\/14-Medium.jpg 1152w\" sizes=\"auto, (max-width: 1024px) 100vw, 1024px\" \/> <img loading=\"lazy\" decoding=\"async\" class=\"alignnone wp-image-88582 size-large\" src=\"https:\/\/www.celttv.com.ar\/wp-content\/uploads\/2025\/05\/15-Medium-1024x683.jpg\" alt=\"\" width=\"1024\" height=\"683\" srcset=\"https:\/\/www.celttv.com.ar\/wp-content\/uploads\/2025\/05\/15-Medium-1024x683.jpg 1024w, https:\/\/www.celttv.com.ar\/wp-content\/uploads\/2025\/05\/15-Medium-300x200.jpg 300w, https:\/\/www.celttv.com.ar\/wp-content\/uploads\/2025\/05\/15-Medium-768x512.jpg 768w, https:\/\/www.celttv.com.ar\/wp-content\/uploads\/2025\/05\/15-Medium-750x500.jpg 750w, https:\/\/www.celttv.com.ar\/wp-content\/uploads\/2025\/05\/15-Medium-1140x760.jpg 1140w, https:\/\/www.celttv.com.ar\/wp-content\/uploads\/2025\/05\/15-Medium.jpg 1152w\" sizes=\"auto, (max-width: 1024px) 100vw, 1024px\" \/> <img loading=\"lazy\" decoding=\"async\" class=\"alignnone wp-image-88583 size-large\" src=\"https:\/\/www.celttv.com.ar\/wp-content\/uploads\/2025\/05\/16-Medium-1024x683.jpg\" alt=\"\" width=\"1024\" height=\"683\" srcset=\"https:\/\/www.celttv.com.ar\/wp-content\/uploads\/2025\/05\/16-Medium-1024x683.jpg 1024w, https:\/\/www.celttv.com.ar\/wp-content\/uploads\/2025\/05\/16-Medium-300x200.jpg 300w, https:\/\/www.celttv.com.ar\/wp-content\/uploads\/2025\/05\/16-Medium-768x512.jpg 768w, https:\/\/www.celttv.com.ar\/wp-content\/uploads\/2025\/05\/16-Medium-750x500.jpg 750w, https:\/\/www.celttv.com.ar\/wp-content\/uploads\/2025\/05\/16-Medium-1140x760.jpg 1140w, https:\/\/www.celttv.com.ar\/wp-content\/uploads\/2025\/05\/16-Medium.jpg 1152w\" sizes=\"auto, (max-width: 1024px) 100vw, 1024px\" \/> <img loading=\"lazy\" decoding=\"async\" class=\"alignnone wp-image-88584 size-large\" src=\"https:\/\/www.celttv.com.ar\/wp-content\/uploads\/2025\/05\/17-Medium-1024x683.jpg\" alt=\"\" width=\"1024\" height=\"683\" srcset=\"https:\/\/www.celttv.com.ar\/wp-content\/uploads\/2025\/05\/17-Medium-1024x683.jpg 1024w, https:\/\/www.celttv.com.ar\/wp-content\/uploads\/2025\/05\/17-Medium-300x200.jpg 300w, https:\/\/www.celttv.com.ar\/wp-content\/uploads\/2025\/05\/17-Medium-768x512.jpg 768w, https:\/\/www.celttv.com.ar\/wp-content\/uploads\/2025\/05\/17-Medium-750x500.jpg 750w, https:\/\/www.celttv.com.ar\/wp-content\/uploads\/2025\/05\/17-Medium-1140x760.jpg 1140w, https:\/\/www.celttv.com.ar\/wp-content\/uploads\/2025\/05\/17-Medium.jpg 1152w\" sizes=\"auto, (max-width: 1024px) 100vw, 1024px\" \/><\/p>\n","protected":false},"excerpt":{"rendered":"<p>En una jornada hist\u00f3rica para el distrito, Tornquist Municipio present\u00f3 el proyecto de acci\u00f3n y revalorizaci\u00f3n del predio del Club Hotel de la Ventana, cuya titularidad fue recuperada legalmente en febrero de este a\u00f1o. El lanzamiento estuvo encabezado por el Intendente Municipal, Sergio Bordoni, y el Secretario de Turismo, Enrique Alessandrini, quienes brindaron detalles de [&hellip;]<\/p>\n","protected":false},"author":5,"featured_media":88569,"comment_status":"closed","ping_status":"closed","sticky":false,"template":"","format":"standard","meta":{"footnotes":""},"categories":[51,59,58],"tags":[],"class_list":["post-88568","post","type-post","status-publish","format-standard","has-post-thumbnail","hentry","category-comunidad","category-municipales","category-turismo"],"yoast_head":"<!-- This site is optimized with the Yoast SEO plugin v19.7.1 - https:\/\/yoast.com\/wordpress\/plugins\/seo\/ -->\n<title>El municipio present\u00f3 el proyecto de revalorizaci\u00f3n del predio del Club Hotel de la Ventana - CELTTV<\/title>\n<meta name=\"description\" content=\"Sitio web de noticias de la localidad de Tornquist, provincia de Buenos Aires, Rep\u00fablica Argentina. Contenido propio originado por periodistas de CELTTV, el canal de TV local de la Cooperativa El\u00e9ctrica de Tornquist. Turismo, Pol\u00edtica, Sociedad, Deporte, Cultura y todo el contenido de inter\u00e9s general que la gente del pueblo y la regi\u00f3n debe conocer.\" \/>\n<meta name=\"robots\" content=\"index, follow, max-snippet:-1, max-image-preview:large, max-video-preview:-1\" \/>\n<link rel=\"canonical\" href=\"https:\/\/www.celttv.com.ar\/index.php\/2025\/05\/31\/el-municipio-presento-el-proyecto-de-revalorizacion-del-predio-del-club-hotel-de-la-ventana\/\" \/>\n<meta property=\"og:locale\" content=\"es_ES\" \/>\n<meta property=\"og:type\" content=\"article\" \/>\n<meta property=\"og:title\" content=\"El municipio present\u00f3 el proyecto de revalorizaci\u00f3n del predio del Club Hotel de la Ventana - CELTTV\" \/>\n<meta property=\"og:description\" content=\"Sitio web de noticias de la localidad de Tornquist, provincia de Buenos Aires, Rep\u00fablica Argentina. Contenido propio originado por periodistas de CELTTV, el canal de TV local de la Cooperativa El\u00e9ctrica de Tornquist. Turismo, Pol\u00edtica, Sociedad, Deporte, Cultura y todo el contenido de inter\u00e9s general que la gente del pueblo y la regi\u00f3n debe conocer.\" \/>\n<meta property=\"og:url\" content=\"https:\/\/www.celttv.com.ar\/index.php\/2025\/05\/31\/el-municipio-presento-el-proyecto-de-revalorizacion-del-predio-del-club-hotel-de-la-ventana\/\" \/>\n<meta property=\"og:site_name\" content=\"CELTTV\" \/>\n<meta property=\"article:publisher\" content=\"https:\/\/www.facebook.com\/celtTV\/\" \/>\n<meta property=\"article:published_time\" content=\"2025-05-31T18:38:22+00:00\" \/>\n<meta property=\"og:image\" content=\"https:\/\/www.celttv.com.ar\/wp-content\/uploads\/2025\/05\/1-4.jpg\" \/>\n\t<meta property=\"og:image:width\" content=\"983\" \/>\n\t<meta property=\"og:image:height\" content=\"737\" \/>\n\t<meta property=\"og:image:type\" content=\"image\/jpeg\" \/>\n<meta name=\"author\" content=\"Miguel Herrada\" \/>\n<meta name=\"twitter:card\" content=\"summary_large_image\" \/>\n<meta name=\"twitter:label1\" content=\"Escrito por\" \/>\n\t<meta name=\"twitter:data1\" content=\"Miguel Herrada\" \/>\n\t<meta name=\"twitter:label2\" content=\"Tiempo de lectura\" \/>\n\t<meta name=\"twitter:data2\" content=\"1 minuto\" \/>\n<script type=\"application\/ld+json\" class=\"yoast-schema-graph\">{\"@context\":\"https:\/\/schema.org\",\"@graph\":[{\"@type\":\"NewsArticle\",\"@id\":\"https:\/\/www.celttv.com.ar\/index.php\/2025\/05\/31\/el-municipio-presento-el-proyecto-de-revalorizacion-del-predio-del-club-hotel-de-la-ventana\/#article\",\"isPartOf\":{\"@id\":\"https:\/\/www.celttv.com.ar\/index.php\/2025\/05\/31\/el-municipio-presento-el-proyecto-de-revalorizacion-del-predio-del-club-hotel-de-la-ventana\/\"},\"author\":{\"name\":\"Miguel Herrada\",\"@id\":\"https:\/\/www.celttv.com.ar\/#\/schema\/person\/9059dc91dc7204ef4182cdb65225f07d\"},\"headline\":\"El municipio present\u00f3 el proyecto de revalorizaci\u00f3n del predio del Club Hotel de la Ventana\",\"datePublished\":\"2025-05-31T18:38:22+00:00\",\"dateModified\":\"2025-05-31T18:38:22+00:00\",\"mainEntityOfPage\":{\"@id\":\"https:\/\/www.celttv.com.ar\/index.php\/2025\/05\/31\/el-municipio-presento-el-proyecto-de-revalorizacion-del-predio-del-club-hotel-de-la-ventana\/\"},\"wordCount\":282,\"publisher\":{\"@id\":\"https:\/\/www.celttv.com.ar\/#organization\"},\"articleSection\":[\"Comunidad\",\"Municipales\",\"Turismo\"],\"inLanguage\":\"es\"},{\"@type\":\"WebPage\",\"@id\":\"https:\/\/www.celttv.com.ar\/index.php\/2025\/05\/31\/el-municipio-presento-el-proyecto-de-revalorizacion-del-predio-del-club-hotel-de-la-ventana\/\",\"url\":\"https:\/\/www.celttv.com.ar\/index.php\/2025\/05\/31\/el-municipio-presento-el-proyecto-de-revalorizacion-del-predio-del-club-hotel-de-la-ventana\/\",\"name\":\"El municipio present\u00f3 el proyecto de revalorizaci\u00f3n del predio del Club Hotel de la Ventana - CELTTV\",\"isPartOf\":{\"@id\":\"https:\/\/www.celttv.com.ar\/#website\"},\"datePublished\":\"2025-05-31T18:38:22+00:00\",\"dateModified\":\"2025-05-31T18:38:22+00:00\",\"description\":\"Sitio web de noticias de la localidad de Tornquist, provincia de Buenos Aires, Rep\u00fablica Argentina. Contenido propio originado por periodistas de CELTTV, el canal de TV local de la Cooperativa El\u00e9ctrica de Tornquist. Turismo, Pol\u00edtica, Sociedad, Deporte, Cultura y todo el contenido de inter\u00e9s general que la gente del pueblo y la regi\u00f3n debe conocer.\",\"breadcrumb\":{\"@id\":\"https:\/\/www.celttv.com.ar\/index.php\/2025\/05\/31\/el-municipio-presento-el-proyecto-de-revalorizacion-del-predio-del-club-hotel-de-la-ventana\/#breadcrumb\"},\"inLanguage\":\"es\",\"potentialAction\":[{\"@type\":\"ReadAction\",\"target\":[\"https:\/\/www.celttv.com.ar\/index.php\/2025\/05\/31\/el-municipio-presento-el-proyecto-de-revalorizacion-del-predio-del-club-hotel-de-la-ventana\/\"]}]},{\"@type\":\"BreadcrumbList\",\"@id\":\"https:\/\/www.celttv.com.ar\/index.php\/2025\/05\/31\/el-municipio-presento-el-proyecto-de-revalorizacion-del-predio-del-club-hotel-de-la-ventana\/#breadcrumb\",\"itemListElement\":[{\"@type\":\"ListItem\",\"position\":1,\"name\":\"Inicio\",\"item\":\"https:\/\/www.celttv.com.ar\/\"},{\"@type\":\"ListItem\",\"position\":2,\"name\":\"El municipio present\u00f3 el proyecto de revalorizaci\u00f3n del predio del Club Hotel de la Ventana\"}]},{\"@type\":\"WebSite\",\"@id\":\"https:\/\/www.celttv.com.ar\/#website\",\"url\":\"https:\/\/www.celttv.com.ar\/\",\"name\":\"CELTTV\",\"description\":\"Cooperativa El\u00e9ctrica de Tornquist\",\"publisher\":{\"@id\":\"https:\/\/www.celttv.com.ar\/#organization\"},\"potentialAction\":[{\"@type\":\"SearchAction\",\"target\":{\"@type\":\"EntryPoint\",\"urlTemplate\":\"https:\/\/www.celttv.com.ar\/?s={search_term_string}\"},\"query-input\":\"required name=search_term_string\"}],\"inLanguage\":\"es\"},{\"@type\":\"Organization\",\"@id\":\"https:\/\/www.celttv.com.ar\/#organization\",\"name\":\"CELTTV\",\"url\":\"https:\/\/www.celttv.com.ar\/\",\"sameAs\":[\"https:\/\/www.youtube.com\/channel\/UCz_oIt8Hig64Ub-EmcNPIhg\",\"https:\/\/www.facebook.com\/celtTV\/\"],\"logo\":{\"@type\":\"ImageObject\",\"inLanguage\":\"es\",\"@id\":\"https:\/\/www.celttv.com.ar\/#\/schema\/logo\/image\/\",\"url\":\"http:\/\/www.celttv.com.ar\/wp-content\/uploads\/2022\/08\/logo-1.png\",\"contentUrl\":\"http:\/\/www.celttv.com.ar\/wp-content\/uploads\/2022\/08\/logo-1.png\",\"width\":461,\"height\":159,\"caption\":\"CELTTV\"},\"image\":{\"@id\":\"https:\/\/www.celttv.com.ar\/#\/schema\/logo\/image\/\"}},{\"@type\":\"Person\",\"@id\":\"https:\/\/www.celttv.com.ar\/#\/schema\/person\/9059dc91dc7204ef4182cdb65225f07d\",\"name\":\"Miguel Herrada\",\"image\":{\"@type\":\"ImageObject\",\"inLanguage\":\"es\",\"@id\":\"https:\/\/www.celttv.com.ar\/#\/schema\/person\/image\/\",\"url\":\"https:\/\/secure.gravatar.com\/avatar\/67724d5b3c716623ffd76bec7e45841a442ac3b456e914dbba90b0fad2b8e0b1?s=96&d=mm&r=g\",\"contentUrl\":\"https:\/\/secure.gravatar.com\/avatar\/67724d5b3c716623ffd76bec7e45841a442ac3b456e914dbba90b0fad2b8e0b1?s=96&d=mm&r=g\",\"caption\":\"Miguel Herrada\"}}]}<\/script>\n<!-- \/ Yoast SEO plugin. -->","yoast_head_json":{"title":"El municipio present\u00f3 el proyecto de revalorizaci\u00f3n del predio del Club Hotel de la Ventana - CELTTV","description":"Sitio web de noticias de la localidad de Tornquist, provincia de Buenos Aires, Rep\u00fablica Argentina. Contenido propio originado por periodistas de CELTTV, el canal de TV local de la Cooperativa El\u00e9ctrica de Tornquist. Turismo, Pol\u00edtica, Sociedad, Deporte, Cultura y todo el contenido de inter\u00e9s general que la gente del pueblo y la regi\u00f3n debe conocer.","robots":{"index":"index","follow":"follow","max-snippet":"max-snippet:-1","max-image-preview":"max-image-preview:large","max-video-preview":"max-video-preview:-1"},"canonical":"https:\/\/www.celttv.com.ar\/index.php\/2025\/05\/31\/el-municipio-presento-el-proyecto-de-revalorizacion-del-predio-del-club-hotel-de-la-ventana\/","og_locale":"es_ES","og_type":"article","og_title":"El municipio present\u00f3 el proyecto de revalorizaci\u00f3n del predio del Club Hotel de la Ventana - CELTTV","og_description":"Sitio web de noticias de la localidad de Tornquist, provincia de Buenos Aires, Rep\u00fablica Argentina. Contenido propio originado por periodistas de CELTTV, el canal de TV local de la Cooperativa El\u00e9ctrica de Tornquist. Turismo, Pol\u00edtica, Sociedad, Deporte, Cultura y todo el contenido de inter\u00e9s general que la gente del pueblo y la regi\u00f3n debe conocer.","og_url":"https:\/\/www.celttv.com.ar\/index.php\/2025\/05\/31\/el-municipio-presento-el-proyecto-de-revalorizacion-del-predio-del-club-hotel-de-la-ventana\/","og_site_name":"CELTTV","article_publisher":"https:\/\/www.facebook.com\/celtTV\/","article_published_time":"2025-05-31T18:38:22+00:00","og_image":[{"width":983,"height":737,"url":"https:\/\/www.celttv.com.ar\/wp-content\/uploads\/2025\/05\/1-4.jpg","type":"image\/jpeg"}],"author":"Miguel Herrada","twitter_card":"summary_large_image","twitter_misc":{"Escrito por":"Miguel Herrada","Tiempo de lectura":"1 minuto"},"schema":{"@context":"https:\/\/schema.org","@graph":[{"@type":"NewsArticle","@id":"https:\/\/www.celttv.com.ar\/index.php\/2025\/05\/31\/el-municipio-presento-el-proyecto-de-revalorizacion-del-predio-del-club-hotel-de-la-ventana\/#article","isPartOf":{"@id":"https:\/\/www.celttv.com.ar\/index.php\/2025\/05\/31\/el-municipio-presento-el-proyecto-de-revalorizacion-del-predio-del-club-hotel-de-la-ventana\/"},"author":{"name":"Miguel Herrada","@id":"https:\/\/www.celttv.com.ar\/#\/schema\/person\/9059dc91dc7204ef4182cdb65225f07d"},"headline":"El municipio present\u00f3 el proyecto de revalorizaci\u00f3n del predio del Club Hotel de la Ventana","datePublished":"2025-05-31T18:38:22+00:00","dateModified":"2025-05-31T18:38:22+00:00","mainEntityOfPage":{"@id":"https:\/\/www.celttv.com.ar\/index.php\/2025\/05\/31\/el-municipio-presento-el-proyecto-de-revalorizacion-del-predio-del-club-hotel-de-la-ventana\/"},"wordCount":282,"publisher":{"@id":"https:\/\/www.celttv.com.ar\/#organization"},"articleSection":["Comunidad","Municipales","Turismo"],"inLanguage":"es"},{"@type":"WebPage","@id":"https:\/\/www.celttv.com.ar\/index.php\/2025\/05\/31\/el-municipio-presento-el-proyecto-de-revalorizacion-del-predio-del-club-hotel-de-la-ventana\/","url":"https:\/\/www.celttv.com.ar\/index.php\/2025\/05\/31\/el-municipio-presento-el-proyecto-de-revalorizacion-del-predio-del-club-hotel-de-la-ventana\/","name":"El municipio present\u00f3 el proyecto de revalorizaci\u00f3n del predio del Club Hotel de la Ventana - CELTTV","isPartOf":{"@id":"https:\/\/www.celttv.com.ar\/#website"},"datePublished":"2025-05-31T18:38:22+00:00","dateModified":"2025-05-31T18:38:22+00:00","description":"Sitio web de noticias de la localidad de Tornquist, provincia de Buenos Aires, Rep\u00fablica Argentina. Contenido propio originado por periodistas de CELTTV, el canal de TV local de la Cooperativa El\u00e9ctrica de Tornquist. Turismo, Pol\u00edtica, Sociedad, Deporte, Cultura y todo el contenido de inter\u00e9s general que la gente del pueblo y la regi\u00f3n debe conocer.","breadcrumb":{"@id":"https:\/\/www.celttv.com.ar\/index.php\/2025\/05\/31\/el-municipio-presento-el-proyecto-de-revalorizacion-del-predio-del-club-hotel-de-la-ventana\/#breadcrumb"},"inLanguage":"es","potentialAction":[{"@type":"ReadAction","target":["https:\/\/www.celttv.com.ar\/index.php\/2025\/05\/31\/el-municipio-presento-el-proyecto-de-revalorizacion-del-predio-del-club-hotel-de-la-ventana\/"]}]},{"@type":"BreadcrumbList","@id":"https:\/\/www.celttv.com.ar\/index.php\/2025\/05\/31\/el-municipio-presento-el-proyecto-de-revalorizacion-del-predio-del-club-hotel-de-la-ventana\/#breadcrumb","itemListElement":[{"@type":"ListItem","position":1,"name":"Inicio","item":"https:\/\/www.celttv.com.ar\/"},{"@type":"ListItem","position":2,"name":"El municipio present\u00f3 el proyecto de revalorizaci\u00f3n del predio del Club Hotel de la Ventana"}]},{"@type":"WebSite","@id":"https:\/\/www.celttv.com.ar\/#website","url":"https:\/\/www.celttv.com.ar\/","name":"CELTTV","description":"Cooperativa El\u00e9ctrica de Tornquist","publisher":{"@id":"https:\/\/www.celttv.com.ar\/#organization"},"potentialAction":[{"@type":"SearchAction","target":{"@type":"EntryPoint","urlTemplate":"https:\/\/www.celttv.com.ar\/?s={search_term_string}"},"query-input":"required name=search_term_string"}],"inLanguage":"es"},{"@type":"Organization","@id":"https:\/\/www.celttv.com.ar\/#organization","name":"CELTTV","url":"https:\/\/www.celttv.com.ar\/","sameAs":["https:\/\/www.youtube.com\/channel\/UCz_oIt8Hig64Ub-EmcNPIhg","https:\/\/www.facebook.com\/celtTV\/"],"logo":{"@type":"ImageObject","inLanguage":"es","@id":"https:\/\/www.celttv.com.ar\/#\/schema\/logo\/image\/","url":"http:\/\/www.celttv.com.ar\/wp-content\/uploads\/2022\/08\/logo-1.png","contentUrl":"http:\/\/www.celttv.com.ar\/wp-content\/uploads\/2022\/08\/logo-1.png","width":461,"height":159,"caption":"CELTTV"},"image":{"@id":"https:\/\/www.celttv.com.ar\/#\/schema\/logo\/image\/"}},{"@type":"Person","@id":"https:\/\/www.celttv.com.ar\/#\/schema\/person\/9059dc91dc7204ef4182cdb65225f07d","name":"Miguel Herrada","image":{"@type":"ImageObject","inLanguage":"es","@id":"https:\/\/www.celttv.com.ar\/#\/schema\/person\/image\/","url":"https:\/\/secure.gravatar.com\/avatar\/67724d5b3c716623ffd76bec7e45841a442ac3b456e914dbba90b0fad2b8e0b1?s=96&d=mm&r=g","contentUrl":"https:\/\/secure.gravatar.com\/avatar\/67724d5b3c716623ffd76bec7e45841a442ac3b456e914dbba90b0fad2b8e0b1?s=96&d=mm&r=g","caption":"Miguel Herrada"}}]}},"_links":{"self":[{"href":"https:\/\/www.celttv.com.ar\/index.php\/wp-json\/wp\/v2\/posts\/88568","targetHints":{"allow":["GET"]}}],"collection":[{"href":"https:\/\/www.celttv.com.ar\/index.php\/wp-json\/wp\/v2\/posts"}],"about":[{"href":"https:\/\/www.celttv.com.ar\/index.php\/wp-json\/wp\/v2\/types\/post"}],"author":[{"embeddable":true,"href":"https:\/\/www.celttv.com.ar\/index.php\/wp-json\/wp\/v2\/users\/5"}],"replies":[{"embeddable":true,"href":"https:\/\/www.celttv.com.ar\/index.php\/wp-json\/wp\/v2\/comments?post=88568"}],"version-history":[{"count":1,"href":"https:\/\/www.celttv.com.ar\/index.php\/wp-json\/wp\/v2\/posts\/88568\/revisions"}],"predecessor-version":[{"id":88585,"href":"https:\/\/www.celttv.com.ar\/index.php\/wp-json\/wp\/v2\/posts\/88568\/revisions\/88585"}],"wp:featuredmedia":[{"embeddable":true,"href":"https:\/\/www.celttv.com.ar\/index.php\/wp-json\/wp\/v2\/media\/88569"}],"wp:attachment":[{"href":"https:\/\/www.celttv.com.ar\/index.php\/wp-json\/wp\/v2\/media?parent=88568"}],"wp:term":[{"taxonomy":"category","embeddable":true,"href":"https:\/\/www.celttv.com.ar\/index.php\/wp-json\/wp\/v2\/categories?post=88568"},{"taxonomy":"post_tag","embeddable":true,"href":"https:\/\/www.celttv.com.ar\/index.php\/wp-json\/wp\/v2\/tags?post=88568"}],"curies":[{"name":"wp","href":"https:\/\/api.w.org\/{rel}","templated":true}]}}