{"id":88588,"date":"2025-06-02T19:35:28","date_gmt":"2025-06-02T22:35:28","guid":{"rendered":"https:\/\/www.celttv.com.ar\/?p=88588"},"modified":"2025-06-02T19:35:28","modified_gmt":"2025-06-02T22:35:28","slug":"3j-a-10-anos-de-la-primera-marcha-niunamenos","status":"publish","type":"post","link":"https:\/\/www.celttv.com.ar\/index.php\/2025\/06\/02\/3j-a-10-anos-de-la-primera-marcha-niunamenos\/","title":{"rendered":"3J, A 10 A\u00d1OS DE LA PRIMERA MARCHA #NiUnaMenos"},"content":{"rendered":"<p style=\"font-weight: 400;\"><strong><u>COMUNICADO DEL CONSEJO MUNICIPAL DE LAS MUJERES TORNQUIST<\/u><\/strong><\/p>\n<p style=\"font-weight: 400;\">3J, A 10 A\u00d1OS DE LA PRIMERA MARCHA #NiUnaMenos<\/p>\n<p style=\"font-weight: 400;\">\u201cVivas, libres y sin miedo nos queremos. #NiUnaMenos ni una menos por violencia machista, pero tampoco por pobreza, exclusi\u00f3n o abandono estatal.\u201d<\/p>\n<p style=\"font-weight: 400;\">\n<p style=\"font-weight: 400;\">A una d\u00e9cada de la primera movilizaci\u00f3n bajo la consigna #NiUnaMenos, estamos aqu\u00ed diciendo \u00a1Basta a\u00a0 las violencias naturalizadas y al destrato de las voces que piden ser escuchadas!; denunciando que el ajuste econ\u00f3mico del gobierno nacional, los recortes en el Ministerio de Mujeres y el vaciamiento de programas de asistencia \u00a0ponen en riesgo real a miles de mujeres y personas LGBTIQ+ en todo el pa\u00eds y sum\u00e1ndonos al pedido nacional por la declaraci\u00f3n de la Emergencia en Violencia de G\u00e9nero,\u00a0 exigiendo que se restituyan recursos institucionales y se garantice el cumplimiento de las leyes vigentes en general, y en particular\u00a0 la Ley 26.485\/09 de Protecci\u00f3n Integral para Prevenir, Sancionar y Erradicar la Violencia contra las Mujeres.<\/p>\n<p style=\"font-weight: 400;\">Asimismo, nos manifestamos en contra del avance autoritario que propone reponer el dominio de lo masculino como la ley del m\u00e1s fuerte, propicia el individualismo buscando\u00a0 la ruptura del lazo social y recurre a\u00a0 la estigmatizaci\u00f3n, persecuci\u00f3n y represi\u00f3n de los distintos movimientos que reclaman por sus derechos con el \u00fanico objetivo de instalar un proyecto econ\u00f3mico que legitima el extractivismo y favorece la acumulaci\u00f3n de la riqueza en manos de unos pocos.<\/p>\n<p style=\"font-weight: 400;\">\n<p style=\"font-weight: 400;\">En el orden local, convencidas de que el saber es un derecho humano irrenunciable y un requisito fundamental para\u00a0 exigir\u00a0 que los derechos sean respetados tal y como lo determinan las leyes, la demanda que plateamos en este 3 de Junio al Ejecutivo Municipal se centra en la necesidad llegar a la comunidad con una campa\u00f1a intensiva de:<\/p>\n<p style=\"font-weight: 400;\">&#8211;\u00a0 Divulgaci\u00f3n la difusi\u00f3n de pol\u00edticas p\u00fablicas en favor de las mujeres y disidencias sexuales que son v\u00edctimas de alguna de las m\u00faltiples formas de violencia por motivos de g\u00e9nero,<\/p>\n<p style=\"font-weight: 400;\">&#8211;\u00a0 Publicaci\u00f3n de contenido informativo acerca de los derechos a la salud en general y, en particular, al acompa\u00f1amiento integral establecido en la Ley 27.610-IVE\/ILE, los derechos de las personas gestantes, los procesos de atenci\u00f3n, los centros de salud donde se puede acceder a la informaci\u00f3n sobre salud sexual integral, aborto seguro, m\u00e9todos anticonceptivos disponibles, horarios de atenci\u00f3n en el \u00e1mbito distrital y provincial.<\/p>\n<p style=\"font-weight: 400;\">&#8211;\u00a0 Difusi\u00f3n de los alcances de la Ley Micaela N\u00b0 27.499, la Ley N\u00b0 26.150 de Educaci\u00f3n Sexual Integral (ESI), la Ley Nacional N\u00b0 27.501 que introduce el Acoso Callejero y de los protocolos de atenci\u00f3n a la v\u00edctima de violencia\u00a0 basada en razones de g\u00e9nero u orientaci\u00f3n sexual.<\/p>\n<p style=\"font-weight: 400;\">\n<p style=\"font-weight: 400;\">Es nuestro prop\u00f3sito, desde siempre, aportar a la construcci\u00f3n de una\u00a0 sociedad capaz de prevenir, de contener, de estar mejor informada, de ser m\u00e1s sensible, m\u00e1s inclusiva, menos indiferente y a un pa\u00eds donde no se ajuste al pueblo y donde el futuro se construya con justicia social, soberan\u00eda y dignidad.<\/p>\n<p><img loading=\"lazy\" decoding=\"async\" class=\"alignnone wp-image-88589 size-full\" src=\"https:\/\/www.celttv.com.ar\/wp-content\/uploads\/2025\/06\/ASAMBLEA-NI-UNA-MENOS.jpg\" alt=\"\" width=\"658\" height=\"659\" srcset=\"https:\/\/www.celttv.com.ar\/wp-content\/uploads\/2025\/06\/ASAMBLEA-NI-UNA-MENOS.jpg 658w, https:\/\/www.celttv.com.ar\/wp-content\/uploads\/2025\/06\/ASAMBLEA-NI-UNA-MENOS-300x300.jpg 300w, https:\/\/www.celttv.com.ar\/wp-content\/uploads\/2025\/06\/ASAMBLEA-NI-UNA-MENOS-150x150.jpg 150w, https:\/\/www.celttv.com.ar\/wp-content\/uploads\/2025\/06\/ASAMBLEA-NI-UNA-MENOS-75x75.jpg 75w\" sizes=\"auto, (max-width: 658px) 100vw, 658px\" \/><\/p>\n","protected":false},"excerpt":{"rendered":"<p>COMUNICADO DEL CONSEJO MUNICIPAL DE LAS MUJERES TORNQUIST 3J, A 10 A\u00d1OS DE LA PRIMERA MARCHA #NiUnaMenos \u201cVivas, libres y sin miedo nos queremos. #NiUnaMenos ni una menos por violencia machista, pero tampoco por pobreza, exclusi\u00f3n o abandono estatal.\u201d A una d\u00e9cada de la primera movilizaci\u00f3n bajo la consigna #NiUnaMenos, estamos aqu\u00ed diciendo \u00a1Basta a\u00a0 [&hellip;]<\/p>\n","protected":false},"author":5,"featured_media":88589,"comment_status":"closed","ping_status":"closed","sticky":false,"template":"","format":"standard","meta":{"footnotes":""},"categories":[51],"tags":[],"class_list":["post-88588","post","type-post","status-publish","format-standard","has-post-thumbnail","hentry","category-comunidad"],"yoast_head":"<!-- This site is optimized with the Yoast SEO plugin v19.7.1 - https:\/\/yoast.com\/wordpress\/plugins\/seo\/ -->\n<title>3J, A 10 A\u00d1OS DE LA PRIMERA MARCHA #NiUnaMenos - CELTTV<\/title>\n<meta name=\"description\" content=\"Sitio web de noticias de la localidad de Tornquist, provincia de Buenos Aires, Rep\u00fablica Argentina. Contenido propio originado por periodistas de CELTTV, el canal de TV local de la Cooperativa El\u00e9ctrica de Tornquist. Turismo, Pol\u00edtica, Sociedad, Deporte, Cultura y todo el contenido de inter\u00e9s general que la gente del pueblo y la regi\u00f3n debe conocer.\" \/>\n<meta name=\"robots\" content=\"index, follow, max-snippet:-1, max-image-preview:large, max-video-preview:-1\" \/>\n<link rel=\"canonical\" href=\"https:\/\/www.celttv.com.ar\/index.php\/2025\/06\/02\/3j-a-10-anos-de-la-primera-marcha-niunamenos\/\" \/>\n<meta property=\"og:locale\" content=\"es_ES\" \/>\n<meta property=\"og:type\" content=\"article\" \/>\n<meta property=\"og:title\" content=\"3J, A 10 A\u00d1OS DE LA PRIMERA MARCHA #NiUnaMenos - CELTTV\" \/>\n<meta property=\"og:description\" content=\"Sitio web de noticias de la localidad de Tornquist, provincia de Buenos Aires, Rep\u00fablica Argentina. Contenido propio originado por periodistas de CELTTV, el canal de TV local de la Cooperativa El\u00e9ctrica de Tornquist. Turismo, Pol\u00edtica, Sociedad, Deporte, Cultura y todo el contenido de inter\u00e9s general que la gente del pueblo y la regi\u00f3n debe conocer.\" \/>\n<meta property=\"og:url\" content=\"https:\/\/www.celttv.com.ar\/index.php\/2025\/06\/02\/3j-a-10-anos-de-la-primera-marcha-niunamenos\/\" \/>\n<meta property=\"og:site_name\" content=\"CELTTV\" \/>\n<meta property=\"article:publisher\" content=\"https:\/\/www.facebook.com\/celtTV\/\" \/>\n<meta property=\"article:published_time\" content=\"2025-06-02T22:35:28+00:00\" \/>\n<meta property=\"og:image\" content=\"https:\/\/www.celttv.com.ar\/wp-content\/uploads\/2025\/06\/ASAMBLEA-NI-UNA-MENOS.jpg\" \/>\n\t<meta property=\"og:image:width\" content=\"658\" \/>\n\t<meta property=\"og:image:height\" content=\"659\" \/>\n\t<meta property=\"og:image:type\" content=\"image\/jpeg\" \/>\n<meta name=\"author\" content=\"Miguel Herrada\" \/>\n<meta name=\"twitter:card\" content=\"summary_large_image\" \/>\n<meta name=\"twitter:label1\" content=\"Escrito por\" \/>\n\t<meta name=\"twitter:data1\" content=\"Miguel Herrada\" \/>\n\t<meta name=\"twitter:label2\" content=\"Tiempo de lectura\" \/>\n\t<meta name=\"twitter:data2\" content=\"3 minutos\" \/>\n<script type=\"application\/ld+json\" class=\"yoast-schema-graph\">{\"@context\":\"https:\/\/schema.org\",\"@graph\":[{\"@type\":\"NewsArticle\",\"@id\":\"https:\/\/www.celttv.com.ar\/index.php\/2025\/06\/02\/3j-a-10-anos-de-la-primera-marcha-niunamenos\/#article\",\"isPartOf\":{\"@id\":\"https:\/\/www.celttv.com.ar\/index.php\/2025\/06\/02\/3j-a-10-anos-de-la-primera-marcha-niunamenos\/\"},\"author\":{\"name\":\"Miguel Herrada\",\"@id\":\"https:\/\/www.celttv.com.ar\/#\/schema\/person\/9059dc91dc7204ef4182cdb65225f07d\"},\"headline\":\"3J, A 10 A\u00d1OS DE LA PRIMERA MARCHA #NiUnaMenos\",\"datePublished\":\"2025-06-02T22:35:28+00:00\",\"dateModified\":\"2025-06-02T22:35:28+00:00\",\"mainEntityOfPage\":{\"@id\":\"https:\/\/www.celttv.com.ar\/index.php\/2025\/06\/02\/3j-a-10-anos-de-la-primera-marcha-niunamenos\/\"},\"wordCount\":527,\"publisher\":{\"@id\":\"https:\/\/www.celttv.com.ar\/#organization\"},\"articleSection\":[\"Comunidad\"],\"inLanguage\":\"es\"},{\"@type\":\"WebPage\",\"@id\":\"https:\/\/www.celttv.com.ar\/index.php\/2025\/06\/02\/3j-a-10-anos-de-la-primera-marcha-niunamenos\/\",\"url\":\"https:\/\/www.celttv.com.ar\/index.php\/2025\/06\/02\/3j-a-10-anos-de-la-primera-marcha-niunamenos\/\",\"name\":\"3J, A 10 A\u00d1OS DE LA PRIMERA MARCHA #NiUnaMenos - CELTTV\",\"isPartOf\":{\"@id\":\"https:\/\/www.celttv.com.ar\/#website\"},\"datePublished\":\"2025-06-02T22:35:28+00:00\",\"dateModified\":\"2025-06-02T22:35:28+00:00\",\"description\":\"Sitio web de noticias de la localidad de Tornquist, provincia de Buenos Aires, Rep\u00fablica Argentina. Contenido propio originado por periodistas de CELTTV, el canal de TV local de la Cooperativa El\u00e9ctrica de Tornquist. Turismo, Pol\u00edtica, Sociedad, Deporte, Cultura y todo el contenido de inter\u00e9s general que la gente del pueblo y la regi\u00f3n debe conocer.\",\"breadcrumb\":{\"@id\":\"https:\/\/www.celttv.com.ar\/index.php\/2025\/06\/02\/3j-a-10-anos-de-la-primera-marcha-niunamenos\/#breadcrumb\"},\"inLanguage\":\"es\",\"potentialAction\":[{\"@type\":\"ReadAction\",\"target\":[\"https:\/\/www.celttv.com.ar\/index.php\/2025\/06\/02\/3j-a-10-anos-de-la-primera-marcha-niunamenos\/\"]}]},{\"@type\":\"BreadcrumbList\",\"@id\":\"https:\/\/www.celttv.com.ar\/index.php\/2025\/06\/02\/3j-a-10-anos-de-la-primera-marcha-niunamenos\/#breadcrumb\",\"itemListElement\":[{\"@type\":\"ListItem\",\"position\":1,\"name\":\"Inicio\",\"item\":\"https:\/\/www.celttv.com.ar\/\"},{\"@type\":\"ListItem\",\"position\":2,\"name\":\"3J, A 10 A\u00d1OS DE LA PRIMERA MARCHA #NiUnaMenos\"}]},{\"@type\":\"WebSite\",\"@id\":\"https:\/\/www.celttv.com.ar\/#website\",\"url\":\"https:\/\/www.celttv.com.ar\/\",\"name\":\"CELTTV\",\"description\":\"Cooperativa El\u00e9ctrica de Tornquist\",\"publisher\":{\"@id\":\"https:\/\/www.celttv.com.ar\/#organization\"},\"potentialAction\":[{\"@type\":\"SearchAction\",\"target\":{\"@type\":\"EntryPoint\",\"urlTemplate\":\"https:\/\/www.celttv.com.ar\/?s={search_term_string}\"},\"query-input\":\"required name=search_term_string\"}],\"inLanguage\":\"es\"},{\"@type\":\"Organization\",\"@id\":\"https:\/\/www.celttv.com.ar\/#organization\",\"name\":\"CELTTV\",\"url\":\"https:\/\/www.celttv.com.ar\/\",\"sameAs\":[\"https:\/\/www.youtube.com\/channel\/UCz_oIt8Hig64Ub-EmcNPIhg\",\"https:\/\/www.facebook.com\/celtTV\/\"],\"logo\":{\"@type\":\"ImageObject\",\"inLanguage\":\"es\",\"@id\":\"https:\/\/www.celttv.com.ar\/#\/schema\/logo\/image\/\",\"url\":\"http:\/\/www.celttv.com.ar\/wp-content\/uploads\/2022\/08\/logo-1.png\",\"contentUrl\":\"http:\/\/www.celttv.com.ar\/wp-content\/uploads\/2022\/08\/logo-1.png\",\"width\":461,\"height\":159,\"caption\":\"CELTTV\"},\"image\":{\"@id\":\"https:\/\/www.celttv.com.ar\/#\/schema\/logo\/image\/\"}},{\"@type\":\"Person\",\"@id\":\"https:\/\/www.celttv.com.ar\/#\/schema\/person\/9059dc91dc7204ef4182cdb65225f07d\",\"name\":\"Miguel Herrada\",\"image\":{\"@type\":\"ImageObject\",\"inLanguage\":\"es\",\"@id\":\"https:\/\/www.celttv.com.ar\/#\/schema\/person\/image\/\",\"url\":\"https:\/\/secure.gravatar.com\/avatar\/67724d5b3c716623ffd76bec7e45841a442ac3b456e914dbba90b0fad2b8e0b1?s=96&d=mm&r=g\",\"contentUrl\":\"https:\/\/secure.gravatar.com\/avatar\/67724d5b3c716623ffd76bec7e45841a442ac3b456e914dbba90b0fad2b8e0b1?s=96&d=mm&r=g\",\"caption\":\"Miguel Herrada\"}}]}<\/script>\n<!-- \/ Yoast SEO plugin. -->","yoast_head_json":{"title":"3J, A 10 A\u00d1OS DE LA PRIMERA MARCHA #NiUnaMenos - CELTTV","description":"Sitio web de noticias de la localidad de Tornquist, provincia de Buenos Aires, Rep\u00fablica Argentina. Contenido propio originado por periodistas de CELTTV, el canal de TV local de la Cooperativa El\u00e9ctrica de Tornquist. Turismo, Pol\u00edtica, Sociedad, Deporte, Cultura y todo el contenido de inter\u00e9s general que la gente del pueblo y la regi\u00f3n debe conocer.","robots":{"index":"index","follow":"follow","max-snippet":"max-snippet:-1","max-image-preview":"max-image-preview:large","max-video-preview":"max-video-preview:-1"},"canonical":"https:\/\/www.celttv.com.ar\/index.php\/2025\/06\/02\/3j-a-10-anos-de-la-primera-marcha-niunamenos\/","og_locale":"es_ES","og_type":"article","og_title":"3J, A 10 A\u00d1OS DE LA PRIMERA MARCHA #NiUnaMenos - CELTTV","og_description":"Sitio web de noticias de la localidad de Tornquist, provincia de Buenos Aires, Rep\u00fablica Argentina. Contenido propio originado por periodistas de CELTTV, el canal de TV local de la Cooperativa El\u00e9ctrica de Tornquist. Turismo, Pol\u00edtica, Sociedad, Deporte, Cultura y todo el contenido de inter\u00e9s general que la gente del pueblo y la regi\u00f3n debe conocer.","og_url":"https:\/\/www.celttv.com.ar\/index.php\/2025\/06\/02\/3j-a-10-anos-de-la-primera-marcha-niunamenos\/","og_site_name":"CELTTV","article_publisher":"https:\/\/www.facebook.com\/celtTV\/","article_published_time":"2025-06-02T22:35:28+00:00","og_image":[{"width":658,"height":659,"url":"https:\/\/www.celttv.com.ar\/wp-content\/uploads\/2025\/06\/ASAMBLEA-NI-UNA-MENOS.jpg","type":"image\/jpeg"}],"author":"Miguel Herrada","twitter_card":"summary_large_image","twitter_misc":{"Escrito por":"Miguel Herrada","Tiempo de lectura":"3 minutos"},"schema":{"@context":"https:\/\/schema.org","@graph":[{"@type":"NewsArticle","@id":"https:\/\/www.celttv.com.ar\/index.php\/2025\/06\/02\/3j-a-10-anos-de-la-primera-marcha-niunamenos\/#article","isPartOf":{"@id":"https:\/\/www.celttv.com.ar\/index.php\/2025\/06\/02\/3j-a-10-anos-de-la-primera-marcha-niunamenos\/"},"author":{"name":"Miguel Herrada","@id":"https:\/\/www.celttv.com.ar\/#\/schema\/person\/9059dc91dc7204ef4182cdb65225f07d"},"headline":"3J, A 10 A\u00d1OS DE LA PRIMERA MARCHA #NiUnaMenos","datePublished":"2025-06-02T22:35:28+00:00","dateModified":"2025-06-02T22:35:28+00:00","mainEntityOfPage":{"@id":"https:\/\/www.celttv.com.ar\/index.php\/2025\/06\/02\/3j-a-10-anos-de-la-primera-marcha-niunamenos\/"},"wordCount":527,"publisher":{"@id":"https:\/\/www.celttv.com.ar\/#organization"},"articleSection":["Comunidad"],"inLanguage":"es"},{"@type":"WebPage","@id":"https:\/\/www.celttv.com.ar\/index.php\/2025\/06\/02\/3j-a-10-anos-de-la-primera-marcha-niunamenos\/","url":"https:\/\/www.celttv.com.ar\/index.php\/2025\/06\/02\/3j-a-10-anos-de-la-primera-marcha-niunamenos\/","name":"3J, A 10 A\u00d1OS DE LA PRIMERA MARCHA #NiUnaMenos - CELTTV","isPartOf":{"@id":"https:\/\/www.celttv.com.ar\/#website"},"datePublished":"2025-06-02T22:35:28+00:00","dateModified":"2025-06-02T22:35:28+00:00","description":"Sitio web de noticias de la localidad de Tornquist, provincia de Buenos Aires, Rep\u00fablica Argentina. Contenido propio originado por periodistas de CELTTV, el canal de TV local de la Cooperativa El\u00e9ctrica de Tornquist. Turismo, Pol\u00edtica, Sociedad, Deporte, Cultura y todo el contenido de inter\u00e9s general que la gente del pueblo y la regi\u00f3n debe conocer.","breadcrumb":{"@id":"https:\/\/www.celttv.com.ar\/index.php\/2025\/06\/02\/3j-a-10-anos-de-la-primera-marcha-niunamenos\/#breadcrumb"},"inLanguage":"es","potentialAction":[{"@type":"ReadAction","target":["https:\/\/www.celttv.com.ar\/index.php\/2025\/06\/02\/3j-a-10-anos-de-la-primera-marcha-niunamenos\/"]}]},{"@type":"BreadcrumbList","@id":"https:\/\/www.celttv.com.ar\/index.php\/2025\/06\/02\/3j-a-10-anos-de-la-primera-marcha-niunamenos\/#breadcrumb","itemListElement":[{"@type":"ListItem","position":1,"name":"Inicio","item":"https:\/\/www.celttv.com.ar\/"},{"@type":"ListItem","position":2,"name":"3J, A 10 A\u00d1OS DE LA PRIMERA MARCHA #NiUnaMenos"}]},{"@type":"WebSite","@id":"https:\/\/www.celttv.com.ar\/#website","url":"https:\/\/www.celttv.com.ar\/","name":"CELTTV","description":"Cooperativa El\u00e9ctrica de Tornquist","publisher":{"@id":"https:\/\/www.celttv.com.ar\/#organization"},"potentialAction":[{"@type":"SearchAction","target":{"@type":"EntryPoint","urlTemplate":"https:\/\/www.celttv.com.ar\/?s={search_term_string}"},"query-input":"required name=search_term_string"}],"inLanguage":"es"},{"@type":"Organization","@id":"https:\/\/www.celttv.com.ar\/#organization","name":"CELTTV","url":"https:\/\/www.celttv.com.ar\/","sameAs":["https:\/\/www.youtube.com\/channel\/UCz_oIt8Hig64Ub-EmcNPIhg","https:\/\/www.facebook.com\/celtTV\/"],"logo":{"@type":"ImageObject","inLanguage":"es","@id":"https:\/\/www.celttv.com.ar\/#\/schema\/logo\/image\/","url":"http:\/\/www.celttv.com.ar\/wp-content\/uploads\/2022\/08\/logo-1.png","contentUrl":"http:\/\/www.celttv.com.ar\/wp-content\/uploads\/2022\/08\/logo-1.png","width":461,"height":159,"caption":"CELTTV"},"image":{"@id":"https:\/\/www.celttv.com.ar\/#\/schema\/logo\/image\/"}},{"@type":"Person","@id":"https:\/\/www.celttv.com.ar\/#\/schema\/person\/9059dc91dc7204ef4182cdb65225f07d","name":"Miguel Herrada","image":{"@type":"ImageObject","inLanguage":"es","@id":"https:\/\/www.celttv.com.ar\/#\/schema\/person\/image\/","url":"https:\/\/secure.gravatar.com\/avatar\/67724d5b3c716623ffd76bec7e45841a442ac3b456e914dbba90b0fad2b8e0b1?s=96&d=mm&r=g","contentUrl":"https:\/\/secure.gravatar.com\/avatar\/67724d5b3c716623ffd76bec7e45841a442ac3b456e914dbba90b0fad2b8e0b1?s=96&d=mm&r=g","caption":"Miguel Herrada"}}]}},"_links":{"self":[{"href":"https:\/\/www.celttv.com.ar\/index.php\/wp-json\/wp\/v2\/posts\/88588","targetHints":{"allow":["GET"]}}],"collection":[{"href":"https:\/\/www.celttv.com.ar\/index.php\/wp-json\/wp\/v2\/posts"}],"about":[{"href":"https:\/\/www.celttv.com.ar\/index.php\/wp-json\/wp\/v2\/types\/post"}],"author":[{"embeddable":true,"href":"https:\/\/www.celttv.com.ar\/index.php\/wp-json\/wp\/v2\/users\/5"}],"replies":[{"embeddable":true,"href":"https:\/\/www.celttv.com.ar\/index.php\/wp-json\/wp\/v2\/comments?post=88588"}],"version-history":[{"count":1,"href":"https:\/\/www.celttv.com.ar\/index.php\/wp-json\/wp\/v2\/posts\/88588\/revisions"}],"predecessor-version":[{"id":88590,"href":"https:\/\/www.celttv.com.ar\/index.php\/wp-json\/wp\/v2\/posts\/88588\/revisions\/88590"}],"wp:featuredmedia":[{"embeddable":true,"href":"https:\/\/www.celttv.com.ar\/index.php\/wp-json\/wp\/v2\/media\/88589"}],"wp:attachment":[{"href":"https:\/\/www.celttv.com.ar\/index.php\/wp-json\/wp\/v2\/media?parent=88588"}],"wp:term":[{"taxonomy":"category","embeddable":true,"href":"https:\/\/www.celttv.com.ar\/index.php\/wp-json\/wp\/v2\/categories?post=88588"},{"taxonomy":"post_tag","embeddable":true,"href":"https:\/\/www.celttv.com.ar\/index.php\/wp-json\/wp\/v2\/tags?post=88588"}],"curies":[{"name":"wp","href":"https:\/\/api.w.org\/{rel}","templated":true}]}}