{"id":88591,"date":"2025-06-03T10:33:19","date_gmt":"2025-06-03T13:33:19","guid":{"rendered":"https:\/\/www.celttv.com.ar\/?p=88591"},"modified":"2025-06-03T10:33:19","modified_gmt":"2025-06-03T13:33:19","slug":"88591","status":"publish","type":"post","link":"https:\/\/www.celttv.com.ar\/index.php\/2025\/06\/03\/88591\/","title":{"rendered":""},"content":{"rendered":"<p>Hoy, 3 de junio, se celebra en Argentina el D\u00eda del Aprendiz y de la Formaci\u00f3n Profesional. Esta fecha conmemora la creaci\u00f3n de la Comisi\u00f3n Nacional de Aprendizaje y Orientaci\u00f3n Profesional (CNAOP) en 1944, que ten\u00eda como objetivo regular la formaci\u00f3n de trabajadores fabriles.<\/p>\n<p>La Formaci\u00f3n Profesional es una modalidad educativa que se centra en la ense\u00f1anza y aprendizaje de oficios, permitiendo a j\u00f3venes y adultos adquirir habilidades pr\u00e1cticas para el trabajo. El Instituto Nacional de Educaci\u00f3n Tecnol\u00f3gica (INET) es el \u00f3rgano encargado de coordinar las pol\u00edticas p\u00fablicas relativas a la Formaci\u00f3n Profesional en Argentina \u00b9.<\/p>\n<p>Objetivos de la Formaci\u00f3n Profesional:<\/p>\n<p>&#8211; Promoci\u00f3n social y profesional: La Formaci\u00f3n Profesional busca compatibilizar la promoci\u00f3n social y profesional con la productividad de la econom\u00eda nacional, regional y local.<\/p>\n<p>&#8211; Especializaci\u00f3n y actualizaci\u00f3n: Tambi\u00e9n contempla la especializaci\u00f3n y actualizaci\u00f3n de conocimientos y capacidades adquiridos en el trabajo.<\/p>\n<p>&#8211; Vinculaci\u00f3n con el mundo laboral: La Formaci\u00f3n Profesional se enfoca en vincular a los estudiantes con el mundo laboral y actualizar los recursos humanos de diferentes sectores socioproductivos.<\/p>\n<p>Programas y acciones del INET:<\/p>\n<p>&#8211; Becas Progresar Trabajo: El Ministerio de Educaci\u00f3n y el INET ofrecen becas para fomentar la educaci\u00f3n y capacitaci\u00f3n para el mundo laboral.<\/p>\n<p>&#8211; Director de Educaci\u00f3n, Trabajo y Producci\u00f3n: El INET cuenta con una direcci\u00f3n espec\u00edfica para vincular el sistema educativo t\u00e9cnico con el socioproductivo.<\/p>\n<p>&#8211; Instructorado de FP: El INET ofrece capacitaci\u00f3n para instructores de Formaci\u00f3n Profesional.<\/p>\n<p>&#8211; Red Nacional de Aulas Talleres M\u00f3viles: El INET lleva cursos a zonas remotas a trav\u00e9s de estructuras transportables.<\/p>\n<p><a name=\"Bookmark\"><\/a><span style=\"font-size: large;\"><b>Feliz d\u00eda para todas\/os nuestras\/os alumnas\/os y a todas\/os las\/los instructores de FP.<\/b><\/span><\/p>\n<p>Nuestras redes y contacto:<\/p>\n<p>Facebook: <a href=\"https:\/\/www.facebook.com\/cfp402tornquist\">https:\/\/www.facebook.com\/cfp402tornquist<\/a><\/p>\n<p>Instagram: <a href=\"https:\/\/www.instagram.com\/cfp402tornquist\">https:\/\/www.instagram.com\/cfp402tornquist<\/a><\/p>\n<p>Grupo WhatsApp: <a href=\"https:\/\/chat.whatsapp.com\/D9JCseHHRyB5tvFWbEKa5u\">https:\/\/chat.whatsapp.com\/D9JCseHHRyB5tvFWbEKa5u<\/a><\/p>\n<p>P\u00e1gina web: <a href=\"https:\/\/bit.ly\/3YFCquS\">https:\/\/bit.ly\/3YFCquS<\/a><\/p>\n<p>Sede Tornquist: Ruta Provincial N\u00b0 76 km 263,7 y Av. Moreno (Acc. a Tornquist)<\/p>\n<p>SubSede Saldungaray: La Plata y Victoria<\/p>\n<p>Director: Sebasti\u00e1n Arias cel\/WhatsApp 291-414-3720<\/p>\n<p>Secretaria: Graciela Rivarola cel\/WhatsApp 291-429-9215<\/p>\n<p>Email: <a href=\"mailto:cfp402tornquist@abc.gob.ar\">cfp402tornquist@abc.gob.ar<\/a><\/p>\n<p><img loading=\"lazy\" decoding=\"async\" class=\"alignnone wp-image-88592 size-full\" src=\"https:\/\/www.celttv.com.ar\/wp-content\/uploads\/2025\/06\/cfp.png\" alt=\"\" width=\"605\" height=\"361\" srcset=\"https:\/\/www.celttv.com.ar\/wp-content\/uploads\/2025\/06\/cfp.png 605w, https:\/\/www.celttv.com.ar\/wp-content\/uploads\/2025\/06\/cfp-300x179.png 300w\" sizes=\"auto, (max-width: 605px) 100vw, 605px\" \/> <img loading=\"lazy\" decoding=\"async\" class=\"alignnone wp-image-88593 size-large\" src=\"https:\/\/www.celttv.com.ar\/wp-content\/uploads\/2025\/06\/WhatsApp-Image-2025-06-03-at-08.59.13-819x1024.jpeg\" alt=\"\" width=\"819\" height=\"1024\" srcset=\"https:\/\/www.celttv.com.ar\/wp-content\/uploads\/2025\/06\/WhatsApp-Image-2025-06-03-at-08.59.13-819x1024.jpeg 819w, https:\/\/www.celttv.com.ar\/wp-content\/uploads\/2025\/06\/WhatsApp-Image-2025-06-03-at-08.59.13-240x300.jpeg 240w, https:\/\/www.celttv.com.ar\/wp-content\/uploads\/2025\/06\/WhatsApp-Image-2025-06-03-at-08.59.13-768x960.jpeg 768w, https:\/\/www.celttv.com.ar\/wp-content\/uploads\/2025\/06\/WhatsApp-Image-2025-06-03-at-08.59.13-750x938.jpeg 750w, https:\/\/www.celttv.com.ar\/wp-content\/uploads\/2025\/06\/WhatsApp-Image-2025-06-03-at-08.59.13.jpeg 1080w\" sizes=\"auto, (max-width: 819px) 100vw, 819px\" \/> <img loading=\"lazy\" decoding=\"async\" class=\"alignnone wp-image-88594 size-large\" src=\"https:\/\/www.celttv.com.ar\/wp-content\/uploads\/2025\/06\/WhatsApp-Image-2025-06-03-at-08.59.14-1-819x1024.jpeg\" alt=\"\" width=\"819\" height=\"1024\" srcset=\"https:\/\/www.celttv.com.ar\/wp-content\/uploads\/2025\/06\/WhatsApp-Image-2025-06-03-at-08.59.14-1-819x1024.jpeg 819w, https:\/\/www.celttv.com.ar\/wp-content\/uploads\/2025\/06\/WhatsApp-Image-2025-06-03-at-08.59.14-1-240x300.jpeg 240w, https:\/\/www.celttv.com.ar\/wp-content\/uploads\/2025\/06\/WhatsApp-Image-2025-06-03-at-08.59.14-1-768x960.jpeg 768w, https:\/\/www.celttv.com.ar\/wp-content\/uploads\/2025\/06\/WhatsApp-Image-2025-06-03-at-08.59.14-1-750x938.jpeg 750w, https:\/\/www.celttv.com.ar\/wp-content\/uploads\/2025\/06\/WhatsApp-Image-2025-06-03-at-08.59.14-1.jpeg 1080w\" sizes=\"auto, (max-width: 819px) 100vw, 819px\" \/> <img loading=\"lazy\" decoding=\"async\" class=\"alignnone wp-image-88595 size-large\" src=\"https:\/\/www.celttv.com.ar\/wp-content\/uploads\/2025\/06\/WhatsApp-Image-2025-06-03-at-08.59.14-819x1024.jpeg\" alt=\"\" width=\"819\" height=\"1024\" srcset=\"https:\/\/www.celttv.com.ar\/wp-content\/uploads\/2025\/06\/WhatsApp-Image-2025-06-03-at-08.59.14-819x1024.jpeg 819w, https:\/\/www.celttv.com.ar\/wp-content\/uploads\/2025\/06\/WhatsApp-Image-2025-06-03-at-08.59.14-240x300.jpeg 240w, https:\/\/www.celttv.com.ar\/wp-content\/uploads\/2025\/06\/WhatsApp-Image-2025-06-03-at-08.59.14-768x960.jpeg 768w, https:\/\/www.celttv.com.ar\/wp-content\/uploads\/2025\/06\/WhatsApp-Image-2025-06-03-at-08.59.14-750x938.jpeg 750w, https:\/\/www.celttv.com.ar\/wp-content\/uploads\/2025\/06\/WhatsApp-Image-2025-06-03-at-08.59.14.jpeg 1080w\" sizes=\"auto, (max-width: 819px) 100vw, 819px\" \/><\/p>\n","protected":false},"excerpt":{"rendered":"<p>Hoy, 3 de junio, se celebra en Argentina el D\u00eda del Aprendiz y de la Formaci\u00f3n Profesional. Esta fecha conmemora la creaci\u00f3n de la Comisi\u00f3n Nacional de Aprendizaje y Orientaci\u00f3n Profesional (CNAOP) en 1944, que ten\u00eda como objetivo regular la formaci\u00f3n de trabajadores fabriles. La Formaci\u00f3n Profesional es una modalidad educativa que se centra en [&hellip;]<\/p>\n","protected":false},"author":5,"featured_media":88592,"comment_status":"closed","ping_status":"closed","sticky":false,"template":"","format":"standard","meta":{"footnotes":""},"categories":[51],"tags":[],"class_list":["post-88591","post","type-post","status-publish","format-standard","has-post-thumbnail","hentry","category-comunidad"],"yoast_head":"<!-- This site is optimized with the Yoast SEO plugin v19.7.1 - https:\/\/yoast.com\/wordpress\/plugins\/seo\/ -->\n<title>- CELTTV<\/title>\n<meta name=\"description\" content=\"Sitio web de noticias de la localidad de Tornquist, provincia de Buenos Aires, Rep\u00fablica Argentina. Contenido propio originado por periodistas de CELTTV, el canal de TV local de la Cooperativa El\u00e9ctrica de Tornquist. Turismo, Pol\u00edtica, Sociedad, Deporte, Cultura y todo el contenido de inter\u00e9s general que la gente del pueblo y la regi\u00f3n debe conocer.\" \/>\n<meta name=\"robots\" content=\"index, follow, max-snippet:-1, max-image-preview:large, max-video-preview:-1\" \/>\n<link rel=\"canonical\" href=\"https:\/\/www.celttv.com.ar\/index.php\/2025\/06\/03\/88591\/\" \/>\n<meta property=\"og:locale\" content=\"es_ES\" \/>\n<meta property=\"og:type\" content=\"article\" \/>\n<meta property=\"og:title\" content=\"- CELTTV\" \/>\n<meta property=\"og:description\" content=\"Sitio web de noticias de la localidad de Tornquist, provincia de Buenos Aires, Rep\u00fablica Argentina. Contenido propio originado por periodistas de CELTTV, el canal de TV local de la Cooperativa El\u00e9ctrica de Tornquist. Turismo, Pol\u00edtica, Sociedad, Deporte, Cultura y todo el contenido de inter\u00e9s general que la gente del pueblo y la regi\u00f3n debe conocer.\" \/>\n<meta property=\"og:url\" content=\"https:\/\/www.celttv.com.ar\/index.php\/2025\/06\/03\/88591\/\" \/>\n<meta property=\"og:site_name\" content=\"CELTTV\" \/>\n<meta property=\"article:publisher\" content=\"https:\/\/www.facebook.com\/celtTV\/\" \/>\n<meta property=\"article:published_time\" content=\"2025-06-03T13:33:19+00:00\" \/>\n<meta property=\"og:image\" content=\"https:\/\/www.celttv.com.ar\/wp-content\/uploads\/2025\/06\/cfp.png\" \/>\n\t<meta property=\"og:image:width\" content=\"605\" \/>\n\t<meta property=\"og:image:height\" content=\"361\" \/>\n\t<meta property=\"og:image:type\" content=\"image\/png\" \/>\n<meta name=\"author\" content=\"Miguel Herrada\" \/>\n<meta name=\"twitter:card\" content=\"summary_large_image\" \/>\n<meta name=\"twitter:label1\" content=\"Escrito por\" \/>\n\t<meta name=\"twitter:data1\" content=\"Miguel Herrada\" \/>\n\t<meta name=\"twitter:label2\" content=\"Tiempo de lectura\" \/>\n\t<meta name=\"twitter:data2\" content=\"2 minutos\" \/>\n<script type=\"application\/ld+json\" class=\"yoast-schema-graph\">{\"@context\":\"https:\/\/schema.org\",\"@graph\":[{\"@type\":\"NewsArticle\",\"@id\":\"https:\/\/www.celttv.com.ar\/index.php\/2025\/06\/03\/88591\/#article\",\"isPartOf\":{\"@id\":\"https:\/\/www.celttv.com.ar\/index.php\/2025\/06\/03\/88591\/\"},\"author\":{\"name\":\"Miguel Herrada\",\"@id\":\"https:\/\/www.celttv.com.ar\/#\/schema\/person\/9059dc91dc7204ef4182cdb65225f07d\"},\"headline\":\"Sin t\u00edtulo\",\"datePublished\":\"2025-06-03T13:33:19+00:00\",\"dateModified\":\"2025-06-03T13:33:19+00:00\",\"mainEntityOfPage\":{\"@id\":\"https:\/\/www.celttv.com.ar\/index.php\/2025\/06\/03\/88591\/\"},\"wordCount\":386,\"publisher\":{\"@id\":\"https:\/\/www.celttv.com.ar\/#organization\"},\"articleSection\":[\"Comunidad\"],\"inLanguage\":\"es\"},{\"@type\":\"WebPage\",\"@id\":\"https:\/\/www.celttv.com.ar\/index.php\/2025\/06\/03\/88591\/\",\"url\":\"https:\/\/www.celttv.com.ar\/index.php\/2025\/06\/03\/88591\/\",\"name\":\"- CELTTV\",\"isPartOf\":{\"@id\":\"https:\/\/www.celttv.com.ar\/#website\"},\"datePublished\":\"2025-06-03T13:33:19+00:00\",\"dateModified\":\"2025-06-03T13:33:19+00:00\",\"description\":\"Sitio web de noticias de la localidad de Tornquist, provincia de Buenos Aires, Rep\u00fablica Argentina. Contenido propio originado por periodistas de CELTTV, el canal de TV local de la Cooperativa El\u00e9ctrica de Tornquist. Turismo, Pol\u00edtica, Sociedad, Deporte, Cultura y todo el contenido de inter\u00e9s general que la gente del pueblo y la regi\u00f3n debe conocer.\",\"breadcrumb\":{\"@id\":\"https:\/\/www.celttv.com.ar\/index.php\/2025\/06\/03\/88591\/#breadcrumb\"},\"inLanguage\":\"es\",\"potentialAction\":[{\"@type\":\"ReadAction\",\"target\":[\"https:\/\/www.celttv.com.ar\/index.php\/2025\/06\/03\/88591\/\"]}]},{\"@type\":\"BreadcrumbList\",\"@id\":\"https:\/\/www.celttv.com.ar\/index.php\/2025\/06\/03\/88591\/#breadcrumb\",\"itemListElement\":[{\"@type\":\"ListItem\",\"position\":1,\"name\":\"Inicio\",\"item\":\"https:\/\/www.celttv.com.ar\/\"},{\"@type\":\"ListItem\",\"position\":2,\"name\":\"\"}]},{\"@type\":\"WebSite\",\"@id\":\"https:\/\/www.celttv.com.ar\/#website\",\"url\":\"https:\/\/www.celttv.com.ar\/\",\"name\":\"CELTTV\",\"description\":\"Cooperativa El\u00e9ctrica de Tornquist\",\"publisher\":{\"@id\":\"https:\/\/www.celttv.com.ar\/#organization\"},\"potentialAction\":[{\"@type\":\"SearchAction\",\"target\":{\"@type\":\"EntryPoint\",\"urlTemplate\":\"https:\/\/www.celttv.com.ar\/?s={search_term_string}\"},\"query-input\":\"required name=search_term_string\"}],\"inLanguage\":\"es\"},{\"@type\":\"Organization\",\"@id\":\"https:\/\/www.celttv.com.ar\/#organization\",\"name\":\"CELTTV\",\"url\":\"https:\/\/www.celttv.com.ar\/\",\"sameAs\":[\"https:\/\/www.youtube.com\/channel\/UCz_oIt8Hig64Ub-EmcNPIhg\",\"https:\/\/www.facebook.com\/celtTV\/\"],\"logo\":{\"@type\":\"ImageObject\",\"inLanguage\":\"es\",\"@id\":\"https:\/\/www.celttv.com.ar\/#\/schema\/logo\/image\/\",\"url\":\"http:\/\/www.celttv.com.ar\/wp-content\/uploads\/2022\/08\/logo-1.png\",\"contentUrl\":\"http:\/\/www.celttv.com.ar\/wp-content\/uploads\/2022\/08\/logo-1.png\",\"width\":461,\"height\":159,\"caption\":\"CELTTV\"},\"image\":{\"@id\":\"https:\/\/www.celttv.com.ar\/#\/schema\/logo\/image\/\"}},{\"@type\":\"Person\",\"@id\":\"https:\/\/www.celttv.com.ar\/#\/schema\/person\/9059dc91dc7204ef4182cdb65225f07d\",\"name\":\"Miguel Herrada\",\"image\":{\"@type\":\"ImageObject\",\"inLanguage\":\"es\",\"@id\":\"https:\/\/www.celttv.com.ar\/#\/schema\/person\/image\/\",\"url\":\"https:\/\/secure.gravatar.com\/avatar\/67724d5b3c716623ffd76bec7e45841a442ac3b456e914dbba90b0fad2b8e0b1?s=96&d=mm&r=g\",\"contentUrl\":\"https:\/\/secure.gravatar.com\/avatar\/67724d5b3c716623ffd76bec7e45841a442ac3b456e914dbba90b0fad2b8e0b1?s=96&d=mm&r=g\",\"caption\":\"Miguel Herrada\"}}]}<\/script>\n<!-- \/ Yoast SEO plugin. -->","yoast_head_json":{"title":"- CELTTV","description":"Sitio web de noticias de la localidad de Tornquist, provincia de Buenos Aires, Rep\u00fablica Argentina. Contenido propio originado por periodistas de CELTTV, el canal de TV local de la Cooperativa El\u00e9ctrica de Tornquist. Turismo, Pol\u00edtica, Sociedad, Deporte, Cultura y todo el contenido de inter\u00e9s general que la gente del pueblo y la regi\u00f3n debe conocer.","robots":{"index":"index","follow":"follow","max-snippet":"max-snippet:-1","max-image-preview":"max-image-preview:large","max-video-preview":"max-video-preview:-1"},"canonical":"https:\/\/www.celttv.com.ar\/index.php\/2025\/06\/03\/88591\/","og_locale":"es_ES","og_type":"article","og_title":"- CELTTV","og_description":"Sitio web de noticias de la localidad de Tornquist, provincia de Buenos Aires, Rep\u00fablica Argentina. Contenido propio originado por periodistas de CELTTV, el canal de TV local de la Cooperativa El\u00e9ctrica de Tornquist. Turismo, Pol\u00edtica, Sociedad, Deporte, Cultura y todo el contenido de inter\u00e9s general que la gente del pueblo y la regi\u00f3n debe conocer.","og_url":"https:\/\/www.celttv.com.ar\/index.php\/2025\/06\/03\/88591\/","og_site_name":"CELTTV","article_publisher":"https:\/\/www.facebook.com\/celtTV\/","article_published_time":"2025-06-03T13:33:19+00:00","og_image":[{"width":605,"height":361,"url":"https:\/\/www.celttv.com.ar\/wp-content\/uploads\/2025\/06\/cfp.png","type":"image\/png"}],"author":"Miguel Herrada","twitter_card":"summary_large_image","twitter_misc":{"Escrito por":"Miguel Herrada","Tiempo de lectura":"2 minutos"},"schema":{"@context":"https:\/\/schema.org","@graph":[{"@type":"NewsArticle","@id":"https:\/\/www.celttv.com.ar\/index.php\/2025\/06\/03\/88591\/#article","isPartOf":{"@id":"https:\/\/www.celttv.com.ar\/index.php\/2025\/06\/03\/88591\/"},"author":{"name":"Miguel Herrada","@id":"https:\/\/www.celttv.com.ar\/#\/schema\/person\/9059dc91dc7204ef4182cdb65225f07d"},"headline":"Sin t\u00edtulo","datePublished":"2025-06-03T13:33:19+00:00","dateModified":"2025-06-03T13:33:19+00:00","mainEntityOfPage":{"@id":"https:\/\/www.celttv.com.ar\/index.php\/2025\/06\/03\/88591\/"},"wordCount":386,"publisher":{"@id":"https:\/\/www.celttv.com.ar\/#organization"},"articleSection":["Comunidad"],"inLanguage":"es"},{"@type":"WebPage","@id":"https:\/\/www.celttv.com.ar\/index.php\/2025\/06\/03\/88591\/","url":"https:\/\/www.celttv.com.ar\/index.php\/2025\/06\/03\/88591\/","name":"- CELTTV","isPartOf":{"@id":"https:\/\/www.celttv.com.ar\/#website"},"datePublished":"2025-06-03T13:33:19+00:00","dateModified":"2025-06-03T13:33:19+00:00","description":"Sitio web de noticias de la localidad de Tornquist, provincia de Buenos Aires, Rep\u00fablica Argentina. Contenido propio originado por periodistas de CELTTV, el canal de TV local de la Cooperativa El\u00e9ctrica de Tornquist. Turismo, Pol\u00edtica, Sociedad, Deporte, Cultura y todo el contenido de inter\u00e9s general que la gente del pueblo y la regi\u00f3n debe conocer.","breadcrumb":{"@id":"https:\/\/www.celttv.com.ar\/index.php\/2025\/06\/03\/88591\/#breadcrumb"},"inLanguage":"es","potentialAction":[{"@type":"ReadAction","target":["https:\/\/www.celttv.com.ar\/index.php\/2025\/06\/03\/88591\/"]}]},{"@type":"BreadcrumbList","@id":"https:\/\/www.celttv.com.ar\/index.php\/2025\/06\/03\/88591\/#breadcrumb","itemListElement":[{"@type":"ListItem","position":1,"name":"Inicio","item":"https:\/\/www.celttv.com.ar\/"},{"@type":"ListItem","position":2,"name":""}]},{"@type":"WebSite","@id":"https:\/\/www.celttv.com.ar\/#website","url":"https:\/\/www.celttv.com.ar\/","name":"CELTTV","description":"Cooperativa El\u00e9ctrica de Tornquist","publisher":{"@id":"https:\/\/www.celttv.com.ar\/#organization"},"potentialAction":[{"@type":"SearchAction","target":{"@type":"EntryPoint","urlTemplate":"https:\/\/www.celttv.com.ar\/?s={search_term_string}"},"query-input":"required name=search_term_string"}],"inLanguage":"es"},{"@type":"Organization","@id":"https:\/\/www.celttv.com.ar\/#organization","name":"CELTTV","url":"https:\/\/www.celttv.com.ar\/","sameAs":["https:\/\/www.youtube.com\/channel\/UCz_oIt8Hig64Ub-EmcNPIhg","https:\/\/www.facebook.com\/celtTV\/"],"logo":{"@type":"ImageObject","inLanguage":"es","@id":"https:\/\/www.celttv.com.ar\/#\/schema\/logo\/image\/","url":"http:\/\/www.celttv.com.ar\/wp-content\/uploads\/2022\/08\/logo-1.png","contentUrl":"http:\/\/www.celttv.com.ar\/wp-content\/uploads\/2022\/08\/logo-1.png","width":461,"height":159,"caption":"CELTTV"},"image":{"@id":"https:\/\/www.celttv.com.ar\/#\/schema\/logo\/image\/"}},{"@type":"Person","@id":"https:\/\/www.celttv.com.ar\/#\/schema\/person\/9059dc91dc7204ef4182cdb65225f07d","name":"Miguel Herrada","image":{"@type":"ImageObject","inLanguage":"es","@id":"https:\/\/www.celttv.com.ar\/#\/schema\/person\/image\/","url":"https:\/\/secure.gravatar.com\/avatar\/67724d5b3c716623ffd76bec7e45841a442ac3b456e914dbba90b0fad2b8e0b1?s=96&d=mm&r=g","contentUrl":"https:\/\/secure.gravatar.com\/avatar\/67724d5b3c716623ffd76bec7e45841a442ac3b456e914dbba90b0fad2b8e0b1?s=96&d=mm&r=g","caption":"Miguel Herrada"}}]}},"_links":{"self":[{"href":"https:\/\/www.celttv.com.ar\/index.php\/wp-json\/wp\/v2\/posts\/88591","targetHints":{"allow":["GET"]}}],"collection":[{"href":"https:\/\/www.celttv.com.ar\/index.php\/wp-json\/wp\/v2\/posts"}],"about":[{"href":"https:\/\/www.celttv.com.ar\/index.php\/wp-json\/wp\/v2\/types\/post"}],"author":[{"embeddable":true,"href":"https:\/\/www.celttv.com.ar\/index.php\/wp-json\/wp\/v2\/users\/5"}],"replies":[{"embeddable":true,"href":"https:\/\/www.celttv.com.ar\/index.php\/wp-json\/wp\/v2\/comments?post=88591"}],"version-history":[{"count":1,"href":"https:\/\/www.celttv.com.ar\/index.php\/wp-json\/wp\/v2\/posts\/88591\/revisions"}],"predecessor-version":[{"id":88596,"href":"https:\/\/www.celttv.com.ar\/index.php\/wp-json\/wp\/v2\/posts\/88591\/revisions\/88596"}],"wp:featuredmedia":[{"embeddable":true,"href":"https:\/\/www.celttv.com.ar\/index.php\/wp-json\/wp\/v2\/media\/88592"}],"wp:attachment":[{"href":"https:\/\/www.celttv.com.ar\/index.php\/wp-json\/wp\/v2\/media?parent=88591"}],"wp:term":[{"taxonomy":"category","embeddable":true,"href":"https:\/\/www.celttv.com.ar\/index.php\/wp-json\/wp\/v2\/categories?post=88591"},{"taxonomy":"post_tag","embeddable":true,"href":"https:\/\/www.celttv.com.ar\/index.php\/wp-json\/wp\/v2\/tags?post=88591"}],"curies":[{"name":"wp","href":"https:\/\/api.w.org\/{rel}","templated":true}]}}